{"id":11627,"date":"2016-02-26T13:43:31","date_gmt":"2016-02-26T12:43:31","guid":{"rendered":"http:\/\/www.departamentomedicinaclinicaumh.es\/?p=11627"},"modified":"2024-02-23T10:38:51","modified_gmt":"2024-02-23T10:38:51","slug":"bartolome-perez-galvez-importantes-informacion","status":"publish","type":"post","link":"https:\/\/departamentomedicinaclinica.umh.es\/ca\/2016\/02\/26\/bartolome-perez-galvez-importantes-informacion\/","title":{"rendered":"Bartolom\u00e9 P\u00e9rez G\u00e1lvez premiat en els \u201cImportantes\u201d d\u2019Informaci\u00f3 per tractament d\u2019addiccions en SPS"},"content":{"rendered":"<p><\/p>\n<p>Dijous passat 25 de febrer, Bartolom\u00e9 P\u00e9rez G\u00e1lvez, professor del departament de Medicina Cl\u00ednica de la UMH, va ser premiat en la <strong>&#8220;Gala Importantes de Informaci\u00f3n&#8221;<\/strong> pel <a title=\"Amplia informaci\u00f3 sobre l'estudi premiat en una nova finestra\" href=\"http:\/\/www.diarioinformacion.com\/alicante\/2013\/12\/03\/hospital-sant-joan-colabora-ee\/1444812.html\" target=\"_blank\" rel=\"noopener\">tractament de les addiccions <\/a>en el sistema p\u00fablic de salut.<br \/>\nEl psiquiatre alacant\u00ed va rebre en l&#8217;<a title=\"Amplia informaci\u00f3 sobre el ADDA en una nova finestra\" href=\"http:\/\/www.diputacionalicante.es\/va\/adda\/Pagines\/Inicio.aspx\" target=\"_blank\" rel=\"noopener\"><strong>Auditori Provincial d&#8217;Alacant (ADDA)<\/strong><\/a><!--more-->\u00a0el guard\u00f3 com a &#8220;Important&#8221; en la seua XXXI edici\u00f3.<\/p>\n<p><div id=\"attachment_11643\" style=\"width: 610px\" class=\"wp-caption aligncenter\"><img aria-describedby=\"caption-attachment-11643\" loading=\"lazy\" class=\"wp-image-11643\" title=\"Bartolom\u00e9 P\u00e9rez G\u00e1lvez al costat de la resta d'Importants pel Diari Informaci\u00f3n\" src=\"https:\/\/departamentomedicinaclinica.umh.es\/files\/2016\/02\/PremiadosImportantesInformacion.jpg\" alt=\"Bartolom\u00e9 P\u00e9rez Galv\u00e9z premiat en els Importants d'Informaci\u00f3n\" width=\"600\" height=\"200\" srcset=\"https:\/\/departamentomedicinaclinica.umh.es\/files\/2016\/02\/PremiadosImportantesInformacion.jpg 500w, https:\/\/departamentomedicinaclinica.umh.es\/files\/2016\/02\/PremiadosImportantesInformacion-300x100.jpg 300w\" sizes=\"(max-width: 600px) 100vw, 600px\" \/><p id=\"caption-attachment-11643\" class=\"wp-caption-text\">font: Diari Informaci\u00f3n<\/p><\/div><br \/>\n&nbsp;<\/p>\n<h2>En qu\u00e8 consisteix els premis &#8220;Importants&#8221; que va rebre Bartolom\u00e9 P\u00e9rez G\u00e1lvez?<\/h2>\n<p>Com cada any, representants pol\u00edtics, empresaris, de la cultura i de la societat de la prov\u00edncia d&#8217;Alacant es van donar cita en homenatge, des de <a title=\"Accedeix a la web del Diari Informaci\u00f3 en una nova finestra\" href=\"http:\/\/www.diarioinformacion.com\" target=\"_blank\" rel=\"noopener\"><strong>INFORMACI\u00d3N<\/strong><\/a>, a dotze professionals i entitats que han destacat durant el passat 2015 per l&#8217;acompliment de la seua activitat professional i al mateix temps, han contribu\u00eft amb la societat.<br \/>\n<div id=\"attachment_11642\" style=\"width: 510px\" class=\"wp-caption aligncenter\"><img aria-describedby=\"caption-attachment-11642\" loading=\"lazy\" class=\"wp-image-11642 size-full\" title=\"Bartolom\u00e9 P\u00e9rez Galv\u00e9z subi\u00f3 a recoger el galard\u00f3n Importantes Informaci\u00f3n\" src=\"https:\/\/departamentomedicinaclinica.umh.es\/files\/2016\/02\/EscenarioImportantesInformacion.jpg\" alt=\"Bartolom\u00e9 P\u00e9rez G\u00e1lvez en l'escenari Importants Informaci\u00f3n\" width=\"500\" height=\"375\" srcset=\"https:\/\/departamentomedicinaclinica.umh.es\/files\/2016\/02\/EscenarioImportantesInformacion.jpg 500w, https:\/\/departamentomedicinaclinica.umh.es\/files\/2016\/02\/EscenarioImportantesInformacion-300x225.jpg 300w\" sizes=\"(max-width: 500px) 100vw, 500px\" \/><p id=\"caption-attachment-11642\" class=\"wp-caption-text\">font: Diari Informaci\u00f3n<\/p><\/div><br \/>\nEl professor de psiquiatria<strong> Bartolom\u00e9 P\u00e9rez G\u00e1lvez<\/strong> va arreplegar <a title=\"Veur\u00e0s la informaci\u00f3 ampliada en una nova finestra\" href=\"http:\/\/www.diarioinformacion.com\/alicante\/2016\/02\/25\/forma-estatuilla-caracter\/1731926.html\" target=\"_blank\" rel=\"noopener\">l&#8217;escultura en forma de \u00abI\u00bb realitzada en ferro per l&#8217;artista Adriano Carrillo<\/a>\u00a0com &#8220;Important&#8221; pel seu paper en el tractament de les conductes addictives en l&#8217;<strong>Hospital Universitari de Sant Joan d&#8217;Alacant<\/strong>. Va ser la consellera de Sanitat,<em>Carmen Mont\u00f3n<\/em>, qui va fer lliurament de l&#8217;estatueta corresponent al mes de mar\u00e7 al mateix cap de la <strong>Unitat d&#8217;Alcohologia de l&#8217;Hospital de Sant Joan<\/strong>, <a title=\"Amplia informaci\u00f3 sobre Bartolom\u00e9 P\u00e9rez G\u00e1lvez en una nova finestra\" href=\"https:\/\/www.umh.es\/contenido\/Estudiantes\/:persona_144842\/datos_val.html\" target=\"_blank\" rel=\"noopener\"><strong>Bartolom\u00e9 P\u00e9rez G\u00e1lvez<\/strong><\/a>, pel <a title=\"Accedeix a m\u00e9s informaci\u00f3 sobre l'assaig internacional desenvolupat per l'equip de P\u00e9rez G\u00e1lvez en una nova finestra\" href=\"http:\/\/www.diarioinformacion.com\/alicante\/2013\/12\/03\/hospital-sant-joan-colabora-ee\/1444812.html\" target=\"_blank\" rel=\"noopener\">tractament de les addiccions <\/a>en el sistema p\u00fablic de salut.<br \/>\n<div id=\"attachment_11641\" style=\"width: 510px\" class=\"wp-caption aligncenter\"><img aria-describedby=\"caption-attachment-11641\" loading=\"lazy\" class=\"wp-image-11641 size-full\" title=\"Bartolom\u00e9 P\u00e9rez Galv\u00e9z arreplega el premi Importants Informaci\u00f3n\" src=\"https:\/\/departamentomedicinaclinica.umh.es\/files\/2016\/02\/PremiounidadadalcohologiaUMH.jpg\" alt=\"Bartolom\u00e9 P\u00e9rez G\u00e1lvez premi unitat d'alcohologia UMH\" width=\"500\" height=\"375\" srcset=\"https:\/\/departamentomedicinaclinica.umh.es\/files\/2016\/02\/PremiounidadadalcohologiaUMH.jpg 500w, https:\/\/departamentomedicinaclinica.umh.es\/files\/2016\/02\/PremiounidadadalcohologiaUMH-300x225.jpg 300w\" sizes=\"(max-width: 500px) 100vw, 500px\" \/><p id=\"caption-attachment-11641\" class=\"wp-caption-text\">font: Diari Informaci\u00f3n<\/p><\/div><br \/>\nM\u00e9s informaci\u00f3 sobre la &#8220;Gala Importants&#8221; de Informaci\u00f3n en aquest enlla\u00e7:<br \/>\n<a title=\"Accedeix a tot el que va succeir en la Gala Importants d'Informaci\u00f3 en una nova finestra\" href=\"http:\/\/www.diarioinformacion.com\/alicante\/2016\/02\/26\/masivo-respaldo-gala-importantes-informacion\/1732366.html\" target=\"_blank\" rel=\"noopener\">www.diarioinformacion.com\/importantesnformacion2015<\/a><br \/>\n&nbsp;<\/p>\n<h2>Quin \u00e9s l&#8217;objectiu del tractament de les addiccions en el sistema p\u00fablic de Salut per Bartolom\u00e9 P\u00e9rez G\u00e1lvez?<\/h2>\n<p>L&#8217;<strong>Hospital de Sant Joan d&#8217;Alacant<\/strong> est\u00e0 considerat com un dels 22 centres triats a nivell internacional per a formar part d&#8217;un assaig cl\u00ednic on s&#8217;est\u00e0 provant el primer f\u00e0rmac<strong>contra l&#8217;addicci\u00f3 a coca\u00efna<\/strong>.<br \/>\nAquest estudi est\u00e0 dirigit pel <strong><a title=\"Accedeix a la web del NIH en una nova finestra\" href=\"https:\/\/www.drugabuse.gov\/es\/en-espanol\" target=\"_blank\" rel=\"noopener\">National Institute on Drug Abuse (NIDA)<\/a> dels EUA<\/strong>, aix\u00ed com per un laboratori israeli\u00e0. En ell estudiaran a 210 pacients a trav\u00e9s de 22 equips m\u00e8dics, 15 en USA i 7 a Espanya. L&#8217;Hospital de Sant Joan d&#8217;Alacant, en particular la<strong>\u00a0<a title=\"Coneix un poc m\u00e9s d'aquesta Unitat de l'Hospital de Sant Joan en una nova finestra\" href=\"http:\/\/www.dep17.san.gva.es\/index.php?option=com_content&amp;view=article&amp;id=128&amp;Itemid=129\" target=\"_blank\" rel=\"noopener\">Unitat d&#8217;Alcohologia<\/a><\/strong>,\u00e9s l&#8217;\u00fanic centre de la Comunitat Valenciana que s&#8217;integra en l&#8217;assaig cl\u00ednic. Altres quatre hospitals de Barcelona i dos de Madrid completen l&#8217;aportaci\u00f3 espanyola en el mateix.<br \/>\nEl principal objectiu d&#8217;aquest nou f\u00e0rmac no \u00e9s un altre que el d&#8217;obtenir a trav\u00e9s de la manipulaci\u00f3 gen\u00e8tica una damunt, denominada <strong>butirilcolinesterasa (BChE)<\/strong>, \u00abm\u00e9s activa, <strong>para conseguir que la coca\u00edna se metabolice m\u00e1s r\u00e1pidamente <\/strong>i es degrade en una subst\u00e0ncia sense activitat psicotr\u00f2pica\u00bb, explicava el <strong>Dr.\u00a0Bartolom\u00e9 P\u00e9rez G\u00e1lvez<\/strong>, responsable de la <strong>Unidad de Alcoholog\u00eda del Hospital Universitario de Sant Joan<\/strong>. La BChE \u00e9s una dels enzims m\u00e9s importants del metabolisme de la coca\u00efna. La nova damunt que s&#8217;aconsegueix a trav\u00e9s d&#8217;aquest medicament \u00abt\u00e9 major pot\u00e8ncia per a *metabolizar aquesta subst\u00e0ncia i major durada en la sang\u00bb. El f\u00e0rmac que s&#8217;est\u00e0 provant en pacients s&#8217;administra de forma setmanal a trav\u00e9s d&#8217;injecci\u00f3 intramuscular.<br \/>\n<div id=\"attachment_11640\" style=\"width: 510px\" class=\"wp-caption aligncenter\"><img aria-describedby=\"caption-attachment-11640\" loading=\"lazy\" class=\"wp-image-11640 size-full\" title=\"Bartolom\u00e9 P\u00e9rez Galv\u00e9z al costat de l'equip del Hospital de Sant Joan d'Alacant\" src=\"https:\/\/departamentomedicinaclinica.umh.es\/files\/2016\/02\/ConductasAdictivasHospitalSantJoaBartolomePerezGalvez.jpg\" alt=\"Bartolom\u00e9 P\u00e9rez G\u00e1lvez i Conductes Adictives Hospital Sant Joan\" width=\"500\" height=\"255\" srcset=\"https:\/\/departamentomedicinaclinica.umh.es\/files\/2016\/02\/ConductasAdictivasHospitalSantJoaBartolomePerezGalvez.jpg 500w, https:\/\/departamentomedicinaclinica.umh.es\/files\/2016\/02\/ConductasAdictivasHospitalSantJoaBartolomePerezGalvez-300x153.jpg 300w\" sizes=\"(max-width: 500px) 100vw, 500px\" \/><p id=\"caption-attachment-11640\" class=\"wp-caption-text\">font: Diari Informaci\u00f3n<\/p><\/div><br \/>\nLa principal novetat de l&#8217;assaig cl\u00ednic, afirma <strong>P\u00e9rez G\u00e1lvez<\/strong>, el responsable de la Unitat d&#8217;Alcohologia i professor del Departament de Medicina Cl\u00ednica de la UMH, \u00abes que <strong>fins aquest moment no hi havia cap f\u00e0rmac per a tractar l&#8217;addicci\u00f3 a la coca\u00efna<\/strong>\u00bb, per aquest motiu les perspectives siguen esperan\u00e7adores. Actualment l&#8217;estudi es troba en la seua fase II, \u00aben la qual es tracta de cercar la dosi m\u00e9s efica\u00e7 del f\u00e0rmac\u00bb. El reclutament dels malalts en tots els centres de la geografia nacional que participen en l&#8217;assaig, que s&#8217;estendr\u00e0 durant els pr\u00f2xims tres mesos, ja s&#8217;ha iniciat.<br \/>\nL&#8217;estudi cl\u00ednic consta dues parts, a m\u00e9s d&#8217;administrar el medicament, el pacient ha de sotmetre&#8217;s a psicoter\u00e0pia per a poder tractar la seua addicci\u00f3. \u00abEls qui participen en l&#8217;assaig han de venir a consulta tres vegades a la setmana, perqu\u00e8 els administrem la medicaci\u00f3, els fem els controls de seguiment oportuns i participen en psicoter\u00e0pia\u00bb, assegura el Dr. P\u00e9rez G\u00e1lvez.<br \/>\nEl criteri que s&#8217;est\u00e0 seguint per a reclutar als pacients \u00e9s que tinguen entre <strong>18 i 60 anys<\/strong>, amb depend\u00e8ncia a la coca\u00efna, amb o sense depend\u00e8ncia a l&#8217;alcohol, \u00abi amb motivaci\u00f3 suficient per a concloure l&#8217;estudi, ja que hi ha molt poques places disponibles\u00bb, conclou Bartolom\u00e9 P\u00e9rez G\u00e1lvez.<br \/>\nM\u00e9s informaci\u00f3 sobre el tractament de les addiccions en el sistema p\u00fablic de Salut per <strong>Bartolom\u00e9 P\u00e9rez G\u00e1lvez<\/strong> en aquest enlla\u00e7:<br \/>\n<a title=\"Amplia informaci\u00f3 sobre l'estudi d'addiccions del dr. Bartolom\u00e9 P\u00e9rez G\u00e1lvez en una nova finestra\" href=\"http:\/\/www.diarioinformacion.com\/alicante\/2013\/12\/03\/hospital-sant-joan-colabora-ee\/1444812.html\" target=\"_blank\" rel=\"noopener\">www.diarioinformacion.com\/tratamiento-adicciones-sps-batolomeperezgalvez<\/a><br \/>\n&nbsp;<br \/>\n&nbsp;<\/p>","protected":false},"excerpt":{"rendered":"<p>Ho sentim, aquesta entrada es troba disponible \u00fanicament en Espanyol Europeu.<\/p>\n","protected":false},"author":3158,"featured_media":11639,"comment_status":"closed","ping_status":"open","sticky":false,"template":"","format":"standard","meta":{"_links_to":"","_links_to_target":""},"categories":[964],"tags":[287682,1105852,1185933,1323317,6142,6238,6241],"yoast_head":"<!-- This site is optimized with the Yoast SEO plugin v17.5 - https:\/\/yoast.com\/wordpress\/plugins\/seo\/ -->\n<meta name=\"description\" content=\"Bartolom\u00e9 P\u00e9rez G\u00e1lvez, psiquiatra UMH, recibi\u00f3 el premio Importantes de Informaci\u00f3n por el\u00a0tratamiento de las adicciones\u00a0en el sistema p\u00fablico de salud.\u00a0\" \/>\n<meta name=\"robots\" content=\"index, follow, max-snippet:-1, max-image-preview:large, max-video-preview:-1\" \/>\n<link rel=\"canonical\" href=\"https:\/\/departamentomedicinaclinica.umh.es\/ca\/2016\/02\/26\/bartolome-perez-galvez-importantes-informacion\/\" \/>\n<meta property=\"og:locale\" content=\"ca_ES\" \/>\n<meta property=\"og:type\" content=\"article\" \/>\n<meta property=\"og:title\" content=\"Bartolom\u00e9 P\u00e9rez G\u00e1lvez premiat en els \u201cImportantes\u201d d\u2019Informaci\u00f3 per tractament d\u2019addiccions en SPS - Departamento de Medicina Cl\u00ednica UMH\" \/>\n<meta property=\"og:description\" content=\"Bartolom\u00e9 P\u00e9rez G\u00e1lvez, psiquiatra UMH, recibi\u00f3 el premio Importantes de Informaci\u00f3n por el\u00a0tratamiento de las adicciones\u00a0en el sistema p\u00fablico de salud.\u00a0\" \/>\n<meta property=\"og:url\" content=\"https:\/\/departamentomedicinaclinica.umh.es\/2016\/02\/26\/bartolome-perez-galvez-importantes-informacion\/\" \/>\n<meta property=\"og:site_name\" content=\"Departamento de Medicina Cl\u00ednica UMH\" \/>\n<meta property=\"article:published_time\" content=\"2016-02-26T12:43:31+00:00\" \/>\n<meta property=\"article:modified_time\" content=\"2024-02-23T10:38:51+00:00\" \/>\n<meta property=\"og:image\" content=\"https:\/\/departamentomedicinaclinica.umh.es\/files\/2016\/02\/BartolomePerezGalvezImportantesDiarioInformacion.jpg\" \/>\n\t<meta property=\"og:image:width\" content=\"555\" \/>\n\t<meta property=\"og:image:height\" content=\"347\" \/>\n<meta name=\"twitter:card\" content=\"summary_large_image\" \/>\n<meta name=\"twitter:creator\" content=\"@medicinaumh\" \/>\n<meta name=\"twitter:site\" content=\"@medicinaumh\" \/>\n<meta name=\"twitter:label1\" content=\"Written by\" \/>\n\t<meta name=\"twitter:data1\" content=\"garcia.natalia\" \/>\n\t<meta name=\"twitter:label2\" content=\"Est. reading time\" \/>\n\t<meta name=\"twitter:data2\" content=\"12 minuts\" \/>\n<script type=\"application\/ld+json\" class=\"yoast-schema-graph\">{\"@context\":\"https:\/\/schema.org\",\"@graph\":[{\"@type\":\"Organization\",\"@id\":\"https:\/\/departamentomedicinaclinica.umh.es\/#organization\",\"name\":\"Departamento Medicina Cl\\u00ednica Universidad Miguel Hern\\u00e1ndez de Elche\",\"url\":\"https:\/\/departamentomedicinaclinica.umh.es\/\",\"sameAs\":[\"https:\/\/www.youtube.com\/playlist?list=PLClKgnzRFYe6Y_i4QLNSlOwsZn0X3Klmb\",\"https:\/\/twitter.com\/medicinaumh\"],\"logo\":{\"@type\":\"ImageObject\",\"@id\":\"https:\/\/departamentomedicinaclinica.umh.es\/#logo\",\"inLanguage\":\"ca\",\"url\":\"https:\/\/departamentomedicinaclinica.umh.es\/files\/2024\/07\/meclin-vertical.png\",\"contentUrl\":\"https:\/\/departamentomedicinaclinica.umh.es\/files\/2024\/07\/meclin-vertical.png\",\"width\":1376,\"height\":1600,\"caption\":\"Departamento Medicina Cl\\u00ednica Universidad Miguel Hern\\u00e1ndez de Elche\"},\"image\":{\"@id\":\"https:\/\/departamentomedicinaclinica.umh.es\/#logo\"}},{\"@type\":\"WebSite\",\"@id\":\"https:\/\/departamentomedicinaclinica.umh.es\/#website\",\"url\":\"https:\/\/departamentomedicinaclinica.umh.es\/\",\"name\":\"Departamento de Medicina Cl\\u00ednica UMH\",\"description\":\"Otro sitio m\\u00e1s de Zeus.umh.es Blogs\",\"publisher\":{\"@id\":\"https:\/\/departamentomedicinaclinica.umh.es\/#organization\"},\"potentialAction\":[{\"@type\":\"SearchAction\",\"target\":{\"@type\":\"EntryPoint\",\"urlTemplate\":\"https:\/\/departamentomedicinaclinica.umh.es\/?s={search_term_string}\"},\"query-input\":\"required name=search_term_string\"}],\"inLanguage\":\"ca\"},{\"@type\":\"ImageObject\",\"@id\":\"https:\/\/departamentomedicinaclinica.umh.es\/2016\/02\/26\/bartolome-perez-galvez-importantes-informacion\/#primaryimage\",\"inLanguage\":\"ca\",\"url\":\"https:\/\/departamentomedicinaclinica.umh.es\/files\/2016\/02\/BartolomePerezGalvezImportantesDiarioInformacion.jpg\",\"contentUrl\":\"https:\/\/departamentomedicinaclinica.umh.es\/files\/2016\/02\/BartolomePerezGalvezImportantesDiarioInformacion.jpg\",\"width\":555,\"height\":347},{\"@type\":\"WebPage\",\"@id\":\"https:\/\/departamentomedicinaclinica.umh.es\/2016\/02\/26\/bartolome-perez-galvez-importantes-informacion\/#webpage\",\"url\":\"https:\/\/departamentomedicinaclinica.umh.es\/2016\/02\/26\/bartolome-perez-galvez-importantes-informacion\/\",\"name\":\"Bartolom\\u00e9 P\\u00e9rez G\\u00e1lvez premiat en els \\u201cImportantes\\u201d d\\u2019Informaci\\u00f3 per tractament d\\u2019addiccions en SPS - Departamento de Medicina Cl\\u00ednica UMH\",\"isPartOf\":{\"@id\":\"https:\/\/departamentomedicinaclinica.umh.es\/#website\"},\"primaryImageOfPage\":{\"@id\":\"https:\/\/departamentomedicinaclinica.umh.es\/2016\/02\/26\/bartolome-perez-galvez-importantes-informacion\/#primaryimage\"},\"datePublished\":\"2016-02-26T12:43:31+00:00\",\"dateModified\":\"2024-02-23T10:38:51+00:00\",\"description\":\"Bartolom\\u00e9 P\\u00e9rez G\\u00e1lvez, psiquiatra UMH, recibi\\u00f3 el premio Importantes de Informaci\\u00f3n por el\\u00a0tratamiento de las adicciones\\u00a0en el sistema p\\u00fablico de salud.\\u00a0\",\"breadcrumb\":{\"@id\":\"https:\/\/departamentomedicinaclinica.umh.es\/2016\/02\/26\/bartolome-perez-galvez-importantes-informacion\/#breadcrumb\"},\"inLanguage\":\"ca\",\"potentialAction\":[{\"@type\":\"ReadAction\",\"target\":[\"https:\/\/departamentomedicinaclinica.umh.es\/2016\/02\/26\/bartolome-perez-galvez-importantes-informacion\/\"]}]},{\"@type\":\"BreadcrumbList\",\"@id\":\"https:\/\/departamentomedicinaclinica.umh.es\/2016\/02\/26\/bartolome-perez-galvez-importantes-informacion\/#breadcrumb\",\"itemListElement\":[{\"@type\":\"ListItem\",\"position\":1,\"name\":\"Portada\",\"item\":\"https:\/\/departamentomedicinaclinica.umh.es\/\"},{\"@type\":\"ListItem\",\"position\":2,\"name\":\"Bartolom\\u00e9 P\\u00e9rez G\\u00e1lvez premiado en los &quot;Importantes&quot; de Informaci\\u00f3n por tratamiento de adicciones en SPS\"}]},{\"@type\":\"Article\",\"@id\":\"https:\/\/departamentomedicinaclinica.umh.es\/2016\/02\/26\/bartolome-perez-galvez-importantes-informacion\/#article\",\"isPartOf\":{\"@id\":\"https:\/\/departamentomedicinaclinica.umh.es\/2016\/02\/26\/bartolome-perez-galvez-importantes-informacion\/#webpage\"},\"author\":{\"@id\":\"https:\/\/departamentomedicinaclinica.umh.es\/#\/schema\/person\/4cce65f000b37391eb0fdba785a882b9\"},\"headline\":\"Bartolom\\u00e9 P\\u00e9rez G\\u00e1lvez premiat en els \\u201cImportantes\\u201d d\\u2019Informaci\\u00f3 per tractament d\\u2019addiccions en SPS\",\"datePublished\":\"2016-02-26T12:43:31+00:00\",\"dateModified\":\"2024-02-23T10:38:51+00:00\",\"mainEntityOfPage\":{\"@id\":\"https:\/\/departamentomedicinaclinica.umh.es\/2016\/02\/26\/bartolome-perez-galvez-importantes-informacion\/#webpage\"},\"wordCount\":2468,\"publisher\":{\"@id\":\"https:\/\/departamentomedicinaclinica.umh.es\/#organization\"},\"image\":{\"@id\":\"https:\/\/departamentomedicinaclinica.umh.es\/2016\/02\/26\/bartolome-perez-galvez-importantes-informacion\/#primaryimage\"},\"thumbnailUrl\":\"https:\/\/departamentomedicinaclinica.umh.es\/files\/2016\/02\/BartolomePerezGalvezImportantesDiarioInformacion.jpg\",\"keywords\":[\"Bartolom\\u00e9 P\\u00e9rez G\\u00e1lvez\",\"Diario Informaci\\u00f3n adicciones sistema p\\u00fablico salud\",\"Hospital de Sant Joan d'Alacant\",\"Premios Importantes Informaci\\u00f3n\",\"UMH premio Bartolom\\u00e9 P\\u00e9rez G\\u00e1lvez\",\"Unidad Alcoholog\\u00eda P\\u00e9rez G\\u00e1lvez\",\"Unidad de Conductas Adictivas UMH\"],\"articleSection\":[\"Actualidad\"],\"inLanguage\":\"ca\"},{\"@type\":\"Person\",\"@id\":\"https:\/\/departamentomedicinaclinica.umh.es\/#\/schema\/person\/4cce65f000b37391eb0fdba785a882b9\",\"name\":\"garcia.natalia\",\"image\":{\"@type\":\"ImageObject\",\"@id\":\"https:\/\/departamentomedicinaclinica.umh.es\/#personlogo\",\"inLanguage\":\"ca\",\"url\":\"https:\/\/secure.gravatar.com\/avatar\/2f6b18e6f874050af9faeeac24349c8c?s=96&d=mm&r=g\",\"contentUrl\":\"https:\/\/secure.gravatar.com\/avatar\/2f6b18e6f874050af9faeeac24349c8c?s=96&d=mm&r=g\",\"caption\":\"garcia.natalia\"},\"url\":\"https:\/\/departamentomedicinaclinica.umh.es\/ca\/author\/garcia-natalia\/\"}]}<\/script>\n<!-- \/ Yoast SEO plugin. -->","yoast_head_json":{"description":"Bartolom\u00e9 P\u00e9rez G\u00e1lvez, psiquiatra UMH, recibi\u00f3 el premio Importantes de Informaci\u00f3n por el\u00a0tratamiento de las adicciones\u00a0en el sistema p\u00fablico de salud.\u00a0","robots":{"index":"index","follow":"follow","max-snippet":"max-snippet:-1","max-image-preview":"max-image-preview:large","max-video-preview":"max-video-preview:-1"},"canonical":"https:\/\/departamentomedicinaclinica.umh.es\/ca\/2016\/02\/26\/bartolome-perez-galvez-importantes-informacion\/","og_locale":"ca_ES","og_type":"article","og_title":"Bartolom\u00e9 P\u00e9rez G\u00e1lvez premiat en els \u201cImportantes\u201d d\u2019Informaci\u00f3 per tractament d\u2019addiccions en SPS - Departamento de Medicina Cl\u00ednica UMH","og_description":"Bartolom\u00e9 P\u00e9rez G\u00e1lvez, psiquiatra UMH, recibi\u00f3 el premio Importantes de Informaci\u00f3n por el\u00a0tratamiento de las adicciones\u00a0en el sistema p\u00fablico de salud.\u00a0","og_url":"https:\/\/departamentomedicinaclinica.umh.es\/2016\/02\/26\/bartolome-perez-galvez-importantes-informacion\/","og_site_name":"Departamento de Medicina Cl\u00ednica UMH","article_published_time":"2016-02-26T12:43:31+00:00","article_modified_time":"2024-02-23T10:38:51+00:00","og_image":[{"width":555,"height":347,"url":"https:\/\/departamentomedicinaclinica.umh.es\/files\/2016\/02\/BartolomePerezGalvezImportantesDiarioInformacion.jpg","type":"image\/jpeg"}],"twitter_card":"summary_large_image","twitter_creator":"@medicinaumh","twitter_site":"@medicinaumh","twitter_misc":{"Written by":"garcia.natalia","Est. reading time":"12 minuts"},"schema":{"@context":"https:\/\/schema.org","@graph":[{"@type":"Organization","@id":"https:\/\/departamentomedicinaclinica.umh.es\/#organization","name":"Departamento Medicina Cl\u00ednica Universidad Miguel Hern\u00e1ndez de Elche","url":"https:\/\/departamentomedicinaclinica.umh.es\/","sameAs":["https:\/\/www.youtube.com\/playlist?list=PLClKgnzRFYe6Y_i4QLNSlOwsZn0X3Klmb","https:\/\/twitter.com\/medicinaumh"],"logo":{"@type":"ImageObject","@id":"https:\/\/departamentomedicinaclinica.umh.es\/#logo","inLanguage":"ca","url":"https:\/\/departamentomedicinaclinica.umh.es\/files\/2024\/07\/meclin-vertical.png","contentUrl":"https:\/\/departamentomedicinaclinica.umh.es\/files\/2024\/07\/meclin-vertical.png","width":1376,"height":1600,"caption":"Departamento Medicina Cl\u00ednica Universidad Miguel Hern\u00e1ndez de Elche"},"image":{"@id":"https:\/\/departamentomedicinaclinica.umh.es\/#logo"}},{"@type":"WebSite","@id":"https:\/\/departamentomedicinaclinica.umh.es\/#website","url":"https:\/\/departamentomedicinaclinica.umh.es\/","name":"Departamento de Medicina Cl\u00ednica UMH","description":"Otro sitio m\u00e1s de Zeus.umh.es Blogs","publisher":{"@id":"https:\/\/departamentomedicinaclinica.umh.es\/#organization"},"potentialAction":[{"@type":"SearchAction","target":{"@type":"EntryPoint","urlTemplate":"https:\/\/departamentomedicinaclinica.umh.es\/?s={search_term_string}"},"query-input":"required name=search_term_string"}],"inLanguage":"ca"},{"@type":"ImageObject","@id":"https:\/\/departamentomedicinaclinica.umh.es\/2016\/02\/26\/bartolome-perez-galvez-importantes-informacion\/#primaryimage","inLanguage":"ca","url":"https:\/\/departamentomedicinaclinica.umh.es\/files\/2016\/02\/BartolomePerezGalvezImportantesDiarioInformacion.jpg","contentUrl":"https:\/\/departamentomedicinaclinica.umh.es\/files\/2016\/02\/BartolomePerezGalvezImportantesDiarioInformacion.jpg","width":555,"height":347},{"@type":"WebPage","@id":"https:\/\/departamentomedicinaclinica.umh.es\/2016\/02\/26\/bartolome-perez-galvez-importantes-informacion\/#webpage","url":"https:\/\/departamentomedicinaclinica.umh.es\/2016\/02\/26\/bartolome-perez-galvez-importantes-informacion\/","name":"Bartolom\u00e9 P\u00e9rez G\u00e1lvez premiat en els \u201cImportantes\u201d d\u2019Informaci\u00f3 per tractament d\u2019addiccions en SPS - Departamento de Medicina Cl\u00ednica UMH","isPartOf":{"@id":"https:\/\/departamentomedicinaclinica.umh.es\/#website"},"primaryImageOfPage":{"@id":"https:\/\/departamentomedicinaclinica.umh.es\/2016\/02\/26\/bartolome-perez-galvez-importantes-informacion\/#primaryimage"},"datePublished":"2016-02-26T12:43:31+00:00","dateModified":"2024-02-23T10:38:51+00:00","description":"Bartolom\u00e9 P\u00e9rez G\u00e1lvez, psiquiatra UMH, recibi\u00f3 el premio Importantes de Informaci\u00f3n por el\u00a0tratamiento de las adicciones\u00a0en el sistema p\u00fablico de salud.\u00a0","breadcrumb":{"@id":"https:\/\/departamentomedicinaclinica.umh.es\/2016\/02\/26\/bartolome-perez-galvez-importantes-informacion\/#breadcrumb"},"inLanguage":"ca","potentialAction":[{"@type":"ReadAction","target":["https:\/\/departamentomedicinaclinica.umh.es\/2016\/02\/26\/bartolome-perez-galvez-importantes-informacion\/"]}]},{"@type":"BreadcrumbList","@id":"https:\/\/departamentomedicinaclinica.umh.es\/2016\/02\/26\/bartolome-perez-galvez-importantes-informacion\/#breadcrumb","itemListElement":[{"@type":"ListItem","position":1,"name":"Portada","item":"https:\/\/departamentomedicinaclinica.umh.es\/"},{"@type":"ListItem","position":2,"name":"Bartolom\u00e9 P\u00e9rez G\u00e1lvez premiado en los &quot;Importantes&quot; de Informaci\u00f3n por tratamiento de adicciones en SPS"}]},{"@type":"Article","@id":"https:\/\/departamentomedicinaclinica.umh.es\/2016\/02\/26\/bartolome-perez-galvez-importantes-informacion\/#article","isPartOf":{"@id":"https:\/\/departamentomedicinaclinica.umh.es\/2016\/02\/26\/bartolome-perez-galvez-importantes-informacion\/#webpage"},"author":{"@id":"https:\/\/departamentomedicinaclinica.umh.es\/#\/schema\/person\/4cce65f000b37391eb0fdba785a882b9"},"headline":"Bartolom\u00e9 P\u00e9rez G\u00e1lvez premiat en els \u201cImportantes\u201d d\u2019Informaci\u00f3 per tractament d\u2019addiccions en SPS","datePublished":"2016-02-26T12:43:31+00:00","dateModified":"2024-02-23T10:38:51+00:00","mainEntityOfPage":{"@id":"https:\/\/departamentomedicinaclinica.umh.es\/2016\/02\/26\/bartolome-perez-galvez-importantes-informacion\/#webpage"},"wordCount":2468,"publisher":{"@id":"https:\/\/departamentomedicinaclinica.umh.es\/#organization"},"image":{"@id":"https:\/\/departamentomedicinaclinica.umh.es\/2016\/02\/26\/bartolome-perez-galvez-importantes-informacion\/#primaryimage"},"thumbnailUrl":"https:\/\/departamentomedicinaclinica.umh.es\/files\/2016\/02\/BartolomePerezGalvezImportantesDiarioInformacion.jpg","keywords":["Bartolom\u00e9 P\u00e9rez G\u00e1lvez","Diario Informaci\u00f3n adicciones sistema p\u00fablico salud","Hospital de Sant Joan d'Alacant","Premios Importantes Informaci\u00f3n","UMH premio Bartolom\u00e9 P\u00e9rez G\u00e1lvez","Unidad Alcoholog\u00eda P\u00e9rez G\u00e1lvez","Unidad de Conductas Adictivas UMH"],"articleSection":["Actualidad"],"inLanguage":"ca"},{"@type":"Person","@id":"https:\/\/departamentomedicinaclinica.umh.es\/#\/schema\/person\/4cce65f000b37391eb0fdba785a882b9","name":"garcia.natalia","image":{"@type":"ImageObject","@id":"https:\/\/departamentomedicinaclinica.umh.es\/#personlogo","inLanguage":"ca","url":"https:\/\/secure.gravatar.com\/avatar\/2f6b18e6f874050af9faeeac24349c8c?s=96&d=mm&r=g","contentUrl":"https:\/\/secure.gravatar.com\/avatar\/2f6b18e6f874050af9faeeac24349c8c?s=96&d=mm&r=g","caption":"garcia.natalia"},"url":"https:\/\/departamentomedicinaclinica.umh.es\/ca\/author\/garcia-natalia\/"}]}},"_links":{"self":[{"href":"https:\/\/departamentomedicinaclinica.umh.es\/ca\/wp-json\/wp\/v2\/posts\/11627"}],"collection":[{"href":"https:\/\/departamentomedicinaclinica.umh.es\/ca\/wp-json\/wp\/v2\/posts"}],"about":[{"href":"https:\/\/departamentomedicinaclinica.umh.es\/ca\/wp-json\/wp\/v2\/types\/post"}],"author":[{"embeddable":true,"href":"https:\/\/departamentomedicinaclinica.umh.es\/ca\/wp-json\/wp\/v2\/users\/3158"}],"replies":[{"embeddable":true,"href":"https:\/\/departamentomedicinaclinica.umh.es\/ca\/wp-json\/wp\/v2\/comments?post=11627"}],"version-history":[{"count":0,"href":"https:\/\/departamentomedicinaclinica.umh.es\/ca\/wp-json\/wp\/v2\/posts\/11627\/revisions"}],"wp:featuredmedia":[{"embeddable":true,"href":"https:\/\/departamentomedicinaclinica.umh.es\/ca\/wp-json\/wp\/v2\/media\/11639"}],"wp:attachment":[{"href":"https:\/\/departamentomedicinaclinica.umh.es\/ca\/wp-json\/wp\/v2\/media?parent=11627"}],"wp:term":[{"taxonomy":"category","embeddable":true,"href":"https:\/\/departamentomedicinaclinica.umh.es\/ca\/wp-json\/wp\/v2\/categories?post=11627"},{"taxonomy":"post_tag","embeddable":true,"href":"https:\/\/departamentomedicinaclinica.umh.es\/ca\/wp-json\/wp\/v2\/tags?post=11627"}],"curies":[{"name":"wp","href":"https:\/\/api.w.org\/{rel}","templated":true}]}}