{"id":12645,"date":"2016-05-16T10:13:11","date_gmt":"2016-05-16T08:13:11","guid":{"rendered":"http:\/\/www.departamentomedicinaclinicaumh.es\/?p=12645"},"modified":"2024-02-23T10:38:50","modified_gmt":"2024-02-23T10:38:50","slug":"una-tesis-profundiza-en-aspectos-psicologicos-en-pacientes-con-infarto-de-miocardio","status":"publish","type":"post","link":"https:\/\/departamentomedicinaclinica.umh.es\/ca\/2016\/05\/16\/una-tesis-profundiza-en-aspectos-psicologicos-en-pacientes-con-infarto-de-miocardio\/","title":{"rendered":"Una tesi aprofundeix en aspectes psicol\u00f2gics en pacients amb infart de miocardi"},"content":{"rendered":"<p><\/p>\n<p>Una de les principals conclusions que es van extraure de la <strong>tesis presentada en la UMH<\/strong> consistia que un infart greu (angioplastia prim\u00e0ria), amb un tractament preco\u00e7, podia millorar psicol\u00f2gicament. Aix\u00ed mateix, aquelles persones que pateixen infarts menys greus (angioplastia electiva), amb un tractament menys immediat<!--more-->, arribarien a empitjorar el seu estat d&#8217;\u00e0nim.<\/p>\n<p><img loading=\"lazy\" class=\"aligncenter wp-image-12675\" title=\"Supervisi\u00f3 patologies cardiovasculars amb Desfibril\u00b7lador autom\u00e0tic\" src=\"https:\/\/departamentomedicinaclinica.umh.es\/files\/2016\/05\/Desfibrilador-automatico-Corazon.jpg\" alt=\"Desfibril\u00b7lador autom\u00e0tic cor infart de miocardi\" width=\"595\" height=\"435\" srcset=\"https:\/\/departamentomedicinaclinica.umh.es\/files\/2016\/05\/Desfibrilador-automatico-Corazon.jpg 640w, https:\/\/departamentomedicinaclinica.umh.es\/files\/2016\/05\/Desfibrilador-automatico-Corazon-300x219.jpg 300w\" sizes=\"(max-width: 595px) 100vw, 595px\" \/><br \/>\n&nbsp;<\/p>\n<h2>Quins s\u00f3n les conclusions de la tesi que aprofundeix en aspectes psicol\u00f2gics en pacients amb infart de miocardi?<\/h2>\n<p>El doctorand i professor de el Departament de <strong>Medicina Cl\u00ednica de la Universitat Miguel Hern\u00e1ndez (UMH) d&#8217;Elx<\/strong>, <strong><a title=\"Ho veur\u00e0s en una nova finestra\" href=\"https:\/\/www.umh.es\/contenido\/Universidad\/:persona_133303\/datos_val.html\" target=\"_blank\" rel=\"noopener\">Vicente Arrarte Esteban<\/a><\/strong>, va ser dirigit per la professora del Departament de Psicologia de la Salut de la UMH, <a href=\"https:\/\/universite.umh.es\/profesores\/fichaprofesor.asp?NP=132504\" target=\"_blank\" rel=\"noopener\">Eva Mar\u00eda Le\u00f3n Zarce\u00f1o<\/a> i pel professor del Departament de Medicina Cl\u00ednica de la UMH i cap de Servei de Cardiologia de l&#8217;Hospital General Universitari d&#8217;Alacant (HGUA), <a href=\"http:\/\/research.umh.es\/vivo\/display\/per_5569\" target=\"_blank\" rel=\"noopener\">Francisco Sogorb Garri<\/a>.<br \/>\n&#8220;An\u00e0lisi de variables psicol\u00f2giques en pacients amb cardiopatia isqu\u00e8mica aguda (s\u00edndrome coron\u00e0ria aguda) segons el procediment emprat\u201d era el t\u00edtol de la tesi presentada per <strong>Vicente Arrarte Esteban<\/strong>. El seu autor, professor de la <strong><a title=\"Ho veur\u00e0s en una nova finestra\">UMH<\/a><\/strong>, es va centrar a investigar aspectes psicol\u00f2gics derivats de patir un infart de miocardi i algunes difer\u00e8ncies segons el tractament i temps emprat per a la seua atenci\u00f3.<br \/>\n<img loading=\"lazy\" class=\"aligncenter wp-image-12664\" title=\"Vicente Arrarte profesor Medicina Cl\u00ednica UMH presentant la seua tesi sobre pacients infart miocardi\" src=\"https:\/\/departamentomedicinaclinica.umh.es\/files\/2016\/05\/Vicente-Arrarte-tesis-pacientes-infarto-miocardio-1024x768.jpg\" alt=\"Vicente Arrarte Medicina UMH tesis pacients infart de miocardi\" width=\"595\" height=\"446\" srcset=\"https:\/\/departamentomedicinaclinica.umh.es\/files\/2016\/05\/Vicente-Arrarte-tesis-pacientes-infarto-miocardio-1024x768.jpg 1024w, https:\/\/departamentomedicinaclinica.umh.es\/files\/2016\/05\/Vicente-Arrarte-tesis-pacientes-infarto-miocardio-300x225.jpg 300w, https:\/\/departamentomedicinaclinica.umh.es\/files\/2016\/05\/Vicente-Arrarte-tesis-pacientes-infarto-miocardio-768x576.jpg 768w, https:\/\/departamentomedicinaclinica.umh.es\/files\/2016\/05\/Vicente-Arrarte-tesis-pacientes-infarto-miocardio-1536x1152.jpg 1536w, https:\/\/departamentomedicinaclinica.umh.es\/files\/2016\/05\/Vicente-Arrarte-tesis-pacientes-infarto-miocardio.jpg 1600w\" sizes=\"(max-width: 595px) 100vw, 595px\" \/><br \/>\n&nbsp;<\/p>\n<h2>Quins s\u00f3n els antecedents de la tesi que aprofundeix en aspectes psicol\u00f2gics en pacients amb infart de miocardi?<\/h2>\n<p>Diversos anys s&#8217;han emprat per a efectuar l&#8217;estudi de recerca, obtenint informaci\u00f3 a trav\u00e9s d&#8217;un programa de rehabilitaci\u00f3 Card\u00edaca en el <a title=\"Ho veur\u00e0s en una nova finestra\" href=\"http:\/\/alicante.san.gva.es\" target=\"_blank\" rel=\"noopener\"><strong>Hospital General Universitari d&#8217;Alacant<\/strong><\/a>, coordinat pel doctorand i especialista en cardiologia Vicente Arrate.<br \/>\nEl projecte ha proporcionat <strong>diversos resultats<\/strong>;<\/p>\n<ul>\n<li>els pacients funcionalment pitjors, a causa del seu rendiment en proves d&#8217;esfor\u00e7, s\u00f3n els que presenten un pitjor perfil psicosociol\u00f2gic.<\/li>\n<li>El grup de dones analitzades en l&#8217;estudi, van mostrar resultats de millora  en els programes de Rehabilitaci\u00f3 Card\u00edaca. Despr\u00e9s dels estudis i recerques realitzats, es van observar canvis en el tractament i lleugeres difer\u00e8ncies respecte als homes.<\/li>\n<\/ul>\n<p>Les conclusions de el estudi assenyalaven que les dones afectades per infart de miocardi solien patir-ho a edat m\u00e9s avan\u00e7ades que en homes i, a causa de factors socials, solen desistir en aquest tipus de programes de rehabilitaci\u00f3.<br \/>\n<strong>Vicente Arrate Esteban<\/strong>, cardi\u00f2leg i professor del Departament de Medicina Cl\u00ednica de la UMH.<br \/>\nEl doctorand i cardi\u00f2leg <strong><a title=\"Ho veur\u00e0s en una nova finestra\" href=\"http:\/\/www.vithas.es\/Alicante\/Cuadro-Medico\/Lista-Profesionales\/Detalle-Profesional?idProfesional=1184\" target=\"_blank\" rel=\"noopener\">Vicente Arrarte<\/a><\/strong> va matisar la rellev\u00e0ncia d&#8217;un equip multidisciplinari on col\u00b7laboren:<\/p>\n<ul>\n<li>\u00a0psic\u00f2legs,<\/li>\n<li>cardi\u00f2legs,<\/li>\n<li>rehabilitadors<\/li>\n<li>i altres especialistes<\/li>\n<\/ul>\n<p>per a donar \u00e0mplia cobertura als pacients com a nucli d&#8217;atenci\u00f3 en vegada de centrar-se en la malaltia.<br \/>\nA m\u00e9s, va destacar el treball de la infermera i fisioterapeuta del programa espec\u00edfic amb pacients, que possibilitava dia a dia tractament de rehabilitaci\u00f3 amb pacients amb <strong><a title=\"Ho veur\u00e0s en una nova finestra\" href=\"http:\/\/www.fundaciondelcorazon.com\/informacion-para-pacientes\/enfermedades-cardiovasculares\/cardiopatia-isquemica.html\" target=\"_blank\" rel=\"noopener\">cardiopatia isqu\u00e8mica<\/a><\/strong>.<br \/>\n<img loading=\"lazy\" class=\"aligncenter wp-image-12670\" title=\"Malaltia del cor\" src=\"https:\/\/departamentomedicinaclinica.umh.es\/files\/2016\/05\/Enfermedad-Cardiaca-1.jpg\" alt=\"Aspectes psicologics en pacients amb infart de miocardi Malaltia Cardiaca\" width=\"595\" height=\"446\" \/><br \/>\nEl cardi\u00f2leg <strong><a title=\"Ho veur\u00e0s en una nova finestra\" href=\"https:\/\/www.linkedin.com\/in\/vicente-arrarte-16aab149\" target=\"_blank\" rel=\"noopener\">Vicente Arrarte<\/a><\/strong> va comentar que \u201cen aquest treball hi ha dades que reforcen les indicacions d&#8217;un tractament psicol\u00f2gic en els pacients despr\u00e9s d&#8217;una s\u00edndrome coron\u00e0ria aguda, especialment en aquells amb un estat funcional pitjor inicial. Aix\u00ed mateix, haurien d&#8217;evitar-se demores en el tractament sempre que els mitjans a utilitzar siguen rendibles\u201d. Aix\u00ed mateix, els resultats apareguts en el temperament \u201cobliguen a replantejar els mitjans psicol\u00f2gics disponibles en els hospitals i utilitzar tractaments psicol\u00f2gics m\u00e9s adequats en els programes de <strong>Rehabilitaci\u00f3 Cardiaca<\/strong> per a prevenir un mal control d&#8217;un factor de risc reconegut per les principals guies cardiol\u00f2giques\u201d. <strong>Arrarte<\/strong>, davant tals dades, suggeria programes psicol\u00f2gics de car\u00e0cter individualitzats.<br \/>\n&nbsp;<\/p>\n<h2>Qui componia el tribunal de la tesi que aprofundeix en aspectes psicol\u00f2gics en pacients amb infart de miocardi?<\/h2>\n<ul>\n<li><a title=\"Ho veur\u00e0s en una nova finestra\" href=\"https:\/\/www.umh.es\/contenido\/Estudiantes\/:persona_4177\/datos_val.html\" target=\"_blank\" rel=\"noopener\">Jes\u00fas Rodr\u00edguez Mar\u00edn<\/a>, catedr\u00e0tic em\u00e8rit del Departament de Psicologia de la Salut de la UMH.<\/li>\n<li><a title=\"Ho veur\u00e0s en una nova finestra\" href=\"https:\/\/www.uv.es\/uvweb\/universitat\/ca\/fitxa-persona-1285950309813.html?p2=maserrar&amp;idA=true\" target=\"_blank\" rel=\"noopener\">Miguel \u00c1ngel Serrano Rosa<\/a>, professor de la Universidad de Val\u00e8ncia.<\/li>\n<li><a title=\"Ho veur\u00e0s en una nova finestra\" href=\"https:\/\/www.linkedin.com\/in\/almudena-castro-conde-82b86780\" target=\"_blank\" rel=\"noopener\">Almudena Castro Conde<\/a>,\u00a0coordinadora de Rehabilitaci\u00f3 Cardiaca en l&#8217;Hospital la Paz de Madrid.<\/li>\n<li><a href=\"https:\/\/www.linkedin.com\/in\/vicente-climent-pay%C3%A1-84909a55\" target=\"_blank\" rel=\"noopener\">Vicente Climent Pay\u00e1<\/a>,\u00a0cardi\u00f2leg del HGU d&#8217;Alacant.<\/li>\n<li><a title=\"Ho veur\u00e0s en una nova finestra\" href=\"http:\/\/www.uv.es\/uipd\/es\/profesinves3.html\" target=\"_blank\" rel=\"noopener\">Mar\u00eda Jos\u00e9 Quiles Sebasti\u00e1n<\/a>,\u00a0professora del Departament de Psicologia de la Salut de la UMH<\/li>\n<\/ul>\n<p>&nbsp;<br \/>\n&nbsp;<\/p>","protected":false},"excerpt":{"rendered":"<p>Ho sentim, aquesta entrada es troba disponible \u00fanicament en Espanyol Europeu.<\/p>\n","protected":false},"author":3158,"featured_media":12672,"comment_status":"closed","ping_status":"open","sticky":false,"template":"","format":"standard","meta":{"_links_to":"","_links_to_target":""},"categories":[964],"tags":[1110042,1170883,649738,1197773,42270,1281160,4888,5878,6223,6442],"yoast_head":"<!-- This site is optimized with the Yoast SEO plugin v17.5 - https:\/\/yoast.com\/wordpress\/plugins\/seo\/ -->\n<meta name=\"description\" content=\"La tesi aprofundeix en aspectes\u00a0psicol\u00f2gics\u00a0en pacients amb infart de miocardi per Vicente\u00a0Arrarte\u00a0Esteba, professor Departament Medicina Cl\u00ednica\u00a0UMH\" \/>\n<meta name=\"robots\" content=\"index, follow, max-snippet:-1, max-image-preview:large, max-video-preview:-1\" \/>\n<link rel=\"canonical\" href=\"https:\/\/departamentomedicinaclinica.umh.es\/ca\/2016\/05\/16\/una-tesis-profundiza-en-aspectos-psicologicos-en-pacientes-con-infarto-de-miocardio\/\" \/>\n<meta property=\"og:locale\" content=\"ca_ES\" \/>\n<meta property=\"og:type\" content=\"article\" \/>\n<meta property=\"og:title\" content=\"Una tesi aprofundeix en aspectes psicol\u00f2gics en pacients amb infart de miocardi - Departamento de Medicina Cl\u00ednica UMH\" \/>\n<meta property=\"og:description\" content=\"La tesi aprofundeix en aspectes\u00a0psicol\u00f2gics\u00a0en pacients amb infart de miocardi per Vicente\u00a0Arrarte\u00a0Esteba, professor Departament Medicina Cl\u00ednica\u00a0UMH\" \/>\n<meta property=\"og:url\" content=\"https:\/\/departamentomedicinaclinica.umh.es\/2016\/05\/16\/una-tesis-profundiza-en-aspectos-psicologicos-en-pacientes-con-infarto-de-miocardio\/\" \/>\n<meta property=\"og:site_name\" content=\"Departamento de Medicina Cl\u00ednica UMH\" \/>\n<meta property=\"article:published_time\" content=\"2016-05-16T08:13:11+00:00\" \/>\n<meta property=\"article:modified_time\" content=\"2024-02-23T10:38:50+00:00\" \/>\n<meta property=\"og:image\" content=\"https:\/\/departamentomedicinaclinica.umh.es\/files\/2016\/05\/Infarto-miocardio2-e1463393002768.jpg\" \/>\n\t<meta property=\"og:image:width\" content=\"546\" \/>\n\t<meta property=\"og:image:height\" content=\"334\" \/>\n<meta name=\"twitter:card\" content=\"summary_large_image\" \/>\n<meta name=\"twitter:creator\" content=\"@medicinaumh\" \/>\n<meta name=\"twitter:site\" content=\"@medicinaumh\" \/>\n<meta name=\"twitter:label1\" content=\"Written by\" \/>\n\t<meta name=\"twitter:data1\" content=\"garcia.natalia\" \/>\n\t<meta name=\"twitter:label2\" content=\"Est. reading time\" \/>\n\t<meta name=\"twitter:data2\" content=\"10 minuts\" \/>\n<script type=\"application\/ld+json\" class=\"yoast-schema-graph\">{\"@context\":\"https:\/\/schema.org\",\"@graph\":[{\"@type\":\"Organization\",\"@id\":\"https:\/\/departamentomedicinaclinica.umh.es\/#organization\",\"name\":\"Departamento Medicina Cl\\u00ednica Universidad Miguel Hern\\u00e1ndez de Elche\",\"url\":\"https:\/\/departamentomedicinaclinica.umh.es\/\",\"sameAs\":[\"https:\/\/www.youtube.com\/playlist?list=PLClKgnzRFYe6Y_i4QLNSlOwsZn0X3Klmb\",\"https:\/\/twitter.com\/medicinaumh\"],\"logo\":{\"@type\":\"ImageObject\",\"@id\":\"https:\/\/departamentomedicinaclinica.umh.es\/#logo\",\"inLanguage\":\"ca\",\"url\":\"https:\/\/departamentomedicinaclinica.umh.es\/files\/2024\/07\/meclin-vertical.png\",\"contentUrl\":\"https:\/\/departamentomedicinaclinica.umh.es\/files\/2024\/07\/meclin-vertical.png\",\"width\":1376,\"height\":1600,\"caption\":\"Departamento Medicina Cl\\u00ednica Universidad Miguel Hern\\u00e1ndez de Elche\"},\"image\":{\"@id\":\"https:\/\/departamentomedicinaclinica.umh.es\/#logo\"}},{\"@type\":\"WebSite\",\"@id\":\"https:\/\/departamentomedicinaclinica.umh.es\/#website\",\"url\":\"https:\/\/departamentomedicinaclinica.umh.es\/\",\"name\":\"Departamento de Medicina Cl\\u00ednica UMH\",\"description\":\"Otro sitio m\\u00e1s de Zeus.umh.es Blogs\",\"publisher\":{\"@id\":\"https:\/\/departamentomedicinaclinica.umh.es\/#organization\"},\"potentialAction\":[{\"@type\":\"SearchAction\",\"target\":{\"@type\":\"EntryPoint\",\"urlTemplate\":\"https:\/\/departamentomedicinaclinica.umh.es\/?s={search_term_string}\"},\"query-input\":\"required name=search_term_string\"}],\"inLanguage\":\"ca\"},{\"@type\":\"ImageObject\",\"@id\":\"https:\/\/departamentomedicinaclinica.umh.es\/2016\/05\/16\/una-tesis-profundiza-en-aspectos-psicologicos-en-pacientes-con-infarto-de-miocardio\/#primaryimage\",\"inLanguage\":\"ca\",\"url\":\"https:\/\/departamentomedicinaclinica.umh.es\/files\/2016\/05\/Infarto-miocardio2-e1463393002768.jpg\",\"contentUrl\":\"https:\/\/departamentomedicinaclinica.umh.es\/files\/2016\/05\/Infarto-miocardio2-e1463393002768.jpg\",\"width\":546,\"height\":334,\"caption\":\"Infarto de miocardio\"},{\"@type\":\"WebPage\",\"@id\":\"https:\/\/departamentomedicinaclinica.umh.es\/2016\/05\/16\/una-tesis-profundiza-en-aspectos-psicologicos-en-pacientes-con-infarto-de-miocardio\/#webpage\",\"url\":\"https:\/\/departamentomedicinaclinica.umh.es\/2016\/05\/16\/una-tesis-profundiza-en-aspectos-psicologicos-en-pacientes-con-infarto-de-miocardio\/\",\"name\":\"Una tesi aprofundeix en aspectes psicol\\u00f2gics en pacients amb infart de miocardi - Departamento de Medicina Cl\\u00ednica UMH\",\"isPartOf\":{\"@id\":\"https:\/\/departamentomedicinaclinica.umh.es\/#website\"},\"primaryImageOfPage\":{\"@id\":\"https:\/\/departamentomedicinaclinica.umh.es\/2016\/05\/16\/una-tesis-profundiza-en-aspectos-psicologicos-en-pacientes-con-infarto-de-miocardio\/#primaryimage\"},\"datePublished\":\"2016-05-16T08:13:11+00:00\",\"dateModified\":\"2024-02-23T10:38:50+00:00\",\"description\":\"La tesi aprofundeix en aspectes\\u00a0psicol\\u00f2gics\\u00a0en pacients amb infart de miocardi per Vicente\\u00a0Arrarte\\u00a0Esteba, professor Departament Medicina Cl\\u00ednica\\u00a0UMH\",\"breadcrumb\":{\"@id\":\"https:\/\/departamentomedicinaclinica.umh.es\/2016\/05\/16\/una-tesis-profundiza-en-aspectos-psicologicos-en-pacientes-con-infarto-de-miocardio\/#breadcrumb\"},\"inLanguage\":\"ca\",\"potentialAction\":[{\"@type\":\"ReadAction\",\"target\":[\"https:\/\/departamentomedicinaclinica.umh.es\/2016\/05\/16\/una-tesis-profundiza-en-aspectos-psicologicos-en-pacientes-con-infarto-de-miocardio\/\"]}]},{\"@type\":\"BreadcrumbList\",\"@id\":\"https:\/\/departamentomedicinaclinica.umh.es\/2016\/05\/16\/una-tesis-profundiza-en-aspectos-psicologicos-en-pacientes-con-infarto-de-miocardio\/#breadcrumb\",\"itemListElement\":[{\"@type\":\"ListItem\",\"position\":1,\"name\":\"Portada\",\"item\":\"https:\/\/departamentomedicinaclinica.umh.es\/\"},{\"@type\":\"ListItem\",\"position\":2,\"name\":\"Una tesis profundiza en aspectos psicol\\u00f3gicos en pacientes con infarto de miocardio\"}]},{\"@type\":\"Article\",\"@id\":\"https:\/\/departamentomedicinaclinica.umh.es\/2016\/05\/16\/una-tesis-profundiza-en-aspectos-psicologicos-en-pacientes-con-infarto-de-miocardio\/#article\",\"isPartOf\":{\"@id\":\"https:\/\/departamentomedicinaclinica.umh.es\/2016\/05\/16\/una-tesis-profundiza-en-aspectos-psicologicos-en-pacientes-con-infarto-de-miocardio\/#webpage\"},\"author\":{\"@id\":\"https:\/\/departamentomedicinaclinica.umh.es\/#\/schema\/person\/4cce65f000b37391eb0fdba785a882b9\"},\"headline\":\"Una tesi aprofundeix en aspectes psicol\\u00f2gics en pacients amb infart de miocardi\",\"datePublished\":\"2016-05-16T08:13:11+00:00\",\"dateModified\":\"2024-02-23T10:38:50+00:00\",\"mainEntityOfPage\":{\"@id\":\"https:\/\/departamentomedicinaclinica.umh.es\/2016\/05\/16\/una-tesis-profundiza-en-aspectos-psicologicos-en-pacientes-con-infarto-de-miocardio\/#webpage\"},\"wordCount\":2060,\"publisher\":{\"@id\":\"https:\/\/departamentomedicinaclinica.umh.es\/#organization\"},\"image\":{\"@id\":\"https:\/\/departamentomedicinaclinica.umh.es\/2016\/05\/16\/una-tesis-profundiza-en-aspectos-psicologicos-en-pacientes-con-infarto-de-miocardio\/#primaryimage\"},\"thumbnailUrl\":\"https:\/\/departamentomedicinaclinica.umh.es\/files\/2016\/05\/Infarto-miocardio2-e1463393002768.jpg\",\"keywords\":[\"dolencia cardiaca\",\"Francisco Sogorb Garri\",\"infarto\",\"Infarto miocardio\",\"Jes\\u00fas Rodr\\u00edguez Mar\\u00edn\",\"miocardio\",\"Psicolog\\u00eda infarto miocardio\",\"tesis coraz\\u00f3n Universidad Miguel Hern\\u00e1ndez\",\"UMH tesis coraz\\u00f3n\",\"Vicente Arrarte Esteban\"],\"articleSection\":[\"Actualidad\"],\"inLanguage\":\"ca\"},{\"@type\":\"Person\",\"@id\":\"https:\/\/departamentomedicinaclinica.umh.es\/#\/schema\/person\/4cce65f000b37391eb0fdba785a882b9\",\"name\":\"garcia.natalia\",\"image\":{\"@type\":\"ImageObject\",\"@id\":\"https:\/\/departamentomedicinaclinica.umh.es\/#personlogo\",\"inLanguage\":\"ca\",\"url\":\"https:\/\/secure.gravatar.com\/avatar\/2f6b18e6f874050af9faeeac24349c8c?s=96&d=mm&r=g\",\"contentUrl\":\"https:\/\/secure.gravatar.com\/avatar\/2f6b18e6f874050af9faeeac24349c8c?s=96&d=mm&r=g\",\"caption\":\"garcia.natalia\"},\"url\":\"https:\/\/departamentomedicinaclinica.umh.es\/ca\/author\/garcia-natalia\/\"}]}<\/script>\n<!-- \/ Yoast SEO plugin. -->","yoast_head_json":{"description":"La tesi aprofundeix en aspectes\u00a0psicol\u00f2gics\u00a0en pacients amb infart de miocardi per Vicente\u00a0Arrarte\u00a0Esteba, professor Departament Medicina Cl\u00ednica\u00a0UMH","robots":{"index":"index","follow":"follow","max-snippet":"max-snippet:-1","max-image-preview":"max-image-preview:large","max-video-preview":"max-video-preview:-1"},"canonical":"https:\/\/departamentomedicinaclinica.umh.es\/ca\/2016\/05\/16\/una-tesis-profundiza-en-aspectos-psicologicos-en-pacientes-con-infarto-de-miocardio\/","og_locale":"ca_ES","og_type":"article","og_title":"Una tesi aprofundeix en aspectes psicol\u00f2gics en pacients amb infart de miocardi - Departamento de Medicina Cl\u00ednica UMH","og_description":"La tesi aprofundeix en aspectes\u00a0psicol\u00f2gics\u00a0en pacients amb infart de miocardi per Vicente\u00a0Arrarte\u00a0Esteba, professor Departament Medicina Cl\u00ednica\u00a0UMH","og_url":"https:\/\/departamentomedicinaclinica.umh.es\/2016\/05\/16\/una-tesis-profundiza-en-aspectos-psicologicos-en-pacientes-con-infarto-de-miocardio\/","og_site_name":"Departamento de Medicina Cl\u00ednica UMH","article_published_time":"2016-05-16T08:13:11+00:00","article_modified_time":"2024-02-23T10:38:50+00:00","og_image":[{"width":546,"height":334,"url":"https:\/\/departamentomedicinaclinica.umh.es\/files\/2016\/05\/Infarto-miocardio2-e1463393002768.jpg","type":"image\/jpeg"}],"twitter_card":"summary_large_image","twitter_creator":"@medicinaumh","twitter_site":"@medicinaumh","twitter_misc":{"Written by":"garcia.natalia","Est. reading time":"10 minuts"},"schema":{"@context":"https:\/\/schema.org","@graph":[{"@type":"Organization","@id":"https:\/\/departamentomedicinaclinica.umh.es\/#organization","name":"Departamento Medicina Cl\u00ednica Universidad Miguel Hern\u00e1ndez de Elche","url":"https:\/\/departamentomedicinaclinica.umh.es\/","sameAs":["https:\/\/www.youtube.com\/playlist?list=PLClKgnzRFYe6Y_i4QLNSlOwsZn0X3Klmb","https:\/\/twitter.com\/medicinaumh"],"logo":{"@type":"ImageObject","@id":"https:\/\/departamentomedicinaclinica.umh.es\/#logo","inLanguage":"ca","url":"https:\/\/departamentomedicinaclinica.umh.es\/files\/2024\/07\/meclin-vertical.png","contentUrl":"https:\/\/departamentomedicinaclinica.umh.es\/files\/2024\/07\/meclin-vertical.png","width":1376,"height":1600,"caption":"Departamento Medicina Cl\u00ednica Universidad Miguel Hern\u00e1ndez de Elche"},"image":{"@id":"https:\/\/departamentomedicinaclinica.umh.es\/#logo"}},{"@type":"WebSite","@id":"https:\/\/departamentomedicinaclinica.umh.es\/#website","url":"https:\/\/departamentomedicinaclinica.umh.es\/","name":"Departamento de Medicina Cl\u00ednica UMH","description":"Otro sitio m\u00e1s de Zeus.umh.es Blogs","publisher":{"@id":"https:\/\/departamentomedicinaclinica.umh.es\/#organization"},"potentialAction":[{"@type":"SearchAction","target":{"@type":"EntryPoint","urlTemplate":"https:\/\/departamentomedicinaclinica.umh.es\/?s={search_term_string}"},"query-input":"required name=search_term_string"}],"inLanguage":"ca"},{"@type":"ImageObject","@id":"https:\/\/departamentomedicinaclinica.umh.es\/2016\/05\/16\/una-tesis-profundiza-en-aspectos-psicologicos-en-pacientes-con-infarto-de-miocardio\/#primaryimage","inLanguage":"ca","url":"https:\/\/departamentomedicinaclinica.umh.es\/files\/2016\/05\/Infarto-miocardio2-e1463393002768.jpg","contentUrl":"https:\/\/departamentomedicinaclinica.umh.es\/files\/2016\/05\/Infarto-miocardio2-e1463393002768.jpg","width":546,"height":334,"caption":"Infarto de miocardio"},{"@type":"WebPage","@id":"https:\/\/departamentomedicinaclinica.umh.es\/2016\/05\/16\/una-tesis-profundiza-en-aspectos-psicologicos-en-pacientes-con-infarto-de-miocardio\/#webpage","url":"https:\/\/departamentomedicinaclinica.umh.es\/2016\/05\/16\/una-tesis-profundiza-en-aspectos-psicologicos-en-pacientes-con-infarto-de-miocardio\/","name":"Una tesi aprofundeix en aspectes psicol\u00f2gics en pacients amb infart de miocardi - Departamento de Medicina Cl\u00ednica UMH","isPartOf":{"@id":"https:\/\/departamentomedicinaclinica.umh.es\/#website"},"primaryImageOfPage":{"@id":"https:\/\/departamentomedicinaclinica.umh.es\/2016\/05\/16\/una-tesis-profundiza-en-aspectos-psicologicos-en-pacientes-con-infarto-de-miocardio\/#primaryimage"},"datePublished":"2016-05-16T08:13:11+00:00","dateModified":"2024-02-23T10:38:50+00:00","description":"La tesi aprofundeix en aspectes\u00a0psicol\u00f2gics\u00a0en pacients amb infart de miocardi per Vicente\u00a0Arrarte\u00a0Esteba, professor Departament Medicina Cl\u00ednica\u00a0UMH","breadcrumb":{"@id":"https:\/\/departamentomedicinaclinica.umh.es\/2016\/05\/16\/una-tesis-profundiza-en-aspectos-psicologicos-en-pacientes-con-infarto-de-miocardio\/#breadcrumb"},"inLanguage":"ca","potentialAction":[{"@type":"ReadAction","target":["https:\/\/departamentomedicinaclinica.umh.es\/2016\/05\/16\/una-tesis-profundiza-en-aspectos-psicologicos-en-pacientes-con-infarto-de-miocardio\/"]}]},{"@type":"BreadcrumbList","@id":"https:\/\/departamentomedicinaclinica.umh.es\/2016\/05\/16\/una-tesis-profundiza-en-aspectos-psicologicos-en-pacientes-con-infarto-de-miocardio\/#breadcrumb","itemListElement":[{"@type":"ListItem","position":1,"name":"Portada","item":"https:\/\/departamentomedicinaclinica.umh.es\/"},{"@type":"ListItem","position":2,"name":"Una tesis profundiza en aspectos psicol\u00f3gicos en pacientes con infarto de miocardio"}]},{"@type":"Article","@id":"https:\/\/departamentomedicinaclinica.umh.es\/2016\/05\/16\/una-tesis-profundiza-en-aspectos-psicologicos-en-pacientes-con-infarto-de-miocardio\/#article","isPartOf":{"@id":"https:\/\/departamentomedicinaclinica.umh.es\/2016\/05\/16\/una-tesis-profundiza-en-aspectos-psicologicos-en-pacientes-con-infarto-de-miocardio\/#webpage"},"author":{"@id":"https:\/\/departamentomedicinaclinica.umh.es\/#\/schema\/person\/4cce65f000b37391eb0fdba785a882b9"},"headline":"Una tesi aprofundeix en aspectes psicol\u00f2gics en pacients amb infart de miocardi","datePublished":"2016-05-16T08:13:11+00:00","dateModified":"2024-02-23T10:38:50+00:00","mainEntityOfPage":{"@id":"https:\/\/departamentomedicinaclinica.umh.es\/2016\/05\/16\/una-tesis-profundiza-en-aspectos-psicologicos-en-pacientes-con-infarto-de-miocardio\/#webpage"},"wordCount":2060,"publisher":{"@id":"https:\/\/departamentomedicinaclinica.umh.es\/#organization"},"image":{"@id":"https:\/\/departamentomedicinaclinica.umh.es\/2016\/05\/16\/una-tesis-profundiza-en-aspectos-psicologicos-en-pacientes-con-infarto-de-miocardio\/#primaryimage"},"thumbnailUrl":"https:\/\/departamentomedicinaclinica.umh.es\/files\/2016\/05\/Infarto-miocardio2-e1463393002768.jpg","keywords":["dolencia cardiaca","Francisco Sogorb Garri","infarto","Infarto miocardio","Jes\u00fas Rodr\u00edguez Mar\u00edn","miocardio","Psicolog\u00eda infarto miocardio","tesis coraz\u00f3n Universidad Miguel Hern\u00e1ndez","UMH tesis coraz\u00f3n","Vicente Arrarte Esteban"],"articleSection":["Actualidad"],"inLanguage":"ca"},{"@type":"Person","@id":"https:\/\/departamentomedicinaclinica.umh.es\/#\/schema\/person\/4cce65f000b37391eb0fdba785a882b9","name":"garcia.natalia","image":{"@type":"ImageObject","@id":"https:\/\/departamentomedicinaclinica.umh.es\/#personlogo","inLanguage":"ca","url":"https:\/\/secure.gravatar.com\/avatar\/2f6b18e6f874050af9faeeac24349c8c?s=96&d=mm&r=g","contentUrl":"https:\/\/secure.gravatar.com\/avatar\/2f6b18e6f874050af9faeeac24349c8c?s=96&d=mm&r=g","caption":"garcia.natalia"},"url":"https:\/\/departamentomedicinaclinica.umh.es\/ca\/author\/garcia-natalia\/"}]}},"_links":{"self":[{"href":"https:\/\/departamentomedicinaclinica.umh.es\/ca\/wp-json\/wp\/v2\/posts\/12645"}],"collection":[{"href":"https:\/\/departamentomedicinaclinica.umh.es\/ca\/wp-json\/wp\/v2\/posts"}],"about":[{"href":"https:\/\/departamentomedicinaclinica.umh.es\/ca\/wp-json\/wp\/v2\/types\/post"}],"author":[{"embeddable":true,"href":"https:\/\/departamentomedicinaclinica.umh.es\/ca\/wp-json\/wp\/v2\/users\/3158"}],"replies":[{"embeddable":true,"href":"https:\/\/departamentomedicinaclinica.umh.es\/ca\/wp-json\/wp\/v2\/comments?post=12645"}],"version-history":[{"count":0,"href":"https:\/\/departamentomedicinaclinica.umh.es\/ca\/wp-json\/wp\/v2\/posts\/12645\/revisions"}],"wp:featuredmedia":[{"embeddable":true,"href":"https:\/\/departamentomedicinaclinica.umh.es\/ca\/wp-json\/wp\/v2\/media\/12672"}],"wp:attachment":[{"href":"https:\/\/departamentomedicinaclinica.umh.es\/ca\/wp-json\/wp\/v2\/media?parent=12645"}],"wp:term":[{"taxonomy":"category","embeddable":true,"href":"https:\/\/departamentomedicinaclinica.umh.es\/ca\/wp-json\/wp\/v2\/categories?post=12645"},{"taxonomy":"post_tag","embeddable":true,"href":"https:\/\/departamentomedicinaclinica.umh.es\/ca\/wp-json\/wp\/v2\/tags?post=12645"}],"curies":[{"name":"wp","href":"https:\/\/api.w.org\/{rel}","templated":true}]}}