{"id":12827,"date":"2016-06-10T09:43:10","date_gmt":"2016-06-10T07:43:10","guid":{"rendered":"http:\/\/www.departamentomedicinaclinicaumh.es\/?p=12827"},"modified":"2024-02-23T10:38:49","modified_gmt":"2024-02-23T10:38:49","slug":"nueva-edicion-los-masteres-medicina-clinica-umh","status":"publish","type":"post","link":"https:\/\/departamentomedicinaclinica.umh.es\/ca\/2016\/06\/10\/nueva-edicion-los-masteres-medicina-clinica-umh\/","title":{"rendered":"Nova edici\u00f3 dels m\u00e0sters Medicina Cl\u00ednica UMH Universitat Miguel Hern\u00e1ndez"},"content":{"rendered":"<p>Com cada any, la <a href=\"http:\/\/www.umh.es\/?lang=VAL\" target=\"_blank\" rel=\"noopener\">Universitat Miguel Hern\u00e1ndez (UMH)<\/a> inicia el seu per\u00edode de preinscripci\u00f3 i matriculaci\u00f3 dels <a href=\"http:\/\/departamentomedicinaclinica.edu.umh.es\/ca\/masteres-universitarios\/\" target=\"_blank\" rel=\"noopener\"><strong>m\u00e0sters Medicina Cl\u00ednica UMH<\/strong><\/a>. En aquesta ocasi\u00f3 s\u00f3n 5 els estudis de postgrau oficial oferits per la instituci\u00f3 educativa.<br \/>\nDes d&#8217;el <strong>Departament de Medicina Cl\u00ednica de la UMH<\/strong><!--more--> s&#8217;aposta, una edici\u00f3 m\u00e9s per una s\u00e8rie de m\u00e0sters oficials relacionats amb les <strong>Ci\u00e8ncies de la Salut<\/strong>. En aquest cas, els programes m\u00e0ster als quals els estudiants i professionals m\u00e8dics poden optar, combinen modalitats: <strong>online i semipresencials<\/strong>, al costat d&#8217;una s\u00e8rie de novetats.<\/p>\n<h2>Quins s\u00f3n els m\u00e0sters Medicina Cl\u00ednica UMH oferits per a aquest curs 2016-2017?<\/h2>\n<p><a href=\"http:\/\/www.departamentomedicinaclinica.edu.umh.es\/master-universitario-en-investigacion-en-atencion-primaria\/\" target=\"_blank\" rel=\"noopener\"><img loading=\"lazy\" class=\"aligncenter wp-image-12802\" title=\"Amplia informaci\u00f3 sobre el M\u00e0ster Universitari en Atenci\u00f3 Prim\u00e0ria UMH en una nova finestra\" src=\"https:\/\/departamentomedicinaclinica.umh.es\/files\/2014\/11\/MasterUniversitarioenAtencionPrimariaUMH-1.jpg\" alt=\"M\u00e0ster Universitari en Atenci\u00f3 Prim\u00e0ria UMH\" width=\"480\" height=\"469\" srcset=\"https:\/\/departamentomedicinaclinica.umh.es\/files\/2014\/11\/MasterUniversitarioenAtencionPrimariaUMH-1.jpg 520w, https:\/\/departamentomedicinaclinica.umh.es\/files\/2014\/11\/MasterUniversitarioenAtencionPrimariaUMH-1-300x293.jpg 300w\" sizes=\"(max-width: 480px) 100vw, 480px\" \/><\/a><\/p>\n<p style=\"text-align: center\"><strong>M\u00c0STER UNIVERSITARI OFICIAL EN INVESTIGACI\u00d3 EN ATENCI\u00d3 PRIM\u00c0RIA<\/strong><\/p>\n<p><a href=\"http:\/\/departamentomedicinaclinica.edu.umh.es\/ca\/master-universitario-en-enfermedades-infecciosas-y-salud-internacional\/\" target=\"_blank\" rel=\"noopener\"><img loading=\"lazy\" class=\"aligncenter wp-image-12776\" title=\"Amplia informaci\u00f3 sobre el M\u00e0ster Universitari en Malalties Infeccioses UMH en una nova finestra\" src=\"https:\/\/departamentomedicinaclinica.umh.es\/files\/2014\/11\/MasterUniversitarioenEnfermedadesInfecciosasUMH.jpg\" alt=\"M\u00e0ster Universitari en Malalties Infeccioses UMH m\u00e0sters Medicina Cl\u00ednica UMH\" width=\"490\" height=\"479\" srcset=\"https:\/\/departamentomedicinaclinica.umh.es\/files\/2014\/11\/MasterUniversitarioenEnfermedadesInfecciosasUMH.jpg 520w, https:\/\/departamentomedicinaclinica.umh.es\/files\/2014\/11\/MasterUniversitarioenEnfermedadesInfecciosasUMH-300x293.jpg 300w\" sizes=\"(max-width: 490px) 100vw, 490px\" \/><\/a><\/p>\n<p style=\"text-align: center\"><strong>M\u00c0STER UNIVERSITARI OFICIAL EN INVESTIGACI\u00d3 EN MALALTIES INFECCIOSES I SALUT INTERNACIONAL<\/strong><\/p>\n<p><a href=\"http:\/\/departamentomedicinaclinica.edu.umh.es\/ca\/master-universitario-en-investigacion-en-medicina-clinica\/\" target=\"_blank\" rel=\"noopener\"><img loading=\"lazy\" class=\"aligncenter wp-image-12778\" title=\"Ampl\u00eda informaci\u00f3n sobre el M\u00e0ster Universitari en Investigaci\u00f3 Medicina Cl\u00ednica UMH en una nova finestra\" src=\"https:\/\/departamentomedicinaclinica.umh.es\/files\/2014\/11\/MasterUniversitarioenInvestigacionMedicinaClinicaUMH.jpg\" alt=\"M\u00e0ster Universitari en Investigaci\u00f3 Medicina Cl\u00ednica UMH m\u00e0sters Medicina Cl\u00ednica UMH\" width=\"490\" height=\"479\" srcset=\"https:\/\/departamentomedicinaclinica.umh.es\/files\/2014\/11\/MasterUniversitarioenInvestigacionMedicinaClinicaUMH.jpg 520w, https:\/\/departamentomedicinaclinica.umh.es\/files\/2014\/11\/MasterUniversitarioenInvestigacionMedicinaClinicaUMH-300x293.jpg 300w\" sizes=\"(max-width: 490px) 100vw, 490px\" \/><\/a><\/p>\n<p style=\"text-align: center\"><strong>M\u00c0STER UNIVERSITARI OFICIAL EN INVESTIGACI\u00d3 EN MEDICINA CL\u00cdNICA<\/strong><\/p>\n<p><a href=\"http:\/\/departamentomedicinaclinica.edu.umh.es\/ca\/master-universitario-en-medicina-de-urgencias-emergencias\/\" target=\"_blank\" rel=\"noopener\"><img loading=\"lazy\" class=\"aligncenter wp-image-12709\" title=\"Ampl\u00eda informaci\u00f3n sobre el M\u00e1ster Universitario en Medicina de Urgencias y Emergencias UMH en una nueva ventana\" src=\"https:\/\/departamentomedicinaclinica.umh.es\/files\/2016\/05\/FolletoMasterUniversitarioMedicinaUrgenciasEmergenciasUMH.jpg\" alt=\"M\u00e1ster Universitario en Medicina de Urgencias y Emergencias UMH pdf m\u00e0sters Medicina Cl\u00ednica UMH\" width=\"490\" height=\"479\" srcset=\"https:\/\/departamentomedicinaclinica.umh.es\/files\/2016\/05\/FolletoMasterUniversitarioMedicinaUrgenciasEmergenciasUMH.jpg 520w, https:\/\/departamentomedicinaclinica.umh.es\/files\/2016\/05\/FolletoMasterUniversitarioMedicinaUrgenciasEmergenciasUMH-300x293.jpg 300w\" sizes=\"(max-width: 490px) 100vw, 490px\" \/><\/a><\/p>\n<p style=\"text-align: center\"><strong>M\u00c1STER UNIVERSITARIO OFICIAL EN MEDICINA DE URGENCIAS \u2013 EMERGENCIAS<\/strong><\/p>\n<p><a href=\"http:\/\/departamentomedicinaclinica.edu.umh.es\/ca\/master-universitario-en-gestion-sanitaria\/\" target=\"_blank\" rel=\"noopener\"><img loading=\"lazy\" class=\"aligncenter wp-image-12777\" title=\"Amplia informaci\u00f3 sobre el M\u00e0ster Universitari en Gesti\u00f3 Sanit\u00e0ria UMH en una nova finestra\" src=\"https:\/\/departamentomedicinaclinica.umh.es\/files\/2014\/11\/MasterUniversitarioenGestionSanitariaUMH.jpg\" alt=\"M\u00e0ster Universitari en Gesti\u00f3 Sanit\u00e0ria UMH m\u00e0sters Medicina Cl\u00ednica UMH\" width=\"490\" height=\"479\" srcset=\"https:\/\/departamentomedicinaclinica.umh.es\/files\/2014\/11\/MasterUniversitarioenGestionSanitariaUMH.jpg 520w, https:\/\/departamentomedicinaclinica.umh.es\/files\/2014\/11\/MasterUniversitarioenGestionSanitariaUMH-300x293.jpg 300w\" sizes=\"(max-width: 490px) 100vw, 490px\" \/><\/a><\/p>\n<p style=\"text-align: center\"><strong>M\u00c0STER UNIVERSITARI OFICIAL EN\u00a0GESTI\u00d3 SANIT\u00c0RIA<\/strong><\/p>\n<h3>Quins s\u00f3n els aspectes rellevants dels m\u00e0sters Medicina Cl\u00ednica UMH en 2016-2017?<\/h3>\n<p>La major part dels m\u00e0sters s\u00f3n d&#8217;<strong>1 any acad\u00e8mic<\/strong> de duraci\u00f3 i <strong>60 cr\u00e8dits ECTS<\/strong>, combinant sessions te\u00f2riques i pr\u00e0ctiques, aix\u00ed com activitats en f\u00f2rums i ex\u00e0mens online. Excepte el <a href=\"http:\/\/mastermedurgencias.umh.es\/\" target=\"_blank\" rel=\"noopener\"><strong>M\u00e0ster Universitari Oficial en Medicina d&#8217;Urg\u00e8ncies-Emerg\u00e8ncies<\/strong><\/a> que posseeix<br \/>\n<strong>2 anys de duraci\u00f3<\/strong> i un total de <strong>120 cr\u00e8dits ECTS<\/strong>.<\/p>\n<h3>On puc pre inscriure&#8217;m en els m\u00e0sters Medicina Cl\u00ednica UMH en 2016-2017?<\/h3>\n<p>El per\u00edode <strong>preinscripci\u00f3n ja s&#8217;ha obert<\/strong>:<br \/>\n<strong>Terminis<\/strong><br \/>\n<strong>1er Termini:<\/strong>\u00a0del\u00a06 d&#8217;abril al\u00a04 de juliol de 2016<br \/>\n<strong>2\u00ba Termini:<\/strong>\u00a0del 25 de juliol al 9 de setembre de 2016<br \/>\n<a href=\"http:\/\/estudios.umh.es\/acceso\/masters\/preinscripcion\/plazos-publicacion-listas-y-subsanaciones\/plazos-publicacion-listas\/\" target=\"_blank\" rel=\"noopener\">Terminis publicaci\u00f3 llistes admesos i subsanaci\u00f3<\/a><br \/>\n<strong>Documentaci\u00f3<\/strong><br \/>\nEl sol\u00b7licitant ha de:<br \/>\n<strong>1.\u00a0\u00a0\u00a0<\/strong> Emplenar la informaci\u00f3 sol\u00b7licitada en l&#8217;aplicaci\u00f3 de:<br \/>\n<img loading=\"lazy\" class=\"size-full wp-image-711 aligncenter\" src=\"https:\/\/departamentomedicinaclinica.umh.es\/files\/2015\/01\/preins_matric-val-150x65-1.jpg\" alt=\"Preinscripci\u00f3 matr\u00edcula UMH bot\u00f3 m\u00e0sters Medicina Cl\u00ednica UMH\" width=\"259\" height=\"91\" \/><br \/>\n<strong>2.\u00a0\u00a0\u00a0<\/strong>Haur\u00e0 de lliurar la documentaci\u00f3 sol\u00b7licitada, juntament amb el resguard de preinscripci\u00f3, en el Registre General i\/o Auxiliars, dirigida al <a href=\"http:\/\/cegeca.umh.es\/cgc-san-juan\/\" target=\"_blank\" rel=\"noopener\"><strong>CEGECA (Centre de Gesti\u00f3 de Campus)<\/strong><\/a> en el qual estiga adscrit el M\u00e0ster, per correu certificat dirigit al Centre de Gesti\u00f3 de Campus corresponent o a trav\u00e9s dels registres de qualsevol \u00f2rgan administratiu contemplat en l&#8217;article 38.4, de la Llei 30\/1992 de R\u00e8gim Jur\u00eddic de les Administracions P\u00fabliques i del Procediment Administratiu Com\u00fa.<br \/>\n<a href=\"http:\/\/www.umh.es\/contenido\/Estudiantes\/:CEGECA\/datos_es.html\"><img loading=\"lazy\" class=\"size-full wp-image-342 aligncenter\" src=\"http:\/\/estudios.umh.es\/files\/2014\/03\/Informaci%C3%B3n.png\" alt=\"Informaci\u00f3 m\u00e0sters Medicina Cl\u00ednica UMH\" width=\"137\" height=\"42\" \/><\/a><br \/>\n<strong>3.\u00a0\u00a0\u00a0La documentaci\u00f3 a presentar o remetre \u00e9s la seg\u00fcent:<\/strong><\/p>\n<ul>\n<li>Resguard de preinscripci\u00f3, degudament signat.<\/li>\n<li>DNI\u00a0o Passaport en vigor<\/li>\n<li>T\u00edtol que d\u00f3na acc\u00e9s al M\u00e0ster o acreditaci\u00f3 de haver sol\u00b7licitat el t\u00edtol i abonat les taxes d&#8217;expedici\u00f3. (Original i fotoc\u00f2pia o fotoc\u00f2pia compulsada)<\/li>\n<li>Certificat acad\u00e8mic oficial de notes. (Original i fotoc\u00f2pia o fotoc\u00f2pia compulsada)<\/li>\n<li>\u00a0Curr\u00edculum vitae<\/li>\n<\/ul>\n<p><\/p>","protected":false},"excerpt":{"rendered":"<p>Ho sentim, aquesta entrada es troba disponible \u00fanicament en Espanyol Europeu.<\/p>\n","protected":false},"author":3158,"featured_media":12913,"comment_status":"closed","ping_status":"open","sticky":false,"template":"","format":"standard","meta":{"_links_to":"","_links_to_target":""},"categories":[988210],"tags":[1124313,1145591,1146268,638770,1229453,1229799,617752,1231147,1231603,68690,1236707,1244647,1253187],"yoast_head":"<!-- This site is optimized with the Yoast SEO plugin v17.5 - https:\/\/yoast.com\/wordpress\/plugins\/seo\/ -->\n<meta name=\"description\" content=\"La Universitat Miguel Hern\u00e1ndez inicia el seu per\u00edode de\u00a0preinscripci\u00f3\u00a0dels m\u00e0sters Medicina Cl\u00ednica\u00a0UMH. Urg\u00e8ncies, Atenci\u00f3 prim\u00e0ria, Infecciosos, etc.\" \/>\n<meta name=\"robots\" content=\"index, follow, max-snippet:-1, max-image-preview:large, max-video-preview:-1\" \/>\n<link rel=\"canonical\" href=\"https:\/\/departamentomedicinaclinica.umh.es\/ca\/2016\/06\/10\/nueva-edicion-los-masteres-medicina-clinica-umh\/\" \/>\n<meta property=\"og:locale\" content=\"ca_ES\" \/>\n<meta property=\"og:type\" content=\"article\" \/>\n<meta property=\"og:title\" content=\"Nova edici\u00f3 dels m\u00e0sters Medicina Cl\u00ednica UMH Universitat Miguel Hern\u00e1ndez - Departamento de Medicina Cl\u00ednica UMH\" \/>\n<meta property=\"og:description\" content=\"La Universitat Miguel Hern\u00e1ndez inicia el seu per\u00edode de\u00a0preinscripci\u00f3\u00a0dels m\u00e0sters Medicina Cl\u00ednica\u00a0UMH. Urg\u00e8ncies, Atenci\u00f3 prim\u00e0ria, Infecciosos, etc.\" \/>\n<meta property=\"og:url\" content=\"https:\/\/departamentomedicinaclinica.umh.es\/2016\/06\/10\/nueva-edicion-los-masteres-medicina-clinica-umh\/\" \/>\n<meta property=\"og:site_name\" content=\"Departamento de Medicina Cl\u00ednica UMH\" \/>\n<meta property=\"article:published_time\" content=\"2016-06-10T07:43:10+00:00\" \/>\n<meta property=\"article:modified_time\" content=\"2024-02-23T10:38:49+00:00\" \/>\n<meta property=\"og:image\" content=\"https:\/\/departamentomedicinaclinica.umh.es\/files\/2016\/06\/maf_umh.jpg\" \/>\n\t<meta property=\"og:image:width\" content=\"547\" \/>\n\t<meta property=\"og:image:height\" content=\"335\" \/>\n<meta name=\"twitter:card\" content=\"summary_large_image\" \/>\n<meta name=\"twitter:creator\" content=\"@medicinaumh\" \/>\n<meta name=\"twitter:site\" content=\"@medicinaumh\" \/>\n<meta name=\"twitter:label1\" content=\"Written by\" \/>\n\t<meta name=\"twitter:data1\" content=\"garcia.natalia\" \/>\n\t<meta name=\"twitter:label2\" content=\"Est. reading time\" \/>\n\t<meta name=\"twitter:data2\" content=\"6 minuts\" \/>\n<script type=\"application\/ld+json\" class=\"yoast-schema-graph\">{\"@context\":\"https:\/\/schema.org\",\"@graph\":[{\"@type\":\"Organization\",\"@id\":\"https:\/\/departamentomedicinaclinica.umh.es\/#organization\",\"name\":\"Departamento Medicina Cl\\u00ednica Universidad Miguel Hern\\u00e1ndez de Elche\",\"url\":\"https:\/\/departamentomedicinaclinica.umh.es\/\",\"sameAs\":[\"https:\/\/www.youtube.com\/playlist?list=PLClKgnzRFYe6Y_i4QLNSlOwsZn0X3Klmb\",\"https:\/\/twitter.com\/medicinaumh\"],\"logo\":{\"@type\":\"ImageObject\",\"@id\":\"https:\/\/departamentomedicinaclinica.umh.es\/#logo\",\"inLanguage\":\"ca\",\"url\":\"https:\/\/departamentomedicinaclinica.umh.es\/files\/2024\/07\/meclin-vertical.png\",\"contentUrl\":\"https:\/\/departamentomedicinaclinica.umh.es\/files\/2024\/07\/meclin-vertical.png\",\"width\":1376,\"height\":1600,\"caption\":\"Departamento Medicina Cl\\u00ednica Universidad Miguel Hern\\u00e1ndez de Elche\"},\"image\":{\"@id\":\"https:\/\/departamentomedicinaclinica.umh.es\/#logo\"}},{\"@type\":\"WebSite\",\"@id\":\"https:\/\/departamentomedicinaclinica.umh.es\/#website\",\"url\":\"https:\/\/departamentomedicinaclinica.umh.es\/\",\"name\":\"Departamento de Medicina Cl\\u00ednica UMH\",\"description\":\"Otro sitio m\\u00e1s de Zeus.umh.es Blogs\",\"publisher\":{\"@id\":\"https:\/\/departamentomedicinaclinica.umh.es\/#organization\"},\"potentialAction\":[{\"@type\":\"SearchAction\",\"target\":{\"@type\":\"EntryPoint\",\"urlTemplate\":\"https:\/\/departamentomedicinaclinica.umh.es\/?s={search_term_string}\"},\"query-input\":\"required name=search_term_string\"}],\"inLanguage\":\"ca\"},{\"@type\":\"ImageObject\",\"@id\":\"https:\/\/departamentomedicinaclinica.umh.es\/2016\/06\/10\/nueva-edicion-los-masteres-medicina-clinica-umh\/#primaryimage\",\"inLanguage\":\"ca\",\"url\":\"https:\/\/departamentomedicinaclinica.umh.es\/files\/2016\/06\/maf_umh.jpg\",\"contentUrl\":\"https:\/\/departamentomedicinaclinica.umh.es\/files\/2016\/06\/maf_umh.jpg\",\"width\":547,\"height\":335,\"caption\":\"M\\u00e1ster y Postgrados oficiales UMH\"},{\"@type\":\"WebPage\",\"@id\":\"https:\/\/departamentomedicinaclinica.umh.es\/2016\/06\/10\/nueva-edicion-los-masteres-medicina-clinica-umh\/#webpage\",\"url\":\"https:\/\/departamentomedicinaclinica.umh.es\/2016\/06\/10\/nueva-edicion-los-masteres-medicina-clinica-umh\/\",\"name\":\"Nova edici\\u00f3 dels m\\u00e0sters Medicina Cl\\u00ednica UMH Universitat Miguel Hern\\u00e1ndez - Departamento de Medicina Cl\\u00ednica UMH\",\"isPartOf\":{\"@id\":\"https:\/\/departamentomedicinaclinica.umh.es\/#website\"},\"primaryImageOfPage\":{\"@id\":\"https:\/\/departamentomedicinaclinica.umh.es\/2016\/06\/10\/nueva-edicion-los-masteres-medicina-clinica-umh\/#primaryimage\"},\"datePublished\":\"2016-06-10T07:43:10+00:00\",\"dateModified\":\"2024-02-23T10:38:49+00:00\",\"description\":\"La Universitat Miguel Hern\\u00e1ndez inicia el seu per\\u00edode de\\u00a0preinscripci\\u00f3\\u00a0dels m\\u00e0sters Medicina Cl\\u00ednica\\u00a0UMH. Urg\\u00e8ncies, Atenci\\u00f3 prim\\u00e0ria, Infecciosos, etc.\",\"breadcrumb\":{\"@id\":\"https:\/\/departamentomedicinaclinica.umh.es\/2016\/06\/10\/nueva-edicion-los-masteres-medicina-clinica-umh\/#breadcrumb\"},\"inLanguage\":\"ca\",\"potentialAction\":[{\"@type\":\"ReadAction\",\"target\":[\"https:\/\/departamentomedicinaclinica.umh.es\/2016\/06\/10\/nueva-edicion-los-masteres-medicina-clinica-umh\/\"]}]},{\"@type\":\"BreadcrumbList\",\"@id\":\"https:\/\/departamentomedicinaclinica.umh.es\/2016\/06\/10\/nueva-edicion-los-masteres-medicina-clinica-umh\/#breadcrumb\",\"itemListElement\":[{\"@type\":\"ListItem\",\"position\":1,\"name\":\"Portada\",\"item\":\"https:\/\/departamentomedicinaclinica.umh.es\/\"},{\"@type\":\"ListItem\",\"position\":2,\"name\":\"Nueva edici\\u00f3n de los m\\u00e1steres Medicina Cl\\u00ednica UMH Universidad Miguel Hern\\u00e1ndez\"}]},{\"@type\":\"Article\",\"@id\":\"https:\/\/departamentomedicinaclinica.umh.es\/2016\/06\/10\/nueva-edicion-los-masteres-medicina-clinica-umh\/#article\",\"isPartOf\":{\"@id\":\"https:\/\/departamentomedicinaclinica.umh.es\/2016\/06\/10\/nueva-edicion-los-masteres-medicina-clinica-umh\/#webpage\"},\"author\":{\"@id\":\"https:\/\/departamentomedicinaclinica.umh.es\/#\/schema\/person\/4cce65f000b37391eb0fdba785a882b9\"},\"headline\":\"Nova edici\\u00f3 dels m\\u00e0sters Medicina Cl\\u00ednica UMH Universitat Miguel Hern\\u00e1ndez\",\"datePublished\":\"2016-06-10T07:43:10+00:00\",\"dateModified\":\"2024-02-23T10:38:49+00:00\",\"mainEntityOfPage\":{\"@id\":\"https:\/\/departamentomedicinaclinica.umh.es\/2016\/06\/10\/nueva-edicion-los-masteres-medicina-clinica-umh\/#webpage\"},\"wordCount\":1334,\"publisher\":{\"@id\":\"https:\/\/departamentomedicinaclinica.umh.es\/#organization\"},\"image\":{\"@id\":\"https:\/\/departamentomedicinaclinica.umh.es\/2016\/06\/10\/nueva-edicion-los-masteres-medicina-clinica-umh\/#primaryimage\"},\"thumbnailUrl\":\"https:\/\/departamentomedicinaclinica.umh.es\/files\/2016\/06\/maf_umh.jpg\",\"keywords\":[\"emergencias hospitalarias\",\"estudios m\\u00e1ster UMH\",\"estudios oficiales m\\u00e1ster medicina\",\"m\\u00e1ster atenci\\u00f3n primaria\",\"m\\u00e1ster enfermedades infecciosos\",\"m\\u00e1ster estudios Medicina\",\"m\\u00e1ster gesti\\u00f3n sanitaria\",\"m\\u00e1ster investigaci\\u00f3n\",\"m\\u00e1ster medicina cl\\u00ednica\",\"M\\u00e1ster UMH\",\"m\\u00e1ster urgencias\",\"Medicina Alicante\",\"Medicina m\\u00e1ster\"],\"articleSection\":[\"M\\u00e1steres\"],\"inLanguage\":\"ca\"},{\"@type\":\"Person\",\"@id\":\"https:\/\/departamentomedicinaclinica.umh.es\/#\/schema\/person\/4cce65f000b37391eb0fdba785a882b9\",\"name\":\"garcia.natalia\",\"image\":{\"@type\":\"ImageObject\",\"@id\":\"https:\/\/departamentomedicinaclinica.umh.es\/#personlogo\",\"inLanguage\":\"ca\",\"url\":\"https:\/\/secure.gravatar.com\/avatar\/2f6b18e6f874050af9faeeac24349c8c?s=96&d=mm&r=g\",\"contentUrl\":\"https:\/\/secure.gravatar.com\/avatar\/2f6b18e6f874050af9faeeac24349c8c?s=96&d=mm&r=g\",\"caption\":\"garcia.natalia\"},\"url\":\"https:\/\/departamentomedicinaclinica.umh.es\/ca\/author\/garcia-natalia\/\"}]}<\/script>\n<!-- \/ Yoast SEO plugin. -->","yoast_head_json":{"description":"La Universitat Miguel Hern\u00e1ndez inicia el seu per\u00edode de\u00a0preinscripci\u00f3\u00a0dels m\u00e0sters Medicina Cl\u00ednica\u00a0UMH. Urg\u00e8ncies, Atenci\u00f3 prim\u00e0ria, Infecciosos, etc.","robots":{"index":"index","follow":"follow","max-snippet":"max-snippet:-1","max-image-preview":"max-image-preview:large","max-video-preview":"max-video-preview:-1"},"canonical":"https:\/\/departamentomedicinaclinica.umh.es\/ca\/2016\/06\/10\/nueva-edicion-los-masteres-medicina-clinica-umh\/","og_locale":"ca_ES","og_type":"article","og_title":"Nova edici\u00f3 dels m\u00e0sters Medicina Cl\u00ednica UMH Universitat Miguel Hern\u00e1ndez - Departamento de Medicina Cl\u00ednica UMH","og_description":"La Universitat Miguel Hern\u00e1ndez inicia el seu per\u00edode de\u00a0preinscripci\u00f3\u00a0dels m\u00e0sters Medicina Cl\u00ednica\u00a0UMH. Urg\u00e8ncies, Atenci\u00f3 prim\u00e0ria, Infecciosos, etc.","og_url":"https:\/\/departamentomedicinaclinica.umh.es\/2016\/06\/10\/nueva-edicion-los-masteres-medicina-clinica-umh\/","og_site_name":"Departamento de Medicina Cl\u00ednica UMH","article_published_time":"2016-06-10T07:43:10+00:00","article_modified_time":"2024-02-23T10:38:49+00:00","og_image":[{"width":547,"height":335,"url":"https:\/\/departamentomedicinaclinica.umh.es\/files\/2016\/06\/maf_umh.jpg","type":"image\/jpeg"}],"twitter_card":"summary_large_image","twitter_creator":"@medicinaumh","twitter_site":"@medicinaumh","twitter_misc":{"Written by":"garcia.natalia","Est. reading time":"6 minuts"},"schema":{"@context":"https:\/\/schema.org","@graph":[{"@type":"Organization","@id":"https:\/\/departamentomedicinaclinica.umh.es\/#organization","name":"Departamento Medicina Cl\u00ednica Universidad Miguel Hern\u00e1ndez de Elche","url":"https:\/\/departamentomedicinaclinica.umh.es\/","sameAs":["https:\/\/www.youtube.com\/playlist?list=PLClKgnzRFYe6Y_i4QLNSlOwsZn0X3Klmb","https:\/\/twitter.com\/medicinaumh"],"logo":{"@type":"ImageObject","@id":"https:\/\/departamentomedicinaclinica.umh.es\/#logo","inLanguage":"ca","url":"https:\/\/departamentomedicinaclinica.umh.es\/files\/2024\/07\/meclin-vertical.png","contentUrl":"https:\/\/departamentomedicinaclinica.umh.es\/files\/2024\/07\/meclin-vertical.png","width":1376,"height":1600,"caption":"Departamento Medicina Cl\u00ednica Universidad Miguel Hern\u00e1ndez de Elche"},"image":{"@id":"https:\/\/departamentomedicinaclinica.umh.es\/#logo"}},{"@type":"WebSite","@id":"https:\/\/departamentomedicinaclinica.umh.es\/#website","url":"https:\/\/departamentomedicinaclinica.umh.es\/","name":"Departamento de Medicina Cl\u00ednica UMH","description":"Otro sitio m\u00e1s de Zeus.umh.es Blogs","publisher":{"@id":"https:\/\/departamentomedicinaclinica.umh.es\/#organization"},"potentialAction":[{"@type":"SearchAction","target":{"@type":"EntryPoint","urlTemplate":"https:\/\/departamentomedicinaclinica.umh.es\/?s={search_term_string}"},"query-input":"required name=search_term_string"}],"inLanguage":"ca"},{"@type":"ImageObject","@id":"https:\/\/departamentomedicinaclinica.umh.es\/2016\/06\/10\/nueva-edicion-los-masteres-medicina-clinica-umh\/#primaryimage","inLanguage":"ca","url":"https:\/\/departamentomedicinaclinica.umh.es\/files\/2016\/06\/maf_umh.jpg","contentUrl":"https:\/\/departamentomedicinaclinica.umh.es\/files\/2016\/06\/maf_umh.jpg","width":547,"height":335,"caption":"M\u00e1ster y Postgrados oficiales UMH"},{"@type":"WebPage","@id":"https:\/\/departamentomedicinaclinica.umh.es\/2016\/06\/10\/nueva-edicion-los-masteres-medicina-clinica-umh\/#webpage","url":"https:\/\/departamentomedicinaclinica.umh.es\/2016\/06\/10\/nueva-edicion-los-masteres-medicina-clinica-umh\/","name":"Nova edici\u00f3 dels m\u00e0sters Medicina Cl\u00ednica UMH Universitat Miguel Hern\u00e1ndez - Departamento de Medicina Cl\u00ednica UMH","isPartOf":{"@id":"https:\/\/departamentomedicinaclinica.umh.es\/#website"},"primaryImageOfPage":{"@id":"https:\/\/departamentomedicinaclinica.umh.es\/2016\/06\/10\/nueva-edicion-los-masteres-medicina-clinica-umh\/#primaryimage"},"datePublished":"2016-06-10T07:43:10+00:00","dateModified":"2024-02-23T10:38:49+00:00","description":"La Universitat Miguel Hern\u00e1ndez inicia el seu per\u00edode de\u00a0preinscripci\u00f3\u00a0dels m\u00e0sters Medicina Cl\u00ednica\u00a0UMH. Urg\u00e8ncies, Atenci\u00f3 prim\u00e0ria, Infecciosos, etc.","breadcrumb":{"@id":"https:\/\/departamentomedicinaclinica.umh.es\/2016\/06\/10\/nueva-edicion-los-masteres-medicina-clinica-umh\/#breadcrumb"},"inLanguage":"ca","potentialAction":[{"@type":"ReadAction","target":["https:\/\/departamentomedicinaclinica.umh.es\/2016\/06\/10\/nueva-edicion-los-masteres-medicina-clinica-umh\/"]}]},{"@type":"BreadcrumbList","@id":"https:\/\/departamentomedicinaclinica.umh.es\/2016\/06\/10\/nueva-edicion-los-masteres-medicina-clinica-umh\/#breadcrumb","itemListElement":[{"@type":"ListItem","position":1,"name":"Portada","item":"https:\/\/departamentomedicinaclinica.umh.es\/"},{"@type":"ListItem","position":2,"name":"Nueva edici\u00f3n de los m\u00e1steres Medicina Cl\u00ednica UMH Universidad Miguel Hern\u00e1ndez"}]},{"@type":"Article","@id":"https:\/\/departamentomedicinaclinica.umh.es\/2016\/06\/10\/nueva-edicion-los-masteres-medicina-clinica-umh\/#article","isPartOf":{"@id":"https:\/\/departamentomedicinaclinica.umh.es\/2016\/06\/10\/nueva-edicion-los-masteres-medicina-clinica-umh\/#webpage"},"author":{"@id":"https:\/\/departamentomedicinaclinica.umh.es\/#\/schema\/person\/4cce65f000b37391eb0fdba785a882b9"},"headline":"Nova edici\u00f3 dels m\u00e0sters Medicina Cl\u00ednica UMH Universitat Miguel Hern\u00e1ndez","datePublished":"2016-06-10T07:43:10+00:00","dateModified":"2024-02-23T10:38:49+00:00","mainEntityOfPage":{"@id":"https:\/\/departamentomedicinaclinica.umh.es\/2016\/06\/10\/nueva-edicion-los-masteres-medicina-clinica-umh\/#webpage"},"wordCount":1334,"publisher":{"@id":"https:\/\/departamentomedicinaclinica.umh.es\/#organization"},"image":{"@id":"https:\/\/departamentomedicinaclinica.umh.es\/2016\/06\/10\/nueva-edicion-los-masteres-medicina-clinica-umh\/#primaryimage"},"thumbnailUrl":"https:\/\/departamentomedicinaclinica.umh.es\/files\/2016\/06\/maf_umh.jpg","keywords":["emergencias hospitalarias","estudios m\u00e1ster UMH","estudios oficiales m\u00e1ster medicina","m\u00e1ster atenci\u00f3n primaria","m\u00e1ster enfermedades infecciosos","m\u00e1ster estudios Medicina","m\u00e1ster gesti\u00f3n sanitaria","m\u00e1ster investigaci\u00f3n","m\u00e1ster medicina cl\u00ednica","M\u00e1ster UMH","m\u00e1ster urgencias","Medicina Alicante","Medicina m\u00e1ster"],"articleSection":["M\u00e1steres"],"inLanguage":"ca"},{"@type":"Person","@id":"https:\/\/departamentomedicinaclinica.umh.es\/#\/schema\/person\/4cce65f000b37391eb0fdba785a882b9","name":"garcia.natalia","image":{"@type":"ImageObject","@id":"https:\/\/departamentomedicinaclinica.umh.es\/#personlogo","inLanguage":"ca","url":"https:\/\/secure.gravatar.com\/avatar\/2f6b18e6f874050af9faeeac24349c8c?s=96&d=mm&r=g","contentUrl":"https:\/\/secure.gravatar.com\/avatar\/2f6b18e6f874050af9faeeac24349c8c?s=96&d=mm&r=g","caption":"garcia.natalia"},"url":"https:\/\/departamentomedicinaclinica.umh.es\/ca\/author\/garcia-natalia\/"}]}},"_links":{"self":[{"href":"https:\/\/departamentomedicinaclinica.umh.es\/ca\/wp-json\/wp\/v2\/posts\/12827"}],"collection":[{"href":"https:\/\/departamentomedicinaclinica.umh.es\/ca\/wp-json\/wp\/v2\/posts"}],"about":[{"href":"https:\/\/departamentomedicinaclinica.umh.es\/ca\/wp-json\/wp\/v2\/types\/post"}],"author":[{"embeddable":true,"href":"https:\/\/departamentomedicinaclinica.umh.es\/ca\/wp-json\/wp\/v2\/users\/3158"}],"replies":[{"embeddable":true,"href":"https:\/\/departamentomedicinaclinica.umh.es\/ca\/wp-json\/wp\/v2\/comments?post=12827"}],"version-history":[{"count":0,"href":"https:\/\/departamentomedicinaclinica.umh.es\/ca\/wp-json\/wp\/v2\/posts\/12827\/revisions"}],"wp:featuredmedia":[{"embeddable":true,"href":"https:\/\/departamentomedicinaclinica.umh.es\/ca\/wp-json\/wp\/v2\/media\/12913"}],"wp:attachment":[{"href":"https:\/\/departamentomedicinaclinica.umh.es\/ca\/wp-json\/wp\/v2\/media?parent=12827"}],"wp:term":[{"taxonomy":"category","embeddable":true,"href":"https:\/\/departamentomedicinaclinica.umh.es\/ca\/wp-json\/wp\/v2\/categories?post=12827"},{"taxonomy":"post_tag","embeddable":true,"href":"https:\/\/departamentomedicinaclinica.umh.es\/ca\/wp-json\/wp\/v2\/tags?post=12827"}],"curies":[{"name":"wp","href":"https:\/\/api.w.org\/{rel}","templated":true}]}}