{"id":12955,"date":"2016-06-17T09:41:26","date_gmt":"2016-06-17T07:41:26","guid":{"rendered":"http:\/\/www.departamentomedicinaclinicaumh.es\/?p=12955"},"modified":"2024-02-23T10:38:49","modified_gmt":"2024-02-23T10:38:49","slug":"117-estudiantes-medicina-ecoes","status":"publish","type":"post","link":"https:\/\/departamentomedicinaclinica.umh.es\/ca\/2016\/06\/17\/117-estudiantes-medicina-ecoes\/","title":{"rendered":"117 estudiants de medicina UMH participen en les ECOES Avaluaci\u00f3 Cl\u00ednica Objectiva Estructurada"},"content":{"rendered":"<p><\/p>\n<p>ECOES. Les proves d&#8217;Avaluaci\u00f3 Cl\u00ednica Objectiva i Estructurada.<\/p>\n<p>La <a href=\"http:\/\/medicina.umh.es\/\" target=\"_blank\" rel=\"noopener\"><strong>Facultat de Medicina de la Universitat Miguel Hern\u00e1ndez<\/strong><\/a> (UMH) ha dut a terme els Proves d&#8217;Avaluaci\u00f3 C\u00ednica Objectiva i Estructurada (ECOES).<\/p>\n<h2>Qui van participar en les ECOES UMH?<\/h2>\n<p>Prop de <strong>117 estudiants<\/strong> del <a href=\"http:\/\/www.departamentomedicinaclinica.edu.umh.es\/ca\/\" target=\"_blank\" rel=\"noopener\">Departament de Medicina Cl\u00ednica<\/a> van realitzar aqueixes proves. Entre els dies 11 i 12 de juny es van desenvolupar en les instal\u00b7lacions del <a href=\"http:\/\/www.dep17.san.gva.es\" target=\"_blank\" rel=\"noopener\"><strong>Hospital Universitari de Sant Joan d\u2019Alacant<\/strong><\/a>.<!--more--><\/p>\n<h2>Qui van organitzar les les ECOES UMH?<\/h2>\n<p><a href=\"http:\/\/www.umh.es\/contenido\/pdi\/:persona_5319\/datos_val.html\" target=\"_blank\" rel=\"noopener\">Antonio Compa\u00f1<\/a>, decano de la Facultat de Medicina de la UMH, i <a href=\"https:\/\/www.umh.es\/contenido\/Estudiantes\/:persona_128503\/datos_val.html\" target=\"_blank\" rel=\"noopener\">Jos\u00e9 Manuel Ramos<\/a>, professor de Medicina de la UMH,\u00a0 van ser els coordinadors en aquesta ocasi\u00f3.<br \/>\nEls <a href=\"http:\/\/umh.es\/?lang=VAL\" target=\"_blank\" rel=\"noopener\">estudiants de Medicina de la UMH<\/a> havien de superar de forma obligat\u00f2ria una s\u00e8rie de fases per a finalitzar els estudis de grau de Medicina.<\/p>\n<h2>En qu\u00e8 consistien les ECOES UMH?<\/h2>\n<p>Les <strong>ECOES<\/strong> estaven estructurades en 20 estacions compostes de:<\/p>\n<ul>\n<li>activitats m\u00e8diques diverses, que simulaven situacions cl\u00edniques reals.<\/li>\n<li>maniqu\u00eds,<\/li>\n<li>pacients simulats,<\/li>\n<li>q\u00fcestions estructurades,<\/li>\n<li>possibilitat de valoraci\u00f3 conjunta de la promoci\u00f3,<\/li>\n<li>an\u00e0lisi de diverses compet\u00e8ncies, etc.<\/li>\n<\/ul>\n<p>Aix\u00ed mateix, aquest conjunt d&#8217;activitats posseeixen un car\u00e0cter formatiu que possibiliten en l&#8217;estudiant l&#8217;autoavaluaci\u00f3 i gran retroalimentaci\u00f3.<br \/>\nEls seus resultats permeten als alumnes obtenir una avaluaci\u00f3 personal de les seues compet\u00e8ncies i identificar punts forts, aix\u00ed com febleses.<br \/>\nPer la seua banda, resulta clau per als <strong>professors del Departament de Medicina de la UMH<\/strong> a l&#8217;hora d&#8217;elaborar una guia d&#8217;orientaci\u00f3 cap als estudiants; establint necessitats de formaci\u00f3 i enfortint la identificaci\u00f3 amb les Ci\u00e8ncies de la Salut. En aquest conjunt de proves objectives, ECOES, l&#8217;alumne haur\u00e0 de provar el conjunt de compet\u00e8ncies adquirides en diversos par\u00e0metres.<\/p>\n<ul>\n<li>anamnesi,<\/li>\n<li>exploraci\u00f3 f\u00edsica,<\/li>\n<li>maneig diagn\u00f2stic i terap\u00e8utic,<\/li>\n<li>habilitats t\u00e8cniques i de comunicaci\u00f3,<\/li>\n<li>educaci\u00f3 sanit\u00e0ria,<\/li>\n<li>relacions interprofessionals<\/li>\n<li>i bio\u00e8tica.<\/li>\n<\/ul>\n<p>Prop de <strong>137 persones han sigut necess\u00e0ries<\/strong> para a realitzaci\u00f3 d&#8217;aquestes proves de\u00a0<em>Avaluaci\u00f3 Cl\u00ednica Objectiva i Estructurada<\/em>, ECOES: avaluadors, pacients estandarditzats, actors i actrius, logistes, professors d&#8217;altres universitats i inform\u00e0tics.<br \/>\nA m\u00e9s, uns<strong> 27 professors van dissenyar les estacions<\/strong>, supervisat per un comit\u00e8 de 7 experts.<br \/>\n<img loading=\"lazy\" class=\"aligncenter wp-image-12968\" title=\"Exploracions d'alumnes en les ECOES Universitat Miguel Hern\u00e1ndez\" src=\"https:\/\/departamentomedicinaclinica.umh.es\/files\/2016\/06\/usg-1-1526902-639x427-1.jpg\" alt=\"ECOES Universitat Miguel Hern\u00e1ndez\" width=\"500\" height=\"335\" srcset=\"https:\/\/departamentomedicinaclinica.umh.es\/files\/2016\/06\/usg-1-1526902-639x427-1.jpg 639w, https:\/\/departamentomedicinaclinica.umh.es\/files\/2016\/06\/usg-1-1526902-639x427-1-300x201.jpg 300w\" sizes=\"(max-width: 500px) 100vw, 500px\" \/><\/p>","protected":false},"excerpt":{"rendered":"<p>Ho sentim, aquesta entrada es troba disponible \u00fanicament en Espanyol Europeu.<\/p>\n","protected":false},"author":3158,"featured_media":12967,"comment_status":"closed","ping_status":"open","sticky":false,"template":"","format":"standard","meta":{"_links_to":"","_links_to_target":""},"categories":[964],"tags":[1010068,1012829,28881,1116408,1117382,1117614,472500,1253428,40775,1259640,1316728,1317613,5920,6271],"yoast_head":"<!-- This site is optimized with the Yoast SEO plugin v17.5 - https:\/\/yoast.com\/wordpress\/plugins\/seo\/ -->\n<meta name=\"description\" content=\"ECOES 117 estudiants de Medicina de la\u00a0UMH\u00a0participen en les\u00a0ECOES\u00a0a l&#039;Hospital de Sant Joan d&#039;Alacant. Proves d&#039;Avaluaci\u00f3 Cl\u00ednica Objectiva i Estructurada.\" \/>\n<meta name=\"robots\" content=\"index, follow, max-snippet:-1, max-image-preview:large, max-video-preview:-1\" \/>\n<link rel=\"canonical\" href=\"https:\/\/departamentomedicinaclinica.umh.es\/ca\/2016\/06\/17\/117-estudiantes-medicina-ecoes\/\" \/>\n<meta property=\"og:locale\" content=\"ca_ES\" \/>\n<meta property=\"og:type\" content=\"article\" \/>\n<meta property=\"og:title\" content=\"117 estudiants de medicina UMH participen en les ECOES Avaluaci\u00f3 Cl\u00ednica Objectiva Estructurada - Departamento de Medicina Cl\u00ednica UMH\" \/>\n<meta property=\"og:description\" content=\"ECOES 117 estudiants de Medicina de la\u00a0UMH\u00a0participen en les\u00a0ECOES\u00a0a l&#039;Hospital de Sant Joan d&#039;Alacant. Proves d&#039;Avaluaci\u00f3 Cl\u00ednica Objectiva i Estructurada.\" \/>\n<meta property=\"og:url\" content=\"https:\/\/departamentomedicinaclinica.umh.es\/2016\/06\/17\/117-estudiantes-medicina-ecoes\/\" \/>\n<meta property=\"og:site_name\" content=\"Departamento de Medicina Cl\u00ednica UMH\" \/>\n<meta property=\"article:published_time\" content=\"2016-06-17T07:41:26+00:00\" \/>\n<meta property=\"article:modified_time\" content=\"2024-02-23T10:38:49+00:00\" \/>\n<meta property=\"og:image\" content=\"https:\/\/departamentomedicinaclinica.umh.es\/files\/2016\/06\/ECOES-UMH-Medicina2.jpg\" \/>\n\t<meta property=\"og:image:width\" content=\"547\" \/>\n\t<meta property=\"og:image:height\" content=\"334\" \/>\n<meta name=\"twitter:card\" content=\"summary_large_image\" \/>\n<meta name=\"twitter:creator\" content=\"@medicinaumh\" \/>\n<meta name=\"twitter:site\" content=\"@medicinaumh\" \/>\n<meta name=\"twitter:label1\" content=\"Written by\" \/>\n\t<meta name=\"twitter:data1\" content=\"garcia.natalia\" \/>\n\t<meta name=\"twitter:label2\" content=\"Est. reading time\" \/>\n\t<meta name=\"twitter:data2\" content=\"5 minuts\" \/>\n<script type=\"application\/ld+json\" class=\"yoast-schema-graph\">{\"@context\":\"https:\/\/schema.org\",\"@graph\":[{\"@type\":\"Organization\",\"@id\":\"https:\/\/departamentomedicinaclinica.umh.es\/#organization\",\"name\":\"Departamento Medicina Cl\\u00ednica Universidad Miguel Hern\\u00e1ndez de Elche\",\"url\":\"https:\/\/departamentomedicinaclinica.umh.es\/\",\"sameAs\":[\"https:\/\/www.youtube.com\/playlist?list=PLClKgnzRFYe6Y_i4QLNSlOwsZn0X3Klmb\",\"https:\/\/twitter.com\/medicinaumh\"],\"logo\":{\"@type\":\"ImageObject\",\"@id\":\"https:\/\/departamentomedicinaclinica.umh.es\/#logo\",\"inLanguage\":\"ca\",\"url\":\"https:\/\/departamentomedicinaclinica.umh.es\/files\/2024\/07\/meclin-vertical.png\",\"contentUrl\":\"https:\/\/departamentomedicinaclinica.umh.es\/files\/2024\/07\/meclin-vertical.png\",\"width\":1376,\"height\":1600,\"caption\":\"Departamento Medicina Cl\\u00ednica Universidad Miguel Hern\\u00e1ndez de Elche\"},\"image\":{\"@id\":\"https:\/\/departamentomedicinaclinica.umh.es\/#logo\"}},{\"@type\":\"WebSite\",\"@id\":\"https:\/\/departamentomedicinaclinica.umh.es\/#website\",\"url\":\"https:\/\/departamentomedicinaclinica.umh.es\/\",\"name\":\"Departamento de Medicina Cl\\u00ednica UMH\",\"description\":\"Otro sitio m\\u00e1s de Zeus.umh.es Blogs\",\"publisher\":{\"@id\":\"https:\/\/departamentomedicinaclinica.umh.es\/#organization\"},\"potentialAction\":[{\"@type\":\"SearchAction\",\"target\":{\"@type\":\"EntryPoint\",\"urlTemplate\":\"https:\/\/departamentomedicinaclinica.umh.es\/?s={search_term_string}\"},\"query-input\":\"required name=search_term_string\"}],\"inLanguage\":\"ca\"},{\"@type\":\"ImageObject\",\"@id\":\"https:\/\/departamentomedicinaclinica.umh.es\/2016\/06\/17\/117-estudiantes-medicina-ecoes\/#primaryimage\",\"inLanguage\":\"ca\",\"url\":\"https:\/\/departamentomedicinaclinica.umh.es\/files\/2016\/06\/ECOES-UMH-Medicina2.jpg\",\"contentUrl\":\"https:\/\/departamentomedicinaclinica.umh.es\/files\/2016\/06\/ECOES-UMH-Medicina2.jpg\",\"width\":547,\"height\":334,\"caption\":\"ECOES UMH Medicina\"},{\"@type\":\"WebPage\",\"@id\":\"https:\/\/departamentomedicinaclinica.umh.es\/2016\/06\/17\/117-estudiantes-medicina-ecoes\/#webpage\",\"url\":\"https:\/\/departamentomedicinaclinica.umh.es\/2016\/06\/17\/117-estudiantes-medicina-ecoes\/\",\"name\":\"117 estudiants de medicina UMH participen en les ECOES Avaluaci\\u00f3 Cl\\u00ednica Objectiva Estructurada - Departamento de Medicina Cl\\u00ednica UMH\",\"isPartOf\":{\"@id\":\"https:\/\/departamentomedicinaclinica.umh.es\/#website\"},\"primaryImageOfPage\":{\"@id\":\"https:\/\/departamentomedicinaclinica.umh.es\/2016\/06\/17\/117-estudiantes-medicina-ecoes\/#primaryimage\"},\"datePublished\":\"2016-06-17T07:41:26+00:00\",\"dateModified\":\"2024-02-23T10:38:49+00:00\",\"description\":\"ECOES 117 estudiants de Medicina de la\\u00a0UMH\\u00a0participen en les\\u00a0ECOES\\u00a0a l'Hospital de Sant Joan d'Alacant. Proves d'Avaluaci\\u00f3 Cl\\u00ednica Objectiva i Estructurada.\",\"breadcrumb\":{\"@id\":\"https:\/\/departamentomedicinaclinica.umh.es\/2016\/06\/17\/117-estudiantes-medicina-ecoes\/#breadcrumb\"},\"inLanguage\":\"ca\",\"potentialAction\":[{\"@type\":\"ReadAction\",\"target\":[\"https:\/\/departamentomedicinaclinica.umh.es\/2016\/06\/17\/117-estudiantes-medicina-ecoes\/\"]}]},{\"@type\":\"BreadcrumbList\",\"@id\":\"https:\/\/departamentomedicinaclinica.umh.es\/2016\/06\/17\/117-estudiantes-medicina-ecoes\/#breadcrumb\",\"itemListElement\":[{\"@type\":\"ListItem\",\"position\":1,\"name\":\"Portada\",\"item\":\"https:\/\/departamentomedicinaclinica.umh.es\/\"},{\"@type\":\"ListItem\",\"position\":2,\"name\":\"117 estudiantes de medicina UMH participan en las ECOES Evaluaci\\u00f3n Cl\\u00ednica Objetiva Estructurada\"}]},{\"@type\":\"Article\",\"@id\":\"https:\/\/departamentomedicinaclinica.umh.es\/2016\/06\/17\/117-estudiantes-medicina-ecoes\/#article\",\"isPartOf\":{\"@id\":\"https:\/\/departamentomedicinaclinica.umh.es\/2016\/06\/17\/117-estudiantes-medicina-ecoes\/#webpage\"},\"author\":{\"@id\":\"https:\/\/departamentomedicinaclinica.umh.es\/#\/schema\/person\/4cce65f000b37391eb0fdba785a882b9\"},\"headline\":\"117 estudiants de medicina UMH participen en les ECOES Avaluaci\\u00f3 Cl\\u00ednica Objectiva Estructurada\",\"datePublished\":\"2016-06-17T07:41:26+00:00\",\"dateModified\":\"2024-02-23T10:38:49+00:00\",\"mainEntityOfPage\":{\"@id\":\"https:\/\/departamentomedicinaclinica.umh.es\/2016\/06\/17\/117-estudiantes-medicina-ecoes\/#webpage\"},\"wordCount\":1073,\"publisher\":{\"@id\":\"https:\/\/departamentomedicinaclinica.umh.es\/#organization\"},\"image\":{\"@id\":\"https:\/\/departamentomedicinaclinica.umh.es\/2016\/06\/17\/117-estudiantes-medicina-ecoes\/#primaryimage\"},\"thumbnailUrl\":\"https:\/\/departamentomedicinaclinica.umh.es\/files\/2016\/06\/ECOES-UMH-Medicina2.jpg\",\"keywords\":[\"alumnos 6\\u00ba Medicina UMH\",\"Anamnesis\",\"Diagn\\u00f3stico\",\"ECOES\",\"ECOES Alicante\",\"Ecoes UMH\",\"Evaluaci\\u00f3n Cl\\u00ednica\",\"Medicina pr\\u00e1cticas\",\"Medicina UMH\",\"Medicina UMH ecoes\",\"Pr\\u00e1ctica m\\u00e9dica UMH\",\"pr\\u00e1cticas UMH\",\"Tratamiento\",\"Universidad Miguel Hern\\u00e1ndez Elche\"],\"articleSection\":[\"Actualidad\"],\"inLanguage\":\"ca\"},{\"@type\":\"Person\",\"@id\":\"https:\/\/departamentomedicinaclinica.umh.es\/#\/schema\/person\/4cce65f000b37391eb0fdba785a882b9\",\"name\":\"garcia.natalia\",\"image\":{\"@type\":\"ImageObject\",\"@id\":\"https:\/\/departamentomedicinaclinica.umh.es\/#personlogo\",\"inLanguage\":\"ca\",\"url\":\"https:\/\/secure.gravatar.com\/avatar\/2f6b18e6f874050af9faeeac24349c8c?s=96&d=mm&r=g\",\"contentUrl\":\"https:\/\/secure.gravatar.com\/avatar\/2f6b18e6f874050af9faeeac24349c8c?s=96&d=mm&r=g\",\"caption\":\"garcia.natalia\"},\"url\":\"https:\/\/departamentomedicinaclinica.umh.es\/ca\/author\/garcia-natalia\/\"}]}<\/script>\n<!-- \/ Yoast SEO plugin. -->","yoast_head_json":{"description":"ECOES 117 estudiants de Medicina de la\u00a0UMH\u00a0participen en les\u00a0ECOES\u00a0a l'Hospital de Sant Joan d'Alacant. Proves d'Avaluaci\u00f3 Cl\u00ednica Objectiva i Estructurada.","robots":{"index":"index","follow":"follow","max-snippet":"max-snippet:-1","max-image-preview":"max-image-preview:large","max-video-preview":"max-video-preview:-1"},"canonical":"https:\/\/departamentomedicinaclinica.umh.es\/ca\/2016\/06\/17\/117-estudiantes-medicina-ecoes\/","og_locale":"ca_ES","og_type":"article","og_title":"117 estudiants de medicina UMH participen en les ECOES Avaluaci\u00f3 Cl\u00ednica Objectiva Estructurada - Departamento de Medicina Cl\u00ednica UMH","og_description":"ECOES 117 estudiants de Medicina de la\u00a0UMH\u00a0participen en les\u00a0ECOES\u00a0a l'Hospital de Sant Joan d'Alacant. Proves d'Avaluaci\u00f3 Cl\u00ednica Objectiva i Estructurada.","og_url":"https:\/\/departamentomedicinaclinica.umh.es\/2016\/06\/17\/117-estudiantes-medicina-ecoes\/","og_site_name":"Departamento de Medicina Cl\u00ednica UMH","article_published_time":"2016-06-17T07:41:26+00:00","article_modified_time":"2024-02-23T10:38:49+00:00","og_image":[{"width":547,"height":334,"url":"https:\/\/departamentomedicinaclinica.umh.es\/files\/2016\/06\/ECOES-UMH-Medicina2.jpg","type":"image\/jpeg"}],"twitter_card":"summary_large_image","twitter_creator":"@medicinaumh","twitter_site":"@medicinaumh","twitter_misc":{"Written by":"garcia.natalia","Est. reading time":"5 minuts"},"schema":{"@context":"https:\/\/schema.org","@graph":[{"@type":"Organization","@id":"https:\/\/departamentomedicinaclinica.umh.es\/#organization","name":"Departamento Medicina Cl\u00ednica Universidad Miguel Hern\u00e1ndez de Elche","url":"https:\/\/departamentomedicinaclinica.umh.es\/","sameAs":["https:\/\/www.youtube.com\/playlist?list=PLClKgnzRFYe6Y_i4QLNSlOwsZn0X3Klmb","https:\/\/twitter.com\/medicinaumh"],"logo":{"@type":"ImageObject","@id":"https:\/\/departamentomedicinaclinica.umh.es\/#logo","inLanguage":"ca","url":"https:\/\/departamentomedicinaclinica.umh.es\/files\/2024\/07\/meclin-vertical.png","contentUrl":"https:\/\/departamentomedicinaclinica.umh.es\/files\/2024\/07\/meclin-vertical.png","width":1376,"height":1600,"caption":"Departamento Medicina Cl\u00ednica Universidad Miguel Hern\u00e1ndez de Elche"},"image":{"@id":"https:\/\/departamentomedicinaclinica.umh.es\/#logo"}},{"@type":"WebSite","@id":"https:\/\/departamentomedicinaclinica.umh.es\/#website","url":"https:\/\/departamentomedicinaclinica.umh.es\/","name":"Departamento de Medicina Cl\u00ednica UMH","description":"Otro sitio m\u00e1s de Zeus.umh.es Blogs","publisher":{"@id":"https:\/\/departamentomedicinaclinica.umh.es\/#organization"},"potentialAction":[{"@type":"SearchAction","target":{"@type":"EntryPoint","urlTemplate":"https:\/\/departamentomedicinaclinica.umh.es\/?s={search_term_string}"},"query-input":"required name=search_term_string"}],"inLanguage":"ca"},{"@type":"ImageObject","@id":"https:\/\/departamentomedicinaclinica.umh.es\/2016\/06\/17\/117-estudiantes-medicina-ecoes\/#primaryimage","inLanguage":"ca","url":"https:\/\/departamentomedicinaclinica.umh.es\/files\/2016\/06\/ECOES-UMH-Medicina2.jpg","contentUrl":"https:\/\/departamentomedicinaclinica.umh.es\/files\/2016\/06\/ECOES-UMH-Medicina2.jpg","width":547,"height":334,"caption":"ECOES UMH Medicina"},{"@type":"WebPage","@id":"https:\/\/departamentomedicinaclinica.umh.es\/2016\/06\/17\/117-estudiantes-medicina-ecoes\/#webpage","url":"https:\/\/departamentomedicinaclinica.umh.es\/2016\/06\/17\/117-estudiantes-medicina-ecoes\/","name":"117 estudiants de medicina UMH participen en les ECOES Avaluaci\u00f3 Cl\u00ednica Objectiva Estructurada - Departamento de Medicina Cl\u00ednica UMH","isPartOf":{"@id":"https:\/\/departamentomedicinaclinica.umh.es\/#website"},"primaryImageOfPage":{"@id":"https:\/\/departamentomedicinaclinica.umh.es\/2016\/06\/17\/117-estudiantes-medicina-ecoes\/#primaryimage"},"datePublished":"2016-06-17T07:41:26+00:00","dateModified":"2024-02-23T10:38:49+00:00","description":"ECOES 117 estudiants de Medicina de la\u00a0UMH\u00a0participen en les\u00a0ECOES\u00a0a l'Hospital de Sant Joan d'Alacant. Proves d'Avaluaci\u00f3 Cl\u00ednica Objectiva i Estructurada.","breadcrumb":{"@id":"https:\/\/departamentomedicinaclinica.umh.es\/2016\/06\/17\/117-estudiantes-medicina-ecoes\/#breadcrumb"},"inLanguage":"ca","potentialAction":[{"@type":"ReadAction","target":["https:\/\/departamentomedicinaclinica.umh.es\/2016\/06\/17\/117-estudiantes-medicina-ecoes\/"]}]},{"@type":"BreadcrumbList","@id":"https:\/\/departamentomedicinaclinica.umh.es\/2016\/06\/17\/117-estudiantes-medicina-ecoes\/#breadcrumb","itemListElement":[{"@type":"ListItem","position":1,"name":"Portada","item":"https:\/\/departamentomedicinaclinica.umh.es\/"},{"@type":"ListItem","position":2,"name":"117 estudiantes de medicina UMH participan en las ECOES Evaluaci\u00f3n Cl\u00ednica Objetiva Estructurada"}]},{"@type":"Article","@id":"https:\/\/departamentomedicinaclinica.umh.es\/2016\/06\/17\/117-estudiantes-medicina-ecoes\/#article","isPartOf":{"@id":"https:\/\/departamentomedicinaclinica.umh.es\/2016\/06\/17\/117-estudiantes-medicina-ecoes\/#webpage"},"author":{"@id":"https:\/\/departamentomedicinaclinica.umh.es\/#\/schema\/person\/4cce65f000b37391eb0fdba785a882b9"},"headline":"117 estudiants de medicina UMH participen en les ECOES Avaluaci\u00f3 Cl\u00ednica Objectiva Estructurada","datePublished":"2016-06-17T07:41:26+00:00","dateModified":"2024-02-23T10:38:49+00:00","mainEntityOfPage":{"@id":"https:\/\/departamentomedicinaclinica.umh.es\/2016\/06\/17\/117-estudiantes-medicina-ecoes\/#webpage"},"wordCount":1073,"publisher":{"@id":"https:\/\/departamentomedicinaclinica.umh.es\/#organization"},"image":{"@id":"https:\/\/departamentomedicinaclinica.umh.es\/2016\/06\/17\/117-estudiantes-medicina-ecoes\/#primaryimage"},"thumbnailUrl":"https:\/\/departamentomedicinaclinica.umh.es\/files\/2016\/06\/ECOES-UMH-Medicina2.jpg","keywords":["alumnos 6\u00ba Medicina UMH","Anamnesis","Diagn\u00f3stico","ECOES","ECOES Alicante","Ecoes UMH","Evaluaci\u00f3n Cl\u00ednica","Medicina pr\u00e1cticas","Medicina UMH","Medicina UMH ecoes","Pr\u00e1ctica m\u00e9dica UMH","pr\u00e1cticas UMH","Tratamiento","Universidad Miguel Hern\u00e1ndez Elche"],"articleSection":["Actualidad"],"inLanguage":"ca"},{"@type":"Person","@id":"https:\/\/departamentomedicinaclinica.umh.es\/#\/schema\/person\/4cce65f000b37391eb0fdba785a882b9","name":"garcia.natalia","image":{"@type":"ImageObject","@id":"https:\/\/departamentomedicinaclinica.umh.es\/#personlogo","inLanguage":"ca","url":"https:\/\/secure.gravatar.com\/avatar\/2f6b18e6f874050af9faeeac24349c8c?s=96&d=mm&r=g","contentUrl":"https:\/\/secure.gravatar.com\/avatar\/2f6b18e6f874050af9faeeac24349c8c?s=96&d=mm&r=g","caption":"garcia.natalia"},"url":"https:\/\/departamentomedicinaclinica.umh.es\/ca\/author\/garcia-natalia\/"}]}},"_links":{"self":[{"href":"https:\/\/departamentomedicinaclinica.umh.es\/ca\/wp-json\/wp\/v2\/posts\/12955"}],"collection":[{"href":"https:\/\/departamentomedicinaclinica.umh.es\/ca\/wp-json\/wp\/v2\/posts"}],"about":[{"href":"https:\/\/departamentomedicinaclinica.umh.es\/ca\/wp-json\/wp\/v2\/types\/post"}],"author":[{"embeddable":true,"href":"https:\/\/departamentomedicinaclinica.umh.es\/ca\/wp-json\/wp\/v2\/users\/3158"}],"replies":[{"embeddable":true,"href":"https:\/\/departamentomedicinaclinica.umh.es\/ca\/wp-json\/wp\/v2\/comments?post=12955"}],"version-history":[{"count":0,"href":"https:\/\/departamentomedicinaclinica.umh.es\/ca\/wp-json\/wp\/v2\/posts\/12955\/revisions"}],"wp:featuredmedia":[{"embeddable":true,"href":"https:\/\/departamentomedicinaclinica.umh.es\/ca\/wp-json\/wp\/v2\/media\/12967"}],"wp:attachment":[{"href":"https:\/\/departamentomedicinaclinica.umh.es\/ca\/wp-json\/wp\/v2\/media?parent=12955"}],"wp:term":[{"taxonomy":"category","embeddable":true,"href":"https:\/\/departamentomedicinaclinica.umh.es\/ca\/wp-json\/wp\/v2\/categories?post=12955"},{"taxonomy":"post_tag","embeddable":true,"href":"https:\/\/departamentomedicinaclinica.umh.es\/ca\/wp-json\/wp\/v2\/tags?post=12955"}],"curies":[{"name":"wp","href":"https:\/\/api.w.org\/{rel}","templated":true}]}}