{"id":13149,"date":"2016-06-30T12:55:49","date_gmt":"2016-06-30T10:55:49","guid":{"rendered":"http:\/\/www.departamentomedicinaclinicaumh.es\/?p=13149"},"modified":"2024-02-23T10:38:49","modified_gmt":"2024-02-23T10:38:49","slug":"graduacion-grado-en-medicina-umh","status":"publish","type":"post","link":"https:\/\/departamentomedicinaclinica.umh.es\/ca\/2016\/06\/30\/graduacion-grado-en-medicina-umh\/","title":{"rendered":"Acte de graduaci\u00f3 i promoci\u00f3 de grau en Medicina UMH"},"content":{"rendered":"<p>El cap de setmana passat va tenir lloc a Alacant la <strong>Graduaci\u00f3 I Promoci\u00f3 de Grau en Medicina UMH<\/strong>. L&#8217;acte amb els estudiants de la\u00a0<a href=\"http:\/\/umh.es\/?lang=VAL\" target=\"_blank\" rel=\"noopener\">Universitat Miguel Hern\u00e1ndez (UMH)<\/a> va tenir lloc en el <strong><a href=\"http:\/\/www.e-coma.es\" target=\"_blank\" rel=\"noopener\">Il\u00b7lustre Col\u00b7legi Oficial de Metges<\/a><\/strong> de la capital.<\/p>\n<h2>Qui van presidir l&#8217;Acte de Graduaci\u00f3 de la I Promoci\u00f3 de Grau en Medicina UMH?<\/h2>\n<p><img loading=\"lazy\" class=\"aligncenter wp-image-2334 size-full\" title=\"Estudis de Grau en Medicina UMH\" src=\"https:\/\/departamentomedicinaclinica.umh.es\/files\/2015\/01\/MedicinaUMH.jpg\" alt=\"Fullet Grau en Medicina UMH\" width=\"520\" height=\"508\" srcset=\"https:\/\/departamentomedicinaclinica.umh.es\/files\/2015\/01\/MedicinaUMH.jpg 520w, https:\/\/departamentomedicinaclinica.umh.es\/files\/2015\/01\/MedicinaUMH-300x293.jpg 300w\" sizes=\"(max-width: 520px) 100vw, 520px\" \/><br \/>\nL&#8217;acte de Graduaci\u00f3 de la 1\u00aa promoci\u00f3 de Grau en Medicina va estar presidit principalment per diverses personalitats relacionades amb l&#8217;\u00e0mbit acad\u00e8mic de la Universitat Miguel Hern\u00e1ndez, entre uns altres:<\/p>\n<ul>\n<li><a href=\"http:\/\/www.umh.es\/contenido\/pdi\/:persona_49691\/datos_val.html\" target=\"_blank\" rel=\"noopener\">Mar\u00eda Carmen Acosta Boj<\/a>, vicerectora d&#8217;Estudis de la UMH<\/li>\n<\/ul>\n<p>Aix\u00ed mateix, a l&#8217;important acte <!--more-->van assistir, van assistir, diverses personalitats d&#8217;\u00e0mbit acad\u00e8mic i professional. Entre uns altres:<\/p>\n<ul>\n<li><a href=\"http:\/\/www.umh.es\/contenido\/pdi\/:persona_5319\/datos_val.html\" target=\"_blank\" rel=\"noopener\">Antonio Compa\u00f1 Rosique<\/a>, deg\u00e0 de la Facultat de Medicina de la UMH<\/li>\n<li><a href=\"https:\/\/www.linkedin.com\/in\/jose-pastor-rosado-21b4618b\" target=\"_blank\" rel=\"noopener\">Jos\u00e9 Pastor Rosado<\/a>, president del Col\u00b7legi Oficial de Metges d&#8217;Alacant<\/li>\n<\/ul>\n<p>I al mateix temps van actuar com a padrins de l&#8217;acte de Graduaci\u00f3 de la 1\u00aa promoci\u00f3 de Grau de Medicina de la Universitat Miguel Hern\u00e1ndez en el Col\u00b7legi de Metges d&#8217;Alacant:<\/p>\n<ul>\n<li><a href=\"http:\/\/www.umh.es\/contenido\/pdi\/:persona_5695\/datos_val.html\" target=\"_blank\" rel=\"noopener\">Susana Jim\u00e9nez Moreno<\/a>, professora de la UMH<\/li>\n<li><a href=\"https:\/\/www.researchgate.net\/scientific-contributions\/11243949_Jaime_Merino_Sanchez\" target=\"_blank\" rel=\"noopener\">Jaime Merino S\u00e1nchez<\/a>, catedr\u00e0tic de Medicina i professor de la UMH<\/li>\n<\/ul>\n<p><img class=\"aligncenter\" title=\"Estudiants de la Promoci\u00f3 de Grau en Medicina UMH durant la seua graduaci\u00f3\" src=\"http:\/\/comunicacion.umh.es\/files\/2016\/06\/27-06-16-graduaci%C3%B3n-medicina-recortada.jpg\" alt=\"Graduaci\u00f3 I promoci\u00f3 de Grau en Medicina UMH\" \/><\/p>\n<h2>Qui van intervenir en el Acte de Graduaci\u00f3 de la I Promoci\u00f3 de Grau en Medicina UMH en l&#8217;Il\u00b7lustre Col\u00b7legi de Metges d&#8217;Alacant?<\/h2>\n<p>Durant la <strong>cerim\u00f2nia de Graduaci\u00f3 de la 1\u00aa promoci\u00f3 del Grau en Medicina<\/strong> van participar diversos estudiants de la Universitat Miguel Hern\u00e1ndez, entre els quals caldria destacar per la seua intervenci\u00f3 a:<br \/>\nJavier Bosque Moreno.<br \/>\nBlanca Bayoumy Delis i Yaiza Galva\u00f1 F\u00e9lix es van encarregar de realitzar la <strong>introducci\u00f3 al Jurament Hipocr\u00e1tico<\/strong>.<br \/>\nFinalment, el catedr\u00e0tic de Medicina de la UMH, <strong>Jaime Merino S\u00e1nchez<\/strong>, va impartir la Lli\u00e7\u00f3 Magistral en l&#8217;acte de graduaci\u00f3 I i promoci\u00f3 de Grau en Medicina de la Universitat Miguel Hern\u00e1ndez en l&#8217;Il\u00b7lustre Col\u00b7legi Oficial de Metges d&#8217;Alacant.<\/p>","protected":false},"excerpt":{"rendered":"<p>Ho sentim, aquesta entrada es troba disponible \u00fanicament en Espanyol Europeu.<\/p>\n","protected":false},"author":3158,"featured_media":13170,"comment_status":"closed","ping_status":"open","sticky":false,"template":"","format":"standard","meta":{"_links_to":"","_links_to_target":""},"categories":[964],"tags":[998237,1152960,1177702,1250535,40775,6265,6301],"yoast_head":"<!-- This site is optimized with the Yoast SEO plugin v17.5 - https:\/\/yoast.com\/wordpress\/plugins\/seo\/ -->\n<meta name=\"description\" content=\"El cap de setmana es va celebrar l&#039;acte de Graduaci\u00f3 I Promoci\u00f3 de grau en Medicina\u00a0UMH. Els estudiants Universitat Miguel Hern\u00e1ndez van assistir a Alacant.\" \/>\n<meta name=\"robots\" content=\"index, follow, max-snippet:-1, max-image-preview:large, max-video-preview:-1\" \/>\n<link rel=\"canonical\" href=\"https:\/\/departamentomedicinaclinica.umh.es\/ca\/2016\/06\/30\/graduacion-grado-en-medicina-umh\/\" \/>\n<meta property=\"og:locale\" content=\"ca_ES\" \/>\n<meta property=\"og:type\" content=\"article\" \/>\n<meta property=\"og:title\" content=\"Acte de graduaci\u00f3 i promoci\u00f3 de grau en Medicina UMH - Departamento de Medicina Cl\u00ednica UMH\" \/>\n<meta property=\"og:description\" content=\"El cap de setmana es va celebrar l&#039;acte de Graduaci\u00f3 I Promoci\u00f3 de grau en Medicina\u00a0UMH. Els estudiants Universitat Miguel Hern\u00e1ndez van assistir a Alacant.\" \/>\n<meta property=\"og:url\" content=\"https:\/\/departamentomedicinaclinica.umh.es\/2016\/06\/30\/graduacion-grado-en-medicina-umh\/\" \/>\n<meta property=\"og:site_name\" content=\"Departamento de Medicina Cl\u00ednica UMH\" \/>\n<meta property=\"article:published_time\" content=\"2016-06-30T10:55:49+00:00\" \/>\n<meta property=\"article:modified_time\" content=\"2024-02-23T10:38:49+00:00\" \/>\n<meta property=\"og:image\" content=\"https:\/\/departamentomedicinaclinica.umh.es\/files\/2016\/06\/GraduacionMedicinaUMH.jpg\" \/>\n\t<meta property=\"og:image:width\" content=\"547\" \/>\n\t<meta property=\"og:image:height\" content=\"334\" \/>\n<meta name=\"twitter:card\" content=\"summary_large_image\" \/>\n<meta name=\"twitter:creator\" content=\"@medicinaumh\" \/>\n<meta name=\"twitter:site\" content=\"@medicinaumh\" \/>\n<meta name=\"twitter:label1\" content=\"Written by\" \/>\n\t<meta name=\"twitter:data1\" content=\"garcia.natalia\" \/>\n\t<meta name=\"twitter:label2\" content=\"Est. reading time\" \/>\n\t<meta name=\"twitter:data2\" content=\"5 minuts\" \/>\n<script type=\"application\/ld+json\" class=\"yoast-schema-graph\">{\"@context\":\"https:\/\/schema.org\",\"@graph\":[{\"@type\":\"Organization\",\"@id\":\"https:\/\/departamentomedicinaclinica.umh.es\/#organization\",\"name\":\"Departamento Medicina Cl\\u00ednica Universidad Miguel Hern\\u00e1ndez de Elche\",\"url\":\"https:\/\/departamentomedicinaclinica.umh.es\/\",\"sameAs\":[\"https:\/\/www.youtube.com\/playlist?list=PLClKgnzRFYe6Y_i4QLNSlOwsZn0X3Klmb\",\"https:\/\/twitter.com\/medicinaumh\"],\"logo\":{\"@type\":\"ImageObject\",\"@id\":\"https:\/\/departamentomedicinaclinica.umh.es\/#logo\",\"inLanguage\":\"ca\",\"url\":\"https:\/\/departamentomedicinaclinica.umh.es\/files\/2024\/07\/meclin-vertical.png\",\"contentUrl\":\"https:\/\/departamentomedicinaclinica.umh.es\/files\/2024\/07\/meclin-vertical.png\",\"width\":1376,\"height\":1600,\"caption\":\"Departamento Medicina Cl\\u00ednica Universidad Miguel Hern\\u00e1ndez de Elche\"},\"image\":{\"@id\":\"https:\/\/departamentomedicinaclinica.umh.es\/#logo\"}},{\"@type\":\"WebSite\",\"@id\":\"https:\/\/departamentomedicinaclinica.umh.es\/#website\",\"url\":\"https:\/\/departamentomedicinaclinica.umh.es\/\",\"name\":\"Departamento de Medicina Cl\\u00ednica UMH\",\"description\":\"Otro sitio m\\u00e1s de Zeus.umh.es Blogs\",\"publisher\":{\"@id\":\"https:\/\/departamentomedicinaclinica.umh.es\/#organization\"},\"potentialAction\":[{\"@type\":\"SearchAction\",\"target\":{\"@type\":\"EntryPoint\",\"urlTemplate\":\"https:\/\/departamentomedicinaclinica.umh.es\/?s={search_term_string}\"},\"query-input\":\"required name=search_term_string\"}],\"inLanguage\":\"ca\"},{\"@type\":\"ImageObject\",\"@id\":\"https:\/\/departamentomedicinaclinica.umh.es\/2016\/06\/30\/graduacion-grado-en-medicina-umh\/#primaryimage\",\"inLanguage\":\"ca\",\"url\":\"https:\/\/departamentomedicinaclinica.umh.es\/files\/2016\/06\/GraduacionMedicinaUMH.jpg\",\"contentUrl\":\"https:\/\/departamentomedicinaclinica.umh.es\/files\/2016\/06\/GraduacionMedicinaUMH.jpg\",\"width\":547,\"height\":334,\"caption\":\"Graduaci\\u00f3n Medicina UMH\"},{\"@type\":\"WebPage\",\"@id\":\"https:\/\/departamentomedicinaclinica.umh.es\/2016\/06\/30\/graduacion-grado-en-medicina-umh\/#webpage\",\"url\":\"https:\/\/departamentomedicinaclinica.umh.es\/2016\/06\/30\/graduacion-grado-en-medicina-umh\/\",\"name\":\"Acte de graduaci\\u00f3 i promoci\\u00f3 de grau en Medicina UMH - Departamento de Medicina Cl\\u00ednica UMH\",\"isPartOf\":{\"@id\":\"https:\/\/departamentomedicinaclinica.umh.es\/#website\"},\"primaryImageOfPage\":{\"@id\":\"https:\/\/departamentomedicinaclinica.umh.es\/2016\/06\/30\/graduacion-grado-en-medicina-umh\/#primaryimage\"},\"datePublished\":\"2016-06-30T10:55:49+00:00\",\"dateModified\":\"2024-02-23T10:38:49+00:00\",\"description\":\"El cap de setmana es va celebrar l'acte de Graduaci\\u00f3 I Promoci\\u00f3 de grau en Medicina\\u00a0UMH. Els estudiants Universitat Miguel Hern\\u00e1ndez van assistir a Alacant.\",\"breadcrumb\":{\"@id\":\"https:\/\/departamentomedicinaclinica.umh.es\/2016\/06\/30\/graduacion-grado-en-medicina-umh\/#breadcrumb\"},\"inLanguage\":\"ca\",\"potentialAction\":[{\"@type\":\"ReadAction\",\"target\":[\"https:\/\/departamentomedicinaclinica.umh.es\/2016\/06\/30\/graduacion-grado-en-medicina-umh\/\"]}]},{\"@type\":\"BreadcrumbList\",\"@id\":\"https:\/\/departamentomedicinaclinica.umh.es\/2016\/06\/30\/graduacion-grado-en-medicina-umh\/#breadcrumb\",\"itemListElement\":[{\"@type\":\"ListItem\",\"position\":1,\"name\":\"Portada\",\"item\":\"https:\/\/departamentomedicinaclinica.umh.es\/\"},{\"@type\":\"ListItem\",\"position\":2,\"name\":\"Celebrado el acto de graduaci\\u00f3n i promoci\\u00f3n de grado en Medicina UMH\"}]},{\"@type\":\"Article\",\"@id\":\"https:\/\/departamentomedicinaclinica.umh.es\/2016\/06\/30\/graduacion-grado-en-medicina-umh\/#article\",\"isPartOf\":{\"@id\":\"https:\/\/departamentomedicinaclinica.umh.es\/2016\/06\/30\/graduacion-grado-en-medicina-umh\/#webpage\"},\"author\":{\"@id\":\"https:\/\/departamentomedicinaclinica.umh.es\/#\/schema\/person\/4cce65f000b37391eb0fdba785a882b9\"},\"headline\":\"Acte de graduaci\\u00f3 i promoci\\u00f3 de grau en Medicina UMH\",\"datePublished\":\"2016-06-30T10:55:49+00:00\",\"dateModified\":\"2024-02-23T10:38:49+00:00\",\"mainEntityOfPage\":{\"@id\":\"https:\/\/departamentomedicinaclinica.umh.es\/2016\/06\/30\/graduacion-grado-en-medicina-umh\/#webpage\"},\"wordCount\":1000,\"publisher\":{\"@id\":\"https:\/\/departamentomedicinaclinica.umh.es\/#organization\"},\"image\":{\"@id\":\"https:\/\/departamentomedicinaclinica.umh.es\/2016\/06\/30\/graduacion-grado-en-medicina-umh\/#primaryimage\"},\"thumbnailUrl\":\"https:\/\/departamentomedicinaclinica.umh.es\/files\/2016\/06\/GraduacionMedicinaUMH.jpg\",\"keywords\":[\"Acto Acad\\u00e9mico Medicina UMH\",\"Evento Medicina Alicante\",\"Graduaci\\u00f3n Medicina Alicante\",\"Medicina Elche\",\"Medicina UMH\",\"Universidad Miguel Hern\\u00e1ndez\",\"Universitarios graduaci\\u00f3n Medicina UMH\"],\"articleSection\":[\"Actualidad\"],\"inLanguage\":\"ca\"},{\"@type\":\"Person\",\"@id\":\"https:\/\/departamentomedicinaclinica.umh.es\/#\/schema\/person\/4cce65f000b37391eb0fdba785a882b9\",\"name\":\"garcia.natalia\",\"image\":{\"@type\":\"ImageObject\",\"@id\":\"https:\/\/departamentomedicinaclinica.umh.es\/#personlogo\",\"inLanguage\":\"ca\",\"url\":\"https:\/\/secure.gravatar.com\/avatar\/2f6b18e6f874050af9faeeac24349c8c?s=96&d=mm&r=g\",\"contentUrl\":\"https:\/\/secure.gravatar.com\/avatar\/2f6b18e6f874050af9faeeac24349c8c?s=96&d=mm&r=g\",\"caption\":\"garcia.natalia\"},\"url\":\"https:\/\/departamentomedicinaclinica.umh.es\/ca\/author\/garcia-natalia\/\"}]}<\/script>\n<!-- \/ Yoast SEO plugin. -->","yoast_head_json":{"description":"El cap de setmana es va celebrar l'acte de Graduaci\u00f3 I Promoci\u00f3 de grau en Medicina\u00a0UMH. Els estudiants Universitat Miguel Hern\u00e1ndez van assistir a Alacant.","robots":{"index":"index","follow":"follow","max-snippet":"max-snippet:-1","max-image-preview":"max-image-preview:large","max-video-preview":"max-video-preview:-1"},"canonical":"https:\/\/departamentomedicinaclinica.umh.es\/ca\/2016\/06\/30\/graduacion-grado-en-medicina-umh\/","og_locale":"ca_ES","og_type":"article","og_title":"Acte de graduaci\u00f3 i promoci\u00f3 de grau en Medicina UMH - Departamento de Medicina Cl\u00ednica UMH","og_description":"El cap de setmana es va celebrar l'acte de Graduaci\u00f3 I Promoci\u00f3 de grau en Medicina\u00a0UMH. Els estudiants Universitat Miguel Hern\u00e1ndez van assistir a Alacant.","og_url":"https:\/\/departamentomedicinaclinica.umh.es\/2016\/06\/30\/graduacion-grado-en-medicina-umh\/","og_site_name":"Departamento de Medicina Cl\u00ednica UMH","article_published_time":"2016-06-30T10:55:49+00:00","article_modified_time":"2024-02-23T10:38:49+00:00","og_image":[{"width":547,"height":334,"url":"https:\/\/departamentomedicinaclinica.umh.es\/files\/2016\/06\/GraduacionMedicinaUMH.jpg","type":"image\/jpeg"}],"twitter_card":"summary_large_image","twitter_creator":"@medicinaumh","twitter_site":"@medicinaumh","twitter_misc":{"Written by":"garcia.natalia","Est. reading time":"5 minuts"},"schema":{"@context":"https:\/\/schema.org","@graph":[{"@type":"Organization","@id":"https:\/\/departamentomedicinaclinica.umh.es\/#organization","name":"Departamento Medicina Cl\u00ednica Universidad Miguel Hern\u00e1ndez de Elche","url":"https:\/\/departamentomedicinaclinica.umh.es\/","sameAs":["https:\/\/www.youtube.com\/playlist?list=PLClKgnzRFYe6Y_i4QLNSlOwsZn0X3Klmb","https:\/\/twitter.com\/medicinaumh"],"logo":{"@type":"ImageObject","@id":"https:\/\/departamentomedicinaclinica.umh.es\/#logo","inLanguage":"ca","url":"https:\/\/departamentomedicinaclinica.umh.es\/files\/2024\/07\/meclin-vertical.png","contentUrl":"https:\/\/departamentomedicinaclinica.umh.es\/files\/2024\/07\/meclin-vertical.png","width":1376,"height":1600,"caption":"Departamento Medicina Cl\u00ednica Universidad Miguel Hern\u00e1ndez de Elche"},"image":{"@id":"https:\/\/departamentomedicinaclinica.umh.es\/#logo"}},{"@type":"WebSite","@id":"https:\/\/departamentomedicinaclinica.umh.es\/#website","url":"https:\/\/departamentomedicinaclinica.umh.es\/","name":"Departamento de Medicina Cl\u00ednica UMH","description":"Otro sitio m\u00e1s de Zeus.umh.es Blogs","publisher":{"@id":"https:\/\/departamentomedicinaclinica.umh.es\/#organization"},"potentialAction":[{"@type":"SearchAction","target":{"@type":"EntryPoint","urlTemplate":"https:\/\/departamentomedicinaclinica.umh.es\/?s={search_term_string}"},"query-input":"required name=search_term_string"}],"inLanguage":"ca"},{"@type":"ImageObject","@id":"https:\/\/departamentomedicinaclinica.umh.es\/2016\/06\/30\/graduacion-grado-en-medicina-umh\/#primaryimage","inLanguage":"ca","url":"https:\/\/departamentomedicinaclinica.umh.es\/files\/2016\/06\/GraduacionMedicinaUMH.jpg","contentUrl":"https:\/\/departamentomedicinaclinica.umh.es\/files\/2016\/06\/GraduacionMedicinaUMH.jpg","width":547,"height":334,"caption":"Graduaci\u00f3n Medicina UMH"},{"@type":"WebPage","@id":"https:\/\/departamentomedicinaclinica.umh.es\/2016\/06\/30\/graduacion-grado-en-medicina-umh\/#webpage","url":"https:\/\/departamentomedicinaclinica.umh.es\/2016\/06\/30\/graduacion-grado-en-medicina-umh\/","name":"Acte de graduaci\u00f3 i promoci\u00f3 de grau en Medicina UMH - Departamento de Medicina Cl\u00ednica UMH","isPartOf":{"@id":"https:\/\/departamentomedicinaclinica.umh.es\/#website"},"primaryImageOfPage":{"@id":"https:\/\/departamentomedicinaclinica.umh.es\/2016\/06\/30\/graduacion-grado-en-medicina-umh\/#primaryimage"},"datePublished":"2016-06-30T10:55:49+00:00","dateModified":"2024-02-23T10:38:49+00:00","description":"El cap de setmana es va celebrar l'acte de Graduaci\u00f3 I Promoci\u00f3 de grau en Medicina\u00a0UMH. Els estudiants Universitat Miguel Hern\u00e1ndez van assistir a Alacant.","breadcrumb":{"@id":"https:\/\/departamentomedicinaclinica.umh.es\/2016\/06\/30\/graduacion-grado-en-medicina-umh\/#breadcrumb"},"inLanguage":"ca","potentialAction":[{"@type":"ReadAction","target":["https:\/\/departamentomedicinaclinica.umh.es\/2016\/06\/30\/graduacion-grado-en-medicina-umh\/"]}]},{"@type":"BreadcrumbList","@id":"https:\/\/departamentomedicinaclinica.umh.es\/2016\/06\/30\/graduacion-grado-en-medicina-umh\/#breadcrumb","itemListElement":[{"@type":"ListItem","position":1,"name":"Portada","item":"https:\/\/departamentomedicinaclinica.umh.es\/"},{"@type":"ListItem","position":2,"name":"Celebrado el acto de graduaci\u00f3n i promoci\u00f3n de grado en Medicina UMH"}]},{"@type":"Article","@id":"https:\/\/departamentomedicinaclinica.umh.es\/2016\/06\/30\/graduacion-grado-en-medicina-umh\/#article","isPartOf":{"@id":"https:\/\/departamentomedicinaclinica.umh.es\/2016\/06\/30\/graduacion-grado-en-medicina-umh\/#webpage"},"author":{"@id":"https:\/\/departamentomedicinaclinica.umh.es\/#\/schema\/person\/4cce65f000b37391eb0fdba785a882b9"},"headline":"Acte de graduaci\u00f3 i promoci\u00f3 de grau en Medicina UMH","datePublished":"2016-06-30T10:55:49+00:00","dateModified":"2024-02-23T10:38:49+00:00","mainEntityOfPage":{"@id":"https:\/\/departamentomedicinaclinica.umh.es\/2016\/06\/30\/graduacion-grado-en-medicina-umh\/#webpage"},"wordCount":1000,"publisher":{"@id":"https:\/\/departamentomedicinaclinica.umh.es\/#organization"},"image":{"@id":"https:\/\/departamentomedicinaclinica.umh.es\/2016\/06\/30\/graduacion-grado-en-medicina-umh\/#primaryimage"},"thumbnailUrl":"https:\/\/departamentomedicinaclinica.umh.es\/files\/2016\/06\/GraduacionMedicinaUMH.jpg","keywords":["Acto Acad\u00e9mico Medicina UMH","Evento Medicina Alicante","Graduaci\u00f3n Medicina Alicante","Medicina Elche","Medicina UMH","Universidad Miguel Hern\u00e1ndez","Universitarios graduaci\u00f3n Medicina UMH"],"articleSection":["Actualidad"],"inLanguage":"ca"},{"@type":"Person","@id":"https:\/\/departamentomedicinaclinica.umh.es\/#\/schema\/person\/4cce65f000b37391eb0fdba785a882b9","name":"garcia.natalia","image":{"@type":"ImageObject","@id":"https:\/\/departamentomedicinaclinica.umh.es\/#personlogo","inLanguage":"ca","url":"https:\/\/secure.gravatar.com\/avatar\/2f6b18e6f874050af9faeeac24349c8c?s=96&d=mm&r=g","contentUrl":"https:\/\/secure.gravatar.com\/avatar\/2f6b18e6f874050af9faeeac24349c8c?s=96&d=mm&r=g","caption":"garcia.natalia"},"url":"https:\/\/departamentomedicinaclinica.umh.es\/ca\/author\/garcia-natalia\/"}]}},"_links":{"self":[{"href":"https:\/\/departamentomedicinaclinica.umh.es\/ca\/wp-json\/wp\/v2\/posts\/13149"}],"collection":[{"href":"https:\/\/departamentomedicinaclinica.umh.es\/ca\/wp-json\/wp\/v2\/posts"}],"about":[{"href":"https:\/\/departamentomedicinaclinica.umh.es\/ca\/wp-json\/wp\/v2\/types\/post"}],"author":[{"embeddable":true,"href":"https:\/\/departamentomedicinaclinica.umh.es\/ca\/wp-json\/wp\/v2\/users\/3158"}],"replies":[{"embeddable":true,"href":"https:\/\/departamentomedicinaclinica.umh.es\/ca\/wp-json\/wp\/v2\/comments?post=13149"}],"version-history":[{"count":0,"href":"https:\/\/departamentomedicinaclinica.umh.es\/ca\/wp-json\/wp\/v2\/posts\/13149\/revisions"}],"wp:featuredmedia":[{"embeddable":true,"href":"https:\/\/departamentomedicinaclinica.umh.es\/ca\/wp-json\/wp\/v2\/media\/13170"}],"wp:attachment":[{"href":"https:\/\/departamentomedicinaclinica.umh.es\/ca\/wp-json\/wp\/v2\/media?parent=13149"}],"wp:term":[{"taxonomy":"category","embeddable":true,"href":"https:\/\/departamentomedicinaclinica.umh.es\/ca\/wp-json\/wp\/v2\/categories?post=13149"},{"taxonomy":"post_tag","embeddable":true,"href":"https:\/\/departamentomedicinaclinica.umh.es\/ca\/wp-json\/wp\/v2\/tags?post=13149"}],"curies":[{"name":"wp","href":"https:\/\/api.w.org\/{rel}","templated":true}]}}