{"id":13813,"date":"2016-09-06T14:19:40","date_gmt":"2016-09-06T12:19:40","guid":{"rendered":"http:\/\/www.departamentomedicinaclinicaumh.es\/?p=13813"},"modified":"2024-02-23T10:38:48","modified_gmt":"2024-02-23T10:38:48","slug":"nueva-catedra-de-medicina-comunitaria-umh-salud-reproductiva","status":"publish","type":"post","link":"https:\/\/departamentomedicinaclinica.umh.es\/ca\/2016\/09\/06\/nueva-catedra-de-medicina-comunitaria-umh-salud-reproductiva\/","title":{"rendered":"Nova C\u00e0tedra de Medicina Comunit\u00e0ria UMH i Salut Reproductiva"},"content":{"rendered":"<p><\/p>\n<p>Recentement, la <a href=\"http:\/\/www.umh.es\/?lang=VAL\" target=\"_blank\" rel=\"noopener\"><strong>Universitat Miguel Hern\u00e1ndez<\/strong><\/a> i l&#8217;<strong><a href=\"https:\/\/www.institutobernabeu.com\/es\/\" target=\"_blank\" rel=\"noopener\">Institut Bernabeu<\/a><\/strong> han elaborat la <strong>C\u00e0tedra de Medicina Comunit\u00e0ria UMH i Salut Reproductiva<\/strong>.<\/p>\n<h2>Qui ha participat en el desenvolupament de la C\u00e0tedra de Medicina Comunit\u00e0ria UMH i Salut Reproductiva?<\/h2>\n<p>El projecte d&#8217;estudis superiors i col\u00b7laboraci\u00f3 est\u00e0 dirigit pel doctor <strong>Rafael Bernabeu.\u00a0<!--more--> <\/strong>La <strong>Universitat Miguel Hern\u00e1ndez d&#8217;Elx<\/strong> i l&#8217;<strong>Institut Bernabeu <\/strong>d&#8217;Alacant han dut a terme un <a href=\"http:\/\/www.diarioinformacion.com\/elche\/2016\/07\/07\/umh-aprueba-creacion-catedra-medicina\/1782675.html\" target=\"_blank\" rel=\"noopener\">acord<\/a> per a la creaci\u00f3 de la <strong>C\u00e0tedra de Medicina Comunit\u00e0ria i Salut Reproductiva<\/strong>. El conveni ha sigut signat recentment per <strong>Jes\u00fas Pastor<\/strong>,\u00a0<strong>rector de la UMH<\/strong>\u00a0i pel <strong>dr.<\/strong><strong><a href=\"http:\/\/www.rafaelbernabeu.es\" target=\"_blank\" rel=\"noopener\"> Rafael Bernabeu<\/a>,\u00a0director de l&#8217;Institut Bernabeu.<\/strong><br \/>\nEl objectiu fonamental se centra en la formaci\u00f3, recerca, desenvolupament i divulgaci\u00f3 de la <strong>medicina familiar i comunit\u00e0ria, aix\u00ed com reproductiva aplicada a l&#8217;\u00e0mbit de la reproducci\u00f3<\/strong>. Ambdues institucions es comprometen a establir els mitjans materials i personals per a emplenar aquests objectius. La C\u00e0tedra exigeix l&#8217;inici de diverses activitats formatives de:<\/p>\n<ul>\n<li>recerca, organitzaci\u00f3 de seminaris, confer\u00e8ncies i altres activitats de divulgaci\u00f3 sobre aquest \u00e0mbit.<\/li>\n<\/ul>\n<p>Totes elles van dirigides principalment a metges i professionals d&#8217;Atenci\u00f3 Prim\u00e0ria.<br \/>\n<img loading=\"lazy\" class=\"aligncenter wp-image-13820\" title=\"Participants en la C\u00e0tedra de Medicina Comunit\u00e0ria UMH i salut reproductiva\" src=\"https:\/\/departamentomedicinaclinica.umh.es\/files\/2016\/09\/CatedraMedicinaComunitariaUMH.jpg\" alt=\"C\u00e0tedra de Medicina Comunit\u00e0ria UMH i salut reproductiva\" width=\"500\" height=\"333\" srcset=\"https:\/\/departamentomedicinaclinica.umh.es\/files\/2016\/09\/CatedraMedicinaComunitariaUMH.jpg 770w, https:\/\/departamentomedicinaclinica.umh.es\/files\/2016\/09\/CatedraMedicinaComunitariaUMH-300x200.jpg 300w, https:\/\/departamentomedicinaclinica.umh.es\/files\/2016\/09\/CatedraMedicinaComunitariaUMH-768x512.jpg 768w\" sizes=\"(max-width: 500px) 100vw, 500px\" \/><br \/>\nLa direcci\u00f3 de la <strong>C\u00e0tedra de Medicina Comunit\u00e0ria UMH i Salut Reproductiva<\/strong> estar\u00e0 dirigida pel doctor Bernabeu. Aix\u00ed mateix, ser\u00e0\u00a0<strong><a href=\"http:\/\/www.umh.es\/contenido\/Investigacion\/:persona_5304\/datos_val.html\" target=\"_blank\" rel=\"noopener\">Domingo Orozco Beltr\u00e1n<\/a>, <\/strong>professor del <a href=\"http:\/\/www.departamentomedicinaclinica.edu.umh.es\/ca\/\" target=\"_blank\" rel=\"noopener\">departament de Medicina Cl\u00ednica de la UMH<\/a>, el seu codirector. Per la seua banda, el <strong>Consell Assessor<\/strong> estar\u00e0 format per:<\/p>\n<ul>\n<li><a href=\"https:\/\/universite.umh.es\/profesores\/fichaprofesor.asp?NP=5535\" target=\"_blank\" rel=\"noopener\">Manuel Jord\u00e1<\/a>, vicerector de Recerca i Innovaci\u00f3 de la UMH<\/li>\n<li>Andrea Bernabeu, ginec\u00f2loga de l&#8217;Institut Bernabeu i doctora per la UMH;<\/li>\n<li><a href=\"https:\/\/universite.umh.es\/profesores\/fichaprofesor.asp?NP=123621\" target=\"_blank\" rel=\"noopener\"><strong>Concepci\u00f3n Carratal\u00e1<\/strong><\/a>, secret\u00e0ria de la C\u00e0tedra i professora ajudant doctor del departament de Medicina Cl\u00ednica de la UMH<\/li>\n<li><strong>Francisco Sellers,\u00a0<\/strong>ginec\u00f2leg de l&#8217;Institut Bernabeu i doctor per la universitat<\/li>\n<li><strong><a href=\"https:\/\/www.umh.es\/contenido\/Estudiantes\/:persona_5694\/datos_val.html\" target=\"_blank\" rel=\"noopener\">Vicente Gil Guill\u00e9n<\/a>,\u00a0<\/strong>professor titular del Departament de Medicina Cl\u00ednica de la UMH,<\/li>\n<li>Joaqu\u00edn Ll\u00e1cer,\u00a0ginec\u00f2leg de l&#8217;Institut Bernabeu i doctorant del programa de Medicina Cl\u00ednica de la UMH\/li&gt;<\/li>\n<\/ul>\n<h2>Quins s\u00f3n els objectius de la C\u00e0tedra de Medicina Comunit\u00e0ria UMH i Salut Reproductiva?<\/h2>\n<p>El principal <strong>prop\u00f2sit<\/strong> de la C\u00e0tedra \u00e9s la promoci\u00f3 de la formaci\u00f3, recerca i divulgaci\u00f3 d&#8217;aquesta disciplina.<br \/>\nPer a a\u00e7\u00f2, es pret\u00e9n desenvolupar recerca, formaci\u00f3 i compartir coneixement. L&#8217;<strong>Institut Bernabeu<\/strong> adquireix el comprom\u00eds d&#8217;efectuar les <strong>aportacions econ\u00f2miques<\/strong> per a la realitzaci\u00f3 d&#8217;activitats en el marc de la pr\u00f2pia C\u00e0tedra. A trav\u00e9s d&#8217;un <strong>pla d&#8217;activitats anual<\/strong>, sota supervisi\u00f3 del <strong>Consell Assessor<\/strong>,\u00a0quedar\u00e0 reflectit.<\/p>\n<h2>En qu\u00e8 consisteix l&#8217;acord de la C\u00e0tedra de Medicina Comunit\u00e0ria UMH i Salut Reproductiva?<\/h2>\n<p>Durant <strong>3 anys<\/strong> tindr\u00e0 vig\u00e8ncia el conveni entre la universitat p\u00fablica i l&#8217;entitat privada. Aix\u00ed mateix, podr\u00e0 prorrog\u00e1rse sota acord d&#8217;ambdues parts.<br \/>\n<strong>Rafael Bernabeu<\/strong>, director de la C\u00e0tedra, afirma que &#8220;es tracta d&#8217;un acord que uneix per un mateix objectiu a la instituci\u00f3 universit\u00e0ria i la Institut Bernabeu que al seu judici, donar\u00e0 molts i molt interessants fruits&#8221;.<\/p>","protected":false},"excerpt":{"rendered":"<p>Ho sentim, aquesta entrada es troba disponible \u00fanicament en Espanyol Europeu.<\/p>\n","protected":false},"author":3158,"featured_media":13817,"comment_status":"closed","ping_status":"closed","sticky":false,"template":"","format":"standard","meta":{"_links_to":"","_links_to_target":""},"categories":[988210],"tags":[1047701,1049868,3674,1157771,1200924,1231938,1246050,5071,5335,5959],"yoast_head":"<!-- This site is optimized with the Yoast SEO plugin v17.5 - https:\/\/yoast.com\/wordpress\/plugins\/seo\/ -->\n<meta name=\"description\" content=\"La\u00a0UMH\u00a0i l&#039;Institut Bernabeu creen la C\u00e0tedra de Medicina Comunit\u00e0ria\u00a0UMH\u00a0i salut reproductiva. Els estudis seran codirigits per Domingo Orozco Beltr\u00e1n.\" \/>\n<meta name=\"robots\" content=\"index, follow, max-snippet:-1, max-image-preview:large, max-video-preview:-1\" \/>\n<link rel=\"canonical\" href=\"https:\/\/departamentomedicinaclinica.umh.es\/ca\/2016\/09\/06\/nueva-catedra-de-medicina-comunitaria-umh-salud-reproductiva\/\" \/>\n<meta property=\"og:locale\" content=\"ca_ES\" \/>\n<meta property=\"og:type\" content=\"article\" \/>\n<meta property=\"og:title\" content=\"Nova C\u00e0tedra de Medicina Comunit\u00e0ria UMH i Salut Reproductiva - Departamento de Medicina Cl\u00ednica UMH\" \/>\n<meta property=\"og:description\" content=\"La\u00a0UMH\u00a0i l&#039;Institut Bernabeu creen la C\u00e0tedra de Medicina Comunit\u00e0ria\u00a0UMH\u00a0i salut reproductiva. Els estudis seran codirigits per Domingo Orozco Beltr\u00e1n.\" \/>\n<meta property=\"og:url\" content=\"https:\/\/departamentomedicinaclinica.umh.es\/2016\/09\/06\/nueva-catedra-de-medicina-comunitaria-umh-salud-reproductiva\/\" \/>\n<meta property=\"og:site_name\" content=\"Departamento de Medicina Cl\u00ednica UMH\" \/>\n<meta property=\"article:published_time\" content=\"2016-09-06T12:19:40+00:00\" \/>\n<meta property=\"article:modified_time\" content=\"2024-02-23T10:38:48+00:00\" \/>\n<meta property=\"og:image\" content=\"https:\/\/departamentomedicinaclinica.umh.es\/files\/2016\/09\/ConvenioUMHInstitutoBernabeu.jpg\" \/>\n\t<meta property=\"og:image:width\" content=\"640\" \/>\n\t<meta property=\"og:image:height\" content=\"480\" \/>\n<meta name=\"twitter:card\" content=\"summary_large_image\" \/>\n<meta name=\"twitter:creator\" content=\"@medicinaumh\" \/>\n<meta name=\"twitter:site\" content=\"@medicinaumh\" \/>\n<meta name=\"twitter:label1\" content=\"Written by\" \/>\n\t<meta name=\"twitter:data1\" content=\"garcia.natalia\" \/>\n\t<meta name=\"twitter:label2\" content=\"Est. reading time\" \/>\n\t<meta name=\"twitter:data2\" content=\"7 minuts\" \/>\n<script type=\"application\/ld+json\" class=\"yoast-schema-graph\">{\"@context\":\"https:\/\/schema.org\",\"@graph\":[{\"@type\":\"Organization\",\"@id\":\"https:\/\/departamentomedicinaclinica.umh.es\/#organization\",\"name\":\"Departamento Medicina Cl\\u00ednica Universidad Miguel Hern\\u00e1ndez de Elche\",\"url\":\"https:\/\/departamentomedicinaclinica.umh.es\/\",\"sameAs\":[\"https:\/\/www.youtube.com\/playlist?list=PLClKgnzRFYe6Y_i4QLNSlOwsZn0X3Klmb\",\"https:\/\/twitter.com\/medicinaumh\"],\"logo\":{\"@type\":\"ImageObject\",\"@id\":\"https:\/\/departamentomedicinaclinica.umh.es\/#logo\",\"inLanguage\":\"ca\",\"url\":\"https:\/\/departamentomedicinaclinica.umh.es\/files\/2024\/07\/meclin-vertical.png\",\"contentUrl\":\"https:\/\/departamentomedicinaclinica.umh.es\/files\/2024\/07\/meclin-vertical.png\",\"width\":1376,\"height\":1600,\"caption\":\"Departamento Medicina Cl\\u00ednica Universidad Miguel Hern\\u00e1ndez de Elche\"},\"image\":{\"@id\":\"https:\/\/departamentomedicinaclinica.umh.es\/#logo\"}},{\"@type\":\"WebSite\",\"@id\":\"https:\/\/departamentomedicinaclinica.umh.es\/#website\",\"url\":\"https:\/\/departamentomedicinaclinica.umh.es\/\",\"name\":\"Departamento de Medicina Cl\\u00ednica UMH\",\"description\":\"Otro sitio m\\u00e1s de Zeus.umh.es Blogs\",\"publisher\":{\"@id\":\"https:\/\/departamentomedicinaclinica.umh.es\/#organization\"},\"potentialAction\":[{\"@type\":\"SearchAction\",\"target\":{\"@type\":\"EntryPoint\",\"urlTemplate\":\"https:\/\/departamentomedicinaclinica.umh.es\/?s={search_term_string}\"},\"query-input\":\"required name=search_term_string\"}],\"inLanguage\":\"ca\"},{\"@type\":\"ImageObject\",\"@id\":\"https:\/\/departamentomedicinaclinica.umh.es\/2016\/09\/06\/nueva-catedra-de-medicina-comunitaria-umh-salud-reproductiva\/#primaryimage\",\"inLanguage\":\"ca\",\"url\":\"https:\/\/departamentomedicinaclinica.umh.es\/files\/2016\/09\/ConvenioUMHInstitutoBernabeu.jpg\",\"contentUrl\":\"https:\/\/departamentomedicinaclinica.umh.es\/files\/2016\/09\/ConvenioUMHInstitutoBernabeu.jpg\",\"width\":640,\"height\":480,\"caption\":\"C\\u00e1tedra UMH Instituto Bernabeu\"},{\"@type\":\"WebPage\",\"@id\":\"https:\/\/departamentomedicinaclinica.umh.es\/2016\/09\/06\/nueva-catedra-de-medicina-comunitaria-umh-salud-reproductiva\/#webpage\",\"url\":\"https:\/\/departamentomedicinaclinica.umh.es\/2016\/09\/06\/nueva-catedra-de-medicina-comunitaria-umh-salud-reproductiva\/\",\"name\":\"Nova C\\u00e0tedra de Medicina Comunit\\u00e0ria UMH i Salut Reproductiva - Departamento de Medicina Cl\\u00ednica UMH\",\"isPartOf\":{\"@id\":\"https:\/\/departamentomedicinaclinica.umh.es\/#website\"},\"primaryImageOfPage\":{\"@id\":\"https:\/\/departamentomedicinaclinica.umh.es\/2016\/09\/06\/nueva-catedra-de-medicina-comunitaria-umh-salud-reproductiva\/#primaryimage\"},\"datePublished\":\"2016-09-06T12:19:40+00:00\",\"dateModified\":\"2024-02-23T10:38:48+00:00\",\"description\":\"La\\u00a0UMH\\u00a0i l'Institut Bernabeu creen la C\\u00e0tedra de Medicina Comunit\\u00e0ria\\u00a0UMH\\u00a0i salut reproductiva. Els estudis seran codirigits per Domingo Orozco Beltr\\u00e1n.\",\"breadcrumb\":{\"@id\":\"https:\/\/departamentomedicinaclinica.umh.es\/2016\/09\/06\/nueva-catedra-de-medicina-comunitaria-umh-salud-reproductiva\/#breadcrumb\"},\"inLanguage\":\"ca\",\"potentialAction\":[{\"@type\":\"ReadAction\",\"target\":[\"https:\/\/departamentomedicinaclinica.umh.es\/2016\/09\/06\/nueva-catedra-de-medicina-comunitaria-umh-salud-reproductiva\/\"]}]},{\"@type\":\"BreadcrumbList\",\"@id\":\"https:\/\/departamentomedicinaclinica.umh.es\/2016\/09\/06\/nueva-catedra-de-medicina-comunitaria-umh-salud-reproductiva\/#breadcrumb\",\"itemListElement\":[{\"@type\":\"ListItem\",\"position\":1,\"name\":\"Portada\",\"item\":\"https:\/\/departamentomedicinaclinica.umh.es\/\"},{\"@type\":\"ListItem\",\"position\":2,\"name\":\"Nueva C\\u00e1tedra de Medicina Comunitaria UMH y Salud Reproductiva\"}]},{\"@type\":\"Article\",\"@id\":\"https:\/\/departamentomedicinaclinica.umh.es\/2016\/09\/06\/nueva-catedra-de-medicina-comunitaria-umh-salud-reproductiva\/#article\",\"isPartOf\":{\"@id\":\"https:\/\/departamentomedicinaclinica.umh.es\/2016\/09\/06\/nueva-catedra-de-medicina-comunitaria-umh-salud-reproductiva\/#webpage\"},\"author\":{\"@id\":\"https:\/\/departamentomedicinaclinica.umh.es\/#\/schema\/person\/4cce65f000b37391eb0fdba785a882b9\"},\"headline\":\"Nova C\\u00e0tedra de Medicina Comunit\\u00e0ria UMH i Salut Reproductiva\",\"datePublished\":\"2016-09-06T12:19:40+00:00\",\"dateModified\":\"2024-02-23T10:38:48+00:00\",\"mainEntityOfPage\":{\"@id\":\"https:\/\/departamentomedicinaclinica.umh.es\/2016\/09\/06\/nueva-catedra-de-medicina-comunitaria-umh-salud-reproductiva\/#webpage\"},\"wordCount\":1510,\"publisher\":{\"@id\":\"https:\/\/departamentomedicinaclinica.umh.es\/#organization\"},\"image\":{\"@id\":\"https:\/\/departamentomedicinaclinica.umh.es\/2016\/09\/06\/nueva-catedra-de-medicina-comunitaria-umh-salud-reproductiva\/#primaryimage\"},\"thumbnailUrl\":\"https:\/\/departamentomedicinaclinica.umh.es\/files\/2016\/09\/ConvenioUMHInstitutoBernabeu.jpg\",\"keywords\":[\"C\\u00e1tedra Medicina Comunitaria\",\"C\\u00e1tedra universitaria\",\"C\\u00e1tedras UMH\",\"fecundaci\\u00f3n estudios\",\"Instituto Bernabeu\",\"m\\u00e1ster Medicina Comunitaria\",\"Medicina c\\u00e1tedra\",\"reproducci\\u00f3n asistida\",\"Salud Reproductiva\",\"UMH\"],\"articleSection\":[\"M\\u00e1steres\"],\"inLanguage\":\"ca\"},{\"@type\":\"Person\",\"@id\":\"https:\/\/departamentomedicinaclinica.umh.es\/#\/schema\/person\/4cce65f000b37391eb0fdba785a882b9\",\"name\":\"garcia.natalia\",\"image\":{\"@type\":\"ImageObject\",\"@id\":\"https:\/\/departamentomedicinaclinica.umh.es\/#personlogo\",\"inLanguage\":\"ca\",\"url\":\"https:\/\/secure.gravatar.com\/avatar\/2f6b18e6f874050af9faeeac24349c8c?s=96&d=mm&r=g\",\"contentUrl\":\"https:\/\/secure.gravatar.com\/avatar\/2f6b18e6f874050af9faeeac24349c8c?s=96&d=mm&r=g\",\"caption\":\"garcia.natalia\"},\"url\":\"https:\/\/departamentomedicinaclinica.umh.es\/ca\/author\/garcia-natalia\/\"}]}<\/script>\n<!-- \/ Yoast SEO plugin. -->","yoast_head_json":{"description":"La\u00a0UMH\u00a0i l'Institut Bernabeu creen la C\u00e0tedra de Medicina Comunit\u00e0ria\u00a0UMH\u00a0i salut reproductiva. Els estudis seran codirigits per Domingo Orozco Beltr\u00e1n.","robots":{"index":"index","follow":"follow","max-snippet":"max-snippet:-1","max-image-preview":"max-image-preview:large","max-video-preview":"max-video-preview:-1"},"canonical":"https:\/\/departamentomedicinaclinica.umh.es\/ca\/2016\/09\/06\/nueva-catedra-de-medicina-comunitaria-umh-salud-reproductiva\/","og_locale":"ca_ES","og_type":"article","og_title":"Nova C\u00e0tedra de Medicina Comunit\u00e0ria UMH i Salut Reproductiva - Departamento de Medicina Cl\u00ednica UMH","og_description":"La\u00a0UMH\u00a0i l'Institut Bernabeu creen la C\u00e0tedra de Medicina Comunit\u00e0ria\u00a0UMH\u00a0i salut reproductiva. Els estudis seran codirigits per Domingo Orozco Beltr\u00e1n.","og_url":"https:\/\/departamentomedicinaclinica.umh.es\/2016\/09\/06\/nueva-catedra-de-medicina-comunitaria-umh-salud-reproductiva\/","og_site_name":"Departamento de Medicina Cl\u00ednica UMH","article_published_time":"2016-09-06T12:19:40+00:00","article_modified_time":"2024-02-23T10:38:48+00:00","og_image":[{"width":640,"height":480,"url":"https:\/\/departamentomedicinaclinica.umh.es\/files\/2016\/09\/ConvenioUMHInstitutoBernabeu.jpg","type":"image\/jpeg"}],"twitter_card":"summary_large_image","twitter_creator":"@medicinaumh","twitter_site":"@medicinaumh","twitter_misc":{"Written by":"garcia.natalia","Est. reading time":"7 minuts"},"schema":{"@context":"https:\/\/schema.org","@graph":[{"@type":"Organization","@id":"https:\/\/departamentomedicinaclinica.umh.es\/#organization","name":"Departamento Medicina Cl\u00ednica Universidad Miguel Hern\u00e1ndez de Elche","url":"https:\/\/departamentomedicinaclinica.umh.es\/","sameAs":["https:\/\/www.youtube.com\/playlist?list=PLClKgnzRFYe6Y_i4QLNSlOwsZn0X3Klmb","https:\/\/twitter.com\/medicinaumh"],"logo":{"@type":"ImageObject","@id":"https:\/\/departamentomedicinaclinica.umh.es\/#logo","inLanguage":"ca","url":"https:\/\/departamentomedicinaclinica.umh.es\/files\/2024\/07\/meclin-vertical.png","contentUrl":"https:\/\/departamentomedicinaclinica.umh.es\/files\/2024\/07\/meclin-vertical.png","width":1376,"height":1600,"caption":"Departamento Medicina Cl\u00ednica Universidad Miguel Hern\u00e1ndez de Elche"},"image":{"@id":"https:\/\/departamentomedicinaclinica.umh.es\/#logo"}},{"@type":"WebSite","@id":"https:\/\/departamentomedicinaclinica.umh.es\/#website","url":"https:\/\/departamentomedicinaclinica.umh.es\/","name":"Departamento de Medicina Cl\u00ednica UMH","description":"Otro sitio m\u00e1s de Zeus.umh.es Blogs","publisher":{"@id":"https:\/\/departamentomedicinaclinica.umh.es\/#organization"},"potentialAction":[{"@type":"SearchAction","target":{"@type":"EntryPoint","urlTemplate":"https:\/\/departamentomedicinaclinica.umh.es\/?s={search_term_string}"},"query-input":"required name=search_term_string"}],"inLanguage":"ca"},{"@type":"ImageObject","@id":"https:\/\/departamentomedicinaclinica.umh.es\/2016\/09\/06\/nueva-catedra-de-medicina-comunitaria-umh-salud-reproductiva\/#primaryimage","inLanguage":"ca","url":"https:\/\/departamentomedicinaclinica.umh.es\/files\/2016\/09\/ConvenioUMHInstitutoBernabeu.jpg","contentUrl":"https:\/\/departamentomedicinaclinica.umh.es\/files\/2016\/09\/ConvenioUMHInstitutoBernabeu.jpg","width":640,"height":480,"caption":"C\u00e1tedra UMH Instituto Bernabeu"},{"@type":"WebPage","@id":"https:\/\/departamentomedicinaclinica.umh.es\/2016\/09\/06\/nueva-catedra-de-medicina-comunitaria-umh-salud-reproductiva\/#webpage","url":"https:\/\/departamentomedicinaclinica.umh.es\/2016\/09\/06\/nueva-catedra-de-medicina-comunitaria-umh-salud-reproductiva\/","name":"Nova C\u00e0tedra de Medicina Comunit\u00e0ria UMH i Salut Reproductiva - Departamento de Medicina Cl\u00ednica UMH","isPartOf":{"@id":"https:\/\/departamentomedicinaclinica.umh.es\/#website"},"primaryImageOfPage":{"@id":"https:\/\/departamentomedicinaclinica.umh.es\/2016\/09\/06\/nueva-catedra-de-medicina-comunitaria-umh-salud-reproductiva\/#primaryimage"},"datePublished":"2016-09-06T12:19:40+00:00","dateModified":"2024-02-23T10:38:48+00:00","description":"La\u00a0UMH\u00a0i l'Institut Bernabeu creen la C\u00e0tedra de Medicina Comunit\u00e0ria\u00a0UMH\u00a0i salut reproductiva. Els estudis seran codirigits per Domingo Orozco Beltr\u00e1n.","breadcrumb":{"@id":"https:\/\/departamentomedicinaclinica.umh.es\/2016\/09\/06\/nueva-catedra-de-medicina-comunitaria-umh-salud-reproductiva\/#breadcrumb"},"inLanguage":"ca","potentialAction":[{"@type":"ReadAction","target":["https:\/\/departamentomedicinaclinica.umh.es\/2016\/09\/06\/nueva-catedra-de-medicina-comunitaria-umh-salud-reproductiva\/"]}]},{"@type":"BreadcrumbList","@id":"https:\/\/departamentomedicinaclinica.umh.es\/2016\/09\/06\/nueva-catedra-de-medicina-comunitaria-umh-salud-reproductiva\/#breadcrumb","itemListElement":[{"@type":"ListItem","position":1,"name":"Portada","item":"https:\/\/departamentomedicinaclinica.umh.es\/"},{"@type":"ListItem","position":2,"name":"Nueva C\u00e1tedra de Medicina Comunitaria UMH y Salud Reproductiva"}]},{"@type":"Article","@id":"https:\/\/departamentomedicinaclinica.umh.es\/2016\/09\/06\/nueva-catedra-de-medicina-comunitaria-umh-salud-reproductiva\/#article","isPartOf":{"@id":"https:\/\/departamentomedicinaclinica.umh.es\/2016\/09\/06\/nueva-catedra-de-medicina-comunitaria-umh-salud-reproductiva\/#webpage"},"author":{"@id":"https:\/\/departamentomedicinaclinica.umh.es\/#\/schema\/person\/4cce65f000b37391eb0fdba785a882b9"},"headline":"Nova C\u00e0tedra de Medicina Comunit\u00e0ria UMH i Salut Reproductiva","datePublished":"2016-09-06T12:19:40+00:00","dateModified":"2024-02-23T10:38:48+00:00","mainEntityOfPage":{"@id":"https:\/\/departamentomedicinaclinica.umh.es\/2016\/09\/06\/nueva-catedra-de-medicina-comunitaria-umh-salud-reproductiva\/#webpage"},"wordCount":1510,"publisher":{"@id":"https:\/\/departamentomedicinaclinica.umh.es\/#organization"},"image":{"@id":"https:\/\/departamentomedicinaclinica.umh.es\/2016\/09\/06\/nueva-catedra-de-medicina-comunitaria-umh-salud-reproductiva\/#primaryimage"},"thumbnailUrl":"https:\/\/departamentomedicinaclinica.umh.es\/files\/2016\/09\/ConvenioUMHInstitutoBernabeu.jpg","keywords":["C\u00e1tedra Medicina Comunitaria","C\u00e1tedra universitaria","C\u00e1tedras UMH","fecundaci\u00f3n estudios","Instituto Bernabeu","m\u00e1ster Medicina Comunitaria","Medicina c\u00e1tedra","reproducci\u00f3n asistida","Salud Reproductiva","UMH"],"articleSection":["M\u00e1steres"],"inLanguage":"ca"},{"@type":"Person","@id":"https:\/\/departamentomedicinaclinica.umh.es\/#\/schema\/person\/4cce65f000b37391eb0fdba785a882b9","name":"garcia.natalia","image":{"@type":"ImageObject","@id":"https:\/\/departamentomedicinaclinica.umh.es\/#personlogo","inLanguage":"ca","url":"https:\/\/secure.gravatar.com\/avatar\/2f6b18e6f874050af9faeeac24349c8c?s=96&d=mm&r=g","contentUrl":"https:\/\/secure.gravatar.com\/avatar\/2f6b18e6f874050af9faeeac24349c8c?s=96&d=mm&r=g","caption":"garcia.natalia"},"url":"https:\/\/departamentomedicinaclinica.umh.es\/ca\/author\/garcia-natalia\/"}]}},"_links":{"self":[{"href":"https:\/\/departamentomedicinaclinica.umh.es\/ca\/wp-json\/wp\/v2\/posts\/13813"}],"collection":[{"href":"https:\/\/departamentomedicinaclinica.umh.es\/ca\/wp-json\/wp\/v2\/posts"}],"about":[{"href":"https:\/\/departamentomedicinaclinica.umh.es\/ca\/wp-json\/wp\/v2\/types\/post"}],"author":[{"embeddable":true,"href":"https:\/\/departamentomedicinaclinica.umh.es\/ca\/wp-json\/wp\/v2\/users\/3158"}],"replies":[{"embeddable":true,"href":"https:\/\/departamentomedicinaclinica.umh.es\/ca\/wp-json\/wp\/v2\/comments?post=13813"}],"version-history":[{"count":0,"href":"https:\/\/departamentomedicinaclinica.umh.es\/ca\/wp-json\/wp\/v2\/posts\/13813\/revisions"}],"wp:featuredmedia":[{"embeddable":true,"href":"https:\/\/departamentomedicinaclinica.umh.es\/ca\/wp-json\/wp\/v2\/media\/13817"}],"wp:attachment":[{"href":"https:\/\/departamentomedicinaclinica.umh.es\/ca\/wp-json\/wp\/v2\/media?parent=13813"}],"wp:term":[{"taxonomy":"category","embeddable":true,"href":"https:\/\/departamentomedicinaclinica.umh.es\/ca\/wp-json\/wp\/v2\/categories?post=13813"},{"taxonomy":"post_tag","embeddable":true,"href":"https:\/\/departamentomedicinaclinica.umh.es\/ca\/wp-json\/wp\/v2\/tags?post=13813"}],"curies":[{"name":"wp","href":"https:\/\/api.w.org\/{rel}","templated":true}]}}