{"id":13882,"date":"2016-09-14T18:34:44","date_gmt":"2016-09-14T16:34:44","guid":{"rendered":"http:\/\/www.departamentomedicinaclinicaumh.es\/?p=13882"},"modified":"2024-02-23T10:38:48","modified_gmt":"2024-02-23T10:38:48","slug":"jaime-merino-entrega-premio-al-mejor-video-rotatorios-umh","status":"publish","type":"post","link":"https:\/\/departamentomedicinaclinica.umh.es\/ca\/2016\/09\/14\/jaime-merino-entrega-premio-al-mejor-video-rotatorios-umh\/","title":{"rendered":"Jaime Merino lliura el premi al millor v\u00eddeo presentaci\u00f3 dels Rotatoris UMH"},"content":{"rendered":"<p><\/p>\n<p>Dijous <strong>8 de setembre<\/strong> el professor <strong>Jaime Merino<\/strong> va lliurar el premi al millor v\u00eddeo presentaci\u00f3 dels rotatoris cl\u00ednics de la UMH. Aquesta ha sigut la <strong>1\u00aa edici\u00f3 dels Premis de v\u00eddeo presentaci\u00f3<\/strong> <!--more-->convocat entre els estudiants de<strong> 6\u00e9 curs de Medicina<\/strong> de la <a href=\"http:\/\/www.umh.es\/?lang=VAL\" target=\"_blank\" rel=\"noopener\"><strong>Universitat Miguel Hern\u00e1ndez<\/strong>.<\/a><\/p>\n<h2><img loading=\"lazy\" class=\"aligncenter wp-image-13899 size-full\" title=\"Jaime Merino premia a Jos\u00e9 Miguel Mart\u00edn Torres de la UMH \" src=\"https:\/\/departamentomedicinaclinica.umh.es\/files\/2016\/09\/Jaime-Merino-premia-a-Jose-Miguel-Martin-Torres.jpg\" alt=\"Jaime Merino i Jos\u00e9 Miguel Mart\u00edn Torres UMH\" width=\"555\" height=\"583\" srcset=\"https:\/\/departamentomedicinaclinica.umh.es\/files\/2016\/09\/Jaime-Merino-premia-a-Jose-Miguel-Martin-Torres.jpg 555w, https:\/\/departamentomedicinaclinica.umh.es\/files\/2016\/09\/Jaime-Merino-premia-a-Jose-Miguel-Martin-Torres-286x300.jpg 286w\" sizes=\"(max-width: 555px) 100vw, 555px\" \/><\/h2>\n<p>&nbsp;<\/p>\n<h2>Qui ha sigut l&#8217;afortunat dels premis Jaime Merino al millor v\u00eddeo presentaci\u00f3 dels rotatoris UMH?<\/h2>\n<p>Com ja es va comentar en una not\u00edcia anterior, el <strong>v\u00eddeo presentaci\u00f3 dels Rotatoris Cl\u00ednics de la Universitat Miguel Hern\u00e1ndez guanyador<\/strong> en l&#8217;<strong>edici\u00f3 2015-2016<\/strong>\u00a0va recaure en l&#8217;alumne:<\/p>\n<ul>\n<li><strong>Jos\u00e9 Miguel Mart\u00edn Torres<\/strong><\/li>\n<li><strong>T\u00edtol:<\/strong> ESTENOSIS A\u00d3RTICA<\/li>\n<li><strong>Durada:<\/strong> 9:54&#8242;<\/li>\n<li><strong>Rotatori Cl\u00ednic:<\/strong> Hospital General Universitari d&#8217;AlAcant<\/li>\n<li><strong>Descripci\u00f3:<\/strong> Trastorns de l&#8217;aparell cardiovascular. On es detalla un cas cl\u00ednic d&#8217;un home de 92 anys amb estenosis a\u00f2rtica, servint de base per a una explicaci\u00f3 de les caracter\u00edstiques cl\u00edniques i epidemiol\u00f2giques, les troballes a l&#8217;exploraci\u00f3 f\u00edsica i proves diagn\u00f2stiques i el maneig adequat de la patologia i de les seues complicacions.<\/li>\n<\/ul>\n<p style=\"text-align: center\"><strong><a href=\"https:\/\/drive.google.com\/file\/d\/0B1iHDSgN1u5_N2c4ZmdScHc5N3c\/view?usp=sharing\" target=\"_blank\" rel=\"noopener\">Torna a veure el v\u00eddeo guanyador ara<\/a><\/strong><\/p>\n<p style=\"text-align: center\">\n<p>La presentaci\u00f3 de l&#8217;alumne ja es pot visualitzar-se en el <strong><a href=\"https:\/\/www.youtube.com\/playlist?list=PLClKgnzRFYe6Y_i4QLNSlOwsZn0X3Klmb\" target=\"_blank\" rel=\"noopener\">canal de YouTube del departament de Medicina Cl\u00ednica<\/a>.\u00a0<\/strong>Aix\u00ed com altres v\u00eddeos presentaci\u00f3 tamb\u00e9 aportats pel premiat; en aquesta ocasi\u00f3:<\/p>\n<ul>\n<li><strong>Jos\u00e9 Miguel Mart\u00edn Torres<\/strong><\/li>\n<li><strong>T\u00edtol:<\/strong>\u00a0ANSIETAT, INSOMNI I DEPRESSI\u00d3<\/li>\n<li><strong>Durada:<\/strong> 9:56&#8242;<\/li>\n<li><strong>Rotatori Cl\u00ednic Psiquiatria:<\/strong> Hospital General Universitari d&#8217;Alacant<\/li>\n<\/ul>\n<h4 style=\"text-align: center\"><strong><a href=\"https:\/\/www.youtube.com\/watch?v=CedIJncp7jY&amp;list=PLClKgnzRFYe6Y_i4QLNSlOwsZn0X3Klmb&amp;index=2\" target=\"_blank\" rel=\"noopener\">Mira el v\u00eddeo ara<\/a><\/strong><\/h4>\n<p>&nbsp;<\/p>\n<h2>En qu\u00e8 va consistir l&#8217;acte de lliurament del premi Jaime Merino al millor v\u00eddeo presentaci\u00f3 dels rotatoris UMH?<\/h2>\n<p>Es va tractar d&#8217;un esdeveniment senzill que va tenir lloc a les <strong>12:30 h.<\/strong> en la Sala de Juntes del <strong>Departament de Medicina de la Universitat Miguel Hern\u00e1ndez<\/strong>. L&#8217;acte va comptar amb la pres\u00e8ncia entre uns altres de:<\/p>\n<ul>\n<li><a href=\"https:\/\/www.umh.es\/contenido\/Estudiantes\/:persona_5668\/datos_val.html\" target=\"_blank\" rel=\"noopener\">Francisco Javier Fern\u00e1ndez S\u00e1nchez<\/a>, director del departament de Medicina Cl\u00ednica de la UMH<\/li>\n<li><a href=\"https:\/\/www.researchgate.net\/scientific-contributions\/11243949_Jaime_Merino_Sanchez\" target=\"_blank\" rel=\"noopener\">Jaime Merino S\u00e1nchez<\/a>,\u00a0Catedr\u00e0tic del departament de Medicina Cl\u00ednica de la UMH<\/li>\n<li><a href=\"https:\/\/www.umh.es\/contenido\/Estudiantes\/:persona_5611\/datos_val.html\" target=\"_blank\" rel=\"noopener\">Reyes Pascual P\u00e9rez<\/a>, professora titular del departament de Medicina Cl\u00ednica de la UMH<\/li>\n<li>Jos\u00e9 Miguel Mart\u00edn Torres, alumne premiat<\/li>\n<li>Amics del premiat<\/li>\n<li><a href=\"http:\/\/www.umh.es\/contenido\/pas\/:persona_129355\/datos_val.html\" target=\"_blank\" rel=\"noopener\">Juan Jos\u00e9 Torres<\/a>, Assessoria Metodol\u00f2gica i Noves Tecnologies Departament de Medicina Cl\u00ednica de la UMH<\/li>\n<\/ul>\n<p><img loading=\"lazy\" class=\"aligncenter wp-image-13898 size-full\" title=\"Professors del Departament de Medicina Cl\u00ednica de la UMH visionant Estenosis A\u00f2rtica\" src=\"https:\/\/departamentomedicinaclinica.umh.es\/files\/2016\/09\/Estenodis-Aortica-visionado-Rotatorio-UMH.jpg\" alt=\"Estenosis A\u00f2rtica visionat Rotatori UMH Jaime Merino\" width=\"600\" height=\"338\" srcset=\"https:\/\/departamentomedicinaclinica.umh.es\/files\/2016\/09\/Estenodis-Aortica-visionado-Rotatorio-UMH.jpg 600w, https:\/\/departamentomedicinaclinica.umh.es\/files\/2016\/09\/Estenodis-Aortica-visionado-Rotatorio-UMH-300x169.jpg 300w\" sizes=\"(max-width: 600px) 100vw, 600px\" \/><br \/>\nDespr\u00e9s del seu visionat, es va procedir al reconeixement i lliurament del premi a l&#8217;alumne.<br \/>\n&nbsp;<\/p>\n<h2>Quin va ser premi per al guanyador del Concurs Jaime Merino v\u00eddeos presentaci\u00f3 dels rotatoris cl\u00ednics I i II de la UMH?<\/h2>\n<p>El mateix<strong>\u00a0<a href=\"https:\/\/www.researchgate.net\/scientific-contributions\/11243949_Jaime_Merino_Sanchez\" target=\"_blank\" rel=\"noopener\">Jaime Merino<\/a>\u00a0es va encarregar de felicitar a l&#8217;alumne i fer lliurament d&#8217;un reconeixement, no solament econ\u00f2mic, 300 euros, sin\u00f3 tamb\u00e9 personal.<\/strong>\u00a0El docent va lloar la labor de Jos\u00e9 Miguel Mart\u00edn. Fins i tot li va animar en una futura i prometedora dedicaci\u00f3 a l&#8217;ensenyament de la medicina.<br \/>\n<img loading=\"lazy\" class=\"aligncenter wp-image-13896 size-full\" title=\"Jose Miguel Mart\u00edn Torres guardonat en els premis Jaime Merino v\u00eddeos presentaci\u00f3 UMH\" src=\"https:\/\/departamentomedicinaclinica.umh.es\/files\/2016\/09\/Jose-Miguel-Martin-Torres-premiado-Jaime-Merino-UMH.jpg\" alt=\"Jose Miguel Mart\u00edn Torres premis Jaime Merino UMH\" width=\"555\" height=\"381\" srcset=\"https:\/\/departamentomedicinaclinica.umh.es\/files\/2016\/09\/Jose-Miguel-Martin-Torres-premiado-Jaime-Merino-UMH.jpg 555w, https:\/\/departamentomedicinaclinica.umh.es\/files\/2016\/09\/Jose-Miguel-Martin-Torres-premiado-Jaime-Merino-UMH-300x206.jpg 300w\" sizes=\"(max-width: 555px) 100vw, 555px\" \/><br \/>\n&nbsp;<\/p>\n<h2>Quin \u00e9s l&#8217;objectiu de les presentacions dels alumnes dels rotatoris cl\u00ednics I i II en la UMH?<\/h2>\n<p>Els v\u00eddeos de presentaci\u00f3 dels alumnes durant el <a href=\"http:\/\/www.umh.es\/contenido\/PDI\/:asi_g_1987_M1\/datos_es.html\" target=\"_blank\" rel=\"noopener\"><strong>Rotatori Cl\u00ednic<\/strong><\/a>\u00a0permeten convertir-se en un recurs did\u00e0ctic i te\u00f2ric. A m\u00e9s d&#8217;estar a la disposici\u00f3 d&#8217;altres estudiants, tamb\u00e9 poden ser consultats per professionals de les Ci\u00e8ncies de la Salut; fins i tot per particulars interessats en aspectes m\u00e8dics, etc. Es tracta, per tant, de contingut obert fa que que el nivell d&#8217;impacte siga encara major. Els alumnes de 6\u00e9 de Medicina de la UMH ja poden comen\u00e7ar a pensar en la 2\u00aa edici\u00f3 que est\u00e0 en marxa.<br \/>\n&nbsp;<br \/>\n&nbsp;<\/p>","protected":false},"excerpt":{"rendered":"<p>Ho sentim, aquesta entrada es troba disponible \u00fanicament en Espanyol Europeu.<\/p>\n","protected":false},"author":3158,"featured_media":13895,"comment_status":"closed","ping_status":"closed","sticky":false,"template":"","format":"standard","meta":{"_links_to":"","_links_to_target":""},"categories":[964],"tags":[1207638,1324633,1328469,5212,5221,5224,5230],"yoast_head":"<!-- This site is optimized with the Yoast SEO plugin v17.5 - https:\/\/yoast.com\/wordpress\/plugins\/seo\/ -->\n<meta name=\"description\" content=\"El 8 de setembre el professor Jaime Merino va entregar el premi al millor v\u00eddeo presentaci\u00f3 dels rotatoris cl\u00ednics de la\u00a0UMH\u00a0a Jos\u00e9 Miguel Mart\u00edn Torres.\" \/>\n<meta name=\"robots\" content=\"index, follow, max-snippet:-1, max-image-preview:large, max-video-preview:-1\" \/>\n<link rel=\"canonical\" href=\"https:\/\/departamentomedicinaclinica.umh.es\/ca\/2016\/09\/14\/jaime-merino-entrega-premio-al-mejor-video-rotatorios-umh\/\" \/>\n<meta property=\"og:locale\" content=\"ca_ES\" \/>\n<meta property=\"og:type\" content=\"article\" \/>\n<meta property=\"og:title\" content=\"Jaime Merino lliura el premi al millor v\u00eddeo presentaci\u00f3 dels Rotatoris UMH - Departamento de Medicina Cl\u00ednica UMH\" \/>\n<meta property=\"og:description\" content=\"El 8 de setembre el professor Jaime Merino va entregar el premi al millor v\u00eddeo presentaci\u00f3 dels rotatoris cl\u00ednics de la\u00a0UMH\u00a0a Jos\u00e9 Miguel Mart\u00edn Torres.\" \/>\n<meta property=\"og:url\" content=\"https:\/\/departamentomedicinaclinica.umh.es\/2016\/09\/14\/jaime-merino-entrega-premio-al-mejor-video-rotatorios-umh\/\" \/>\n<meta property=\"og:site_name\" content=\"Departamento de Medicina Cl\u00ednica UMH\" \/>\n<meta property=\"article:published_time\" content=\"2016-09-14T16:34:44+00:00\" \/>\n<meta property=\"article:modified_time\" content=\"2024-02-23T10:38:48+00:00\" \/>\n<meta property=\"og:image\" content=\"https:\/\/departamentomedicinaclinica.umh.es\/files\/2016\/09\/Premios-Jaime-Merino-Rotatorios-UMH.jpg\" \/>\n\t<meta property=\"og:image:width\" content=\"555\" \/>\n\t<meta property=\"og:image:height\" content=\"339\" \/>\n<meta name=\"twitter:card\" content=\"summary_large_image\" \/>\n<meta name=\"twitter:creator\" content=\"@medicinaumh\" \/>\n<meta name=\"twitter:site\" content=\"@medicinaumh\" \/>\n<meta name=\"twitter:label1\" content=\"Written by\" \/>\n\t<meta name=\"twitter:data1\" content=\"garcia.natalia\" \/>\n\t<meta name=\"twitter:label2\" content=\"Est. reading time\" \/>\n\t<meta name=\"twitter:data2\" content=\"9 minuts\" \/>\n<script type=\"application\/ld+json\" class=\"yoast-schema-graph\">{\"@context\":\"https:\/\/schema.org\",\"@graph\":[{\"@type\":\"Organization\",\"@id\":\"https:\/\/departamentomedicinaclinica.umh.es\/#organization\",\"name\":\"Departamento Medicina Cl\\u00ednica Universidad Miguel Hern\\u00e1ndez de Elche\",\"url\":\"https:\/\/departamentomedicinaclinica.umh.es\/\",\"sameAs\":[\"https:\/\/www.youtube.com\/playlist?list=PLClKgnzRFYe6Y_i4QLNSlOwsZn0X3Klmb\",\"https:\/\/twitter.com\/medicinaumh\"],\"logo\":{\"@type\":\"ImageObject\",\"@id\":\"https:\/\/departamentomedicinaclinica.umh.es\/#logo\",\"inLanguage\":\"ca\",\"url\":\"https:\/\/departamentomedicinaclinica.umh.es\/files\/2024\/07\/meclin-vertical.png\",\"contentUrl\":\"https:\/\/departamentomedicinaclinica.umh.es\/files\/2024\/07\/meclin-vertical.png\",\"width\":1376,\"height\":1600,\"caption\":\"Departamento Medicina Cl\\u00ednica Universidad Miguel Hern\\u00e1ndez de Elche\"},\"image\":{\"@id\":\"https:\/\/departamentomedicinaclinica.umh.es\/#logo\"}},{\"@type\":\"WebSite\",\"@id\":\"https:\/\/departamentomedicinaclinica.umh.es\/#website\",\"url\":\"https:\/\/departamentomedicinaclinica.umh.es\/\",\"name\":\"Departamento de Medicina Cl\\u00ednica UMH\",\"description\":\"Otro sitio m\\u00e1s de Zeus.umh.es Blogs\",\"publisher\":{\"@id\":\"https:\/\/departamentomedicinaclinica.umh.es\/#organization\"},\"potentialAction\":[{\"@type\":\"SearchAction\",\"target\":{\"@type\":\"EntryPoint\",\"urlTemplate\":\"https:\/\/departamentomedicinaclinica.umh.es\/?s={search_term_string}\"},\"query-input\":\"required name=search_term_string\"}],\"inLanguage\":\"ca\"},{\"@type\":\"ImageObject\",\"@id\":\"https:\/\/departamentomedicinaclinica.umh.es\/2016\/09\/14\/jaime-merino-entrega-premio-al-mejor-video-rotatorios-umh\/#primaryimage\",\"inLanguage\":\"ca\",\"url\":\"https:\/\/departamentomedicinaclinica.umh.es\/files\/2016\/09\/Premios-Jaime-Merino-Rotatorios-UMH.jpg\",\"contentUrl\":\"https:\/\/departamentomedicinaclinica.umh.es\/files\/2016\/09\/Premios-Jaime-Merino-Rotatorios-UMH.jpg\",\"width\":555,\"height\":339,\"caption\":\"Premios Jaime Merino Rotatorios UMH\"},{\"@type\":\"WebPage\",\"@id\":\"https:\/\/departamentomedicinaclinica.umh.es\/2016\/09\/14\/jaime-merino-entrega-premio-al-mejor-video-rotatorios-umh\/#webpage\",\"url\":\"https:\/\/departamentomedicinaclinica.umh.es\/2016\/09\/14\/jaime-merino-entrega-premio-al-mejor-video-rotatorios-umh\/\",\"name\":\"Jaime Merino lliura el premi al millor v\\u00eddeo presentaci\\u00f3 dels Rotatoris UMH - Departamento de Medicina Cl\\u00ednica UMH\",\"isPartOf\":{\"@id\":\"https:\/\/departamentomedicinaclinica.umh.es\/#website\"},\"primaryImageOfPage\":{\"@id\":\"https:\/\/departamentomedicinaclinica.umh.es\/2016\/09\/14\/jaime-merino-entrega-premio-al-mejor-video-rotatorios-umh\/#primaryimage\"},\"datePublished\":\"2016-09-14T16:34:44+00:00\",\"dateModified\":\"2024-02-23T10:38:48+00:00\",\"description\":\"El 8 de setembre el professor Jaime Merino va entregar el premi al millor v\\u00eddeo presentaci\\u00f3 dels rotatoris cl\\u00ednics de la\\u00a0UMH\\u00a0a Jos\\u00e9 Miguel Mart\\u00edn Torres.\",\"breadcrumb\":{\"@id\":\"https:\/\/departamentomedicinaclinica.umh.es\/2016\/09\/14\/jaime-merino-entrega-premio-al-mejor-video-rotatorios-umh\/#breadcrumb\"},\"inLanguage\":\"ca\",\"potentialAction\":[{\"@type\":\"ReadAction\",\"target\":[\"https:\/\/departamentomedicinaclinica.umh.es\/2016\/09\/14\/jaime-merino-entrega-premio-al-mejor-video-rotatorios-umh\/\"]}]},{\"@type\":\"BreadcrumbList\",\"@id\":\"https:\/\/departamentomedicinaclinica.umh.es\/2016\/09\/14\/jaime-merino-entrega-premio-al-mejor-video-rotatorios-umh\/#breadcrumb\",\"itemListElement\":[{\"@type\":\"ListItem\",\"position\":1,\"name\":\"Portada\",\"item\":\"https:\/\/departamentomedicinaclinica.umh.es\/\"},{\"@type\":\"ListItem\",\"position\":2,\"name\":\"Jaime Merino entrega el premio al mejor video presentaci\\u00f3n de los Rotatorios UMH\"}]},{\"@type\":\"Article\",\"@id\":\"https:\/\/departamentomedicinaclinica.umh.es\/2016\/09\/14\/jaime-merino-entrega-premio-al-mejor-video-rotatorios-umh\/#article\",\"isPartOf\":{\"@id\":\"https:\/\/departamentomedicinaclinica.umh.es\/2016\/09\/14\/jaime-merino-entrega-premio-al-mejor-video-rotatorios-umh\/#webpage\"},\"author\":{\"@id\":\"https:\/\/departamentomedicinaclinica.umh.es\/#\/schema\/person\/4cce65f000b37391eb0fdba785a882b9\"},\"headline\":\"Jaime Merino lliura el premi al millor v\\u00eddeo presentaci\\u00f3 dels Rotatoris UMH\",\"datePublished\":\"2016-09-14T16:34:44+00:00\",\"dateModified\":\"2024-02-23T10:38:48+00:00\",\"mainEntityOfPage\":{\"@id\":\"https:\/\/departamentomedicinaclinica.umh.es\/2016\/09\/14\/jaime-merino-entrega-premio-al-mejor-video-rotatorios-umh\/#webpage\"},\"wordCount\":1758,\"publisher\":{\"@id\":\"https:\/\/departamentomedicinaclinica.umh.es\/#organization\"},\"image\":{\"@id\":\"https:\/\/departamentomedicinaclinica.umh.es\/2016\/09\/14\/jaime-merino-entrega-premio-al-mejor-video-rotatorios-umh\/#primaryimage\"},\"thumbnailUrl\":\"https:\/\/departamentomedicinaclinica.umh.es\/files\/2016\/09\/Premios-Jaime-Merino-Rotatorios-UMH.jpg\",\"keywords\":[\"Jaime Merino premios\",\"Premios v\\u00eddeos UMH\",\"presentaci\\u00f3n rotatorios UMH\",\"Rotatorio Atenci\\u00f3n Primaria\",\"Rotatorio Medicina I y II\",\"Rotatorio Psiquiatr\\u00eda\",\"Rotatorio Urgencias-Emergencias\"],\"articleSection\":[\"Actualidad\"],\"inLanguage\":\"ca\"},{\"@type\":\"Person\",\"@id\":\"https:\/\/departamentomedicinaclinica.umh.es\/#\/schema\/person\/4cce65f000b37391eb0fdba785a882b9\",\"name\":\"garcia.natalia\",\"image\":{\"@type\":\"ImageObject\",\"@id\":\"https:\/\/departamentomedicinaclinica.umh.es\/#personlogo\",\"inLanguage\":\"ca\",\"url\":\"https:\/\/secure.gravatar.com\/avatar\/2f6b18e6f874050af9faeeac24349c8c?s=96&d=mm&r=g\",\"contentUrl\":\"https:\/\/secure.gravatar.com\/avatar\/2f6b18e6f874050af9faeeac24349c8c?s=96&d=mm&r=g\",\"caption\":\"garcia.natalia\"},\"url\":\"https:\/\/departamentomedicinaclinica.umh.es\/ca\/author\/garcia-natalia\/\"}]}<\/script>\n<!-- \/ Yoast SEO plugin. -->","yoast_head_json":{"description":"El 8 de setembre el professor Jaime Merino va entregar el premi al millor v\u00eddeo presentaci\u00f3 dels rotatoris cl\u00ednics de la\u00a0UMH\u00a0a Jos\u00e9 Miguel Mart\u00edn Torres.","robots":{"index":"index","follow":"follow","max-snippet":"max-snippet:-1","max-image-preview":"max-image-preview:large","max-video-preview":"max-video-preview:-1"},"canonical":"https:\/\/departamentomedicinaclinica.umh.es\/ca\/2016\/09\/14\/jaime-merino-entrega-premio-al-mejor-video-rotatorios-umh\/","og_locale":"ca_ES","og_type":"article","og_title":"Jaime Merino lliura el premi al millor v\u00eddeo presentaci\u00f3 dels Rotatoris UMH - Departamento de Medicina Cl\u00ednica UMH","og_description":"El 8 de setembre el professor Jaime Merino va entregar el premi al millor v\u00eddeo presentaci\u00f3 dels rotatoris cl\u00ednics de la\u00a0UMH\u00a0a Jos\u00e9 Miguel Mart\u00edn Torres.","og_url":"https:\/\/departamentomedicinaclinica.umh.es\/2016\/09\/14\/jaime-merino-entrega-premio-al-mejor-video-rotatorios-umh\/","og_site_name":"Departamento de Medicina Cl\u00ednica UMH","article_published_time":"2016-09-14T16:34:44+00:00","article_modified_time":"2024-02-23T10:38:48+00:00","og_image":[{"width":555,"height":339,"url":"https:\/\/departamentomedicinaclinica.umh.es\/files\/2016\/09\/Premios-Jaime-Merino-Rotatorios-UMH.jpg","type":"image\/jpeg"}],"twitter_card":"summary_large_image","twitter_creator":"@medicinaumh","twitter_site":"@medicinaumh","twitter_misc":{"Written by":"garcia.natalia","Est. reading time":"9 minuts"},"schema":{"@context":"https:\/\/schema.org","@graph":[{"@type":"Organization","@id":"https:\/\/departamentomedicinaclinica.umh.es\/#organization","name":"Departamento Medicina Cl\u00ednica Universidad Miguel Hern\u00e1ndez de Elche","url":"https:\/\/departamentomedicinaclinica.umh.es\/","sameAs":["https:\/\/www.youtube.com\/playlist?list=PLClKgnzRFYe6Y_i4QLNSlOwsZn0X3Klmb","https:\/\/twitter.com\/medicinaumh"],"logo":{"@type":"ImageObject","@id":"https:\/\/departamentomedicinaclinica.umh.es\/#logo","inLanguage":"ca","url":"https:\/\/departamentomedicinaclinica.umh.es\/files\/2024\/07\/meclin-vertical.png","contentUrl":"https:\/\/departamentomedicinaclinica.umh.es\/files\/2024\/07\/meclin-vertical.png","width":1376,"height":1600,"caption":"Departamento Medicina Cl\u00ednica Universidad Miguel Hern\u00e1ndez de Elche"},"image":{"@id":"https:\/\/departamentomedicinaclinica.umh.es\/#logo"}},{"@type":"WebSite","@id":"https:\/\/departamentomedicinaclinica.umh.es\/#website","url":"https:\/\/departamentomedicinaclinica.umh.es\/","name":"Departamento de Medicina Cl\u00ednica UMH","description":"Otro sitio m\u00e1s de Zeus.umh.es Blogs","publisher":{"@id":"https:\/\/departamentomedicinaclinica.umh.es\/#organization"},"potentialAction":[{"@type":"SearchAction","target":{"@type":"EntryPoint","urlTemplate":"https:\/\/departamentomedicinaclinica.umh.es\/?s={search_term_string}"},"query-input":"required name=search_term_string"}],"inLanguage":"ca"},{"@type":"ImageObject","@id":"https:\/\/departamentomedicinaclinica.umh.es\/2016\/09\/14\/jaime-merino-entrega-premio-al-mejor-video-rotatorios-umh\/#primaryimage","inLanguage":"ca","url":"https:\/\/departamentomedicinaclinica.umh.es\/files\/2016\/09\/Premios-Jaime-Merino-Rotatorios-UMH.jpg","contentUrl":"https:\/\/departamentomedicinaclinica.umh.es\/files\/2016\/09\/Premios-Jaime-Merino-Rotatorios-UMH.jpg","width":555,"height":339,"caption":"Premios Jaime Merino Rotatorios UMH"},{"@type":"WebPage","@id":"https:\/\/departamentomedicinaclinica.umh.es\/2016\/09\/14\/jaime-merino-entrega-premio-al-mejor-video-rotatorios-umh\/#webpage","url":"https:\/\/departamentomedicinaclinica.umh.es\/2016\/09\/14\/jaime-merino-entrega-premio-al-mejor-video-rotatorios-umh\/","name":"Jaime Merino lliura el premi al millor v\u00eddeo presentaci\u00f3 dels Rotatoris UMH - Departamento de Medicina Cl\u00ednica UMH","isPartOf":{"@id":"https:\/\/departamentomedicinaclinica.umh.es\/#website"},"primaryImageOfPage":{"@id":"https:\/\/departamentomedicinaclinica.umh.es\/2016\/09\/14\/jaime-merino-entrega-premio-al-mejor-video-rotatorios-umh\/#primaryimage"},"datePublished":"2016-09-14T16:34:44+00:00","dateModified":"2024-02-23T10:38:48+00:00","description":"El 8 de setembre el professor Jaime Merino va entregar el premi al millor v\u00eddeo presentaci\u00f3 dels rotatoris cl\u00ednics de la\u00a0UMH\u00a0a Jos\u00e9 Miguel Mart\u00edn Torres.","breadcrumb":{"@id":"https:\/\/departamentomedicinaclinica.umh.es\/2016\/09\/14\/jaime-merino-entrega-premio-al-mejor-video-rotatorios-umh\/#breadcrumb"},"inLanguage":"ca","potentialAction":[{"@type":"ReadAction","target":["https:\/\/departamentomedicinaclinica.umh.es\/2016\/09\/14\/jaime-merino-entrega-premio-al-mejor-video-rotatorios-umh\/"]}]},{"@type":"BreadcrumbList","@id":"https:\/\/departamentomedicinaclinica.umh.es\/2016\/09\/14\/jaime-merino-entrega-premio-al-mejor-video-rotatorios-umh\/#breadcrumb","itemListElement":[{"@type":"ListItem","position":1,"name":"Portada","item":"https:\/\/departamentomedicinaclinica.umh.es\/"},{"@type":"ListItem","position":2,"name":"Jaime Merino entrega el premio al mejor video presentaci\u00f3n de los Rotatorios UMH"}]},{"@type":"Article","@id":"https:\/\/departamentomedicinaclinica.umh.es\/2016\/09\/14\/jaime-merino-entrega-premio-al-mejor-video-rotatorios-umh\/#article","isPartOf":{"@id":"https:\/\/departamentomedicinaclinica.umh.es\/2016\/09\/14\/jaime-merino-entrega-premio-al-mejor-video-rotatorios-umh\/#webpage"},"author":{"@id":"https:\/\/departamentomedicinaclinica.umh.es\/#\/schema\/person\/4cce65f000b37391eb0fdba785a882b9"},"headline":"Jaime Merino lliura el premi al millor v\u00eddeo presentaci\u00f3 dels Rotatoris UMH","datePublished":"2016-09-14T16:34:44+00:00","dateModified":"2024-02-23T10:38:48+00:00","mainEntityOfPage":{"@id":"https:\/\/departamentomedicinaclinica.umh.es\/2016\/09\/14\/jaime-merino-entrega-premio-al-mejor-video-rotatorios-umh\/#webpage"},"wordCount":1758,"publisher":{"@id":"https:\/\/departamentomedicinaclinica.umh.es\/#organization"},"image":{"@id":"https:\/\/departamentomedicinaclinica.umh.es\/2016\/09\/14\/jaime-merino-entrega-premio-al-mejor-video-rotatorios-umh\/#primaryimage"},"thumbnailUrl":"https:\/\/departamentomedicinaclinica.umh.es\/files\/2016\/09\/Premios-Jaime-Merino-Rotatorios-UMH.jpg","keywords":["Jaime Merino premios","Premios v\u00eddeos UMH","presentaci\u00f3n rotatorios UMH","Rotatorio Atenci\u00f3n Primaria","Rotatorio Medicina I y II","Rotatorio Psiquiatr\u00eda","Rotatorio Urgencias-Emergencias"],"articleSection":["Actualidad"],"inLanguage":"ca"},{"@type":"Person","@id":"https:\/\/departamentomedicinaclinica.umh.es\/#\/schema\/person\/4cce65f000b37391eb0fdba785a882b9","name":"garcia.natalia","image":{"@type":"ImageObject","@id":"https:\/\/departamentomedicinaclinica.umh.es\/#personlogo","inLanguage":"ca","url":"https:\/\/secure.gravatar.com\/avatar\/2f6b18e6f874050af9faeeac24349c8c?s=96&d=mm&r=g","contentUrl":"https:\/\/secure.gravatar.com\/avatar\/2f6b18e6f874050af9faeeac24349c8c?s=96&d=mm&r=g","caption":"garcia.natalia"},"url":"https:\/\/departamentomedicinaclinica.umh.es\/ca\/author\/garcia-natalia\/"}]}},"_links":{"self":[{"href":"https:\/\/departamentomedicinaclinica.umh.es\/ca\/wp-json\/wp\/v2\/posts\/13882"}],"collection":[{"href":"https:\/\/departamentomedicinaclinica.umh.es\/ca\/wp-json\/wp\/v2\/posts"}],"about":[{"href":"https:\/\/departamentomedicinaclinica.umh.es\/ca\/wp-json\/wp\/v2\/types\/post"}],"author":[{"embeddable":true,"href":"https:\/\/departamentomedicinaclinica.umh.es\/ca\/wp-json\/wp\/v2\/users\/3158"}],"replies":[{"embeddable":true,"href":"https:\/\/departamentomedicinaclinica.umh.es\/ca\/wp-json\/wp\/v2\/comments?post=13882"}],"version-history":[{"count":0,"href":"https:\/\/departamentomedicinaclinica.umh.es\/ca\/wp-json\/wp\/v2\/posts\/13882\/revisions"}],"wp:featuredmedia":[{"embeddable":true,"href":"https:\/\/departamentomedicinaclinica.umh.es\/ca\/wp-json\/wp\/v2\/media\/13895"}],"wp:attachment":[{"href":"https:\/\/departamentomedicinaclinica.umh.es\/ca\/wp-json\/wp\/v2\/media?parent=13882"}],"wp:term":[{"taxonomy":"category","embeddable":true,"href":"https:\/\/departamentomedicinaclinica.umh.es\/ca\/wp-json\/wp\/v2\/categories?post=13882"},{"taxonomy":"post_tag","embeddable":true,"href":"https:\/\/departamentomedicinaclinica.umh.es\/ca\/wp-json\/wp\/v2\/tags?post=13882"}],"curies":[{"name":"wp","href":"https:\/\/api.w.org\/{rel}","templated":true}]}}