{"id":13884,"date":"2016-12-22T12:31:44","date_gmt":"2016-12-22T11:31:44","guid":{"rendered":"http:\/\/www.departamentomedicinaclinicaumh.es\/?p=13884"},"modified":"2024-02-23T10:38:47","modified_gmt":"2024-02-23T10:38:47","slug":"estudiantes-la-umh-participan-proyecto-cooperacion-ruanda","status":"publish","type":"post","link":"https:\/\/departamentomedicinaclinica.umh.es\/ca\/2016\/12\/22\/estudiantes-la-umh-participan-proyecto-cooperacion-ruanda\/","title":{"rendered":"Estudiants de la UMH participen en el projecte de cooperaci\u00f3 de Ruanda"},"content":{"rendered":"<p><\/p>\n<p>16 alumnes de la Universitat Miguel Hern\u00e1ndez (UMH) s&#8217;han proposat desenvolupar un <a href=\"http:\/\/alumni.umh.es\/2015\/06\/12\/quieres-ser-voluntario-en-rwanda\/\" target=\"_blank\" rel=\"noopener\">projecte de cooperaci\u00f3 de Rwanda <\/a>. Conseq\u00fc\u00e8ncia de les activitats que desenvolupa la instituci\u00f3 acad\u00e8mica.<\/p>\n<p><img loading=\"lazy\" class=\"aligncenter wp-image-14723\" src=\"https:\/\/departamentomedicinaclinica.umh.es\/files\/2016\/12\/Proyecto-de-cooperacion-Ruanda-UMH-1.jpg\" title=\"Doc\u00e8ncia voluntaris UMH en el projecte solidari de Rwanda\" alt=\"Projecte de cooperaci\u00f3 de Ruanda UMH\" width=\"500\" height=\"334\" srcset=\"https:\/\/departamentomedicinaclinica.umh.es\/files\/2016\/12\/Proyecto-de-cooperacion-Ruanda-UMH-1.jpg 1000w, https:\/\/departamentomedicinaclinica.umh.es\/files\/2016\/12\/Proyecto-de-cooperacion-Ruanda-UMH-1-300x200.jpg 300w, https:\/\/departamentomedicinaclinica.umh.es\/files\/2016\/12\/Proyecto-de-cooperacion-Ruanda-UMH-1-768x512.jpg 768w\" sizes=\"(max-width: 500px) 100vw, 500px\" \/><br \/>\nEn aquesta ocasi\u00f3 han sigut l&#8217;escola i l&#8217;<strong><a href=\"http:\/\/www.lavanguardia.com\/local\/valencia\/20160304\/40196616859\/la-umh-rehabilita-un-edificio-del-hospital-de-nemba-en-ruanda.html\" target=\"_blank\" rel=\"noopener\">hospital de Nemba<\/a><\/strong>,<!--more--> el <a href=\"https:\/\/www.google.es\/search?q=Petit+S%C3%A9minaire+Saint+Jean+Nkumba&amp;source=lnms&amp;tbm=isch&amp;sa=X&amp;ved=0ahUKEwi0lcCu1YfRAhXMiRoKHeFpBTsQ_AUICSgC&amp;biw=1280&amp;bih=845\" target=\"_blank\" rel=\"noopener\"><strong>Petit S\u00e9minaire Saint Jean Nkumba (Uganda)<\/strong><\/a>.<\/p>\n<h2>Quins s\u00f3n les accions desenvolupades en el Projecte de cooperaci\u00f3 de Ruanda?<\/h2>\n<p>Entre els projectes desenvolupats durant enguany destaquen:<\/p>\n<ul>\n<li>la creaci\u00f3 d&#8217;un <strong>programa de r\u00e0dio<\/strong> en el Petit S\u00e9minaire de Nkumba,<\/li>\n<li>i una <strong>escola d&#8217;alt rendiment<\/strong> on els voluntaris tamb\u00e9 han impartit classes de biologia i inform\u00e0tica.<\/li>\n<\/ul>\n<p>Pel que fa a la <a href=\"http:\/\/internacional.umh.es\/en\/tag\/nemba\/\" target=\"_blank\" rel=\"noopener\">escola de Nemba<\/a>, projecte realitzat per la UMH, aquesta disposa de m\u00e9s de 500 alumnes. Com a novetat, han comen\u00e7at a impartir-se classes de judo per a estudiants i docents.<br \/>\n<img loading=\"lazy\" class=\"aligncenter wp-image-14725\" title=\"Xiquets i voluntaris de la UMH en el Projecte de cooperaci\u00f3 Ruanda\" src=\"https:\/\/departamentomedicinaclinica.umh.es\/files\/2016\/12\/Proyecto-de-cooperacion-Ruanda-UMH-alumnos-y-ninyos.jpg\" alt=\"Projecte de cooperaci\u00f3 de Ruanda UMH\" width=\"500\" height=\"334\" srcset=\"https:\/\/departamentomedicinaclinica.umh.es\/files\/2016\/12\/Proyecto-de-cooperacion-Ruanda-UMH-alumnos-y-ninyos.jpg 1000w, https:\/\/departamentomedicinaclinica.umh.es\/files\/2016\/12\/Proyecto-de-cooperacion-Ruanda-UMH-alumnos-y-ninyos-300x200.jpg 300w, https:\/\/departamentomedicinaclinica.umh.es\/files\/2016\/12\/Proyecto-de-cooperacion-Ruanda-UMH-alumnos-y-ninyos-768x512.jpg 768w\" sizes=\"(max-width: 500px) 100vw, 500px\" \/><br \/>\nFinalment, en l&#8217;<strong>hospital de Nemba<\/strong> s&#8217;ha actuat principalment en l&#8217;\u00e0mbit de la fisioter\u00e0pia i de la salut p\u00fablica. Per mitj\u00e0 de programes docents dirigits al personal sanitari, familiars i pacients de l&#8217;hospital. Al costat de l&#8217;atenci\u00f3 soci-sanit\u00e0ria en les \u00e0rees de pediatria i salut mental.<br \/>\n&nbsp;<\/p>\n<h2>Des de quan es ve realitzat el Projecte de cooperaci\u00f3 de Ruanda en la UMH?<\/h2>\n<p>Des de l&#8217;any 2011, la<strong> UMH<\/strong> envia, a trav\u00e9s del<a href=\"http:\/\/internacional.umh.es\/\" target=\"_blank\" rel=\"noopener\"> Vicerectorat de Relacions Internacionals,<\/a> a un grup de <strong>voluntaris a Ruanda<\/strong>. L&#8217;objectiu \u00e9s respondre a les necessitats de les estructures en les quals actua i d&#8217;integrar a la comunitat universit\u00e0ria en la realitat del pa\u00eds afric\u00e0.<br \/>\n<img loading=\"lazy\" class=\"aligncenter wp-image-14722\" src=\"https:\/\/departamentomedicinaclinica.umh.es\/files\/2016\/12\/Proyecto-de-cooperacion-Ruanda-UMH-alumnos-y-Mariano-Perez-Arroyo.jpg\" alt=\"Projecte de cooperaci\u00f3 de Ruanda alumnes UMH i Mariano P\u00e9rez Arroyo\" title=\"La UMH col\u00b7labora en cooperaci\u00f3 al desenvolupament a Ruanda\" width=\"500\" height=\"334\" srcset=\"https:\/\/departamentomedicinaclinica.umh.es\/files\/2016\/12\/Proyecto-de-cooperacion-Ruanda-UMH-alumnos-y-Mariano-Perez-Arroyo.jpg 1000w, https:\/\/departamentomedicinaclinica.umh.es\/files\/2016\/12\/Proyecto-de-cooperacion-Ruanda-UMH-alumnos-y-Mariano-Perez-Arroyo-300x200.jpg 300w, https:\/\/departamentomedicinaclinica.umh.es\/files\/2016\/12\/Proyecto-de-cooperacion-Ruanda-UMH-alumnos-y-Mariano-Perez-Arroyo-768x512.jpg 768w\" sizes=\"(max-width: 500px) 100vw, 500px\" \/><br \/>\nDurant la convocat\u00f2ria de 2016 han participat alumnes, PDI i Alumni de diverses titulacions. Entre elles: <em>Medicina, Inform\u00e0tica, Enginyeria Industrial, Periodisme, Psicologia, Fisioter\u00e0pia, Ter\u00e0pia Ocupacional i Biotecnologia<\/em>.<br \/>\nLes tasques de coordinaci\u00f3 del Projecte de cooperaci\u00f3 de Ruanda han sigut gestionades per:<\/p>\n<ul>\n<li><a href=\"https:\/\/www.yumpu.com\/es\/document\/view\/14341058\/entrevista-al-dr-mariano-perez-arroyo-director-del\" target=\"_blank\" rel=\"noopener\"><strong> Mariano P\u00e9rez Arroyo<\/strong><\/a>, director de la C\u00e0tedra \u2018Seu UMH a Ruanda\u2019.<\/li>\n<\/ul>\n<p>La pr\u00f2xima convocat\u00f2ria del projecte al pa\u00eds afric\u00e0 s&#8217;obrir\u00e0 molt aviat.<br \/>\n&nbsp;<br \/>\n&nbsp;<\/p>","protected":false},"excerpt":{"rendered":"<p>Ho sentim, aquesta entrada es troba disponible \u00fanicament en Espanyol Europeu.<\/p>\n","protected":false},"author":3158,"featured_media":14724,"comment_status":"closed","ping_status":"closed","sticky":false,"template":"","format":"standard","meta":{"_links_to":"","_links_to_target":""},"categories":[964],"tags":[3118,1258640,1263254,1272854,1315076,4873,5056,5257,6541],"yoast_head":"<!-- This site is optimized with the Yoast SEO plugin v17.5 - https:\/\/yoast.com\/wordpress\/plugins\/seo\/ -->\n<meta name=\"description\" content=\"16 alumnes d&#039;Universitat Miguel Hern\u00e1ndez\u00a0UMH\u00a0han desenvolupat un projecte de cooperaci\u00f3 de Ruanda Hospital de\u00a0Nemba\u00a0i\u00a0Petit\u00a0S\u00e9minaire\u00a0Saint\u00a0Jean\u00a0Nkumba\" \/>\n<meta name=\"robots\" content=\"index, follow, max-snippet:-1, max-image-preview:large, max-video-preview:-1\" \/>\n<link rel=\"canonical\" href=\"https:\/\/departamentomedicinaclinica.umh.es\/ca\/2016\/12\/22\/estudiantes-la-umh-participan-proyecto-cooperacion-ruanda\/\" \/>\n<meta property=\"og:locale\" content=\"ca_ES\" \/>\n<meta property=\"og:type\" content=\"article\" \/>\n<meta property=\"og:title\" content=\"Estudiants de la UMH participen en el projecte de cooperaci\u00f3 de Ruanda - Departamento de Medicina Cl\u00ednica UMH\" \/>\n<meta property=\"og:description\" content=\"16 alumnes d&#039;Universitat Miguel Hern\u00e1ndez\u00a0UMH\u00a0han desenvolupat un projecte de cooperaci\u00f3 de Ruanda Hospital de\u00a0Nemba\u00a0i\u00a0Petit\u00a0S\u00e9minaire\u00a0Saint\u00a0Jean\u00a0Nkumba\" \/>\n<meta property=\"og:url\" content=\"https:\/\/departamentomedicinaclinica.umh.es\/2016\/12\/22\/estudiantes-la-umh-participan-proyecto-cooperacion-ruanda\/\" \/>\n<meta property=\"og:site_name\" content=\"Departamento de Medicina Cl\u00ednica UMH\" \/>\n<meta property=\"article:published_time\" content=\"2016-12-22T11:31:44+00:00\" \/>\n<meta property=\"article:modified_time\" content=\"2024-02-23T10:38:47+00:00\" \/>\n<meta property=\"og:image\" content=\"https:\/\/departamentomedicinaclinica.umh.es\/files\/2016\/12\/Proyecto-de-cooperacion-Ruanda-UMH-hospital-Nemba.jpg\" \/>\n\t<meta property=\"og:image:width\" content=\"1000\" \/>\n\t<meta property=\"og:image:height\" content=\"667\" \/>\n<meta name=\"twitter:card\" content=\"summary_large_image\" \/>\n<meta name=\"twitter:creator\" content=\"@medicinaumh\" \/>\n<meta name=\"twitter:site\" content=\"@medicinaumh\" \/>\n<meta name=\"twitter:label1\" content=\"Written by\" \/>\n\t<meta name=\"twitter:data1\" content=\"garcia.natalia\" \/>\n\t<meta name=\"twitter:label2\" content=\"Est. reading time\" \/>\n\t<meta name=\"twitter:data2\" content=\"5 minuts\" \/>\n<script type=\"application\/ld+json\" class=\"yoast-schema-graph\">{\"@context\":\"https:\/\/schema.org\",\"@graph\":[{\"@type\":\"Organization\",\"@id\":\"https:\/\/departamentomedicinaclinica.umh.es\/#organization\",\"name\":\"Departamento Medicina Cl\\u00ednica Universidad Miguel Hern\\u00e1ndez de Elche\",\"url\":\"https:\/\/departamentomedicinaclinica.umh.es\/\",\"sameAs\":[\"https:\/\/www.youtube.com\/playlist?list=PLClKgnzRFYe6Y_i4QLNSlOwsZn0X3Klmb\",\"https:\/\/twitter.com\/medicinaumh\"],\"logo\":{\"@type\":\"ImageObject\",\"@id\":\"https:\/\/departamentomedicinaclinica.umh.es\/#logo\",\"inLanguage\":\"ca\",\"url\":\"https:\/\/departamentomedicinaclinica.umh.es\/files\/2024\/07\/meclin-vertical.png\",\"contentUrl\":\"https:\/\/departamentomedicinaclinica.umh.es\/files\/2024\/07\/meclin-vertical.png\",\"width\":1376,\"height\":1600,\"caption\":\"Departamento Medicina Cl\\u00ednica Universidad Miguel Hern\\u00e1ndez de Elche\"},\"image\":{\"@id\":\"https:\/\/departamentomedicinaclinica.umh.es\/#logo\"}},{\"@type\":\"WebSite\",\"@id\":\"https:\/\/departamentomedicinaclinica.umh.es\/#website\",\"url\":\"https:\/\/departamentomedicinaclinica.umh.es\/\",\"name\":\"Departamento de Medicina Cl\\u00ednica UMH\",\"description\":\"Otro sitio m\\u00e1s de Zeus.umh.es Blogs\",\"publisher\":{\"@id\":\"https:\/\/departamentomedicinaclinica.umh.es\/#organization\"},\"potentialAction\":[{\"@type\":\"SearchAction\",\"target\":{\"@type\":\"EntryPoint\",\"urlTemplate\":\"https:\/\/departamentomedicinaclinica.umh.es\/?s={search_term_string}\"},\"query-input\":\"required name=search_term_string\"}],\"inLanguage\":\"ca\"},{\"@type\":\"ImageObject\",\"@id\":\"https:\/\/departamentomedicinaclinica.umh.es\/2016\/12\/22\/estudiantes-la-umh-participan-proyecto-cooperacion-ruanda\/#primaryimage\",\"inLanguage\":\"ca\",\"url\":\"https:\/\/departamentomedicinaclinica.umh.es\/files\/2016\/12\/Proyecto-de-cooperacion-Ruanda-UMH-hospital-Nemba.jpg\",\"contentUrl\":\"https:\/\/departamentomedicinaclinica.umh.es\/files\/2016\/12\/Proyecto-de-cooperacion-Ruanda-UMH-hospital-Nemba.jpg\",\"width\":1000,\"height\":667,\"caption\":\"Proyecto de cooperaci\\u00f3n Ruanda UMH\"},{\"@type\":\"WebPage\",\"@id\":\"https:\/\/departamentomedicinaclinica.umh.es\/2016\/12\/22\/estudiantes-la-umh-participan-proyecto-cooperacion-ruanda\/#webpage\",\"url\":\"https:\/\/departamentomedicinaclinica.umh.es\/2016\/12\/22\/estudiantes-la-umh-participan-proyecto-cooperacion-ruanda\/\",\"name\":\"Estudiants de la UMH participen en el projecte de cooperaci\\u00f3 de Ruanda - Departamento de Medicina Cl\\u00ednica UMH\",\"isPartOf\":{\"@id\":\"https:\/\/departamentomedicinaclinica.umh.es\/#website\"},\"primaryImageOfPage\":{\"@id\":\"https:\/\/departamentomedicinaclinica.umh.es\/2016\/12\/22\/estudiantes-la-umh-participan-proyecto-cooperacion-ruanda\/#primaryimage\"},\"datePublished\":\"2016-12-22T11:31:44+00:00\",\"dateModified\":\"2024-02-23T10:38:47+00:00\",\"description\":\"16 alumnes d'Universitat Miguel Hern\\u00e1ndez\\u00a0UMH\\u00a0han desenvolupat un projecte de cooperaci\\u00f3 de Ruanda Hospital de\\u00a0Nemba\\u00a0i\\u00a0Petit\\u00a0S\\u00e9minaire\\u00a0Saint\\u00a0Jean\\u00a0Nkumba\",\"breadcrumb\":{\"@id\":\"https:\/\/departamentomedicinaclinica.umh.es\/2016\/12\/22\/estudiantes-la-umh-participan-proyecto-cooperacion-ruanda\/#breadcrumb\"},\"inLanguage\":\"ca\",\"potentialAction\":[{\"@type\":\"ReadAction\",\"target\":[\"https:\/\/departamentomedicinaclinica.umh.es\/2016\/12\/22\/estudiantes-la-umh-participan-proyecto-cooperacion-ruanda\/\"]}]},{\"@type\":\"BreadcrumbList\",\"@id\":\"https:\/\/departamentomedicinaclinica.umh.es\/2016\/12\/22\/estudiantes-la-umh-participan-proyecto-cooperacion-ruanda\/#breadcrumb\",\"itemListElement\":[{\"@type\":\"ListItem\",\"position\":1,\"name\":\"Portada\",\"item\":\"https:\/\/departamentomedicinaclinica.umh.es\/\"},{\"@type\":\"ListItem\",\"position\":2,\"name\":\"Estudiantes de la UMH participan en el proyecto de cooperaci\\u00f3n de Ruanda\"}]},{\"@type\":\"Article\",\"@id\":\"https:\/\/departamentomedicinaclinica.umh.es\/2016\/12\/22\/estudiantes-la-umh-participan-proyecto-cooperacion-ruanda\/#article\",\"isPartOf\":{\"@id\":\"https:\/\/departamentomedicinaclinica.umh.es\/2016\/12\/22\/estudiantes-la-umh-participan-proyecto-cooperacion-ruanda\/#webpage\"},\"author\":{\"@id\":\"https:\/\/departamentomedicinaclinica.umh.es\/#\/schema\/person\/4cce65f000b37391eb0fdba785a882b9\"},\"headline\":\"Estudiants de la UMH participen en el projecte de cooperaci\\u00f3 de Ruanda\",\"datePublished\":\"2016-12-22T11:31:44+00:00\",\"dateModified\":\"2024-02-23T10:38:47+00:00\",\"mainEntityOfPage\":{\"@id\":\"https:\/\/departamentomedicinaclinica.umh.es\/2016\/12\/22\/estudiantes-la-umh-participan-proyecto-cooperacion-ruanda\/#webpage\"},\"wordCount\":997,\"publisher\":{\"@id\":\"https:\/\/departamentomedicinaclinica.umh.es\/#organization\"},\"image\":{\"@id\":\"https:\/\/departamentomedicinaclinica.umh.es\/2016\/12\/22\/estudiantes-la-umh-participan-proyecto-cooperacion-ruanda\/#primaryimage\"},\"thumbnailUrl\":\"https:\/\/departamentomedicinaclinica.umh.es\/files\/2016\/12\/Proyecto-de-cooperacion-Ruanda-UMH-hospital-Nemba.jpg\",\"keywords\":[\"Cooperaci\\u00f3n al desarrollo\",\"Medicina UMH cooperaci\\u00f3n\",\"Medicina UMH solidaria\",\"M\\u00e9dicos voluntarios UMH\",\"poblaci\\u00f3n Ruanda estudiantes UMH\",\"proyecto solidario \\u00c1frica\",\"refugiado UMH\",\"Ruanda ayuda\",\"Voluntariado UMH\"],\"articleSection\":[\"Actualidad\"],\"inLanguage\":\"ca\"},{\"@type\":\"Person\",\"@id\":\"https:\/\/departamentomedicinaclinica.umh.es\/#\/schema\/person\/4cce65f000b37391eb0fdba785a882b9\",\"name\":\"garcia.natalia\",\"image\":{\"@type\":\"ImageObject\",\"@id\":\"https:\/\/departamentomedicinaclinica.umh.es\/#personlogo\",\"inLanguage\":\"ca\",\"url\":\"https:\/\/secure.gravatar.com\/avatar\/2f6b18e6f874050af9faeeac24349c8c?s=96&d=mm&r=g\",\"contentUrl\":\"https:\/\/secure.gravatar.com\/avatar\/2f6b18e6f874050af9faeeac24349c8c?s=96&d=mm&r=g\",\"caption\":\"garcia.natalia\"},\"url\":\"https:\/\/departamentomedicinaclinica.umh.es\/ca\/author\/garcia-natalia\/\"}]}<\/script>\n<!-- \/ Yoast SEO plugin. -->","yoast_head_json":{"description":"16 alumnes d'Universitat Miguel Hern\u00e1ndez\u00a0UMH\u00a0han desenvolupat un projecte de cooperaci\u00f3 de Ruanda Hospital de\u00a0Nemba\u00a0i\u00a0Petit\u00a0S\u00e9minaire\u00a0Saint\u00a0Jean\u00a0Nkumba","robots":{"index":"index","follow":"follow","max-snippet":"max-snippet:-1","max-image-preview":"max-image-preview:large","max-video-preview":"max-video-preview:-1"},"canonical":"https:\/\/departamentomedicinaclinica.umh.es\/ca\/2016\/12\/22\/estudiantes-la-umh-participan-proyecto-cooperacion-ruanda\/","og_locale":"ca_ES","og_type":"article","og_title":"Estudiants de la UMH participen en el projecte de cooperaci\u00f3 de Ruanda - Departamento de Medicina Cl\u00ednica UMH","og_description":"16 alumnes d'Universitat Miguel Hern\u00e1ndez\u00a0UMH\u00a0han desenvolupat un projecte de cooperaci\u00f3 de Ruanda Hospital de\u00a0Nemba\u00a0i\u00a0Petit\u00a0S\u00e9minaire\u00a0Saint\u00a0Jean\u00a0Nkumba","og_url":"https:\/\/departamentomedicinaclinica.umh.es\/2016\/12\/22\/estudiantes-la-umh-participan-proyecto-cooperacion-ruanda\/","og_site_name":"Departamento de Medicina Cl\u00ednica UMH","article_published_time":"2016-12-22T11:31:44+00:00","article_modified_time":"2024-02-23T10:38:47+00:00","og_image":[{"width":1000,"height":667,"url":"https:\/\/departamentomedicinaclinica.umh.es\/files\/2016\/12\/Proyecto-de-cooperacion-Ruanda-UMH-hospital-Nemba.jpg","type":"image\/jpeg"}],"twitter_card":"summary_large_image","twitter_creator":"@medicinaumh","twitter_site":"@medicinaumh","twitter_misc":{"Written by":"garcia.natalia","Est. reading time":"5 minuts"},"schema":{"@context":"https:\/\/schema.org","@graph":[{"@type":"Organization","@id":"https:\/\/departamentomedicinaclinica.umh.es\/#organization","name":"Departamento Medicina Cl\u00ednica Universidad Miguel Hern\u00e1ndez de Elche","url":"https:\/\/departamentomedicinaclinica.umh.es\/","sameAs":["https:\/\/www.youtube.com\/playlist?list=PLClKgnzRFYe6Y_i4QLNSlOwsZn0X3Klmb","https:\/\/twitter.com\/medicinaumh"],"logo":{"@type":"ImageObject","@id":"https:\/\/departamentomedicinaclinica.umh.es\/#logo","inLanguage":"ca","url":"https:\/\/departamentomedicinaclinica.umh.es\/files\/2024\/07\/meclin-vertical.png","contentUrl":"https:\/\/departamentomedicinaclinica.umh.es\/files\/2024\/07\/meclin-vertical.png","width":1376,"height":1600,"caption":"Departamento Medicina Cl\u00ednica Universidad Miguel Hern\u00e1ndez de Elche"},"image":{"@id":"https:\/\/departamentomedicinaclinica.umh.es\/#logo"}},{"@type":"WebSite","@id":"https:\/\/departamentomedicinaclinica.umh.es\/#website","url":"https:\/\/departamentomedicinaclinica.umh.es\/","name":"Departamento de Medicina Cl\u00ednica UMH","description":"Otro sitio m\u00e1s de Zeus.umh.es Blogs","publisher":{"@id":"https:\/\/departamentomedicinaclinica.umh.es\/#organization"},"potentialAction":[{"@type":"SearchAction","target":{"@type":"EntryPoint","urlTemplate":"https:\/\/departamentomedicinaclinica.umh.es\/?s={search_term_string}"},"query-input":"required name=search_term_string"}],"inLanguage":"ca"},{"@type":"ImageObject","@id":"https:\/\/departamentomedicinaclinica.umh.es\/2016\/12\/22\/estudiantes-la-umh-participan-proyecto-cooperacion-ruanda\/#primaryimage","inLanguage":"ca","url":"https:\/\/departamentomedicinaclinica.umh.es\/files\/2016\/12\/Proyecto-de-cooperacion-Ruanda-UMH-hospital-Nemba.jpg","contentUrl":"https:\/\/departamentomedicinaclinica.umh.es\/files\/2016\/12\/Proyecto-de-cooperacion-Ruanda-UMH-hospital-Nemba.jpg","width":1000,"height":667,"caption":"Proyecto de cooperaci\u00f3n Ruanda UMH"},{"@type":"WebPage","@id":"https:\/\/departamentomedicinaclinica.umh.es\/2016\/12\/22\/estudiantes-la-umh-participan-proyecto-cooperacion-ruanda\/#webpage","url":"https:\/\/departamentomedicinaclinica.umh.es\/2016\/12\/22\/estudiantes-la-umh-participan-proyecto-cooperacion-ruanda\/","name":"Estudiants de la UMH participen en el projecte de cooperaci\u00f3 de Ruanda - Departamento de Medicina Cl\u00ednica UMH","isPartOf":{"@id":"https:\/\/departamentomedicinaclinica.umh.es\/#website"},"primaryImageOfPage":{"@id":"https:\/\/departamentomedicinaclinica.umh.es\/2016\/12\/22\/estudiantes-la-umh-participan-proyecto-cooperacion-ruanda\/#primaryimage"},"datePublished":"2016-12-22T11:31:44+00:00","dateModified":"2024-02-23T10:38:47+00:00","description":"16 alumnes d'Universitat Miguel Hern\u00e1ndez\u00a0UMH\u00a0han desenvolupat un projecte de cooperaci\u00f3 de Ruanda Hospital de\u00a0Nemba\u00a0i\u00a0Petit\u00a0S\u00e9minaire\u00a0Saint\u00a0Jean\u00a0Nkumba","breadcrumb":{"@id":"https:\/\/departamentomedicinaclinica.umh.es\/2016\/12\/22\/estudiantes-la-umh-participan-proyecto-cooperacion-ruanda\/#breadcrumb"},"inLanguage":"ca","potentialAction":[{"@type":"ReadAction","target":["https:\/\/departamentomedicinaclinica.umh.es\/2016\/12\/22\/estudiantes-la-umh-participan-proyecto-cooperacion-ruanda\/"]}]},{"@type":"BreadcrumbList","@id":"https:\/\/departamentomedicinaclinica.umh.es\/2016\/12\/22\/estudiantes-la-umh-participan-proyecto-cooperacion-ruanda\/#breadcrumb","itemListElement":[{"@type":"ListItem","position":1,"name":"Portada","item":"https:\/\/departamentomedicinaclinica.umh.es\/"},{"@type":"ListItem","position":2,"name":"Estudiantes de la UMH participan en el proyecto de cooperaci\u00f3n de Ruanda"}]},{"@type":"Article","@id":"https:\/\/departamentomedicinaclinica.umh.es\/2016\/12\/22\/estudiantes-la-umh-participan-proyecto-cooperacion-ruanda\/#article","isPartOf":{"@id":"https:\/\/departamentomedicinaclinica.umh.es\/2016\/12\/22\/estudiantes-la-umh-participan-proyecto-cooperacion-ruanda\/#webpage"},"author":{"@id":"https:\/\/departamentomedicinaclinica.umh.es\/#\/schema\/person\/4cce65f000b37391eb0fdba785a882b9"},"headline":"Estudiants de la UMH participen en el projecte de cooperaci\u00f3 de Ruanda","datePublished":"2016-12-22T11:31:44+00:00","dateModified":"2024-02-23T10:38:47+00:00","mainEntityOfPage":{"@id":"https:\/\/departamentomedicinaclinica.umh.es\/2016\/12\/22\/estudiantes-la-umh-participan-proyecto-cooperacion-ruanda\/#webpage"},"wordCount":997,"publisher":{"@id":"https:\/\/departamentomedicinaclinica.umh.es\/#organization"},"image":{"@id":"https:\/\/departamentomedicinaclinica.umh.es\/2016\/12\/22\/estudiantes-la-umh-participan-proyecto-cooperacion-ruanda\/#primaryimage"},"thumbnailUrl":"https:\/\/departamentomedicinaclinica.umh.es\/files\/2016\/12\/Proyecto-de-cooperacion-Ruanda-UMH-hospital-Nemba.jpg","keywords":["Cooperaci\u00f3n al desarrollo","Medicina UMH cooperaci\u00f3n","Medicina UMH solidaria","M\u00e9dicos voluntarios UMH","poblaci\u00f3n Ruanda estudiantes UMH","proyecto solidario \u00c1frica","refugiado UMH","Ruanda ayuda","Voluntariado UMH"],"articleSection":["Actualidad"],"inLanguage":"ca"},{"@type":"Person","@id":"https:\/\/departamentomedicinaclinica.umh.es\/#\/schema\/person\/4cce65f000b37391eb0fdba785a882b9","name":"garcia.natalia","image":{"@type":"ImageObject","@id":"https:\/\/departamentomedicinaclinica.umh.es\/#personlogo","inLanguage":"ca","url":"https:\/\/secure.gravatar.com\/avatar\/2f6b18e6f874050af9faeeac24349c8c?s=96&d=mm&r=g","contentUrl":"https:\/\/secure.gravatar.com\/avatar\/2f6b18e6f874050af9faeeac24349c8c?s=96&d=mm&r=g","caption":"garcia.natalia"},"url":"https:\/\/departamentomedicinaclinica.umh.es\/ca\/author\/garcia-natalia\/"}]}},"_links":{"self":[{"href":"https:\/\/departamentomedicinaclinica.umh.es\/ca\/wp-json\/wp\/v2\/posts\/13884"}],"collection":[{"href":"https:\/\/departamentomedicinaclinica.umh.es\/ca\/wp-json\/wp\/v2\/posts"}],"about":[{"href":"https:\/\/departamentomedicinaclinica.umh.es\/ca\/wp-json\/wp\/v2\/types\/post"}],"author":[{"embeddable":true,"href":"https:\/\/departamentomedicinaclinica.umh.es\/ca\/wp-json\/wp\/v2\/users\/3158"}],"replies":[{"embeddable":true,"href":"https:\/\/departamentomedicinaclinica.umh.es\/ca\/wp-json\/wp\/v2\/comments?post=13884"}],"version-history":[{"count":0,"href":"https:\/\/departamentomedicinaclinica.umh.es\/ca\/wp-json\/wp\/v2\/posts\/13884\/revisions"}],"wp:featuredmedia":[{"embeddable":true,"href":"https:\/\/departamentomedicinaclinica.umh.es\/ca\/wp-json\/wp\/v2\/media\/14724"}],"wp:attachment":[{"href":"https:\/\/departamentomedicinaclinica.umh.es\/ca\/wp-json\/wp\/v2\/media?parent=13884"}],"wp:term":[{"taxonomy":"category","embeddable":true,"href":"https:\/\/departamentomedicinaclinica.umh.es\/ca\/wp-json\/wp\/v2\/categories?post=13884"},{"taxonomy":"post_tag","embeddable":true,"href":"https:\/\/departamentomedicinaclinica.umh.es\/ca\/wp-json\/wp\/v2\/tags?post=13884"}],"curies":[{"name":"wp","href":"https:\/\/api.w.org\/{rel}","templated":true}]}}