{"id":14483,"date":"2016-11-10T11:03:31","date_gmt":"2016-11-10T10:03:31","guid":{"rendered":"http:\/\/www.departamentomedicinaclinicaumh.es\/?p=14483"},"modified":"2024-02-23T10:38:48","modified_gmt":"2024-02-23T10:38:48","slug":"estudiantes-de-medicina-umh-reciben-beca-fundacion-bernabeu","status":"publish","type":"post","link":"https:\/\/departamentomedicinaclinica.umh.es\/ca\/2016\/11\/10\/estudiantes-de-medicina-umh-reciben-beca-fundacion-bernabeu\/","title":{"rendered":"5 estudiants de medicina UMH reben beca per la Fundaci\u00f3 Rafael Bernabeu de la ciutat d\u2019Alacant"},"content":{"rendered":"<p><\/p>\n<p>Cinc han sigut els estudiants de <a href=\"http:\/\/medicina.umh.es\" target=\"_blank\" rel=\"noopener\">Medicina UMH<\/a> els beneficiats d&#8217;una beca per part de la <a href=\"https:\/\/www.institutobernabeu.com\/es\/ib\/finalidad\/\" target=\"_blank\" rel=\"noopener\">Fundaci\u00f3 Rafael Bernabeu<\/a> durant enguany.<\/p>\n<h2>Quins han sigut els estudiants de Medicina UMH reben beca agraciats enguany?<\/h2>\n<p>Principalment, els universitaris agraciats del <a href=\"http:\/\/www.departamentomedicinaclinica.edu.umh.es\/ca\/estudios\/\" target=\"_blank\" rel=\"noopener\">Grau en Medicina de la UMH<\/a><!--more--> que han obtingut aquestes beques s\u00f3n:<\/p>\n<ul>\n<li>Carmen Soriano L\u00f3pez<\/li>\n<li>Jes\u00fas Soriano L\u00f3pez<\/li>\n<li>Juan Manuel Molina L\u00f3pez<\/li>\n<li>Regina Penalva P\u00e9rez<\/li>\n<li>Natalia Gisbert Abad<\/li>\n<\/ul>\n<h2>En qu\u00e8 consisteixen les beques de Medicina proporcionades per la fundaci\u00f3 Rafael Bernabeu?<\/h2>\n<p>Aquestes ajudes ascendeixen a un total de <strong>2.500 euros<\/strong> cadascuna. La seua comesa fonamental objectiva \u00e9s la de<strong> donar suport i suport als estudiants en el pagament de la matr\u00edcules i la compra de material docent<\/strong>.<br \/>\n<a href=\"https:\/\/universite.umh.es\/profesores\/fichaprofesor.asp?NP=49691\" target=\"_blank\" rel=\"noopener\">Mar\u00eda del Carmen Acosta<\/a>, vicerectora d&#8217;Estudis de la UMH, ha assistit a l&#8217;acte que va tenir lloc en l&#8217;Auditori de l&#8217;Institut Bernabeu d&#8217;Alacant.<\/p>\n<h2>Per qu\u00e8 els estudiants de Medicina reben beca aquest curs acad\u00e8mic?<\/h2>\n<p>B\u00e0sicament aquest proc\u00e9s es deu a les accions de la <strong>Fundaci\u00f3 Rafael Bernabeu<\/strong>. Aquest organisme s&#8217;ha encarregat de proporcionar prop de 9 beques d&#8217;estudi universitari per a la seua realitzaci\u00f3 en disciplines com:<\/p>\n<ul>\n<li>Medicina,<\/li>\n<li>Infermeria<\/li>\n<li>Biologia.<\/li>\n<\/ul>\n<p><img loading=\"lazy\" class=\"aligncenter wp-image-14557\" title=\"Alguns estudiants del grau de Medicina de la UMH han rebut una beca d'estudis en el curs 2016-17\" src=\"https:\/\/departamentomedicinaclinica.umh.es\/files\/2016\/11\/AlumnabecaMedicina-1024x683.jpg\" alt=\"Estudiants de Medicina UMH reben beca\" width=\"590\" height=\"393\" srcset=\"https:\/\/departamentomedicinaclinica.umh.es\/files\/2016\/11\/AlumnabecaMedicina-1024x683.jpg 1024w, https:\/\/departamentomedicinaclinica.umh.es\/files\/2016\/11\/AlumnabecaMedicina-300x200.jpg 300w, https:\/\/departamentomedicinaclinica.umh.es\/files\/2016\/11\/AlumnabecaMedicina-768x512.jpg 768w, https:\/\/departamentomedicinaclinica.umh.es\/files\/2016\/11\/AlumnabecaMedicina-1536x1024.jpg 1536w, https:\/\/departamentomedicinaclinica.umh.es\/files\/2016\/11\/AlumnabecaMedicina.jpg 2048w\" sizes=\"(max-width: 590px) 100vw, 590px\" \/><br \/>\nAl costat dels estudiants de la Universitat Miguel Hern\u00e1ndez, aquesta fundaci\u00f3 ha concedit beques d&#8217;estudi a alumnes de:<\/p>\n<ul>\n<li>la Universitat d&#8217;Alacant<\/li>\n<li>la Universitat de Castilla La Mancha<\/li>\n<li>l&#8217;Escola Infermeria Sagrat Cor de Castell\u00f3<\/li>\n<\/ul>\n<p>Un dels reptes de les pr\u00f2ximes edicions \u00e9s el d&#8217;aconseguir incrementar el nombre de beques concedides, no solament entitats privades, sin\u00f3 tamb\u00e9 pel <a href=\"http:\/\/www.mecd.gob.es\/portada-mecd\/ca\/\" target=\"_blank\" rel=\"noopener\">Ministeri d&#8217;Educaci\u00f3, Ci\u00e8ncia, Cultura i Esport<\/a>. Les taxes de matriculaci\u00f3 d&#8217;estudiants en els graus universitaris de ci\u00e8ncies de la salut \u00e9s significatiu. Cada any, nombrosos estudiants del campus de Sant Joan cerquen iniciatives econ\u00f2miques que els permeten fer front a desemborsaments importants. Aquestes iniciatives permeten millorar el rendiment, la competitivitat i la igualtat d&#8217;oportunitats entre la comunitat universit\u00e0ria.<br \/>\n<img loading=\"lazy\" class=\"aligncenter wp-image-14560\" title=\"Estudiants de Medicina UMH reben beca\" src=\"https:\/\/departamentomedicinaclinica.umh.es\/files\/2016\/11\/Logotipo_del_Ministerio_de_Educacion_Cultura_y_Deporte-1024x217.png\" alt=\"Ministeri d'Educaci\u00f3 Cultura, Ci\u00e8ncia i Esport Fundaci\u00f3 Rafael Bernabeu\" width=\"590\" height=\"125\" \/><\/p>\n<h2>M\u00e9s informaci\u00f3 sobre la Fundaci\u00f3 Bernabeu en:<\/h2>\n<p><a href=\"https:\/\/www.flickr.com\/photos\/institutobernabeu\/sets\/72157674343488672\" target=\"_blank\" rel=\"noopener\">www.institutobernabeu.com<\/a><br \/>\nVeure fitxa sol\u00b7licitud \u201c<a href=\"https:\/\/www.institutobernabeu.com\/uploads\/ficheros\/paginas\/ficheros\/201601\/ficheros_1-requisitos_otorgamiento_becas_fundacin_rafael_bernabeu_curso_2015_2016.pdf\" target=\"_blank\" rel=\"noopener\">Bases Beques Fundaci\u00f3 Rafael Bernabeu<\/a>\u201d<br \/>\nVer\u00a0<a href=\"https:\/\/www.institutobernabeu.com\/uploads\/ficheros\/paginas\/ficheros\/201601\/ficheros-cuestionario_solicitud_beca_curso_2015_2016.pdf\" target=\"_blank\" rel=\"noopener\">q\u00fcestionari de sol\u00b7licitud<\/a><\/p>","protected":false},"excerpt":{"rendered":"<p>Ho sentim, aquesta entrada es troba disponible \u00fanicament en Espanyol Europeu.<\/p>\n","protected":false},"author":3158,"featured_media":14559,"comment_status":"closed","ping_status":"closed","sticky":false,"template":"","format":"standard","meta":{"_links_to":"","_links_to_target":""},"categories":[964],"tags":[1029783,1030371,14,81293,1032758,1033139,1145691,1172437,40775],"yoast_head":"<!-- This site is optimized with the Yoast SEO plugin v17.5 - https:\/\/yoast.com\/wordpress\/plugins\/seo\/ -->\n<meta name=\"description\" content=\"Estudiants de Medicina\u00a0UMH\u00a0reben beca per la Fundaci\u00f3 Rafael Bernabeu. 2.500 euros com a beca universit\u00e0ria per a alumnes del Grau de Medicina\u00a0UMH.\" \/>\n<meta name=\"robots\" content=\"index, follow, max-snippet:-1, max-image-preview:large, max-video-preview:-1\" \/>\n<link rel=\"canonical\" href=\"https:\/\/departamentomedicinaclinica.umh.es\/ca\/2016\/11\/10\/estudiantes-de-medicina-umh-reciben-beca-fundacion-bernabeu\/\" \/>\n<meta property=\"og:locale\" content=\"ca_ES\" \/>\n<meta property=\"og:type\" content=\"article\" \/>\n<meta property=\"og:title\" content=\"5 estudiants de medicina UMH reben beca per la Fundaci\u00f3 Rafael Bernabeu de la ciutat d\u2019Alacant - Departamento de Medicina Cl\u00ednica UMH\" \/>\n<meta property=\"og:description\" content=\"Estudiants de Medicina\u00a0UMH\u00a0reben beca per la Fundaci\u00f3 Rafael Bernabeu. 2.500 euros com a beca universit\u00e0ria per a alumnes del Grau de Medicina\u00a0UMH.\" \/>\n<meta property=\"og:url\" content=\"https:\/\/departamentomedicinaclinica.umh.es\/2016\/11\/10\/estudiantes-de-medicina-umh-reciben-beca-fundacion-bernabeu\/\" \/>\n<meta property=\"og:site_name\" content=\"Departamento de Medicina Cl\u00ednica UMH\" \/>\n<meta property=\"article:published_time\" content=\"2016-11-10T10:03:31+00:00\" \/>\n<meta property=\"article:modified_time\" content=\"2024-02-23T10:38:48+00:00\" \/>\n<meta property=\"og:image\" content=\"https:\/\/departamentomedicinaclinica.umh.es\/files\/2016\/11\/Becas-fundacion-Bernabeu-Medicina-UMH.jpg\" \/>\n\t<meta property=\"og:image:width\" content=\"1417\" \/>\n\t<meta property=\"og:image:height\" content=\"883\" \/>\n<meta name=\"twitter:card\" content=\"summary_large_image\" \/>\n<meta name=\"twitter:creator\" content=\"@medicinaumh\" \/>\n<meta name=\"twitter:site\" content=\"@medicinaumh\" \/>\n<meta name=\"twitter:label1\" content=\"Written by\" \/>\n\t<meta name=\"twitter:data1\" content=\"garcia.natalia\" \/>\n\t<meta name=\"twitter:label2\" content=\"Est. reading time\" \/>\n\t<meta name=\"twitter:data2\" content=\"5 minuts\" \/>\n<script type=\"application\/ld+json\" class=\"yoast-schema-graph\">{\"@context\":\"https:\/\/schema.org\",\"@graph\":[{\"@type\":\"Organization\",\"@id\":\"https:\/\/departamentomedicinaclinica.umh.es\/#organization\",\"name\":\"Departamento Medicina Cl\\u00ednica Universidad Miguel Hern\\u00e1ndez de Elche\",\"url\":\"https:\/\/departamentomedicinaclinica.umh.es\/\",\"sameAs\":[\"https:\/\/www.youtube.com\/playlist?list=PLClKgnzRFYe6Y_i4QLNSlOwsZn0X3Klmb\",\"https:\/\/twitter.com\/medicinaumh\"],\"logo\":{\"@type\":\"ImageObject\",\"@id\":\"https:\/\/departamentomedicinaclinica.umh.es\/#logo\",\"inLanguage\":\"ca\",\"url\":\"https:\/\/departamentomedicinaclinica.umh.es\/files\/2024\/07\/meclin-vertical.png\",\"contentUrl\":\"https:\/\/departamentomedicinaclinica.umh.es\/files\/2024\/07\/meclin-vertical.png\",\"width\":1376,\"height\":1600,\"caption\":\"Departamento Medicina Cl\\u00ednica Universidad Miguel Hern\\u00e1ndez de Elche\"},\"image\":{\"@id\":\"https:\/\/departamentomedicinaclinica.umh.es\/#logo\"}},{\"@type\":\"WebSite\",\"@id\":\"https:\/\/departamentomedicinaclinica.umh.es\/#website\",\"url\":\"https:\/\/departamentomedicinaclinica.umh.es\/\",\"name\":\"Departamento de Medicina Cl\\u00ednica UMH\",\"description\":\"Otro sitio m\\u00e1s de Zeus.umh.es Blogs\",\"publisher\":{\"@id\":\"https:\/\/departamentomedicinaclinica.umh.es\/#organization\"},\"potentialAction\":[{\"@type\":\"SearchAction\",\"target\":{\"@type\":\"EntryPoint\",\"urlTemplate\":\"https:\/\/departamentomedicinaclinica.umh.es\/?s={search_term_string}\"},\"query-input\":\"required name=search_term_string\"}],\"inLanguage\":\"ca\"},{\"@type\":\"ImageObject\",\"@id\":\"https:\/\/departamentomedicinaclinica.umh.es\/2016\/11\/10\/estudiantes-de-medicina-umh-reciben-beca-fundacion-bernabeu\/#primaryimage\",\"inLanguage\":\"ca\",\"url\":\"https:\/\/departamentomedicinaclinica.umh.es\/files\/2016\/11\/Becas-fundacion-Bernabeu-Medicina-UMH.jpg\",\"contentUrl\":\"https:\/\/departamentomedicinaclinica.umh.es\/files\/2016\/11\/Becas-fundacion-Bernabeu-Medicina-UMH.jpg\",\"width\":1417,\"height\":883,\"caption\":\"Estudiantes de Medicina UMH reciben beca\"},{\"@type\":\"WebPage\",\"@id\":\"https:\/\/departamentomedicinaclinica.umh.es\/2016\/11\/10\/estudiantes-de-medicina-umh-reciben-beca-fundacion-bernabeu\/#webpage\",\"url\":\"https:\/\/departamentomedicinaclinica.umh.es\/2016\/11\/10\/estudiantes-de-medicina-umh-reciben-beca-fundacion-bernabeu\/\",\"name\":\"5 estudiants de medicina UMH reben beca per la Fundaci\\u00f3 Rafael Bernabeu de la ciutat d\\u2019Alacant - Departamento de Medicina Cl\\u00ednica UMH\",\"isPartOf\":{\"@id\":\"https:\/\/departamentomedicinaclinica.umh.es\/#website\"},\"primaryImageOfPage\":{\"@id\":\"https:\/\/departamentomedicinaclinica.umh.es\/2016\/11\/10\/estudiantes-de-medicina-umh-reciben-beca-fundacion-bernabeu\/#primaryimage\"},\"datePublished\":\"2016-11-10T10:03:31+00:00\",\"dateModified\":\"2024-02-23T10:38:48+00:00\",\"description\":\"Estudiants de Medicina\\u00a0UMH\\u00a0reben beca per la Fundaci\\u00f3 Rafael Bernabeu. 2.500 euros com a beca universit\\u00e0ria per a alumnes del Grau de Medicina\\u00a0UMH.\",\"breadcrumb\":{\"@id\":\"https:\/\/departamentomedicinaclinica.umh.es\/2016\/11\/10\/estudiantes-de-medicina-umh-reciben-beca-fundacion-bernabeu\/#breadcrumb\"},\"inLanguage\":\"ca\",\"potentialAction\":[{\"@type\":\"ReadAction\",\"target\":[\"https:\/\/departamentomedicinaclinica.umh.es\/2016\/11\/10\/estudiantes-de-medicina-umh-reciben-beca-fundacion-bernabeu\/\"]}]},{\"@type\":\"BreadcrumbList\",\"@id\":\"https:\/\/departamentomedicinaclinica.umh.es\/2016\/11\/10\/estudiantes-de-medicina-umh-reciben-beca-fundacion-bernabeu\/#breadcrumb\",\"itemListElement\":[{\"@type\":\"ListItem\",\"position\":1,\"name\":\"Portada\",\"item\":\"https:\/\/departamentomedicinaclinica.umh.es\/\"},{\"@type\":\"ListItem\",\"position\":2,\"name\":\"5 estudiantes de Medicina UMH reciben beca por la Fundaci\\u00f3n Rafael Bernabeu del Alicante\"}]},{\"@type\":\"Article\",\"@id\":\"https:\/\/departamentomedicinaclinica.umh.es\/2016\/11\/10\/estudiantes-de-medicina-umh-reciben-beca-fundacion-bernabeu\/#article\",\"isPartOf\":{\"@id\":\"https:\/\/departamentomedicinaclinica.umh.es\/2016\/11\/10\/estudiantes-de-medicina-umh-reciben-beca-fundacion-bernabeu\/#webpage\"},\"author\":{\"@id\":\"https:\/\/departamentomedicinaclinica.umh.es\/#\/schema\/person\/4cce65f000b37391eb0fdba785a882b9\"},\"headline\":\"5 estudiants de medicina UMH reben beca per la Fundaci\\u00f3 Rafael Bernabeu de la ciutat d\\u2019Alacant\",\"datePublished\":\"2016-11-10T10:03:31+00:00\",\"dateModified\":\"2024-02-23T10:38:48+00:00\",\"mainEntityOfPage\":{\"@id\":\"https:\/\/departamentomedicinaclinica.umh.es\/2016\/11\/10\/estudiantes-de-medicina-umh-reciben-beca-fundacion-bernabeu\/#webpage\"},\"wordCount\":1080,\"publisher\":{\"@id\":\"https:\/\/departamentomedicinaclinica.umh.es\/#organization\"},\"image\":{\"@id\":\"https:\/\/departamentomedicinaclinica.umh.es\/2016\/11\/10\/estudiantes-de-medicina-umh-reciben-beca-fundacion-bernabeu\/#primaryimage\"},\"thumbnailUrl\":\"https:\/\/departamentomedicinaclinica.umh.es\/files\/2016\/11\/Becas-fundacion-Bernabeu-Medicina-UMH.jpg\",\"keywords\":[\"ayuda estudiantes universidad\",\"ayudas estudios universitarios\",\"becas\",\"becas investigaci\\u00f3n\",\"Becas Medicina UMH\",\"becas universitarias\",\"estudios Medicina Espa\\u00f1a\",\"Fundaci\\u00f3n Rafael Bernabeu\",\"Medicina UMH\"],\"articleSection\":[\"Actualidad\"],\"inLanguage\":\"ca\"},{\"@type\":\"Person\",\"@id\":\"https:\/\/departamentomedicinaclinica.umh.es\/#\/schema\/person\/4cce65f000b37391eb0fdba785a882b9\",\"name\":\"garcia.natalia\",\"image\":{\"@type\":\"ImageObject\",\"@id\":\"https:\/\/departamentomedicinaclinica.umh.es\/#personlogo\",\"inLanguage\":\"ca\",\"url\":\"https:\/\/secure.gravatar.com\/avatar\/2f6b18e6f874050af9faeeac24349c8c?s=96&d=mm&r=g\",\"contentUrl\":\"https:\/\/secure.gravatar.com\/avatar\/2f6b18e6f874050af9faeeac24349c8c?s=96&d=mm&r=g\",\"caption\":\"garcia.natalia\"},\"url\":\"https:\/\/departamentomedicinaclinica.umh.es\/ca\/author\/garcia-natalia\/\"}]}<\/script>\n<!-- \/ Yoast SEO plugin. -->","yoast_head_json":{"description":"Estudiants de Medicina\u00a0UMH\u00a0reben beca per la Fundaci\u00f3 Rafael Bernabeu. 2.500 euros com a beca universit\u00e0ria per a alumnes del Grau de Medicina\u00a0UMH.","robots":{"index":"index","follow":"follow","max-snippet":"max-snippet:-1","max-image-preview":"max-image-preview:large","max-video-preview":"max-video-preview:-1"},"canonical":"https:\/\/departamentomedicinaclinica.umh.es\/ca\/2016\/11\/10\/estudiantes-de-medicina-umh-reciben-beca-fundacion-bernabeu\/","og_locale":"ca_ES","og_type":"article","og_title":"5 estudiants de medicina UMH reben beca per la Fundaci\u00f3 Rafael Bernabeu de la ciutat d\u2019Alacant - Departamento de Medicina Cl\u00ednica UMH","og_description":"Estudiants de Medicina\u00a0UMH\u00a0reben beca per la Fundaci\u00f3 Rafael Bernabeu. 2.500 euros com a beca universit\u00e0ria per a alumnes del Grau de Medicina\u00a0UMH.","og_url":"https:\/\/departamentomedicinaclinica.umh.es\/2016\/11\/10\/estudiantes-de-medicina-umh-reciben-beca-fundacion-bernabeu\/","og_site_name":"Departamento de Medicina Cl\u00ednica UMH","article_published_time":"2016-11-10T10:03:31+00:00","article_modified_time":"2024-02-23T10:38:48+00:00","og_image":[{"width":1417,"height":883,"url":"https:\/\/departamentomedicinaclinica.umh.es\/files\/2016\/11\/Becas-fundacion-Bernabeu-Medicina-UMH.jpg","type":"image\/jpeg"}],"twitter_card":"summary_large_image","twitter_creator":"@medicinaumh","twitter_site":"@medicinaumh","twitter_misc":{"Written by":"garcia.natalia","Est. reading time":"5 minuts"},"schema":{"@context":"https:\/\/schema.org","@graph":[{"@type":"Organization","@id":"https:\/\/departamentomedicinaclinica.umh.es\/#organization","name":"Departamento Medicina Cl\u00ednica Universidad Miguel Hern\u00e1ndez de Elche","url":"https:\/\/departamentomedicinaclinica.umh.es\/","sameAs":["https:\/\/www.youtube.com\/playlist?list=PLClKgnzRFYe6Y_i4QLNSlOwsZn0X3Klmb","https:\/\/twitter.com\/medicinaumh"],"logo":{"@type":"ImageObject","@id":"https:\/\/departamentomedicinaclinica.umh.es\/#logo","inLanguage":"ca","url":"https:\/\/departamentomedicinaclinica.umh.es\/files\/2024\/07\/meclin-vertical.png","contentUrl":"https:\/\/departamentomedicinaclinica.umh.es\/files\/2024\/07\/meclin-vertical.png","width":1376,"height":1600,"caption":"Departamento Medicina Cl\u00ednica Universidad Miguel Hern\u00e1ndez de Elche"},"image":{"@id":"https:\/\/departamentomedicinaclinica.umh.es\/#logo"}},{"@type":"WebSite","@id":"https:\/\/departamentomedicinaclinica.umh.es\/#website","url":"https:\/\/departamentomedicinaclinica.umh.es\/","name":"Departamento de Medicina Cl\u00ednica UMH","description":"Otro sitio m\u00e1s de Zeus.umh.es Blogs","publisher":{"@id":"https:\/\/departamentomedicinaclinica.umh.es\/#organization"},"potentialAction":[{"@type":"SearchAction","target":{"@type":"EntryPoint","urlTemplate":"https:\/\/departamentomedicinaclinica.umh.es\/?s={search_term_string}"},"query-input":"required name=search_term_string"}],"inLanguage":"ca"},{"@type":"ImageObject","@id":"https:\/\/departamentomedicinaclinica.umh.es\/2016\/11\/10\/estudiantes-de-medicina-umh-reciben-beca-fundacion-bernabeu\/#primaryimage","inLanguage":"ca","url":"https:\/\/departamentomedicinaclinica.umh.es\/files\/2016\/11\/Becas-fundacion-Bernabeu-Medicina-UMH.jpg","contentUrl":"https:\/\/departamentomedicinaclinica.umh.es\/files\/2016\/11\/Becas-fundacion-Bernabeu-Medicina-UMH.jpg","width":1417,"height":883,"caption":"Estudiantes de Medicina UMH reciben beca"},{"@type":"WebPage","@id":"https:\/\/departamentomedicinaclinica.umh.es\/2016\/11\/10\/estudiantes-de-medicina-umh-reciben-beca-fundacion-bernabeu\/#webpage","url":"https:\/\/departamentomedicinaclinica.umh.es\/2016\/11\/10\/estudiantes-de-medicina-umh-reciben-beca-fundacion-bernabeu\/","name":"5 estudiants de medicina UMH reben beca per la Fundaci\u00f3 Rafael Bernabeu de la ciutat d\u2019Alacant - Departamento de Medicina Cl\u00ednica UMH","isPartOf":{"@id":"https:\/\/departamentomedicinaclinica.umh.es\/#website"},"primaryImageOfPage":{"@id":"https:\/\/departamentomedicinaclinica.umh.es\/2016\/11\/10\/estudiantes-de-medicina-umh-reciben-beca-fundacion-bernabeu\/#primaryimage"},"datePublished":"2016-11-10T10:03:31+00:00","dateModified":"2024-02-23T10:38:48+00:00","description":"Estudiants de Medicina\u00a0UMH\u00a0reben beca per la Fundaci\u00f3 Rafael Bernabeu. 2.500 euros com a beca universit\u00e0ria per a alumnes del Grau de Medicina\u00a0UMH.","breadcrumb":{"@id":"https:\/\/departamentomedicinaclinica.umh.es\/2016\/11\/10\/estudiantes-de-medicina-umh-reciben-beca-fundacion-bernabeu\/#breadcrumb"},"inLanguage":"ca","potentialAction":[{"@type":"ReadAction","target":["https:\/\/departamentomedicinaclinica.umh.es\/2016\/11\/10\/estudiantes-de-medicina-umh-reciben-beca-fundacion-bernabeu\/"]}]},{"@type":"BreadcrumbList","@id":"https:\/\/departamentomedicinaclinica.umh.es\/2016\/11\/10\/estudiantes-de-medicina-umh-reciben-beca-fundacion-bernabeu\/#breadcrumb","itemListElement":[{"@type":"ListItem","position":1,"name":"Portada","item":"https:\/\/departamentomedicinaclinica.umh.es\/"},{"@type":"ListItem","position":2,"name":"5 estudiantes de Medicina UMH reciben beca por la Fundaci\u00f3n Rafael Bernabeu del Alicante"}]},{"@type":"Article","@id":"https:\/\/departamentomedicinaclinica.umh.es\/2016\/11\/10\/estudiantes-de-medicina-umh-reciben-beca-fundacion-bernabeu\/#article","isPartOf":{"@id":"https:\/\/departamentomedicinaclinica.umh.es\/2016\/11\/10\/estudiantes-de-medicina-umh-reciben-beca-fundacion-bernabeu\/#webpage"},"author":{"@id":"https:\/\/departamentomedicinaclinica.umh.es\/#\/schema\/person\/4cce65f000b37391eb0fdba785a882b9"},"headline":"5 estudiants de medicina UMH reben beca per la Fundaci\u00f3 Rafael Bernabeu de la ciutat d\u2019Alacant","datePublished":"2016-11-10T10:03:31+00:00","dateModified":"2024-02-23T10:38:48+00:00","mainEntityOfPage":{"@id":"https:\/\/departamentomedicinaclinica.umh.es\/2016\/11\/10\/estudiantes-de-medicina-umh-reciben-beca-fundacion-bernabeu\/#webpage"},"wordCount":1080,"publisher":{"@id":"https:\/\/departamentomedicinaclinica.umh.es\/#organization"},"image":{"@id":"https:\/\/departamentomedicinaclinica.umh.es\/2016\/11\/10\/estudiantes-de-medicina-umh-reciben-beca-fundacion-bernabeu\/#primaryimage"},"thumbnailUrl":"https:\/\/departamentomedicinaclinica.umh.es\/files\/2016\/11\/Becas-fundacion-Bernabeu-Medicina-UMH.jpg","keywords":["ayuda estudiantes universidad","ayudas estudios universitarios","becas","becas investigaci\u00f3n","Becas Medicina UMH","becas universitarias","estudios Medicina Espa\u00f1a","Fundaci\u00f3n Rafael Bernabeu","Medicina UMH"],"articleSection":["Actualidad"],"inLanguage":"ca"},{"@type":"Person","@id":"https:\/\/departamentomedicinaclinica.umh.es\/#\/schema\/person\/4cce65f000b37391eb0fdba785a882b9","name":"garcia.natalia","image":{"@type":"ImageObject","@id":"https:\/\/departamentomedicinaclinica.umh.es\/#personlogo","inLanguage":"ca","url":"https:\/\/secure.gravatar.com\/avatar\/2f6b18e6f874050af9faeeac24349c8c?s=96&d=mm&r=g","contentUrl":"https:\/\/secure.gravatar.com\/avatar\/2f6b18e6f874050af9faeeac24349c8c?s=96&d=mm&r=g","caption":"garcia.natalia"},"url":"https:\/\/departamentomedicinaclinica.umh.es\/ca\/author\/garcia-natalia\/"}]}},"_links":{"self":[{"href":"https:\/\/departamentomedicinaclinica.umh.es\/ca\/wp-json\/wp\/v2\/posts\/14483"}],"collection":[{"href":"https:\/\/departamentomedicinaclinica.umh.es\/ca\/wp-json\/wp\/v2\/posts"}],"about":[{"href":"https:\/\/departamentomedicinaclinica.umh.es\/ca\/wp-json\/wp\/v2\/types\/post"}],"author":[{"embeddable":true,"href":"https:\/\/departamentomedicinaclinica.umh.es\/ca\/wp-json\/wp\/v2\/users\/3158"}],"replies":[{"embeddable":true,"href":"https:\/\/departamentomedicinaclinica.umh.es\/ca\/wp-json\/wp\/v2\/comments?post=14483"}],"version-history":[{"count":0,"href":"https:\/\/departamentomedicinaclinica.umh.es\/ca\/wp-json\/wp\/v2\/posts\/14483\/revisions"}],"wp:featuredmedia":[{"embeddable":true,"href":"https:\/\/departamentomedicinaclinica.umh.es\/ca\/wp-json\/wp\/v2\/media\/14559"}],"wp:attachment":[{"href":"https:\/\/departamentomedicinaclinica.umh.es\/ca\/wp-json\/wp\/v2\/media?parent=14483"}],"wp:term":[{"taxonomy":"category","embeddable":true,"href":"https:\/\/departamentomedicinaclinica.umh.es\/ca\/wp-json\/wp\/v2\/categories?post=14483"},{"taxonomy":"post_tag","embeddable":true,"href":"https:\/\/departamentomedicinaclinica.umh.es\/ca\/wp-json\/wp\/v2\/tags?post=14483"}],"curies":[{"name":"wp","href":"https:\/\/api.w.org\/{rel}","templated":true}]}}