{"id":14588,"date":"2016-12-01T12:28:17","date_gmt":"2016-12-01T11:28:17","guid":{"rendered":"http:\/\/www.departamentomedicinaclinicaumh.es\/?p=14588"},"modified":"2024-02-23T10:38:47","modified_gmt":"2024-02-23T10:38:47","slug":"la-organizacion-medica-colegial-concede-a-domingo-orozco-accesit-en-los-premios-de-trayectoria-profesional","status":"publish","type":"post","link":"https:\/\/departamentomedicinaclinica.umh.es\/ca\/2016\/12\/01\/la-organizacion-medica-colegial-concede-a-domingo-orozco-accesit-en-los-premios-de-trayectoria-profesional\/","title":{"rendered":"L\u2019organitzaci\u00f3 m\u00e8dica col\u00b7legial concedeix a Domingo Orozco acc\u00e8ssit en els Premis Traject\u00f2ria professional"},"content":{"rendered":"<p><\/p>\n<p><a href=\"https:\/\/mastermedcli.edu.umh.es\/tag\/domingo-orozco\/\" target=\"_blank\" rel=\"noopener\">Domingo Orozco Beltr\u00e1n<\/a> ha sigut guardonat per la <a href=\"http:\/\/www.cgcom.es\" target=\"_blank\" rel=\"noopener\"> Organitzaci\u00f3 M\u00e8dica Col\u00b7legial(OMC)<\/a> amb l&#8217;<strong>acc\u00e9sit<\/strong> a la <a href=\"http:\/\/comunicacion.umh.es\/2016\/11\/14\/el-profesor-domingo-orozco-recibe-un-accesit-en-los-premios-de-trayectoria-profesional-de-la-organizacion-medica-colegial\/\" target=\"_blank\" rel=\"noopener\"> Traject\u00f2ria <!--more-->Professional en la categoria Doc\u00e8ncia i Recerca<\/a>. El professor del departament de Medicina de la Universitat Miguel Hern\u00e1ndez (UMH) va rebre recentment el reconeixement.<\/p>\n<p><img loading=\"lazy\" class=\"aligncenter wp-image-14684\" title=\"Atenci\u00f3 Prim\u00e0ria en un Centre de Salut\" src=\"https:\/\/departamentomedicinaclinica.umh.es\/files\/2016\/12\/Domingo-Orozco-Atencion-primaria.jpg\" alt=\"Domingo Orozco acc\u00e8ssit Medicina de Fam\u00edlia\" width=\"500\" height=\"357\" srcset=\"https:\/\/departamentomedicinaclinica.umh.es\/files\/2016\/12\/Domingo-Orozco-Atencion-primaria.jpg 2048w, https:\/\/departamentomedicinaclinica.umh.es\/files\/2016\/12\/Domingo-Orozco-Atencion-primaria-300x214.jpg 300w, https:\/\/departamentomedicinaclinica.umh.es\/files\/2016\/12\/Domingo-Orozco-Atencion-primaria-1024x732.jpg 1024w, https:\/\/departamentomedicinaclinica.umh.es\/files\/2016\/12\/Domingo-Orozco-Atencion-primaria-768x549.jpg 768w, https:\/\/departamentomedicinaclinica.umh.es\/files\/2016\/12\/Domingo-Orozco-Atencion-primaria-1536x1097.jpg 1536w\" sizes=\"(max-width: 500px) 100vw, 500px\" \/><br \/>\n&nbsp;<\/p>\n<h2>Quina \u00e9s la traject\u00f2ria premiada de Domingo Orozco acc\u00e8ssit?<\/h2>\n<p><img loading=\"lazy\" class=\"aligncenter wp-image-14687 size-full\" title=\"Domingo Orozco \u00e9s professor de Medicina en la UMH i exerceix en al HU San Juan\" src=\"https:\/\/departamentomedicinaclinica.umh.es\/files\/2016\/12\/Domingo-Orozco-master-atencion-primaria.jpg\" alt=\"Domingo Orozco acc\u00e8ssit Medicina de Fam\u00edlia\" width=\"614\" height=\"346\" srcset=\"https:\/\/departamentomedicinaclinica.umh.es\/files\/2016\/12\/Domingo-Orozco-master-atencion-primaria.jpg 614w, https:\/\/departamentomedicinaclinica.umh.es\/files\/2016\/12\/Domingo-Orozco-master-atencion-primaria-300x169.jpg 300w\" sizes=\"(max-width: 614px) 100vw, 614px\" \/><br \/>\nEl <a href=\"https:\/\/www.umh.es\/contenido\/Estudios\/:persona_5304\/datos_val.html\" target=\"_blank\" rel=\"noopener\"><strong>dr.\u00a0Orozco Beltr\u00e1n<\/strong><\/a> \u00e9s actualment responsable de la Unitat de Recerca de l&#8217;<strong>Hospital Universitari de Sant Joan d\u2019Alacant (HUSJ)<\/strong>, adscrita a la <strong>Fundaci\u00f3 FISABIO<\/strong>. A nivell nacional, \u00fanicament 9 metges espanyols han sigut reconeguts per:<\/p>\n<ul>\n<li>la seua tasca professional<\/li>\n<li>la seua traject\u00f2ria acad\u00e8mica i metgessa<\/li>\n<li>i el seu comportament com a professionals de la Medicina.<\/li>\n<\/ul>\n<h2>Quina \u00e9s la situaci\u00f3 actual de Domingo Orozco Beltr\u00e1n?<\/h2>\n<p>En l&#8217;actualitat, el professor Domingo Orozco presideix la <strong>Comissi\u00f3 Nacional de l&#8217;Especialitat de Medicina de Fam\u00edlia<\/strong> des de fa 2 anys. A m\u00e9s, ostenta el c\u00e0rrec de secretari del Comit\u00e8 d&#8217;\u00c8tica i Recerca Cl\u00ednica de l&#8217;Hospital de Sant Joan d&#8217;Alacant; a m\u00e9s de membre del Comit\u00e8 T\u00e8cnic de l&#8217;estrat\u00e8gia d&#8217;abordatge de la cronicitat en el Ministeri de Sanitat i a la Comunitat Valenciana. Tamb\u00e9 ha sigut membre del Comit\u00e8 Editorial de la revista \u201cPrimary Care Diabetis\u201d i de la \u201cRevestisca Atenci\u00f3 Prim\u00e0ria\u201d; coordinador de el \u201cSpecial Interest Group on Chronic Diseases\u201d de la societat mundial de Medicina de Fam\u00edlia (Wonca).<br \/>\n<img loading=\"lazy\" class=\"aligncenter wp-image-14683\" title=\"Presa de la TA en Medicina Familiar i Comunit\u00e0ria\" src=\"https:\/\/departamentomedicinaclinica.umh.es\/files\/2016\/12\/Medicina-Familiar-y-Comunitaria.jpg\" alt=\"Domingo Orozco acc\u00e8ssit Medicina de Fam\u00edlia\" width=\"500\" height=\"753\" srcset=\"https:\/\/departamentomedicinaclinica.umh.es\/files\/2016\/12\/Medicina-Familiar-y-Comunitaria.jpg 958w, https:\/\/departamentomedicinaclinica.umh.es\/files\/2016\/12\/Medicina-Familiar-y-Comunitaria-199x300.jpg 199w, https:\/\/departamentomedicinaclinica.umh.es\/files\/2016\/12\/Medicina-Familiar-y-Comunitaria-680x1024.jpg 680w, https:\/\/departamentomedicinaclinica.umh.es\/files\/2016\/12\/Medicina-Familiar-y-Comunitaria-768x1156.jpg 768w\" sizes=\"(max-width: 500px) 100vw, 500px\" \/><br \/>\nOrozco, tamb\u00e9, ha sigut membre de l&#8217;organitzaci\u00f3 europea <strong><a href=\"http:\/\/www.globalfamilydoctor.com\" target=\"_blank\" rel=\"noopener\">Wonca<\/a> de Medicina de Fam\u00edlia i Atenci\u00f3 Prim\u00e0ria;<\/strong>\u00a0vicepresident de la <a href=\"https:\/\/www.semfyc.es\/medicos\/\" target=\"_blank\" rel=\"noopener\">Societat Espanyola de Medicina de Fam\u00edlia i Comunit\u00e0ria (Semfyc)<\/a>. Anteriorment, va ser president de la Societat Valenciana de Medicina de Fam\u00edlia durant 6 anys.<br \/>\n&nbsp;<\/p>\n<h2>Quins atorguen els premis a Domingo Orozco acc\u00e8ssit 2016?<\/h2>\n<p>Els guardons proposats per els <strong>Col\u00b7legis de Metges d&#8217;Espanya<\/strong>, la Comissi\u00f3 Permanent de l&#8217;OMC i les seues Vocal\u00edas Nacionals, es componen de 6 modalitats:<\/p>\n<ul>\n<li>Atenci\u00f3 Prim\u00e0ria,<\/li>\n<li>Hospitals,<\/li>\n<li>Altres \u00e0mbits assistencials,<\/li>\n<li>Humanitats i Cooperaci\u00f3,<\/li>\n<li>Doc\u00e8ncia i Recerca i Gesti\u00f3.<\/li>\n<\/ul>\n<p><img loading=\"lazy\" class=\"aligncenter wp-image-14688\" title=\"Fam\u00edlia en un Centre de Salut de Medicina Familiar i Comunit\u00e0ria\" src=\"https:\/\/departamentomedicinaclinica.umh.es\/files\/2016\/12\/Familia-Centro-de-Salud-Medicina.jpg\" alt=\"Domingo Orozco acc\u00e8ssit Medicina de Fam\u00edlia\" width=\"500\" height=\"399\" srcset=\"https:\/\/departamentomedicinaclinica.umh.es\/files\/2016\/12\/Familia-Centro-de-Salud-Medicina.jpg 640w, https:\/\/departamentomedicinaclinica.umh.es\/files\/2016\/12\/Familia-Centro-de-Salud-Medicina-300x240.jpg 300w\" sizes=\"(max-width: 500px) 100vw, 500px\" \/><br \/>\n&nbsp;<\/p>","protected":false},"excerpt":{"rendered":"<p>Ho sentim, aquesta entrada es troba disponible \u00fanicament en Espanyol Europeu.<\/p>\n","protected":false},"author":3158,"featured_media":14678,"comment_status":"closed","ping_status":"closed","sticky":false,"template":"","format":"standard","meta":{"_links_to":"","_links_to_target":""},"categories":[964],"tags":[1025164,588972,1112433,1251855,40775,1277651,1324178,6286],"yoast_head":"<!-- This site is optimized with the Yoast SEO plugin v17.5 - https:\/\/yoast.com\/wordpress\/plugins\/seo\/ -->\n<meta name=\"description\" content=\"L&#039;Organitzaci\u00f3 M\u00e8dica Col\u00b7legial ha reconegut al professor UMH, Domingo Orozco acc\u00e8ssit amb el premi Traject\u00f2ria Professional categoria Doc\u00e8ncia i Recerca\u00a0\" \/>\n<meta name=\"robots\" content=\"index, follow, max-snippet:-1, max-image-preview:large, max-video-preview:-1\" \/>\n<link rel=\"canonical\" href=\"https:\/\/departamentomedicinaclinica.umh.es\/ca\/2016\/12\/01\/la-organizacion-medica-colegial-concede-a-domingo-orozco-accesit-en-los-premios-de-trayectoria-profesional\/\" \/>\n<meta property=\"og:locale\" content=\"ca_ES\" \/>\n<meta property=\"og:type\" content=\"article\" \/>\n<meta property=\"og:title\" content=\"L\u2019organitzaci\u00f3 m\u00e8dica col\u00b7legial concedeix a Domingo Orozco acc\u00e8ssit en els Premis Traject\u00f2ria professional - Departamento de Medicina Cl\u00ednica UMH\" \/>\n<meta property=\"og:description\" content=\"L&#039;Organitzaci\u00f3 M\u00e8dica Col\u00b7legial ha reconegut al professor UMH, Domingo Orozco acc\u00e8ssit amb el premi Traject\u00f2ria Professional categoria Doc\u00e8ncia i Recerca\u00a0\" \/>\n<meta property=\"og:url\" content=\"https:\/\/departamentomedicinaclinica.umh.es\/2016\/12\/01\/la-organizacion-medica-colegial-concede-a-domingo-orozco-accesit-en-los-premios-de-trayectoria-profesional\/\" \/>\n<meta property=\"og:site_name\" content=\"Departamento de Medicina Cl\u00ednica UMH\" \/>\n<meta property=\"article:published_time\" content=\"2016-12-01T11:28:17+00:00\" \/>\n<meta property=\"article:modified_time\" content=\"2024-02-23T10:38:47+00:00\" \/>\n<meta property=\"og:image\" content=\"https:\/\/departamentomedicinaclinica.umh.es\/files\/2016\/12\/Domingo-Orozco-Beltran-accesit-Medicina.jpg\" \/>\n\t<meta property=\"og:image:width\" content=\"555\" \/>\n\t<meta property=\"og:image:height\" content=\"339\" \/>\n<meta name=\"twitter:card\" content=\"summary_large_image\" \/>\n<meta name=\"twitter:creator\" content=\"@medicinaumh\" \/>\n<meta name=\"twitter:site\" content=\"@medicinaumh\" \/>\n<meta name=\"twitter:label1\" content=\"Written by\" \/>\n\t<meta name=\"twitter:data1\" content=\"garcia.natalia\" \/>\n\t<meta name=\"twitter:label2\" content=\"Est. reading time\" \/>\n\t<meta name=\"twitter:data2\" content=\"5 minuts\" \/>\n<script type=\"application\/ld+json\" class=\"yoast-schema-graph\">{\"@context\":\"https:\/\/schema.org\",\"@graph\":[{\"@type\":\"Organization\",\"@id\":\"https:\/\/departamentomedicinaclinica.umh.es\/#organization\",\"name\":\"Departamento Medicina Cl\\u00ednica Universidad Miguel Hern\\u00e1ndez de Elche\",\"url\":\"https:\/\/departamentomedicinaclinica.umh.es\/\",\"sameAs\":[\"https:\/\/www.youtube.com\/playlist?list=PLClKgnzRFYe6Y_i4QLNSlOwsZn0X3Klmb\",\"https:\/\/twitter.com\/medicinaumh\"],\"logo\":{\"@type\":\"ImageObject\",\"@id\":\"https:\/\/departamentomedicinaclinica.umh.es\/#logo\",\"inLanguage\":\"ca\",\"url\":\"https:\/\/departamentomedicinaclinica.umh.es\/files\/2024\/07\/meclin-vertical.png\",\"contentUrl\":\"https:\/\/departamentomedicinaclinica.umh.es\/files\/2024\/07\/meclin-vertical.png\",\"width\":1376,\"height\":1600,\"caption\":\"Departamento Medicina Cl\\u00ednica Universidad Miguel Hern\\u00e1ndez de Elche\"},\"image\":{\"@id\":\"https:\/\/departamentomedicinaclinica.umh.es\/#logo\"}},{\"@type\":\"WebSite\",\"@id\":\"https:\/\/departamentomedicinaclinica.umh.es\/#website\",\"url\":\"https:\/\/departamentomedicinaclinica.umh.es\/\",\"name\":\"Departamento de Medicina Cl\\u00ednica UMH\",\"description\":\"Otro sitio m\\u00e1s de Zeus.umh.es Blogs\",\"publisher\":{\"@id\":\"https:\/\/departamentomedicinaclinica.umh.es\/#organization\"},\"potentialAction\":[{\"@type\":\"SearchAction\",\"target\":{\"@type\":\"EntryPoint\",\"urlTemplate\":\"https:\/\/departamentomedicinaclinica.umh.es\/?s={search_term_string}\"},\"query-input\":\"required name=search_term_string\"}],\"inLanguage\":\"ca\"},{\"@type\":\"ImageObject\",\"@id\":\"https:\/\/departamentomedicinaclinica.umh.es\/2016\/12\/01\/la-organizacion-medica-colegial-concede-a-domingo-orozco-accesit-en-los-premios-de-trayectoria-profesional\/#primaryimage\",\"inLanguage\":\"ca\",\"url\":\"https:\/\/departamentomedicinaclinica.umh.es\/files\/2016\/12\/Domingo-Orozco-Beltran-accesit-Medicina.jpg\",\"contentUrl\":\"https:\/\/departamentomedicinaclinica.umh.es\/files\/2016\/12\/Domingo-Orozco-Beltran-accesit-Medicina.jpg\",\"width\":555,\"height\":339,\"caption\":\"Domingo Orozco acc\\u00e9sit\"},{\"@type\":\"WebPage\",\"@id\":\"https:\/\/departamentomedicinaclinica.umh.es\/2016\/12\/01\/la-organizacion-medica-colegial-concede-a-domingo-orozco-accesit-en-los-premios-de-trayectoria-profesional\/#webpage\",\"url\":\"https:\/\/departamentomedicinaclinica.umh.es\/2016\/12\/01\/la-organizacion-medica-colegial-concede-a-domingo-orozco-accesit-en-los-premios-de-trayectoria-profesional\/\",\"name\":\"L\\u2019organitzaci\\u00f3 m\\u00e8dica col\\u00b7legial concedeix a Domingo Orozco acc\\u00e8ssit en els Premis Traject\\u00f2ria professional - Departamento de Medicina Cl\\u00ednica UMH\",\"isPartOf\":{\"@id\":\"https:\/\/departamentomedicinaclinica.umh.es\/#website\"},\"primaryImageOfPage\":{\"@id\":\"https:\/\/departamentomedicinaclinica.umh.es\/2016\/12\/01\/la-organizacion-medica-colegial-concede-a-domingo-orozco-accesit-en-los-premios-de-trayectoria-profesional\/#primaryimage\"},\"datePublished\":\"2016-12-01T11:28:17+00:00\",\"dateModified\":\"2024-02-23T10:38:47+00:00\",\"description\":\"L'Organitzaci\\u00f3 M\\u00e8dica Col\\u00b7legial ha reconegut al professor UMH, Domingo Orozco acc\\u00e8ssit amb el premi Traject\\u00f2ria Professional categoria Doc\\u00e8ncia i Recerca\\u00a0\",\"breadcrumb\":{\"@id\":\"https:\/\/departamentomedicinaclinica.umh.es\/2016\/12\/01\/la-organizacion-medica-colegial-concede-a-domingo-orozco-accesit-en-los-premios-de-trayectoria-profesional\/#breadcrumb\"},\"inLanguage\":\"ca\",\"potentialAction\":[{\"@type\":\"ReadAction\",\"target\":[\"https:\/\/departamentomedicinaclinica.umh.es\/2016\/12\/01\/la-organizacion-medica-colegial-concede-a-domingo-orozco-accesit-en-los-premios-de-trayectoria-profesional\/\"]}]},{\"@type\":\"BreadcrumbList\",\"@id\":\"https:\/\/departamentomedicinaclinica.umh.es\/2016\/12\/01\/la-organizacion-medica-colegial-concede-a-domingo-orozco-accesit-en-los-premios-de-trayectoria-profesional\/#breadcrumb\",\"itemListElement\":[{\"@type\":\"ListItem\",\"position\":1,\"name\":\"Portada\",\"item\":\"https:\/\/departamentomedicinaclinica.umh.es\/\"},{\"@type\":\"ListItem\",\"position\":2,\"name\":\"La organizaci\\u00f3n m\\u00e9dica colegial concede a Domingo Orozco acc\\u00e9sit en los Premios Trayectoria profesional\"}]},{\"@type\":\"Article\",\"@id\":\"https:\/\/departamentomedicinaclinica.umh.es\/2016\/12\/01\/la-organizacion-medica-colegial-concede-a-domingo-orozco-accesit-en-los-premios-de-trayectoria-profesional\/#article\",\"isPartOf\":{\"@id\":\"https:\/\/departamentomedicinaclinica.umh.es\/2016\/12\/01\/la-organizacion-medica-colegial-concede-a-domingo-orozco-accesit-en-los-premios-de-trayectoria-profesional\/#webpage\"},\"author\":{\"@id\":\"https:\/\/departamentomedicinaclinica.umh.es\/#\/schema\/person\/4cce65f000b37391eb0fdba785a882b9\"},\"headline\":\"L\\u2019organitzaci\\u00f3 m\\u00e8dica col\\u00b7legial concedeix a Domingo Orozco acc\\u00e8ssit en els Premis Traject\\u00f2ria professional\",\"datePublished\":\"2016-12-01T11:28:17+00:00\",\"dateModified\":\"2024-02-23T10:38:47+00:00\",\"mainEntityOfPage\":{\"@id\":\"https:\/\/departamentomedicinaclinica.umh.es\/2016\/12\/01\/la-organizacion-medica-colegial-concede-a-domingo-orozco-accesit-en-los-premios-de-trayectoria-profesional\/#webpage\"},\"wordCount\":1040,\"publisher\":{\"@id\":\"https:\/\/departamentomedicinaclinica.umh.es\/#organization\"},\"image\":{\"@id\":\"https:\/\/departamentomedicinaclinica.umh.es\/2016\/12\/01\/la-organizacion-medica-colegial-concede-a-domingo-orozco-accesit-en-los-premios-de-trayectoria-profesional\/#primaryimage\"},\"thumbnailUrl\":\"https:\/\/departamentomedicinaclinica.umh.es\/files\/2016\/12\/Domingo-Orozco-Beltran-accesit-Medicina.jpg\",\"keywords\":[\"Atenci\\u00f3n Primaria UMH\",\"Domingo Orozco Beltran\",\"Domingo Orozco UMH\",\"Medicina Familiar y Comunitaria\",\"Medicina UMH\",\"MFYC UMH\",\"Premios Trayectoria profesional Domingo Orozco\",\"Universidad Miguel Hern\\u00e1ndez UMH\"],\"articleSection\":[\"Actualidad\"],\"inLanguage\":\"ca\"},{\"@type\":\"Person\",\"@id\":\"https:\/\/departamentomedicinaclinica.umh.es\/#\/schema\/person\/4cce65f000b37391eb0fdba785a882b9\",\"name\":\"garcia.natalia\",\"image\":{\"@type\":\"ImageObject\",\"@id\":\"https:\/\/departamentomedicinaclinica.umh.es\/#personlogo\",\"inLanguage\":\"ca\",\"url\":\"https:\/\/secure.gravatar.com\/avatar\/2f6b18e6f874050af9faeeac24349c8c?s=96&d=mm&r=g\",\"contentUrl\":\"https:\/\/secure.gravatar.com\/avatar\/2f6b18e6f874050af9faeeac24349c8c?s=96&d=mm&r=g\",\"caption\":\"garcia.natalia\"},\"url\":\"https:\/\/departamentomedicinaclinica.umh.es\/ca\/author\/garcia-natalia\/\"}]}<\/script>\n<!-- \/ Yoast SEO plugin. -->","yoast_head_json":{"description":"L'Organitzaci\u00f3 M\u00e8dica Col\u00b7legial ha reconegut al professor UMH, Domingo Orozco acc\u00e8ssit amb el premi Traject\u00f2ria Professional categoria Doc\u00e8ncia i Recerca\u00a0","robots":{"index":"index","follow":"follow","max-snippet":"max-snippet:-1","max-image-preview":"max-image-preview:large","max-video-preview":"max-video-preview:-1"},"canonical":"https:\/\/departamentomedicinaclinica.umh.es\/ca\/2016\/12\/01\/la-organizacion-medica-colegial-concede-a-domingo-orozco-accesit-en-los-premios-de-trayectoria-profesional\/","og_locale":"ca_ES","og_type":"article","og_title":"L\u2019organitzaci\u00f3 m\u00e8dica col\u00b7legial concedeix a Domingo Orozco acc\u00e8ssit en els Premis Traject\u00f2ria professional - Departamento de Medicina Cl\u00ednica UMH","og_description":"L'Organitzaci\u00f3 M\u00e8dica Col\u00b7legial ha reconegut al professor UMH, Domingo Orozco acc\u00e8ssit amb el premi Traject\u00f2ria Professional categoria Doc\u00e8ncia i Recerca\u00a0","og_url":"https:\/\/departamentomedicinaclinica.umh.es\/2016\/12\/01\/la-organizacion-medica-colegial-concede-a-domingo-orozco-accesit-en-los-premios-de-trayectoria-profesional\/","og_site_name":"Departamento de Medicina Cl\u00ednica UMH","article_published_time":"2016-12-01T11:28:17+00:00","article_modified_time":"2024-02-23T10:38:47+00:00","og_image":[{"width":555,"height":339,"url":"https:\/\/departamentomedicinaclinica.umh.es\/files\/2016\/12\/Domingo-Orozco-Beltran-accesit-Medicina.jpg","type":"image\/jpeg"}],"twitter_card":"summary_large_image","twitter_creator":"@medicinaumh","twitter_site":"@medicinaumh","twitter_misc":{"Written by":"garcia.natalia","Est. reading time":"5 minuts"},"schema":{"@context":"https:\/\/schema.org","@graph":[{"@type":"Organization","@id":"https:\/\/departamentomedicinaclinica.umh.es\/#organization","name":"Departamento Medicina Cl\u00ednica Universidad Miguel Hern\u00e1ndez de Elche","url":"https:\/\/departamentomedicinaclinica.umh.es\/","sameAs":["https:\/\/www.youtube.com\/playlist?list=PLClKgnzRFYe6Y_i4QLNSlOwsZn0X3Klmb","https:\/\/twitter.com\/medicinaumh"],"logo":{"@type":"ImageObject","@id":"https:\/\/departamentomedicinaclinica.umh.es\/#logo","inLanguage":"ca","url":"https:\/\/departamentomedicinaclinica.umh.es\/files\/2024\/07\/meclin-vertical.png","contentUrl":"https:\/\/departamentomedicinaclinica.umh.es\/files\/2024\/07\/meclin-vertical.png","width":1376,"height":1600,"caption":"Departamento Medicina Cl\u00ednica Universidad Miguel Hern\u00e1ndez de Elche"},"image":{"@id":"https:\/\/departamentomedicinaclinica.umh.es\/#logo"}},{"@type":"WebSite","@id":"https:\/\/departamentomedicinaclinica.umh.es\/#website","url":"https:\/\/departamentomedicinaclinica.umh.es\/","name":"Departamento de Medicina Cl\u00ednica UMH","description":"Otro sitio m\u00e1s de Zeus.umh.es Blogs","publisher":{"@id":"https:\/\/departamentomedicinaclinica.umh.es\/#organization"},"potentialAction":[{"@type":"SearchAction","target":{"@type":"EntryPoint","urlTemplate":"https:\/\/departamentomedicinaclinica.umh.es\/?s={search_term_string}"},"query-input":"required name=search_term_string"}],"inLanguage":"ca"},{"@type":"ImageObject","@id":"https:\/\/departamentomedicinaclinica.umh.es\/2016\/12\/01\/la-organizacion-medica-colegial-concede-a-domingo-orozco-accesit-en-los-premios-de-trayectoria-profesional\/#primaryimage","inLanguage":"ca","url":"https:\/\/departamentomedicinaclinica.umh.es\/files\/2016\/12\/Domingo-Orozco-Beltran-accesit-Medicina.jpg","contentUrl":"https:\/\/departamentomedicinaclinica.umh.es\/files\/2016\/12\/Domingo-Orozco-Beltran-accesit-Medicina.jpg","width":555,"height":339,"caption":"Domingo Orozco acc\u00e9sit"},{"@type":"WebPage","@id":"https:\/\/departamentomedicinaclinica.umh.es\/2016\/12\/01\/la-organizacion-medica-colegial-concede-a-domingo-orozco-accesit-en-los-premios-de-trayectoria-profesional\/#webpage","url":"https:\/\/departamentomedicinaclinica.umh.es\/2016\/12\/01\/la-organizacion-medica-colegial-concede-a-domingo-orozco-accesit-en-los-premios-de-trayectoria-profesional\/","name":"L\u2019organitzaci\u00f3 m\u00e8dica col\u00b7legial concedeix a Domingo Orozco acc\u00e8ssit en els Premis Traject\u00f2ria professional - Departamento de Medicina Cl\u00ednica UMH","isPartOf":{"@id":"https:\/\/departamentomedicinaclinica.umh.es\/#website"},"primaryImageOfPage":{"@id":"https:\/\/departamentomedicinaclinica.umh.es\/2016\/12\/01\/la-organizacion-medica-colegial-concede-a-domingo-orozco-accesit-en-los-premios-de-trayectoria-profesional\/#primaryimage"},"datePublished":"2016-12-01T11:28:17+00:00","dateModified":"2024-02-23T10:38:47+00:00","description":"L'Organitzaci\u00f3 M\u00e8dica Col\u00b7legial ha reconegut al professor UMH, Domingo Orozco acc\u00e8ssit amb el premi Traject\u00f2ria Professional categoria Doc\u00e8ncia i Recerca\u00a0","breadcrumb":{"@id":"https:\/\/departamentomedicinaclinica.umh.es\/2016\/12\/01\/la-organizacion-medica-colegial-concede-a-domingo-orozco-accesit-en-los-premios-de-trayectoria-profesional\/#breadcrumb"},"inLanguage":"ca","potentialAction":[{"@type":"ReadAction","target":["https:\/\/departamentomedicinaclinica.umh.es\/2016\/12\/01\/la-organizacion-medica-colegial-concede-a-domingo-orozco-accesit-en-los-premios-de-trayectoria-profesional\/"]}]},{"@type":"BreadcrumbList","@id":"https:\/\/departamentomedicinaclinica.umh.es\/2016\/12\/01\/la-organizacion-medica-colegial-concede-a-domingo-orozco-accesit-en-los-premios-de-trayectoria-profesional\/#breadcrumb","itemListElement":[{"@type":"ListItem","position":1,"name":"Portada","item":"https:\/\/departamentomedicinaclinica.umh.es\/"},{"@type":"ListItem","position":2,"name":"La organizaci\u00f3n m\u00e9dica colegial concede a Domingo Orozco acc\u00e9sit en los Premios Trayectoria profesional"}]},{"@type":"Article","@id":"https:\/\/departamentomedicinaclinica.umh.es\/2016\/12\/01\/la-organizacion-medica-colegial-concede-a-domingo-orozco-accesit-en-los-premios-de-trayectoria-profesional\/#article","isPartOf":{"@id":"https:\/\/departamentomedicinaclinica.umh.es\/2016\/12\/01\/la-organizacion-medica-colegial-concede-a-domingo-orozco-accesit-en-los-premios-de-trayectoria-profesional\/#webpage"},"author":{"@id":"https:\/\/departamentomedicinaclinica.umh.es\/#\/schema\/person\/4cce65f000b37391eb0fdba785a882b9"},"headline":"L\u2019organitzaci\u00f3 m\u00e8dica col\u00b7legial concedeix a Domingo Orozco acc\u00e8ssit en els Premis Traject\u00f2ria professional","datePublished":"2016-12-01T11:28:17+00:00","dateModified":"2024-02-23T10:38:47+00:00","mainEntityOfPage":{"@id":"https:\/\/departamentomedicinaclinica.umh.es\/2016\/12\/01\/la-organizacion-medica-colegial-concede-a-domingo-orozco-accesit-en-los-premios-de-trayectoria-profesional\/#webpage"},"wordCount":1040,"publisher":{"@id":"https:\/\/departamentomedicinaclinica.umh.es\/#organization"},"image":{"@id":"https:\/\/departamentomedicinaclinica.umh.es\/2016\/12\/01\/la-organizacion-medica-colegial-concede-a-domingo-orozco-accesit-en-los-premios-de-trayectoria-profesional\/#primaryimage"},"thumbnailUrl":"https:\/\/departamentomedicinaclinica.umh.es\/files\/2016\/12\/Domingo-Orozco-Beltran-accesit-Medicina.jpg","keywords":["Atenci\u00f3n Primaria UMH","Domingo Orozco Beltran","Domingo Orozco UMH","Medicina Familiar y Comunitaria","Medicina UMH","MFYC UMH","Premios Trayectoria profesional Domingo Orozco","Universidad Miguel Hern\u00e1ndez UMH"],"articleSection":["Actualidad"],"inLanguage":"ca"},{"@type":"Person","@id":"https:\/\/departamentomedicinaclinica.umh.es\/#\/schema\/person\/4cce65f000b37391eb0fdba785a882b9","name":"garcia.natalia","image":{"@type":"ImageObject","@id":"https:\/\/departamentomedicinaclinica.umh.es\/#personlogo","inLanguage":"ca","url":"https:\/\/secure.gravatar.com\/avatar\/2f6b18e6f874050af9faeeac24349c8c?s=96&d=mm&r=g","contentUrl":"https:\/\/secure.gravatar.com\/avatar\/2f6b18e6f874050af9faeeac24349c8c?s=96&d=mm&r=g","caption":"garcia.natalia"},"url":"https:\/\/departamentomedicinaclinica.umh.es\/ca\/author\/garcia-natalia\/"}]}},"_links":{"self":[{"href":"https:\/\/departamentomedicinaclinica.umh.es\/ca\/wp-json\/wp\/v2\/posts\/14588"}],"collection":[{"href":"https:\/\/departamentomedicinaclinica.umh.es\/ca\/wp-json\/wp\/v2\/posts"}],"about":[{"href":"https:\/\/departamentomedicinaclinica.umh.es\/ca\/wp-json\/wp\/v2\/types\/post"}],"author":[{"embeddable":true,"href":"https:\/\/departamentomedicinaclinica.umh.es\/ca\/wp-json\/wp\/v2\/users\/3158"}],"replies":[{"embeddable":true,"href":"https:\/\/departamentomedicinaclinica.umh.es\/ca\/wp-json\/wp\/v2\/comments?post=14588"}],"version-history":[{"count":0,"href":"https:\/\/departamentomedicinaclinica.umh.es\/ca\/wp-json\/wp\/v2\/posts\/14588\/revisions"}],"wp:featuredmedia":[{"embeddable":true,"href":"https:\/\/departamentomedicinaclinica.umh.es\/ca\/wp-json\/wp\/v2\/media\/14678"}],"wp:attachment":[{"href":"https:\/\/departamentomedicinaclinica.umh.es\/ca\/wp-json\/wp\/v2\/media?parent=14588"}],"wp:term":[{"taxonomy":"category","embeddable":true,"href":"https:\/\/departamentomedicinaclinica.umh.es\/ca\/wp-json\/wp\/v2\/categories?post=14588"},{"taxonomy":"post_tag","embeddable":true,"href":"https:\/\/departamentomedicinaclinica.umh.es\/ca\/wp-json\/wp\/v2\/tags?post=14588"}],"curies":[{"name":"wp","href":"https:\/\/api.w.org\/{rel}","templated":true}]}}