{"id":14591,"date":"2016-11-15T13:32:16","date_gmt":"2016-11-15T12:32:16","guid":{"rendered":"http:\/\/www.departamentomedicinaclinicaumh.es\/?p=14591"},"modified":"2024-02-23T10:38:47","modified_gmt":"2024-02-23T10:38:47","slug":"concurso-jaime-merino-videos-rotatorios-umh","status":"publish","type":"post","link":"https:\/\/departamentomedicinaclinica.umh.es\/ca\/2016\/11\/15\/concurso-jaime-merino-videos-rotatorios-umh\/","title":{"rendered":"Comen\u00e7a el Concurs Jaime Merino v\u00eddeos presentaci\u00f3 dels rotatoris de la UMH"},"content":{"rendered":"<p><a class=\"autoria\" href=\"https:\/\/plus.google.com\/+DepartamentodeMedicinaCl\u00ednicaUMH?rel=author\">+DepartamentodeMedicinaCl\u00ednicaUMH<\/a><br \/>\n&nbsp;<br \/>\nEl nou curs acad\u00e8mic 2016-17 ha comen\u00e7at en la UMH i amb a\u00e7\u00f2 el concurs <strong>Jaime Merino v\u00eddeos<\/strong> presentaci\u00f3 dels <strong> Rotatoris Cl\u00ednics<\/strong> de la <strong>UMH<\/strong>.<br \/>\n&nbsp;<br \/>\n<img loading=\"lazy\" class=\"aligncenter size-full wp-image-13898\" src=\"https:\/\/departamentomedicinaclinica.umh.es\/files\/2016\/09\/Estenodis-Aortica-visionado-Rotatorio-UMH.jpg\" alt=\"Estenosis A\u00f2rtica visionat Concurs Jaime Merino v\u00eddeos\nRotatoris UMH\" title=\"Estenosi A\u00f2rtica premiat en 2015-2016\" width=\"600\" height=\"338\" srcset=\"https:\/\/departamentomedicinaclinica.umh.es\/files\/2016\/09\/Estenodis-Aortica-visionado-Rotatorio-UMH.jpg 600w, https:\/\/departamentomedicinaclinica.umh.es\/files\/2016\/09\/Estenodis-Aortica-visionado-Rotatorio-UMH-300x169.jpg 300w\" sizes=\"(max-width: 600px) 100vw, 600px\" \/><\/p>\n<h2>En qu\u00e8 consisteix el Concurs Jaime Merino v\u00eddeos presentaci\u00f3 <!--more-->rotatoris de la UMH?<\/h2>\n<p>L&#8217;<strong>objectiu<\/strong> de l&#8217;esdeveniment no \u00e9s un altre que mostrar els <strong>casos cl\u00ednics<\/strong> dels alumnes de la <a href=\"http:\/\/www.umh.es\/\" target=\"_blank\" rel=\"noopener\">Universitat Miguel Hern\u00e1ndez<\/a>. Principalment a altres companys, professors, professionals m\u00e8dics i p\u00fablic en general i, sobretot, que estiguen disponibles i visible en:<\/p>\n<ul>\n<li>la web de l&#8217;assignatura<\/li>\n<li>la web del departament de Medicina Cl\u00ednica de la UMH<\/li>\n<li>i en la pr\u00f2pia web de la UMH<\/li>\n<\/ul>\n<h2>Com va ser l&#8217;edici\u00f3 2015-16 del Concurs Jaime Merino rotatoris de la UMH?<\/h2>\n<p>&nbsp;<br \/>\nL&#8217;alumne <strong>Jose Miguel Mart\u00edn Torres<\/strong> va resultar guanyador en la passada edici\u00f3 amb el seu v\u00eddeo <em>Estenosis a\u00f2rtica<\/em>.<\/p>\n<p style=\"text-align: center\"><strong>Torna a veure el v\u00eddeo guanyador ara<\/strong><\/p>\n<p style=\"text-align: center\"><strong><a href=\"https:\/\/www.youtube.com\/watch?v=CedIJncp7jY&amp;list=PLClKgnzRFYe6Y_i4QLNSlOwsZn0X3Klmb&amp;index=2\" target=\"_blank\" rel=\"noopener\">Mira altres v\u00eddeos del guanyador ara<\/a><\/strong><br \/>\nPots ampliar la not\u00edcia sobre el v\u00eddeo guanyador <a href=\"http:\/\/departamentomedicinaclinica.edu.umh.es\/ca\/jaime-merino-entrega-premio-al-mejor-video-rotatorios-umh\/\" target=\"_blank\" rel=\"noopener\"><strong>AC\u00cd<\/strong><\/a><\/p>\n<h2>Quins s\u00f3n els premis del Concurs Jaime Merino v\u00eddeos presentaci\u00f3 rotatoris UMH?<\/h2>\n<p>Els millors v\u00eddeos seran premiats en targetes de compra amb:<br \/>\n&nbsp;<br \/>\n<strong>300 euros<\/strong> el millor v\u00eddeo,<br \/>\n<strong>200<\/strong> al segon i<br \/>\n<strong>100<\/strong> el tercer v\u00eddeo.<br \/>\n&nbsp;<br \/>\n<img loading=\"lazy\" class=\"aligncenter wp-image-13896 size-full\" title=\"Jose Miguel Mart\u00edn Torres premiat en l'edici\u00f3 2015-16\" src=\"https:\/\/departamentomedicinaclinica.umh.es\/files\/2016\/09\/Jose-Miguel-Martin-Torres-premiado-Jaime-Merino-UMH.jpg\" alt=\"Concurs Jaime Merino v\u00eddeos presentaci\u00f3 UMH\" width=\"555\" height=\"381\" srcset=\"https:\/\/departamentomedicinaclinica.umh.es\/files\/2016\/09\/Jose-Miguel-Martin-Torres-premiado-Jaime-Merino-UMH.jpg 555w, https:\/\/departamentomedicinaclinica.umh.es\/files\/2016\/09\/Jose-Miguel-Martin-Torres-premiado-Jaime-Merino-UMH-300x206.jpg 300w\" sizes=\"(max-width: 555px) 100vw, 555px\" \/><br \/>\n&nbsp;<\/p>\n<h2>Quins s\u00f3n les bases del Concurs Jaime Merino rotatoris cl\u00ednics UMH 2016-17?<\/h2>\n<p><strong>PRESENTACI\u00d3 I RESOLUCI\u00d3<\/strong><br \/>\n&nbsp;<br \/>\nEls premis es lliuraran en el mes de setembre de 2017 despr\u00e9s d&#8217;avaluar els presentats <strong>fins al 15 de juliol.<\/strong>\u00a0El tribunal estar\u00e0 compost pels responsables i tutors hospitalaris dels <strong>5 rotatoris cl\u00ednics<\/strong><br \/>\ninclosos:<\/p>\n<ul>\n<li><a href=\"http:\/\/www.umh.es\/contenido\/pas\/:asi_g_1988_M1\/datos_val.html\" target=\"_blank\" rel=\"noopener\">Atenci\u00f3 Prim\u00e0ria<\/a>: Vicente Gil Guill\u00e9n<\/li>\n<li><a href=\"http:\/\/www.umh.es\/contenido\/PDI\/:asi_g_1987_M1\/datos_val.html\" target=\"_blank\" rel=\"noopener\">Medicina I<\/a>: Antonio Pic\u00f3<\/li>\n<li><a href=\"http:\/\/www.umh.es\/contenido\/PDI\/:asi_g_1982_M1\/datos_val.html\" target=\"_blank\" rel=\"noopener\">Medicina II<\/a>: Javier Fern\u00e1ndez S\u00e1nchez<\/li>\n<li><a href=\"http:\/\/www.umh.es\/contenido\/pas\/:asi_g_1983_M1\/datos_val.html\" target=\"_blank\" rel=\"noopener\">Psiquiatria<\/a>: Bartolom\u00e9 P\u00e9rez G\u00e1lvez<\/li>\n<li><a href=\"http:\/\/www.umh.es\/contenido\/pas\/:asi_g_1986_M1\/datos_val.html\" target=\"_blank\" rel=\"noopener\">Urg\u00e8ncies i Emerg\u00e8ncies<\/a>: Juan Caturla Such<\/li>\n<\/ul>\n<p>&nbsp;<br \/>\n<strong>FORMA D&#8217;ENVIAMENT DE V\u00cdDEO\/PRESENTACI\u00d3<\/strong><br \/>\n&nbsp;<br \/>\n<strong>La durada m\u00e0xima del v\u00eddeo no haur\u00e0 de superar els 10 minuts.<\/strong><br \/>\n&nbsp;<br \/>\nPod\u00e9is enviar vuestro v\u00eddeo a trav\u00e9s del siguiente <a href=\"https:\/\/docs.google.com\/a\/goumh.umh.es\/forms\/d\/e\/1FAIpQLSdnUP-0sjlEFkMwJ5DkcmIEMLFgQBa2AzZTRBrr4a6SECbXKA\/viewform?usp=send_form\" target=\"_blank\" rel=\"noopener\"><strong>FORMULARI<\/strong><\/a> a fi de que estiguen accessibles sense haver d&#8217;enviar-los per correu. <strong>Solament es podr\u00e0 presentar un v\u00eddeo per alumne corresponent a la seua presentaci\u00f3 de cas cl\u00ednic en un dels Rotatoris del Departament de Medicina Cl\u00ednica (Urg\u00e8ncies, Atenci\u00f3 Prim\u00e0ria, Medicina I-II i Psiquiatria).<\/strong><br \/>\n&nbsp;<br \/>\n<strong>PROGRAMES D&#8217;ENREGISTRAMENT<\/strong><br \/>\n&nbsp;<br \/>\nPer a gravar un v\u00eddeo de la vostra presentaci\u00f3, es pot fer mitjan\u00e7ant:<br \/>\n&nbsp;<br \/>\n<strong>a)<\/strong> Powerpoint 2010 o 2013 (<a href=\"https:\/\/youtu.be\/D-rjxcjPZfU\" target=\"_blank\" rel=\"noopener\">enlla\u00e7 a v\u00eddeo explicatiu<\/a>)<br \/>\n&nbsp;<br \/>\n<strong>b)<\/strong> Mediante Keynote de Mac (<a href=\"https:\/\/youtu.be\/hwSDtbUE0BY\" target=\"_blank\" rel=\"noopener\">enlla\u00e7 a v\u00eddeo explicatiu<\/a>)<br \/>\n&nbsp;<br \/>\n<strong>c)<\/strong> Captura de pantalla i veu mitjan\u00e7ant Quick estafe per a Mac (<a href=\"https:\/\/youtu.be\/E42a_RarCkM\" target=\"_blank\" rel=\"noopener\">enlla\u00e7 a v\u00eddeo explicatiu<\/a>).<br \/>\n&nbsp;<br \/>\n<strong>d)<\/strong> En cas que no disposeu de programa per a poder gravar-vos en v\u00eddeo<strong> ac\u00ed teniu un enlla\u00e7 amb una versi\u00f3 gratu\u00efta del programa:<\/strong><br \/>\n&nbsp;<br \/>\n<a href=\"http:\/\/explaineverything.com\" target=\"_blank\" rel=\"noopener\"><strong>Explain everything<\/strong><\/a><br \/>\n&nbsp;<br \/>\nPodeu enviar els vostres v\u00eddeos en algun d&#8217;aquests formats:<br \/>\n&nbsp;<br \/>\n<strong>MP4<\/strong><strong>, MKV, AVI, DivX, Xvid, AVI, MOV, WMV, Flash Video (FLV), DVD-Video, MPEG-2, MPEG-1, RealMedia, 3GP, WebM<\/strong><br \/>\n&nbsp;<br \/>\n&nbsp;<br \/>\n<strong>COPYRIGHT I CONSENTIMENT EXPL\u00cdCIT DE PUBLICACI\u00d3 EN OBERT<\/strong><br \/>\n&nbsp;<br \/>\nEs recomana <strong>que els v\u00eddeos no continguen materials multim\u00e8dia amb copyright<\/strong>, per a evitar el bloqueig del v\u00eddeo en la seua pujada a <strong>YouTube<\/strong>. S&#8217;aconsella utilitzar recursos multim\u00e8dia lliures de drets, segons la legislaci\u00f3 vigent. Existeixen nombrosos portals que ofereixen continguts multim\u00e8dia lliures de drets i llic\u00e8ncia <a href=\"http:\/\/es.creativecommons.org\/blog\/licencias\/\" target=\"_blank\" rel=\"noopener\"><strong>Creative Commons <\/strong>(<strong>CC<\/strong>)<\/a>\u00a0per a incorporar-los en el teu material docent.<br \/>\n&nbsp;<br \/>\nAt\u00e8s que l&#8217;objectiu \u00e9s pujar els v\u00eddeos al <a href=\"https:\/\/www.youtube.com\/user\/InnovacionDocenteUMH\" target=\"_blank\" rel=\"noopener\">canal de YouTube de la UMH<\/a>,\u00a0que a m\u00e9s s&#8217;enlla\u00e7aran amb les assignatures a les quals els puga ser \u00fatil aquests v\u00eddeos, els autors hauran de <strong>signar el seu consentiment expl\u00edcit sobre la seua publicaci\u00f3, que s&#8217;enviar\u00e0 al Departament tamb\u00e9<\/strong> <strong>abans del 15 de juliol<\/strong> perqu\u00e8 el v\u00eddeo puga ser avaluat. Sense aquest requisit els v\u00eddeos no seran avaluats pel tribunal. Podeu disposar del formulari en el seg\u00fcent enlla\u00e7 <a href=\"https:\/\/docs.google.com\/a\/goumh.umh.es\/forms\/d\/1pEePkATs07jYuGoeLO1S2RoyQ5he9lZZg1TaxamqNcU\/edit?usp=forms_home\" target=\"_blank\" rel=\"noopener\"><strong>FORMULARI DE COPYRIGHT<\/strong><\/a> i enviar-ho al departament <a href=\"mailto:medicina.cl\u00ednica@umh.es\"><strong>medicina.cl\u00ednica@umh.es<\/strong><\/a><br \/>\n&nbsp;<br \/>\n<img loading=\"lazy\" class=\"aligncenter wp-image-13895 size-full\" title=\"Jaime Merino i Javier Fern\u00e1ndez amb el guanyador del Concurs dels Rotatoris UMH\" src=\"https:\/\/departamentomedicinaclinica.umh.es\/files\/2016\/09\/Premios-Jaime-Merino-Rotatorios-UMH.jpg\" alt=\"Concurs Jaime Merino v\u00eddeos\" width=\"555\" height=\"339\" srcset=\"https:\/\/departamentomedicinaclinica.umh.es\/files\/2016\/09\/Premios-Jaime-Merino-Rotatorios-UMH.jpg 555w, https:\/\/departamentomedicinaclinica.umh.es\/files\/2016\/09\/Premios-Jaime-Merino-Rotatorios-UMH-300x183.jpg 300w\" sizes=\"(max-width: 555px) 100vw, 555px\" \/><br \/>\n<strong>&gt;<\/strong> Descarga las <strong>BASES DEL CONCURS EN PDF<\/strong> <a href=\"https:\/\/departamentomedicinaclinica.umh.es\/files\/2016\/11\/Concurso-alumnos-Video-Jaime-Merino-RCM.pdf\" target=\"_blank\" rel=\"noopener\"><strong>AC\u00cd<\/strong><\/a><br \/>\n&nbsp;<br \/>\n<a href=\"https:\/\/www.umh.es\/contenido\/Estudiantes\/:persona_5668\/datos_val.html\" target=\"_blank\" rel=\"noopener\"><strong>Javier Fern\u00e1ndez S\u00e1nchez<\/strong><\/a><br \/>\nDirector del Departament de Medicina Cl\u00ednica<br \/>\nA Sant Joan d&#8217;Alacant, 10 de novembre de 2016<br \/>\n&nbsp;<\/p>","protected":false},"excerpt":{"rendered":"<p>Ho sentim, aquesta entrada es troba disponible \u00fanicament en Espanyol Europeu.<\/p>\n","protected":false},"author":3158,"featured_media":13660,"comment_status":"closed","ping_status":"closed","sticky":false,"template":"","format":"standard","meta":{"_links_to":"","_links_to_target":""},"categories":[964],"tags":[1066659,1066926,1067026,1192043,5974,6154],"yoast_head":"<!-- This site is optimized with the Yoast SEO plugin v17.5 - https:\/\/yoast.com\/wordpress\/plugins\/seo\/ -->\n<meta name=\"description\" content=\"S&#039;ha iniciat el Concurs Jaime Merino v\u00eddeos presentaci\u00f3 de rotatoris cl\u00ednics d&#039;Atenci\u00f3 Prim\u00e0ria, Psiquiatria, Urg\u00e8ncies, Medicina I i II en la\u00a0UMH\" \/>\n<meta name=\"robots\" content=\"index, follow, max-snippet:-1, max-image-preview:large, max-video-preview:-1\" \/>\n<link rel=\"canonical\" href=\"https:\/\/departamentomedicinaclinica.umh.es\/ca\/2016\/11\/15\/concurso-jaime-merino-videos-rotatorios-umh\/\" \/>\n<meta property=\"og:locale\" content=\"ca_ES\" \/>\n<meta property=\"og:type\" content=\"article\" \/>\n<meta property=\"og:title\" content=\"Comen\u00e7a el Concurs Jaime Merino v\u00eddeos presentaci\u00f3 dels rotatoris de la UMH - Departamento de Medicina Cl\u00ednica UMH\" \/>\n<meta property=\"og:description\" content=\"S&#039;ha iniciat el Concurs Jaime Merino v\u00eddeos presentaci\u00f3 de rotatoris cl\u00ednics d&#039;Atenci\u00f3 Prim\u00e0ria, Psiquiatria, Urg\u00e8ncies, Medicina I i II en la\u00a0UMH\" \/>\n<meta property=\"og:url\" content=\"https:\/\/departamentomedicinaclinica.umh.es\/2016\/11\/15\/concurso-jaime-merino-videos-rotatorios-umh\/\" \/>\n<meta property=\"og:site_name\" content=\"Departamento de Medicina Cl\u00ednica UMH\" \/>\n<meta property=\"article:published_time\" content=\"2016-11-15T12:32:16+00:00\" \/>\n<meta property=\"article:modified_time\" content=\"2024-02-23T10:38:47+00:00\" \/>\n<meta property=\"og:image\" content=\"https:\/\/departamentomedicinaclinica.umh.es\/files\/2016\/07\/Estenosis-Aortica-Rotatorio-Clinico-UMH-1.jpg\" \/>\n\t<meta property=\"og:image:width\" content=\"547\" \/>\n\t<meta property=\"og:image:height\" content=\"335\" \/>\n<meta name=\"twitter:card\" content=\"summary_large_image\" \/>\n<meta name=\"twitter:creator\" content=\"@medicinaumh\" \/>\n<meta name=\"twitter:site\" content=\"@medicinaumh\" \/>\n<meta name=\"twitter:label1\" content=\"Written by\" \/>\n\t<meta name=\"twitter:data1\" content=\"garcia.natalia\" \/>\n\t<meta name=\"twitter:label2\" content=\"Est. reading time\" \/>\n\t<meta name=\"twitter:data2\" content=\"10 minuts\" \/>\n<script type=\"application\/ld+json\" class=\"yoast-schema-graph\">{\"@context\":\"https:\/\/schema.org\",\"@graph\":[{\"@type\":\"Organization\",\"@id\":\"https:\/\/departamentomedicinaclinica.umh.es\/#organization\",\"name\":\"Departamento Medicina Cl\\u00ednica Universidad Miguel Hern\\u00e1ndez de Elche\",\"url\":\"https:\/\/departamentomedicinaclinica.umh.es\/\",\"sameAs\":[\"https:\/\/www.youtube.com\/playlist?list=PLClKgnzRFYe6Y_i4QLNSlOwsZn0X3Klmb\",\"https:\/\/twitter.com\/medicinaumh\"],\"logo\":{\"@type\":\"ImageObject\",\"@id\":\"https:\/\/departamentomedicinaclinica.umh.es\/#logo\",\"inLanguage\":\"ca\",\"url\":\"https:\/\/departamentomedicinaclinica.umh.es\/files\/2024\/07\/meclin-vertical.png\",\"contentUrl\":\"https:\/\/departamentomedicinaclinica.umh.es\/files\/2024\/07\/meclin-vertical.png\",\"width\":1376,\"height\":1600,\"caption\":\"Departamento Medicina Cl\\u00ednica Universidad Miguel Hern\\u00e1ndez de Elche\"},\"image\":{\"@id\":\"https:\/\/departamentomedicinaclinica.umh.es\/#logo\"}},{\"@type\":\"WebSite\",\"@id\":\"https:\/\/departamentomedicinaclinica.umh.es\/#website\",\"url\":\"https:\/\/departamentomedicinaclinica.umh.es\/\",\"name\":\"Departamento de Medicina Cl\\u00ednica UMH\",\"description\":\"Otro sitio m\\u00e1s de Zeus.umh.es Blogs\",\"publisher\":{\"@id\":\"https:\/\/departamentomedicinaclinica.umh.es\/#organization\"},\"potentialAction\":[{\"@type\":\"SearchAction\",\"target\":{\"@type\":\"EntryPoint\",\"urlTemplate\":\"https:\/\/departamentomedicinaclinica.umh.es\/?s={search_term_string}\"},\"query-input\":\"required name=search_term_string\"}],\"inLanguage\":\"ca\"},{\"@type\":\"ImageObject\",\"@id\":\"https:\/\/departamentomedicinaclinica.umh.es\/2016\/11\/15\/concurso-jaime-merino-videos-rotatorios-umh\/#primaryimage\",\"inLanguage\":\"ca\",\"url\":\"https:\/\/departamentomedicinaclinica.umh.es\/files\/2016\/07\/Estenosis-Aortica-Rotatorio-Clinico-UMH-1.jpg\",\"contentUrl\":\"https:\/\/departamentomedicinaclinica.umh.es\/files\/2016\/07\/Estenosis-Aortica-Rotatorio-Clinico-UMH-1.jpg\",\"width\":547,\"height\":335,\"caption\":\"Estenosis A\\u00f3rtica Medicina UMH\"},{\"@type\":\"WebPage\",\"@id\":\"https:\/\/departamentomedicinaclinica.umh.es\/2016\/11\/15\/concurso-jaime-merino-videos-rotatorios-umh\/#webpage\",\"url\":\"https:\/\/departamentomedicinaclinica.umh.es\/2016\/11\/15\/concurso-jaime-merino-videos-rotatorios-umh\/\",\"name\":\"Comen\\u00e7a el Concurs Jaime Merino v\\u00eddeos presentaci\\u00f3 dels rotatoris de la UMH - Departamento de Medicina Cl\\u00ednica UMH\",\"isPartOf\":{\"@id\":\"https:\/\/departamentomedicinaclinica.umh.es\/#website\"},\"primaryImageOfPage\":{\"@id\":\"https:\/\/departamentomedicinaclinica.umh.es\/2016\/11\/15\/concurso-jaime-merino-videos-rotatorios-umh\/#primaryimage\"},\"datePublished\":\"2016-11-15T12:32:16+00:00\",\"dateModified\":\"2024-02-23T10:38:47+00:00\",\"description\":\"S'ha iniciat el Concurs Jaime Merino v\\u00eddeos presentaci\\u00f3 de rotatoris cl\\u00ednics d'Atenci\\u00f3 Prim\\u00e0ria, Psiquiatria, Urg\\u00e8ncies, Medicina I i II en la\\u00a0UMH\",\"breadcrumb\":{\"@id\":\"https:\/\/departamentomedicinaclinica.umh.es\/2016\/11\/15\/concurso-jaime-merino-videos-rotatorios-umh\/#breadcrumb\"},\"inLanguage\":\"ca\",\"potentialAction\":[{\"@type\":\"ReadAction\",\"target\":[\"https:\/\/departamentomedicinaclinica.umh.es\/2016\/11\/15\/concurso-jaime-merino-videos-rotatorios-umh\/\"]}]},{\"@type\":\"BreadcrumbList\",\"@id\":\"https:\/\/departamentomedicinaclinica.umh.es\/2016\/11\/15\/concurso-jaime-merino-videos-rotatorios-umh\/#breadcrumb\",\"itemListElement\":[{\"@type\":\"ListItem\",\"position\":1,\"name\":\"Portada\",\"item\":\"https:\/\/departamentomedicinaclinica.umh.es\/\"},{\"@type\":\"ListItem\",\"position\":2,\"name\":\"Comienza el Concurso Jaime Merino v\\u00eddeos presentaci\\u00f3n de los rotatorios UMH\"}]},{\"@type\":\"Article\",\"@id\":\"https:\/\/departamentomedicinaclinica.umh.es\/2016\/11\/15\/concurso-jaime-merino-videos-rotatorios-umh\/#article\",\"isPartOf\":{\"@id\":\"https:\/\/departamentomedicinaclinica.umh.es\/2016\/11\/15\/concurso-jaime-merino-videos-rotatorios-umh\/#webpage\"},\"author\":{\"@id\":\"https:\/\/departamentomedicinaclinica.umh.es\/#\/schema\/person\/4cce65f000b37391eb0fdba785a882b9\"},\"headline\":\"Comen\\u00e7a el Concurs Jaime Merino v\\u00eddeos presentaci\\u00f3 dels rotatoris de la UMH\",\"datePublished\":\"2016-11-15T12:32:16+00:00\",\"dateModified\":\"2024-02-23T10:38:47+00:00\",\"mainEntityOfPage\":{\"@id\":\"https:\/\/departamentomedicinaclinica.umh.es\/2016\/11\/15\/concurso-jaime-merino-videos-rotatorios-umh\/#webpage\"},\"wordCount\":2050,\"publisher\":{\"@id\":\"https:\/\/departamentomedicinaclinica.umh.es\/#organization\"},\"image\":{\"@id\":\"https:\/\/departamentomedicinaclinica.umh.es\/2016\/11\/15\/concurso-jaime-merino-videos-rotatorios-umh\/#primaryimage\"},\"thumbnailUrl\":\"https:\/\/departamentomedicinaclinica.umh.es\/files\/2016\/07\/Estenosis-Aortica-Rotatorio-Clinico-UMH-1.jpg\",\"keywords\":[\"concurso docencia v\\u00eddeos Medicina\",\"Concurso Jaime Merino\",\"Concurso Medicina UMH\",\"Hospitales Alicante casos cl\\u00ednicos\",\"UMH alumnos casos presentaci\\u00f3n\",\"UMH presentaciones casos cl\\u00ednicos\"],\"articleSection\":[\"Actualidad\"],\"inLanguage\":\"ca\"},{\"@type\":\"Person\",\"@id\":\"https:\/\/departamentomedicinaclinica.umh.es\/#\/schema\/person\/4cce65f000b37391eb0fdba785a882b9\",\"name\":\"garcia.natalia\",\"image\":{\"@type\":\"ImageObject\",\"@id\":\"https:\/\/departamentomedicinaclinica.umh.es\/#personlogo\",\"inLanguage\":\"ca\",\"url\":\"https:\/\/secure.gravatar.com\/avatar\/2f6b18e6f874050af9faeeac24349c8c?s=96&d=mm&r=g\",\"contentUrl\":\"https:\/\/secure.gravatar.com\/avatar\/2f6b18e6f874050af9faeeac24349c8c?s=96&d=mm&r=g\",\"caption\":\"garcia.natalia\"},\"url\":\"https:\/\/departamentomedicinaclinica.umh.es\/ca\/author\/garcia-natalia\/\"}]}<\/script>\n<!-- \/ Yoast SEO plugin. -->","yoast_head_json":{"description":"S'ha iniciat el Concurs Jaime Merino v\u00eddeos presentaci\u00f3 de rotatoris cl\u00ednics d'Atenci\u00f3 Prim\u00e0ria, Psiquiatria, Urg\u00e8ncies, Medicina I i II en la\u00a0UMH","robots":{"index":"index","follow":"follow","max-snippet":"max-snippet:-1","max-image-preview":"max-image-preview:large","max-video-preview":"max-video-preview:-1"},"canonical":"https:\/\/departamentomedicinaclinica.umh.es\/ca\/2016\/11\/15\/concurso-jaime-merino-videos-rotatorios-umh\/","og_locale":"ca_ES","og_type":"article","og_title":"Comen\u00e7a el Concurs Jaime Merino v\u00eddeos presentaci\u00f3 dels rotatoris de la UMH - Departamento de Medicina Cl\u00ednica UMH","og_description":"S'ha iniciat el Concurs Jaime Merino v\u00eddeos presentaci\u00f3 de rotatoris cl\u00ednics d'Atenci\u00f3 Prim\u00e0ria, Psiquiatria, Urg\u00e8ncies, Medicina I i II en la\u00a0UMH","og_url":"https:\/\/departamentomedicinaclinica.umh.es\/2016\/11\/15\/concurso-jaime-merino-videos-rotatorios-umh\/","og_site_name":"Departamento de Medicina Cl\u00ednica UMH","article_published_time":"2016-11-15T12:32:16+00:00","article_modified_time":"2024-02-23T10:38:47+00:00","og_image":[{"width":547,"height":335,"url":"https:\/\/departamentomedicinaclinica.umh.es\/files\/2016\/07\/Estenosis-Aortica-Rotatorio-Clinico-UMH-1.jpg","type":"image\/jpeg"}],"twitter_card":"summary_large_image","twitter_creator":"@medicinaumh","twitter_site":"@medicinaumh","twitter_misc":{"Written by":"garcia.natalia","Est. reading time":"10 minuts"},"schema":{"@context":"https:\/\/schema.org","@graph":[{"@type":"Organization","@id":"https:\/\/departamentomedicinaclinica.umh.es\/#organization","name":"Departamento Medicina Cl\u00ednica Universidad Miguel Hern\u00e1ndez de Elche","url":"https:\/\/departamentomedicinaclinica.umh.es\/","sameAs":["https:\/\/www.youtube.com\/playlist?list=PLClKgnzRFYe6Y_i4QLNSlOwsZn0X3Klmb","https:\/\/twitter.com\/medicinaumh"],"logo":{"@type":"ImageObject","@id":"https:\/\/departamentomedicinaclinica.umh.es\/#logo","inLanguage":"ca","url":"https:\/\/departamentomedicinaclinica.umh.es\/files\/2024\/07\/meclin-vertical.png","contentUrl":"https:\/\/departamentomedicinaclinica.umh.es\/files\/2024\/07\/meclin-vertical.png","width":1376,"height":1600,"caption":"Departamento Medicina Cl\u00ednica Universidad Miguel Hern\u00e1ndez de Elche"},"image":{"@id":"https:\/\/departamentomedicinaclinica.umh.es\/#logo"}},{"@type":"WebSite","@id":"https:\/\/departamentomedicinaclinica.umh.es\/#website","url":"https:\/\/departamentomedicinaclinica.umh.es\/","name":"Departamento de Medicina Cl\u00ednica UMH","description":"Otro sitio m\u00e1s de Zeus.umh.es Blogs","publisher":{"@id":"https:\/\/departamentomedicinaclinica.umh.es\/#organization"},"potentialAction":[{"@type":"SearchAction","target":{"@type":"EntryPoint","urlTemplate":"https:\/\/departamentomedicinaclinica.umh.es\/?s={search_term_string}"},"query-input":"required name=search_term_string"}],"inLanguage":"ca"},{"@type":"ImageObject","@id":"https:\/\/departamentomedicinaclinica.umh.es\/2016\/11\/15\/concurso-jaime-merino-videos-rotatorios-umh\/#primaryimage","inLanguage":"ca","url":"https:\/\/departamentomedicinaclinica.umh.es\/files\/2016\/07\/Estenosis-Aortica-Rotatorio-Clinico-UMH-1.jpg","contentUrl":"https:\/\/departamentomedicinaclinica.umh.es\/files\/2016\/07\/Estenosis-Aortica-Rotatorio-Clinico-UMH-1.jpg","width":547,"height":335,"caption":"Estenosis A\u00f3rtica Medicina UMH"},{"@type":"WebPage","@id":"https:\/\/departamentomedicinaclinica.umh.es\/2016\/11\/15\/concurso-jaime-merino-videos-rotatorios-umh\/#webpage","url":"https:\/\/departamentomedicinaclinica.umh.es\/2016\/11\/15\/concurso-jaime-merino-videos-rotatorios-umh\/","name":"Comen\u00e7a el Concurs Jaime Merino v\u00eddeos presentaci\u00f3 dels rotatoris de la UMH - Departamento de Medicina Cl\u00ednica UMH","isPartOf":{"@id":"https:\/\/departamentomedicinaclinica.umh.es\/#website"},"primaryImageOfPage":{"@id":"https:\/\/departamentomedicinaclinica.umh.es\/2016\/11\/15\/concurso-jaime-merino-videos-rotatorios-umh\/#primaryimage"},"datePublished":"2016-11-15T12:32:16+00:00","dateModified":"2024-02-23T10:38:47+00:00","description":"S'ha iniciat el Concurs Jaime Merino v\u00eddeos presentaci\u00f3 de rotatoris cl\u00ednics d'Atenci\u00f3 Prim\u00e0ria, Psiquiatria, Urg\u00e8ncies, Medicina I i II en la\u00a0UMH","breadcrumb":{"@id":"https:\/\/departamentomedicinaclinica.umh.es\/2016\/11\/15\/concurso-jaime-merino-videos-rotatorios-umh\/#breadcrumb"},"inLanguage":"ca","potentialAction":[{"@type":"ReadAction","target":["https:\/\/departamentomedicinaclinica.umh.es\/2016\/11\/15\/concurso-jaime-merino-videos-rotatorios-umh\/"]}]},{"@type":"BreadcrumbList","@id":"https:\/\/departamentomedicinaclinica.umh.es\/2016\/11\/15\/concurso-jaime-merino-videos-rotatorios-umh\/#breadcrumb","itemListElement":[{"@type":"ListItem","position":1,"name":"Portada","item":"https:\/\/departamentomedicinaclinica.umh.es\/"},{"@type":"ListItem","position":2,"name":"Comienza el Concurso Jaime Merino v\u00eddeos presentaci\u00f3n de los rotatorios UMH"}]},{"@type":"Article","@id":"https:\/\/departamentomedicinaclinica.umh.es\/2016\/11\/15\/concurso-jaime-merino-videos-rotatorios-umh\/#article","isPartOf":{"@id":"https:\/\/departamentomedicinaclinica.umh.es\/2016\/11\/15\/concurso-jaime-merino-videos-rotatorios-umh\/#webpage"},"author":{"@id":"https:\/\/departamentomedicinaclinica.umh.es\/#\/schema\/person\/4cce65f000b37391eb0fdba785a882b9"},"headline":"Comen\u00e7a el Concurs Jaime Merino v\u00eddeos presentaci\u00f3 dels rotatoris de la UMH","datePublished":"2016-11-15T12:32:16+00:00","dateModified":"2024-02-23T10:38:47+00:00","mainEntityOfPage":{"@id":"https:\/\/departamentomedicinaclinica.umh.es\/2016\/11\/15\/concurso-jaime-merino-videos-rotatorios-umh\/#webpage"},"wordCount":2050,"publisher":{"@id":"https:\/\/departamentomedicinaclinica.umh.es\/#organization"},"image":{"@id":"https:\/\/departamentomedicinaclinica.umh.es\/2016\/11\/15\/concurso-jaime-merino-videos-rotatorios-umh\/#primaryimage"},"thumbnailUrl":"https:\/\/departamentomedicinaclinica.umh.es\/files\/2016\/07\/Estenosis-Aortica-Rotatorio-Clinico-UMH-1.jpg","keywords":["concurso docencia v\u00eddeos Medicina","Concurso Jaime Merino","Concurso Medicina UMH","Hospitales Alicante casos cl\u00ednicos","UMH alumnos casos presentaci\u00f3n","UMH presentaciones casos cl\u00ednicos"],"articleSection":["Actualidad"],"inLanguage":"ca"},{"@type":"Person","@id":"https:\/\/departamentomedicinaclinica.umh.es\/#\/schema\/person\/4cce65f000b37391eb0fdba785a882b9","name":"garcia.natalia","image":{"@type":"ImageObject","@id":"https:\/\/departamentomedicinaclinica.umh.es\/#personlogo","inLanguage":"ca","url":"https:\/\/secure.gravatar.com\/avatar\/2f6b18e6f874050af9faeeac24349c8c?s=96&d=mm&r=g","contentUrl":"https:\/\/secure.gravatar.com\/avatar\/2f6b18e6f874050af9faeeac24349c8c?s=96&d=mm&r=g","caption":"garcia.natalia"},"url":"https:\/\/departamentomedicinaclinica.umh.es\/ca\/author\/garcia-natalia\/"}]}},"_links":{"self":[{"href":"https:\/\/departamentomedicinaclinica.umh.es\/ca\/wp-json\/wp\/v2\/posts\/14591"}],"collection":[{"href":"https:\/\/departamentomedicinaclinica.umh.es\/ca\/wp-json\/wp\/v2\/posts"}],"about":[{"href":"https:\/\/departamentomedicinaclinica.umh.es\/ca\/wp-json\/wp\/v2\/types\/post"}],"author":[{"embeddable":true,"href":"https:\/\/departamentomedicinaclinica.umh.es\/ca\/wp-json\/wp\/v2\/users\/3158"}],"replies":[{"embeddable":true,"href":"https:\/\/departamentomedicinaclinica.umh.es\/ca\/wp-json\/wp\/v2\/comments?post=14591"}],"version-history":[{"count":0,"href":"https:\/\/departamentomedicinaclinica.umh.es\/ca\/wp-json\/wp\/v2\/posts\/14591\/revisions"}],"wp:featuredmedia":[{"embeddable":true,"href":"https:\/\/departamentomedicinaclinica.umh.es\/ca\/wp-json\/wp\/v2\/media\/13660"}],"wp:attachment":[{"href":"https:\/\/departamentomedicinaclinica.umh.es\/ca\/wp-json\/wp\/v2\/media?parent=14591"}],"wp:term":[{"taxonomy":"category","embeddable":true,"href":"https:\/\/departamentomedicinaclinica.umh.es\/ca\/wp-json\/wp\/v2\/categories?post=14591"},{"taxonomy":"post_tag","embeddable":true,"href":"https:\/\/departamentomedicinaclinica.umh.es\/ca\/wp-json\/wp\/v2\/tags?post=14591"}],"curies":[{"name":"wp","href":"https:\/\/api.w.org\/{rel}","templated":true}]}}