{"id":15060,"date":"2017-05-03T12:05:35","date_gmt":"2017-05-03T10:05:35","guid":{"rendered":"http:\/\/www.departamentomedicinaclinicaumh.es\/?p=15060"},"modified":"2024-02-23T10:38:47","modified_gmt":"2024-02-23T10:38:47","slug":"premio-alberto-sols-a-ruben-frances","status":"publish","type":"post","link":"https:\/\/departamentomedicinaclinica.umh.es\/ca\/2017\/05\/03\/premio-alberto-sols-a-ruben-frances\/","title":{"rendered":"Premi Alberto Sols a Rub\u00e9n Franc\u00e9s per millor treball cient\u00edfic"},"content":{"rendered":"<p><\/p>\n<p>El passat <strong>29 d&#8217;abril<\/strong> va tenir lloc en el <strong>Teatre Cervantes de Sax<\/strong> el lliurament del <a href=\"http:\/\/www.sax.es\/areas\/cultura\/premios-alberto-sols\" target=\"_blank\" rel=\"noopener noreferrer\"><strong>Premi Alberto Sols<\/strong><\/a> a la recerca cient\u00edfica. En aquesta ocasi\u00f3 va recaure en <a href=\"https:\/\/www.umh.es\/contenido\/Estudiantes\/:persona_5269\/datos_val.html\" target=\"_blank\" rel=\"noopener noreferrer\"><strong>Rub\u00e9n Franc\u00e9s Guarin\u00f3s<\/strong><\/a>, professor de Medicina de la UMH.<\/p>\n<p><img loading=\"lazy\" class=\"aligncenter wp-image-15079\" title=\"Fotografia en el Teatre Cervantes de Sax dels guardonats en els premis Alberto Sols de ci\u00e8ncies m\u00e8diques\" src=\"https:\/\/departamentomedicinaclinica.umh.es\/files\/2017\/05\/Premiados-Gala-Alberto-Sols-Sax.jpg\" alt=\"Premiats Alberto Sols Ci\u00e8ncies M\u00e8diques Sax\" width=\"500\" height=\"375\" srcset=\"https:\/\/departamentomedicinaclinica.umh.es\/files\/2017\/05\/Premiados-Gala-Alberto-Sols-Sax.jpg 1024w, https:\/\/departamentomedicinaclinica.umh.es\/files\/2017\/05\/Premiados-Gala-Alberto-Sols-Sax-300x225.jpg 300w, https:\/\/departamentomedicinaclinica.umh.es\/files\/2017\/05\/Premiados-Gala-Alberto-Sols-Sax-768x576.jpg 768w\" sizes=\"(max-width: 500px) 100vw, 500px\" \/><\/p>\n<h2>En qu\u00e8 consisteixen el premi Alberto Sols a la recerca cient\u00edfica?<\/h2>\n<p>El cient\u00edfic saxeny <a href=\"https:\/\/www.iib.uam.es\/portal\/biografia-de-alberto-sols\" target=\"_blank\" rel=\"noopener noreferrer\">Alberto Sols <\/a> posa nom a aquests guardons que es lliuren per aquestes dates a diverses personalitats rellevants<!--more--> del m\u00f3n investigador. Els premiats s\u00f3n reconeguts per la seua <strong>traject\u00f2ria i treball cient\u00edfic<\/strong> desenvolupat. Al mateix temps, aquesta edici\u00f3 coincideix amb el <strong>centenari del seu naixement<\/strong> i fa m\u00e9s notable i emotiva la gala en la localitat alacantina.<br \/>\nEls guardonats a la millor traject\u00f2ria investigadora i al millor treball cient\u00edfic reben el seu reconeixement.<br \/>\nEn aquesta ocasi\u00f3 la <strong>XVI Convocat\u00f2ria<\/strong> va recon\u00e8ixer:<br \/>\n&nbsp;<br \/>\n<img loading=\"lazy\" class=\"aligncenter wp-image-15063 size-full\" title=\"Rub\u00e9n Franc\u00e9s professor del departament de Medicina Cl\u00ednica rep el premi Alberto Sols al millor treball de recerca\" src=\"https:\/\/departamentomedicinaclinica.umh.es\/files\/2017\/05\/Cartel-premio-Alberto-Sols-2017.jpg\" alt=\"Premi Alberto Sols Ci\u00e8ncies de la Salut p\u00f2ster\" width=\"320\" height=\"637\" srcset=\"https:\/\/departamentomedicinaclinica.umh.es\/files\/2017\/05\/Cartel-premio-Alberto-Sols-2017.jpg 320w, https:\/\/departamentomedicinaclinica.umh.es\/files\/2017\/05\/Cartel-premio-Alberto-Sols-2017-151x300.jpg 151w\" sizes=\"(max-width: 320px) 100vw, 320px\" \/><br \/>\n&nbsp;<\/p>\n<ul>\n<li>Premi a la <strong>Millor tasca investigadora,<\/strong>\u00a0que en aquesta ocasi\u00f3 va recaure en Francisco Juan Mart\u00ednez Mujica per la seua dilatada traject\u00f2ria professional.<\/li>\n<li>Premi al <strong>Millor treball cient\u00edfic per a Rub\u00e9n Franc\u00e9s Guarinos.<\/strong><\/li>\n<\/ul>\n<h2>Com es reconeix com a Premi Alberto Sols a Rub\u00e9n Franc\u00e9s, professor de la UMH?<\/h2>\n<p>El professor del <strong>departament de Medicina Cl\u00ednica de la UMH<\/strong>, <a href=\"http:\/\/www.cibersam.es\/noticias\/ruben-frances-recibe-el-premio-alberto-sols\" target=\"_blank\" rel=\"noopener noreferrer\">Rub\u00e9n Franc\u00e9s Guarin\u00f3s<\/a>, va obtenir el reconeixement pel treball cient\u00edfic titulat:<br \/>\n<strong>\u201cGenetic susceptibility to increased bacterial translocation influences the response to biological therapy in patients with Crohn\u2019s disease\u201d<\/strong><br \/>\nEl docent i investigador de la Universitat Miguel Hern\u00e1ndez ha publicat nombrosos articles cient\u00edfics aix\u00ed com revisions internacionals.<\/p>\n<h2>Quines personalitats van participar en el lliurament del Premi Alberto Sols?<\/h2>\n<p>La cerim\u00f2nia va estar presidida per:<\/p>\n<ul>\n<li>representantes de la\u00a0<a title=\"Accedeix a la web de la Universitat d'Alacant en una nova finestra\" href=\"https:\/\/www.ua.es\/va\/index.html\" target=\"_blank\" rel=\"noopener\">Universitat d&#8217;Alacant<\/a> i <a href=\"http:\/\/www.umh.es\/?lang=VAL\" target=\"_blank\" rel=\"noopener noreferrer\">Miguel Hern\u00e1ndez<\/a>,<\/li>\n<li>Representants pol\u00edtics de la Generalitat Valenciana i la Diputaci\u00f3 d&#8217;Alacant.<\/li>\n<li>L&#8217;alcalde de Sax, <strong>Jos\u00e9 Mar\u00eda Esp\u00ed<\/strong>,<\/li>\n<li><strong>Jaime Sols (fill)<\/strong>\u00a0com convidat d&#8217;honor.<\/li>\n<\/ul>\n<h2>Quin \u00e9s l&#8217;objectiu del treball premiat cient\u00edfic de Rub\u00e9n Franc\u00e9s, professor i investigador de la UMH?<\/h2>\n<p>El <strong>Premi Alberto Sols de Sax<\/strong> en la categoria de Millor treball cient\u00edfic va recaure en <a href=\"https:\/\/www.umh.es\/contenido\/Estudiantes\/:persona_5269\/datos_val.html\" target=\"_blank\" rel=\"noopener noreferrer\"><strong>Rub\u00e9n Franc\u00e9s Guarin\u00f3s<\/strong><\/a>, cap de grup del <strong>CIBEREHD<\/strong> en la Fundaci\u00f3 per a la Recerca Sanit\u00e0ria i Biom\u00e8dica de la Comunitat Valenciana (<strong>FISABIO<\/strong>).<br \/>\n<img loading=\"lazy\" class=\"aligncenter wp-image-15078\" title=\"Rub\u00e9n Franc\u00e9s Guarin\u00f3s rep el premi Alberto Sols al millor treball de recerca\" src=\"https:\/\/departamentomedicinaclinica.umh.es\/files\/2017\/05\/Ruben-Frances-recibe-el-premio-Alberto-Sols.jpg\" alt=\"Rub\u00e9n Franc\u00e9s Guarin\u00f3s Premi Alberto Sols millor treball de investigaci\u00f3\" width=\"400\" height=\"533\" srcset=\"https:\/\/departamentomedicinaclinica.umh.es\/files\/2017\/05\/Ruben-Frances-recibe-el-premio-Alberto-Sols.jpg 768w, https:\/\/departamentomedicinaclinica.umh.es\/files\/2017\/05\/Ruben-Frances-recibe-el-premio-Alberto-Sols-225x300.jpg 225w\" sizes=\"(max-width: 400px) 100vw, 400px\" \/><br \/>\nAix\u00ed mateix, el Dr. Franc\u00e9s es <strong>professor associat<\/strong> d&#8217;Immunologia en el <a href=\"http:\/\/www.departamentomedicinaclinica.edu.umh.es\/ca\/\" target=\"_blank\" rel=\"noopener noreferrer\"><strong>Dpt. de Medicina Cl\u00ednica de la Universitat Miguel Hern\u00e1ndez (UMH)<\/strong><\/a>.<br \/>\nLa seua principal l\u00ednia investigadora es basa en la <strong> immunobiologia de la translocaci\u00f3 bacteriana<\/strong> i la inflamaci\u00f3 en malalties hep\u00e0tiques. Tot a\u00e7\u00f2 sota un enfocament multidisciplinari destinat a comprendre la interacci\u00f3 entre la microbiota intestinal i el sistema immunitari. L&#8217;investigador tracta d&#8217;identificar noves dianes potencialment \u00fatils en la recuperaci\u00f3 de l&#8217;home\u00f2stasi intestinal.<br \/>\nHa de destacar-se que la <a href=\"https:\/\/medlineplus.gov\/spanish\/ency\/article\/000249.htm\" target=\"_blank\" rel=\"noopener noreferrer\"><strong> malaltia de Crohn<\/strong><\/a> \u00e9s una malaltia inflamatoria cr\u00f2nica que afecta  al tracte gastrointestinal. Els resultats de l&#8217;estudi, amb 179 pacients de l&#8217;<strong>Hospital General Universitari de Alacant<\/strong>, identificaren variacions en els <strong>gens NOD2 i ATG16L1<\/strong>. Es corresponien amb factors de risc en aquests pacients que afavoreixen la translocaci\u00f3 bacteriana. Traduint-se en el pas de bacteris o els seus productes des de la mucosa gastrointestinal a la sang.<br \/>\nSegons paraules del propi Rub\u00e9n Franc\u00e9s:<br \/>\n\u201cAmb aquest estudi hem identificat als pacients amb malaltia de Crohn m\u00e9s susceptibles de patir episodis de translocaci\u00f3 bacteriana. Tot a\u00e7\u00f2 t\u00e9 implicacions terap\u00e8utiques, ja que els pacients consumeixen de forma accelerada el seu tractament biol\u00f2gic i podrien evolucionar pitjor\u201d.<br \/>\n<img loading=\"lazy\" class=\"alignright wp-image-15065 size-full\" title=\"Algunes de les frases c\u00e8lebres de l'homenatjat en el separador de llibres que es va lliurar als presents\" src=\"https:\/\/departamentomedicinaclinica.umh.es\/files\/2017\/05\/Alberto-Sols-separador-de-libros-reverso.jpg\" alt=\"Revers separador de llibres Premi Alberto Sols\" width=\"258\" height=\"839\" srcset=\"https:\/\/departamentomedicinaclinica.umh.es\/files\/2017\/05\/Alberto-Sols-separador-de-libros-reverso.jpg 258w, https:\/\/departamentomedicinaclinica.umh.es\/files\/2017\/05\/Alberto-Sols-separador-de-libros-reverso-92x300.jpg 92w\" sizes=\"(max-width: 258px) 100vw, 258px\" \/><br \/>\n<img loading=\"lazy\" class=\"aligncenter wp-image-15064 size-full\" title=\"Als presents se'ls va fer lliurament d'un separador de llibres amb motiu del centenari d'Alberto Sols\" src=\"https:\/\/departamentomedicinaclinica.umh.es\/files\/2017\/05\/Alberto-Sols-separador-de-libros-anverso.jpg\" alt=\"Separador de llibres Premi Alberto Sols Sax\" width=\"264\" height=\"839\" srcset=\"https:\/\/departamentomedicinaclinica.umh.es\/files\/2017\/05\/Alberto-Sols-separador-de-libros-anverso.jpg 264w, https:\/\/departamentomedicinaclinica.umh.es\/files\/2017\/05\/Alberto-Sols-separador-de-libros-anverso-94x300.jpg 94w\" sizes=\"(max-width: 264px) 100vw, 264px\" \/><br \/>\n&nbsp;<br \/>\n&nbsp;<br \/>\n&nbsp;<\/p>","protected":false},"excerpt":{"rendered":"<p>Ho sentim, aquesta entrada es troba disponible \u00fanicament en Espanyol Europeu.<\/p>\n","protected":false},"author":3158,"featured_media":13592,"comment_status":"closed","ping_status":"closed","sticky":false,"template":"","format":"standard","meta":{"_links_to":"","_links_to_target":""},"categories":[964],"tags":[677503,1274226,1306253,1322381,1323789,5263],"yoast_head":"<!-- This site is optimized with the Yoast SEO plugin v17.5 - https:\/\/yoast.com\/wordpress\/plugins\/seo\/ -->\n<meta name=\"description\" content=\"El 29 d&#039;abril va tindre lloc en el Teatre Cervantes de Sax, el lliurament del Premi Alberto\u00a0Sols\u00a0al millor treball cient\u00edfic professor\u00a0UMH\u00a0Rub\u00e9n Franc\u00e9s.\" \/>\n<meta name=\"robots\" content=\"index, follow, max-snippet:-1, max-image-preview:large, max-video-preview:-1\" \/>\n<link rel=\"canonical\" href=\"https:\/\/departamentomedicinaclinica.umh.es\/ca\/2017\/05\/03\/premio-alberto-sols-a-ruben-frances\/\" \/>\n<meta property=\"og:locale\" content=\"ca_ES\" \/>\n<meta property=\"og:type\" content=\"article\" \/>\n<meta property=\"og:title\" content=\"Premi Alberto Sols a Rub\u00e9n Franc\u00e9s per millor treball cient\u00edfic - Departamento de Medicina Cl\u00ednica UMH\" \/>\n<meta property=\"og:description\" content=\"El 29 d&#039;abril va tindre lloc en el Teatre Cervantes de Sax, el lliurament del Premi Alberto\u00a0Sols\u00a0al millor treball cient\u00edfic professor\u00a0UMH\u00a0Rub\u00e9n Franc\u00e9s.\" \/>\n<meta property=\"og:url\" content=\"https:\/\/departamentomedicinaclinica.umh.es\/2017\/05\/03\/premio-alberto-sols-a-ruben-frances\/\" \/>\n<meta property=\"og:site_name\" content=\"Departamento de Medicina Cl\u00ednica UMH\" \/>\n<meta property=\"article:published_time\" content=\"2017-05-03T10:05:35+00:00\" \/>\n<meta property=\"article:modified_time\" content=\"2024-02-23T10:38:47+00:00\" \/>\n<meta property=\"og:image\" content=\"https:\/\/departamentomedicinaclinica.umh.es\/files\/2014\/11\/RubenFrances-1024x906-1.jpg\" \/>\n\t<meta property=\"og:image:width\" content=\"1024\" \/>\n\t<meta property=\"og:image:height\" content=\"906\" \/>\n<meta name=\"twitter:card\" content=\"summary_large_image\" \/>\n<meta name=\"twitter:creator\" content=\"@medicinaumh\" \/>\n<meta name=\"twitter:site\" content=\"@medicinaumh\" \/>\n<meta name=\"twitter:label1\" content=\"Written by\" \/>\n\t<meta name=\"twitter:data1\" content=\"garcia.natalia\" \/>\n\t<meta name=\"twitter:label2\" content=\"Est. reading time\" \/>\n\t<meta name=\"twitter:data2\" content=\"9 minuts\" \/>\n<script type=\"application\/ld+json\" class=\"yoast-schema-graph\">{\"@context\":\"https:\/\/schema.org\",\"@graph\":[{\"@type\":\"Organization\",\"@id\":\"https:\/\/departamentomedicinaclinica.umh.es\/#organization\",\"name\":\"Departamento Medicina Cl\\u00ednica Universidad Miguel Hern\\u00e1ndez de Elche\",\"url\":\"https:\/\/departamentomedicinaclinica.umh.es\/\",\"sameAs\":[\"https:\/\/www.youtube.com\/playlist?list=PLClKgnzRFYe6Y_i4QLNSlOwsZn0X3Klmb\",\"https:\/\/twitter.com\/medicinaumh\"],\"logo\":{\"@type\":\"ImageObject\",\"@id\":\"https:\/\/departamentomedicinaclinica.umh.es\/#logo\",\"inLanguage\":\"ca\",\"url\":\"https:\/\/departamentomedicinaclinica.umh.es\/files\/2024\/07\/meclin-vertical.png\",\"contentUrl\":\"https:\/\/departamentomedicinaclinica.umh.es\/files\/2024\/07\/meclin-vertical.png\",\"width\":1376,\"height\":1600,\"caption\":\"Departamento Medicina Cl\\u00ednica Universidad Miguel Hern\\u00e1ndez de Elche\"},\"image\":{\"@id\":\"https:\/\/departamentomedicinaclinica.umh.es\/#logo\"}},{\"@type\":\"WebSite\",\"@id\":\"https:\/\/departamentomedicinaclinica.umh.es\/#website\",\"url\":\"https:\/\/departamentomedicinaclinica.umh.es\/\",\"name\":\"Departamento de Medicina Cl\\u00ednica UMH\",\"description\":\"Otro sitio m\\u00e1s de Zeus.umh.es Blogs\",\"publisher\":{\"@id\":\"https:\/\/departamentomedicinaclinica.umh.es\/#organization\"},\"potentialAction\":[{\"@type\":\"SearchAction\",\"target\":{\"@type\":\"EntryPoint\",\"urlTemplate\":\"https:\/\/departamentomedicinaclinica.umh.es\/?s={search_term_string}\"},\"query-input\":\"required name=search_term_string\"}],\"inLanguage\":\"ca\"},{\"@type\":\"ImageObject\",\"@id\":\"https:\/\/departamentomedicinaclinica.umh.es\/2017\/05\/03\/premio-alberto-sols-a-ruben-frances\/#primaryimage\",\"inLanguage\":\"ca\",\"url\":\"https:\/\/departamentomedicinaclinica.umh.es\/files\/2014\/11\/RubenFrances-1024x906-1.jpg\",\"contentUrl\":\"https:\/\/departamentomedicinaclinica.umh.es\/files\/2014\/11\/RubenFrances-1024x906-1.jpg\",\"width\":1024,\"height\":906,\"caption\":\"Rub\\u00e9n Franc\\u00e9s Guarin\\u00f3s profesor asociado Inmunolog\\u00eda Medicina Cl\\u00ednica UMH\"},{\"@type\":\"WebPage\",\"@id\":\"https:\/\/departamentomedicinaclinica.umh.es\/2017\/05\/03\/premio-alberto-sols-a-ruben-frances\/#webpage\",\"url\":\"https:\/\/departamentomedicinaclinica.umh.es\/2017\/05\/03\/premio-alberto-sols-a-ruben-frances\/\",\"name\":\"Premi Alberto Sols a Rub\\u00e9n Franc\\u00e9s per millor treball cient\\u00edfic - Departamento de Medicina Cl\\u00ednica UMH\",\"isPartOf\":{\"@id\":\"https:\/\/departamentomedicinaclinica.umh.es\/#website\"},\"primaryImageOfPage\":{\"@id\":\"https:\/\/departamentomedicinaclinica.umh.es\/2017\/05\/03\/premio-alberto-sols-a-ruben-frances\/#primaryimage\"},\"datePublished\":\"2017-05-03T10:05:35+00:00\",\"dateModified\":\"2024-02-23T10:38:47+00:00\",\"description\":\"El 29 d'abril va tindre lloc en el Teatre Cervantes de Sax, el lliurament del Premi Alberto\\u00a0Sols\\u00a0al millor treball cient\\u00edfic professor\\u00a0UMH\\u00a0Rub\\u00e9n Franc\\u00e9s.\",\"breadcrumb\":{\"@id\":\"https:\/\/departamentomedicinaclinica.umh.es\/2017\/05\/03\/premio-alberto-sols-a-ruben-frances\/#breadcrumb\"},\"inLanguage\":\"ca\",\"potentialAction\":[{\"@type\":\"ReadAction\",\"target\":[\"https:\/\/departamentomedicinaclinica.umh.es\/2017\/05\/03\/premio-alberto-sols-a-ruben-frances\/\"]}]},{\"@type\":\"BreadcrumbList\",\"@id\":\"https:\/\/departamentomedicinaclinica.umh.es\/2017\/05\/03\/premio-alberto-sols-a-ruben-frances\/#breadcrumb\",\"itemListElement\":[{\"@type\":\"ListItem\",\"position\":1,\"name\":\"Portada\",\"item\":\"https:\/\/departamentomedicinaclinica.umh.es\/\"},{\"@type\":\"ListItem\",\"position\":2,\"name\":\"Premio Alberto Sols a Rub\\u00e9n Franc\\u00e9s por mejor trabajo cient\\u00edfico\"}]},{\"@type\":\"Article\",\"@id\":\"https:\/\/departamentomedicinaclinica.umh.es\/2017\/05\/03\/premio-alberto-sols-a-ruben-frances\/#article\",\"isPartOf\":{\"@id\":\"https:\/\/departamentomedicinaclinica.umh.es\/2017\/05\/03\/premio-alberto-sols-a-ruben-frances\/#webpage\"},\"author\":{\"@id\":\"https:\/\/departamentomedicinaclinica.umh.es\/#\/schema\/person\/4cce65f000b37391eb0fdba785a882b9\"},\"headline\":\"Premi Alberto Sols a Rub\\u00e9n Franc\\u00e9s per millor treball cient\\u00edfic\",\"datePublished\":\"2017-05-03T10:05:35+00:00\",\"dateModified\":\"2024-02-23T10:38:47+00:00\",\"mainEntityOfPage\":{\"@id\":\"https:\/\/departamentomedicinaclinica.umh.es\/2017\/05\/03\/premio-alberto-sols-a-ruben-frances\/#webpage\"},\"wordCount\":1772,\"publisher\":{\"@id\":\"https:\/\/departamentomedicinaclinica.umh.es\/#organization\"},\"image\":{\"@id\":\"https:\/\/departamentomedicinaclinica.umh.es\/2017\/05\/03\/premio-alberto-sols-a-ruben-frances\/#primaryimage\"},\"thumbnailUrl\":\"https:\/\/departamentomedicinaclinica.umh.es\/files\/2014\/11\/RubenFrances-1024x906-1.jpg\",\"keywords\":[\"Alberto Sols\",\"mejor trabajo cient\\u00edfico profesor UMH\",\"PDI UMH premios\",\"premio Rub\\u00e9n Franc\\u00e9s UMH\",\"Premios Sax\",\"Rub\\u00e9n Franc\\u00e9s\"],\"articleSection\":[\"Actualidad\"],\"inLanguage\":\"ca\"},{\"@type\":\"Person\",\"@id\":\"https:\/\/departamentomedicinaclinica.umh.es\/#\/schema\/person\/4cce65f000b37391eb0fdba785a882b9\",\"name\":\"garcia.natalia\",\"image\":{\"@type\":\"ImageObject\",\"@id\":\"https:\/\/departamentomedicinaclinica.umh.es\/#personlogo\",\"inLanguage\":\"ca\",\"url\":\"https:\/\/secure.gravatar.com\/avatar\/2f6b18e6f874050af9faeeac24349c8c?s=96&d=mm&r=g\",\"contentUrl\":\"https:\/\/secure.gravatar.com\/avatar\/2f6b18e6f874050af9faeeac24349c8c?s=96&d=mm&r=g\",\"caption\":\"garcia.natalia\"},\"url\":\"https:\/\/departamentomedicinaclinica.umh.es\/ca\/author\/garcia-natalia\/\"}]}<\/script>\n<!-- \/ Yoast SEO plugin. -->","yoast_head_json":{"description":"El 29 d'abril va tindre lloc en el Teatre Cervantes de Sax, el lliurament del Premi Alberto\u00a0Sols\u00a0al millor treball cient\u00edfic professor\u00a0UMH\u00a0Rub\u00e9n Franc\u00e9s.","robots":{"index":"index","follow":"follow","max-snippet":"max-snippet:-1","max-image-preview":"max-image-preview:large","max-video-preview":"max-video-preview:-1"},"canonical":"https:\/\/departamentomedicinaclinica.umh.es\/ca\/2017\/05\/03\/premio-alberto-sols-a-ruben-frances\/","og_locale":"ca_ES","og_type":"article","og_title":"Premi Alberto Sols a Rub\u00e9n Franc\u00e9s per millor treball cient\u00edfic - Departamento de Medicina Cl\u00ednica UMH","og_description":"El 29 d'abril va tindre lloc en el Teatre Cervantes de Sax, el lliurament del Premi Alberto\u00a0Sols\u00a0al millor treball cient\u00edfic professor\u00a0UMH\u00a0Rub\u00e9n Franc\u00e9s.","og_url":"https:\/\/departamentomedicinaclinica.umh.es\/2017\/05\/03\/premio-alberto-sols-a-ruben-frances\/","og_site_name":"Departamento de Medicina Cl\u00ednica UMH","article_published_time":"2017-05-03T10:05:35+00:00","article_modified_time":"2024-02-23T10:38:47+00:00","og_image":[{"width":1024,"height":906,"url":"https:\/\/departamentomedicinaclinica.umh.es\/files\/2014\/11\/RubenFrances-1024x906-1.jpg","type":"image\/jpeg"}],"twitter_card":"summary_large_image","twitter_creator":"@medicinaumh","twitter_site":"@medicinaumh","twitter_misc":{"Written by":"garcia.natalia","Est. reading time":"9 minuts"},"schema":{"@context":"https:\/\/schema.org","@graph":[{"@type":"Organization","@id":"https:\/\/departamentomedicinaclinica.umh.es\/#organization","name":"Departamento Medicina Cl\u00ednica Universidad Miguel Hern\u00e1ndez de Elche","url":"https:\/\/departamentomedicinaclinica.umh.es\/","sameAs":["https:\/\/www.youtube.com\/playlist?list=PLClKgnzRFYe6Y_i4QLNSlOwsZn0X3Klmb","https:\/\/twitter.com\/medicinaumh"],"logo":{"@type":"ImageObject","@id":"https:\/\/departamentomedicinaclinica.umh.es\/#logo","inLanguage":"ca","url":"https:\/\/departamentomedicinaclinica.umh.es\/files\/2024\/07\/meclin-vertical.png","contentUrl":"https:\/\/departamentomedicinaclinica.umh.es\/files\/2024\/07\/meclin-vertical.png","width":1376,"height":1600,"caption":"Departamento Medicina Cl\u00ednica Universidad Miguel Hern\u00e1ndez de Elche"},"image":{"@id":"https:\/\/departamentomedicinaclinica.umh.es\/#logo"}},{"@type":"WebSite","@id":"https:\/\/departamentomedicinaclinica.umh.es\/#website","url":"https:\/\/departamentomedicinaclinica.umh.es\/","name":"Departamento de Medicina Cl\u00ednica UMH","description":"Otro sitio m\u00e1s de Zeus.umh.es Blogs","publisher":{"@id":"https:\/\/departamentomedicinaclinica.umh.es\/#organization"},"potentialAction":[{"@type":"SearchAction","target":{"@type":"EntryPoint","urlTemplate":"https:\/\/departamentomedicinaclinica.umh.es\/?s={search_term_string}"},"query-input":"required name=search_term_string"}],"inLanguage":"ca"},{"@type":"ImageObject","@id":"https:\/\/departamentomedicinaclinica.umh.es\/2017\/05\/03\/premio-alberto-sols-a-ruben-frances\/#primaryimage","inLanguage":"ca","url":"https:\/\/departamentomedicinaclinica.umh.es\/files\/2014\/11\/RubenFrances-1024x906-1.jpg","contentUrl":"https:\/\/departamentomedicinaclinica.umh.es\/files\/2014\/11\/RubenFrances-1024x906-1.jpg","width":1024,"height":906,"caption":"Rub\u00e9n Franc\u00e9s Guarin\u00f3s profesor asociado Inmunolog\u00eda Medicina Cl\u00ednica UMH"},{"@type":"WebPage","@id":"https:\/\/departamentomedicinaclinica.umh.es\/2017\/05\/03\/premio-alberto-sols-a-ruben-frances\/#webpage","url":"https:\/\/departamentomedicinaclinica.umh.es\/2017\/05\/03\/premio-alberto-sols-a-ruben-frances\/","name":"Premi Alberto Sols a Rub\u00e9n Franc\u00e9s per millor treball cient\u00edfic - Departamento de Medicina Cl\u00ednica UMH","isPartOf":{"@id":"https:\/\/departamentomedicinaclinica.umh.es\/#website"},"primaryImageOfPage":{"@id":"https:\/\/departamentomedicinaclinica.umh.es\/2017\/05\/03\/premio-alberto-sols-a-ruben-frances\/#primaryimage"},"datePublished":"2017-05-03T10:05:35+00:00","dateModified":"2024-02-23T10:38:47+00:00","description":"El 29 d'abril va tindre lloc en el Teatre Cervantes de Sax, el lliurament del Premi Alberto\u00a0Sols\u00a0al millor treball cient\u00edfic professor\u00a0UMH\u00a0Rub\u00e9n Franc\u00e9s.","breadcrumb":{"@id":"https:\/\/departamentomedicinaclinica.umh.es\/2017\/05\/03\/premio-alberto-sols-a-ruben-frances\/#breadcrumb"},"inLanguage":"ca","potentialAction":[{"@type":"ReadAction","target":["https:\/\/departamentomedicinaclinica.umh.es\/2017\/05\/03\/premio-alberto-sols-a-ruben-frances\/"]}]},{"@type":"BreadcrumbList","@id":"https:\/\/departamentomedicinaclinica.umh.es\/2017\/05\/03\/premio-alberto-sols-a-ruben-frances\/#breadcrumb","itemListElement":[{"@type":"ListItem","position":1,"name":"Portada","item":"https:\/\/departamentomedicinaclinica.umh.es\/"},{"@type":"ListItem","position":2,"name":"Premio Alberto Sols a Rub\u00e9n Franc\u00e9s por mejor trabajo cient\u00edfico"}]},{"@type":"Article","@id":"https:\/\/departamentomedicinaclinica.umh.es\/2017\/05\/03\/premio-alberto-sols-a-ruben-frances\/#article","isPartOf":{"@id":"https:\/\/departamentomedicinaclinica.umh.es\/2017\/05\/03\/premio-alberto-sols-a-ruben-frances\/#webpage"},"author":{"@id":"https:\/\/departamentomedicinaclinica.umh.es\/#\/schema\/person\/4cce65f000b37391eb0fdba785a882b9"},"headline":"Premi Alberto Sols a Rub\u00e9n Franc\u00e9s per millor treball cient\u00edfic","datePublished":"2017-05-03T10:05:35+00:00","dateModified":"2024-02-23T10:38:47+00:00","mainEntityOfPage":{"@id":"https:\/\/departamentomedicinaclinica.umh.es\/2017\/05\/03\/premio-alberto-sols-a-ruben-frances\/#webpage"},"wordCount":1772,"publisher":{"@id":"https:\/\/departamentomedicinaclinica.umh.es\/#organization"},"image":{"@id":"https:\/\/departamentomedicinaclinica.umh.es\/2017\/05\/03\/premio-alberto-sols-a-ruben-frances\/#primaryimage"},"thumbnailUrl":"https:\/\/departamentomedicinaclinica.umh.es\/files\/2014\/11\/RubenFrances-1024x906-1.jpg","keywords":["Alberto Sols","mejor trabajo cient\u00edfico profesor UMH","PDI UMH premios","premio Rub\u00e9n Franc\u00e9s UMH","Premios Sax","Rub\u00e9n Franc\u00e9s"],"articleSection":["Actualidad"],"inLanguage":"ca"},{"@type":"Person","@id":"https:\/\/departamentomedicinaclinica.umh.es\/#\/schema\/person\/4cce65f000b37391eb0fdba785a882b9","name":"garcia.natalia","image":{"@type":"ImageObject","@id":"https:\/\/departamentomedicinaclinica.umh.es\/#personlogo","inLanguage":"ca","url":"https:\/\/secure.gravatar.com\/avatar\/2f6b18e6f874050af9faeeac24349c8c?s=96&d=mm&r=g","contentUrl":"https:\/\/secure.gravatar.com\/avatar\/2f6b18e6f874050af9faeeac24349c8c?s=96&d=mm&r=g","caption":"garcia.natalia"},"url":"https:\/\/departamentomedicinaclinica.umh.es\/ca\/author\/garcia-natalia\/"}]}},"_links":{"self":[{"href":"https:\/\/departamentomedicinaclinica.umh.es\/ca\/wp-json\/wp\/v2\/posts\/15060"}],"collection":[{"href":"https:\/\/departamentomedicinaclinica.umh.es\/ca\/wp-json\/wp\/v2\/posts"}],"about":[{"href":"https:\/\/departamentomedicinaclinica.umh.es\/ca\/wp-json\/wp\/v2\/types\/post"}],"author":[{"embeddable":true,"href":"https:\/\/departamentomedicinaclinica.umh.es\/ca\/wp-json\/wp\/v2\/users\/3158"}],"replies":[{"embeddable":true,"href":"https:\/\/departamentomedicinaclinica.umh.es\/ca\/wp-json\/wp\/v2\/comments?post=15060"}],"version-history":[{"count":0,"href":"https:\/\/departamentomedicinaclinica.umh.es\/ca\/wp-json\/wp\/v2\/posts\/15060\/revisions"}],"wp:featuredmedia":[{"embeddable":true,"href":"https:\/\/departamentomedicinaclinica.umh.es\/ca\/wp-json\/wp\/v2\/media\/13592"}],"wp:attachment":[{"href":"https:\/\/departamentomedicinaclinica.umh.es\/ca\/wp-json\/wp\/v2\/media?parent=15060"}],"wp:term":[{"taxonomy":"category","embeddable":true,"href":"https:\/\/departamentomedicinaclinica.umh.es\/ca\/wp-json\/wp\/v2\/categories?post=15060"},{"taxonomy":"post_tag","embeddable":true,"href":"https:\/\/departamentomedicinaclinica.umh.es\/ca\/wp-json\/wp\/v2\/tags?post=15060"}],"curies":[{"name":"wp","href":"https:\/\/api.w.org\/{rel}","templated":true}]}}