{"id":15187,"date":"2017-07-17T08:26:09","date_gmt":"2017-07-17T06:26:09","guid":{"rendered":"http:\/\/www.departamentomedicinaclinicaumh.es\/?p=15187"},"modified":"2024-02-23T10:38:46","modified_gmt":"2024-02-23T10:38:46","slug":"prevencion-enfermedades-infecciosas-umh-ruanda","status":"publish","type":"post","link":"https:\/\/departamentomedicinaclinica.umh.es\/ca\/2017\/07\/17\/prevencion-enfermedades-infecciosas-umh-ruanda\/","title":{"rendered":"Xarrada sobre prevenci\u00f3 malalties infeccioses amb voluntaris de la UMH per a Ruanda"},"content":{"rendered":"<p><\/p>\n<p>Prevenci\u00f3 malalties infeccioses a Rwanda\u201d va ser la xarrada organitzada des de la <a href=\"http:\/\/www.umh.es\/contenido\/pas\/:uor_9038\/datos_val.html\" target=\"_blank\" rel=\"noopener\"> C\u00e0tedra Seu UMH<\/a> i dirigida als participants en el programa de voluntariat de la Universitat Miguel Hern\u00e1ndez.<\/p>\n<p>El passat <strong>dimecres 21 de juny<\/strong> va tenir lloc la confer\u00e8ncia sobre Malalties Infeccioses.<!--more--><br \/>\n&nbsp;<\/p>\n<h3>Qui organitzen la xarrada sobre prevenci\u00f3 malalties infeccioses a Rwanda UMH?<\/h3>\n<ul>\n<li>D&#8217;una banda, <a href=\"https:\/\/www.umh.es\/contenido\/Estudiantes\/:persona_35232\/datos_en.html\" target=\"_blank\" rel=\"noopener\">F\u00e9lix Guti\u00e9rrez Rodero<\/a>. Catedr\u00e0tic del Departament de Medicina Cl\u00ednica de la UMH. Aix\u00ed com cap del Servei de Medicina Interna en l&#8217;\u00c0rea de Malalties infeccioses i Salut Internacional del <a href=\"http:\/\/www.elche.san.gva.es\" target=\"_blank\" rel=\"noopener\">Hospital General Universitari d&#8217;Elx<\/a>.<\/li>\n<\/ul>\n<p><img loading=\"lazy\" class=\"aligncenter wp-image-6602 size-full\" title=\"Felix Guti\u00e9rrez Rodero professor del Departament Medicina Cl\u00ednica UMH va intervenir en la xarrada de voluntariat a Rwanda amb els alumnes de la UMH\" src=\"https:\/\/departamentomedicinaclinica.umh.es\/files\/2015\/07\/Felix-Gutierrez-Rodero-UMH1.jpg\" alt=\"Felix Guti\u00e9rrez Rodero Medicina Cl\u00ednica UMH Prevenci\u00f3 malalties infeccioses\" width=\"555\" height=\"339\" srcset=\"https:\/\/departamentomedicinaclinica.umh.es\/files\/2015\/07\/Felix-Gutierrez-Rodero-UMH1.jpg 555w, https:\/\/departamentomedicinaclinica.umh.es\/files\/2015\/07\/Felix-Gutierrez-Rodero-UMH1-300x183.jpg 300w\" sizes=\"(max-width: 555px) 100vw, 555px\" \/><\/p>\n<ul>\n<li>D&#8217;altra banda, Rafael Pascual. Infermer del <a href=\"http:\/\/fundacionio.org\/viajar\/docs\/centros\/comunidad%20valenciana.html\" target=\"_blank\" rel=\"noopener\">Centre de Vacunaci\u00f3 Internacional de l&#8217;HGU Elx<\/a>. A m\u00e9s de responsable de la Consulta d&#8217;Assessorament als Viatgers.<\/li>\n<\/ul>\n<p>Tots dos han sigut els responsables d&#8217;impartir la xarrada durant aquestes sessions amb destinaci\u00f3 <strong><a href=\"https:\/\/ca.wikipedia.org\/wiki\/Ruanda\" target=\"_blank\" rel=\"noopener\">Rwanda<\/a><\/strong>.<br \/>\nPots <strong>llegir<\/strong><a href=\"http:\/\/www.diarioinformacion.com\/elche\/2012\/06\/10\/viajar-garantias\/1263084.html\" target=\"_blank\" rel=\"noopener\"> la not\u00edcia sobre aquesta convocat\u00f2ria en el Diari Informaci\u00f3.<\/a><br \/>\n&nbsp;<\/p>\n<h3>Quins eren els punts clau de la xarrada sobre prevenci\u00f3 malalties infeccioses a Rwanda UMH?<\/h3>\n<p>L&#8217;objectiu de la trobada era recordar als membres de la comunitat universit\u00e0ria \u00a0<strong>mesures preventives<\/strong> a adoptar per a garantir la seua salut. Aquesta jornada complementa, de forma especialitzada, la informaci\u00f3 facilitada als voluntaris. Els alumnes UMH seleccionats tenen la primera presa de contacte amb <strong>mesures preventives<\/strong> davant el nou repte. Els procediments abans, durant i despr\u00e9s de la seua estada seran claus en mat\u00e8ria sanit\u00e0ria. Tots els seleccionats que viatjaran enguany al pa\u00eds afric\u00e0 disposen, per tant, de recursos clau per a la seua estada de forma segura.<br \/>\n<img loading=\"lazy\" class=\"aligncenter wp-image-14722 size-full\" title=\"Alumnes de la UMH juntament amb Manuel P\u00e9rez Arroyo en el projecte de cooperaci\u00f3 de voluntariat anual\" src=\"https:\/\/departamentomedicinaclinica.umh.es\/files\/2016\/12\/Proyecto-de-cooperacion-Ruanda-UMH-alumnos-y-Mariano-Perez-Arroyo.jpg\" alt=\"Cooperaci\u00f3 Rwanda UMH Prevenci\u00f3 malalties infeccioses\" width=\"1000\" height=\"667\" srcset=\"https:\/\/departamentomedicinaclinica.umh.es\/files\/2016\/12\/Proyecto-de-cooperacion-Ruanda-UMH-alumnos-y-Mariano-Perez-Arroyo.jpg 1000w, https:\/\/departamentomedicinaclinica.umh.es\/files\/2016\/12\/Proyecto-de-cooperacion-Ruanda-UMH-alumnos-y-Mariano-Perez-Arroyo-300x200.jpg 300w, https:\/\/departamentomedicinaclinica.umh.es\/files\/2016\/12\/Proyecto-de-cooperacion-Ruanda-UMH-alumnos-y-Mariano-Perez-Arroyo-768x512.jpg 768w\" sizes=\"(max-width: 1000px) 100vw, 1000px\" \/><br \/>\n&nbsp;<\/p>\n<h3>Des de quan es ve realitzat el Projecte de cooperaci\u00f3 de Rwanda en la UMH?<\/h3>\n<p>Des de 2011, la UMH envia, mitjan\u00e7ant el <a href=\"http:\/\/internacional.umh.es\/\" target=\"_blank\" rel=\"noopener\">Vicerectorat de Relacions Internacionals<\/a>, a un grup de voluntaris a Rwanda. La seua principal comesa \u00e9s, no solament donar resposta a les necessitats de les estructures en les quals actua, sin\u00f3 tamb\u00e9 integrar a la comunitat universit\u00e0ria en la vida i realitat del pa\u00eds afric\u00e0.<br \/>\nLes tasques de coordinaci\u00f3 del <strong>Projecte de cooperaci\u00f3 de Rwanda<\/strong> han sigut coordinades per:<\/p>\n<ul>\n<li><a href=\"https:\/\/www.yumpu.com\/es\/document\/view\/14341058\/entrevista-al-dr-mariano-perez-arroyo-director-del\" target=\"_blank\" rel=\"noopener\"><strong>Mariano P\u00e9rez Arroyo<\/strong><\/a>, director de la C\u00e0tedra \u2018Seu UMH en Rwanda\u2019.<\/li>\n<\/ul>\n<p>Durant 2017 viatjaran <strong>3 grups de 8 voluntaris<\/strong>\u00a0<strong>al llarg de juliol, agost i setembre<\/strong>. Les estades posseeixen una durada de 4 setmanes. En elles,  els alumnes podran introduir-se en diversos \u00e0mbits del <strong>programa de cooperaci\u00f3 al desenvolupament en la UMH:<\/strong><\/p>\n<ul>\n<li>atenci\u00f3 sociosanit\u00e0ria,<\/li>\n<li>suport docent,<\/li>\n<li>formaci\u00f3 del personal<\/li>\n<\/ul>\n<p>El <a href=\"http:\/\/alumni.umh.es\/tag\/cooperacion-y-voluntariado\/\" target=\"_blank\" rel=\"noopener\">programa de cooperaci\u00f3 de la UMH en Rwanda<\/a> \u00e9s fruit de l&#8217;acci\u00f3 de les institucions en la localitat de Nemba (Rwanda). Aquesta \u00e9s ja la 7\u00aa edici\u00f3 de la convocat\u00f2ria de borses de viatge perqu\u00e8 membres de la UMH:<\/p>\n<ul>\n<li>estudiants,<\/li>\n<li>alumni,<\/li>\n<li>PDI<\/li>\n<li>PAS<\/li>\n<\/ul>\n<p>col\u00b7laboren amb la <a href=\"http:\/\/www.umh.es\/contenido\/pas\/:uor_9038\/datos_val.html\" target=\"_blank\" rel=\"noopener\">c\u00e0tedra institucional Seu UMH en Rwanda<\/a>.<br \/>\nPots ampliar informaci\u00f3 sobre\u00a0<a href=\"http:\/\/internacional.umh.es\/cooperacion-y-voluntariado\/voluntariado-en-ruanda\/\" target=\"_blank\" rel=\"noopener\">Cooperaci\u00f3 UMH en aquest enlla\u00e7<\/a><br \/>\n<img loading=\"lazy\" class=\"aligncenter wp-image-15206\" title=\"Un any m\u00e9s alumnes de la UMH accedeixen al voluntariat de cooperaci\u00f3 a Rwanda\" src=\"https:\/\/departamentomedicinaclinica.umh.es\/files\/2017\/07\/Voluntariado-Ruanda-UMH-Cartel.jpg\" alt=\"Voluntariat Rwanda UMH Cartell Prevenci\u00f3 malalties infeccioses\" width=\"500\" height=\"707\" srcset=\"https:\/\/departamentomedicinaclinica.umh.es\/files\/2017\/07\/Voluntariado-Ruanda-UMH-Cartel.jpg 1448w, https:\/\/departamentomedicinaclinica.umh.es\/files\/2017\/07\/Voluntariado-Ruanda-UMH-Cartel-212x300.jpg 212w, https:\/\/departamentomedicinaclinica.umh.es\/files\/2017\/07\/Voluntariado-Ruanda-UMH-Cartel-724x1024.jpg 724w, https:\/\/departamentomedicinaclinica.umh.es\/files\/2017\/07\/Voluntariado-Ruanda-UMH-Cartel-768x1086.jpg 768w, https:\/\/departamentomedicinaclinica.umh.es\/files\/2017\/07\/Voluntariado-Ruanda-UMH-Cartel-1086x1536.jpg 1086w\" sizes=\"(max-width: 500px) 100vw, 500px\" \/><br \/>\n&nbsp;<br \/>\n&nbsp;<\/p>","protected":false},"excerpt":{"rendered":"<p>Ho sentim, aquesta entrada es troba disponible \u00fanicament en Espanyol Europeu.<\/p>\n","protected":false},"author":3158,"featured_media":14723,"comment_status":"closed","ping_status":"closed","sticky":false,"template":"","format":"standard","meta":{"_links_to":"","_links_to_target":""},"categories":[964],"tags":[1130403,836129,1273402,1333965,4876,5299,6526,6538,6550],"yoast_head":"<!-- This site is optimized with the Yoast SEO plugin v17.5 - https:\/\/yoast.com\/wordpress\/plugins\/seo\/ -->\n<meta name=\"description\" content=\"El professor de la\u00a0UMH\u00a0F\u00e9lix\u00a0Guti\u00e9rrez\u00a0Rodero\u00a0va impartir als voluntaris de la\u00a0UMH\u00a0a Ruanda aquest estiu una xarrada sobre Prevenci\u00f3 malalties infeccioses.\" \/>\n<meta name=\"robots\" content=\"index, follow, max-snippet:-1, max-image-preview:large, max-video-preview:-1\" \/>\n<link rel=\"canonical\" href=\"https:\/\/departamentomedicinaclinica.umh.es\/ca\/2017\/07\/17\/prevencion-enfermedades-infecciosas-umh-ruanda\/\" \/>\n<meta property=\"og:locale\" content=\"ca_ES\" \/>\n<meta property=\"og:type\" content=\"article\" \/>\n<meta property=\"og:title\" content=\"Xarrada sobre prevenci\u00f3 malalties infeccioses amb voluntaris de la UMH per a Ruanda - Departamento de Medicina Cl\u00ednica UMH\" \/>\n<meta property=\"og:description\" content=\"El professor de la\u00a0UMH\u00a0F\u00e9lix\u00a0Guti\u00e9rrez\u00a0Rodero\u00a0va impartir als voluntaris de la\u00a0UMH\u00a0a Ruanda aquest estiu una xarrada sobre Prevenci\u00f3 malalties infeccioses.\" \/>\n<meta property=\"og:url\" content=\"https:\/\/departamentomedicinaclinica.umh.es\/2017\/07\/17\/prevencion-enfermedades-infecciosas-umh-ruanda\/\" \/>\n<meta property=\"og:site_name\" content=\"Departamento de Medicina Cl\u00ednica UMH\" \/>\n<meta property=\"article:published_time\" content=\"2017-07-17T06:26:09+00:00\" \/>\n<meta property=\"article:modified_time\" content=\"2024-02-23T10:38:46+00:00\" \/>\n<meta property=\"og:image\" content=\"https:\/\/departamentomedicinaclinica.umh.es\/files\/2016\/12\/Proyecto-de-cooperacion-Ruanda-UMH-1.jpg\" \/>\n\t<meta property=\"og:image:width\" content=\"1000\" \/>\n\t<meta property=\"og:image:height\" content=\"667\" \/>\n<meta name=\"twitter:card\" content=\"summary_large_image\" \/>\n<meta name=\"twitter:creator\" content=\"@medicinaumh\" \/>\n<meta name=\"twitter:site\" content=\"@medicinaumh\" \/>\n<meta name=\"twitter:label1\" content=\"Written by\" \/>\n\t<meta name=\"twitter:data1\" content=\"garcia.natalia\" \/>\n\t<meta name=\"twitter:label2\" content=\"Est. reading time\" \/>\n\t<meta name=\"twitter:data2\" content=\"7 minuts\" \/>\n<script type=\"application\/ld+json\" class=\"yoast-schema-graph\">{\"@context\":\"https:\/\/schema.org\",\"@graph\":[{\"@type\":\"Organization\",\"@id\":\"https:\/\/departamentomedicinaclinica.umh.es\/#organization\",\"name\":\"Departamento Medicina Cl\\u00ednica Universidad Miguel Hern\\u00e1ndez de Elche\",\"url\":\"https:\/\/departamentomedicinaclinica.umh.es\/\",\"sameAs\":[\"https:\/\/www.youtube.com\/playlist?list=PLClKgnzRFYe6Y_i4QLNSlOwsZn0X3Klmb\",\"https:\/\/twitter.com\/medicinaumh\"],\"logo\":{\"@type\":\"ImageObject\",\"@id\":\"https:\/\/departamentomedicinaclinica.umh.es\/#logo\",\"inLanguage\":\"ca\",\"url\":\"https:\/\/departamentomedicinaclinica.umh.es\/files\/2024\/07\/meclin-vertical.png\",\"contentUrl\":\"https:\/\/departamentomedicinaclinica.umh.es\/files\/2024\/07\/meclin-vertical.png\",\"width\":1376,\"height\":1600,\"caption\":\"Departamento Medicina Cl\\u00ednica Universidad Miguel Hern\\u00e1ndez de Elche\"},\"image\":{\"@id\":\"https:\/\/departamentomedicinaclinica.umh.es\/#logo\"}},{\"@type\":\"WebSite\",\"@id\":\"https:\/\/departamentomedicinaclinica.umh.es\/#website\",\"url\":\"https:\/\/departamentomedicinaclinica.umh.es\/\",\"name\":\"Departamento de Medicina Cl\\u00ednica UMH\",\"description\":\"Otro sitio m\\u00e1s de Zeus.umh.es Blogs\",\"publisher\":{\"@id\":\"https:\/\/departamentomedicinaclinica.umh.es\/#organization\"},\"potentialAction\":[{\"@type\":\"SearchAction\",\"target\":{\"@type\":\"EntryPoint\",\"urlTemplate\":\"https:\/\/departamentomedicinaclinica.umh.es\/?s={search_term_string}\"},\"query-input\":\"required name=search_term_string\"}],\"inLanguage\":\"ca\"},{\"@type\":\"ImageObject\",\"@id\":\"https:\/\/departamentomedicinaclinica.umh.es\/2017\/07\/17\/prevencion-enfermedades-infecciosas-umh-ruanda\/#primaryimage\",\"inLanguage\":\"ca\",\"url\":\"https:\/\/departamentomedicinaclinica.umh.es\/files\/2016\/12\/Proyecto-de-cooperacion-Ruanda-UMH-1.jpg\",\"contentUrl\":\"https:\/\/departamentomedicinaclinica.umh.es\/files\/2016\/12\/Proyecto-de-cooperacion-Ruanda-UMH-1.jpg\",\"width\":1000,\"height\":667,\"caption\":\"Proyecto de cooperaci\\u00f3n Ruanda UMH\"},{\"@type\":\"WebPage\",\"@id\":\"https:\/\/departamentomedicinaclinica.umh.es\/2017\/07\/17\/prevencion-enfermedades-infecciosas-umh-ruanda\/#webpage\",\"url\":\"https:\/\/departamentomedicinaclinica.umh.es\/2017\/07\/17\/prevencion-enfermedades-infecciosas-umh-ruanda\/\",\"name\":\"Xarrada sobre prevenci\\u00f3 malalties infeccioses amb voluntaris de la UMH per a Ruanda - Departamento de Medicina Cl\\u00ednica UMH\",\"isPartOf\":{\"@id\":\"https:\/\/departamentomedicinaclinica.umh.es\/#website\"},\"primaryImageOfPage\":{\"@id\":\"https:\/\/departamentomedicinaclinica.umh.es\/2017\/07\/17\/prevencion-enfermedades-infecciosas-umh-ruanda\/#primaryimage\"},\"datePublished\":\"2017-07-17T06:26:09+00:00\",\"dateModified\":\"2024-02-23T10:38:46+00:00\",\"description\":\"El professor de la\\u00a0UMH\\u00a0F\\u00e9lix\\u00a0Guti\\u00e9rrez\\u00a0Rodero\\u00a0va impartir als voluntaris de la\\u00a0UMH\\u00a0a Ruanda aquest estiu una xarrada sobre Prevenci\\u00f3 malalties infeccioses.\",\"breadcrumb\":{\"@id\":\"https:\/\/departamentomedicinaclinica.umh.es\/2017\/07\/17\/prevencion-enfermedades-infecciosas-umh-ruanda\/#breadcrumb\"},\"inLanguage\":\"ca\",\"potentialAction\":[{\"@type\":\"ReadAction\",\"target\":[\"https:\/\/departamentomedicinaclinica.umh.es\/2017\/07\/17\/prevencion-enfermedades-infecciosas-umh-ruanda\/\"]}]},{\"@type\":\"BreadcrumbList\",\"@id\":\"https:\/\/departamentomedicinaclinica.umh.es\/2017\/07\/17\/prevencion-enfermedades-infecciosas-umh-ruanda\/#breadcrumb\",\"itemListElement\":[{\"@type\":\"ListItem\",\"position\":1,\"name\":\"Portada\",\"item\":\"https:\/\/departamentomedicinaclinica.umh.es\/\"},{\"@type\":\"ListItem\",\"position\":2,\"name\":\"Charla sobre prevenci\\u00f3n enfermedades infecciosas con voluntarios de la UMH para Ruanda\"}]},{\"@type\":\"Article\",\"@id\":\"https:\/\/departamentomedicinaclinica.umh.es\/2017\/07\/17\/prevencion-enfermedades-infecciosas-umh-ruanda\/#article\",\"isPartOf\":{\"@id\":\"https:\/\/departamentomedicinaclinica.umh.es\/2017\/07\/17\/prevencion-enfermedades-infecciosas-umh-ruanda\/#webpage\"},\"author\":{\"@id\":\"https:\/\/departamentomedicinaclinica.umh.es\/#\/schema\/person\/4cce65f000b37391eb0fdba785a882b9\"},\"headline\":\"Xarrada sobre prevenci\\u00f3 malalties infeccioses amb voluntaris de la UMH per a Ruanda\",\"datePublished\":\"2017-07-17T06:26:09+00:00\",\"dateModified\":\"2024-02-23T10:38:46+00:00\",\"mainEntityOfPage\":{\"@id\":\"https:\/\/departamentomedicinaclinica.umh.es\/2017\/07\/17\/prevencion-enfermedades-infecciosas-umh-ruanda\/#webpage\"},\"wordCount\":1428,\"publisher\":{\"@id\":\"https:\/\/departamentomedicinaclinica.umh.es\/#organization\"},\"image\":{\"@id\":\"https:\/\/departamentomedicinaclinica.umh.es\/2017\/07\/17\/prevencion-enfermedades-infecciosas-umh-ruanda\/#primaryimage\"},\"thumbnailUrl\":\"https:\/\/departamentomedicinaclinica.umh.es\/files\/2016\/12\/Proyecto-de-cooperacion-Ruanda-UMH-1.jpg\",\"keywords\":[\"Enfermedades infecciosas UMH\",\"F\\u00e9lix Guti\\u00e9rrez Rodero\",\"medidas preventivas enfermedades \\u00c1frica\",\"profesor Infeccionsas UMH\",\"proyecto solidario UMH\",\"Rwanda UMH\",\"virus charla UMH\",\"voluntariado \\u00c1frica\",\"voluntarios UMH Ruanda\"],\"articleSection\":[\"Actualidad\"],\"inLanguage\":\"ca\"},{\"@type\":\"Person\",\"@id\":\"https:\/\/departamentomedicinaclinica.umh.es\/#\/schema\/person\/4cce65f000b37391eb0fdba785a882b9\",\"name\":\"garcia.natalia\",\"image\":{\"@type\":\"ImageObject\",\"@id\":\"https:\/\/departamentomedicinaclinica.umh.es\/#personlogo\",\"inLanguage\":\"ca\",\"url\":\"https:\/\/secure.gravatar.com\/avatar\/2f6b18e6f874050af9faeeac24349c8c?s=96&d=mm&r=g\",\"contentUrl\":\"https:\/\/secure.gravatar.com\/avatar\/2f6b18e6f874050af9faeeac24349c8c?s=96&d=mm&r=g\",\"caption\":\"garcia.natalia\"},\"url\":\"https:\/\/departamentomedicinaclinica.umh.es\/ca\/author\/garcia-natalia\/\"}]}<\/script>\n<!-- \/ Yoast SEO plugin. -->","yoast_head_json":{"description":"El professor de la\u00a0UMH\u00a0F\u00e9lix\u00a0Guti\u00e9rrez\u00a0Rodero\u00a0va impartir als voluntaris de la\u00a0UMH\u00a0a Ruanda aquest estiu una xarrada sobre Prevenci\u00f3 malalties infeccioses.","robots":{"index":"index","follow":"follow","max-snippet":"max-snippet:-1","max-image-preview":"max-image-preview:large","max-video-preview":"max-video-preview:-1"},"canonical":"https:\/\/departamentomedicinaclinica.umh.es\/ca\/2017\/07\/17\/prevencion-enfermedades-infecciosas-umh-ruanda\/","og_locale":"ca_ES","og_type":"article","og_title":"Xarrada sobre prevenci\u00f3 malalties infeccioses amb voluntaris de la UMH per a Ruanda - Departamento de Medicina Cl\u00ednica UMH","og_description":"El professor de la\u00a0UMH\u00a0F\u00e9lix\u00a0Guti\u00e9rrez\u00a0Rodero\u00a0va impartir als voluntaris de la\u00a0UMH\u00a0a Ruanda aquest estiu una xarrada sobre Prevenci\u00f3 malalties infeccioses.","og_url":"https:\/\/departamentomedicinaclinica.umh.es\/2017\/07\/17\/prevencion-enfermedades-infecciosas-umh-ruanda\/","og_site_name":"Departamento de Medicina Cl\u00ednica UMH","article_published_time":"2017-07-17T06:26:09+00:00","article_modified_time":"2024-02-23T10:38:46+00:00","og_image":[{"width":1000,"height":667,"url":"https:\/\/departamentomedicinaclinica.umh.es\/files\/2016\/12\/Proyecto-de-cooperacion-Ruanda-UMH-1.jpg","type":"image\/jpeg"}],"twitter_card":"summary_large_image","twitter_creator":"@medicinaumh","twitter_site":"@medicinaumh","twitter_misc":{"Written by":"garcia.natalia","Est. reading time":"7 minuts"},"schema":{"@context":"https:\/\/schema.org","@graph":[{"@type":"Organization","@id":"https:\/\/departamentomedicinaclinica.umh.es\/#organization","name":"Departamento Medicina Cl\u00ednica Universidad Miguel Hern\u00e1ndez de Elche","url":"https:\/\/departamentomedicinaclinica.umh.es\/","sameAs":["https:\/\/www.youtube.com\/playlist?list=PLClKgnzRFYe6Y_i4QLNSlOwsZn0X3Klmb","https:\/\/twitter.com\/medicinaumh"],"logo":{"@type":"ImageObject","@id":"https:\/\/departamentomedicinaclinica.umh.es\/#logo","inLanguage":"ca","url":"https:\/\/departamentomedicinaclinica.umh.es\/files\/2024\/07\/meclin-vertical.png","contentUrl":"https:\/\/departamentomedicinaclinica.umh.es\/files\/2024\/07\/meclin-vertical.png","width":1376,"height":1600,"caption":"Departamento Medicina Cl\u00ednica Universidad Miguel Hern\u00e1ndez de Elche"},"image":{"@id":"https:\/\/departamentomedicinaclinica.umh.es\/#logo"}},{"@type":"WebSite","@id":"https:\/\/departamentomedicinaclinica.umh.es\/#website","url":"https:\/\/departamentomedicinaclinica.umh.es\/","name":"Departamento de Medicina Cl\u00ednica UMH","description":"Otro sitio m\u00e1s de Zeus.umh.es Blogs","publisher":{"@id":"https:\/\/departamentomedicinaclinica.umh.es\/#organization"},"potentialAction":[{"@type":"SearchAction","target":{"@type":"EntryPoint","urlTemplate":"https:\/\/departamentomedicinaclinica.umh.es\/?s={search_term_string}"},"query-input":"required name=search_term_string"}],"inLanguage":"ca"},{"@type":"ImageObject","@id":"https:\/\/departamentomedicinaclinica.umh.es\/2017\/07\/17\/prevencion-enfermedades-infecciosas-umh-ruanda\/#primaryimage","inLanguage":"ca","url":"https:\/\/departamentomedicinaclinica.umh.es\/files\/2016\/12\/Proyecto-de-cooperacion-Ruanda-UMH-1.jpg","contentUrl":"https:\/\/departamentomedicinaclinica.umh.es\/files\/2016\/12\/Proyecto-de-cooperacion-Ruanda-UMH-1.jpg","width":1000,"height":667,"caption":"Proyecto de cooperaci\u00f3n Ruanda UMH"},{"@type":"WebPage","@id":"https:\/\/departamentomedicinaclinica.umh.es\/2017\/07\/17\/prevencion-enfermedades-infecciosas-umh-ruanda\/#webpage","url":"https:\/\/departamentomedicinaclinica.umh.es\/2017\/07\/17\/prevencion-enfermedades-infecciosas-umh-ruanda\/","name":"Xarrada sobre prevenci\u00f3 malalties infeccioses amb voluntaris de la UMH per a Ruanda - Departamento de Medicina Cl\u00ednica UMH","isPartOf":{"@id":"https:\/\/departamentomedicinaclinica.umh.es\/#website"},"primaryImageOfPage":{"@id":"https:\/\/departamentomedicinaclinica.umh.es\/2017\/07\/17\/prevencion-enfermedades-infecciosas-umh-ruanda\/#primaryimage"},"datePublished":"2017-07-17T06:26:09+00:00","dateModified":"2024-02-23T10:38:46+00:00","description":"El professor de la\u00a0UMH\u00a0F\u00e9lix\u00a0Guti\u00e9rrez\u00a0Rodero\u00a0va impartir als voluntaris de la\u00a0UMH\u00a0a Ruanda aquest estiu una xarrada sobre Prevenci\u00f3 malalties infeccioses.","breadcrumb":{"@id":"https:\/\/departamentomedicinaclinica.umh.es\/2017\/07\/17\/prevencion-enfermedades-infecciosas-umh-ruanda\/#breadcrumb"},"inLanguage":"ca","potentialAction":[{"@type":"ReadAction","target":["https:\/\/departamentomedicinaclinica.umh.es\/2017\/07\/17\/prevencion-enfermedades-infecciosas-umh-ruanda\/"]}]},{"@type":"BreadcrumbList","@id":"https:\/\/departamentomedicinaclinica.umh.es\/2017\/07\/17\/prevencion-enfermedades-infecciosas-umh-ruanda\/#breadcrumb","itemListElement":[{"@type":"ListItem","position":1,"name":"Portada","item":"https:\/\/departamentomedicinaclinica.umh.es\/"},{"@type":"ListItem","position":2,"name":"Charla sobre prevenci\u00f3n enfermedades infecciosas con voluntarios de la UMH para Ruanda"}]},{"@type":"Article","@id":"https:\/\/departamentomedicinaclinica.umh.es\/2017\/07\/17\/prevencion-enfermedades-infecciosas-umh-ruanda\/#article","isPartOf":{"@id":"https:\/\/departamentomedicinaclinica.umh.es\/2017\/07\/17\/prevencion-enfermedades-infecciosas-umh-ruanda\/#webpage"},"author":{"@id":"https:\/\/departamentomedicinaclinica.umh.es\/#\/schema\/person\/4cce65f000b37391eb0fdba785a882b9"},"headline":"Xarrada sobre prevenci\u00f3 malalties infeccioses amb voluntaris de la UMH per a Ruanda","datePublished":"2017-07-17T06:26:09+00:00","dateModified":"2024-02-23T10:38:46+00:00","mainEntityOfPage":{"@id":"https:\/\/departamentomedicinaclinica.umh.es\/2017\/07\/17\/prevencion-enfermedades-infecciosas-umh-ruanda\/#webpage"},"wordCount":1428,"publisher":{"@id":"https:\/\/departamentomedicinaclinica.umh.es\/#organization"},"image":{"@id":"https:\/\/departamentomedicinaclinica.umh.es\/2017\/07\/17\/prevencion-enfermedades-infecciosas-umh-ruanda\/#primaryimage"},"thumbnailUrl":"https:\/\/departamentomedicinaclinica.umh.es\/files\/2016\/12\/Proyecto-de-cooperacion-Ruanda-UMH-1.jpg","keywords":["Enfermedades infecciosas UMH","F\u00e9lix Guti\u00e9rrez Rodero","medidas preventivas enfermedades \u00c1frica","profesor Infeccionsas UMH","proyecto solidario UMH","Rwanda UMH","virus charla UMH","voluntariado \u00c1frica","voluntarios UMH Ruanda"],"articleSection":["Actualidad"],"inLanguage":"ca"},{"@type":"Person","@id":"https:\/\/departamentomedicinaclinica.umh.es\/#\/schema\/person\/4cce65f000b37391eb0fdba785a882b9","name":"garcia.natalia","image":{"@type":"ImageObject","@id":"https:\/\/departamentomedicinaclinica.umh.es\/#personlogo","inLanguage":"ca","url":"https:\/\/secure.gravatar.com\/avatar\/2f6b18e6f874050af9faeeac24349c8c?s=96&d=mm&r=g","contentUrl":"https:\/\/secure.gravatar.com\/avatar\/2f6b18e6f874050af9faeeac24349c8c?s=96&d=mm&r=g","caption":"garcia.natalia"},"url":"https:\/\/departamentomedicinaclinica.umh.es\/ca\/author\/garcia-natalia\/"}]}},"_links":{"self":[{"href":"https:\/\/departamentomedicinaclinica.umh.es\/ca\/wp-json\/wp\/v2\/posts\/15187"}],"collection":[{"href":"https:\/\/departamentomedicinaclinica.umh.es\/ca\/wp-json\/wp\/v2\/posts"}],"about":[{"href":"https:\/\/departamentomedicinaclinica.umh.es\/ca\/wp-json\/wp\/v2\/types\/post"}],"author":[{"embeddable":true,"href":"https:\/\/departamentomedicinaclinica.umh.es\/ca\/wp-json\/wp\/v2\/users\/3158"}],"replies":[{"embeddable":true,"href":"https:\/\/departamentomedicinaclinica.umh.es\/ca\/wp-json\/wp\/v2\/comments?post=15187"}],"version-history":[{"count":0,"href":"https:\/\/departamentomedicinaclinica.umh.es\/ca\/wp-json\/wp\/v2\/posts\/15187\/revisions"}],"wp:featuredmedia":[{"embeddable":true,"href":"https:\/\/departamentomedicinaclinica.umh.es\/ca\/wp-json\/wp\/v2\/media\/14723"}],"wp:attachment":[{"href":"https:\/\/departamentomedicinaclinica.umh.es\/ca\/wp-json\/wp\/v2\/media?parent=15187"}],"wp:term":[{"taxonomy":"category","embeddable":true,"href":"https:\/\/departamentomedicinaclinica.umh.es\/ca\/wp-json\/wp\/v2\/categories?post=15187"},{"taxonomy":"post_tag","embeddable":true,"href":"https:\/\/departamentomedicinaclinica.umh.es\/ca\/wp-json\/wp\/v2\/tags?post=15187"}],"curies":[{"name":"wp","href":"https:\/\/api.w.org\/{rel}","templated":true}]}}