{"id":15525,"date":"2017-12-04T09:10:55","date_gmt":"2017-12-04T08:10:55","guid":{"rendered":"http:\/\/www.departamentomedicinaclinicaumh.es\/?p=15525"},"modified":"2024-02-23T10:38:46","modified_gmt":"2024-02-23T10:38:46","slug":"becas-fundacion-rafael-bernabeu-medicina-umh","status":"publish","type":"post","link":"https:\/\/departamentomedicinaclinica.umh.es\/ca\/2017\/12\/04\/becas-fundacion-rafael-bernabeu-medicina-umh\/","title":{"rendered":"Les beques Fundaci\u00f3 Rafael Bernabeu recauen en dos estudiants de Medicina de la UMH"},"content":{"rendered":"<p><\/p>\n<p>Les beques Fundaci\u00f3 Rafael Bernabeu es van concedir el passat <strong>30 d&#8217;octubre<\/strong> a alumnes de la UMH. Estudiants del Grau de Medicina de la Universitat Miguel Hern\u00e1ndez van rebre dotacions econ\u00f2miques per part de la Fundaci\u00f3 Rafael Bernabeu Obra Social.<\/p>\n<p>&nbsp;<\/p>\n<h2>En qu\u00e8 consisteixen les Beques Fundaci\u00f3 Rafael Bernabeu <!--more-->per a estudiants de Medicina UMH?<\/h2>\n<p><img loading=\"lazy\" class=\"aligncenter wp-image-14557 size-event-post-thumb\" title=\"Alguns estudiants del grau de Medicina de la UMH han rebut una beca d'estudis en el curs 2017-18\" src=\"https:\/\/departamentomedicinaclinica.umh.es\/files\/2016\/11\/AlumnabecaMedicina.jpg\" alt=\"Estudiant UMH Beques Fundaci\u00f3 Rafael Bernabeu\" width=\"630\" height=\"300\" \/><br \/>\nFins al moment, la Fundaci\u00f3 Rafael Bernabeu ha fet lliurament de prop de 15.000 euros en concepte de beques. Han sigut sis els estudiants de grau de Medicina i Infermeria de diverses universitats:<\/p>\n<ul>\n<li>Universitat Miguel Hern\u00e1ndez<\/li>\n<li>Universitat de Salamanca,<\/li>\n<li>Universitat Rovira i Virgili<\/li>\n<li>Universitat Francisco de Vitoria i<\/li>\n<li>Universitat d&#8217;Alacant<\/li>\n<\/ul>\n<p>els afortunats durant aquest curs acad\u00e8mic. Les beques que s&#8217;han concedit estan dotades amb <strong>2.500 euros<br \/>\ncadascuna<\/strong>.\u00a0L&#8217;acte va tenir lloc en l&#8217;Auditori del <a href=\"https:\/\/www.institutobernabeu.com\/es\/\" target=\"_blank\" rel=\"noopener\">Institut Bernabeu<\/a> d&#8217;Alacant.<br \/>\n<img loading=\"lazy\" class=\"aligncenter wp-image-14820 size-full\" title=\"L'Institut Bernabeu col\u00b7labora cada any concedint beques a alumnes de la UMH\" src=\"https:\/\/departamentomedicinaclinica.umh.es\/files\/2017\/02\/Instituto-Bernabeu-logo.jpg\" alt=\"Institut Bernabeu logo Beques Fundaci\u00f3 Rafael Bernabeu\" width=\"457\" height=\"200\" srcset=\"https:\/\/departamentomedicinaclinica.umh.es\/files\/2017\/02\/Instituto-Bernabeu-logo.jpg 457w, https:\/\/departamentomedicinaclinica.umh.es\/files\/2017\/02\/Instituto-Bernabeu-logo-300x131.jpg 300w\" sizes=\"(max-width: 457px) 100vw, 457px\" \/><\/p>\n<h2>Quins eren els requisits de les Beques Fundaci\u00f3 Rafael Bernabeu per a estudiants de Medicina UMH?<\/h2>\n<p>B\u00e0sicament, els requisits que els alumnes havien de complir es resumeixen en expedients acad\u00e8mics brillants, amb notes elevades. El principal repte de la <a href=\"https:\/\/www.institutobernabeu.com\/es\/ib\/becas-de-estudio-y-formacion-del-instituto-bernabeu-y-su-fundacion-rafael-bernabeu-obra-social\/\" target=\"_blank\" rel=\"noopener\">Obra Social de l&#8217;Institut Bernabeu<\/a> \u00e9s col\u00b7laborar econ\u00f2micament en la matr\u00edcula dels estudiants i l&#8217;adquisici\u00f3 de material per al curs.<br \/>\n&nbsp;<\/p>\n<h2>Els qui s\u00f3n els afortunats de les Beques Fundaci\u00f3 Rafael Bernabeu en la UMH aquest curs?<\/h2>\n<p>Les Beques Fundaci\u00f3 Rafael Bernabeu de la UMH han correspost a:<\/p>\n<ul>\n<li><strong>Elena Mart\u00ednez<\/strong> i <strong>Asunci\u00f3n Ojeda<\/strong> estudiants del <a href=\"http:\/\/www.umh.es\/contenido\/pas\/:tit_g_132_M1\/datos_val.html\" target=\"_blank\" rel=\"noopener\">Grau en Medicina de la Universitat Miguel Hern\u00e1ndez (UMH)<\/a><\/li>\n<\/ul>\n<p>L&#8217;estudiant de 6\u00e9 de Medicina de la UMH <strong>Asunci\u00f3n Ojeda<\/strong> ha assenyalat que \u201ca\u00e7\u00f2 \u00e9s una recompensa a l&#8217;esfor\u00e7 de tots aquests anys i vaig a destinar la beca a adquirir material, que \u00e9s molt cost\u00f3s\u201d. Per la seua banda, l&#8217;alumna de 4rt curs del Grau en Medicina de la UMH <strong>Elena Mart\u00ednez<\/strong> ha explicat que \u201cabans de res \u00e9s un premi als esfor\u00e7os de traure totes les assignatures del curs per any. A\u00e7\u00f2 \u00e9s una espenta per a seguir estudiant\u201d.<br \/>\nDes de fa 4 anys la fundaci\u00f3 concedeix aquestes beques. El seu principal objectiu se centra a recolzar a estudiants de Medicina, Biologia i Infermeria de tota Espanya a continuar amb els seus estudis.<br \/>\n<img loading=\"lazy\" src=\"https:\/\/departamentomedicinaclinica.umh.es\/files\/2016\/11\/Logotipo_del_Ministerio_de_Educacion_Cultura_y_Deporte.png\" title=\"Estudiants de Medicina UMH reben beca\" alt=\"Ministeri d'Educaci\u00f3 Cultura i Sport logo Beques Fundaci\u00f3 Rafael Bernabeu\" width=\"2048\" height=\"435\" class=\"aligncenter size-full wp-image-14560\" srcset=\"https:\/\/departamentomedicinaclinica.umh.es\/files\/2016\/11\/Logotipo_del_Ministerio_de_Educacion_Cultura_y_Deporte.png 2048w, https:\/\/departamentomedicinaclinica.umh.es\/files\/2016\/11\/Logotipo_del_Ministerio_de_Educacion_Cultura_y_Deporte-300x64.png 300w, https:\/\/departamentomedicinaclinica.umh.es\/files\/2016\/11\/Logotipo_del_Ministerio_de_Educacion_Cultura_y_Deporte-1024x218.png 1024w, https:\/\/departamentomedicinaclinica.umh.es\/files\/2016\/11\/Logotipo_del_Ministerio_de_Educacion_Cultura_y_Deporte-768x163.png 768w, https:\/\/departamentomedicinaclinica.umh.es\/files\/2016\/11\/Logotipo_del_Ministerio_de_Educacion_Cultura_y_Deporte-1536x326.png 1536w\" sizes=\"(max-width: 2048px) 100vw, 2048px\" \/><br \/>\n&nbsp;<br \/>\n&nbsp;<\/p>","protected":false},"excerpt":{"rendered":"<p>Ho sentim, aquesta entrada es troba disponible \u00fanicament en Espanyol Europeu.<\/p>\n","protected":false},"author":3158,"featured_media":15860,"comment_status":"closed","ping_status":"closed","sticky":false,"template":"","format":"standard","meta":{"_links_to":"","_links_to_target":""},"categories":[964],"tags":[1029997,1030371,1032948,52084,1144122,1172090,1201314,4837],"yoast_head":"<!-- This site is optimized with the Yoast SEO plugin v17.5 - https:\/\/yoast.com\/wordpress\/plugins\/seo\/ -->\n<meta name=\"description\" content=\"Les beques Fundaci\u00f3 Rafael Bernabeu han concedit dotacions econ\u00f2miques a alumnes de Medicina\u00a0UMH. La Fundaci\u00f3 Rafael Bernabeu Obra Social.\" \/>\n<meta name=\"robots\" content=\"index, follow, max-snippet:-1, max-image-preview:large, max-video-preview:-1\" \/>\n<link rel=\"canonical\" href=\"https:\/\/departamentomedicinaclinica.umh.es\/ca\/2017\/12\/04\/becas-fundacion-rafael-bernabeu-medicina-umh\/\" \/>\n<meta property=\"og:locale\" content=\"ca_ES\" \/>\n<meta property=\"og:type\" content=\"article\" \/>\n<meta property=\"og:title\" content=\"Les beques Fundaci\u00f3 Rafael Bernabeu recauen en dos estudiants de Medicina de la UMH - Departamento de Medicina Cl\u00ednica UMH\" \/>\n<meta property=\"og:description\" content=\"Les beques Fundaci\u00f3 Rafael Bernabeu han concedit dotacions econ\u00f2miques a alumnes de Medicina\u00a0UMH. La Fundaci\u00f3 Rafael Bernabeu Obra Social.\" \/>\n<meta property=\"og:url\" content=\"https:\/\/departamentomedicinaclinica.umh.es\/2017\/12\/04\/becas-fundacion-rafael-bernabeu-medicina-umh\/\" \/>\n<meta property=\"og:site_name\" content=\"Departamento de Medicina Cl\u00ednica UMH\" \/>\n<meta property=\"article:published_time\" content=\"2017-12-04T08:10:55+00:00\" \/>\n<meta property=\"article:modified_time\" content=\"2024-02-23T10:38:46+00:00\" \/>\n<meta property=\"og:image\" content=\"https:\/\/departamentomedicinaclinica.umh.es\/files\/2017\/12\/Becas-Fundacion-Rafael-Bernabeu-2.jpg\" \/>\n\t<meta property=\"og:image:width\" content=\"563\" \/>\n\t<meta property=\"og:image:height\" content=\"339\" \/>\n<meta name=\"twitter:card\" content=\"summary_large_image\" \/>\n<meta name=\"twitter:creator\" content=\"@medicinaumh\" \/>\n<meta name=\"twitter:site\" content=\"@medicinaumh\" \/>\n<meta name=\"twitter:label1\" content=\"Written by\" \/>\n\t<meta name=\"twitter:data1\" content=\"garcia.natalia\" \/>\n\t<meta name=\"twitter:label2\" content=\"Est. reading time\" \/>\n\t<meta name=\"twitter:data2\" content=\"5 minuts\" \/>\n<script type=\"application\/ld+json\" class=\"yoast-schema-graph\">{\"@context\":\"https:\/\/schema.org\",\"@graph\":[{\"@type\":\"Organization\",\"@id\":\"https:\/\/departamentomedicinaclinica.umh.es\/#organization\",\"name\":\"Departamento Medicina Cl\\u00ednica Universidad Miguel Hern\\u00e1ndez de Elche\",\"url\":\"https:\/\/departamentomedicinaclinica.umh.es\/\",\"sameAs\":[\"https:\/\/www.youtube.com\/playlist?list=PLClKgnzRFYe6Y_i4QLNSlOwsZn0X3Klmb\",\"https:\/\/twitter.com\/medicinaumh\"],\"logo\":{\"@type\":\"ImageObject\",\"@id\":\"https:\/\/departamentomedicinaclinica.umh.es\/#logo\",\"inLanguage\":\"ca\",\"url\":\"https:\/\/departamentomedicinaclinica.umh.es\/files\/2024\/07\/meclin-vertical.png\",\"contentUrl\":\"https:\/\/departamentomedicinaclinica.umh.es\/files\/2024\/07\/meclin-vertical.png\",\"width\":1376,\"height\":1600,\"caption\":\"Departamento Medicina Cl\\u00ednica Universidad Miguel Hern\\u00e1ndez de Elche\"},\"image\":{\"@id\":\"https:\/\/departamentomedicinaclinica.umh.es\/#logo\"}},{\"@type\":\"WebSite\",\"@id\":\"https:\/\/departamentomedicinaclinica.umh.es\/#website\",\"url\":\"https:\/\/departamentomedicinaclinica.umh.es\/\",\"name\":\"Departamento de Medicina Cl\\u00ednica UMH\",\"description\":\"Otro sitio m\\u00e1s de Zeus.umh.es Blogs\",\"publisher\":{\"@id\":\"https:\/\/departamentomedicinaclinica.umh.es\/#organization\"},\"potentialAction\":[{\"@type\":\"SearchAction\",\"target\":{\"@type\":\"EntryPoint\",\"urlTemplate\":\"https:\/\/departamentomedicinaclinica.umh.es\/?s={search_term_string}\"},\"query-input\":\"required name=search_term_string\"}],\"inLanguage\":\"ca\"},{\"@type\":\"ImageObject\",\"@id\":\"https:\/\/departamentomedicinaclinica.umh.es\/2017\/12\/04\/becas-fundacion-rafael-bernabeu-medicina-umh\/#primaryimage\",\"inLanguage\":\"ca\",\"url\":\"https:\/\/departamentomedicinaclinica.umh.es\/files\/2017\/12\/Becas-Fundacion-Rafael-Bernabeu-2.jpg\",\"contentUrl\":\"https:\/\/departamentomedicinaclinica.umh.es\/files\/2017\/12\/Becas-Fundacion-Rafael-Bernabeu-2.jpg\",\"width\":563,\"height\":339,\"caption\":\"Becas Fundaci\\u00f3n Rafael Bernabeu\"},{\"@type\":\"WebPage\",\"@id\":\"https:\/\/departamentomedicinaclinica.umh.es\/2017\/12\/04\/becas-fundacion-rafael-bernabeu-medicina-umh\/#webpage\",\"url\":\"https:\/\/departamentomedicinaclinica.umh.es\/2017\/12\/04\/becas-fundacion-rafael-bernabeu-medicina-umh\/\",\"name\":\"Les beques Fundaci\\u00f3 Rafael Bernabeu recauen en dos estudiants de Medicina de la UMH - Departamento de Medicina Cl\\u00ednica UMH\",\"isPartOf\":{\"@id\":\"https:\/\/departamentomedicinaclinica.umh.es\/#website\"},\"primaryImageOfPage\":{\"@id\":\"https:\/\/departamentomedicinaclinica.umh.es\/2017\/12\/04\/becas-fundacion-rafael-bernabeu-medicina-umh\/#primaryimage\"},\"datePublished\":\"2017-12-04T08:10:55+00:00\",\"dateModified\":\"2024-02-23T10:38:46+00:00\",\"description\":\"Les beques Fundaci\\u00f3 Rafael Bernabeu han concedit dotacions econ\\u00f2miques a alumnes de Medicina\\u00a0UMH. La Fundaci\\u00f3 Rafael Bernabeu Obra Social.\",\"breadcrumb\":{\"@id\":\"https:\/\/departamentomedicinaclinica.umh.es\/2017\/12\/04\/becas-fundacion-rafael-bernabeu-medicina-umh\/#breadcrumb\"},\"inLanguage\":\"ca\",\"potentialAction\":[{\"@type\":\"ReadAction\",\"target\":[\"https:\/\/departamentomedicinaclinica.umh.es\/2017\/12\/04\/becas-fundacion-rafael-bernabeu-medicina-umh\/\"]}]},{\"@type\":\"BreadcrumbList\",\"@id\":\"https:\/\/departamentomedicinaclinica.umh.es\/2017\/12\/04\/becas-fundacion-rafael-bernabeu-medicina-umh\/#breadcrumb\",\"itemListElement\":[{\"@type\":\"ListItem\",\"position\":1,\"name\":\"Portada\",\"item\":\"https:\/\/departamentomedicinaclinica.umh.es\/\"},{\"@type\":\"ListItem\",\"position\":2,\"name\":\"Las becas Fundaci\\u00f3n Rafael Bernabeu recaen en dos estudiantes de Medicina de la UMH\"}]},{\"@type\":\"Article\",\"@id\":\"https:\/\/departamentomedicinaclinica.umh.es\/2017\/12\/04\/becas-fundacion-rafael-bernabeu-medicina-umh\/#article\",\"isPartOf\":{\"@id\":\"https:\/\/departamentomedicinaclinica.umh.es\/2017\/12\/04\/becas-fundacion-rafael-bernabeu-medicina-umh\/#webpage\"},\"author\":{\"@id\":\"https:\/\/departamentomedicinaclinica.umh.es\/#\/schema\/person\/4cce65f000b37391eb0fdba785a882b9\"},\"headline\":\"Les beques Fundaci\\u00f3 Rafael Bernabeu recauen en dos estudiants de Medicina de la UMH\",\"datePublished\":\"2017-12-04T08:10:55+00:00\",\"dateModified\":\"2024-02-23T10:38:46+00:00\",\"mainEntityOfPage\":{\"@id\":\"https:\/\/departamentomedicinaclinica.umh.es\/2017\/12\/04\/becas-fundacion-rafael-bernabeu-medicina-umh\/#webpage\"},\"wordCount\":1118,\"publisher\":{\"@id\":\"https:\/\/departamentomedicinaclinica.umh.es\/#organization\"},\"image\":{\"@id\":\"https:\/\/departamentomedicinaclinica.umh.es\/2017\/12\/04\/becas-fundacion-rafael-bernabeu-medicina-umh\/#primaryimage\"},\"thumbnailUrl\":\"https:\/\/departamentomedicinaclinica.umh.es\/files\/2017\/12\/Becas-Fundacion-Rafael-Bernabeu-2.jpg\",\"keywords\":[\"ayudas alumnos UMH\",\"ayudas estudios universitarios\",\"Becas Rafael Bernabeu\",\"becas UMH\",\"Estudios becados UMH\",\"Fundaci\\u00f3n Bernabeu Obra Social\",\"Instituto Bernabeu UMH\",\"programa becas UMH\"],\"articleSection\":[\"Actualidad\"],\"inLanguage\":\"ca\"},{\"@type\":\"Person\",\"@id\":\"https:\/\/departamentomedicinaclinica.umh.es\/#\/schema\/person\/4cce65f000b37391eb0fdba785a882b9\",\"name\":\"garcia.natalia\",\"image\":{\"@type\":\"ImageObject\",\"@id\":\"https:\/\/departamentomedicinaclinica.umh.es\/#personlogo\",\"inLanguage\":\"ca\",\"url\":\"https:\/\/secure.gravatar.com\/avatar\/2f6b18e6f874050af9faeeac24349c8c?s=96&d=mm&r=g\",\"contentUrl\":\"https:\/\/secure.gravatar.com\/avatar\/2f6b18e6f874050af9faeeac24349c8c?s=96&d=mm&r=g\",\"caption\":\"garcia.natalia\"},\"url\":\"https:\/\/departamentomedicinaclinica.umh.es\/ca\/author\/garcia-natalia\/\"}]}<\/script>\n<!-- \/ Yoast SEO plugin. -->","yoast_head_json":{"description":"Les beques Fundaci\u00f3 Rafael Bernabeu han concedit dotacions econ\u00f2miques a alumnes de Medicina\u00a0UMH. La Fundaci\u00f3 Rafael Bernabeu Obra Social.","robots":{"index":"index","follow":"follow","max-snippet":"max-snippet:-1","max-image-preview":"max-image-preview:large","max-video-preview":"max-video-preview:-1"},"canonical":"https:\/\/departamentomedicinaclinica.umh.es\/ca\/2017\/12\/04\/becas-fundacion-rafael-bernabeu-medicina-umh\/","og_locale":"ca_ES","og_type":"article","og_title":"Les beques Fundaci\u00f3 Rafael Bernabeu recauen en dos estudiants de Medicina de la UMH - Departamento de Medicina Cl\u00ednica UMH","og_description":"Les beques Fundaci\u00f3 Rafael Bernabeu han concedit dotacions econ\u00f2miques a alumnes de Medicina\u00a0UMH. La Fundaci\u00f3 Rafael Bernabeu Obra Social.","og_url":"https:\/\/departamentomedicinaclinica.umh.es\/2017\/12\/04\/becas-fundacion-rafael-bernabeu-medicina-umh\/","og_site_name":"Departamento de Medicina Cl\u00ednica UMH","article_published_time":"2017-12-04T08:10:55+00:00","article_modified_time":"2024-02-23T10:38:46+00:00","og_image":[{"width":563,"height":339,"url":"https:\/\/departamentomedicinaclinica.umh.es\/files\/2017\/12\/Becas-Fundacion-Rafael-Bernabeu-2.jpg","type":"image\/jpeg"}],"twitter_card":"summary_large_image","twitter_creator":"@medicinaumh","twitter_site":"@medicinaumh","twitter_misc":{"Written by":"garcia.natalia","Est. reading time":"5 minuts"},"schema":{"@context":"https:\/\/schema.org","@graph":[{"@type":"Organization","@id":"https:\/\/departamentomedicinaclinica.umh.es\/#organization","name":"Departamento Medicina Cl\u00ednica Universidad Miguel Hern\u00e1ndez de Elche","url":"https:\/\/departamentomedicinaclinica.umh.es\/","sameAs":["https:\/\/www.youtube.com\/playlist?list=PLClKgnzRFYe6Y_i4QLNSlOwsZn0X3Klmb","https:\/\/twitter.com\/medicinaumh"],"logo":{"@type":"ImageObject","@id":"https:\/\/departamentomedicinaclinica.umh.es\/#logo","inLanguage":"ca","url":"https:\/\/departamentomedicinaclinica.umh.es\/files\/2024\/07\/meclin-vertical.png","contentUrl":"https:\/\/departamentomedicinaclinica.umh.es\/files\/2024\/07\/meclin-vertical.png","width":1376,"height":1600,"caption":"Departamento Medicina Cl\u00ednica Universidad Miguel Hern\u00e1ndez de Elche"},"image":{"@id":"https:\/\/departamentomedicinaclinica.umh.es\/#logo"}},{"@type":"WebSite","@id":"https:\/\/departamentomedicinaclinica.umh.es\/#website","url":"https:\/\/departamentomedicinaclinica.umh.es\/","name":"Departamento de Medicina Cl\u00ednica UMH","description":"Otro sitio m\u00e1s de Zeus.umh.es Blogs","publisher":{"@id":"https:\/\/departamentomedicinaclinica.umh.es\/#organization"},"potentialAction":[{"@type":"SearchAction","target":{"@type":"EntryPoint","urlTemplate":"https:\/\/departamentomedicinaclinica.umh.es\/?s={search_term_string}"},"query-input":"required name=search_term_string"}],"inLanguage":"ca"},{"@type":"ImageObject","@id":"https:\/\/departamentomedicinaclinica.umh.es\/2017\/12\/04\/becas-fundacion-rafael-bernabeu-medicina-umh\/#primaryimage","inLanguage":"ca","url":"https:\/\/departamentomedicinaclinica.umh.es\/files\/2017\/12\/Becas-Fundacion-Rafael-Bernabeu-2.jpg","contentUrl":"https:\/\/departamentomedicinaclinica.umh.es\/files\/2017\/12\/Becas-Fundacion-Rafael-Bernabeu-2.jpg","width":563,"height":339,"caption":"Becas Fundaci\u00f3n Rafael Bernabeu"},{"@type":"WebPage","@id":"https:\/\/departamentomedicinaclinica.umh.es\/2017\/12\/04\/becas-fundacion-rafael-bernabeu-medicina-umh\/#webpage","url":"https:\/\/departamentomedicinaclinica.umh.es\/2017\/12\/04\/becas-fundacion-rafael-bernabeu-medicina-umh\/","name":"Les beques Fundaci\u00f3 Rafael Bernabeu recauen en dos estudiants de Medicina de la UMH - Departamento de Medicina Cl\u00ednica UMH","isPartOf":{"@id":"https:\/\/departamentomedicinaclinica.umh.es\/#website"},"primaryImageOfPage":{"@id":"https:\/\/departamentomedicinaclinica.umh.es\/2017\/12\/04\/becas-fundacion-rafael-bernabeu-medicina-umh\/#primaryimage"},"datePublished":"2017-12-04T08:10:55+00:00","dateModified":"2024-02-23T10:38:46+00:00","description":"Les beques Fundaci\u00f3 Rafael Bernabeu han concedit dotacions econ\u00f2miques a alumnes de Medicina\u00a0UMH. La Fundaci\u00f3 Rafael Bernabeu Obra Social.","breadcrumb":{"@id":"https:\/\/departamentomedicinaclinica.umh.es\/2017\/12\/04\/becas-fundacion-rafael-bernabeu-medicina-umh\/#breadcrumb"},"inLanguage":"ca","potentialAction":[{"@type":"ReadAction","target":["https:\/\/departamentomedicinaclinica.umh.es\/2017\/12\/04\/becas-fundacion-rafael-bernabeu-medicina-umh\/"]}]},{"@type":"BreadcrumbList","@id":"https:\/\/departamentomedicinaclinica.umh.es\/2017\/12\/04\/becas-fundacion-rafael-bernabeu-medicina-umh\/#breadcrumb","itemListElement":[{"@type":"ListItem","position":1,"name":"Portada","item":"https:\/\/departamentomedicinaclinica.umh.es\/"},{"@type":"ListItem","position":2,"name":"Las becas Fundaci\u00f3n Rafael Bernabeu recaen en dos estudiantes de Medicina de la UMH"}]},{"@type":"Article","@id":"https:\/\/departamentomedicinaclinica.umh.es\/2017\/12\/04\/becas-fundacion-rafael-bernabeu-medicina-umh\/#article","isPartOf":{"@id":"https:\/\/departamentomedicinaclinica.umh.es\/2017\/12\/04\/becas-fundacion-rafael-bernabeu-medicina-umh\/#webpage"},"author":{"@id":"https:\/\/departamentomedicinaclinica.umh.es\/#\/schema\/person\/4cce65f000b37391eb0fdba785a882b9"},"headline":"Les beques Fundaci\u00f3 Rafael Bernabeu recauen en dos estudiants de Medicina de la UMH","datePublished":"2017-12-04T08:10:55+00:00","dateModified":"2024-02-23T10:38:46+00:00","mainEntityOfPage":{"@id":"https:\/\/departamentomedicinaclinica.umh.es\/2017\/12\/04\/becas-fundacion-rafael-bernabeu-medicina-umh\/#webpage"},"wordCount":1118,"publisher":{"@id":"https:\/\/departamentomedicinaclinica.umh.es\/#organization"},"image":{"@id":"https:\/\/departamentomedicinaclinica.umh.es\/2017\/12\/04\/becas-fundacion-rafael-bernabeu-medicina-umh\/#primaryimage"},"thumbnailUrl":"https:\/\/departamentomedicinaclinica.umh.es\/files\/2017\/12\/Becas-Fundacion-Rafael-Bernabeu-2.jpg","keywords":["ayudas alumnos UMH","ayudas estudios universitarios","Becas Rafael Bernabeu","becas UMH","Estudios becados UMH","Fundaci\u00f3n Bernabeu Obra Social","Instituto Bernabeu UMH","programa becas UMH"],"articleSection":["Actualidad"],"inLanguage":"ca"},{"@type":"Person","@id":"https:\/\/departamentomedicinaclinica.umh.es\/#\/schema\/person\/4cce65f000b37391eb0fdba785a882b9","name":"garcia.natalia","image":{"@type":"ImageObject","@id":"https:\/\/departamentomedicinaclinica.umh.es\/#personlogo","inLanguage":"ca","url":"https:\/\/secure.gravatar.com\/avatar\/2f6b18e6f874050af9faeeac24349c8c?s=96&d=mm&r=g","contentUrl":"https:\/\/secure.gravatar.com\/avatar\/2f6b18e6f874050af9faeeac24349c8c?s=96&d=mm&r=g","caption":"garcia.natalia"},"url":"https:\/\/departamentomedicinaclinica.umh.es\/ca\/author\/garcia-natalia\/"}]}},"_links":{"self":[{"href":"https:\/\/departamentomedicinaclinica.umh.es\/ca\/wp-json\/wp\/v2\/posts\/15525"}],"collection":[{"href":"https:\/\/departamentomedicinaclinica.umh.es\/ca\/wp-json\/wp\/v2\/posts"}],"about":[{"href":"https:\/\/departamentomedicinaclinica.umh.es\/ca\/wp-json\/wp\/v2\/types\/post"}],"author":[{"embeddable":true,"href":"https:\/\/departamentomedicinaclinica.umh.es\/ca\/wp-json\/wp\/v2\/users\/3158"}],"replies":[{"embeddable":true,"href":"https:\/\/departamentomedicinaclinica.umh.es\/ca\/wp-json\/wp\/v2\/comments?post=15525"}],"version-history":[{"count":0,"href":"https:\/\/departamentomedicinaclinica.umh.es\/ca\/wp-json\/wp\/v2\/posts\/15525\/revisions"}],"wp:featuredmedia":[{"embeddable":true,"href":"https:\/\/departamentomedicinaclinica.umh.es\/ca\/wp-json\/wp\/v2\/media\/15860"}],"wp:attachment":[{"href":"https:\/\/departamentomedicinaclinica.umh.es\/ca\/wp-json\/wp\/v2\/media?parent=15525"}],"wp:term":[{"taxonomy":"category","embeddable":true,"href":"https:\/\/departamentomedicinaclinica.umh.es\/ca\/wp-json\/wp\/v2\/categories?post=15525"},{"taxonomy":"post_tag","embeddable":true,"href":"https:\/\/departamentomedicinaclinica.umh.es\/ca\/wp-json\/wp\/v2\/tags?post=15525"}],"curies":[{"name":"wp","href":"https:\/\/api.w.org\/{rel}","templated":true}]}}