{"id":15528,"date":"2017-11-07T12:44:56","date_gmt":"2017-11-07T11:44:56","guid":{"rendered":"http:\/\/www.departamentomedicinaclinicaumh.es\/?p=15528"},"modified":"2024-02-23T10:38:46","modified_gmt":"2024-02-23T10:38:46","slug":"ramon-durazo-modelos-predictivos-en-investigacion-clinica-umh","status":"publish","type":"post","link":"https:\/\/departamentomedicinaclinica.umh.es\/ca\/2017\/11\/07\/ramon-durazo-modelos-predictivos-en-investigacion-clinica-umh\/","title":{"rendered":"Ram\u00f3n Durazo-Arvizu imparteix el seminari Models predictius en investigaci\u00f3 cl\u00ednica en la UMH"},"content":{"rendered":"<p><\/p>\n<p>Models predictius en investigaci\u00f3 cl\u00ednica, impartit pel professor <a href=\"https:\/\/ssom.luc.edu\/public_health_sciences\/faculty-staff\/ramondurazo-arvizu\/\" target=\"_blank\" rel=\"noopener\">Ram\u00f3n Durazo-Arvizu<\/a> va ser el seminari del passat dijous <strong>2 de novembre<\/strong> en la <strong>UMH<\/strong>. A l&#8217;acte van acudir estudiants de la <a href=\"http:\/\/www.umh.es\/?lang=VAL\" target=\"_blank\" rel=\"noopener\">Universitat Miguel Hern\u00e1ndez<\/a>, aix\u00ed com altres professionals m\u00e8dics i de Ci\u00e8ncies de la Salut de la prov\u00edncia d&#8217;Alacant.<\/p>\n<p><!--more--><br \/>\n&nbsp;<br \/>\n<img loading=\"lazy\" class=\"aligncenter wp-image-15578 size-event-post-thumb\" title=\"Model predictiu d'administraci\u00f3 de insulina i glucosa al dia \" src=\"https:\/\/departamentomedicinaclinica.umh.es\/files\/2017\/11\/Glucosa-al-dia-Insulina.png\" alt=\"Glucosa al dia insulina Models predictius en investigaci\u00f3 cl\u00ednica\" width=\"630\" height=\"300\" \/><br \/>\n&nbsp;<\/p>\n<h2>Qu\u00e8 sabem del ponent Ram\u00f3n Durazo-Arvizu i la seua contribuci\u00f3 en el seminari Models predictius en investigaci\u00f3 cl\u00ednica en la UMH?<\/h2>\n<p>&nbsp;<br \/>\n<a href=\"http:\/\/comunicacion.umh.es\/files\/2017\/10\/31-10-17-seminario-programa-doctorado2.jpg\"><img loading=\"lazy\" class=\"alignleft wp-image-98936 size-full\" title=\"Ram\u00f3n Durazo-Arvizu acudeix des de la Universitat de Loyola a Chicago a un seminari sobre Models predictius en investigaci\u00f3 cl\u00ednica\" src=\"http:\/\/comunicacion.umh.es\/files\/2017\/10\/31-10-17-seminario-programa-doctorado2.jpg\" alt=\"Ram\u00f3n Durazo-Arvizu retrat\" width=\"147\" height=\"217\" \/><\/a><br \/>\n&nbsp;<a title=\"Ho veur\u00e0s en una nova finestra\" href=\"http:\/\/www.uson.mx\/noticias\/default.php?id=16564\" target=\"_blank\" rel=\"noopener\">Ram\u00f3n Durazo-Arvizu<\/a> es:<\/p>\n<ul>\n<li>professor en la <a href=\"https:\/\/www.luc.edu\/\" target=\"_blank\" rel=\"noopener\">Universitat de Loyola<\/a>, Chicago (Estats Units),<\/li>\n<li>jefe de la Divisi\u00f3n de Bioestad\u00edstica<\/li>\n<li>codirector del <a href=\"https:\/\/www.luc.edu\/education\/masters\/research-methodology\/\" target=\"_blank\" rel=\"noopener\">Programa de Mestratge en M\u00e8todes de Recerca Cl\u00ednica<\/a> en el <a href=\"https:\/\/ssom.luc.edu\/public_health_sciences\/faculty-staff\/\" target=\"_blank\" rel=\"noopener\"><strong>Departament de Ci\u00e8ncies de la Salut P\u00fablica<\/strong><\/a> en el Centre M\u00e8dic de la Universitat de Loyola.<\/li>\n<li>ha desenvolupat la seua tasca docent i investigadora en <strong>Centre del C\u00e0ncer d&#8217;Arizona en Tucson<\/strong> (EEA)<\/li>\n<li>en el programa de <strong>Mestratge en Psicologia i Administraci\u00f3 d&#8217;empreses en la Universitat de Sonora<\/strong> (Hermosillo, M\u00e8xic)<\/li>\n<li>y en el <strong>Centre de C\u00e0ncer de la Cl\u00ednica Mayo<\/strong> <strong>en Rochester<\/strong> (Minnesota, EUA).<\/li>\n<\/ul>\n<p>&nbsp;<br \/>\n<img loading=\"lazy\" class=\"aligncenter wp-image-15575 size-event-post-thumb\" title=\"Ram\u00f3n Durazo realitza la seua labor docent i investigadora en la Universitat Loyola de Chicago\" src=\"https:\/\/departamentomedicinaclinica.umh.es\/files\/2017\/11\/Loyola-University-Chicago-Modelos-Predictivos.jpg\" alt=\"Loyola University Chicago Models predictius en investigaci\u00f3 cl\u00ednica\" width=\"630\" height=\"300\" \/><br \/>\n&nbsp;<\/p>\n<h2>En qu\u00e8 consisteix el Seminari Models predictius en Investigaci\u00f3 Cl\u00ednica impartit per Ram\u00f3n Durazo-Arvizu?<\/h2>\n<p>El seminari est\u00e0 organitzat principalment per la UMH:<\/p>\n<ul>\n<li>el programa de Doctorat en Salut P\u00fablica, Ci\u00e8ncies M\u00e8diques i Quir\u00fargiques,<\/li>\n<li>en col\u00b7laboraci\u00f3 amb el Departament de Medicina Cl\u00ednica,<\/li>\n<li>el de Salut P\u00fablica, Hist\u00f2ria de la Ci\u00e8ncia i Ginecologia i el de Patologia i Cirurgia<\/li>\n<\/ul>\n<p>&nbsp;<br \/>\nEl <a href=\"http:\/\/www.departamentomedicinaclinica.edu.umh.es\/ca\/\">Departament de Medicina Cl\u00ednica de la UMH<\/a> ha organitzat el <strong>seminari<\/strong> \u201cEls models predictius en recerca cl\u00ednica\u201d. El professor de Ci\u00e8ncies de la Salut P\u00fablica del centre m\u00e8dic de la Universitat de Loyola (EUA) <strong>Ramon Durazo-Arvizu,<\/strong> aprofitant la seua estada a Espanya, va realitzar la pon\u00e8ncia el passat 2 de novembre. A partir de les <strong>17:00 hores<\/strong> va comen\u00e7ar l&#8217;acte en el <strong>Sal\u00f3 d&#8217;Actes<\/strong> de l&#8217;<strong>edifici Severo Ochoa<\/strong> del campus de Sant Joan d\u2019Alacant. El seminari sobre models predictius en recerca cl\u00ednica s&#8217;enquadra dins del programa de Doctorat en Salut P\u00fablica, Ci\u00e8ncies M\u00e8diques i Quir\u00fargiques de la UMH.<br \/>\n&nbsp;<br \/>\n<img loading=\"lazy\" class=\"aligncenter wp-image-15583 size-event-post-thumb\" title=\"Resultats de recerca i formaci\u00f3 acad\u00e8mica i cient\u00edfica en els models predictius en medicina\" src=\"https:\/\/departamentomedicinaclinica.umh.es\/files\/2017\/11\/Microscopio-investigacion-Medicina-Clinica.jpg\" alt=\"Microscopi recerca Medicina Cl\u00ednica Models predictius en investigaci\u00f3 cl\u00ednica\" width=\"630\" height=\"300\" \/><br \/>\n&nbsp;<\/p>\n<h2>A qui va dirigit el Seminari sobre Models predictius en Investigaci\u00f3 Cl\u00ednica impartit en la UMH?<\/h2>\n<p>Finalment, la jornada va dirigida principalment a alumnes del <a href=\"http:\/\/departamentomedicinaclinica.edu.umh.es\/ca\/programa-de-doctorado-en-salud-publica-ciencias-medicas-y-quirurgicas\/\">Programa de Doctorat en Salut P\u00fablica, Ci\u00e8ncies M\u00e8diques i Quir\u00fargiques<\/a> i a tots els estudiants interessats en assumptes tractats en <strong>ci\u00e8ncies de la salut<\/strong>.<\/p>\n<p style=\"text-align: center\"><a href=\"https:\/\/departamentomedicinaclinica.umh.es\/files\/2017\/11\/Cartel-seminario-Ramon-Durazo-Arvizu-UMH.pdf\">Descarrega el <strong>Cartell seminari Ram\u00f3n Durazo-Arvizu UMH<\/strong><\/a><\/p>\n<p>&nbsp;<br \/>\n<a href=\"https:\/\/departamentomedicinaclinica.umh.es\/files\/2017\/11\/Cartel-seminario-Ramon-Durazo-Arvizu-UMH.pdf\"><img loading=\"lazy\" class=\"aligncenter wp-image-15577\" title=\"Seminari UMH sobre Models Predictius en Invstigaci\u00f3 Cl\u00ednica impartit per Ram\u00f3n A. Durazo-Arvizu\" src=\"https:\/\/departamentomedicinaclinica.umh.es\/files\/2017\/11\/Cartel-Seminario-Ramon-Durazo-Arvizu-UMH.jpg\" alt=\"Cartell Seminari Ram\u00f3n Durazo Arvizu UMH Models predictius en investigaci\u00f3 cl\u00ednica\" width=\"630\" height=\"808\" srcset=\"https:\/\/departamentomedicinaclinica.umh.es\/files\/2017\/11\/Cartel-Seminario-Ramon-Durazo-Arvizu-UMH.jpg 703w, https:\/\/departamentomedicinaclinica.umh.es\/files\/2017\/11\/Cartel-Seminario-Ramon-Durazo-Arvizu-UMH-234x300.jpg 234w\" sizes=\"(max-width: 630px) 100vw, 630px\" \/><\/a><br \/>\n&nbsp;<\/p>","protected":false},"excerpt":{"rendered":"<p>Ho sentim, aquesta entrada es troba disponible \u00fanicament en Espanyol Europeu.<\/p>\n","protected":false},"author":3158,"featured_media":15581,"comment_status":"closed","ping_status":"closed","sticky":false,"template":"","format":"standard","meta":{"_links_to":"","_links_to_target":""},"categories":[964],"tags":[1053840,45764,652761,1286243,4942,5533,6259],"yoast_head":"<!-- This site is optimized with the Yoast SEO plugin v17.5 - https:\/\/yoast.com\/wordpress\/plugins\/seo\/ -->\n<meta name=\"description\" content=\"El 2 de novembre va tindre lloc a la\u00a0UMH\u00a0el seminari Models predictius en Investigaci\u00f3 Cl\u00ednica, impartit pel professor Ram\u00f3n\u00a0Durazo-Arvizu\u00a0de Chicago.\" \/>\n<meta name=\"robots\" content=\"index, follow, max-snippet:-1, max-image-preview:large, max-video-preview:-1\" \/>\n<link rel=\"canonical\" href=\"https:\/\/departamentomedicinaclinica.umh.es\/ca\/2017\/11\/07\/ramon-durazo-modelos-predictivos-en-investigacion-clinica-umh\/\" \/>\n<meta property=\"og:locale\" content=\"ca_ES\" \/>\n<meta property=\"og:type\" content=\"article\" \/>\n<meta property=\"og:title\" content=\"Ram\u00f3n Durazo-Arvizu imparteix el seminari Models predictius en investigaci\u00f3 cl\u00ednica en la UMH - Departamento de Medicina Cl\u00ednica UMH\" \/>\n<meta property=\"og:description\" content=\"El 2 de novembre va tindre lloc a la\u00a0UMH\u00a0el seminari Models predictius en Investigaci\u00f3 Cl\u00ednica, impartit pel professor Ram\u00f3n\u00a0Durazo-Arvizu\u00a0de Chicago.\" \/>\n<meta property=\"og:url\" content=\"https:\/\/departamentomedicinaclinica.umh.es\/2017\/11\/07\/ramon-durazo-modelos-predictivos-en-investigacion-clinica-umh\/\" \/>\n<meta property=\"og:site_name\" content=\"Departamento de Medicina Cl\u00ednica UMH\" \/>\n<meta property=\"article:published_time\" content=\"2017-11-07T11:44:56+00:00\" \/>\n<meta property=\"article:modified_time\" content=\"2024-02-23T10:38:46+00:00\" \/>\n<meta property=\"og:image\" content=\"https:\/\/departamentomedicinaclinica.umh.es\/files\/2017\/11\/Seminario-Modelos-Predictivos-Medicina-UMH-Ramon-Durazo-Arvizu.jpg\" \/>\n\t<meta property=\"og:image:width\" content=\"569\" \/>\n\t<meta property=\"og:image:height\" content=\"413\" \/>\n<meta name=\"twitter:card\" content=\"summary_large_image\" \/>\n<meta name=\"twitter:creator\" content=\"@medicinaumh\" \/>\n<meta name=\"twitter:site\" content=\"@medicinaumh\" \/>\n<meta name=\"twitter:label1\" content=\"Written by\" \/>\n\t<meta name=\"twitter:data1\" content=\"garcia.natalia\" \/>\n\t<meta name=\"twitter:label2\" content=\"Est. reading time\" \/>\n\t<meta name=\"twitter:data2\" content=\"6 minuts\" \/>\n<script type=\"application\/ld+json\" class=\"yoast-schema-graph\">{\"@context\":\"https:\/\/schema.org\",\"@graph\":[{\"@type\":\"Organization\",\"@id\":\"https:\/\/departamentomedicinaclinica.umh.es\/#organization\",\"name\":\"Departamento Medicina Cl\\u00ednica Universidad Miguel Hern\\u00e1ndez de Elche\",\"url\":\"https:\/\/departamentomedicinaclinica.umh.es\/\",\"sameAs\":[\"https:\/\/www.youtube.com\/playlist?list=PLClKgnzRFYe6Y_i4QLNSlOwsZn0X3Klmb\",\"https:\/\/twitter.com\/medicinaumh\"],\"logo\":{\"@type\":\"ImageObject\",\"@id\":\"https:\/\/departamentomedicinaclinica.umh.es\/#logo\",\"inLanguage\":\"ca\",\"url\":\"https:\/\/departamentomedicinaclinica.umh.es\/files\/2024\/07\/meclin-vertical.png\",\"contentUrl\":\"https:\/\/departamentomedicinaclinica.umh.es\/files\/2024\/07\/meclin-vertical.png\",\"width\":1376,\"height\":1600,\"caption\":\"Departamento Medicina Cl\\u00ednica Universidad Miguel Hern\\u00e1ndez de Elche\"},\"image\":{\"@id\":\"https:\/\/departamentomedicinaclinica.umh.es\/#logo\"}},{\"@type\":\"WebSite\",\"@id\":\"https:\/\/departamentomedicinaclinica.umh.es\/#website\",\"url\":\"https:\/\/departamentomedicinaclinica.umh.es\/\",\"name\":\"Departamento de Medicina Cl\\u00ednica UMH\",\"description\":\"Otro sitio m\\u00e1s de Zeus.umh.es Blogs\",\"publisher\":{\"@id\":\"https:\/\/departamentomedicinaclinica.umh.es\/#organization\"},\"potentialAction\":[{\"@type\":\"SearchAction\",\"target\":{\"@type\":\"EntryPoint\",\"urlTemplate\":\"https:\/\/departamentomedicinaclinica.umh.es\/?s={search_term_string}\"},\"query-input\":\"required name=search_term_string\"}],\"inLanguage\":\"ca\"},{\"@type\":\"ImageObject\",\"@id\":\"https:\/\/departamentomedicinaclinica.umh.es\/2017\/11\/07\/ramon-durazo-modelos-predictivos-en-investigacion-clinica-umh\/#primaryimage\",\"inLanguage\":\"ca\",\"url\":\"https:\/\/departamentomedicinaclinica.umh.es\/files\/2017\/11\/Seminario-Modelos-Predictivos-Medicina-UMH-Ramon-Durazo-Arvizu.jpg\",\"contentUrl\":\"https:\/\/departamentomedicinaclinica.umh.es\/files\/2017\/11\/Seminario-Modelos-Predictivos-Medicina-UMH-Ramon-Durazo-Arvizu.jpg\",\"width\":569,\"height\":413,\"caption\":\"Cartel Seminario Ramon Durazo Arvizu UMH\"},{\"@type\":\"WebPage\",\"@id\":\"https:\/\/departamentomedicinaclinica.umh.es\/2017\/11\/07\/ramon-durazo-modelos-predictivos-en-investigacion-clinica-umh\/#webpage\",\"url\":\"https:\/\/departamentomedicinaclinica.umh.es\/2017\/11\/07\/ramon-durazo-modelos-predictivos-en-investigacion-clinica-umh\/\",\"name\":\"Ram\\u00f3n Durazo-Arvizu imparteix el seminari Models predictius en investigaci\\u00f3 cl\\u00ednica en la UMH - Departamento de Medicina Cl\\u00ednica UMH\",\"isPartOf\":{\"@id\":\"https:\/\/departamentomedicinaclinica.umh.es\/#website\"},\"primaryImageOfPage\":{\"@id\":\"https:\/\/departamentomedicinaclinica.umh.es\/2017\/11\/07\/ramon-durazo-modelos-predictivos-en-investigacion-clinica-umh\/#primaryimage\"},\"datePublished\":\"2017-11-07T11:44:56+00:00\",\"dateModified\":\"2024-02-23T10:38:46+00:00\",\"description\":\"El 2 de novembre va tindre lloc a la\\u00a0UMH\\u00a0el seminari Models predictius en Investigaci\\u00f3 Cl\\u00ednica, impartit pel professor Ram\\u00f3n\\u00a0Durazo-Arvizu\\u00a0de Chicago.\",\"breadcrumb\":{\"@id\":\"https:\/\/departamentomedicinaclinica.umh.es\/2017\/11\/07\/ramon-durazo-modelos-predictivos-en-investigacion-clinica-umh\/#breadcrumb\"},\"inLanguage\":\"ca\",\"potentialAction\":[{\"@type\":\"ReadAction\",\"target\":[\"https:\/\/departamentomedicinaclinica.umh.es\/2017\/11\/07\/ramon-durazo-modelos-predictivos-en-investigacion-clinica-umh\/\"]}]},{\"@type\":\"BreadcrumbList\",\"@id\":\"https:\/\/departamentomedicinaclinica.umh.es\/2017\/11\/07\/ramon-durazo-modelos-predictivos-en-investigacion-clinica-umh\/#breadcrumb\",\"itemListElement\":[{\"@type\":\"ListItem\",\"position\":1,\"name\":\"Portada\",\"item\":\"https:\/\/departamentomedicinaclinica.umh.es\/\"},{\"@type\":\"ListItem\",\"position\":2,\"name\":\"Ram\\u00f3n Durazo-Arvizu imparte el seminario Modelos predictivos en investigaci\\u00f3n cl\\u00ednica en la UMH\"}]},{\"@type\":\"Article\",\"@id\":\"https:\/\/departamentomedicinaclinica.umh.es\/2017\/11\/07\/ramon-durazo-modelos-predictivos-en-investigacion-clinica-umh\/#article\",\"isPartOf\":{\"@id\":\"https:\/\/departamentomedicinaclinica.umh.es\/2017\/11\/07\/ramon-durazo-modelos-predictivos-en-investigacion-clinica-umh\/#webpage\"},\"author\":{\"@id\":\"https:\/\/departamentomedicinaclinica.umh.es\/#\/schema\/person\/4cce65f000b37391eb0fdba785a882b9\"},\"headline\":\"Ram\\u00f3n Durazo-Arvizu imparteix el seminari Models predictius en investigaci\\u00f3 cl\\u00ednica en la UMH\",\"datePublished\":\"2017-11-07T11:44:56+00:00\",\"dateModified\":\"2024-02-23T10:38:46+00:00\",\"mainEntityOfPage\":{\"@id\":\"https:\/\/departamentomedicinaclinica.umh.es\/2017\/11\/07\/ramon-durazo-modelos-predictivos-en-investigacion-clinica-umh\/#webpage\"},\"wordCount\":1286,\"publisher\":{\"@id\":\"https:\/\/departamentomedicinaclinica.umh.es\/#organization\"},\"image\":{\"@id\":\"https:\/\/departamentomedicinaclinica.umh.es\/2017\/11\/07\/ramon-durazo-modelos-predictivos-en-investigacion-clinica-umh\/#primaryimage\"},\"thumbnailUrl\":\"https:\/\/departamentomedicinaclinica.umh.es\/files\/2017\/11\/Seminario-Modelos-Predictivos-Medicina-UMH-Ramon-Durazo-Arvizu.jpg\",\"keywords\":[\"Charla Medicina UMH\",\"Investigaci\\u00f3n Cl\\u00ednica\",\"M\\u00e1ster Medicina UMH\",\"Modelos predictivos\",\"Ram\\u00f3n Durazo Arvizu en la UMH\",\"Seminario Medicina UMH\",\"Universidad Loyola Chicago\"],\"articleSection\":[\"Actualidad\"],\"inLanguage\":\"ca\"},{\"@type\":\"Person\",\"@id\":\"https:\/\/departamentomedicinaclinica.umh.es\/#\/schema\/person\/4cce65f000b37391eb0fdba785a882b9\",\"name\":\"garcia.natalia\",\"image\":{\"@type\":\"ImageObject\",\"@id\":\"https:\/\/departamentomedicinaclinica.umh.es\/#personlogo\",\"inLanguage\":\"ca\",\"url\":\"https:\/\/secure.gravatar.com\/avatar\/2f6b18e6f874050af9faeeac24349c8c?s=96&d=mm&r=g\",\"contentUrl\":\"https:\/\/secure.gravatar.com\/avatar\/2f6b18e6f874050af9faeeac24349c8c?s=96&d=mm&r=g\",\"caption\":\"garcia.natalia\"},\"url\":\"https:\/\/departamentomedicinaclinica.umh.es\/ca\/author\/garcia-natalia\/\"}]}<\/script>\n<!-- \/ Yoast SEO plugin. -->","yoast_head_json":{"description":"El 2 de novembre va tindre lloc a la\u00a0UMH\u00a0el seminari Models predictius en Investigaci\u00f3 Cl\u00ednica, impartit pel professor Ram\u00f3n\u00a0Durazo-Arvizu\u00a0de Chicago.","robots":{"index":"index","follow":"follow","max-snippet":"max-snippet:-1","max-image-preview":"max-image-preview:large","max-video-preview":"max-video-preview:-1"},"canonical":"https:\/\/departamentomedicinaclinica.umh.es\/ca\/2017\/11\/07\/ramon-durazo-modelos-predictivos-en-investigacion-clinica-umh\/","og_locale":"ca_ES","og_type":"article","og_title":"Ram\u00f3n Durazo-Arvizu imparteix el seminari Models predictius en investigaci\u00f3 cl\u00ednica en la UMH - Departamento de Medicina Cl\u00ednica UMH","og_description":"El 2 de novembre va tindre lloc a la\u00a0UMH\u00a0el seminari Models predictius en Investigaci\u00f3 Cl\u00ednica, impartit pel professor Ram\u00f3n\u00a0Durazo-Arvizu\u00a0de Chicago.","og_url":"https:\/\/departamentomedicinaclinica.umh.es\/2017\/11\/07\/ramon-durazo-modelos-predictivos-en-investigacion-clinica-umh\/","og_site_name":"Departamento de Medicina Cl\u00ednica UMH","article_published_time":"2017-11-07T11:44:56+00:00","article_modified_time":"2024-02-23T10:38:46+00:00","og_image":[{"width":569,"height":413,"url":"https:\/\/departamentomedicinaclinica.umh.es\/files\/2017\/11\/Seminario-Modelos-Predictivos-Medicina-UMH-Ramon-Durazo-Arvizu.jpg","type":"image\/jpeg"}],"twitter_card":"summary_large_image","twitter_creator":"@medicinaumh","twitter_site":"@medicinaumh","twitter_misc":{"Written by":"garcia.natalia","Est. reading time":"6 minuts"},"schema":{"@context":"https:\/\/schema.org","@graph":[{"@type":"Organization","@id":"https:\/\/departamentomedicinaclinica.umh.es\/#organization","name":"Departamento Medicina Cl\u00ednica Universidad Miguel Hern\u00e1ndez de Elche","url":"https:\/\/departamentomedicinaclinica.umh.es\/","sameAs":["https:\/\/www.youtube.com\/playlist?list=PLClKgnzRFYe6Y_i4QLNSlOwsZn0X3Klmb","https:\/\/twitter.com\/medicinaumh"],"logo":{"@type":"ImageObject","@id":"https:\/\/departamentomedicinaclinica.umh.es\/#logo","inLanguage":"ca","url":"https:\/\/departamentomedicinaclinica.umh.es\/files\/2024\/07\/meclin-vertical.png","contentUrl":"https:\/\/departamentomedicinaclinica.umh.es\/files\/2024\/07\/meclin-vertical.png","width":1376,"height":1600,"caption":"Departamento Medicina Cl\u00ednica Universidad Miguel Hern\u00e1ndez de Elche"},"image":{"@id":"https:\/\/departamentomedicinaclinica.umh.es\/#logo"}},{"@type":"WebSite","@id":"https:\/\/departamentomedicinaclinica.umh.es\/#website","url":"https:\/\/departamentomedicinaclinica.umh.es\/","name":"Departamento de Medicina Cl\u00ednica UMH","description":"Otro sitio m\u00e1s de Zeus.umh.es Blogs","publisher":{"@id":"https:\/\/departamentomedicinaclinica.umh.es\/#organization"},"potentialAction":[{"@type":"SearchAction","target":{"@type":"EntryPoint","urlTemplate":"https:\/\/departamentomedicinaclinica.umh.es\/?s={search_term_string}"},"query-input":"required name=search_term_string"}],"inLanguage":"ca"},{"@type":"ImageObject","@id":"https:\/\/departamentomedicinaclinica.umh.es\/2017\/11\/07\/ramon-durazo-modelos-predictivos-en-investigacion-clinica-umh\/#primaryimage","inLanguage":"ca","url":"https:\/\/departamentomedicinaclinica.umh.es\/files\/2017\/11\/Seminario-Modelos-Predictivos-Medicina-UMH-Ramon-Durazo-Arvizu.jpg","contentUrl":"https:\/\/departamentomedicinaclinica.umh.es\/files\/2017\/11\/Seminario-Modelos-Predictivos-Medicina-UMH-Ramon-Durazo-Arvizu.jpg","width":569,"height":413,"caption":"Cartel Seminario Ramon Durazo Arvizu UMH"},{"@type":"WebPage","@id":"https:\/\/departamentomedicinaclinica.umh.es\/2017\/11\/07\/ramon-durazo-modelos-predictivos-en-investigacion-clinica-umh\/#webpage","url":"https:\/\/departamentomedicinaclinica.umh.es\/2017\/11\/07\/ramon-durazo-modelos-predictivos-en-investigacion-clinica-umh\/","name":"Ram\u00f3n Durazo-Arvizu imparteix el seminari Models predictius en investigaci\u00f3 cl\u00ednica en la UMH - Departamento de Medicina Cl\u00ednica UMH","isPartOf":{"@id":"https:\/\/departamentomedicinaclinica.umh.es\/#website"},"primaryImageOfPage":{"@id":"https:\/\/departamentomedicinaclinica.umh.es\/2017\/11\/07\/ramon-durazo-modelos-predictivos-en-investigacion-clinica-umh\/#primaryimage"},"datePublished":"2017-11-07T11:44:56+00:00","dateModified":"2024-02-23T10:38:46+00:00","description":"El 2 de novembre va tindre lloc a la\u00a0UMH\u00a0el seminari Models predictius en Investigaci\u00f3 Cl\u00ednica, impartit pel professor Ram\u00f3n\u00a0Durazo-Arvizu\u00a0de Chicago.","breadcrumb":{"@id":"https:\/\/departamentomedicinaclinica.umh.es\/2017\/11\/07\/ramon-durazo-modelos-predictivos-en-investigacion-clinica-umh\/#breadcrumb"},"inLanguage":"ca","potentialAction":[{"@type":"ReadAction","target":["https:\/\/departamentomedicinaclinica.umh.es\/2017\/11\/07\/ramon-durazo-modelos-predictivos-en-investigacion-clinica-umh\/"]}]},{"@type":"BreadcrumbList","@id":"https:\/\/departamentomedicinaclinica.umh.es\/2017\/11\/07\/ramon-durazo-modelos-predictivos-en-investigacion-clinica-umh\/#breadcrumb","itemListElement":[{"@type":"ListItem","position":1,"name":"Portada","item":"https:\/\/departamentomedicinaclinica.umh.es\/"},{"@type":"ListItem","position":2,"name":"Ram\u00f3n Durazo-Arvizu imparte el seminario Modelos predictivos en investigaci\u00f3n cl\u00ednica en la UMH"}]},{"@type":"Article","@id":"https:\/\/departamentomedicinaclinica.umh.es\/2017\/11\/07\/ramon-durazo-modelos-predictivos-en-investigacion-clinica-umh\/#article","isPartOf":{"@id":"https:\/\/departamentomedicinaclinica.umh.es\/2017\/11\/07\/ramon-durazo-modelos-predictivos-en-investigacion-clinica-umh\/#webpage"},"author":{"@id":"https:\/\/departamentomedicinaclinica.umh.es\/#\/schema\/person\/4cce65f000b37391eb0fdba785a882b9"},"headline":"Ram\u00f3n Durazo-Arvizu imparteix el seminari Models predictius en investigaci\u00f3 cl\u00ednica en la UMH","datePublished":"2017-11-07T11:44:56+00:00","dateModified":"2024-02-23T10:38:46+00:00","mainEntityOfPage":{"@id":"https:\/\/departamentomedicinaclinica.umh.es\/2017\/11\/07\/ramon-durazo-modelos-predictivos-en-investigacion-clinica-umh\/#webpage"},"wordCount":1286,"publisher":{"@id":"https:\/\/departamentomedicinaclinica.umh.es\/#organization"},"image":{"@id":"https:\/\/departamentomedicinaclinica.umh.es\/2017\/11\/07\/ramon-durazo-modelos-predictivos-en-investigacion-clinica-umh\/#primaryimage"},"thumbnailUrl":"https:\/\/departamentomedicinaclinica.umh.es\/files\/2017\/11\/Seminario-Modelos-Predictivos-Medicina-UMH-Ramon-Durazo-Arvizu.jpg","keywords":["Charla Medicina UMH","Investigaci\u00f3n Cl\u00ednica","M\u00e1ster Medicina UMH","Modelos predictivos","Ram\u00f3n Durazo Arvizu en la UMH","Seminario Medicina UMH","Universidad Loyola Chicago"],"articleSection":["Actualidad"],"inLanguage":"ca"},{"@type":"Person","@id":"https:\/\/departamentomedicinaclinica.umh.es\/#\/schema\/person\/4cce65f000b37391eb0fdba785a882b9","name":"garcia.natalia","image":{"@type":"ImageObject","@id":"https:\/\/departamentomedicinaclinica.umh.es\/#personlogo","inLanguage":"ca","url":"https:\/\/secure.gravatar.com\/avatar\/2f6b18e6f874050af9faeeac24349c8c?s=96&d=mm&r=g","contentUrl":"https:\/\/secure.gravatar.com\/avatar\/2f6b18e6f874050af9faeeac24349c8c?s=96&d=mm&r=g","caption":"garcia.natalia"},"url":"https:\/\/departamentomedicinaclinica.umh.es\/ca\/author\/garcia-natalia\/"}]}},"_links":{"self":[{"href":"https:\/\/departamentomedicinaclinica.umh.es\/ca\/wp-json\/wp\/v2\/posts\/15528"}],"collection":[{"href":"https:\/\/departamentomedicinaclinica.umh.es\/ca\/wp-json\/wp\/v2\/posts"}],"about":[{"href":"https:\/\/departamentomedicinaclinica.umh.es\/ca\/wp-json\/wp\/v2\/types\/post"}],"author":[{"embeddable":true,"href":"https:\/\/departamentomedicinaclinica.umh.es\/ca\/wp-json\/wp\/v2\/users\/3158"}],"replies":[{"embeddable":true,"href":"https:\/\/departamentomedicinaclinica.umh.es\/ca\/wp-json\/wp\/v2\/comments?post=15528"}],"version-history":[{"count":0,"href":"https:\/\/departamentomedicinaclinica.umh.es\/ca\/wp-json\/wp\/v2\/posts\/15528\/revisions"}],"wp:featuredmedia":[{"embeddable":true,"href":"https:\/\/departamentomedicinaclinica.umh.es\/ca\/wp-json\/wp\/v2\/media\/15581"}],"wp:attachment":[{"href":"https:\/\/departamentomedicinaclinica.umh.es\/ca\/wp-json\/wp\/v2\/media?parent=15528"}],"wp:term":[{"taxonomy":"category","embeddable":true,"href":"https:\/\/departamentomedicinaclinica.umh.es\/ca\/wp-json\/wp\/v2\/categories?post=15528"},{"taxonomy":"post_tag","embeddable":true,"href":"https:\/\/departamentomedicinaclinica.umh.es\/ca\/wp-json\/wp\/v2\/tags?post=15528"}],"curies":[{"name":"wp","href":"https:\/\/api.w.org\/{rel}","templated":true}]}}