{"id":15885,"date":"2018-01-26T08:13:27","date_gmt":"2018-01-26T07:13:27","guid":{"rendered":"http:\/\/www.departamentomedicinaclinicaumh.es\/?p=15885"},"modified":"2024-02-23T10:38:45","modified_gmt":"2024-02-23T10:38:45","slug":"catedra-umh-sobre-epoc","status":"publish","type":"post","link":"https:\/\/departamentomedicinaclinica.umh.es\/ca\/2018\/01\/26\/catedra-umh-sobre-epoc\/","title":{"rendered":"La C\u00e0tedra UMH sobre EPOC compta amb Domingo Orozco com a secret\u00e0ri"},"content":{"rendered":"<p><\/p>\n<p>La C\u00e0tedra UMH sobre EPOC ha iniciat el seu recorregut amb la r\u00fabrica de dirigents de la <a href=\"https:\/\/www.umh.es\/?lang=VAL\" target=\"_blank\" rel=\"noopener\">Universitat Miguel Hern\u00e1ndez (UMH)<\/a>. Entre els signataris:<\/p>\n<ul>\n<li><a href=\"http:\/\/www.umh.es\/contenido\/pdi\/:persona_5535\/datos_val.html\" target=\"_blank\" rel=\"noopener\">Manuel Jord\u00e1n Vidal<\/a>, vicerector de Recerca i Innovaci\u00f3 de la Universitat Miguel Hern\u00e1ndez,<\/li>\n<li><a href=\"https:\/\/www.youtube.com\/watch?v=CCI3bVoM-Z0\" target=\"_blank\" rel=\"noopener\">Joan Heras Navarro<\/a>, director d&#8217;acc\u00e9s al mercat<!--more--> de l&#8217;empresa <a href=\"https:\/\/www.boehringer-ingelheim.es\/\" target=\"_blank\" rel=\"noopener\">Boehringer Ingelheim<\/a><\/li>\n<\/ul>\n<p>Es tracta d&#8217;una c\u00e0tedra conjunta, formativa i investigadora, de la <strong>Malaltia Pulmonar Obstructiva Cr\u00f2nica (EPOC). <\/strong>De car\u00e0cter nivell nacional i regional.<br \/>\n<img loading=\"lazy\" class=\"aligncenter wp-image-16067\" title=\"Algunes de les patologies associades i derivades de la EPOC es debaten en la C\u00e0tedra de la UMH\" src=\"https:\/\/departamentomedicinaclinica.umh.es\/files\/2017\/12\/Pulmones-EPOC.jpg\" alt=\"C\u00e0tedra UMH sobre EPOC pulmons dol\u00e8ncies\" width=\"500\" height=\"333\" srcset=\"https:\/\/departamentomedicinaclinica.umh.es\/files\/2017\/12\/Pulmones-EPOC.jpg 960w, https:\/\/departamentomedicinaclinica.umh.es\/files\/2017\/12\/Pulmones-EPOC-300x200.jpg 300w, https:\/\/departamentomedicinaclinica.umh.es\/files\/2017\/12\/Pulmones-EPOC-768x511.jpg 768w\" sizes=\"(max-width: 500px) 100vw, 500px\" \/><\/p>\n<h2>En qu\u00e8 consisteix la C\u00e0tedra UMH sobre EPOC?<\/h2>\n<p>La C\u00e0tedra UMH sobre EPOC est\u00e0 liderada per\u00a0<a href=\"https:\/\/www.umh.es\/contenido\/Investigacion\/:persona_33222\/datos_val.html\" target=\"_blank\" rel=\"noopener\">Juan Manuel Arriero Mar\u00edn<\/a>, professor del\u00a0<a href=\"http:\/\/www.departamentomedicinaclinica.edu.umh.es\/ca\/\">Departament de Medicina Cl\u00ednica de la UMH<\/a>. El prop\u00f2sit dels estudis se centren en:<\/p>\n<ul>\n<li>divulgar el coneixement de la malaltia,<\/li>\n<li>combatre s\u00f2lidament el infradiagn\u00f3stico entre metges d&#8217;Atenci\u00f3 Prim\u00e0ria i especialistes.<\/li>\n<\/ul>\n<p>L&#8217;acord de col\u00b7laboraci\u00f3 entre les dues entitats, UMH i Boehringer Ingelheim, ser\u00e0 de 3 anys i l&#8217;aportaci\u00f3 anual ascendeix a 10.000 euros.<br \/>\n<img loading=\"lazy\" class=\"aligncenter wp-image-7203\" title=\"Juan Manuel Arriero professor del Departament de Medicina Cl\u00ednica de la UMH participa en la C\u00e0tedra de EPOC de la UMH\" src=\"https:\/\/departamentomedicinaclinica.umh.es\/files\/2014\/11\/JuanManuelArriero1.jpg\" alt=\"Juan Manuel Arriero Mar\u00edn metge UMH C\u00e0tedra UMH sobre EPOC\" width=\"500\" height=\"443\" srcset=\"https:\/\/departamentomedicinaclinica.umh.es\/files\/2014\/11\/JuanManuelArriero1.jpg 1062w, https:\/\/departamentomedicinaclinica.umh.es\/files\/2014\/11\/JuanManuelArriero1-300x266.jpg 300w, https:\/\/departamentomedicinaclinica.umh.es\/files\/2014\/11\/JuanManuelArriero1-1024x906.jpg 1024w, https:\/\/departamentomedicinaclinica.umh.es\/files\/2014\/11\/JuanManuelArriero1-768x680.jpg 768w\" sizes=\"(max-width: 500px) 100vw, 500px\" \/><br \/>\nLa c\u00e0tedra de mecenatge permetr\u00e0 con\u00e8ixer la malaltia pulmonar obstructiva cr\u00f2nica (<a href=\"http:\/\/www.bbc.com\/mundo\/noticias-41997332\" target=\"_blank\" rel=\"noopener\">EPOC<\/a>) a trav\u00e9s de l&#8217;organitzaci\u00f3 d&#8217;:<\/p>\n<ul>\n<li>activitats formatives, de recerca, desenvolupament, confer\u00e8ncies, etc.<\/li>\n<\/ul>\n<p>Segons Arriero Mart\u00edn, director de la C\u00e0tedra i professor de Medicina Cl\u00ednica de la UMH: \u201ctenim previst realitzar un treball de recerca relacionat amb la qualitat de vida dels pacients amb EPOC i amb la morbimortalitat. Aquest estudi es realitzar\u00e0 a trav\u00e9s de registres estad\u00edstics nacionals, aix\u00ed com accions dirigides tant a l&#8217;\u00e0mbit de l&#8217;atenci\u00f3 prim\u00e0ria com l&#8217;especialitzada, on tots els pacients que estan infradiagnosticats es puguen detectar millor\u201d.<br \/>\nEn paraules del professor Arriero, \u201chi ha un infradiagn\u00f2stic en la EPOC entorn del 50, 60 o 70%, que \u00e9s una xifra molt alta. No obstant a\u00e7\u00f2, \u00e9s una malaltia molt f\u00e0cil de diagnosticar amb una espirometria. Aquesta prova fonamental per a detectar-la es pot realitzar a tots els nivells sanitaris. Tant en atenci\u00f3 prim\u00e0ria (AP) com en medicina especialitzada\u201d.<br \/>\nAix\u00ed mateix, Arriero ha remarcat sobre la EPOC: \u201c\u00e9s malaltia molt freq\u00fcent amb prevalen\u00e7a alta i una important morbimortalitat. Es preveu un increment en els pr\u00f2xims anys per diversos motius. D&#8217;una banda, en els pa\u00efsos desenvolupats perqu\u00e8 l&#8217;esperan\u00e7a de vida es va a perllongar. Va a haver-hi m\u00e9s pacients amb EPOC, que presenten mortalitat deguda a la malaltia. I per un altre, en els pa\u00efsos en desenvolupament perqu\u00e8 el tabaquisme est\u00e0 augmentant\u201d.<\/p>\n<h2>Qui integren la C\u00e0tedra UMH sobre EPOC?<\/h2>\n<p><img loading=\"lazy\" class=\"aligncenter wp-image-14687\" title=\"Domingo Orozco Beltr\u00e1n \u00e9s professor associat del Departament de Medicina Cl\u00ednica de la UMH i Hospital Universitari Sant Joan d'Alacant\" src=\"https:\/\/departamentomedicinaclinica.umh.es\/files\/2016\/12\/Domingo-Orozco-master-atencion-primaria.jpg\" alt=\"Domingo Orozco acc\u00e9sit Medicina de Fam\u00edlia\" width=\"500\" height=\"282\" srcset=\"https:\/\/departamentomedicinaclinica.umh.es\/files\/2016\/12\/Domingo-Orozco-master-atencion-primaria.jpg 614w, https:\/\/departamentomedicinaclinica.umh.es\/files\/2016\/12\/Domingo-Orozco-master-atencion-primaria-300x169.jpg 300w\" sizes=\"(max-width: 500px) 100vw, 500px\" \/><br \/>\nEl Consell Assessor de la C\u00e0tedra UMH sobre EPOC est\u00e0 constitu\u00eft per:<\/p>\n<ul>\n<li>Manuel Jord\u00e1n Vidal, vicerector de Recerca i Innovaci\u00f3,<\/li>\n<li><a href=\"https:\/\/universite.umh.es\/profesores\/fichaprofesor.asp?NP=5304\" target=\"_blank\" rel=\"noopener\">Domingo Orozco Beltr\u00e1n<\/a>, professor del Departament de Medicina Cl\u00ednica, com a secretari de la C\u00e0tedra<\/li>\n<li>Silvia Armengol Bertol\u00edn,\u00a0de l&#8217;empresa Boehringer Ingelheim Espa\u00f1a<\/li>\n<li><a href=\"https:\/\/www.uchceu.es\/directorio\/juan-soler2\" target=\"_blank\" rel=\"noopener\">Juan J. Soler Catalu\u00f1a<\/a>, responsable del Pla de EPOC de la Comunitat Valenciana. Cap de secci\u00f3 de Pneumologia de l&#8217;Hospital Univeristario de Sant Joan d&#8217;Alacant, i<\/li>\n<li>Eusebi Chiner Vives, coordinador de SEPAR_PACIENTS de la Societat Espanyola de Patologia Respirat\u00f2ria (SEPAR)<\/li>\n<\/ul>\n<p>En l&#8217;acte de signatura del conveni va acudir tamb\u00e9 Jos\u00e9 Javier Algues Mart\u00ednez, responsable de Relacions Institucionals de Boehringer Ingelheim,<\/p>\n<h2>Qu\u00e8 entenem hui per EPOC?<\/h2>\n<p>Actualment, la recerca en malaltia pulmonar obstructiva cr\u00f2nica es troba en auge. \u201cA pesar que ha sigut una malaltia que, en altres \u00e8poques, i probablement pel car\u00e0cter d&#8217;irreversibilitat que t\u00e9 associat, potser no s&#8217;havia investigat prou\u201d, afirma Arriero. A m\u00e9s afig, que els \u00faltims treballs sobre la EPOC \u201cvan cap a un canvi del maneig de la malaltia. Hi ha alguns pacients en els quals la malaltia no solament no progressa, sin\u00f3 que, en els quals es pot arribar a detenir i estabilitzar. Fins i tot existeix l&#8217;esperan\u00e7a que, en alguns casos, mitjan\u00e7ant determinats f\u00e0rmacs, la funci\u00f3 pulmonar deteriorada puga recuperar-se i fins i tot millorar\u201d.<br \/>\n<img loading=\"lazy\" class=\"aligncenter wp-image-16076\" title=\"El tabaquisme \u00e9s un dels factors de risc que incideixen en l'aparici\u00f3 de la EPOC\" src=\"https:\/\/departamentomedicinaclinica.umh.es\/files\/2017\/12\/Cigarrillo-fumar-EPOC-enfermedad.jpg\" alt=\"Cigarret fumar EPOC malaltia\" width=\"500\" height=\"375\" srcset=\"https:\/\/departamentomedicinaclinica.umh.es\/files\/2017\/12\/Cigarrillo-fumar-EPOC-enfermedad.jpg 640w, https:\/\/departamentomedicinaclinica.umh.es\/files\/2017\/12\/Cigarrillo-fumar-EPOC-enfermedad-300x225.jpg 300w\" sizes=\"(max-width: 500px) 100vw, 500px\" \/><br \/>\n<a href=\"https:\/\/www.boehringer-ingelheim.es\" target=\"_blank\" rel=\"noopener\"><strong>Boehringer Ingelheim<\/strong><\/a> \u00e9s un dels l\u00edders en la recerca de la EPOC. Entre les seues l\u00ednies de recerca principal se centren en els broncodilatadors anticolin\u00e8rgics. \u00c9s realment positiu que recolze aquesta classe d&#8217;iniciatives de col\u00b7laboraci\u00f3.<br \/>\n<a href=\"https:\/\/www.boehringer-ingelheim.es\" target=\"_blank\" rel=\"noopener\"><img loading=\"lazy\" class=\"aligncenter wp-image-16078\" title=\"Boehringer Ingelheim participa en la signatura del conveni de la C\u00e0tedra UMH sobre EPOC\" src=\"https:\/\/departamentomedicinaclinica.umh.es\/files\/2017\/12\/Boehringer_Ingelheim_Logo.svg_.png\" alt=\"Boehringer Ingelheim logo\" width=\"500\" height=\"166\" srcset=\"https:\/\/departamentomedicinaclinica.umh.es\/files\/2017\/12\/Boehringer_Ingelheim_Logo.svg_.png 640w, https:\/\/departamentomedicinaclinica.umh.es\/files\/2017\/12\/Boehringer_Ingelheim_Logo.svg_-300x99.png 300w\" sizes=\"(max-width: 500px) 100vw, 500px\" \/><\/a><\/p>","protected":false},"excerpt":{"rendered":"<p>Ho sentim, aquesta entrada es troba disponible \u00fanicament en Espanyol Europeu.<\/p>\n","protected":false},"author":3158,"featured_media":16069,"comment_status":"closed","ping_status":"closed","sticky":false,"template":"","format":"standard","meta":{"_links_to":"","_links_to_target":""},"categories":[964,988210],"tags":[1039226,1047062,3674,588972,1129578,1129914,419926,1204539],"yoast_head":"<!-- This site is optimized with the Yoast SEO plugin v17.5 - https:\/\/yoast.com\/wordpress\/plugins\/seo\/ -->\n<meta name=\"description\" content=\"La C\u00e0tedra UMH sobre EPOC, entre la Universitat Miguel Hern\u00e1ndez i Boehringer Ingelheim, compta amb Domingo Orozco Beltran, catedr\u00e0tic de medicina cl\u00ednica.\" \/>\n<meta name=\"robots\" content=\"index, follow, max-snippet:-1, max-image-preview:large, max-video-preview:-1\" \/>\n<link rel=\"canonical\" href=\"https:\/\/departamentomedicinaclinica.umh.es\/ca\/2018\/01\/26\/catedra-umh-sobre-epoc\/\" \/>\n<meta property=\"og:locale\" content=\"ca_ES\" \/>\n<meta property=\"og:type\" content=\"article\" \/>\n<meta property=\"og:title\" content=\"La C\u00e0tedra UMH sobre EPOC compta amb Domingo Orozco com a secret\u00e0ri - Departamento de Medicina Cl\u00ednica UMH\" \/>\n<meta property=\"og:description\" content=\"La C\u00e0tedra UMH sobre EPOC, entre la Universitat Miguel Hern\u00e1ndez i Boehringer Ingelheim, compta amb Domingo Orozco Beltran, catedr\u00e0tic de medicina cl\u00ednica.\" \/>\n<meta property=\"og:url\" content=\"https:\/\/departamentomedicinaclinica.umh.es\/2018\/01\/26\/catedra-umh-sobre-epoc\/\" \/>\n<meta property=\"og:site_name\" content=\"Departamento de Medicina Cl\u00ednica UMH\" \/>\n<meta property=\"article:published_time\" content=\"2018-01-26T07:13:27+00:00\" \/>\n<meta property=\"article:modified_time\" content=\"2024-02-23T10:38:45+00:00\" \/>\n<meta property=\"og:image\" content=\"https:\/\/departamentomedicinaclinica.umh.es\/files\/2017\/12\/Catedra-UMH-sobre-EPOC-acuerdo-Domingo-Orozco-Beltran-Medicina-Clinica-Alicante.jpg\" \/>\n\t<meta property=\"og:image:width\" content=\"2048\" \/>\n\t<meta property=\"og:image:height\" content=\"1386\" \/>\n<meta name=\"twitter:card\" content=\"summary_large_image\" \/>\n<meta name=\"twitter:creator\" content=\"@medicinaumh\" \/>\n<meta name=\"twitter:site\" content=\"@medicinaumh\" \/>\n<meta name=\"twitter:label1\" content=\"Written by\" \/>\n\t<meta name=\"twitter:data1\" content=\"garcia.natalia\" \/>\n\t<meta name=\"twitter:label2\" content=\"Est. reading time\" \/>\n\t<meta name=\"twitter:data2\" content=\"10 minuts\" \/>\n<script type=\"application\/ld+json\" class=\"yoast-schema-graph\">{\"@context\":\"https:\/\/schema.org\",\"@graph\":[{\"@type\":\"Organization\",\"@id\":\"https:\/\/departamentomedicinaclinica.umh.es\/#organization\",\"name\":\"Departamento Medicina Cl\\u00ednica Universidad Miguel Hern\\u00e1ndez de Elche\",\"url\":\"https:\/\/departamentomedicinaclinica.umh.es\/\",\"sameAs\":[\"https:\/\/www.youtube.com\/playlist?list=PLClKgnzRFYe6Y_i4QLNSlOwsZn0X3Klmb\",\"https:\/\/twitter.com\/medicinaumh\"],\"logo\":{\"@type\":\"ImageObject\",\"@id\":\"https:\/\/departamentomedicinaclinica.umh.es\/#logo\",\"inLanguage\":\"ca\",\"url\":\"https:\/\/departamentomedicinaclinica.umh.es\/files\/2024\/07\/meclin-vertical.png\",\"contentUrl\":\"https:\/\/departamentomedicinaclinica.umh.es\/files\/2024\/07\/meclin-vertical.png\",\"width\":1376,\"height\":1600,\"caption\":\"Departamento Medicina Cl\\u00ednica Universidad Miguel Hern\\u00e1ndez de Elche\"},\"image\":{\"@id\":\"https:\/\/departamentomedicinaclinica.umh.es\/#logo\"}},{\"@type\":\"WebSite\",\"@id\":\"https:\/\/departamentomedicinaclinica.umh.es\/#website\",\"url\":\"https:\/\/departamentomedicinaclinica.umh.es\/\",\"name\":\"Departamento de Medicina Cl\\u00ednica UMH\",\"description\":\"Otro sitio m\\u00e1s de Zeus.umh.es Blogs\",\"publisher\":{\"@id\":\"https:\/\/departamentomedicinaclinica.umh.es\/#organization\"},\"potentialAction\":[{\"@type\":\"SearchAction\",\"target\":{\"@type\":\"EntryPoint\",\"urlTemplate\":\"https:\/\/departamentomedicinaclinica.umh.es\/?s={search_term_string}\"},\"query-input\":\"required name=search_term_string\"}],\"inLanguage\":\"ca\"},{\"@type\":\"ImageObject\",\"@id\":\"https:\/\/departamentomedicinaclinica.umh.es\/2018\/01\/26\/catedra-umh-sobre-epoc\/#primaryimage\",\"inLanguage\":\"ca\",\"url\":\"https:\/\/departamentomedicinaclinica.umh.es\/files\/2017\/12\/Catedra-UMH-sobre-EPOC-acuerdo-Domingo-Orozco-Beltran-Medicina-Clinica-Alicante.jpg\",\"contentUrl\":\"https:\/\/departamentomedicinaclinica.umh.es\/files\/2017\/12\/Catedra-UMH-sobre-EPOC-acuerdo-Domingo-Orozco-Beltran-Medicina-Clinica-Alicante.jpg\",\"width\":2048,\"height\":1386,\"caption\":\"Catedra UMH sobre EPOC acuerdo Domingo Orozco Beltran Medicina Clinica Alicante\"},{\"@type\":\"WebPage\",\"@id\":\"https:\/\/departamentomedicinaclinica.umh.es\/2018\/01\/26\/catedra-umh-sobre-epoc\/#webpage\",\"url\":\"https:\/\/departamentomedicinaclinica.umh.es\/2018\/01\/26\/catedra-umh-sobre-epoc\/\",\"name\":\"La C\\u00e0tedra UMH sobre EPOC compta amb Domingo Orozco com a secret\\u00e0ri - Departamento de Medicina Cl\\u00ednica UMH\",\"isPartOf\":{\"@id\":\"https:\/\/departamentomedicinaclinica.umh.es\/#website\"},\"primaryImageOfPage\":{\"@id\":\"https:\/\/departamentomedicinaclinica.umh.es\/2018\/01\/26\/catedra-umh-sobre-epoc\/#primaryimage\"},\"datePublished\":\"2018-01-26T07:13:27+00:00\",\"dateModified\":\"2024-02-23T10:38:45+00:00\",\"description\":\"La C\\u00e0tedra UMH sobre EPOC, entre la Universitat Miguel Hern\\u00e1ndez i Boehringer Ingelheim, compta amb Domingo Orozco Beltran, catedr\\u00e0tic de medicina cl\\u00ednica.\",\"breadcrumb\":{\"@id\":\"https:\/\/departamentomedicinaclinica.umh.es\/2018\/01\/26\/catedra-umh-sobre-epoc\/#breadcrumb\"},\"inLanguage\":\"ca\",\"potentialAction\":[{\"@type\":\"ReadAction\",\"target\":[\"https:\/\/departamentomedicinaclinica.umh.es\/2018\/01\/26\/catedra-umh-sobre-epoc\/\"]}]},{\"@type\":\"BreadcrumbList\",\"@id\":\"https:\/\/departamentomedicinaclinica.umh.es\/2018\/01\/26\/catedra-umh-sobre-epoc\/#breadcrumb\",\"itemListElement\":[{\"@type\":\"ListItem\",\"position\":1,\"name\":\"Portada\",\"item\":\"https:\/\/departamentomedicinaclinica.umh.es\/\"},{\"@type\":\"ListItem\",\"position\":2,\"name\":\"La C\\u00e1tedra UMH sobre EPOC cuenta con Domingo Orozco como secretario\"}]},{\"@type\":\"Article\",\"@id\":\"https:\/\/departamentomedicinaclinica.umh.es\/2018\/01\/26\/catedra-umh-sobre-epoc\/#article\",\"isPartOf\":{\"@id\":\"https:\/\/departamentomedicinaclinica.umh.es\/2018\/01\/26\/catedra-umh-sobre-epoc\/#webpage\"},\"author\":{\"@id\":\"https:\/\/departamentomedicinaclinica.umh.es\/#\/schema\/person\/4cce65f000b37391eb0fdba785a882b9\"},\"headline\":\"La C\\u00e0tedra UMH sobre EPOC compta amb Domingo Orozco com a secret\\u00e0ri\",\"datePublished\":\"2018-01-26T07:13:27+00:00\",\"dateModified\":\"2024-02-23T10:38:45+00:00\",\"mainEntityOfPage\":{\"@id\":\"https:\/\/departamentomedicinaclinica.umh.es\/2018\/01\/26\/catedra-umh-sobre-epoc\/#webpage\"},\"wordCount\":2056,\"publisher\":{\"@id\":\"https:\/\/departamentomedicinaclinica.umh.es\/#organization\"},\"image\":{\"@id\":\"https:\/\/departamentomedicinaclinica.umh.es\/2018\/01\/26\/catedra-umh-sobre-epoc\/#primaryimage\"},\"thumbnailUrl\":\"https:\/\/departamentomedicinaclinica.umh.es\/files\/2017\/12\/Catedra-UMH-sobre-EPOC-acuerdo-Domingo-Orozco-Beltran-Medicina-Clinica-Alicante.jpg\",\"keywords\":[\"Boehringer Ingelheim\",\"C\\u00e1tedra Medicina\",\"C\\u00e1tedras UMH\",\"Domingo Orozco Beltran\",\"Enfermedad Pulmonar\",\"Enfermedad Pulmonar Obstructiva Cr\\u00f3nica\",\"EPOC\",\"Investigaci\\u00f3n EPOC\"],\"articleSection\":[\"Actualidad\",\"M\\u00e1steres\"],\"inLanguage\":\"ca\"},{\"@type\":\"Person\",\"@id\":\"https:\/\/departamentomedicinaclinica.umh.es\/#\/schema\/person\/4cce65f000b37391eb0fdba785a882b9\",\"name\":\"garcia.natalia\",\"image\":{\"@type\":\"ImageObject\",\"@id\":\"https:\/\/departamentomedicinaclinica.umh.es\/#personlogo\",\"inLanguage\":\"ca\",\"url\":\"https:\/\/secure.gravatar.com\/avatar\/2f6b18e6f874050af9faeeac24349c8c?s=96&d=mm&r=g\",\"contentUrl\":\"https:\/\/secure.gravatar.com\/avatar\/2f6b18e6f874050af9faeeac24349c8c?s=96&d=mm&r=g\",\"caption\":\"garcia.natalia\"},\"url\":\"https:\/\/departamentomedicinaclinica.umh.es\/ca\/author\/garcia-natalia\/\"}]}<\/script>\n<!-- \/ Yoast SEO plugin. -->","yoast_head_json":{"description":"La C\u00e0tedra UMH sobre EPOC, entre la Universitat Miguel Hern\u00e1ndez i Boehringer Ingelheim, compta amb Domingo Orozco Beltran, catedr\u00e0tic de medicina cl\u00ednica.","robots":{"index":"index","follow":"follow","max-snippet":"max-snippet:-1","max-image-preview":"max-image-preview:large","max-video-preview":"max-video-preview:-1"},"canonical":"https:\/\/departamentomedicinaclinica.umh.es\/ca\/2018\/01\/26\/catedra-umh-sobre-epoc\/","og_locale":"ca_ES","og_type":"article","og_title":"La C\u00e0tedra UMH sobre EPOC compta amb Domingo Orozco com a secret\u00e0ri - Departamento de Medicina Cl\u00ednica UMH","og_description":"La C\u00e0tedra UMH sobre EPOC, entre la Universitat Miguel Hern\u00e1ndez i Boehringer Ingelheim, compta amb Domingo Orozco Beltran, catedr\u00e0tic de medicina cl\u00ednica.","og_url":"https:\/\/departamentomedicinaclinica.umh.es\/2018\/01\/26\/catedra-umh-sobre-epoc\/","og_site_name":"Departamento de Medicina Cl\u00ednica UMH","article_published_time":"2018-01-26T07:13:27+00:00","article_modified_time":"2024-02-23T10:38:45+00:00","og_image":[{"width":2048,"height":1386,"url":"https:\/\/departamentomedicinaclinica.umh.es\/files\/2017\/12\/Catedra-UMH-sobre-EPOC-acuerdo-Domingo-Orozco-Beltran-Medicina-Clinica-Alicante.jpg","type":"image\/jpeg"}],"twitter_card":"summary_large_image","twitter_creator":"@medicinaumh","twitter_site":"@medicinaumh","twitter_misc":{"Written by":"garcia.natalia","Est. reading time":"10 minuts"},"schema":{"@context":"https:\/\/schema.org","@graph":[{"@type":"Organization","@id":"https:\/\/departamentomedicinaclinica.umh.es\/#organization","name":"Departamento Medicina Cl\u00ednica Universidad Miguel Hern\u00e1ndez de Elche","url":"https:\/\/departamentomedicinaclinica.umh.es\/","sameAs":["https:\/\/www.youtube.com\/playlist?list=PLClKgnzRFYe6Y_i4QLNSlOwsZn0X3Klmb","https:\/\/twitter.com\/medicinaumh"],"logo":{"@type":"ImageObject","@id":"https:\/\/departamentomedicinaclinica.umh.es\/#logo","inLanguage":"ca","url":"https:\/\/departamentomedicinaclinica.umh.es\/files\/2024\/07\/meclin-vertical.png","contentUrl":"https:\/\/departamentomedicinaclinica.umh.es\/files\/2024\/07\/meclin-vertical.png","width":1376,"height":1600,"caption":"Departamento Medicina Cl\u00ednica Universidad Miguel Hern\u00e1ndez de Elche"},"image":{"@id":"https:\/\/departamentomedicinaclinica.umh.es\/#logo"}},{"@type":"WebSite","@id":"https:\/\/departamentomedicinaclinica.umh.es\/#website","url":"https:\/\/departamentomedicinaclinica.umh.es\/","name":"Departamento de Medicina Cl\u00ednica UMH","description":"Otro sitio m\u00e1s de Zeus.umh.es Blogs","publisher":{"@id":"https:\/\/departamentomedicinaclinica.umh.es\/#organization"},"potentialAction":[{"@type":"SearchAction","target":{"@type":"EntryPoint","urlTemplate":"https:\/\/departamentomedicinaclinica.umh.es\/?s={search_term_string}"},"query-input":"required name=search_term_string"}],"inLanguage":"ca"},{"@type":"ImageObject","@id":"https:\/\/departamentomedicinaclinica.umh.es\/2018\/01\/26\/catedra-umh-sobre-epoc\/#primaryimage","inLanguage":"ca","url":"https:\/\/departamentomedicinaclinica.umh.es\/files\/2017\/12\/Catedra-UMH-sobre-EPOC-acuerdo-Domingo-Orozco-Beltran-Medicina-Clinica-Alicante.jpg","contentUrl":"https:\/\/departamentomedicinaclinica.umh.es\/files\/2017\/12\/Catedra-UMH-sobre-EPOC-acuerdo-Domingo-Orozco-Beltran-Medicina-Clinica-Alicante.jpg","width":2048,"height":1386,"caption":"Catedra UMH sobre EPOC acuerdo Domingo Orozco Beltran Medicina Clinica Alicante"},{"@type":"WebPage","@id":"https:\/\/departamentomedicinaclinica.umh.es\/2018\/01\/26\/catedra-umh-sobre-epoc\/#webpage","url":"https:\/\/departamentomedicinaclinica.umh.es\/2018\/01\/26\/catedra-umh-sobre-epoc\/","name":"La C\u00e0tedra UMH sobre EPOC compta amb Domingo Orozco com a secret\u00e0ri - Departamento de Medicina Cl\u00ednica UMH","isPartOf":{"@id":"https:\/\/departamentomedicinaclinica.umh.es\/#website"},"primaryImageOfPage":{"@id":"https:\/\/departamentomedicinaclinica.umh.es\/2018\/01\/26\/catedra-umh-sobre-epoc\/#primaryimage"},"datePublished":"2018-01-26T07:13:27+00:00","dateModified":"2024-02-23T10:38:45+00:00","description":"La C\u00e0tedra UMH sobre EPOC, entre la Universitat Miguel Hern\u00e1ndez i Boehringer Ingelheim, compta amb Domingo Orozco Beltran, catedr\u00e0tic de medicina cl\u00ednica.","breadcrumb":{"@id":"https:\/\/departamentomedicinaclinica.umh.es\/2018\/01\/26\/catedra-umh-sobre-epoc\/#breadcrumb"},"inLanguage":"ca","potentialAction":[{"@type":"ReadAction","target":["https:\/\/departamentomedicinaclinica.umh.es\/2018\/01\/26\/catedra-umh-sobre-epoc\/"]}]},{"@type":"BreadcrumbList","@id":"https:\/\/departamentomedicinaclinica.umh.es\/2018\/01\/26\/catedra-umh-sobre-epoc\/#breadcrumb","itemListElement":[{"@type":"ListItem","position":1,"name":"Portada","item":"https:\/\/departamentomedicinaclinica.umh.es\/"},{"@type":"ListItem","position":2,"name":"La C\u00e1tedra UMH sobre EPOC cuenta con Domingo Orozco como secretario"}]},{"@type":"Article","@id":"https:\/\/departamentomedicinaclinica.umh.es\/2018\/01\/26\/catedra-umh-sobre-epoc\/#article","isPartOf":{"@id":"https:\/\/departamentomedicinaclinica.umh.es\/2018\/01\/26\/catedra-umh-sobre-epoc\/#webpage"},"author":{"@id":"https:\/\/departamentomedicinaclinica.umh.es\/#\/schema\/person\/4cce65f000b37391eb0fdba785a882b9"},"headline":"La C\u00e0tedra UMH sobre EPOC compta amb Domingo Orozco com a secret\u00e0ri","datePublished":"2018-01-26T07:13:27+00:00","dateModified":"2024-02-23T10:38:45+00:00","mainEntityOfPage":{"@id":"https:\/\/departamentomedicinaclinica.umh.es\/2018\/01\/26\/catedra-umh-sobre-epoc\/#webpage"},"wordCount":2056,"publisher":{"@id":"https:\/\/departamentomedicinaclinica.umh.es\/#organization"},"image":{"@id":"https:\/\/departamentomedicinaclinica.umh.es\/2018\/01\/26\/catedra-umh-sobre-epoc\/#primaryimage"},"thumbnailUrl":"https:\/\/departamentomedicinaclinica.umh.es\/files\/2017\/12\/Catedra-UMH-sobre-EPOC-acuerdo-Domingo-Orozco-Beltran-Medicina-Clinica-Alicante.jpg","keywords":["Boehringer Ingelheim","C\u00e1tedra Medicina","C\u00e1tedras UMH","Domingo Orozco Beltran","Enfermedad Pulmonar","Enfermedad Pulmonar Obstructiva Cr\u00f3nica","EPOC","Investigaci\u00f3n EPOC"],"articleSection":["Actualidad","M\u00e1steres"],"inLanguage":"ca"},{"@type":"Person","@id":"https:\/\/departamentomedicinaclinica.umh.es\/#\/schema\/person\/4cce65f000b37391eb0fdba785a882b9","name":"garcia.natalia","image":{"@type":"ImageObject","@id":"https:\/\/departamentomedicinaclinica.umh.es\/#personlogo","inLanguage":"ca","url":"https:\/\/secure.gravatar.com\/avatar\/2f6b18e6f874050af9faeeac24349c8c?s=96&d=mm&r=g","contentUrl":"https:\/\/secure.gravatar.com\/avatar\/2f6b18e6f874050af9faeeac24349c8c?s=96&d=mm&r=g","caption":"garcia.natalia"},"url":"https:\/\/departamentomedicinaclinica.umh.es\/ca\/author\/garcia-natalia\/"}]}},"_links":{"self":[{"href":"https:\/\/departamentomedicinaclinica.umh.es\/ca\/wp-json\/wp\/v2\/posts\/15885"}],"collection":[{"href":"https:\/\/departamentomedicinaclinica.umh.es\/ca\/wp-json\/wp\/v2\/posts"}],"about":[{"href":"https:\/\/departamentomedicinaclinica.umh.es\/ca\/wp-json\/wp\/v2\/types\/post"}],"author":[{"embeddable":true,"href":"https:\/\/departamentomedicinaclinica.umh.es\/ca\/wp-json\/wp\/v2\/users\/3158"}],"replies":[{"embeddable":true,"href":"https:\/\/departamentomedicinaclinica.umh.es\/ca\/wp-json\/wp\/v2\/comments?post=15885"}],"version-history":[{"count":0,"href":"https:\/\/departamentomedicinaclinica.umh.es\/ca\/wp-json\/wp\/v2\/posts\/15885\/revisions"}],"wp:featuredmedia":[{"embeddable":true,"href":"https:\/\/departamentomedicinaclinica.umh.es\/ca\/wp-json\/wp\/v2\/media\/16069"}],"wp:attachment":[{"href":"https:\/\/departamentomedicinaclinica.umh.es\/ca\/wp-json\/wp\/v2\/media?parent=15885"}],"wp:term":[{"taxonomy":"category","embeddable":true,"href":"https:\/\/departamentomedicinaclinica.umh.es\/ca\/wp-json\/wp\/v2\/categories?post=15885"},{"taxonomy":"post_tag","embeddable":true,"href":"https:\/\/departamentomedicinaclinica.umh.es\/ca\/wp-json\/wp\/v2\/tags?post=15885"}],"curies":[{"name":"wp","href":"https:\/\/api.w.org\/{rel}","templated":true}]}}