{"id":16114,"date":"2018-03-15T11:03:50","date_gmt":"2018-03-15T10:03:50","guid":{"rendered":"http:\/\/www.departamentomedicinaclinicaumh.es\/?p=16114"},"modified":"2024-02-23T10:38:44","modified_gmt":"2024-02-23T10:38:44","slug":"seminario-enfermedades-cronicas-orozco","status":"publish","type":"post","link":"https:\/\/departamentomedicinaclinica.umh.es\/ca\/2018\/03\/15\/seminario-enfermedades-cronicas-orozco\/","title":{"rendered":"Domingo Orozco imparteix el Seminari Malalties cr\u00f2niques i necessitat de noves perspectives en la investigaci\u00f3 cl\u00ednica"},"content":{"rendered":"<p><\/p>\n<p>Seminari  Malalties cr\u00f2niques i necessitat de noves perspectives en la recerca cl\u00ednica \u00e9s el t\u00edtol impartit per <strong>Domingo Orozco Beltr\u00e1n<\/strong>. El professor del <a href=\"http:\/\/www.departamentomedicinaclinica.edu.umh.es\/ca\/\">Departament de Medicina Cl\u00ednica de la Universitat Miguel Hern\u00e1ndez (UMH)<\/a> va efectuar la pon\u00e8ncia dijous passat 8 de febrer. <!--more-->L&#8217;acte va donar inici a les 17:00 h. en el Sal\u00f3 d&#8217;Actes del <strong>Edifici Ram\u00f3n i Cajal<\/strong> del Campus de Sant Joan d&#8217;Alacant. Professionals m\u00e8dics, estudiants de la pr\u00f2pia universitat i professors van ser convidats aquesta jornada educativa.<\/p>\n<p><img loading=\"lazy\" class=\"aligncenter wp-image-16322\" title=\"L'Institut de Neuroci\u00e8ncias de la UMH va ser el lloc triat on Domingo Orozco va impartir el seminari Malalties cr\u00f2niques i necessitat de noves perspectives en la recerca cl\u00ednica\" src=\"http:\/\/departamentomedicinaclinica.edu.umh.es\/wp-content\/uploads\/sites\/1455\/2018\/03\/Instituto-Nerociencias-UMH-Alicante.jpg\" alt=\"Institut Neuroci\u00e8ncies UMH Seminari Malalties cr\u00f2niques i necessitat de noves perspectives en la recerca cl\u00ednica per Domingo Orozco\" width=\"600\" height=\"480\" srcset=\"https:\/\/departamentomedicinaclinica.umh.es\/files\/2018\/03\/Instituto-Nerociencias-UMH-Alicante.jpg 1280w, https:\/\/departamentomedicinaclinica.umh.es\/files\/2018\/03\/Instituto-Nerociencias-UMH-Alicante-300x240.jpg 300w, https:\/\/departamentomedicinaclinica.umh.es\/files\/2018\/03\/Instituto-Nerociencias-UMH-Alicante-1024x819.jpg 1024w, https:\/\/departamentomedicinaclinica.umh.es\/files\/2018\/03\/Instituto-Nerociencias-UMH-Alicante-768x614.jpg 768w\" sizes=\"(max-width: 600px) 100vw, 600px\" \/><\/p>\n<h2>En qu\u00e8 consisteix el seminari Malalties cr\u00f2niques i necessitat de noves perspectives en la recerca cl\u00ednica per Domingo Orozco?<\/h2>\n<p>El <a href=\"http:\/\/www.umh.es\/contenido\/pas\/:tit_d_215\/datos_val.html\" target=\"_blank\" rel=\"noopener\">programa de Doctorat en Salut P\u00fablica, Ci\u00e8ncies M\u00e8diques i Quir\u00fargiques<\/a> de la UMH alberga aquest seminari Malalties cr\u00f2niques i necessitat de noves perspectives en la recerca cl\u00ednica. L&#8217;esdeveniment est\u00e0 dirigit, principalment a alumnes del Programa de Doctorat. A m\u00e9s, tamb\u00e9 est\u00e0 obert a professionals i estudiants interessats en assumptes de ci\u00e8ncies de la salut. Els departaments de la Universitat Miguel Hern\u00e1ndez d&#8217;Elx que col\u00b7laboren en el seminari s\u00f3n:<\/p>\n<ul>\n<li>Departament de Medicina Cl\u00ednica;<\/li>\n<li>El Departament de Salut P\u00fablica, Hist\u00f2ria de la Ci\u00e8ncia i Ginecologia;<\/li>\n<li>De Patologia i Cirurgia; de Psicologia de la Salut i,<\/li>\n<li>La Facultat de Farm\u00e0cia.<\/li>\n<\/ul>\n<p><img loading=\"lazy\" class=\"aligncenter wp-image-14687 size-full\" title=\"Domingo Orozco Beltr\u00e1n interv\u00e9 en el Seminari sobre Malalties cr\u00f2niques i necessitat de noves perspectives en la recerca cl\u00ednica en el Doctorat de Medicina de la UMH\" src=\"http:\/\/departamentomedicinaclinica.edu.umh.es\/wp-content\/uploads\/sites\/1455\/2016\/12\/Domingo-Orozco-master-atencion-primaria.jpg\" alt=\"Domingo Orozco Seminari Malalties cr\u00f2niques i necessitat de noves perspectives en la recerca cl\u00ednica Doctorat Medicina UMH\" width=\"614\" height=\"346\" srcset=\"https:\/\/departamentomedicinaclinica.umh.es\/files\/2016\/12\/Domingo-Orozco-master-atencion-primaria.jpg 614w, https:\/\/departamentomedicinaclinica.umh.es\/files\/2016\/12\/Domingo-Orozco-master-atencion-primaria-300x169.jpg 300w\" sizes=\"(max-width: 614px) 100vw, 614px\" \/><\/p>\n<p>El ponent,\u00a0<a href=\"https:\/\/www.umh.es\/contenido\/Estudios\/:persona_5304\/datos_val.html\">Domingo Orozco<\/a>, \u00e9s docent i professional sanitari en actiu:<\/p>\n<ul>\n<li>professor del Departament de Medicina Cl\u00ednica de la Universitat Miguel Hern\u00e1ndez,<\/li>\n<li>codirector de la C\u00e0tedra de Medicina de Fam\u00edlia,<\/li>\n<li>secretari de la C\u00e0tedra de Malaltia Pulmonar Obstructiva Cr\u00f2nica (EPOC),<\/li>\n<li>\u00e9s director del Grup de Recerca \u201cEstudie Cariometab\u00f2lic Valenci\u00e0\u201d,<\/li>\n<li>exerceix com a codirector de la C\u00e0tedra de Medicina Comunit\u00e0ria i Salut Reproductiva i,<\/li>\n<li>director del M\u00e0ster Universitari en Gesti\u00f3 Sanit\u00e0ria<\/li>\n<\/ul>\n<p>En l&#8217;actualitat, el professor i Dr. Orozco Beltr\u00e1n continua impartint doc\u00e8ncia en el<strong> gradu de Medicina i Farm\u00e0cia de la UMH<\/strong>. Aix\u00ed mateix, col\u00b7labora en la seua tasca investigadora en <a href=\"http:\/\/fisabio.san.gva.es\/ca\/hospital-general-universitario-de-alicante1\" target=\"_blank\" rel=\"noopener\"><strong>FISABIO<\/strong><\/a>, Hospital Universitari de Sant Joan d&#8217;Alacant.<br \/>\n&nbsp;<br \/>\n&nbsp;<\/p>","protected":false},"excerpt":{"rendered":"<p>Ho sentim, aquesta entrada es troba disponible \u00fanicament en Espanyol Europeu.<\/p>\n","protected":false},"author":3158,"featured_media":16324,"comment_status":"closed","ping_status":"closed","sticky":false,"template":"","format":"standard","meta":{"_links_to":"","_links_to_target":""},"categories":[964],"tags":[1026410,1058589,69368,74642,588972,681434,1298524,5530,5548],"yoast_head":"<!-- This site is optimized with the Yoast SEO plugin v17.5 - https:\/\/yoast.com\/wordpress\/plugins\/seo\/ -->\n<meta name=\"description\" content=\"El seminari Malalties cr\u00f2niques i necessitat de noves perspectives en la investigaci\u00f3 cl\u00ednica per Domingo Orozco Beltr\u00e1n, impartit al campus UMH d&#039;Alacant.\" \/>\n<meta name=\"robots\" content=\"index, follow, max-snippet:-1, max-image-preview:large, max-video-preview:-1\" \/>\n<link rel=\"canonical\" href=\"https:\/\/departamentomedicinaclinica.umh.es\/ca\/2018\/03\/15\/seminario-enfermedades-cronicas-orozco\/\" \/>\n<meta property=\"og:locale\" content=\"ca_ES\" \/>\n<meta property=\"og:type\" content=\"article\" \/>\n<meta property=\"og:title\" content=\"Domingo Orozco imparteix el Seminari Malalties cr\u00f2niques i necessitat de noves perspectives en la investigaci\u00f3 cl\u00ednica - Departamento de Medicina Cl\u00ednica UMH\" \/>\n<meta property=\"og:description\" content=\"El seminari Malalties cr\u00f2niques i necessitat de noves perspectives en la investigaci\u00f3 cl\u00ednica per Domingo Orozco Beltr\u00e1n, impartit al campus UMH d&#039;Alacant.\" \/>\n<meta property=\"og:url\" content=\"https:\/\/departamentomedicinaclinica.umh.es\/ca\/2018\/03\/15\/seminario-enfermedades-cronicas-orozco\/\" \/>\n<meta property=\"og:site_name\" content=\"Departamento de Medicina Cl\u00ednica UMH\" \/>\n<meta property=\"article:published_time\" content=\"2018-03-15T10:03:50+00:00\" \/>\n<meta property=\"article:modified_time\" content=\"2024-02-23T10:38:44+00:00\" \/>\n<meta property=\"og:image\" content=\"https:\/\/departamentomedicinaclinica.umh.es\/files\/2018\/03\/Diabetes-Seminario-enfermedades-cronicas-UMH-Domingo-Orozco.jpg\" \/>\n\t<meta property=\"og:image:width\" content=\"640\" \/>\n\t<meta property=\"og:image:height\" content=\"426\" \/>\n<meta name=\"twitter:card\" content=\"summary_large_image\" \/>\n<meta name=\"twitter:creator\" content=\"@medicinaumh\" \/>\n<meta name=\"twitter:site\" content=\"@medicinaumh\" \/>\n<meta name=\"twitter:label1\" content=\"Written by\" \/>\n\t<meta name=\"twitter:data1\" content=\"garcia.natalia\" \/>\n\t<meta name=\"twitter:label2\" content=\"Est. reading time\" \/>\n\t<meta name=\"twitter:data2\" content=\"5 minuts\" \/>\n<script type=\"application\/ld+json\" class=\"yoast-schema-graph\">{\"@context\":\"https:\/\/schema.org\",\"@graph\":[{\"@type\":\"Organization\",\"@id\":\"https:\/\/departamentomedicinaclinica.umh.es\/#organization\",\"name\":\"Departamento Medicina Cl\\u00ednica Universidad Miguel Hern\\u00e1ndez de Elche\",\"url\":\"https:\/\/departamentomedicinaclinica.umh.es\/\",\"sameAs\":[\"https:\/\/www.youtube.com\/playlist?list=PLClKgnzRFYe6Y_i4QLNSlOwsZn0X3Klmb\",\"https:\/\/twitter.com\/medicinaumh\"],\"logo\":{\"@type\":\"ImageObject\",\"@id\":\"https:\/\/departamentomedicinaclinica.umh.es\/#logo\",\"inLanguage\":\"ca\",\"url\":\"https:\/\/departamentomedicinaclinica.umh.es\/files\/2024\/07\/meclin-vertical.png\",\"contentUrl\":\"https:\/\/departamentomedicinaclinica.umh.es\/files\/2024\/07\/meclin-vertical.png\",\"width\":1376,\"height\":1600,\"caption\":\"Departamento Medicina Cl\\u00ednica Universidad Miguel Hern\\u00e1ndez de Elche\"},\"image\":{\"@id\":\"https:\/\/departamentomedicinaclinica.umh.es\/#logo\"}},{\"@type\":\"WebSite\",\"@id\":\"https:\/\/departamentomedicinaclinica.umh.es\/#website\",\"url\":\"https:\/\/departamentomedicinaclinica.umh.es\/\",\"name\":\"Departamento de Medicina Cl\\u00ednica UMH\",\"description\":\"Otro sitio m\\u00e1s de Zeus.umh.es Blogs\",\"publisher\":{\"@id\":\"https:\/\/departamentomedicinaclinica.umh.es\/#organization\"},\"potentialAction\":[{\"@type\":\"SearchAction\",\"target\":{\"@type\":\"EntryPoint\",\"urlTemplate\":\"https:\/\/departamentomedicinaclinica.umh.es\/?s={search_term_string}\"},\"query-input\":\"required name=search_term_string\"}],\"inLanguage\":\"ca\"},{\"@type\":\"ImageObject\",\"@id\":\"https:\/\/departamentomedicinaclinica.umh.es\/ca\/2018\/03\/15\/seminario-enfermedades-cronicas-orozco\/#primaryimage\",\"inLanguage\":\"ca\",\"url\":\"https:\/\/departamentomedicinaclinica.umh.es\/files\/2018\/03\/Diabetes-Seminario-enfermedades-cronicas-UMH-Domingo-Orozco.jpg\",\"contentUrl\":\"https:\/\/departamentomedicinaclinica.umh.es\/files\/2018\/03\/Diabetes-Seminario-enfermedades-cronicas-UMH-Domingo-Orozco.jpg\",\"width\":640,\"height\":426,\"caption\":\"Medicamentos y recursos diabetes Seminario enfermedades cr\\u00f3nicas UMH Domingo Orozco\"},{\"@type\":\"WebPage\",\"@id\":\"https:\/\/departamentomedicinaclinica.umh.es\/ca\/2018\/03\/15\/seminario-enfermedades-cronicas-orozco\/#webpage\",\"url\":\"https:\/\/departamentomedicinaclinica.umh.es\/ca\/2018\/03\/15\/seminario-enfermedades-cronicas-orozco\/\",\"name\":\"Domingo Orozco imparteix el Seminari Malalties cr\\u00f2niques i necessitat de noves perspectives en la investigaci\\u00f3 cl\\u00ednica - Departamento de Medicina Cl\\u00ednica UMH\",\"isPartOf\":{\"@id\":\"https:\/\/departamentomedicinaclinica.umh.es\/#website\"},\"primaryImageOfPage\":{\"@id\":\"https:\/\/departamentomedicinaclinica.umh.es\/ca\/2018\/03\/15\/seminario-enfermedades-cronicas-orozco\/#primaryimage\"},\"datePublished\":\"2018-03-15T10:03:50+00:00\",\"dateModified\":\"2024-02-23T10:38:44+00:00\",\"description\":\"El seminari Malalties cr\\u00f2niques i necessitat de noves perspectives en la investigaci\\u00f3 cl\\u00ednica per Domingo Orozco Beltr\\u00e1n, impartit al campus UMH d'Alacant.\",\"breadcrumb\":{\"@id\":\"https:\/\/departamentomedicinaclinica.umh.es\/ca\/2018\/03\/15\/seminario-enfermedades-cronicas-orozco\/#breadcrumb\"},\"inLanguage\":\"ca\",\"potentialAction\":[{\"@type\":\"ReadAction\",\"target\":[\"https:\/\/departamentomedicinaclinica.umh.es\/ca\/2018\/03\/15\/seminario-enfermedades-cronicas-orozco\/\"]}]},{\"@type\":\"BreadcrumbList\",\"@id\":\"https:\/\/departamentomedicinaclinica.umh.es\/ca\/2018\/03\/15\/seminario-enfermedades-cronicas-orozco\/#breadcrumb\",\"itemListElement\":[{\"@type\":\"ListItem\",\"position\":1,\"name\":\"Portada\",\"item\":\"https:\/\/departamentomedicinaclinica.umh.es\/\"},{\"@type\":\"ListItem\",\"position\":2,\"name\":\"Domingo Orozco imparteix el Seminari Malalties cr\\u00f2niques i necessitat de noves perspectives en la investigaci\\u00f3 cl\\u00ednica\"}]},{\"@type\":\"Article\",\"@id\":\"https:\/\/departamentomedicinaclinica.umh.es\/ca\/2018\/03\/15\/seminario-enfermedades-cronicas-orozco\/#article\",\"isPartOf\":{\"@id\":\"https:\/\/departamentomedicinaclinica.umh.es\/ca\/2018\/03\/15\/seminario-enfermedades-cronicas-orozco\/#webpage\"},\"author\":{\"@id\":\"https:\/\/departamentomedicinaclinica.umh.es\/#\/schema\/person\/4cce65f000b37391eb0fdba785a882b9\"},\"headline\":\"Domingo Orozco imparteix el Seminari Malalties cr\\u00f2niques i necessitat de noves perspectives en la investigaci\\u00f3 cl\\u00ednica\",\"datePublished\":\"2018-03-15T10:03:50+00:00\",\"dateModified\":\"2024-02-23T10:38:44+00:00\",\"mainEntityOfPage\":{\"@id\":\"https:\/\/departamentomedicinaclinica.umh.es\/ca\/2018\/03\/15\/seminario-enfermedades-cronicas-orozco\/#webpage\"},\"wordCount\":1056,\"publisher\":{\"@id\":\"https:\/\/departamentomedicinaclinica.umh.es\/#organization\"},\"image\":{\"@id\":\"https:\/\/departamentomedicinaclinica.umh.es\/ca\/2018\/03\/15\/seminario-enfermedades-cronicas-orozco\/#primaryimage\"},\"thumbnailUrl\":\"https:\/\/departamentomedicinaclinica.umh.es\/files\/2018\/03\/Diabetes-Seminario-enfermedades-cronicas-UMH-Domingo-Orozco.jpg\",\"keywords\":[\"avances m\\u00e9dicos enfermedades cr\\u00f3nicas\",\"Ciencias M\\u00e9dicas y Quir\\u00fargicas UMH\",\"Diabetes\",\"Doctorado en Salud P\\u00fablica\",\"Domingo Orozco Beltran\",\"enfermedades cr\\u00f3nicas\",\"Nuevas perspectivas investigaci\\u00f3n cl\\u00ednica\",\"Seminario Medicina Cl\\u00ednica UMH\",\"Seminarios Medicina UMh\"],\"articleSection\":[\"Actualidad\"],\"inLanguage\":\"ca\"},{\"@type\":\"Person\",\"@id\":\"https:\/\/departamentomedicinaclinica.umh.es\/#\/schema\/person\/4cce65f000b37391eb0fdba785a882b9\",\"name\":\"garcia.natalia\",\"image\":{\"@type\":\"ImageObject\",\"@id\":\"https:\/\/departamentomedicinaclinica.umh.es\/#personlogo\",\"inLanguage\":\"ca\",\"url\":\"https:\/\/secure.gravatar.com\/avatar\/2f6b18e6f874050af9faeeac24349c8c?s=96&d=mm&r=g\",\"contentUrl\":\"https:\/\/secure.gravatar.com\/avatar\/2f6b18e6f874050af9faeeac24349c8c?s=96&d=mm&r=g\",\"caption\":\"garcia.natalia\"},\"url\":\"https:\/\/departamentomedicinaclinica.umh.es\/ca\/author\/garcia-natalia\/\"}]}<\/script>\n<!-- \/ Yoast SEO plugin. -->","yoast_head_json":{"description":"El seminari Malalties cr\u00f2niques i necessitat de noves perspectives en la investigaci\u00f3 cl\u00ednica per Domingo Orozco Beltr\u00e1n, impartit al campus UMH d'Alacant.","robots":{"index":"index","follow":"follow","max-snippet":"max-snippet:-1","max-image-preview":"max-image-preview:large","max-video-preview":"max-video-preview:-1"},"canonical":"https:\/\/departamentomedicinaclinica.umh.es\/ca\/2018\/03\/15\/seminario-enfermedades-cronicas-orozco\/","og_locale":"ca_ES","og_type":"article","og_title":"Domingo Orozco imparteix el Seminari Malalties cr\u00f2niques i necessitat de noves perspectives en la investigaci\u00f3 cl\u00ednica - Departamento de Medicina Cl\u00ednica UMH","og_description":"El seminari Malalties cr\u00f2niques i necessitat de noves perspectives en la investigaci\u00f3 cl\u00ednica per Domingo Orozco Beltr\u00e1n, impartit al campus UMH d'Alacant.","og_url":"https:\/\/departamentomedicinaclinica.umh.es\/ca\/2018\/03\/15\/seminario-enfermedades-cronicas-orozco\/","og_site_name":"Departamento de Medicina Cl\u00ednica UMH","article_published_time":"2018-03-15T10:03:50+00:00","article_modified_time":"2024-02-23T10:38:44+00:00","og_image":[{"width":640,"height":426,"url":"https:\/\/departamentomedicinaclinica.umh.es\/files\/2018\/03\/Diabetes-Seminario-enfermedades-cronicas-UMH-Domingo-Orozco.jpg","type":"image\/jpeg"}],"twitter_card":"summary_large_image","twitter_creator":"@medicinaumh","twitter_site":"@medicinaumh","twitter_misc":{"Written by":"garcia.natalia","Est. reading time":"5 minuts"},"schema":{"@context":"https:\/\/schema.org","@graph":[{"@type":"Organization","@id":"https:\/\/departamentomedicinaclinica.umh.es\/#organization","name":"Departamento Medicina Cl\u00ednica Universidad Miguel Hern\u00e1ndez de Elche","url":"https:\/\/departamentomedicinaclinica.umh.es\/","sameAs":["https:\/\/www.youtube.com\/playlist?list=PLClKgnzRFYe6Y_i4QLNSlOwsZn0X3Klmb","https:\/\/twitter.com\/medicinaumh"],"logo":{"@type":"ImageObject","@id":"https:\/\/departamentomedicinaclinica.umh.es\/#logo","inLanguage":"ca","url":"https:\/\/departamentomedicinaclinica.umh.es\/files\/2024\/07\/meclin-vertical.png","contentUrl":"https:\/\/departamentomedicinaclinica.umh.es\/files\/2024\/07\/meclin-vertical.png","width":1376,"height":1600,"caption":"Departamento Medicina Cl\u00ednica Universidad Miguel Hern\u00e1ndez de Elche"},"image":{"@id":"https:\/\/departamentomedicinaclinica.umh.es\/#logo"}},{"@type":"WebSite","@id":"https:\/\/departamentomedicinaclinica.umh.es\/#website","url":"https:\/\/departamentomedicinaclinica.umh.es\/","name":"Departamento de Medicina Cl\u00ednica UMH","description":"Otro sitio m\u00e1s de Zeus.umh.es Blogs","publisher":{"@id":"https:\/\/departamentomedicinaclinica.umh.es\/#organization"},"potentialAction":[{"@type":"SearchAction","target":{"@type":"EntryPoint","urlTemplate":"https:\/\/departamentomedicinaclinica.umh.es\/?s={search_term_string}"},"query-input":"required name=search_term_string"}],"inLanguage":"ca"},{"@type":"ImageObject","@id":"https:\/\/departamentomedicinaclinica.umh.es\/ca\/2018\/03\/15\/seminario-enfermedades-cronicas-orozco\/#primaryimage","inLanguage":"ca","url":"https:\/\/departamentomedicinaclinica.umh.es\/files\/2018\/03\/Diabetes-Seminario-enfermedades-cronicas-UMH-Domingo-Orozco.jpg","contentUrl":"https:\/\/departamentomedicinaclinica.umh.es\/files\/2018\/03\/Diabetes-Seminario-enfermedades-cronicas-UMH-Domingo-Orozco.jpg","width":640,"height":426,"caption":"Medicamentos y recursos diabetes Seminario enfermedades cr\u00f3nicas UMH Domingo Orozco"},{"@type":"WebPage","@id":"https:\/\/departamentomedicinaclinica.umh.es\/ca\/2018\/03\/15\/seminario-enfermedades-cronicas-orozco\/#webpage","url":"https:\/\/departamentomedicinaclinica.umh.es\/ca\/2018\/03\/15\/seminario-enfermedades-cronicas-orozco\/","name":"Domingo Orozco imparteix el Seminari Malalties cr\u00f2niques i necessitat de noves perspectives en la investigaci\u00f3 cl\u00ednica - Departamento de Medicina Cl\u00ednica UMH","isPartOf":{"@id":"https:\/\/departamentomedicinaclinica.umh.es\/#website"},"primaryImageOfPage":{"@id":"https:\/\/departamentomedicinaclinica.umh.es\/ca\/2018\/03\/15\/seminario-enfermedades-cronicas-orozco\/#primaryimage"},"datePublished":"2018-03-15T10:03:50+00:00","dateModified":"2024-02-23T10:38:44+00:00","description":"El seminari Malalties cr\u00f2niques i necessitat de noves perspectives en la investigaci\u00f3 cl\u00ednica per Domingo Orozco Beltr\u00e1n, impartit al campus UMH d'Alacant.","breadcrumb":{"@id":"https:\/\/departamentomedicinaclinica.umh.es\/ca\/2018\/03\/15\/seminario-enfermedades-cronicas-orozco\/#breadcrumb"},"inLanguage":"ca","potentialAction":[{"@type":"ReadAction","target":["https:\/\/departamentomedicinaclinica.umh.es\/ca\/2018\/03\/15\/seminario-enfermedades-cronicas-orozco\/"]}]},{"@type":"BreadcrumbList","@id":"https:\/\/departamentomedicinaclinica.umh.es\/ca\/2018\/03\/15\/seminario-enfermedades-cronicas-orozco\/#breadcrumb","itemListElement":[{"@type":"ListItem","position":1,"name":"Portada","item":"https:\/\/departamentomedicinaclinica.umh.es\/"},{"@type":"ListItem","position":2,"name":"Domingo Orozco imparteix el Seminari Malalties cr\u00f2niques i necessitat de noves perspectives en la investigaci\u00f3 cl\u00ednica"}]},{"@type":"Article","@id":"https:\/\/departamentomedicinaclinica.umh.es\/ca\/2018\/03\/15\/seminario-enfermedades-cronicas-orozco\/#article","isPartOf":{"@id":"https:\/\/departamentomedicinaclinica.umh.es\/ca\/2018\/03\/15\/seminario-enfermedades-cronicas-orozco\/#webpage"},"author":{"@id":"https:\/\/departamentomedicinaclinica.umh.es\/#\/schema\/person\/4cce65f000b37391eb0fdba785a882b9"},"headline":"Domingo Orozco imparteix el Seminari Malalties cr\u00f2niques i necessitat de noves perspectives en la investigaci\u00f3 cl\u00ednica","datePublished":"2018-03-15T10:03:50+00:00","dateModified":"2024-02-23T10:38:44+00:00","mainEntityOfPage":{"@id":"https:\/\/departamentomedicinaclinica.umh.es\/ca\/2018\/03\/15\/seminario-enfermedades-cronicas-orozco\/#webpage"},"wordCount":1056,"publisher":{"@id":"https:\/\/departamentomedicinaclinica.umh.es\/#organization"},"image":{"@id":"https:\/\/departamentomedicinaclinica.umh.es\/ca\/2018\/03\/15\/seminario-enfermedades-cronicas-orozco\/#primaryimage"},"thumbnailUrl":"https:\/\/departamentomedicinaclinica.umh.es\/files\/2018\/03\/Diabetes-Seminario-enfermedades-cronicas-UMH-Domingo-Orozco.jpg","keywords":["avances m\u00e9dicos enfermedades cr\u00f3nicas","Ciencias M\u00e9dicas y Quir\u00fargicas UMH","Diabetes","Doctorado en Salud P\u00fablica","Domingo Orozco Beltran","enfermedades cr\u00f3nicas","Nuevas perspectivas investigaci\u00f3n cl\u00ednica","Seminario Medicina Cl\u00ednica UMH","Seminarios Medicina UMh"],"articleSection":["Actualidad"],"inLanguage":"ca"},{"@type":"Person","@id":"https:\/\/departamentomedicinaclinica.umh.es\/#\/schema\/person\/4cce65f000b37391eb0fdba785a882b9","name":"garcia.natalia","image":{"@type":"ImageObject","@id":"https:\/\/departamentomedicinaclinica.umh.es\/#personlogo","inLanguage":"ca","url":"https:\/\/secure.gravatar.com\/avatar\/2f6b18e6f874050af9faeeac24349c8c?s=96&d=mm&r=g","contentUrl":"https:\/\/secure.gravatar.com\/avatar\/2f6b18e6f874050af9faeeac24349c8c?s=96&d=mm&r=g","caption":"garcia.natalia"},"url":"https:\/\/departamentomedicinaclinica.umh.es\/ca\/author\/garcia-natalia\/"}]}},"_links":{"self":[{"href":"https:\/\/departamentomedicinaclinica.umh.es\/ca\/wp-json\/wp\/v2\/posts\/16114"}],"collection":[{"href":"https:\/\/departamentomedicinaclinica.umh.es\/ca\/wp-json\/wp\/v2\/posts"}],"about":[{"href":"https:\/\/departamentomedicinaclinica.umh.es\/ca\/wp-json\/wp\/v2\/types\/post"}],"author":[{"embeddable":true,"href":"https:\/\/departamentomedicinaclinica.umh.es\/ca\/wp-json\/wp\/v2\/users\/3158"}],"replies":[{"embeddable":true,"href":"https:\/\/departamentomedicinaclinica.umh.es\/ca\/wp-json\/wp\/v2\/comments?post=16114"}],"version-history":[{"count":0,"href":"https:\/\/departamentomedicinaclinica.umh.es\/ca\/wp-json\/wp\/v2\/posts\/16114\/revisions"}],"wp:featuredmedia":[{"embeddable":true,"href":"https:\/\/departamentomedicinaclinica.umh.es\/ca\/wp-json\/wp\/v2\/media\/16324"}],"wp:attachment":[{"href":"https:\/\/departamentomedicinaclinica.umh.es\/ca\/wp-json\/wp\/v2\/media?parent=16114"}],"wp:term":[{"taxonomy":"category","embeddable":true,"href":"https:\/\/departamentomedicinaclinica.umh.es\/ca\/wp-json\/wp\/v2\/categories?post=16114"},{"taxonomy":"post_tag","embeddable":true,"href":"https:\/\/departamentomedicinaclinica.umh.es\/ca\/wp-json\/wp\/v2\/tags?post=16114"}],"curies":[{"name":"wp","href":"https:\/\/api.w.org\/{rel}","templated":true}]}}