{"id":16135,"date":"2018-03-01T10:20:50","date_gmt":"2018-03-01T09:20:50","guid":{"rendered":"http:\/\/www.departamentomedicinaclinicaumh.es\/?p=16135"},"modified":"2024-02-23T10:38:44","modified_gmt":"2024-02-23T10:38:44","slug":"avances-en-enfermedades-infecciosas-umh-seicv","status":"publish","type":"post","link":"https:\/\/departamentomedicinaclinica.umh.es\/ca\/2018\/03\/01\/avances-en-enfermedades-infecciosas-umh-seicv\/","title":{"rendered":"Avan\u00e7os en malalties infeccioses UMH XII Reuni\u00f3 de la Societat de Malalties Infeccioses de la Comunitat Valenciana"},"content":{"rendered":"<p><\/p>\n<p><strong>Avan\u00e7os en Malalties Infeccioses<\/strong> va ser el t\u00edtol de la <strong>XII reuni\u00f3<\/strong> de la <a href=\"http:\/\/www.seicv.org\" target=\"_blank\" rel=\"noopener\">Societat de Malalties Infeccioses de la Comunitat Valenciana (SEICV)<\/a>. El passat<strong> 10 de febrer<\/strong> va tenir lloc la trobada en el Sal\u00f3 d&#8217;Actes de l&#8217;edifici Sever Ochoa del Campus de Sant Joan d&#8217;Alacant.<!--more--> La <a href=\"https:\/\/www.umh.es\/?lang=VAL\" target=\"_blank\" rel=\"noopener\">UMH<\/a> va acollir la jornada, a partir de les 9:00 h. on van participar professionals metges especialitzats en aquestes malalties.<\/p>\n<p><img loading=\"lazy\" class=\"aligncenter wp-image-16239\" title=\"Algunes de les manifestacions m\u00e9s freq\u00fcents en pacients amb infecci\u00f3 per VIH\" src=\"http:\/\/departamentomedicinaclinica.edu.umh.es\/wp-content\/uploads\/sites\/1455\/2018\/03\/Infeccion-aguda-VIH.png\" alt=\"Il\u00b7lustraci\u00f3 s\u00edmptomes infecci\u00f3 aguda VIH Avan\u00e7os en Malalties Infeccioses\" width=\"500\" height=\"446\" srcset=\"https:\/\/departamentomedicinaclinica.umh.es\/files\/2018\/03\/Infeccion-aguda-VIH.png 640w, https:\/\/departamentomedicinaclinica.umh.es\/files\/2018\/03\/Infeccion-aguda-VIH-300x268.png 300w\" sizes=\"(max-width: 500px) 100vw, 500px\" \/><\/p>\n<h2>Qui va participar en la va reuni\u00f3 Avan\u00e7os en malalties Infeccioses UMH?<\/h2>\n<p>Principalment, experts en malalties infeccioses, metges especialistes en infectologia i altres professionals. L&#8217;organitzador de la jornada va ser:<\/p>\n<p><a href=\"http:\/\/research.umh.es\/vivo\/display\/per_128479\">Jos\u00e9 Mar\u00eda Cuadrado<\/a>, professor de la UMH i cap de la Unitat de Malalties Infeccions de l&#8217;<a href=\"http:\/\/www.dep17.san.gva.es\" target=\"_blank\" rel=\"noopener\">Hospital Universitari de Sant Joan d\u2019Alacant<\/a>.<\/p>\n<h2>En qu\u00e8 consisteix la reuni\u00f3 Avances en malalties Infeccioses UMH?<\/h2>\n<p>La reuni\u00f3 es va iniciar amb l&#8217;exposici\u00f3 de <strong>dos casos cl\u00ednics<\/strong>. Van ser seleccionats pr\u00e8viament i de manera an\u00f2nima per un grup d&#8217;experts. Posteriorment, es van celebrar <strong>dues taules redones<\/strong> sobre diversos temes m\u00e8dics d&#8217;inter\u00e8s:<\/p>\n<ul>\n<li>la s\u00e8psia (dolorosa resposta immunit\u00e0ria del cos a una infecci\u00f3 d&#8217;extrema gravetat) i els seus diagn\u00f2stics, tractaments terap\u00e8utics i perspectives de tractament futures.<\/li>\n<li>novetats en les malalties de transmissi\u00f3 sexual dels pacients VIH.<\/li>\n<\/ul>\n<p>D&#8217;altra banda, la segona taula va ser moderada per <a href=\"https:\/\/www.umh.es\/contenido\/Estudiantes\/:persona_35232\/datos_val.html\">F\u00e9lix Guti\u00e9rrez<\/a>. Professor del <a href=\"http:\/\/www.departamentomedicinaclinica.edu.umh.es\/ca\/\">Departament de Medicina Cl\u00ednica de la UMH<\/a>. Qui va exposar una s\u00e8rie d&#8217;avan\u00e7os sobre malalties de transmissi\u00f3 sexual.<\/p>\n<p><img loading=\"lazy\" class=\"aligncenter wp-image-8591\" title=\"F\u00e9lix Guti\u00e9rrez participa com a moderador de la taula redona Novetats en les malalties de transmissi\u00f3 sexual dels pacients VIH\" src=\"http:\/\/departamentomedicinaclinica.edu.umh.es\/wp-content\/uploads\/sites\/1455\/2015\/09\/FelixGutierrezRodero.jpg\" alt=\"F\u00e9lix Guti\u00e9rrez Rodero professor Departament Medicina Cl\u00ednica UMH Avan\u00e7os en Malalties Infeccioses\" width=\"500\" height=\"443\" srcset=\"https:\/\/departamentomedicinaclinica.umh.es\/files\/2015\/09\/FelixGutierrezRodero.jpg 1062w, https:\/\/departamentomedicinaclinica.umh.es\/files\/2015\/09\/FelixGutierrezRodero-300x266.jpg 300w, https:\/\/departamentomedicinaclinica.umh.es\/files\/2015\/09\/FelixGutierrezRodero-1024x906.jpg 1024w, https:\/\/departamentomedicinaclinica.umh.es\/files\/2015\/09\/FelixGutierrezRodero-768x680.jpg 768w\" sizes=\"(max-width: 500px) 100vw, 500px\" \/><\/p>\n<p>La clausura comptar\u00e0 amb una confer\u00e8ncia que se centraran en:<\/p>\n<ul>\n<li><strong>la recuperaci\u00f3 del sentit humanista de la Medicina<\/strong>. Aquesta pon\u00e8ncia explicar\u00e0  amb la col\u00b7laboraci\u00f3 de <a href=\"http:\/\/www.umh.es\/contenido\/Estudiantes\/:persona_28629\/datos_val.html\">Francisco Jover D\u00edaz<\/a>, professor de la UMH. Es tracta d&#8217;un estudi\u00f3s de temes com la \u201cMedicina en Pintura\u201d. En aquesta ocasi\u00f3 ens delectar\u00e0 amb una visi\u00f3 del VIH a trav\u00e9s de l&#8217;Art Contemporani.<\/li>\n<\/ul>\n<h2>Amb qui col\u00b7labora la reuni\u00f3 Avances en malalties Infeccioses UMH?<\/h2>\n<p>La <strong>reuni\u00f3 de la Societat de Malalties Infeccioses de la Comunitat Valenciana<\/strong> col\u00b7labora tamb\u00e9 amb:<\/p>\n<ul>\n<li>l&#8217;Hospital Universitari de Sant Joan d\u2019Alcant,<\/li>\n<li>els laboratoris Abbvie, Angelini, Gilead, Janssen, MSD, Pfizer i ViiV,<\/li>\n<li>i la UMH (organitzadora)<\/li>\n<\/ul>\n<p><strong>&gt;&gt;<\/strong> <a href=\"http:\/\/comunicacion.umh.es\/files\/2018\/02\/09-02-18-jornada-sociedad-enfermedades-infecciosas.pdf\" target=\"_blank\" rel=\"noopener\">Consulta el programa en pdf\u00a0<\/a><\/p>","protected":false},"excerpt":{"rendered":"<p>Ho sentim, aquesta entrada es troba disponible \u00fanicament en Espanyol Europeu.<\/p>\n","protected":false},"author":3158,"featured_media":16240,"comment_status":"closed","ping_status":"closed","sticky":false,"template":"","format":"standard","meta":{"_links_to":"","_links_to_target":""},"categories":[964,988062],"tags":[1026261,1130403,836129,191,2786,2790,43,5134,5446,5557,5611,5659],"yoast_head":"<!-- This site is optimized with the Yoast SEO plugin v17.5 - https:\/\/yoast.com\/wordpress\/plugins\/seo\/ -->\n<meta name=\"description\" content=\"Avan\u00e7os en Malalties Infeccioses t\u00edtol de la XII Reuni\u00f3 de la Societat de Malalties Infeccioses de la Comunitat Valenciana (SEICV).\" \/>\n<meta name=\"robots\" content=\"index, follow, max-snippet:-1, max-image-preview:large, max-video-preview:-1\" \/>\n<link rel=\"canonical\" href=\"https:\/\/departamentomedicinaclinica.umh.es\/ca\/2018\/03\/01\/avances-en-enfermedades-infecciosas-umh-seicv\/\" \/>\n<meta property=\"og:locale\" content=\"ca_ES\" \/>\n<meta property=\"og:type\" content=\"article\" \/>\n<meta property=\"og:title\" content=\"Avan\u00e7os en malalties infeccioses UMH XII Reuni\u00f3 de la Societat de Malalties Infeccioses de la Comunitat Valenciana - Departamento de Medicina Cl\u00ednica UMH\" \/>\n<meta property=\"og:description\" content=\"Avan\u00e7os en Malalties Infeccioses t\u00edtol de la XII Reuni\u00f3 de la Societat de Malalties Infeccioses de la Comunitat Valenciana (SEICV).\" \/>\n<meta property=\"og:url\" content=\"https:\/\/departamentomedicinaclinica.umh.es\/2018\/03\/01\/avances-en-enfermedades-infecciosas-umh-seicv\/\" \/>\n<meta property=\"og:site_name\" content=\"Departamento de Medicina Cl\u00ednica UMH\" \/>\n<meta property=\"article:published_time\" content=\"2018-03-01T09:20:50+00:00\" \/>\n<meta property=\"article:modified_time\" content=\"2024-02-23T10:38:44+00:00\" \/>\n<meta property=\"og:image\" content=\"https:\/\/departamentomedicinaclinica.umh.es\/files\/2018\/03\/Virus-Enfermedades-Infecciosas.jpg\" \/>\n\t<meta property=\"og:image:width\" content=\"555\" \/>\n\t<meta property=\"og:image:height\" content=\"347\" \/>\n<meta name=\"twitter:card\" content=\"summary_large_image\" \/>\n<meta name=\"twitter:creator\" content=\"@medicinaumh\" \/>\n<meta name=\"twitter:site\" content=\"@medicinaumh\" \/>\n<meta name=\"twitter:label1\" content=\"Written by\" \/>\n\t<meta name=\"twitter:data1\" content=\"garcia.natalia\" \/>\n\t<meta name=\"twitter:label2\" content=\"Est. reading time\" \/>\n\t<meta name=\"twitter:data2\" content=\"5 minuts\" \/>\n<script type=\"application\/ld+json\" class=\"yoast-schema-graph\">{\"@context\":\"https:\/\/schema.org\",\"@graph\":[{\"@type\":\"Organization\",\"@id\":\"https:\/\/departamentomedicinaclinica.umh.es\/#organization\",\"name\":\"Departamento Medicina Cl\\u00ednica Universidad Miguel Hern\\u00e1ndez de Elche\",\"url\":\"https:\/\/departamentomedicinaclinica.umh.es\/\",\"sameAs\":[\"https:\/\/www.youtube.com\/playlist?list=PLClKgnzRFYe6Y_i4QLNSlOwsZn0X3Klmb\",\"https:\/\/twitter.com\/medicinaumh\"],\"logo\":{\"@type\":\"ImageObject\",\"@id\":\"https:\/\/departamentomedicinaclinica.umh.es\/#logo\",\"inLanguage\":\"ca\",\"url\":\"https:\/\/departamentomedicinaclinica.umh.es\/files\/2024\/07\/meclin-vertical.png\",\"contentUrl\":\"https:\/\/departamentomedicinaclinica.umh.es\/files\/2024\/07\/meclin-vertical.png\",\"width\":1376,\"height\":1600,\"caption\":\"Departamento Medicina Cl\\u00ednica Universidad Miguel Hern\\u00e1ndez de Elche\"},\"image\":{\"@id\":\"https:\/\/departamentomedicinaclinica.umh.es\/#logo\"}},{\"@type\":\"WebSite\",\"@id\":\"https:\/\/departamentomedicinaclinica.umh.es\/#website\",\"url\":\"https:\/\/departamentomedicinaclinica.umh.es\/\",\"name\":\"Departamento de Medicina Cl\\u00ednica UMH\",\"description\":\"Otro sitio m\\u00e1s de Zeus.umh.es Blogs\",\"publisher\":{\"@id\":\"https:\/\/departamentomedicinaclinica.umh.es\/#organization\"},\"potentialAction\":[{\"@type\":\"SearchAction\",\"target\":{\"@type\":\"EntryPoint\",\"urlTemplate\":\"https:\/\/departamentomedicinaclinica.umh.es\/?s={search_term_string}\"},\"query-input\":\"required name=search_term_string\"}],\"inLanguage\":\"ca\"},{\"@type\":\"ImageObject\",\"@id\":\"https:\/\/departamentomedicinaclinica.umh.es\/2018\/03\/01\/avances-en-enfermedades-infecciosas-umh-seicv\/#primaryimage\",\"inLanguage\":\"ca\",\"url\":\"https:\/\/departamentomedicinaclinica.umh.es\/files\/2018\/03\/Virus-Enfermedades-Infecciosas.jpg\",\"contentUrl\":\"https:\/\/departamentomedicinaclinica.umh.es\/files\/2018\/03\/Virus-Enfermedades-Infecciosas.jpg\",\"width\":555,\"height\":347,\"caption\":\"Virus Enfermedades Infecciosas VIH\"},{\"@type\":\"WebPage\",\"@id\":\"https:\/\/departamentomedicinaclinica.umh.es\/2018\/03\/01\/avances-en-enfermedades-infecciosas-umh-seicv\/#webpage\",\"url\":\"https:\/\/departamentomedicinaclinica.umh.es\/2018\/03\/01\/avances-en-enfermedades-infecciosas-umh-seicv\/\",\"name\":\"Avan\\u00e7os en malalties infeccioses UMH XII Reuni\\u00f3 de la Societat de Malalties Infeccioses de la Comunitat Valenciana - Departamento de Medicina Cl\\u00ednica UMH\",\"isPartOf\":{\"@id\":\"https:\/\/departamentomedicinaclinica.umh.es\/#website\"},\"primaryImageOfPage\":{\"@id\":\"https:\/\/departamentomedicinaclinica.umh.es\/2018\/03\/01\/avances-en-enfermedades-infecciosas-umh-seicv\/#primaryimage\"},\"datePublished\":\"2018-03-01T09:20:50+00:00\",\"dateModified\":\"2024-02-23T10:38:44+00:00\",\"description\":\"Avan\\u00e7os en Malalties Infeccioses t\\u00edtol de la XII Reuni\\u00f3 de la Societat de Malalties Infeccioses de la Comunitat Valenciana (SEICV).\",\"breadcrumb\":{\"@id\":\"https:\/\/departamentomedicinaclinica.umh.es\/2018\/03\/01\/avances-en-enfermedades-infecciosas-umh-seicv\/#breadcrumb\"},\"inLanguage\":\"ca\",\"potentialAction\":[{\"@type\":\"ReadAction\",\"target\":[\"https:\/\/departamentomedicinaclinica.umh.es\/2018\/03\/01\/avances-en-enfermedades-infecciosas-umh-seicv\/\"]}]},{\"@type\":\"BreadcrumbList\",\"@id\":\"https:\/\/departamentomedicinaclinica.umh.es\/2018\/03\/01\/avances-en-enfermedades-infecciosas-umh-seicv\/#breadcrumb\",\"itemListElement\":[{\"@type\":\"ListItem\",\"position\":1,\"name\":\"Portada\",\"item\":\"https:\/\/departamentomedicinaclinica.umh.es\/\"},{\"@type\":\"ListItem\",\"position\":2,\"name\":\"Avances en enfermedades infecciosas UMH XII Reuni\\u00f3n de la Sociedad de Enfermedades Infecciosas de la Comunidad Valenciana\"}]},{\"@type\":\"Article\",\"@id\":\"https:\/\/departamentomedicinaclinica.umh.es\/2018\/03\/01\/avances-en-enfermedades-infecciosas-umh-seicv\/#article\",\"isPartOf\":{\"@id\":\"https:\/\/departamentomedicinaclinica.umh.es\/2018\/03\/01\/avances-en-enfermedades-infecciosas-umh-seicv\/#webpage\"},\"author\":{\"@id\":\"https:\/\/departamentomedicinaclinica.umh.es\/#\/schema\/person\/4cce65f000b37391eb0fdba785a882b9\"},\"headline\":\"Avan\\u00e7os en malalties infeccioses UMH XII Reuni\\u00f3 de la Societat de Malalties Infeccioses de la Comunitat Valenciana\",\"datePublished\":\"2018-03-01T09:20:50+00:00\",\"dateModified\":\"2024-02-23T10:38:44+00:00\",\"mainEntityOfPage\":{\"@id\":\"https:\/\/departamentomedicinaclinica.umh.es\/2018\/03\/01\/avances-en-enfermedades-infecciosas-umh-seicv\/#webpage\"},\"wordCount\":1129,\"publisher\":{\"@id\":\"https:\/\/departamentomedicinaclinica.umh.es\/#organization\"},\"image\":{\"@id\":\"https:\/\/departamentomedicinaclinica.umh.es\/2018\/03\/01\/avances-en-enfermedades-infecciosas-umh-seicv\/#primaryimage\"},\"thumbnailUrl\":\"https:\/\/departamentomedicinaclinica.umh.es\/files\/2018\/03\/Virus-Enfermedades-Infecciosas.jpg\",\"keywords\":[\"Avances en Enfermedades Infecciosas\",\"Enfermedades infecciosas UMH\",\"F\\u00e9lix Guti\\u00e9rrez Rodero\",\"Investigaci\\u00f3n\",\"Investigaciones\",\"Jornadas y seminarios\",\"Noticia\",\"Reuni\\u00f3n Enfermedades Infecciosas\",\"SEICV\",\"Seminarios y jornadas\",\"SIDA\",\"Sociedad de Enfermedades Infecciosas de la Comunidad Valenciana\"],\"articleSection\":[\"Actualidad\",\"Congresos\"],\"inLanguage\":\"ca\"},{\"@type\":\"Person\",\"@id\":\"https:\/\/departamentomedicinaclinica.umh.es\/#\/schema\/person\/4cce65f000b37391eb0fdba785a882b9\",\"name\":\"garcia.natalia\",\"image\":{\"@type\":\"ImageObject\",\"@id\":\"https:\/\/departamentomedicinaclinica.umh.es\/#personlogo\",\"inLanguage\":\"ca\",\"url\":\"https:\/\/secure.gravatar.com\/avatar\/2f6b18e6f874050af9faeeac24349c8c?s=96&d=mm&r=g\",\"contentUrl\":\"https:\/\/secure.gravatar.com\/avatar\/2f6b18e6f874050af9faeeac24349c8c?s=96&d=mm&r=g\",\"caption\":\"garcia.natalia\"},\"url\":\"https:\/\/departamentomedicinaclinica.umh.es\/ca\/author\/garcia-natalia\/\"}]}<\/script>\n<!-- \/ Yoast SEO plugin. -->","yoast_head_json":{"description":"Avan\u00e7os en Malalties Infeccioses t\u00edtol de la XII Reuni\u00f3 de la Societat de Malalties Infeccioses de la Comunitat Valenciana (SEICV).","robots":{"index":"index","follow":"follow","max-snippet":"max-snippet:-1","max-image-preview":"max-image-preview:large","max-video-preview":"max-video-preview:-1"},"canonical":"https:\/\/departamentomedicinaclinica.umh.es\/ca\/2018\/03\/01\/avances-en-enfermedades-infecciosas-umh-seicv\/","og_locale":"ca_ES","og_type":"article","og_title":"Avan\u00e7os en malalties infeccioses UMH XII Reuni\u00f3 de la Societat de Malalties Infeccioses de la Comunitat Valenciana - Departamento de Medicina Cl\u00ednica UMH","og_description":"Avan\u00e7os en Malalties Infeccioses t\u00edtol de la XII Reuni\u00f3 de la Societat de Malalties Infeccioses de la Comunitat Valenciana (SEICV).","og_url":"https:\/\/departamentomedicinaclinica.umh.es\/2018\/03\/01\/avances-en-enfermedades-infecciosas-umh-seicv\/","og_site_name":"Departamento de Medicina Cl\u00ednica UMH","article_published_time":"2018-03-01T09:20:50+00:00","article_modified_time":"2024-02-23T10:38:44+00:00","og_image":[{"width":555,"height":347,"url":"https:\/\/departamentomedicinaclinica.umh.es\/files\/2018\/03\/Virus-Enfermedades-Infecciosas.jpg","type":"image\/jpeg"}],"twitter_card":"summary_large_image","twitter_creator":"@medicinaumh","twitter_site":"@medicinaumh","twitter_misc":{"Written by":"garcia.natalia","Est. reading time":"5 minuts"},"schema":{"@context":"https:\/\/schema.org","@graph":[{"@type":"Organization","@id":"https:\/\/departamentomedicinaclinica.umh.es\/#organization","name":"Departamento Medicina Cl\u00ednica Universidad Miguel Hern\u00e1ndez de Elche","url":"https:\/\/departamentomedicinaclinica.umh.es\/","sameAs":["https:\/\/www.youtube.com\/playlist?list=PLClKgnzRFYe6Y_i4QLNSlOwsZn0X3Klmb","https:\/\/twitter.com\/medicinaumh"],"logo":{"@type":"ImageObject","@id":"https:\/\/departamentomedicinaclinica.umh.es\/#logo","inLanguage":"ca","url":"https:\/\/departamentomedicinaclinica.umh.es\/files\/2024\/07\/meclin-vertical.png","contentUrl":"https:\/\/departamentomedicinaclinica.umh.es\/files\/2024\/07\/meclin-vertical.png","width":1376,"height":1600,"caption":"Departamento Medicina Cl\u00ednica Universidad Miguel Hern\u00e1ndez de Elche"},"image":{"@id":"https:\/\/departamentomedicinaclinica.umh.es\/#logo"}},{"@type":"WebSite","@id":"https:\/\/departamentomedicinaclinica.umh.es\/#website","url":"https:\/\/departamentomedicinaclinica.umh.es\/","name":"Departamento de Medicina Cl\u00ednica UMH","description":"Otro sitio m\u00e1s de Zeus.umh.es Blogs","publisher":{"@id":"https:\/\/departamentomedicinaclinica.umh.es\/#organization"},"potentialAction":[{"@type":"SearchAction","target":{"@type":"EntryPoint","urlTemplate":"https:\/\/departamentomedicinaclinica.umh.es\/?s={search_term_string}"},"query-input":"required name=search_term_string"}],"inLanguage":"ca"},{"@type":"ImageObject","@id":"https:\/\/departamentomedicinaclinica.umh.es\/2018\/03\/01\/avances-en-enfermedades-infecciosas-umh-seicv\/#primaryimage","inLanguage":"ca","url":"https:\/\/departamentomedicinaclinica.umh.es\/files\/2018\/03\/Virus-Enfermedades-Infecciosas.jpg","contentUrl":"https:\/\/departamentomedicinaclinica.umh.es\/files\/2018\/03\/Virus-Enfermedades-Infecciosas.jpg","width":555,"height":347,"caption":"Virus Enfermedades Infecciosas VIH"},{"@type":"WebPage","@id":"https:\/\/departamentomedicinaclinica.umh.es\/2018\/03\/01\/avances-en-enfermedades-infecciosas-umh-seicv\/#webpage","url":"https:\/\/departamentomedicinaclinica.umh.es\/2018\/03\/01\/avances-en-enfermedades-infecciosas-umh-seicv\/","name":"Avan\u00e7os en malalties infeccioses UMH XII Reuni\u00f3 de la Societat de Malalties Infeccioses de la Comunitat Valenciana - Departamento de Medicina Cl\u00ednica UMH","isPartOf":{"@id":"https:\/\/departamentomedicinaclinica.umh.es\/#website"},"primaryImageOfPage":{"@id":"https:\/\/departamentomedicinaclinica.umh.es\/2018\/03\/01\/avances-en-enfermedades-infecciosas-umh-seicv\/#primaryimage"},"datePublished":"2018-03-01T09:20:50+00:00","dateModified":"2024-02-23T10:38:44+00:00","description":"Avan\u00e7os en Malalties Infeccioses t\u00edtol de la XII Reuni\u00f3 de la Societat de Malalties Infeccioses de la Comunitat Valenciana (SEICV).","breadcrumb":{"@id":"https:\/\/departamentomedicinaclinica.umh.es\/2018\/03\/01\/avances-en-enfermedades-infecciosas-umh-seicv\/#breadcrumb"},"inLanguage":"ca","potentialAction":[{"@type":"ReadAction","target":["https:\/\/departamentomedicinaclinica.umh.es\/2018\/03\/01\/avances-en-enfermedades-infecciosas-umh-seicv\/"]}]},{"@type":"BreadcrumbList","@id":"https:\/\/departamentomedicinaclinica.umh.es\/2018\/03\/01\/avances-en-enfermedades-infecciosas-umh-seicv\/#breadcrumb","itemListElement":[{"@type":"ListItem","position":1,"name":"Portada","item":"https:\/\/departamentomedicinaclinica.umh.es\/"},{"@type":"ListItem","position":2,"name":"Avances en enfermedades infecciosas UMH XII Reuni\u00f3n de la Sociedad de Enfermedades Infecciosas de la Comunidad Valenciana"}]},{"@type":"Article","@id":"https:\/\/departamentomedicinaclinica.umh.es\/2018\/03\/01\/avances-en-enfermedades-infecciosas-umh-seicv\/#article","isPartOf":{"@id":"https:\/\/departamentomedicinaclinica.umh.es\/2018\/03\/01\/avances-en-enfermedades-infecciosas-umh-seicv\/#webpage"},"author":{"@id":"https:\/\/departamentomedicinaclinica.umh.es\/#\/schema\/person\/4cce65f000b37391eb0fdba785a882b9"},"headline":"Avan\u00e7os en malalties infeccioses UMH XII Reuni\u00f3 de la Societat de Malalties Infeccioses de la Comunitat Valenciana","datePublished":"2018-03-01T09:20:50+00:00","dateModified":"2024-02-23T10:38:44+00:00","mainEntityOfPage":{"@id":"https:\/\/departamentomedicinaclinica.umh.es\/2018\/03\/01\/avances-en-enfermedades-infecciosas-umh-seicv\/#webpage"},"wordCount":1129,"publisher":{"@id":"https:\/\/departamentomedicinaclinica.umh.es\/#organization"},"image":{"@id":"https:\/\/departamentomedicinaclinica.umh.es\/2018\/03\/01\/avances-en-enfermedades-infecciosas-umh-seicv\/#primaryimage"},"thumbnailUrl":"https:\/\/departamentomedicinaclinica.umh.es\/files\/2018\/03\/Virus-Enfermedades-Infecciosas.jpg","keywords":["Avances en Enfermedades Infecciosas","Enfermedades infecciosas UMH","F\u00e9lix Guti\u00e9rrez Rodero","Investigaci\u00f3n","Investigaciones","Jornadas y seminarios","Noticia","Reuni\u00f3n Enfermedades Infecciosas","SEICV","Seminarios y jornadas","SIDA","Sociedad de Enfermedades Infecciosas de la Comunidad Valenciana"],"articleSection":["Actualidad","Congresos"],"inLanguage":"ca"},{"@type":"Person","@id":"https:\/\/departamentomedicinaclinica.umh.es\/#\/schema\/person\/4cce65f000b37391eb0fdba785a882b9","name":"garcia.natalia","image":{"@type":"ImageObject","@id":"https:\/\/departamentomedicinaclinica.umh.es\/#personlogo","inLanguage":"ca","url":"https:\/\/secure.gravatar.com\/avatar\/2f6b18e6f874050af9faeeac24349c8c?s=96&d=mm&r=g","contentUrl":"https:\/\/secure.gravatar.com\/avatar\/2f6b18e6f874050af9faeeac24349c8c?s=96&d=mm&r=g","caption":"garcia.natalia"},"url":"https:\/\/departamentomedicinaclinica.umh.es\/ca\/author\/garcia-natalia\/"}]}},"_links":{"self":[{"href":"https:\/\/departamentomedicinaclinica.umh.es\/ca\/wp-json\/wp\/v2\/posts\/16135"}],"collection":[{"href":"https:\/\/departamentomedicinaclinica.umh.es\/ca\/wp-json\/wp\/v2\/posts"}],"about":[{"href":"https:\/\/departamentomedicinaclinica.umh.es\/ca\/wp-json\/wp\/v2\/types\/post"}],"author":[{"embeddable":true,"href":"https:\/\/departamentomedicinaclinica.umh.es\/ca\/wp-json\/wp\/v2\/users\/3158"}],"replies":[{"embeddable":true,"href":"https:\/\/departamentomedicinaclinica.umh.es\/ca\/wp-json\/wp\/v2\/comments?post=16135"}],"version-history":[{"count":0,"href":"https:\/\/departamentomedicinaclinica.umh.es\/ca\/wp-json\/wp\/v2\/posts\/16135\/revisions"}],"wp:featuredmedia":[{"embeddable":true,"href":"https:\/\/departamentomedicinaclinica.umh.es\/ca\/wp-json\/wp\/v2\/media\/16240"}],"wp:attachment":[{"href":"https:\/\/departamentomedicinaclinica.umh.es\/ca\/wp-json\/wp\/v2\/media?parent=16135"}],"wp:term":[{"taxonomy":"category","embeddable":true,"href":"https:\/\/departamentomedicinaclinica.umh.es\/ca\/wp-json\/wp\/v2\/categories?post=16135"},{"taxonomy":"post_tag","embeddable":true,"href":"https:\/\/departamentomedicinaclinica.umh.es\/ca\/wp-json\/wp\/v2\/tags?post=16135"}],"curies":[{"name":"wp","href":"https:\/\/api.w.org\/{rel}","templated":true}]}}