{"id":16191,"date":"2018-02-28T09:05:43","date_gmt":"2018-02-28T08:05:43","guid":{"rendered":"http:\/\/www.departamentomedicinaclinicaumh.es\/?p=16191"},"modified":"2024-02-23T10:38:44","modified_gmt":"2024-02-23T10:38:44","slug":"apertura-de-nuevas-facultades-de-medicina-umh","status":"publish","type":"post","link":"https:\/\/departamentomedicinaclinica.umh.es\/ca\/2018\/02\/28\/apertura-de-nuevas-facultades-de-medicina-umh\/","title":{"rendered":"Obertura de noves facultats de medicina f\u00f2rum de debat UMH entre diversos degans"},"content":{"rendered":"<p><\/p>\n<p>Obertura de noves facultats de Medicina, soluci\u00f3 o problema? va ser el tema central de la <strong>taula redona<\/strong> del passat\u00a0<strong>2 de mar\u00e7<\/strong> en la\u00a0<a href=\"https:\/\/www.umh.es\/?lang=VAL\" target=\"_blank\" rel=\"noopener\">Universitat Miguel Hern\u00e1ndez (UMH)<\/a>. Degans de Medicina de la Comunitat Valenciana van debatre en la <a href=\"http:\/\/medicina.umh.es\" target=\"_blank\" rel=\"noopener\">Facultat de Medicina de la UMH<\/a> sobre la proliferaci\u00f3 de noves facultats i estudis d&#8217;aquesta disciplina. <!--more-->La taula redona es va celebrar el divendres 2 de mar\u00e7, a partir de les<strong> 17:00 h.<\/strong> en el Sal\u00f3 d&#8217;Actes del <a href=\"https:\/\/www.google.es\/maps\/place\/Edificio+Severo+Ochoa+-+UMH\/@38.3901947,-0.4325521,15z\/data=!4m5!3m4!1s0x0:0xb68ff3eede8f8f41!8m2!3d38.3901947!4d-0.4325521?sa=X&amp;ved=0ahUKEwid3LTk3dTZAhXE6RQKHR_YBZYQ_BIIfzAK\" target=\"_blank\" rel=\"noopener\"><strong>edifici Severo Ochoa<\/strong><\/a> del Campus de Sant Joan d&#8217;Alacant.<\/p>\n<p><img loading=\"lazy\" class=\"aligncenter wp-image-11700 size-full\" title=\"El Sal\u00f3 d'Actes de l'Edifici Sever Ochoa del Campus de Sant Joan de la UMH acull la taula redona sobre l'obertura de noves facultats de Medicina\" src=\"http:\/\/departamentomedicinaclinica.edu.umh.es\/wp-content\/uploads\/sites\/1455\/2016\/03\/Edificio-Severo-Ochoa-UMH.jpg\" alt=\"Seminari UMH Obertura de noves facultats de medicina de Medicina Universitat Miguel Hern\u00e1ndez\" width=\"550\" height=\"367\" srcset=\"https:\/\/departamentomedicinaclinica.umh.es\/files\/2016\/03\/Edificio-Severo-Ochoa-UMH.jpg 550w, https:\/\/departamentomedicinaclinica.umh.es\/files\/2016\/03\/Edificio-Severo-Ochoa-UMH-300x200.jpg 300w\" sizes=\"(max-width: 550px) 100vw, 550px\" \/><\/p>\n<h2>Qui va participar en la taula redona Obertura de noves facultats de Medicina en la UMH?<\/h2>\n<p>Principalment, en aquesta jornada participaran <strong>professionals m\u00e8dics i docents<\/strong> relacionats amb la medicina i la pr\u00e0ctica cl\u00ednica. Aix\u00ed com representants d&#8217;institucions auton\u00f2miques i nacionals de les diferents facultats de medicina de la universitats valencianes. Entre els assistents figuren:<\/p>\n<ul>\n<li><a href=\"http:\/\/www.umh.es\/contenido\/Estudiantes\/:persona_5319\/datos_val.html\" target=\"_blank\" rel=\"noopener\">Antonio Compa\u00f1 Rosique<\/a>, deg\u00e0 de la <a href=\"http:\/\/www.departamentomedicinaclinica.edu.umh.es\/ca\/\">Facultat de Medicina<\/a> de la Universitat Miguel Hern\u00e1ndez,<\/li>\n<li>Jos\u00e9 Luis \u00c1lvarez Sala Walther,\u00a0president de la <a href=\"http:\/\/www.cndmedicina.com\/\" target=\"_blank\" rel=\"noopener\"><br \/>\nConfer\u00e8ncia Nacional de Degans de les Facultats de Medicina Espanyoles<\/a>,<\/li>\n<li>Alejandro I\u00f1arra Navarro,\u00a0president del <a href=\"http:\/\/www.ceem.org.es\" target=\"_blank\" rel=\"noopener\">Consell Estatal d&#8217;Estudiants de Medicina<\/a>,<\/li>\n<li>Javier Chorro Gasc\u00f3, deg\u00e0 de la Facultat de Medicina de la <a href=\"https:\/\/www.uv.es\/uvweb\/medicina-odontologia\/ca\/facultat-medicina-odontologia-1285849537235.html\" target=\"_blank\" rel=\"noopener\">Universitat de Val\u00e8ncia<\/a> y,<\/li>\n<li>Rafael Ballester Arnal,\u00a0deg\u00e0 de la <a href=\"https:\/\/www.uji.es\/estudis\/oferta\/base\/graus\/2015\/medicina\/?urlRedirect=https:\/\/www.uji.es\/estudis\/oferta\/base\/graus\/2015\/medicina\/&amp;url=\/estudis\/oferta\/base\/graus\/2015\/medicina\/&amp;urlRedirect=https:\/\/www.uji.es\/estudis\/oferta\/base\/graus\/2015\/medicina\/&amp;url=\/estudis\/oferta\/base\/graus\/2015\/medicina\/\" target=\"_blank\" rel=\"noopener\">Facultat de Medicina de la Universitat Jaume I de Castell\u00f3<\/a>,<\/li>\n<\/ul>\n<h2>Quines van ser les conclusions de la taula redona Obertura de noves facultats de Medicina en la UMH?<\/h2>\n<p>En declaracions al <a href=\"http:\/\/www.diarioinformacion.com\/universidad\/2018\/03\/03\/cumbre-decanos-medicina-nueva-facultad\/1994708.html\" target=\"_blank\" rel=\"noopener\">diari informaci\u00f3n<\/a>, el deg\u00e0 de la Facultat de Medicina de la UMH, <strong>Antonio Compa\u00f1<\/strong>, assenyalava que: &#8220;L&#8217;obertura de noves facultats de Medicina no \u00e9s un problema local, sin\u00f3 estatal&#8221;.<\/p>\n<p>La proliferaci\u00f3 de noves facultats que impartisquen titulacions de Medicina en territori nacional aniria en detriment del nombre de places MIR.<\/p>\n<ul>\n<li>El redu\u00eft nombre de places de forma especialitzada,<\/li>\n<li>exc\u00e9s de demanda d&#8217;estudiants per al nombre de places MIR convocades,<\/li>\n<li>dif\u00edcil cobertura de llocs m\u00e8dics en zones rurals,<\/li>\n<li>desconeixement del nombre de metges en actiu,<\/li>\n<li>la falta d&#8217;informaci\u00f3 del nombre de jubilacions,<\/li>\n<li>falta de qualitat de les pr\u00e0ctiques hospital\u00e0ries,<\/li>\n<\/ul>\n<p>Aquestes s\u00f3n algunes de les reivindicacions per part de la <a title=\"Confer\u00e8ncia Nacional de Degans de Facultats de Medicina Espanyoles\" href=\"http:\/\/www.cndmedicina.com\/\" target=\"_blank\" rel=\"nofollow noopener\">\u00a0Confer\u00e8ncia Nacional de Degans de Facultats de Medicina Espanyoles<\/a>.\u00a0Durant 2017  s&#8217;han presentat 14.450 candidats per a 6.500 places del MIR. Aquest fet suposa que prop de 8.000 persones que es troben en cerca activa d&#8217;ocupaci\u00f3.<\/p>\n<p><img loading=\"lazy\" class=\"aligncenter wp-image-16208 size-full\" title=\"Degans de facultats de Medicina de la Comunitat Valenciana debaten en la UMH l'obertura de noves facultats\" src=\"http:\/\/departamentomedicinaclinica.edu.umh.es\/wp-content\/uploads\/sites\/1455\/2018\/02\/Cartell-Mesa-redonda-nuevas-facultades-medicina-UMH.jpg\" alt=\"Cartell anunciador Obertura de noves facultats de medicina Universitat Miguel Hern\u00e1ndez\" width=\"555\" height=\"785\" srcset=\"https:\/\/departamentomedicinaclinica.umh.es\/files\/2018\/02\/Cartell-Mesa-redonda-nuevas-facultades-medicina-UMH.jpg 555w, https:\/\/departamentomedicinaclinica.umh.es\/files\/2018\/02\/Cartell-Mesa-redonda-nuevas-facultades-medicina-UMH-212x300.jpg 212w\" sizes=\"(max-width: 555px) 100vw, 555px\" \/><br \/>\n&nbsp;<br \/>\n&nbsp;<br \/>\n&nbsp;<\/p>","protected":false},"excerpt":{"rendered":"<p>Ho sentim, aquesta entrada es troba disponible \u00fanicament en Espanyol Europeu.<\/p>\n","protected":false},"author":3158,"featured_media":16211,"comment_status":"closed","ping_status":"closed","sticky":false,"template":"","format":"standard","meta":{"_links_to":"","_links_to_target":""},"categories":[964,988062],"tags":[1090901,1091192,1155313,1297523,1298152,5131,6250,6268,6289,6295,6298],"yoast_head":"<!-- This site is optimized with the Yoast SEO plugin v17.5 - https:\/\/yoast.com\/wordpress\/plugins\/seo\/ -->\n<meta name=\"description\" content=\"Obertura de noves facultats de Medicina, soluci\u00f3 o problema? taula redona en la Universitat Miguel Hern\u00e1ndez (UMH)\u00a0on degans de Medicina debaten.\" \/>\n<meta name=\"robots\" content=\"index, follow, max-snippet:-1, max-image-preview:large, max-video-preview:-1\" \/>\n<link rel=\"canonical\" href=\"https:\/\/departamentomedicinaclinica.umh.es\/ca\/2018\/02\/28\/apertura-de-nuevas-facultades-de-medicina-umh\/\" \/>\n<meta property=\"og:locale\" content=\"ca_ES\" \/>\n<meta property=\"og:type\" content=\"article\" \/>\n<meta property=\"og:title\" content=\"Obertura de noves facultats de medicina f\u00f2rum de debat UMH entre diversos degans - Departamento de Medicina Cl\u00ednica UMH\" \/>\n<meta property=\"og:description\" content=\"Obertura de noves facultats de Medicina, soluci\u00f3 o problema? taula redona en la Universitat Miguel Hern\u00e1ndez (UMH)\u00a0on degans de Medicina debaten.\" \/>\n<meta property=\"og:url\" content=\"https:\/\/departamentomedicinaclinica.umh.es\/2018\/02\/28\/apertura-de-nuevas-facultades-de-medicina-umh\/\" \/>\n<meta property=\"og:site_name\" content=\"Departamento de Medicina Cl\u00ednica UMH\" \/>\n<meta property=\"article:published_time\" content=\"2018-02-28T08:05:43+00:00\" \/>\n<meta property=\"article:modified_time\" content=\"2024-02-23T10:38:44+00:00\" \/>\n<meta property=\"og:image\" content=\"https:\/\/departamentomedicinaclinica.umh.es\/files\/2018\/02\/Cartel-Mesa-Redonda-Decanos-Medicina-UMH.jpg\" \/>\n\t<meta property=\"og:image:width\" content=\"555\" \/>\n\t<meta property=\"og:image:height\" content=\"339\" \/>\n<meta name=\"twitter:card\" content=\"summary_large_image\" \/>\n<meta name=\"twitter:creator\" content=\"@medicinaumh\" \/>\n<meta name=\"twitter:site\" content=\"@medicinaumh\" \/>\n<meta name=\"twitter:label1\" content=\"Written by\" \/>\n\t<meta name=\"twitter:data1\" content=\"garcia.natalia\" \/>\n\t<meta name=\"twitter:label2\" content=\"Est. reading time\" \/>\n\t<meta name=\"twitter:data2\" content=\"6 minuts\" \/>\n<script type=\"application\/ld+json\" class=\"yoast-schema-graph\">{\"@context\":\"https:\/\/schema.org\",\"@graph\":[{\"@type\":\"Organization\",\"@id\":\"https:\/\/departamentomedicinaclinica.umh.es\/#organization\",\"name\":\"Departamento Medicina Cl\\u00ednica Universidad Miguel Hern\\u00e1ndez de Elche\",\"url\":\"https:\/\/departamentomedicinaclinica.umh.es\/\",\"sameAs\":[\"https:\/\/www.youtube.com\/playlist?list=PLClKgnzRFYe6Y_i4QLNSlOwsZn0X3Klmb\",\"https:\/\/twitter.com\/medicinaumh\"],\"logo\":{\"@type\":\"ImageObject\",\"@id\":\"https:\/\/departamentomedicinaclinica.umh.es\/#logo\",\"inLanguage\":\"ca\",\"url\":\"https:\/\/departamentomedicinaclinica.umh.es\/files\/2024\/07\/meclin-vertical.png\",\"contentUrl\":\"https:\/\/departamentomedicinaclinica.umh.es\/files\/2024\/07\/meclin-vertical.png\",\"width\":1376,\"height\":1600,\"caption\":\"Departamento Medicina Cl\\u00ednica Universidad Miguel Hern\\u00e1ndez de Elche\"},\"image\":{\"@id\":\"https:\/\/departamentomedicinaclinica.umh.es\/#logo\"}},{\"@type\":\"WebSite\",\"@id\":\"https:\/\/departamentomedicinaclinica.umh.es\/#website\",\"url\":\"https:\/\/departamentomedicinaclinica.umh.es\/\",\"name\":\"Departamento de Medicina Cl\\u00ednica UMH\",\"description\":\"Otro sitio m\\u00e1s de Zeus.umh.es Blogs\",\"publisher\":{\"@id\":\"https:\/\/departamentomedicinaclinica.umh.es\/#organization\"},\"potentialAction\":[{\"@type\":\"SearchAction\",\"target\":{\"@type\":\"EntryPoint\",\"urlTemplate\":\"https:\/\/departamentomedicinaclinica.umh.es\/?s={search_term_string}\"},\"query-input\":\"required name=search_term_string\"}],\"inLanguage\":\"ca\"},{\"@type\":\"ImageObject\",\"@id\":\"https:\/\/departamentomedicinaclinica.umh.es\/2018\/02\/28\/apertura-de-nuevas-facultades-de-medicina-umh\/#primaryimage\",\"inLanguage\":\"ca\",\"url\":\"https:\/\/departamentomedicinaclinica.umh.es\/files\/2018\/02\/Cartel-Mesa-Redonda-Decanos-Medicina-UMH.jpg\",\"contentUrl\":\"https:\/\/departamentomedicinaclinica.umh.es\/files\/2018\/02\/Cartel-Mesa-Redonda-Decanos-Medicina-UMH.jpg\",\"width\":555,\"height\":339,\"caption\":\"Cartel horizontal Mesa Redonda Decanos Medicina UMH\"},{\"@type\":\"WebPage\",\"@id\":\"https:\/\/departamentomedicinaclinica.umh.es\/2018\/02\/28\/apertura-de-nuevas-facultades-de-medicina-umh\/#webpage\",\"url\":\"https:\/\/departamentomedicinaclinica.umh.es\/2018\/02\/28\/apertura-de-nuevas-facultades-de-medicina-umh\/\",\"name\":\"Obertura de noves facultats de medicina f\\u00f2rum de debat UMH entre diversos degans - Departamento de Medicina Cl\\u00ednica UMH\",\"isPartOf\":{\"@id\":\"https:\/\/departamentomedicinaclinica.umh.es\/#website\"},\"primaryImageOfPage\":{\"@id\":\"https:\/\/departamentomedicinaclinica.umh.es\/2018\/02\/28\/apertura-de-nuevas-facultades-de-medicina-umh\/#primaryimage\"},\"datePublished\":\"2018-02-28T08:05:43+00:00\",\"dateModified\":\"2024-02-23T10:38:44+00:00\",\"description\":\"Obertura de noves facultats de Medicina, soluci\\u00f3 o problema? taula redona en la Universitat Miguel Hern\\u00e1ndez (UMH)\\u00a0on degans de Medicina debaten.\",\"breadcrumb\":{\"@id\":\"https:\/\/departamentomedicinaclinica.umh.es\/2018\/02\/28\/apertura-de-nuevas-facultades-de-medicina-umh\/#breadcrumb\"},\"inLanguage\":\"ca\",\"potentialAction\":[{\"@type\":\"ReadAction\",\"target\":[\"https:\/\/departamentomedicinaclinica.umh.es\/2018\/02\/28\/apertura-de-nuevas-facultades-de-medicina-umh\/\"]}]},{\"@type\":\"BreadcrumbList\",\"@id\":\"https:\/\/departamentomedicinaclinica.umh.es\/2018\/02\/28\/apertura-de-nuevas-facultades-de-medicina-umh\/#breadcrumb\",\"itemListElement\":[{\"@type\":\"ListItem\",\"position\":1,\"name\":\"Portada\",\"item\":\"https:\/\/departamentomedicinaclinica.umh.es\/\"},{\"@type\":\"ListItem\",\"position\":2,\"name\":\"Apertura de nuevas facultades de medicina foro de debate UMH entre varios decanos\"}]},{\"@type\":\"Article\",\"@id\":\"https:\/\/departamentomedicinaclinica.umh.es\/2018\/02\/28\/apertura-de-nuevas-facultades-de-medicina-umh\/#article\",\"isPartOf\":{\"@id\":\"https:\/\/departamentomedicinaclinica.umh.es\/2018\/02\/28\/apertura-de-nuevas-facultades-de-medicina-umh\/#webpage\"},\"author\":{\"@id\":\"https:\/\/departamentomedicinaclinica.umh.es\/#\/schema\/person\/4cce65f000b37391eb0fdba785a882b9\"},\"headline\":\"Obertura de noves facultats de medicina f\\u00f2rum de debat UMH entre diversos degans\",\"datePublished\":\"2018-02-28T08:05:43+00:00\",\"dateModified\":\"2024-02-23T10:38:44+00:00\",\"mainEntityOfPage\":{\"@id\":\"https:\/\/departamentomedicinaclinica.umh.es\/2018\/02\/28\/apertura-de-nuevas-facultades-de-medicina-umh\/#webpage\"},\"wordCount\":1227,\"publisher\":{\"@id\":\"https:\/\/departamentomedicinaclinica.umh.es\/#organization\"},\"image\":{\"@id\":\"https:\/\/departamentomedicinaclinica.umh.es\/2018\/02\/28\/apertura-de-nuevas-facultades-de-medicina-umh\/#primaryimage\"},\"thumbnailUrl\":\"https:\/\/departamentomedicinaclinica.umh.es\/files\/2018\/02\/Cartel-Mesa-Redonda-Decanos-Medicina-UMH.jpg\",\"keywords\":[\"Decanos Medicina\",\"Decanos Medicina UMH\",\"Facultad de Medicina UMH\",\"Nueva facultad de Medicina Alicante\",\"Nuevas facultades de Medicina\",\"Reuni\\u00f3n Decanos Medicina Alicante\",\"Universidad de Alicante Medicina\",\"Universidad Miguel Hern\\u00e1ndez debate Medicina\",\"universidad privada Medicina\",\"universidades p\\u00fablicas Medicinas\",\"Universidades valencianas debate Medicina\"],\"articleSection\":[\"Actualidad\",\"Congresos\"],\"inLanguage\":\"ca\"},{\"@type\":\"Person\",\"@id\":\"https:\/\/departamentomedicinaclinica.umh.es\/#\/schema\/person\/4cce65f000b37391eb0fdba785a882b9\",\"name\":\"garcia.natalia\",\"image\":{\"@type\":\"ImageObject\",\"@id\":\"https:\/\/departamentomedicinaclinica.umh.es\/#personlogo\",\"inLanguage\":\"ca\",\"url\":\"https:\/\/secure.gravatar.com\/avatar\/2f6b18e6f874050af9faeeac24349c8c?s=96&d=mm&r=g\",\"contentUrl\":\"https:\/\/secure.gravatar.com\/avatar\/2f6b18e6f874050af9faeeac24349c8c?s=96&d=mm&r=g\",\"caption\":\"garcia.natalia\"},\"url\":\"https:\/\/departamentomedicinaclinica.umh.es\/ca\/author\/garcia-natalia\/\"}]}<\/script>\n<!-- \/ Yoast SEO plugin. -->","yoast_head_json":{"description":"Obertura de noves facultats de Medicina, soluci\u00f3 o problema? taula redona en la Universitat Miguel Hern\u00e1ndez (UMH)\u00a0on degans de Medicina debaten.","robots":{"index":"index","follow":"follow","max-snippet":"max-snippet:-1","max-image-preview":"max-image-preview:large","max-video-preview":"max-video-preview:-1"},"canonical":"https:\/\/departamentomedicinaclinica.umh.es\/ca\/2018\/02\/28\/apertura-de-nuevas-facultades-de-medicina-umh\/","og_locale":"ca_ES","og_type":"article","og_title":"Obertura de noves facultats de medicina f\u00f2rum de debat UMH entre diversos degans - Departamento de Medicina Cl\u00ednica UMH","og_description":"Obertura de noves facultats de Medicina, soluci\u00f3 o problema? taula redona en la Universitat Miguel Hern\u00e1ndez (UMH)\u00a0on degans de Medicina debaten.","og_url":"https:\/\/departamentomedicinaclinica.umh.es\/2018\/02\/28\/apertura-de-nuevas-facultades-de-medicina-umh\/","og_site_name":"Departamento de Medicina Cl\u00ednica UMH","article_published_time":"2018-02-28T08:05:43+00:00","article_modified_time":"2024-02-23T10:38:44+00:00","og_image":[{"width":555,"height":339,"url":"https:\/\/departamentomedicinaclinica.umh.es\/files\/2018\/02\/Cartel-Mesa-Redonda-Decanos-Medicina-UMH.jpg","type":"image\/jpeg"}],"twitter_card":"summary_large_image","twitter_creator":"@medicinaumh","twitter_site":"@medicinaumh","twitter_misc":{"Written by":"garcia.natalia","Est. reading time":"6 minuts"},"schema":{"@context":"https:\/\/schema.org","@graph":[{"@type":"Organization","@id":"https:\/\/departamentomedicinaclinica.umh.es\/#organization","name":"Departamento Medicina Cl\u00ednica Universidad Miguel Hern\u00e1ndez de Elche","url":"https:\/\/departamentomedicinaclinica.umh.es\/","sameAs":["https:\/\/www.youtube.com\/playlist?list=PLClKgnzRFYe6Y_i4QLNSlOwsZn0X3Klmb","https:\/\/twitter.com\/medicinaumh"],"logo":{"@type":"ImageObject","@id":"https:\/\/departamentomedicinaclinica.umh.es\/#logo","inLanguage":"ca","url":"https:\/\/departamentomedicinaclinica.umh.es\/files\/2024\/07\/meclin-vertical.png","contentUrl":"https:\/\/departamentomedicinaclinica.umh.es\/files\/2024\/07\/meclin-vertical.png","width":1376,"height":1600,"caption":"Departamento Medicina Cl\u00ednica Universidad Miguel Hern\u00e1ndez de Elche"},"image":{"@id":"https:\/\/departamentomedicinaclinica.umh.es\/#logo"}},{"@type":"WebSite","@id":"https:\/\/departamentomedicinaclinica.umh.es\/#website","url":"https:\/\/departamentomedicinaclinica.umh.es\/","name":"Departamento de Medicina Cl\u00ednica UMH","description":"Otro sitio m\u00e1s de Zeus.umh.es Blogs","publisher":{"@id":"https:\/\/departamentomedicinaclinica.umh.es\/#organization"},"potentialAction":[{"@type":"SearchAction","target":{"@type":"EntryPoint","urlTemplate":"https:\/\/departamentomedicinaclinica.umh.es\/?s={search_term_string}"},"query-input":"required name=search_term_string"}],"inLanguage":"ca"},{"@type":"ImageObject","@id":"https:\/\/departamentomedicinaclinica.umh.es\/2018\/02\/28\/apertura-de-nuevas-facultades-de-medicina-umh\/#primaryimage","inLanguage":"ca","url":"https:\/\/departamentomedicinaclinica.umh.es\/files\/2018\/02\/Cartel-Mesa-Redonda-Decanos-Medicina-UMH.jpg","contentUrl":"https:\/\/departamentomedicinaclinica.umh.es\/files\/2018\/02\/Cartel-Mesa-Redonda-Decanos-Medicina-UMH.jpg","width":555,"height":339,"caption":"Cartel horizontal Mesa Redonda Decanos Medicina UMH"},{"@type":"WebPage","@id":"https:\/\/departamentomedicinaclinica.umh.es\/2018\/02\/28\/apertura-de-nuevas-facultades-de-medicina-umh\/#webpage","url":"https:\/\/departamentomedicinaclinica.umh.es\/2018\/02\/28\/apertura-de-nuevas-facultades-de-medicina-umh\/","name":"Obertura de noves facultats de medicina f\u00f2rum de debat UMH entre diversos degans - Departamento de Medicina Cl\u00ednica UMH","isPartOf":{"@id":"https:\/\/departamentomedicinaclinica.umh.es\/#website"},"primaryImageOfPage":{"@id":"https:\/\/departamentomedicinaclinica.umh.es\/2018\/02\/28\/apertura-de-nuevas-facultades-de-medicina-umh\/#primaryimage"},"datePublished":"2018-02-28T08:05:43+00:00","dateModified":"2024-02-23T10:38:44+00:00","description":"Obertura de noves facultats de Medicina, soluci\u00f3 o problema? taula redona en la Universitat Miguel Hern\u00e1ndez (UMH)\u00a0on degans de Medicina debaten.","breadcrumb":{"@id":"https:\/\/departamentomedicinaclinica.umh.es\/2018\/02\/28\/apertura-de-nuevas-facultades-de-medicina-umh\/#breadcrumb"},"inLanguage":"ca","potentialAction":[{"@type":"ReadAction","target":["https:\/\/departamentomedicinaclinica.umh.es\/2018\/02\/28\/apertura-de-nuevas-facultades-de-medicina-umh\/"]}]},{"@type":"BreadcrumbList","@id":"https:\/\/departamentomedicinaclinica.umh.es\/2018\/02\/28\/apertura-de-nuevas-facultades-de-medicina-umh\/#breadcrumb","itemListElement":[{"@type":"ListItem","position":1,"name":"Portada","item":"https:\/\/departamentomedicinaclinica.umh.es\/"},{"@type":"ListItem","position":2,"name":"Apertura de nuevas facultades de medicina foro de debate UMH entre varios decanos"}]},{"@type":"Article","@id":"https:\/\/departamentomedicinaclinica.umh.es\/2018\/02\/28\/apertura-de-nuevas-facultades-de-medicina-umh\/#article","isPartOf":{"@id":"https:\/\/departamentomedicinaclinica.umh.es\/2018\/02\/28\/apertura-de-nuevas-facultades-de-medicina-umh\/#webpage"},"author":{"@id":"https:\/\/departamentomedicinaclinica.umh.es\/#\/schema\/person\/4cce65f000b37391eb0fdba785a882b9"},"headline":"Obertura de noves facultats de medicina f\u00f2rum de debat UMH entre diversos degans","datePublished":"2018-02-28T08:05:43+00:00","dateModified":"2024-02-23T10:38:44+00:00","mainEntityOfPage":{"@id":"https:\/\/departamentomedicinaclinica.umh.es\/2018\/02\/28\/apertura-de-nuevas-facultades-de-medicina-umh\/#webpage"},"wordCount":1227,"publisher":{"@id":"https:\/\/departamentomedicinaclinica.umh.es\/#organization"},"image":{"@id":"https:\/\/departamentomedicinaclinica.umh.es\/2018\/02\/28\/apertura-de-nuevas-facultades-de-medicina-umh\/#primaryimage"},"thumbnailUrl":"https:\/\/departamentomedicinaclinica.umh.es\/files\/2018\/02\/Cartel-Mesa-Redonda-Decanos-Medicina-UMH.jpg","keywords":["Decanos Medicina","Decanos Medicina UMH","Facultad de Medicina UMH","Nueva facultad de Medicina Alicante","Nuevas facultades de Medicina","Reuni\u00f3n Decanos Medicina Alicante","Universidad de Alicante Medicina","Universidad Miguel Hern\u00e1ndez debate Medicina","universidad privada Medicina","universidades p\u00fablicas Medicinas","Universidades valencianas debate Medicina"],"articleSection":["Actualidad","Congresos"],"inLanguage":"ca"},{"@type":"Person","@id":"https:\/\/departamentomedicinaclinica.umh.es\/#\/schema\/person\/4cce65f000b37391eb0fdba785a882b9","name":"garcia.natalia","image":{"@type":"ImageObject","@id":"https:\/\/departamentomedicinaclinica.umh.es\/#personlogo","inLanguage":"ca","url":"https:\/\/secure.gravatar.com\/avatar\/2f6b18e6f874050af9faeeac24349c8c?s=96&d=mm&r=g","contentUrl":"https:\/\/secure.gravatar.com\/avatar\/2f6b18e6f874050af9faeeac24349c8c?s=96&d=mm&r=g","caption":"garcia.natalia"},"url":"https:\/\/departamentomedicinaclinica.umh.es\/ca\/author\/garcia-natalia\/"}]}},"_links":{"self":[{"href":"https:\/\/departamentomedicinaclinica.umh.es\/ca\/wp-json\/wp\/v2\/posts\/16191"}],"collection":[{"href":"https:\/\/departamentomedicinaclinica.umh.es\/ca\/wp-json\/wp\/v2\/posts"}],"about":[{"href":"https:\/\/departamentomedicinaclinica.umh.es\/ca\/wp-json\/wp\/v2\/types\/post"}],"author":[{"embeddable":true,"href":"https:\/\/departamentomedicinaclinica.umh.es\/ca\/wp-json\/wp\/v2\/users\/3158"}],"replies":[{"embeddable":true,"href":"https:\/\/departamentomedicinaclinica.umh.es\/ca\/wp-json\/wp\/v2\/comments?post=16191"}],"version-history":[{"count":0,"href":"https:\/\/departamentomedicinaclinica.umh.es\/ca\/wp-json\/wp\/v2\/posts\/16191\/revisions"}],"wp:featuredmedia":[{"embeddable":true,"href":"https:\/\/departamentomedicinaclinica.umh.es\/ca\/wp-json\/wp\/v2\/media\/16211"}],"wp:attachment":[{"href":"https:\/\/departamentomedicinaclinica.umh.es\/ca\/wp-json\/wp\/v2\/media?parent=16191"}],"wp:term":[{"taxonomy":"category","embeddable":true,"href":"https:\/\/departamentomedicinaclinica.umh.es\/ca\/wp-json\/wp\/v2\/categories?post=16191"},{"taxonomy":"post_tag","embeddable":true,"href":"https:\/\/departamentomedicinaclinica.umh.es\/ca\/wp-json\/wp\/v2\/tags?post=16191"}],"curies":[{"name":"wp","href":"https:\/\/api.w.org\/{rel}","templated":true}]}}