{"id":16351,"date":"2018-05-31T08:18:40","date_gmt":"2018-05-31T06:18:40","guid":{"rendered":"http:\/\/www.departamentomedicinaclinicaumh.es\/?p=16351"},"modified":"2024-02-23T10:38:43","modified_gmt":"2024-02-23T10:38:43","slug":"catedra-de-investigacion-en-cronicidad-umh-semergen","status":"publish","type":"post","link":"https:\/\/departamentomedicinaclinica.umh.es\/ca\/2018\/05\/31\/catedra-de-investigacion-en-cronicidad-umh-semergen\/","title":{"rendered":"La C\u00e0tedra d&#8217;Investigaci\u00f3 en Cronicitat per la Universitat Miguel Hern\u00e0ndez i Semergen ja \u00e9s una realitat"},"content":{"rendered":"<p><\/p>\n<p>La C\u00e0tedra d&#8217;Investigaci\u00f3 en Cronicitat UMH i SEMERGEN ja ha tirat a caminar. Representants del Departament de Medicina Cl\u00ednica de la Universitat Miguel Hern\u00e1ndez i de SEMERGEN han estret lla\u00e7os en la creaci\u00f3 d&#8217;aquest recent estudi.<\/p>\n<h3>Qui s\u00f3n els responsables de l&#8217;acord de la C\u00e0tedra d&#8217;Investigaci\u00f3 en Cronicitat UMH i SEMERGEN?<\/h3>\n<p><!--more--><br \/>\nTant representants de la Universitat Miguel Hern\u00e1ndez d&#8217;Elx, com de la Societat M\u00e8dica d&#8217;Atenci\u00f3 Prim\u00e0ria han sigut els encarregats de portar a terme l&#8217;acord.<\/p>\n<ul>\n<li><a href=\"http:\/\/www.umh.es\/contenido\/pdi\/:persona_32196\/datos_val.html\" target=\"_blank\" rel=\"noopener\">Jes\u00fas Pastor Ciurana<\/a>, rector de la Universitat Miguel Hern\u00e1ndez (UMH), i<\/li>\n<li><a href=\"https:\/\/www.semergen.es\/?seccion=dinamico&amp;subSeccion=bloque&amp;idS=8&amp;idSS=32\" target=\"_blank\" rel=\"noopener\">Jos\u00e9 Luis Llisterri<\/a>, president de la Societat Espanyola de Metges d&#8217;Atenci\u00f3 Prim\u00e0ria (<a href=\"https:\/\/www.semergen.es\/\" target=\"_blank\" rel=\"noopener\">SEMERGEN<\/a>)<\/li>\n<\/ul>\n<p>Les dues m\u00e0ximes autoritats acad\u00e8mica i m\u00e8dica, han rubricat el conveni de creaci\u00f3 de la <strong>C\u00e0tedra d&#8217;Investigaci\u00f3 en Cronicitat SEMERGEN-UMH<\/strong>.<br \/>\n<img loading=\"lazy\" class=\"aligncenter wp-image-16528 size-full\" title=\"El rector de la UMH i el m\u00e0xim responsable de SEMERGEN segellen l'acord per a la pr\u00f2xima C\u00e0tedra d'Investigaci\u00f3 en Cronicitat UMH-SEMERGEN\" src=\"https:\/\/departamentomedicinaclinica.umh.es\/files\/2018\/04\/Firma-acuerdo-Rector-UMH-SEMERGEN-catedra-Cronicidad.jpg\" alt=\"Encreuament de mans acorde C\u00e0tedra d'Investigaci\u00f3 en Cronicitat UMH-SEMERGEN\" width=\"598\" height=\"400\" srcset=\"https:\/\/departamentomedicinaclinica.umh.es\/files\/2018\/04\/Firma-acuerdo-Rector-UMH-SEMERGEN-catedra-Cronicidad.jpg 598w, https:\/\/departamentomedicinaclinica.umh.es\/files\/2018\/04\/Firma-acuerdo-Rector-UMH-SEMERGEN-catedra-Cronicidad-300x201.jpg 300w\" sizes=\"(max-width: 598px) 100vw, 598px\" \/><\/p>\n<h3>Quins s\u00f3n els objectius de la C\u00e0tedra d&#8217;Investigaci\u00f3 en Cronicitat UMH i SEMERGEN?<\/h3>\n<p>Els objectius generals d&#8217;aquesta nova C\u00e0tedra s\u00f3n:<\/p>\n<ul>\n<li>la formaci\u00f3,<\/li>\n<li>la recerca,<\/li>\n<li>el desenvolupament i<\/li>\n<li>la transfer\u00e8ncia de coneixement en l&#8217;\u00e0mbit de la cronicitat en salut,<\/li>\n<\/ul>\n<p>Tot a\u00e7\u00f2 mitjan\u00e7ant la realitzaci\u00f3 d&#8217;activitats formatives i de recerca. Aix\u00ed com la celebraci\u00f3 de seminaris o tallers divulgatius d&#8217;inter\u00e8s. Principalment sobre cronicitat des de la perspectiva de l&#8217;Atenci\u00f3 Prim\u00e0ria.<\/p>\n<h3>Quins van assistir a la signatura de la C\u00e0tedra d&#8217;Investigaci\u00f3 en Cronicitat UMH i SEMERGEN?<\/h3>\n<p>A la signatura han assistit, tamb\u00e9, el vicerector de Recerca i Innovaci\u00f3 de la UMH, <strong>Manuel Jord\u00e1n Vidal.<\/strong> El director de la C\u00e0tedra, <a href=\"https:\/\/www.umh.es\/contenido\/Visitantes\/:persona_32922\/datos_val.html\">Felipe Navarro<\/a> i en representaci\u00f3 del Departament de Medicina Cl\u00ednica de la UMH. El secretari de SEMERGEN, <strong>Rafael M. Mic\u00f3<\/strong>, i el secretari de SEMERGEN Comunitat Valenciana, <strong>Javier Sanz<\/strong>.<br \/>\nEn paraules dels seus impulsors, <em>&#8220;aquesta C\u00e0tedra deu la seua import\u00e0ncia al paper protagonista que adquireixen les malalties cr\u00f2niques en el Sistema Nacional de Salut, ja que el 80% de les consultes d&#8217;Atenci\u00f3 Prim\u00e0ria es deuen a malalties cr\u00f2niques&#8221;.<\/em><br \/>\nPer la seua banda, Jos\u00e9 Luis Llisterri, president de <strong>SEMERGEN<\/strong>, ha posat l&#8217;accent en diversos assumptes. D&#8217;una banda, l&#8217;obligat protagonisme que l&#8217;ensenyament d&#8217;Atenci\u00f3 Prim\u00e0ria ha d&#8217;adquirir. Sobretot en la universitat a trav\u00e9s del <a href=\"http:\/\/www.umh.es\/contenido\/pas\/:tit_g_132_M1\/datos_val.html\" target=\"_blank\" rel=\"noopener\"><strong>Grau en Medicina<\/strong><\/a>. Com comentava, \u201caproximadament un 27% de les places que s&#8217;ofereixen en el MIR estan designades per a Medicina de Fam\u00edlia i Comunit\u00e0ria. Un gran percentatge que ens impulsa a treballar per incrementar la pres\u00e8ncia de l&#8217;especialitat en l&#8217;\u00e0mbit acad\u00e8mic i impulsar la dotaci\u00f3 de coneixements i compet\u00e8ncies entre els estudiants sobre Atenci\u00f3 Prim\u00e0ria\u201d.<br \/>\nLa C\u00e0tedra d&#8217;Investigaci\u00f3 en Cronicitat UMH i SEMEMERGEN \u00e9s necess\u00e0ria per les seues implicacions per al primer nivell assistencial. I a m\u00e9s, sin\u00f3 que, tamb\u00e9 ho \u00e9s per paper protagonista que adquireixen les malalties cr\u00f2niques en <strong>el Sistema Nacional de Salut (SNS)<\/strong> pel progressiu envelliment de la poblaci\u00f3.<br \/>\n<img loading=\"lazy\" class=\"wp-image-79 size-full aligncenter\" title=\"Tamb\u00e9 la UMH participa en la creaci\u00f3 dels nous estudis de la c\u00e0tedra SEMERGEN-UMH\" src=\"https:\/\/departamentomedicinaclinica.umh.es\/files\/2014\/11\/logo-umh.png\" alt=\"Logotip UniversiTAT Miguel Hern\u00e1ndez d'Elx C\u00e0tedra d'Investigaci\u00f3 en Cronicitat\" width=\"140\" height=\"59\" \/><br \/>\n<img loading=\"lazy\" class=\"wp-image-16529 size-thumbnail aligncenter\" title=\"SEMERGEN col\u00b7labora en la creaci\u00f3 de la c\u00e0tedra de Cronicitat al costat de la UMH\" src=\"https:\/\/departamentomedicinaclinica.umh.es\/files\/2018\/04\/Logo-SEMERGEN-Sociedad-Espanyola-de-Medicos-de-Atencion-Primaria-150x150.jpg\" alt=\"Logo SEMERGEN Societat Espanyola de Metges d'Atenci\u00f3 Prim\u00e0ria i C\u00e0tedra d'Investigaci\u00f3 en Cronicitat\" width=\"150\" height=\"150\" \/><\/p>","protected":false},"excerpt":{"rendered":"<p>Ho sentim, aquesta entrada es troba disponible \u00fanicament en Espanyol Europeu.<\/p>\n","protected":false},"author":3158,"featured_media":16527,"comment_status":"closed","ping_status":"closed","sticky":false,"template":"","format":"standard","meta":{"_links_to":"","_links_to_target":""},"categories":[964,988210],"tags":[999568,50922,53143,1083891,1145312,1157900,1336090,5455,5650],"yoast_head":"<!-- This site is optimized with the Yoast SEO plugin v17.5 - https:\/\/yoast.com\/wordpress\/plugins\/seo\/ -->\n<meta name=\"description\" content=\"C\u00e0tedra d&#039;Investigaci\u00f3 en Cronicitat\u00a0UMH\u00a0i\u00a0SEMERGEN acord del Departament de Medicina Cl\u00ednica Universitat Miguel Hern\u00e1ndez i\u00a0SEMERGEN.\u00a0\" \/>\n<meta name=\"robots\" content=\"index, follow, max-snippet:-1, max-image-preview:large, max-video-preview:-1\" \/>\n<link rel=\"canonical\" href=\"https:\/\/departamentomedicinaclinica.umh.es\/ca\/2018\/05\/31\/catedra-de-investigacion-en-cronicidad-umh-semergen\/\" \/>\n<meta property=\"og:locale\" content=\"ca_ES\" \/>\n<meta property=\"og:type\" content=\"article\" \/>\n<meta property=\"og:title\" content=\"La C\u00e0tedra d&#039;Investigaci\u00f3 en Cronicitat per la Universitat Miguel Hern\u00e0ndez i Semergen ja \u00e9s una realitat - Departamento de Medicina Cl\u00ednica UMH\" \/>\n<meta property=\"og:description\" content=\"C\u00e0tedra d&#039;Investigaci\u00f3 en Cronicitat\u00a0UMH\u00a0i\u00a0SEMERGEN acord del Departament de Medicina Cl\u00ednica Universitat Miguel Hern\u00e1ndez i\u00a0SEMERGEN.\u00a0\" \/>\n<meta property=\"og:url\" content=\"https:\/\/departamentomedicinaclinica.umh.es\/2018\/05\/31\/catedra-de-investigacion-en-cronicidad-umh-semergen\/\" \/>\n<meta property=\"og:site_name\" content=\"Departamento de Medicina Cl\u00ednica UMH\" \/>\n<meta property=\"article:published_time\" content=\"2018-05-31T06:18:40+00:00\" \/>\n<meta property=\"article:modified_time\" content=\"2024-02-23T10:38:43+00:00\" \/>\n<meta property=\"og:image\" content=\"https:\/\/departamentomedicinaclinica.umh.es\/files\/2018\/04\/Catedra-Cronicidad-acuerdo-UMH-SEMERGEN.jpg\" \/>\n\t<meta property=\"og:image:width\" content=\"555\" \/>\n\t<meta property=\"og:image:height\" content=\"339\" \/>\n<meta name=\"twitter:card\" content=\"summary_large_image\" \/>\n<meta name=\"twitter:creator\" content=\"@medicinaumh\" \/>\n<meta name=\"twitter:site\" content=\"@medicinaumh\" \/>\n<meta name=\"twitter:label1\" content=\"Written by\" \/>\n\t<meta name=\"twitter:data1\" content=\"garcia.natalia\" \/>\n\t<meta name=\"twitter:label2\" content=\"Est. reading time\" \/>\n\t<meta name=\"twitter:data2\" content=\"7 minuts\" \/>\n<script type=\"application\/ld+json\" class=\"yoast-schema-graph\">{\"@context\":\"https:\/\/schema.org\",\"@graph\":[{\"@type\":\"Organization\",\"@id\":\"https:\/\/departamentomedicinaclinica.umh.es\/#organization\",\"name\":\"Departamento Medicina Cl\\u00ednica Universidad Miguel Hern\\u00e1ndez de Elche\",\"url\":\"https:\/\/departamentomedicinaclinica.umh.es\/\",\"sameAs\":[\"https:\/\/www.youtube.com\/playlist?list=PLClKgnzRFYe6Y_i4QLNSlOwsZn0X3Klmb\",\"https:\/\/twitter.com\/medicinaumh\"],\"logo\":{\"@type\":\"ImageObject\",\"@id\":\"https:\/\/departamentomedicinaclinica.umh.es\/#logo\",\"inLanguage\":\"ca\",\"url\":\"https:\/\/departamentomedicinaclinica.umh.es\/files\/2024\/07\/meclin-vertical.png\",\"contentUrl\":\"https:\/\/departamentomedicinaclinica.umh.es\/files\/2024\/07\/meclin-vertical.png\",\"width\":1376,\"height\":1600,\"caption\":\"Departamento Medicina Cl\\u00ednica Universidad Miguel Hern\\u00e1ndez de Elche\"},\"image\":{\"@id\":\"https:\/\/departamentomedicinaclinica.umh.es\/#logo\"}},{\"@type\":\"WebSite\",\"@id\":\"https:\/\/departamentomedicinaclinica.umh.es\/#website\",\"url\":\"https:\/\/departamentomedicinaclinica.umh.es\/\",\"name\":\"Departamento de Medicina Cl\\u00ednica UMH\",\"description\":\"Otro sitio m\\u00e1s de Zeus.umh.es Blogs\",\"publisher\":{\"@id\":\"https:\/\/departamentomedicinaclinica.umh.es\/#organization\"},\"potentialAction\":[{\"@type\":\"SearchAction\",\"target\":{\"@type\":\"EntryPoint\",\"urlTemplate\":\"https:\/\/departamentomedicinaclinica.umh.es\/?s={search_term_string}\"},\"query-input\":\"required name=search_term_string\"}],\"inLanguage\":\"ca\"},{\"@type\":\"ImageObject\",\"@id\":\"https:\/\/departamentomedicinaclinica.umh.es\/2018\/05\/31\/catedra-de-investigacion-en-cronicidad-umh-semergen\/#primaryimage\",\"inLanguage\":\"ca\",\"url\":\"https:\/\/departamentomedicinaclinica.umh.es\/files\/2018\/04\/Catedra-Cronicidad-acuerdo-UMH-SEMERGEN.jpg\",\"contentUrl\":\"https:\/\/departamentomedicinaclinica.umh.es\/files\/2018\/04\/Catedra-Cronicidad-acuerdo-UMH-SEMERGEN.jpg\",\"width\":555,\"height\":339,\"caption\":\"Miembros C\\u00e1tedra Cronicidad acuerdo UMH-SEMERGEN\"},{\"@type\":\"WebPage\",\"@id\":\"https:\/\/departamentomedicinaclinica.umh.es\/2018\/05\/31\/catedra-de-investigacion-en-cronicidad-umh-semergen\/#webpage\",\"url\":\"https:\/\/departamentomedicinaclinica.umh.es\/2018\/05\/31\/catedra-de-investigacion-en-cronicidad-umh-semergen\/\",\"name\":\"La C\\u00e0tedra d'Investigaci\\u00f3 en Cronicitat per la Universitat Miguel Hern\\u00e0ndez i Semergen ja \\u00e9s una realitat - Departamento de Medicina Cl\\u00ednica UMH\",\"isPartOf\":{\"@id\":\"https:\/\/departamentomedicinaclinica.umh.es\/#website\"},\"primaryImageOfPage\":{\"@id\":\"https:\/\/departamentomedicinaclinica.umh.es\/2018\/05\/31\/catedra-de-investigacion-en-cronicidad-umh-semergen\/#primaryimage\"},\"datePublished\":\"2018-05-31T06:18:40+00:00\",\"dateModified\":\"2024-02-23T10:38:43+00:00\",\"description\":\"C\\u00e0tedra d'Investigaci\\u00f3 en Cronicitat\\u00a0UMH\\u00a0i\\u00a0SEMERGEN acord del Departament de Medicina Cl\\u00ednica Universitat Miguel Hern\\u00e1ndez i\\u00a0SEMERGEN.\\u00a0\",\"breadcrumb\":{\"@id\":\"https:\/\/departamentomedicinaclinica.umh.es\/2018\/05\/31\/catedra-de-investigacion-en-cronicidad-umh-semergen\/#breadcrumb\"},\"inLanguage\":\"ca\",\"potentialAction\":[{\"@type\":\"ReadAction\",\"target\":[\"https:\/\/departamentomedicinaclinica.umh.es\/2018\/05\/31\/catedra-de-investigacion-en-cronicidad-umh-semergen\/\"]}]},{\"@type\":\"BreadcrumbList\",\"@id\":\"https:\/\/departamentomedicinaclinica.umh.es\/2018\/05\/31\/catedra-de-investigacion-en-cronicidad-umh-semergen\/#breadcrumb\",\"itemListElement\":[{\"@type\":\"ListItem\",\"position\":1,\"name\":\"Portada\",\"item\":\"https:\/\/departamentomedicinaclinica.umh.es\/\"},{\"@type\":\"ListItem\",\"position\":2,\"name\":\"La C\\u00e1tedra de Investigaci\\u00f3n en Cronicidad por la UMH y Semergen ya es una realidad\"}]},{\"@type\":\"Article\",\"@id\":\"https:\/\/departamentomedicinaclinica.umh.es\/2018\/05\/31\/catedra-de-investigacion-en-cronicidad-umh-semergen\/#article\",\"isPartOf\":{\"@id\":\"https:\/\/departamentomedicinaclinica.umh.es\/2018\/05\/31\/catedra-de-investigacion-en-cronicidad-umh-semergen\/#webpage\"},\"author\":{\"@id\":\"https:\/\/departamentomedicinaclinica.umh.es\/#\/schema\/person\/4cce65f000b37391eb0fdba785a882b9\"},\"headline\":\"La C\\u00e0tedra d&#8217;Investigaci\\u00f3 en Cronicitat per la Universitat Miguel Hern\\u00e0ndez i Semergen ja \\u00e9s una realitat\",\"datePublished\":\"2018-05-31T06:18:40+00:00\",\"dateModified\":\"2024-02-23T10:38:43+00:00\",\"mainEntityOfPage\":{\"@id\":\"https:\/\/departamentomedicinaclinica.umh.es\/2018\/05\/31\/catedra-de-investigacion-en-cronicidad-umh-semergen\/#webpage\"},\"wordCount\":1462,\"publisher\":{\"@id\":\"https:\/\/departamentomedicinaclinica.umh.es\/#organization\"},\"image\":{\"@id\":\"https:\/\/departamentomedicinaclinica.umh.es\/2018\/05\/31\/catedra-de-investigacion-en-cronicidad-umh-semergen\/#primaryimage\"},\"thumbnailUrl\":\"https:\/\/departamentomedicinaclinica.umh.es\/files\/2018\/04\/Catedra-Cronicidad-acuerdo-UMH-SEMERGEN.jpg\",\"keywords\":[\"acuerdo universidad Miguel Hern\\u00e1ndez\",\"C\\u00e1tedra\",\"C\\u00e1tedra UMH\",\"Cronicidad\",\"estudios investigaci\\u00f3n UMH\",\"Felipe Navarro Cremades\",\"profesorado Medicina UMH\",\"SEMERGEN\",\"Sistema Nacional Salud\"],\"articleSection\":[\"Actualidad\",\"M\\u00e1steres\"],\"inLanguage\":\"ca\"},{\"@type\":\"Person\",\"@id\":\"https:\/\/departamentomedicinaclinica.umh.es\/#\/schema\/person\/4cce65f000b37391eb0fdba785a882b9\",\"name\":\"garcia.natalia\",\"image\":{\"@type\":\"ImageObject\",\"@id\":\"https:\/\/departamentomedicinaclinica.umh.es\/#personlogo\",\"inLanguage\":\"ca\",\"url\":\"https:\/\/secure.gravatar.com\/avatar\/2f6b18e6f874050af9faeeac24349c8c?s=96&d=mm&r=g\",\"contentUrl\":\"https:\/\/secure.gravatar.com\/avatar\/2f6b18e6f874050af9faeeac24349c8c?s=96&d=mm&r=g\",\"caption\":\"garcia.natalia\"},\"url\":\"https:\/\/departamentomedicinaclinica.umh.es\/ca\/author\/garcia-natalia\/\"}]}<\/script>\n<!-- \/ Yoast SEO plugin. -->","yoast_head_json":{"description":"C\u00e0tedra d'Investigaci\u00f3 en Cronicitat\u00a0UMH\u00a0i\u00a0SEMERGEN acord del Departament de Medicina Cl\u00ednica Universitat Miguel Hern\u00e1ndez i\u00a0SEMERGEN.\u00a0","robots":{"index":"index","follow":"follow","max-snippet":"max-snippet:-1","max-image-preview":"max-image-preview:large","max-video-preview":"max-video-preview:-1"},"canonical":"https:\/\/departamentomedicinaclinica.umh.es\/ca\/2018\/05\/31\/catedra-de-investigacion-en-cronicidad-umh-semergen\/","og_locale":"ca_ES","og_type":"article","og_title":"La C\u00e0tedra d'Investigaci\u00f3 en Cronicitat per la Universitat Miguel Hern\u00e0ndez i Semergen ja \u00e9s una realitat - Departamento de Medicina Cl\u00ednica UMH","og_description":"C\u00e0tedra d'Investigaci\u00f3 en Cronicitat\u00a0UMH\u00a0i\u00a0SEMERGEN acord del Departament de Medicina Cl\u00ednica Universitat Miguel Hern\u00e1ndez i\u00a0SEMERGEN.\u00a0","og_url":"https:\/\/departamentomedicinaclinica.umh.es\/2018\/05\/31\/catedra-de-investigacion-en-cronicidad-umh-semergen\/","og_site_name":"Departamento de Medicina Cl\u00ednica UMH","article_published_time":"2018-05-31T06:18:40+00:00","article_modified_time":"2024-02-23T10:38:43+00:00","og_image":[{"width":555,"height":339,"url":"https:\/\/departamentomedicinaclinica.umh.es\/files\/2018\/04\/Catedra-Cronicidad-acuerdo-UMH-SEMERGEN.jpg","type":"image\/jpeg"}],"twitter_card":"summary_large_image","twitter_creator":"@medicinaumh","twitter_site":"@medicinaumh","twitter_misc":{"Written by":"garcia.natalia","Est. reading time":"7 minuts"},"schema":{"@context":"https:\/\/schema.org","@graph":[{"@type":"Organization","@id":"https:\/\/departamentomedicinaclinica.umh.es\/#organization","name":"Departamento Medicina Cl\u00ednica Universidad Miguel Hern\u00e1ndez de Elche","url":"https:\/\/departamentomedicinaclinica.umh.es\/","sameAs":["https:\/\/www.youtube.com\/playlist?list=PLClKgnzRFYe6Y_i4QLNSlOwsZn0X3Klmb","https:\/\/twitter.com\/medicinaumh"],"logo":{"@type":"ImageObject","@id":"https:\/\/departamentomedicinaclinica.umh.es\/#logo","inLanguage":"ca","url":"https:\/\/departamentomedicinaclinica.umh.es\/files\/2024\/07\/meclin-vertical.png","contentUrl":"https:\/\/departamentomedicinaclinica.umh.es\/files\/2024\/07\/meclin-vertical.png","width":1376,"height":1600,"caption":"Departamento Medicina Cl\u00ednica Universidad Miguel Hern\u00e1ndez de Elche"},"image":{"@id":"https:\/\/departamentomedicinaclinica.umh.es\/#logo"}},{"@type":"WebSite","@id":"https:\/\/departamentomedicinaclinica.umh.es\/#website","url":"https:\/\/departamentomedicinaclinica.umh.es\/","name":"Departamento de Medicina Cl\u00ednica UMH","description":"Otro sitio m\u00e1s de Zeus.umh.es Blogs","publisher":{"@id":"https:\/\/departamentomedicinaclinica.umh.es\/#organization"},"potentialAction":[{"@type":"SearchAction","target":{"@type":"EntryPoint","urlTemplate":"https:\/\/departamentomedicinaclinica.umh.es\/?s={search_term_string}"},"query-input":"required name=search_term_string"}],"inLanguage":"ca"},{"@type":"ImageObject","@id":"https:\/\/departamentomedicinaclinica.umh.es\/2018\/05\/31\/catedra-de-investigacion-en-cronicidad-umh-semergen\/#primaryimage","inLanguage":"ca","url":"https:\/\/departamentomedicinaclinica.umh.es\/files\/2018\/04\/Catedra-Cronicidad-acuerdo-UMH-SEMERGEN.jpg","contentUrl":"https:\/\/departamentomedicinaclinica.umh.es\/files\/2018\/04\/Catedra-Cronicidad-acuerdo-UMH-SEMERGEN.jpg","width":555,"height":339,"caption":"Miembros C\u00e1tedra Cronicidad acuerdo UMH-SEMERGEN"},{"@type":"WebPage","@id":"https:\/\/departamentomedicinaclinica.umh.es\/2018\/05\/31\/catedra-de-investigacion-en-cronicidad-umh-semergen\/#webpage","url":"https:\/\/departamentomedicinaclinica.umh.es\/2018\/05\/31\/catedra-de-investigacion-en-cronicidad-umh-semergen\/","name":"La C\u00e0tedra d'Investigaci\u00f3 en Cronicitat per la Universitat Miguel Hern\u00e0ndez i Semergen ja \u00e9s una realitat - Departamento de Medicina Cl\u00ednica UMH","isPartOf":{"@id":"https:\/\/departamentomedicinaclinica.umh.es\/#website"},"primaryImageOfPage":{"@id":"https:\/\/departamentomedicinaclinica.umh.es\/2018\/05\/31\/catedra-de-investigacion-en-cronicidad-umh-semergen\/#primaryimage"},"datePublished":"2018-05-31T06:18:40+00:00","dateModified":"2024-02-23T10:38:43+00:00","description":"C\u00e0tedra d'Investigaci\u00f3 en Cronicitat\u00a0UMH\u00a0i\u00a0SEMERGEN acord del Departament de Medicina Cl\u00ednica Universitat Miguel Hern\u00e1ndez i\u00a0SEMERGEN.\u00a0","breadcrumb":{"@id":"https:\/\/departamentomedicinaclinica.umh.es\/2018\/05\/31\/catedra-de-investigacion-en-cronicidad-umh-semergen\/#breadcrumb"},"inLanguage":"ca","potentialAction":[{"@type":"ReadAction","target":["https:\/\/departamentomedicinaclinica.umh.es\/2018\/05\/31\/catedra-de-investigacion-en-cronicidad-umh-semergen\/"]}]},{"@type":"BreadcrumbList","@id":"https:\/\/departamentomedicinaclinica.umh.es\/2018\/05\/31\/catedra-de-investigacion-en-cronicidad-umh-semergen\/#breadcrumb","itemListElement":[{"@type":"ListItem","position":1,"name":"Portada","item":"https:\/\/departamentomedicinaclinica.umh.es\/"},{"@type":"ListItem","position":2,"name":"La C\u00e1tedra de Investigaci\u00f3n en Cronicidad por la UMH y Semergen ya es una realidad"}]},{"@type":"Article","@id":"https:\/\/departamentomedicinaclinica.umh.es\/2018\/05\/31\/catedra-de-investigacion-en-cronicidad-umh-semergen\/#article","isPartOf":{"@id":"https:\/\/departamentomedicinaclinica.umh.es\/2018\/05\/31\/catedra-de-investigacion-en-cronicidad-umh-semergen\/#webpage"},"author":{"@id":"https:\/\/departamentomedicinaclinica.umh.es\/#\/schema\/person\/4cce65f000b37391eb0fdba785a882b9"},"headline":"La C\u00e0tedra d&#8217;Investigaci\u00f3 en Cronicitat per la Universitat Miguel Hern\u00e0ndez i Semergen ja \u00e9s una realitat","datePublished":"2018-05-31T06:18:40+00:00","dateModified":"2024-02-23T10:38:43+00:00","mainEntityOfPage":{"@id":"https:\/\/departamentomedicinaclinica.umh.es\/2018\/05\/31\/catedra-de-investigacion-en-cronicidad-umh-semergen\/#webpage"},"wordCount":1462,"publisher":{"@id":"https:\/\/departamentomedicinaclinica.umh.es\/#organization"},"image":{"@id":"https:\/\/departamentomedicinaclinica.umh.es\/2018\/05\/31\/catedra-de-investigacion-en-cronicidad-umh-semergen\/#primaryimage"},"thumbnailUrl":"https:\/\/departamentomedicinaclinica.umh.es\/files\/2018\/04\/Catedra-Cronicidad-acuerdo-UMH-SEMERGEN.jpg","keywords":["acuerdo universidad Miguel Hern\u00e1ndez","C\u00e1tedra","C\u00e1tedra UMH","Cronicidad","estudios investigaci\u00f3n UMH","Felipe Navarro Cremades","profesorado Medicina UMH","SEMERGEN","Sistema Nacional Salud"],"articleSection":["Actualidad","M\u00e1steres"],"inLanguage":"ca"},{"@type":"Person","@id":"https:\/\/departamentomedicinaclinica.umh.es\/#\/schema\/person\/4cce65f000b37391eb0fdba785a882b9","name":"garcia.natalia","image":{"@type":"ImageObject","@id":"https:\/\/departamentomedicinaclinica.umh.es\/#personlogo","inLanguage":"ca","url":"https:\/\/secure.gravatar.com\/avatar\/2f6b18e6f874050af9faeeac24349c8c?s=96&d=mm&r=g","contentUrl":"https:\/\/secure.gravatar.com\/avatar\/2f6b18e6f874050af9faeeac24349c8c?s=96&d=mm&r=g","caption":"garcia.natalia"},"url":"https:\/\/departamentomedicinaclinica.umh.es\/ca\/author\/garcia-natalia\/"}]}},"_links":{"self":[{"href":"https:\/\/departamentomedicinaclinica.umh.es\/ca\/wp-json\/wp\/v2\/posts\/16351"}],"collection":[{"href":"https:\/\/departamentomedicinaclinica.umh.es\/ca\/wp-json\/wp\/v2\/posts"}],"about":[{"href":"https:\/\/departamentomedicinaclinica.umh.es\/ca\/wp-json\/wp\/v2\/types\/post"}],"author":[{"embeddable":true,"href":"https:\/\/departamentomedicinaclinica.umh.es\/ca\/wp-json\/wp\/v2\/users\/3158"}],"replies":[{"embeddable":true,"href":"https:\/\/departamentomedicinaclinica.umh.es\/ca\/wp-json\/wp\/v2\/comments?post=16351"}],"version-history":[{"count":0,"href":"https:\/\/departamentomedicinaclinica.umh.es\/ca\/wp-json\/wp\/v2\/posts\/16351\/revisions"}],"wp:featuredmedia":[{"embeddable":true,"href":"https:\/\/departamentomedicinaclinica.umh.es\/ca\/wp-json\/wp\/v2\/media\/16527"}],"wp:attachment":[{"href":"https:\/\/departamentomedicinaclinica.umh.es\/ca\/wp-json\/wp\/v2\/media?parent=16351"}],"wp:term":[{"taxonomy":"category","embeddable":true,"href":"https:\/\/departamentomedicinaclinica.umh.es\/ca\/wp-json\/wp\/v2\/categories?post=16351"},{"taxonomy":"post_tag","embeddable":true,"href":"https:\/\/departamentomedicinaclinica.umh.es\/ca\/wp-json\/wp\/v2\/tags?post=16351"}],"curies":[{"name":"wp","href":"https:\/\/api.w.org\/{rel}","templated":true}]}}