{"id":16354,"date":"2018-04-13T14:17:23","date_gmt":"2018-04-13T12:17:23","guid":{"rendered":"http:\/\/www.departamentomedicinaclinicaumh.es\/?p=16354"},"modified":"2024-02-23T10:38:44","modified_gmt":"2024-02-23T10:38:44","slug":"jornada-respirando-salud-umh","status":"publish","type":"post","link":"https:\/\/departamentomedicinaclinica.umh.es\/ca\/2018\/04\/13\/jornada-respirando-salud-umh\/","title":{"rendered":"Jornada Respirant salut UMH per Luis Hern\u00e1ndez Blasco per a conscienciar sobre les malalties respirat\u00f2ries"},"content":{"rendered":"<p>Jornada Respirant Salut UMH es va celebrar diumenge passat <strong>15 d&#8217;abril<\/strong> en el Passeig de l&#8217;<strong>Explanada d&#8217;Espanya<\/strong> a <strong>Alacant<\/strong>. B\u00e0sicament, per a commemorar el <strong>XXV aniversari<\/strong> de la <a href=\"https:\/\/svneumo.org\/\" target=\"_blank\" rel=\"noopener\">Societat Valenciana de Neumologia (SVN)<\/a>. Per tot a\u00e7\u00f2, es van organitzar diverses activitats l\u00fadiques i esportives com:<!--more--><\/p>\n<ul>\n<li>vols d&#8217;estels<\/li>\n<li>marxes esportives<\/li>\n<li>consells m\u00e8dics<\/li>\n<\/ul>\n<p>sempre sota el lema \u201cRespirant salut\u201d.<\/p>\n<h3>Quins professionals van intervenir en la Jornada Respirant Salut UMH a Alacant?<\/h3>\n<p>Principalment, el professor del <a href=\"http:\/\/www.departamentomedicinaclinica.edu.umh.es\/ca\/\">Departament de Medicina Cl\u00ednica de la Universitat Miguel Hern\u00e1ndez (UMH)<\/a> d&#8217;Elx <a href=\"https:\/\/www.umh.es\/contenido\/Visitantes\/:persona_128504\/datos_val.html\" target=\"_blank\" rel=\"noopener\">Luis Hern\u00e1ndez Blasco<\/a>. En l&#8217;actualitat, el neum\u00f3logo de l&#8217;Hospital General Universitari d&#8217;Alacant \u00e9s el president de la Societat Valenciana de Pneumologia (SVN).<\/p>\n<p><img loading=\"lazy\" class=\"aligncenter wp-image-11594\" title=\"Luis Hern\u00e1ndez Blasco neum\u00f3logo Hospital General Universitari Alacant Jornada Respirant Salut\" src=\"http:\/\/departamentomedicinaclinica.edu.umh.es\/wp-content\/uploads\/sites\/1455\/2016\/02\/LuisHernandezBlascoUMH.jpg\" alt=\"Luis Manuel Hern\u00e1ndez Blasco professor Departament Medicina Cl\u00ednica UMH i doctor Hospital Alacant va participar en la Jornada Respirant Salut Alacant\" width=\"500\" height=\"443\" srcset=\"https:\/\/departamentomedicinaclinica.umh.es\/files\/2016\/02\/LuisHernandezBlascoUMH.jpg 1062w, https:\/\/departamentomedicinaclinica.umh.es\/files\/2016\/02\/LuisHernandezBlascoUMH-300x266.jpg 300w, https:\/\/departamentomedicinaclinica.umh.es\/files\/2016\/02\/LuisHernandezBlascoUMH-1024x906.jpg 1024w, https:\/\/departamentomedicinaclinica.umh.es\/files\/2016\/02\/LuisHernandezBlascoUMH-768x680.jpg 768w\" sizes=\"(max-width: 500px) 100vw, 500px\" \/><\/p>\n<p>Aix\u00ed mateix, tamb\u00e9 van participar membres de la\u00a0<a href=\"https:\/\/svneumo.org\/\" target=\"_blank\" rel=\"noopener\">Sociedad Valenciana Neumolog\u00eda<\/a> i de la Fundaci\u00f3 Pneumologia Comunitat. Com a principals col\u00b7laboradors:<\/p>\n<ul>\n<li>Linde<\/li>\n<li>Chiesi<\/li>\n<li>Oximesa<\/li>\n<li>Pfizer<\/li>\n<\/ul>\n<h3>Quins s\u00f3n les raons per a celebrar la Jornada Respirant Salut UMH?<\/h3>\n<p><img loading=\"lazy\" class=\"aligncenter wp-image-16386 size-full\" title=\"Fullet publicitari Jornada Respirant Salut Alacant\" src=\"http:\/\/departamentomedicinaclinica.edu.umh.es\/wp-content\/uploads\/sites\/1455\/2018\/04\/Folleto-anunciador-Jornada-Respirando-Salud-Alicante-Luis-Herna\u0301ndez-Blasco.jpg\" alt=\"El fullet de la Jornada Respirant Salut Alacant promogut per Luis Hern\u00e1ndez Blasco de la UMH va comptar amb nombroses activitats l\u00fadiques Jornada Respirant Salut\" width=\"1000\" height=\"713\" srcset=\"https:\/\/departamentomedicinaclinica.umh.es\/files\/2018\/04\/Folleto-anunciador-Jornada-Respirando-Salud-Alicante-Luis-Herna\u0301ndez-Blasco.jpg 1000w, https:\/\/departamentomedicinaclinica.umh.es\/files\/2018\/04\/Folleto-anunciador-Jornada-Respirando-Salud-Alicante-Luis-Herna\u0301ndez-Blasco-300x214.jpg 300w, https:\/\/departamentomedicinaclinica.umh.es\/files\/2018\/04\/Folleto-anunciador-Jornada-Respirando-Salud-Alicante-Luis-Herna\u0301ndez-Blasco-768x548.jpg 768w\" sizes=\"(max-width: 1000px) 100vw, 1000px\" \/><\/p>\n<p>Aquesta jornada es va convocar amb l&#8217;objectiu de sensibilitzar a la poblaci\u00f3 sobre les malalties respirat\u00f2ries i es va celebrar el 15 d&#8217;abril. Al costat de les activitats d&#8217;oci, la Societat Valenciana de Pneumologia tamb\u00e9 va realitzar tallers. El lloc triat va ser la Petxina de l&#8217;Esplanada d&#8217;Alacant. Principalment xarrades, tallers, balls, consells m\u00e8dics, etc. Algunes de les xarrades dirigides per professionals van tractar sobre:<\/p>\n<ul>\n<li>Consells per a pacients de EPOC,<\/li>\n<li>Anem a deixar de fumar,<\/li>\n<li>Grip A, Resolent els teus dubtes,<\/li>\n<li>Ronc i tinc son,<\/li>\n<li>Conviv\u00e8ncia amb l&#8217;asma,<\/li>\n<\/ul>\n<p>Amb anterioritat, en la propera Platja del Postiguet es va realitzar un vol d&#8217;estels. L&#8217;acte festiu va concloure amb actuacions musicals per part del Ballet de &#8220;Rafa Felipe&#8221;.<\/p>\n<h3>La Jornada Respirant Salut UMH refor\u00e7a el XV Congr\u00e9s de la Societat Valenciana de Pneumologia<\/h3>\n<p>El XXV Congr\u00e9s de la Societat Valenciana de Pneumologia se celebrar\u00e0 el 20 i el 21 d&#8217;abril a Alacant.<\/p>\n<p>M\u00e9s informaci\u00f3 sobre el Congr\u00e9s en l&#8217;enlla\u00e7 <a href=\"https:\/\/svneumo.org\/\" target=\"_blank\" rel=\"noopener\">http:\/\/www.svneumo.org\/<\/a><\/p>\n<p>Pots descarregar el fullet informatiu amb les activitats programades de la Jornada Respirant Salut ac\u00ed:<\/p>\n<p><a href=\"https:\/\/svneumo.org\/wp-content\/uploads\/2018\/04\/Cartel-Actividad-SVN-quality.pdf\" target=\"_blank\" rel=\"noopener\">Cartell-Activitat-SVN-quality.pdf<\/a><\/p>\n<p><img loading=\"lazy\" class=\"aligncenter size-full wp-image-16399\" title=\"Algunes activitats l\u00fadiques de la Jornada Respirant Salut Alacant es van celebrar en la Petxina de la Esplanada d'Espanya\" src=\"http:\/\/departamentomedicinaclinica.edu.umh.es\/wp-content\/uploads\/sites\/1455\/2018\/04\/Alicante-Paseo_de_la_Explanada_de_Espanya.jpg\" alt=\"Jornada Respirant Salut Alacant Explanada d'Espanya Alacant\" width=\"800\" height=\"600\" srcset=\"https:\/\/departamentomedicinaclinica.umh.es\/files\/2018\/04\/Alicante-Paseo_de_la_Explanada_de_Espanya.jpg 800w, https:\/\/departamentomedicinaclinica.umh.es\/files\/2018\/04\/Alicante-Paseo_de_la_Explanada_de_Espanya-300x225.jpg 300w, https:\/\/departamentomedicinaclinica.umh.es\/files\/2018\/04\/Alicante-Paseo_de_la_Explanada_de_Espanya-768x576.jpg 768w\" sizes=\"(max-width: 800px) 100vw, 800px\" \/><\/p>","protected":false},"excerpt":{"rendered":"<p>Ho sentim, aquesta entrada es troba disponible \u00fanicament en Espanyol Europeu.<\/p>\n","protected":false},"author":3158,"featured_media":16385,"comment_status":"closed","ping_status":"closed","sticky":false,"template":"","format":"standard","meta":{"_links_to":"","_links_to_target":""},"categories":[964],"tags":[1153062,1154318,1210808,1211460,1225303,1248912,40775,1293638,1333624,5809],"yoast_head":"<!-- This site is optimized with the Yoast SEO plugin v17.5 - https:\/\/yoast.com\/wordpress\/plugins\/seo\/ -->\n<meta name=\"description\" content=\"Jornada Respirant Salut\u00a0UMH\u00a0es va celebrar el 15 d&#039;abril per a commemorar el XXV aniversari de la Societat Valenciana de Pneumologia (SVN).\" \/>\n<meta name=\"robots\" content=\"index, follow, max-snippet:-1, max-image-preview:large, max-video-preview:-1\" \/>\n<link rel=\"canonical\" href=\"https:\/\/departamentomedicinaclinica.umh.es\/ca\/2018\/04\/13\/jornada-respirando-salud-umh\/\" \/>\n<meta property=\"og:locale\" content=\"ca_ES\" \/>\n<meta property=\"og:type\" content=\"article\" \/>\n<meta property=\"og:title\" content=\"Jornada Respirant salut UMH per Luis Hern\u00e1ndez Blasco per a conscienciar sobre les malalties respirat\u00f2ries - Departamento de Medicina Cl\u00ednica UMH\" \/>\n<meta property=\"og:description\" content=\"Jornada Respirant Salut\u00a0UMH\u00a0es va celebrar el 15 d&#039;abril per a commemorar el XXV aniversari de la Societat Valenciana de Pneumologia (SVN).\" \/>\n<meta property=\"og:url\" content=\"https:\/\/departamentomedicinaclinica.umh.es\/2018\/04\/13\/jornada-respirando-salud-umh\/\" \/>\n<meta property=\"og:site_name\" content=\"Departamento de Medicina Cl\u00ednica UMH\" \/>\n<meta property=\"article:published_time\" content=\"2018-04-13T12:17:23+00:00\" \/>\n<meta property=\"article:modified_time\" content=\"2024-02-23T10:38:44+00:00\" \/>\n<meta property=\"og:image\" content=\"https:\/\/departamentomedicinaclinica.umh.es\/files\/2018\/04\/Cartel-anunciador-Jornada-Respirando-Salud-Alicante.jpg\" \/>\n\t<meta property=\"og:image:width\" content=\"555\" \/>\n\t<meta property=\"og:image:height\" content=\"339\" \/>\n<meta name=\"twitter:card\" content=\"summary_large_image\" \/>\n<meta name=\"twitter:creator\" content=\"@medicinaumh\" \/>\n<meta name=\"twitter:site\" content=\"@medicinaumh\" \/>\n<meta name=\"twitter:label1\" content=\"Written by\" \/>\n\t<meta name=\"twitter:data1\" content=\"garcia.natalia\" \/>\n\t<meta name=\"twitter:label2\" content=\"Est. reading time\" \/>\n\t<meta name=\"twitter:data2\" content=\"5 minuts\" \/>\n<script type=\"application\/ld+json\" class=\"yoast-schema-graph\">{\"@context\":\"https:\/\/schema.org\",\"@graph\":[{\"@type\":\"Organization\",\"@id\":\"https:\/\/departamentomedicinaclinica.umh.es\/#organization\",\"name\":\"Departamento Medicina Cl\\u00ednica Universidad Miguel Hern\\u00e1ndez de Elche\",\"url\":\"https:\/\/departamentomedicinaclinica.umh.es\/\",\"sameAs\":[\"https:\/\/www.youtube.com\/playlist?list=PLClKgnzRFYe6Y_i4QLNSlOwsZn0X3Klmb\",\"https:\/\/twitter.com\/medicinaumh\"],\"logo\":{\"@type\":\"ImageObject\",\"@id\":\"https:\/\/departamentomedicinaclinica.umh.es\/#logo\",\"inLanguage\":\"ca\",\"url\":\"https:\/\/departamentomedicinaclinica.umh.es\/files\/2024\/07\/meclin-vertical.png\",\"contentUrl\":\"https:\/\/departamentomedicinaclinica.umh.es\/files\/2024\/07\/meclin-vertical.png\",\"width\":1376,\"height\":1600,\"caption\":\"Departamento Medicina Cl\\u00ednica Universidad Miguel Hern\\u00e1ndez de Elche\"},\"image\":{\"@id\":\"https:\/\/departamentomedicinaclinica.umh.es\/#logo\"}},{\"@type\":\"WebSite\",\"@id\":\"https:\/\/departamentomedicinaclinica.umh.es\/#website\",\"url\":\"https:\/\/departamentomedicinaclinica.umh.es\/\",\"name\":\"Departamento de Medicina Cl\\u00ednica UMH\",\"description\":\"Otro sitio m\\u00e1s de Zeus.umh.es Blogs\",\"publisher\":{\"@id\":\"https:\/\/departamentomedicinaclinica.umh.es\/#organization\"},\"potentialAction\":[{\"@type\":\"SearchAction\",\"target\":{\"@type\":\"EntryPoint\",\"urlTemplate\":\"https:\/\/departamentomedicinaclinica.umh.es\/?s={search_term_string}\"},\"query-input\":\"required name=search_term_string\"}],\"inLanguage\":\"ca\"},{\"@type\":\"ImageObject\",\"@id\":\"https:\/\/departamentomedicinaclinica.umh.es\/2018\/04\/13\/jornada-respirando-salud-umh\/#primaryimage\",\"inLanguage\":\"ca\",\"url\":\"https:\/\/departamentomedicinaclinica.umh.es\/files\/2018\/04\/Cartel-anunciador-Jornada-Respirando-Salud-Alicante.jpg\",\"contentUrl\":\"https:\/\/departamentomedicinaclinica.umh.es\/files\/2018\/04\/Cartel-anunciador-Jornada-Respirando-Salud-Alicante.jpg\",\"width\":555,\"height\":339,\"caption\":\"Cartel Jornada Respirando Salud Alicante\"},{\"@type\":\"WebPage\",\"@id\":\"https:\/\/departamentomedicinaclinica.umh.es\/2018\/04\/13\/jornada-respirando-salud-umh\/#webpage\",\"url\":\"https:\/\/departamentomedicinaclinica.umh.es\/2018\/04\/13\/jornada-respirando-salud-umh\/\",\"name\":\"Jornada Respirant salut UMH per Luis Hern\\u00e1ndez Blasco per a conscienciar sobre les malalties respirat\\u00f2ries - Departamento de Medicina Cl\\u00ednica UMH\",\"isPartOf\":{\"@id\":\"https:\/\/departamentomedicinaclinica.umh.es\/#website\"},\"primaryImageOfPage\":{\"@id\":\"https:\/\/departamentomedicinaclinica.umh.es\/2018\/04\/13\/jornada-respirando-salud-umh\/#primaryimage\"},\"datePublished\":\"2018-04-13T12:17:23+00:00\",\"dateModified\":\"2024-02-23T10:38:44+00:00\",\"description\":\"Jornada Respirant Salut\\u00a0UMH\\u00a0es va celebrar el 15 d'abril per a commemorar el XXV aniversari de la Societat Valenciana de Pneumologia (SVN).\",\"breadcrumb\":{\"@id\":\"https:\/\/departamentomedicinaclinica.umh.es\/2018\/04\/13\/jornada-respirando-salud-umh\/#breadcrumb\"},\"inLanguage\":\"ca\",\"potentialAction\":[{\"@type\":\"ReadAction\",\"target\":[\"https:\/\/departamentomedicinaclinica.umh.es\/2018\/04\/13\/jornada-respirando-salud-umh\/\"]}]},{\"@type\":\"BreadcrumbList\",\"@id\":\"https:\/\/departamentomedicinaclinica.umh.es\/2018\/04\/13\/jornada-respirando-salud-umh\/#breadcrumb\",\"itemListElement\":[{\"@type\":\"ListItem\",\"position\":1,\"name\":\"Portada\",\"item\":\"https:\/\/departamentomedicinaclinica.umh.es\/\"},{\"@type\":\"ListItem\",\"position\":2,\"name\":\"Jornada Respirando salud UMH por Luis Hern\\u00e1ndez Blasco para concienciar sobre las enfermedades respiratorias\"}]},{\"@type\":\"Article\",\"@id\":\"https:\/\/departamentomedicinaclinica.umh.es\/2018\/04\/13\/jornada-respirando-salud-umh\/#article\",\"isPartOf\":{\"@id\":\"https:\/\/departamentomedicinaclinica.umh.es\/2018\/04\/13\/jornada-respirando-salud-umh\/#webpage\"},\"author\":{\"@id\":\"https:\/\/departamentomedicinaclinica.umh.es\/#\/schema\/person\/4cce65f000b37391eb0fdba785a882b9\"},\"headline\":\"Jornada Respirant salut UMH per Luis Hern\\u00e1ndez Blasco per a conscienciar sobre les malalties respirat\\u00f2ries\",\"datePublished\":\"2018-04-13T12:17:23+00:00\",\"dateModified\":\"2024-02-23T10:38:44+00:00\",\"mainEntityOfPage\":{\"@id\":\"https:\/\/departamentomedicinaclinica.umh.es\/2018\/04\/13\/jornada-respirando-salud-umh\/#webpage\"},\"wordCount\":1035,\"publisher\":{\"@id\":\"https:\/\/departamentomedicinaclinica.umh.es\/#organization\"},\"image\":{\"@id\":\"https:\/\/departamentomedicinaclinica.umh.es\/2018\/04\/13\/jornada-respirando-salud-umh\/#primaryimage\"},\"thumbnailUrl\":\"https:\/\/departamentomedicinaclinica.umh.es\/files\/2018\/04\/Cartel-anunciador-Jornada-Respirando-Salud-Alicante.jpg\",\"keywords\":[\"Evento Salud Alicante\",\"Explanada Alicante\",\"Jornada Respirando Salud\",\"Jornada saludable Alicante\",\"Luis Hern\\u00e1ndez Blasco\",\"Medicina Cl\\u00ednica UMH\",\"Medicina UMH\",\"Neumolog\\u00eda Alicante\",\"profesor Hern\\u00e1ndez Blasco\",\"talleres respiratorios Alicante\"],\"articleSection\":[\"Actualidad\"],\"inLanguage\":\"ca\"},{\"@type\":\"Person\",\"@id\":\"https:\/\/departamentomedicinaclinica.umh.es\/#\/schema\/person\/4cce65f000b37391eb0fdba785a882b9\",\"name\":\"garcia.natalia\",\"image\":{\"@type\":\"ImageObject\",\"@id\":\"https:\/\/departamentomedicinaclinica.umh.es\/#personlogo\",\"inLanguage\":\"ca\",\"url\":\"https:\/\/secure.gravatar.com\/avatar\/2f6b18e6f874050af9faeeac24349c8c?s=96&d=mm&r=g\",\"contentUrl\":\"https:\/\/secure.gravatar.com\/avatar\/2f6b18e6f874050af9faeeac24349c8c?s=96&d=mm&r=g\",\"caption\":\"garcia.natalia\"},\"url\":\"https:\/\/departamentomedicinaclinica.umh.es\/ca\/author\/garcia-natalia\/\"}]}<\/script>\n<!-- \/ Yoast SEO plugin. -->","yoast_head_json":{"description":"Jornada Respirant Salut\u00a0UMH\u00a0es va celebrar el 15 d'abril per a commemorar el XXV aniversari de la Societat Valenciana de Pneumologia (SVN).","robots":{"index":"index","follow":"follow","max-snippet":"max-snippet:-1","max-image-preview":"max-image-preview:large","max-video-preview":"max-video-preview:-1"},"canonical":"https:\/\/departamentomedicinaclinica.umh.es\/ca\/2018\/04\/13\/jornada-respirando-salud-umh\/","og_locale":"ca_ES","og_type":"article","og_title":"Jornada Respirant salut UMH per Luis Hern\u00e1ndez Blasco per a conscienciar sobre les malalties respirat\u00f2ries - Departamento de Medicina Cl\u00ednica UMH","og_description":"Jornada Respirant Salut\u00a0UMH\u00a0es va celebrar el 15 d'abril per a commemorar el XXV aniversari de la Societat Valenciana de Pneumologia (SVN).","og_url":"https:\/\/departamentomedicinaclinica.umh.es\/2018\/04\/13\/jornada-respirando-salud-umh\/","og_site_name":"Departamento de Medicina Cl\u00ednica UMH","article_published_time":"2018-04-13T12:17:23+00:00","article_modified_time":"2024-02-23T10:38:44+00:00","og_image":[{"width":555,"height":339,"url":"https:\/\/departamentomedicinaclinica.umh.es\/files\/2018\/04\/Cartel-anunciador-Jornada-Respirando-Salud-Alicante.jpg","type":"image\/jpeg"}],"twitter_card":"summary_large_image","twitter_creator":"@medicinaumh","twitter_site":"@medicinaumh","twitter_misc":{"Written by":"garcia.natalia","Est. reading time":"5 minuts"},"schema":{"@context":"https:\/\/schema.org","@graph":[{"@type":"Organization","@id":"https:\/\/departamentomedicinaclinica.umh.es\/#organization","name":"Departamento Medicina Cl\u00ednica Universidad Miguel Hern\u00e1ndez de Elche","url":"https:\/\/departamentomedicinaclinica.umh.es\/","sameAs":["https:\/\/www.youtube.com\/playlist?list=PLClKgnzRFYe6Y_i4QLNSlOwsZn0X3Klmb","https:\/\/twitter.com\/medicinaumh"],"logo":{"@type":"ImageObject","@id":"https:\/\/departamentomedicinaclinica.umh.es\/#logo","inLanguage":"ca","url":"https:\/\/departamentomedicinaclinica.umh.es\/files\/2024\/07\/meclin-vertical.png","contentUrl":"https:\/\/departamentomedicinaclinica.umh.es\/files\/2024\/07\/meclin-vertical.png","width":1376,"height":1600,"caption":"Departamento Medicina Cl\u00ednica Universidad Miguel Hern\u00e1ndez de Elche"},"image":{"@id":"https:\/\/departamentomedicinaclinica.umh.es\/#logo"}},{"@type":"WebSite","@id":"https:\/\/departamentomedicinaclinica.umh.es\/#website","url":"https:\/\/departamentomedicinaclinica.umh.es\/","name":"Departamento de Medicina Cl\u00ednica UMH","description":"Otro sitio m\u00e1s de Zeus.umh.es Blogs","publisher":{"@id":"https:\/\/departamentomedicinaclinica.umh.es\/#organization"},"potentialAction":[{"@type":"SearchAction","target":{"@type":"EntryPoint","urlTemplate":"https:\/\/departamentomedicinaclinica.umh.es\/?s={search_term_string}"},"query-input":"required name=search_term_string"}],"inLanguage":"ca"},{"@type":"ImageObject","@id":"https:\/\/departamentomedicinaclinica.umh.es\/2018\/04\/13\/jornada-respirando-salud-umh\/#primaryimage","inLanguage":"ca","url":"https:\/\/departamentomedicinaclinica.umh.es\/files\/2018\/04\/Cartel-anunciador-Jornada-Respirando-Salud-Alicante.jpg","contentUrl":"https:\/\/departamentomedicinaclinica.umh.es\/files\/2018\/04\/Cartel-anunciador-Jornada-Respirando-Salud-Alicante.jpg","width":555,"height":339,"caption":"Cartel Jornada Respirando Salud Alicante"},{"@type":"WebPage","@id":"https:\/\/departamentomedicinaclinica.umh.es\/2018\/04\/13\/jornada-respirando-salud-umh\/#webpage","url":"https:\/\/departamentomedicinaclinica.umh.es\/2018\/04\/13\/jornada-respirando-salud-umh\/","name":"Jornada Respirant salut UMH per Luis Hern\u00e1ndez Blasco per a conscienciar sobre les malalties respirat\u00f2ries - Departamento de Medicina Cl\u00ednica UMH","isPartOf":{"@id":"https:\/\/departamentomedicinaclinica.umh.es\/#website"},"primaryImageOfPage":{"@id":"https:\/\/departamentomedicinaclinica.umh.es\/2018\/04\/13\/jornada-respirando-salud-umh\/#primaryimage"},"datePublished":"2018-04-13T12:17:23+00:00","dateModified":"2024-02-23T10:38:44+00:00","description":"Jornada Respirant Salut\u00a0UMH\u00a0es va celebrar el 15 d'abril per a commemorar el XXV aniversari de la Societat Valenciana de Pneumologia (SVN).","breadcrumb":{"@id":"https:\/\/departamentomedicinaclinica.umh.es\/2018\/04\/13\/jornada-respirando-salud-umh\/#breadcrumb"},"inLanguage":"ca","potentialAction":[{"@type":"ReadAction","target":["https:\/\/departamentomedicinaclinica.umh.es\/2018\/04\/13\/jornada-respirando-salud-umh\/"]}]},{"@type":"BreadcrumbList","@id":"https:\/\/departamentomedicinaclinica.umh.es\/2018\/04\/13\/jornada-respirando-salud-umh\/#breadcrumb","itemListElement":[{"@type":"ListItem","position":1,"name":"Portada","item":"https:\/\/departamentomedicinaclinica.umh.es\/"},{"@type":"ListItem","position":2,"name":"Jornada Respirando salud UMH por Luis Hern\u00e1ndez Blasco para concienciar sobre las enfermedades respiratorias"}]},{"@type":"Article","@id":"https:\/\/departamentomedicinaclinica.umh.es\/2018\/04\/13\/jornada-respirando-salud-umh\/#article","isPartOf":{"@id":"https:\/\/departamentomedicinaclinica.umh.es\/2018\/04\/13\/jornada-respirando-salud-umh\/#webpage"},"author":{"@id":"https:\/\/departamentomedicinaclinica.umh.es\/#\/schema\/person\/4cce65f000b37391eb0fdba785a882b9"},"headline":"Jornada Respirant salut UMH per Luis Hern\u00e1ndez Blasco per a conscienciar sobre les malalties respirat\u00f2ries","datePublished":"2018-04-13T12:17:23+00:00","dateModified":"2024-02-23T10:38:44+00:00","mainEntityOfPage":{"@id":"https:\/\/departamentomedicinaclinica.umh.es\/2018\/04\/13\/jornada-respirando-salud-umh\/#webpage"},"wordCount":1035,"publisher":{"@id":"https:\/\/departamentomedicinaclinica.umh.es\/#organization"},"image":{"@id":"https:\/\/departamentomedicinaclinica.umh.es\/2018\/04\/13\/jornada-respirando-salud-umh\/#primaryimage"},"thumbnailUrl":"https:\/\/departamentomedicinaclinica.umh.es\/files\/2018\/04\/Cartel-anunciador-Jornada-Respirando-Salud-Alicante.jpg","keywords":["Evento Salud Alicante","Explanada Alicante","Jornada Respirando Salud","Jornada saludable Alicante","Luis Hern\u00e1ndez Blasco","Medicina Cl\u00ednica UMH","Medicina UMH","Neumolog\u00eda Alicante","profesor Hern\u00e1ndez Blasco","talleres respiratorios Alicante"],"articleSection":["Actualidad"],"inLanguage":"ca"},{"@type":"Person","@id":"https:\/\/departamentomedicinaclinica.umh.es\/#\/schema\/person\/4cce65f000b37391eb0fdba785a882b9","name":"garcia.natalia","image":{"@type":"ImageObject","@id":"https:\/\/departamentomedicinaclinica.umh.es\/#personlogo","inLanguage":"ca","url":"https:\/\/secure.gravatar.com\/avatar\/2f6b18e6f874050af9faeeac24349c8c?s=96&d=mm&r=g","contentUrl":"https:\/\/secure.gravatar.com\/avatar\/2f6b18e6f874050af9faeeac24349c8c?s=96&d=mm&r=g","caption":"garcia.natalia"},"url":"https:\/\/departamentomedicinaclinica.umh.es\/ca\/author\/garcia-natalia\/"}]}},"_links":{"self":[{"href":"https:\/\/departamentomedicinaclinica.umh.es\/ca\/wp-json\/wp\/v2\/posts\/16354"}],"collection":[{"href":"https:\/\/departamentomedicinaclinica.umh.es\/ca\/wp-json\/wp\/v2\/posts"}],"about":[{"href":"https:\/\/departamentomedicinaclinica.umh.es\/ca\/wp-json\/wp\/v2\/types\/post"}],"author":[{"embeddable":true,"href":"https:\/\/departamentomedicinaclinica.umh.es\/ca\/wp-json\/wp\/v2\/users\/3158"}],"replies":[{"embeddable":true,"href":"https:\/\/departamentomedicinaclinica.umh.es\/ca\/wp-json\/wp\/v2\/comments?post=16354"}],"version-history":[{"count":0,"href":"https:\/\/departamentomedicinaclinica.umh.es\/ca\/wp-json\/wp\/v2\/posts\/16354\/revisions"}],"wp:featuredmedia":[{"embeddable":true,"href":"https:\/\/departamentomedicinaclinica.umh.es\/ca\/wp-json\/wp\/v2\/media\/16385"}],"wp:attachment":[{"href":"https:\/\/departamentomedicinaclinica.umh.es\/ca\/wp-json\/wp\/v2\/media?parent=16354"}],"wp:term":[{"taxonomy":"category","embeddable":true,"href":"https:\/\/departamentomedicinaclinica.umh.es\/ca\/wp-json\/wp\/v2\/categories?post=16354"},{"taxonomy":"post_tag","embeddable":true,"href":"https:\/\/departamentomedicinaclinica.umh.es\/ca\/wp-json\/wp\/v2\/tags?post=16354"}],"curies":[{"name":"wp","href":"https:\/\/api.w.org\/{rel}","templated":true}]}}