{"id":16624,"date":"2018-09-06T08:31:52","date_gmt":"2018-09-06T06:31:52","guid":{"rendered":"http:\/\/www.departamentomedicinaclinicaumh.es\/?p=16624"},"modified":"2024-02-23T10:38:43","modified_gmt":"2024-02-23T10:38:43","slug":"profesionales-sanitarios-de-peru-formacion-umh","status":"publish","type":"post","link":"https:\/\/departamentomedicinaclinica.umh.es\/ca\/2018\/09\/06\/profesionales-sanitarios-de-peru-formacion-umh\/","title":{"rendered":"Professionals sanitaris del Per\u00fa formats amb \u00e8xit per professors de medicina de la UMH"},"content":{"rendered":"<p><\/p>\n<p>Alguns professionals sanitaris de Per\u00fa van ser instru\u00efts durant 3 mesos en <a href=\"http:\/\/alicante.san.gva.es\" target=\"_blank\" rel=\"noopener\"><strong>l&#8217;Hospital General Universitari d&#8217;Alacant (HGUA)<\/strong><\/a>. Professionals m\u00e8dics i docents del <a href=\"http:\/\/www.departamentomedicinaclinica.edu.umh.es\/ca\/\">departament de Medicina de la UMH<\/a> es van encarregar durant aqueix temps de la formaci\u00f3 complement\u00e0ria d&#8217;aquests metges.<!--more--><\/p>\n<h3>Quins professionals sanitaris de Per\u00fa es van formar amb professions de Medicina de la Universitat Miguel Hern\u00e1ndez?<\/h3>\n<p>Entre ells, <strong><a href=\"http:\/\/directorio.concytec.gob.pe\/appDirectorioCTI\/VerDatosInvestigador.do;jsessionid=c8c48c73d15572c8bcda097f97d7?id_investigador=70119\" target=\"_blank\" rel=\"noopener\">Alejandro Quiroz Morey<\/a><\/strong>, metge resident de l&#8217;Hospital <a href=\"https:\/\/www.hospitalregionaldeloreto.gob.pe\/\" target=\"_blank\" rel=\"noopener\">Regional de Loreto en Iquitos (Per\u00fa)<\/a>. La iniciativa s&#8217;engloba en el Projecte de Cooperaci\u00f3 al desenvolupament del Servei de Relacions Internacionals i Cooperaci\u00f3 al Desenvolupament i Voluntariat de la UMH. El seu prop\u00f2sit resideix en la millora de l&#8217;atenci\u00f3 i prevenci\u00f3 de malalties infeccioses.<\/p>\n<p>En l&#8217;actualitat, Alejandro Quiroz es troba en la Unitat de Malalties Infeccioses de la capital alacantina. En el centre hospitalari col\u00b7labora en l&#8217;atenci\u00f3 de pacients de la unitat. Mitjan\u00e7ant l&#8217;experi\u00e8ncia integral, es proporciona al professional m\u00e8dic principalment de:<\/p>\n<ul>\n<li>compet\u00e8ncies,<\/li>\n<li>eines,<\/li>\n<li>coneixements indispensables<\/li>\n<\/ul>\n<p>en el diagn\u00f2stic de malalties infeccioses. Tot a\u00e7\u00f2 a trav\u00e9s de procediments i metodologia no emprats en complexos hospitalaris de Loreto (Per\u00fa).<\/p>\n<p><img loading=\"lazy\" class=\"aligncenter wp-image-16699 size-full\" title=\"Alejandro Quiroz Morey como uno de los profesionales sanitarios de Per\u00fa colabora en un proyecto de formaci\u00f3n en medicina de la UMH en Espa\u00f1a\" src=\"http:\/\/departamentomedicinaclinica.edu.umh.es\/wp-content\/uploads\/sites\/1455\/2018\/07\/Hospital-Regional-Loreto-Peru.jpg\" alt=\"Fachada Hospital Regional Loreto Per\u00fa Professionals sanitaris del Per\u00fa\" width=\"615\" height=\"346\" srcset=\"https:\/\/departamentomedicinaclinica.umh.es\/files\/2018\/07\/Hospital-Regional-Loreto-Peru.jpg 615w, https:\/\/departamentomedicinaclinica.umh.es\/files\/2018\/07\/Hospital-Regional-Loreto-Peru-300x169.jpg 300w\" sizes=\"(max-width: 615px) 100vw, 615px\" \/><\/p>\n<p>&nbsp;<\/p>\n<h3>Quines entitats col\u00b7laboren en el projecte de formaci\u00f3 de professionals sanitaris de Per\u00fa en universitats espanyoles?<\/h3>\n<p>Fonamentalment, la UMH (Universitat Miguel Hern\u00e1ndez) i la Generalitat Valenciana. Aquesta \u00faltima, s&#8217;ha encarregat de cofinan\u00e7ar la iniciativa, englobada en el Conveni 2017 subscrit per:<\/p>\n<ul>\n<li><a href=\"https:\/\/www.umh.es\/?lang=VAL\" target=\"_blank\" rel=\"noopener\">UMH<\/a>,<\/li>\n<li><a href=\"http:\/\/www.transparencia.gva.es\/inicio\" target=\"_blank\" rel=\"noopener\">Conselleria de Transpar\u00e8ncia, Responsabilitat Social, Participaci\u00f3 i Cooperaci\u00f3<\/a> per a la realitzaci\u00f3 del Projecte de Cooperaci\u00f3 Universitari al Desenvolupament.<\/li>\n<\/ul>\n<h3>Quin professor del Departament Medicina de la UMH col\u00b7labora en el projecte de formaci\u00f3 de professionals sanitaris de Per\u00fa en universitats espanyoles?<\/h3>\n<p>&nbsp;<\/p>\n<p><img loading=\"lazy\" class=\"aligncenter wp-image-7004\" title=\"El professor Jose Manuel Ramos Rinc\u00f3n col\u00b7labora en el programa professionals sanitaris de Per\u00fa convocat per la UMH\" src=\"http:\/\/departamentomedicinaclinica.edu.umh.es\/wp-content\/uploads\/sites\/1455\/2014\/11\/montajeJoseManuelRamos-1024x906.jpg\" alt=\"Jose Manuel Ramos Rinc\u00f3n Medicina Cl\u00ednica UMH\" width=\"600\" height=\"531\" srcset=\"https:\/\/departamentomedicinaclinica.umh.es\/files\/2014\/11\/montajeJoseManuelRamos-1024x906.jpg 1024w, https:\/\/departamentomedicinaclinica.umh.es\/files\/2014\/11\/montajeJoseManuelRamos-300x266.jpg 300w, https:\/\/departamentomedicinaclinica.umh.es\/files\/2014\/11\/montajeJoseManuelRamos-768x680.jpg 768w, https:\/\/departamentomedicinaclinica.umh.es\/files\/2014\/11\/montajeJoseManuelRamos.jpg 1062w\" sizes=\"(max-width: 600px) 100vw, 600px\" \/><\/p>\n<p><a href=\"https:\/\/www.umh.es\/contenido\/Estudiantes\/:persona_128503\/datos_val.html\">Jos\u00e9 Manuel Ramos Rinc\u00f3n<\/a>, professor del <strong>Departament de Medicina de la Universitat Miguel Hern\u00e1ndez<\/strong> s&#8217;encarrega de la seua formaci\u00f3. En paraules del professor Ramos, &#8220;aquesta regi\u00f3 \u00e9s una de les m\u00e9s desfavorides de Per\u00fa i, per a\u00e7\u00f2, \u00e9s important que el seu personal sanitari aprenga a usar noves eines de diagn\u00f2stic i atenci\u00f3 m\u00e8dica&#8221;.<\/p>\n<p>El projecte de cooperaci\u00f3, desenvolupament i formaci\u00f3 de metges peruans va donar comen\u00e7ament amb un viatge de Jose Manuel Ramos a la localitat de Iquitos (Per\u00fa). En aquella zona andina, el professor de la UMH va coordinar 2 <a href=\"https:\/\/comunicacion.umh.es\/2018\/03\/22\/la-umh-coordina-en-peru-la-celebracion-de-dos-cursos-de-perfeccionamiento-en-la-infeccion-por-el-vih-sida\/\" target=\"_blank\" rel=\"noopener\"><strong>cursos de perfeccionament sobre la infecci\u00f3 per VIH\/SIDA<\/strong><\/a> en la Universitat Nacional de la Amazon\u00eda Peruana. Aproximadament 70 professionals m\u00e8dics de diverses localitats de la regi\u00f3 de Loreto van con\u00e8ixer nous procediments i diagn\u00f2stics en l&#8217;atenci\u00f3 a pacients amb infecci\u00f3 per VIH\/SIDA.<\/p>\n<p><img loading=\"lazy\" class=\"aligncenter wp-image-16748\" title=\"Des de la Universidad Nacional de la Amazonia Peruana alumnes de Medicina completen la seua formaci\u00f3 amb docents i professionals sanitaris de la UMH\" src=\"http:\/\/departamentomedicinaclinica.edu.umh.es\/wp-content\/uploads\/sites\/1455\/2018\/07\/Universidad-Nacional-Amazonia-Peruana-1024x683.jpg\" alt=\"Universitat Nacional Amazonia Peruana projecte de formaci\u00f3 UMH de professionals sanitaris del Per\u00fa\" width=\"600\" height=\"400\" srcset=\"https:\/\/departamentomedicinaclinica.umh.es\/files\/2018\/07\/Universidad-Nacional-Amazonia-Peruana-1024x683.jpg 1024w, https:\/\/departamentomedicinaclinica.umh.es\/files\/2018\/07\/Universidad-Nacional-Amazonia-Peruana-300x200.jpg 300w, https:\/\/departamentomedicinaclinica.umh.es\/files\/2018\/07\/Universidad-Nacional-Amazonia-Peruana-768x512.jpg 768w, https:\/\/departamentomedicinaclinica.umh.es\/files\/2018\/07\/Universidad-Nacional-Amazonia-Peruana-1536x1024.jpg 1536w, https:\/\/departamentomedicinaclinica.umh.es\/files\/2018\/07\/Universidad-Nacional-Amazonia-Peruana.jpg 2048w\" sizes=\"(max-width: 600px) 100vw, 600px\" \/><\/p>\n<p>Durant 3 mesos el facultatiu assumir\u00e0 coneixements sobre la realitzaci\u00f3 de:<\/p>\n<ul>\n<li>tractaments a pacients trasplantats,<\/li>\n<li>execuci\u00f3 de programes de control,<\/li>\n<li>ocupaci\u00f3 d&#8217;antibi\u00f2tics o tractament que hagen de rebre pacients amb malalties cardiopulmonares.<\/li>\n<\/ul>\n<p>Els projectes de cooperaci\u00f3 al desenvolupament realitzats per la UMH milloren les condicions de vida de les poblacions desfavorides. Aix\u00ed mateix,  contribueixen a la consecuci\u00f3 dels objectius de desenvolupament sostenible. Algunes de les l\u00ednies clau per a la consecuci\u00f3 d&#8217;aquest objectiu s\u00f3n:<\/p>\n<ul>\n<li>l&#8217;educaci\u00f3, la formaci\u00f3 i la recerca<\/li>\n<\/ul>\n<p><img loading=\"lazy\" class=\"aligncenter wp-image-16750\" src=\"http:\/\/departamentomedicinaclinica.edu.umh.es\/wp-content\/uploads\/sites\/1455\/2018\/07\/30-07-18-formaci\u00f3n-sanitarios-per\u00fa-1024x884.jpg\" title=\"La formaci\u00f3 de professionals m\u00e8dics d'altres pa\u00efsos en la UMH ha comen\u00e7at\" alt=\"Cooperaci\u00f3 UMH Professionals Sanitaris del Per\u00fa Hospital Universitari Alacant\" width=\"600\" height=\"518\" \/><\/p>\n<p>Les pr\u00f2ximes convocat\u00f2ries de <a href=\"http:\/\/radio.umh.es\/files\/2018\/07\/300718-Programa-GLOBAL-UMH.mp3\" target=\"_blank\" rel=\"noopener\"><strong>Cooperaci\u00f3 al desenvolupament impulsades per la UMH<\/strong><\/a> es publicaran en el seu web en breu.<br \/>\n&nbsp;<br \/>\n&nbsp;<br \/>\n&nbsp;<\/p>","protected":false},"excerpt":{"rendered":"<p>Ho sentim, aquesta entrada es troba disponible \u00fanicament en Espanyol Europeu.<\/p>\n","protected":false},"author":3158,"featured_media":16749,"comment_status":"closed","ping_status":"closed","sticky":false,"template":"","format":"standard","meta":{"_links_to":"","_links_to_target":""},"categories":[964],"tags":[1450,1130403,589620,40775,1272689,1309880,5062,6265],"yoast_head":"<!-- This site is optimized with the Yoast SEO plugin v17.5 - https:\/\/yoast.com\/wordpress\/plugins\/seo\/ -->\n<meta name=\"description\" content=\"Alejandro\u00a0Quiroz\u00a0Morey\u00a0va participar en el projecte de formaci\u00f3\u00a0UMH\u00a0de professionals sanitaris del Per\u00fa en centres hospitalaris d&#039;Alacant. Jose Manuel Ramos\" \/>\n<meta name=\"robots\" content=\"index, follow, max-snippet:-1, max-image-preview:large, max-video-preview:-1\" \/>\n<link rel=\"canonical\" href=\"https:\/\/departamentomedicinaclinica.umh.es\/ca\/2018\/09\/06\/profesionales-sanitarios-de-peru-formacion-umh\/\" \/>\n<meta property=\"og:locale\" content=\"ca_ES\" \/>\n<meta property=\"og:type\" content=\"article\" \/>\n<meta property=\"og:title\" content=\"Professionals sanitaris del Per\u00fa formats amb \u00e8xit per professors de medicina de la UMH - Departamento de Medicina Cl\u00ednica UMH\" \/>\n<meta property=\"og:description\" content=\"Alejandro\u00a0Quiroz\u00a0Morey\u00a0va participar en el projecte de formaci\u00f3\u00a0UMH\u00a0de professionals sanitaris del Per\u00fa en centres hospitalaris d&#039;Alacant. Jose Manuel Ramos\" \/>\n<meta property=\"og:url\" content=\"https:\/\/departamentomedicinaclinica.umh.es\/2018\/09\/06\/profesionales-sanitarios-de-peru-formacion-umh\/\" \/>\n<meta property=\"og:site_name\" content=\"Departamento de Medicina Cl\u00ednica UMH\" \/>\n<meta property=\"article:published_time\" content=\"2018-09-06T06:31:52+00:00\" \/>\n<meta property=\"article:modified_time\" content=\"2024-02-23T10:38:43+00:00\" \/>\n<meta property=\"og:image\" content=\"https:\/\/departamentomedicinaclinica.umh.es\/files\/2018\/07\/formacion-UMH-de-profesionales-sanitarios-de-Peru-e1536215165222.jpg\" \/>\n\t<meta property=\"og:image:width\" content=\"555\" \/>\n\t<meta property=\"og:image:height\" content=\"338\" \/>\n<meta name=\"twitter:card\" content=\"summary_large_image\" \/>\n<meta name=\"twitter:creator\" content=\"@medicinaumh\" \/>\n<meta name=\"twitter:site\" content=\"@medicinaumh\" \/>\n<meta name=\"twitter:label1\" content=\"Written by\" \/>\n\t<meta name=\"twitter:data1\" content=\"garcia.natalia\" \/>\n\t<meta name=\"twitter:label2\" content=\"Est. reading time\" \/>\n\t<meta name=\"twitter:data2\" content=\"8 minuts\" \/>\n<script type=\"application\/ld+json\" class=\"yoast-schema-graph\">{\"@context\":\"https:\/\/schema.org\",\"@graph\":[{\"@type\":\"Organization\",\"@id\":\"https:\/\/departamentomedicinaclinica.umh.es\/#organization\",\"name\":\"Departamento Medicina Cl\\u00ednica Universidad Miguel Hern\\u00e1ndez de Elche\",\"url\":\"https:\/\/departamentomedicinaclinica.umh.es\/\",\"sameAs\":[\"https:\/\/www.youtube.com\/playlist?list=PLClKgnzRFYe6Y_i4QLNSlOwsZn0X3Klmb\",\"https:\/\/twitter.com\/medicinaumh\"],\"logo\":{\"@type\":\"ImageObject\",\"@id\":\"https:\/\/departamentomedicinaclinica.umh.es\/#logo\",\"inLanguage\":\"ca\",\"url\":\"https:\/\/departamentomedicinaclinica.umh.es\/files\/2024\/07\/meclin-vertical.png\",\"contentUrl\":\"https:\/\/departamentomedicinaclinica.umh.es\/files\/2024\/07\/meclin-vertical.png\",\"width\":1376,\"height\":1600,\"caption\":\"Departamento Medicina Cl\\u00ednica Universidad Miguel Hern\\u00e1ndez de Elche\"},\"image\":{\"@id\":\"https:\/\/departamentomedicinaclinica.umh.es\/#logo\"}},{\"@type\":\"WebSite\",\"@id\":\"https:\/\/departamentomedicinaclinica.umh.es\/#website\",\"url\":\"https:\/\/departamentomedicinaclinica.umh.es\/\",\"name\":\"Departamento de Medicina Cl\\u00ednica UMH\",\"description\":\"Otro sitio m\\u00e1s de Zeus.umh.es Blogs\",\"publisher\":{\"@id\":\"https:\/\/departamentomedicinaclinica.umh.es\/#organization\"},\"potentialAction\":[{\"@type\":\"SearchAction\",\"target\":{\"@type\":\"EntryPoint\",\"urlTemplate\":\"https:\/\/departamentomedicinaclinica.umh.es\/?s={search_term_string}\"},\"query-input\":\"required name=search_term_string\"}],\"inLanguage\":\"ca\"},{\"@type\":\"ImageObject\",\"@id\":\"https:\/\/departamentomedicinaclinica.umh.es\/2018\/09\/06\/profesionales-sanitarios-de-peru-formacion-umh\/#primaryimage\",\"inLanguage\":\"ca\",\"url\":\"https:\/\/departamentomedicinaclinica.umh.es\/files\/2018\/07\/formacion-UMH-de-profesionales-sanitarios-de-Peru-e1536215165222.jpg\",\"contentUrl\":\"https:\/\/departamentomedicinaclinica.umh.es\/files\/2018\/07\/formacion-UMH-de-profesionales-sanitarios-de-Peru-e1536215165222.jpg\",\"width\":555,\"height\":338,\"caption\":\"Jose Manuel Ramos Rinc\\u00f3n Formaci\\u00f3n UMH de profesionales sanitarios de Per\\u00fa Hospital General Universitario Alicante\"},{\"@type\":\"WebPage\",\"@id\":\"https:\/\/departamentomedicinaclinica.umh.es\/2018\/09\/06\/profesionales-sanitarios-de-peru-formacion-umh\/#webpage\",\"url\":\"https:\/\/departamentomedicinaclinica.umh.es\/2018\/09\/06\/profesionales-sanitarios-de-peru-formacion-umh\/\",\"name\":\"Professionals sanitaris del Per\\u00fa formats amb \\u00e8xit per professors de medicina de la UMH - Departamento de Medicina Cl\\u00ednica UMH\",\"isPartOf\":{\"@id\":\"https:\/\/departamentomedicinaclinica.umh.es\/#website\"},\"primaryImageOfPage\":{\"@id\":\"https:\/\/departamentomedicinaclinica.umh.es\/2018\/09\/06\/profesionales-sanitarios-de-peru-formacion-umh\/#primaryimage\"},\"datePublished\":\"2018-09-06T06:31:52+00:00\",\"dateModified\":\"2024-02-23T10:38:43+00:00\",\"description\":\"Alejandro\\u00a0Quiroz\\u00a0Morey\\u00a0va participar en el projecte de formaci\\u00f3\\u00a0UMH\\u00a0de professionals sanitaris del Per\\u00fa en centres hospitalaris d'Alacant. Jose Manuel Ramos\",\"breadcrumb\":{\"@id\":\"https:\/\/departamentomedicinaclinica.umh.es\/2018\/09\/06\/profesionales-sanitarios-de-peru-formacion-umh\/#breadcrumb\"},\"inLanguage\":\"ca\",\"potentialAction\":[{\"@type\":\"ReadAction\",\"target\":[\"https:\/\/departamentomedicinaclinica.umh.es\/2018\/09\/06\/profesionales-sanitarios-de-peru-formacion-umh\/\"]}]},{\"@type\":\"BreadcrumbList\",\"@id\":\"https:\/\/departamentomedicinaclinica.umh.es\/2018\/09\/06\/profesionales-sanitarios-de-peru-formacion-umh\/#breadcrumb\",\"itemListElement\":[{\"@type\":\"ListItem\",\"position\":1,\"name\":\"Portada\",\"item\":\"https:\/\/departamentomedicinaclinica.umh.es\/\"},{\"@type\":\"ListItem\",\"position\":2,\"name\":\"Profesionales sanitarios de Per\\u00fa formados con \\u00e9xito por profesores de medicina de la UMH\"}]},{\"@type\":\"Article\",\"@id\":\"https:\/\/departamentomedicinaclinica.umh.es\/2018\/09\/06\/profesionales-sanitarios-de-peru-formacion-umh\/#article\",\"isPartOf\":{\"@id\":\"https:\/\/departamentomedicinaclinica.umh.es\/2018\/09\/06\/profesionales-sanitarios-de-peru-formacion-umh\/#webpage\"},\"author\":{\"@id\":\"https:\/\/departamentomedicinaclinica.umh.es\/#\/schema\/person\/4cce65f000b37391eb0fdba785a882b9\"},\"headline\":\"Professionals sanitaris del Per\\u00fa formats amb \\u00e8xit per professors de medicina de la UMH\",\"datePublished\":\"2018-09-06T06:31:52+00:00\",\"dateModified\":\"2024-02-23T10:38:43+00:00\",\"mainEntityOfPage\":{\"@id\":\"https:\/\/departamentomedicinaclinica.umh.es\/2018\/09\/06\/profesionales-sanitarios-de-peru-formacion-umh\/#webpage\"},\"wordCount\":1597,\"publisher\":{\"@id\":\"https:\/\/departamentomedicinaclinica.umh.es\/#organization\"},\"image\":{\"@id\":\"https:\/\/departamentomedicinaclinica.umh.es\/2018\/09\/06\/profesionales-sanitarios-de-peru-formacion-umh\/#primaryimage\"},\"thumbnailUrl\":\"https:\/\/departamentomedicinaclinica.umh.es\/files\/2018\/07\/formacion-UMH-de-profesionales-sanitarios-de-Peru-e1536215165222.jpg\",\"keywords\":[\"Cooperaci\\u00f3n Voluntariado UMH Programa Cooperaci\\u00f3n Voluntariado UMH\",\"Enfermedades infecciosas UMH\",\"Jose Manuel Ramos Rinc\\u00f3n\",\"Medicina UMH\",\"M\\u00e9dicos formaci\\u00f3n Sudam\\u00e9rica\",\"Per\\u00fa UMH\",\"Relaciones internacionales UMH\",\"Universidad Miguel Hern\\u00e1ndez\"],\"articleSection\":[\"Actualidad\"],\"inLanguage\":\"ca\"},{\"@type\":\"Person\",\"@id\":\"https:\/\/departamentomedicinaclinica.umh.es\/#\/schema\/person\/4cce65f000b37391eb0fdba785a882b9\",\"name\":\"garcia.natalia\",\"image\":{\"@type\":\"ImageObject\",\"@id\":\"https:\/\/departamentomedicinaclinica.umh.es\/#personlogo\",\"inLanguage\":\"ca\",\"url\":\"https:\/\/secure.gravatar.com\/avatar\/2f6b18e6f874050af9faeeac24349c8c?s=96&d=mm&r=g\",\"contentUrl\":\"https:\/\/secure.gravatar.com\/avatar\/2f6b18e6f874050af9faeeac24349c8c?s=96&d=mm&r=g\",\"caption\":\"garcia.natalia\"},\"url\":\"https:\/\/departamentomedicinaclinica.umh.es\/ca\/author\/garcia-natalia\/\"}]}<\/script>\n<!-- \/ Yoast SEO plugin. -->","yoast_head_json":{"description":"Alejandro\u00a0Quiroz\u00a0Morey\u00a0va participar en el projecte de formaci\u00f3\u00a0UMH\u00a0de professionals sanitaris del Per\u00fa en centres hospitalaris d'Alacant. Jose Manuel Ramos","robots":{"index":"index","follow":"follow","max-snippet":"max-snippet:-1","max-image-preview":"max-image-preview:large","max-video-preview":"max-video-preview:-1"},"canonical":"https:\/\/departamentomedicinaclinica.umh.es\/ca\/2018\/09\/06\/profesionales-sanitarios-de-peru-formacion-umh\/","og_locale":"ca_ES","og_type":"article","og_title":"Professionals sanitaris del Per\u00fa formats amb \u00e8xit per professors de medicina de la UMH - Departamento de Medicina Cl\u00ednica UMH","og_description":"Alejandro\u00a0Quiroz\u00a0Morey\u00a0va participar en el projecte de formaci\u00f3\u00a0UMH\u00a0de professionals sanitaris del Per\u00fa en centres hospitalaris d'Alacant. Jose Manuel Ramos","og_url":"https:\/\/departamentomedicinaclinica.umh.es\/2018\/09\/06\/profesionales-sanitarios-de-peru-formacion-umh\/","og_site_name":"Departamento de Medicina Cl\u00ednica UMH","article_published_time":"2018-09-06T06:31:52+00:00","article_modified_time":"2024-02-23T10:38:43+00:00","og_image":[{"width":555,"height":338,"url":"https:\/\/departamentomedicinaclinica.umh.es\/files\/2018\/07\/formacion-UMH-de-profesionales-sanitarios-de-Peru-e1536215165222.jpg","type":"image\/jpeg"}],"twitter_card":"summary_large_image","twitter_creator":"@medicinaumh","twitter_site":"@medicinaumh","twitter_misc":{"Written by":"garcia.natalia","Est. reading time":"8 minuts"},"schema":{"@context":"https:\/\/schema.org","@graph":[{"@type":"Organization","@id":"https:\/\/departamentomedicinaclinica.umh.es\/#organization","name":"Departamento Medicina Cl\u00ednica Universidad Miguel Hern\u00e1ndez de Elche","url":"https:\/\/departamentomedicinaclinica.umh.es\/","sameAs":["https:\/\/www.youtube.com\/playlist?list=PLClKgnzRFYe6Y_i4QLNSlOwsZn0X3Klmb","https:\/\/twitter.com\/medicinaumh"],"logo":{"@type":"ImageObject","@id":"https:\/\/departamentomedicinaclinica.umh.es\/#logo","inLanguage":"ca","url":"https:\/\/departamentomedicinaclinica.umh.es\/files\/2024\/07\/meclin-vertical.png","contentUrl":"https:\/\/departamentomedicinaclinica.umh.es\/files\/2024\/07\/meclin-vertical.png","width":1376,"height":1600,"caption":"Departamento Medicina Cl\u00ednica Universidad Miguel Hern\u00e1ndez de Elche"},"image":{"@id":"https:\/\/departamentomedicinaclinica.umh.es\/#logo"}},{"@type":"WebSite","@id":"https:\/\/departamentomedicinaclinica.umh.es\/#website","url":"https:\/\/departamentomedicinaclinica.umh.es\/","name":"Departamento de Medicina Cl\u00ednica UMH","description":"Otro sitio m\u00e1s de Zeus.umh.es Blogs","publisher":{"@id":"https:\/\/departamentomedicinaclinica.umh.es\/#organization"},"potentialAction":[{"@type":"SearchAction","target":{"@type":"EntryPoint","urlTemplate":"https:\/\/departamentomedicinaclinica.umh.es\/?s={search_term_string}"},"query-input":"required name=search_term_string"}],"inLanguage":"ca"},{"@type":"ImageObject","@id":"https:\/\/departamentomedicinaclinica.umh.es\/2018\/09\/06\/profesionales-sanitarios-de-peru-formacion-umh\/#primaryimage","inLanguage":"ca","url":"https:\/\/departamentomedicinaclinica.umh.es\/files\/2018\/07\/formacion-UMH-de-profesionales-sanitarios-de-Peru-e1536215165222.jpg","contentUrl":"https:\/\/departamentomedicinaclinica.umh.es\/files\/2018\/07\/formacion-UMH-de-profesionales-sanitarios-de-Peru-e1536215165222.jpg","width":555,"height":338,"caption":"Jose Manuel Ramos Rinc\u00f3n Formaci\u00f3n UMH de profesionales sanitarios de Per\u00fa Hospital General Universitario Alicante"},{"@type":"WebPage","@id":"https:\/\/departamentomedicinaclinica.umh.es\/2018\/09\/06\/profesionales-sanitarios-de-peru-formacion-umh\/#webpage","url":"https:\/\/departamentomedicinaclinica.umh.es\/2018\/09\/06\/profesionales-sanitarios-de-peru-formacion-umh\/","name":"Professionals sanitaris del Per\u00fa formats amb \u00e8xit per professors de medicina de la UMH - Departamento de Medicina Cl\u00ednica UMH","isPartOf":{"@id":"https:\/\/departamentomedicinaclinica.umh.es\/#website"},"primaryImageOfPage":{"@id":"https:\/\/departamentomedicinaclinica.umh.es\/2018\/09\/06\/profesionales-sanitarios-de-peru-formacion-umh\/#primaryimage"},"datePublished":"2018-09-06T06:31:52+00:00","dateModified":"2024-02-23T10:38:43+00:00","description":"Alejandro\u00a0Quiroz\u00a0Morey\u00a0va participar en el projecte de formaci\u00f3\u00a0UMH\u00a0de professionals sanitaris del Per\u00fa en centres hospitalaris d'Alacant. Jose Manuel Ramos","breadcrumb":{"@id":"https:\/\/departamentomedicinaclinica.umh.es\/2018\/09\/06\/profesionales-sanitarios-de-peru-formacion-umh\/#breadcrumb"},"inLanguage":"ca","potentialAction":[{"@type":"ReadAction","target":["https:\/\/departamentomedicinaclinica.umh.es\/2018\/09\/06\/profesionales-sanitarios-de-peru-formacion-umh\/"]}]},{"@type":"BreadcrumbList","@id":"https:\/\/departamentomedicinaclinica.umh.es\/2018\/09\/06\/profesionales-sanitarios-de-peru-formacion-umh\/#breadcrumb","itemListElement":[{"@type":"ListItem","position":1,"name":"Portada","item":"https:\/\/departamentomedicinaclinica.umh.es\/"},{"@type":"ListItem","position":2,"name":"Profesionales sanitarios de Per\u00fa formados con \u00e9xito por profesores de medicina de la UMH"}]},{"@type":"Article","@id":"https:\/\/departamentomedicinaclinica.umh.es\/2018\/09\/06\/profesionales-sanitarios-de-peru-formacion-umh\/#article","isPartOf":{"@id":"https:\/\/departamentomedicinaclinica.umh.es\/2018\/09\/06\/profesionales-sanitarios-de-peru-formacion-umh\/#webpage"},"author":{"@id":"https:\/\/departamentomedicinaclinica.umh.es\/#\/schema\/person\/4cce65f000b37391eb0fdba785a882b9"},"headline":"Professionals sanitaris del Per\u00fa formats amb \u00e8xit per professors de medicina de la UMH","datePublished":"2018-09-06T06:31:52+00:00","dateModified":"2024-02-23T10:38:43+00:00","mainEntityOfPage":{"@id":"https:\/\/departamentomedicinaclinica.umh.es\/2018\/09\/06\/profesionales-sanitarios-de-peru-formacion-umh\/#webpage"},"wordCount":1597,"publisher":{"@id":"https:\/\/departamentomedicinaclinica.umh.es\/#organization"},"image":{"@id":"https:\/\/departamentomedicinaclinica.umh.es\/2018\/09\/06\/profesionales-sanitarios-de-peru-formacion-umh\/#primaryimage"},"thumbnailUrl":"https:\/\/departamentomedicinaclinica.umh.es\/files\/2018\/07\/formacion-UMH-de-profesionales-sanitarios-de-Peru-e1536215165222.jpg","keywords":["Cooperaci\u00f3n Voluntariado UMH Programa Cooperaci\u00f3n Voluntariado UMH","Enfermedades infecciosas UMH","Jose Manuel Ramos Rinc\u00f3n","Medicina UMH","M\u00e9dicos formaci\u00f3n Sudam\u00e9rica","Per\u00fa UMH","Relaciones internacionales UMH","Universidad Miguel Hern\u00e1ndez"],"articleSection":["Actualidad"],"inLanguage":"ca"},{"@type":"Person","@id":"https:\/\/departamentomedicinaclinica.umh.es\/#\/schema\/person\/4cce65f000b37391eb0fdba785a882b9","name":"garcia.natalia","image":{"@type":"ImageObject","@id":"https:\/\/departamentomedicinaclinica.umh.es\/#personlogo","inLanguage":"ca","url":"https:\/\/secure.gravatar.com\/avatar\/2f6b18e6f874050af9faeeac24349c8c?s=96&d=mm&r=g","contentUrl":"https:\/\/secure.gravatar.com\/avatar\/2f6b18e6f874050af9faeeac24349c8c?s=96&d=mm&r=g","caption":"garcia.natalia"},"url":"https:\/\/departamentomedicinaclinica.umh.es\/ca\/author\/garcia-natalia\/"}]}},"_links":{"self":[{"href":"https:\/\/departamentomedicinaclinica.umh.es\/ca\/wp-json\/wp\/v2\/posts\/16624"}],"collection":[{"href":"https:\/\/departamentomedicinaclinica.umh.es\/ca\/wp-json\/wp\/v2\/posts"}],"about":[{"href":"https:\/\/departamentomedicinaclinica.umh.es\/ca\/wp-json\/wp\/v2\/types\/post"}],"author":[{"embeddable":true,"href":"https:\/\/departamentomedicinaclinica.umh.es\/ca\/wp-json\/wp\/v2\/users\/3158"}],"replies":[{"embeddable":true,"href":"https:\/\/departamentomedicinaclinica.umh.es\/ca\/wp-json\/wp\/v2\/comments?post=16624"}],"version-history":[{"count":0,"href":"https:\/\/departamentomedicinaclinica.umh.es\/ca\/wp-json\/wp\/v2\/posts\/16624\/revisions"}],"wp:featuredmedia":[{"embeddable":true,"href":"https:\/\/departamentomedicinaclinica.umh.es\/ca\/wp-json\/wp\/v2\/media\/16749"}],"wp:attachment":[{"href":"https:\/\/departamentomedicinaclinica.umh.es\/ca\/wp-json\/wp\/v2\/media?parent=16624"}],"wp:term":[{"taxonomy":"category","embeddable":true,"href":"https:\/\/departamentomedicinaclinica.umh.es\/ca\/wp-json\/wp\/v2\/categories?post=16624"},{"taxonomy":"post_tag","embeddable":true,"href":"https:\/\/departamentomedicinaclinica.umh.es\/ca\/wp-json\/wp\/v2\/tags?post=16624"}],"curies":[{"name":"wp","href":"https:\/\/api.w.org\/{rel}","templated":true}]}}