{"id":16678,"date":"2018-10-11T11:13:42","date_gmt":"2018-10-11T09:13:42","guid":{"rendered":"http:\/\/www.departamentomedicinaclinicaumh.es\/?p=16678"},"modified":"2024-02-23T10:38:43","modified_gmt":"2024-02-23T10:38:43","slug":"prevalencia-de-enfermedades-alergicas-umh","status":"publish","type":"post","link":"https:\/\/departamentomedicinaclinica.umh.es\/ca\/2018\/10\/11\/prevalencia-de-enfermedades-alergicas-umh\/","title":{"rendered":"Prevalen\u00e7a de malalties al\u00b7l\u00e8rgiques a la poblaci\u00f3 de Relleu un pioner estudi de la UMH"},"content":{"rendered":"<p><\/p>\n<p>Prevalen\u00e7a de <strong>malalties al\u00b7l\u00e8rgiques a Relleu i les seues pedanies<\/strong> \u00e9s el t\u00edtol d&#8217;un recent estudi en el qual participa la UMH.<\/p>\n<p><img loading=\"lazy\" class=\"aligncenter wp-image-16803\" title=\"El estudio de la UMH realizado en la localidad alicantina de Relleu y sus pedan\u00edas ha puesto de manifiesto excelentes resultados\" src=\"http:\/\/departamentomedicinaclinica.edu.umh.es\/wp-content\/uploads\/sites\/1455\/2018\/09\/Vista-de-Relleu-Alicante.jpg\" alt=\"Estudi prevalen\u00e7a de malalties al\u00b7l\u00e8rgiques Relleu panor\u00e0mica\" width=\"500\" height=\"308\" srcset=\"https:\/\/departamentomedicinaclinica.umh.es\/files\/2018\/09\/Vista-de-Relleu-Alicante.jpg 800w, https:\/\/departamentomedicinaclinica.umh.es\/files\/2018\/09\/Vista-de-Relleu-Alicante-300x185.jpg 300w, https:\/\/departamentomedicinaclinica.umh.es\/files\/2018\/09\/Vista-de-Relleu-Alicante-768x473.jpg 768w\" sizes=\"(max-width: 500px) 100vw, 500px\" \/><\/p>\n<h2>Qui participen en l&#8217;estudi sobre Prevalen\u00e7a de malalties al\u00b7l\u00e8rgiques a Relleu i les seues pedanies?<\/h2>\n<p>Diversos investigadors i professors del <a href=\"http:\/\/www.departamentomedicinaclinica.edu.umh.es\/ca\/\">Departament de Medicina Cl\u00ednica<!--more--> de la Universitat Miguel Hern\u00e1ndez<\/a> principalment. Entre ells, el seu director, <a href=\"https:\/\/www.umh.es\/contenido\/Estudiantes\/:persona_5668\/datos_val.html\">Francisco Javier Fern\u00e1ndez S\u00e1nchez,<\/a> lidera l&#8217;estudi sobre malalties al\u00b7l\u00e8rgiques en <strong>la comarca de Relleu i els seus voltants<\/strong>.<\/p>\n<p>Tamb\u00e9 formen part de l&#8217;estudie institucions sanit\u00e0ries nacionals com:<\/p>\n<ul>\n<li>Investigadors de l&#8217;Hospital <a href=\"http:\/\/www.madrid.org\/hospitalinfantaleonor\" target=\"_blank\" rel=\"noopener\">Infanta Leonor de Madrid<\/a>, dirigits per Miguel Blanca G\u00f3mez,<\/li>\n<li>L&#8217;<a href=\"http:\/\/alicante.san.gva.es\/\" target=\"_blank\" rel=\"noopener\">Hospital General d&#8217;Alacant<\/a><\/li>\n<\/ul>\n<p>Aix\u00ed mateix, en l&#8217;estudi de Prevalen\u00e7a de malalties al\u00b7l\u00e8rgiques participen tamb\u00e9:<\/p>\n<ul>\n<li>Cient\u00edfics de la Xarxa Nacional per a l&#8217;estudi de malalties al\u00b7l\u00e8rgiques, ARADyAL, finan\u00e7ada per l&#8217;Institut de Salut Carlos III, dependent del Ministeri de Ci\u00e8ncia i Innovaci\u00f3.<\/li>\n<li>L&#8217;Institut de Recerca Sanit\u00e0ria i Biom\u00e8dica d&#8217;Alacant (ISABIAL)<\/li>\n<\/ul>\n<p>B\u00e0sicament, l&#8217;Institut <a href=\"http:\/\/fisabio.san.gva.es\/ca\/isabial\" target=\"_blank\" rel=\"noopener\"><strong>ISABIAL<\/strong><\/a> \u00e9s el resultat del treball conjunt de la UMH i la UA; aix\u00ed com el Departament de Salut Alacant-Hospital General. Principalment mitjan\u00e7ant la participaci\u00f3 de la <a href=\"http:\/\/fisabio.san.gva.es\/ca\/inicio\" target=\"_blank\" rel=\"noopener\"><strong>Conselleria de Sanitat Universal i Salut P\u00fablica i la Fundaci\u00f3 per al Foment de la Recerca Sanit\u00e0ria i Biom\u00e8dica de la Comunitat Valenciana (FISABIO)<\/strong><\/a>, encarregat de la seua gesti\u00f3.<\/p>\n<p>Finalment, col\u00b7laboren \u00e0mpliament en l&#8217;estudi de Prevalen\u00e7a de malalties al\u00b7l\u00e8rgiques altres institucions:<\/p>\n<ul>\n<li>La<a href=\"https:\/\/www.seaic.org\/\" target=\"_blank\" rel=\"noopener\"> Societat Espanyola de Alergolog\u00eda i Immunitat Cl\u00ednica <strong>(SEAIC)<\/strong><\/a>,<\/li>\n<li>Associaci\u00f3 Valenciana de Alergolog\u00eda i Immunologia Cl\u00ednica <strong>(AVAIC)<\/strong>,<\/li>\n<li>l&#8217;Hospital de la Marina Baixa (La Vila Joiosa),<\/li>\n<li>l&#8217;Hospital Infanta Leonor (Madrid),<\/li>\n<li>el Centre Nacional de Recerques Biol\u00f2giques (Madrid),<\/li>\n<li>l&#8217;Escola Superior d&#8217;Agr\u00f2noms (Madrid),<\/li>\n<li>el Departament de Bioqu\u00edmica de la Universitat Complutense de Madrid i<\/li>\n<li>el Departament de Enginyeria de Computaci\u00f3 de la Facultat de Telecomunicacions de M\u00e0laga<\/li>\n<\/ul>\n<h2>En qu\u00e8 consisteix l&#8217;estudi sobre Prevalen\u00e7a de malalties al\u00b7l\u00e8rgiques a Relleu i les seues pedanies?<\/h2>\n<p>En aquest estudi, l&#8217;objectiu fonamental se centra a <strong>estudiar la prevalen\u00e7a de les malalties al\u00b7l\u00e8rgiques i els agents ambientals que les produeixen<\/strong>. El grup d&#8217;investigadors va aconseguir identificar que determinades <strong>prote\u00efnes alerg\u00e9nicas<\/strong> (pr\u00f2pies dels p\u00f2l\u00b7lens), per exemple les <strong>profilinas<\/strong>, estan presents en diversos p\u00f2l\u00b7lens (s\u00f3n panalerg\u00e9nicas). Unes altres, per la seua banda, s\u00f3n espec\u00edfiques del propi pol\u00b7len. L&#8217;estudi ha perm\u00e8s recon\u00e8ixer les prote\u00efnes alerg\u00e9nicas.<\/p>\n<p><img loading=\"lazy\" class=\"aligncenter wp-image-13643\" title=\"Javier Fern\u00e1ndez S\u00e1nchez es director del Departamento de Medicina Cl\u00ednica, investigador y director de la C\u00e1tedra de Alergia e Inmunolog\u00eda Cl\u00ednica de la UMH\" src=\"http:\/\/departamentomedicinaclinica.edu.umh.es\/wp-content\/uploads\/sites\/1455\/2016\/07\/Javier-Fernandez-Sanchez-Medicina-UMH-1024x906.jpg\" alt=\"Javier Fern\u00e1ndez S\u00e1nchez Alergia UMH Estudi Prevalen\u00e7a de malalties al\u00b7l\u00e8rgiques a Relleu\" width=\"500\" height=\"443\" srcset=\"https:\/\/departamentomedicinaclinica.umh.es\/files\/2016\/07\/Javier-Fernandez-Sanchez-Medicina-UMH-1024x906.jpg 1024w, https:\/\/departamentomedicinaclinica.umh.es\/files\/2016\/07\/Javier-Fernandez-Sanchez-Medicina-UMH-300x266.jpg 300w, https:\/\/departamentomedicinaclinica.umh.es\/files\/2016\/07\/Javier-Fernandez-Sanchez-Medicina-UMH-768x680.jpg 768w, https:\/\/departamentomedicinaclinica.umh.es\/files\/2016\/07\/Javier-Fernandez-Sanchez-Medicina-UMH.jpg 1062w\" sizes=\"(max-width: 500px) 100vw, 500px\" \/><\/p>\n<p>Segons <a href=\"http:\/\/www.umh.es\/contenido\/Estudiantes\/:persona_5668\/datos_val.html\"><strong>Javier Fern\u00e1ndez S\u00e1nchez<\/strong>,<\/a> director del Departament de Medicina Cl\u00ednica de la UMH, investigador i director de la<a href=\"http:\/\/catedradealergia.umh.es\/ca\/\" target=\"_blank\" rel=\"noopener\"> C\u00e0tedra de Al\u00b7l\u00e8rgia i Immunologia Cl\u00ednica de la UMH<\/a>: &#8220;aquest estudi t\u00e9 una aplicaci\u00f3 pr\u00e0ctica molt important, ja que permetr\u00e0 cercar nous al\u00b7lerg\u00f2gens de p\u00f2l\u00b7lens que sempre s&#8217;ha pensat que no s\u00f3n alerg\u00e9nicos i, en conseq\u00fc\u00e8ncia, trobar una soluci\u00f3 comuna per al que es pensava que eren moltes al\u00b7l\u00e8rgies, per\u00f2 que resulten ser produ\u00efts per un sol tipus de prote\u00efna&#8221;.<\/p>\n<h2>Quin ha sigut la poblaci\u00f3 d&#8217;estudi sobre Prevalen\u00e7a de malalties al\u00b7l\u00e8rgiques a Relleu i les seues pedanies?<\/h2>\n<p>El grup d&#8217;investigadors s&#8217;ha centrat en diverses poblacions amb aspectes i elements ambientals molt similars. Algunes de les caracter\u00edstiques mediambientals en com\u00fa a:<\/p>\n<ul>\n<li>Alacant,<\/li>\n<li>M\u00e0laga,<\/li>\n<li>Murcia<\/li>\n<\/ul>\n<p>Finalment, la xicoteta <strong>localitat alacantina de Relleu<\/strong> ha sigut la triada. Principalment pels seus factors ambientals, la grand\u00e0ria poblacional i el nombre de fam\u00edlies que viu i treballa en la zona i voltants. Aix\u00ed com per les caracter\u00edstiques pr\u00f2pies de la seua agricultura, centrada en l&#8217;exportaci\u00f3 de l&#8217;ametla. La poblaci\u00f3 de Relleu <strong>compta amb un grup de ciutadans estrangers residents<\/strong> que ha contret <strong>malalties al\u00b7l\u00e8rgiques similars als habitants aut\u00f2ctons<\/strong>.<\/p>\n<p><img loading=\"lazy\" class=\"aligncenter wp-image-17003 size-event-post-thumb\" title=\"El estudio de la UMH realizado en la localidad alicantina de Relleu y sus pedan\u00edas ha puesto de manifiesto excelentes resultados\" src=\"http:\/\/departamentomedicinaclinica.edu.umh.es\/wp-content\/uploads\/sites\/1455\/2018\/09\/Relleu_Alicante_Spain.jpg\" alt=\"Campos agricultura Relleu Alicante\" width=\"630\" height=\"300\" \/><\/p>\n<p>Els investigadors adverteixen que les malalties relacionades amb al\u00b7l\u00e8rgies s\u00f3n una problem\u00e0tica creixent. Aquesta afecta a la poblaci\u00f3 d&#8217;occident i augmenta constantment la seua pres\u00e8ncia. Per tant, l&#8217;inter\u00e8s despertat en l&#8217;estudi de patologies relacionades amb:<\/p>\n<ul>\n<li>el medi ambient,<\/li>\n<li>l&#8217;estil de vida modern,<\/li>\n<li>la higiene i,<\/li>\n<li>la qualitat de vida<\/li>\n<\/ul>\n<p>\u00e9s ja una realitat. Al costat de Relleu, l&#8217;estudi de recerca es desenvolupa en altres localitats de la prov\u00edncia d&#8217;Alacant.<\/p>\n<p><img loading=\"lazy\" class=\"aligncenter\" title=\"Algunes de les proves m\u00e8diques es van realitzar per a constatar els resultats de l'estudi UMH sobre Prevalen\u00e7a de malalties al\u00b7l\u00e8rgiques\" src=\"http:\/\/departamentomedicinaclinica.edu.umh.es\/wp-content\/uploads\/sites\/1455\/2018\/10\/Prevalencia-enfermedades-alergicas-studio-Relleu-1-1024x576.jpg\" alt=\"Proves m\u00e8diques puncions Prevalen\u00e7a malalties alergicas estudi UMH Relleu Alacant\" width=\"630\" height=\"354\" \/><\/p>","protected":false},"excerpt":{"rendered":"<p>Ho sentim, aquesta entrada es troba disponible \u00fanicament en Espanyol Europeu.<\/p>\n","protected":false},"author":3158,"featured_media":17046,"comment_status":"closed","ping_status":"closed","sticky":false,"template":"","format":"standard","meta":{"_links_to":"","_links_to_target":""},"categories":[964],"tags":[69563,284370,1996,1130177,1143410,1208445,73409,5419,5665,5959,6265],"yoast_head":"<!-- This site is optimized with the Yoast SEO plugin v17.5 - https:\/\/yoast.com\/wordpress\/plugins\/seo\/ -->\n<meta name=\"description\" content=\"Javier Fern\u00e1ndez S\u00e1nchez, Medicina Cl\u00ednica de la\u00a0UMH, col\u00b7labora en l&#039;Estudi sobre la Prevalen\u00e7a de malalties al\u00b7l\u00e8rgiques a Relleu i les seues pedanies.\" \/>\n<meta name=\"robots\" content=\"index, follow, max-snippet:-1, max-image-preview:large, max-video-preview:-1\" \/>\n<link rel=\"canonical\" href=\"https:\/\/departamentomedicinaclinica.umh.es\/ca\/2018\/10\/11\/prevalencia-de-enfermedades-alergicas-umh\/\" \/>\n<meta property=\"og:locale\" content=\"ca_ES\" \/>\n<meta property=\"og:type\" content=\"article\" \/>\n<meta property=\"og:title\" content=\"Prevalen\u00e7a de malalties al\u00b7l\u00e8rgiques a la poblaci\u00f3 de Relleu un pioner estudi de la UMH - Departamento de Medicina Cl\u00ednica UMH\" \/>\n<meta property=\"og:description\" content=\"Javier Fern\u00e1ndez S\u00e1nchez, Medicina Cl\u00ednica de la\u00a0UMH, col\u00b7labora en l&#039;Estudi sobre la Prevalen\u00e7a de malalties al\u00b7l\u00e8rgiques a Relleu i les seues pedanies.\" \/>\n<meta property=\"og:url\" content=\"https:\/\/departamentomedicinaclinica.umh.es\/2018\/10\/11\/prevalencia-de-enfermedades-alergicas-umh\/\" \/>\n<meta property=\"og:site_name\" content=\"Departamento de Medicina Cl\u00ednica UMH\" \/>\n<meta property=\"article:published_time\" content=\"2018-10-11T09:13:42+00:00\" \/>\n<meta property=\"article:modified_time\" content=\"2024-02-23T10:38:43+00:00\" \/>\n<meta property=\"og:image\" content=\"https:\/\/departamentomedicinaclinica.umh.es\/files\/2018\/10\/Alergia-polen-plantas-Relleu-Alicante.jpg\" \/>\n\t<meta property=\"og:image:width\" content=\"555\" \/>\n\t<meta property=\"og:image:height\" content=\"338\" \/>\n<meta name=\"twitter:card\" content=\"summary_large_image\" \/>\n<meta name=\"twitter:creator\" content=\"@medicinaumh\" \/>\n<meta name=\"twitter:site\" content=\"@medicinaumh\" \/>\n<meta name=\"twitter:label1\" content=\"Written by\" \/>\n\t<meta name=\"twitter:data1\" content=\"garcia.natalia\" \/>\n\t<meta name=\"twitter:label2\" content=\"Est. reading time\" \/>\n\t<meta name=\"twitter:data2\" content=\"10 minuts\" \/>\n<script type=\"application\/ld+json\" class=\"yoast-schema-graph\">{\"@context\":\"https:\/\/schema.org\",\"@graph\":[{\"@type\":\"Organization\",\"@id\":\"https:\/\/departamentomedicinaclinica.umh.es\/#organization\",\"name\":\"Departamento Medicina Cl\\u00ednica Universidad Miguel Hern\\u00e1ndez de Elche\",\"url\":\"https:\/\/departamentomedicinaclinica.umh.es\/\",\"sameAs\":[\"https:\/\/www.youtube.com\/playlist?list=PLClKgnzRFYe6Y_i4QLNSlOwsZn0X3Klmb\",\"https:\/\/twitter.com\/medicinaumh\"],\"logo\":{\"@type\":\"ImageObject\",\"@id\":\"https:\/\/departamentomedicinaclinica.umh.es\/#logo\",\"inLanguage\":\"ca\",\"url\":\"https:\/\/departamentomedicinaclinica.umh.es\/files\/2024\/07\/meclin-vertical.png\",\"contentUrl\":\"https:\/\/departamentomedicinaclinica.umh.es\/files\/2024\/07\/meclin-vertical.png\",\"width\":1376,\"height\":1600,\"caption\":\"Departamento Medicina Cl\\u00ednica Universidad Miguel Hern\\u00e1ndez de Elche\"},\"image\":{\"@id\":\"https:\/\/departamentomedicinaclinica.umh.es\/#logo\"}},{\"@type\":\"WebSite\",\"@id\":\"https:\/\/departamentomedicinaclinica.umh.es\/#website\",\"url\":\"https:\/\/departamentomedicinaclinica.umh.es\/\",\"name\":\"Departamento de Medicina Cl\\u00ednica UMH\",\"description\":\"Otro sitio m\\u00e1s de Zeus.umh.es Blogs\",\"publisher\":{\"@id\":\"https:\/\/departamentomedicinaclinica.umh.es\/#organization\"},\"potentialAction\":[{\"@type\":\"SearchAction\",\"target\":{\"@type\":\"EntryPoint\",\"urlTemplate\":\"https:\/\/departamentomedicinaclinica.umh.es\/?s={search_term_string}\"},\"query-input\":\"required name=search_term_string\"}],\"inLanguage\":\"ca\"},{\"@type\":\"ImageObject\",\"@id\":\"https:\/\/departamentomedicinaclinica.umh.es\/2018\/10\/11\/prevalencia-de-enfermedades-alergicas-umh\/#primaryimage\",\"inLanguage\":\"ca\",\"url\":\"https:\/\/departamentomedicinaclinica.umh.es\/files\/2018\/10\/Alergia-polen-plantas-Relleu-Alicante.jpg\",\"contentUrl\":\"https:\/\/departamentomedicinaclinica.umh.es\/files\/2018\/10\/Alergia-polen-plantas-Relleu-Alicante.jpg\",\"width\":555,\"height\":338,\"caption\":\"Prevalencia de enfermedades al\\u00e9rgicas polen plantas Relleu Alicante\"},{\"@type\":\"WebPage\",\"@id\":\"https:\/\/departamentomedicinaclinica.umh.es\/2018\/10\/11\/prevalencia-de-enfermedades-alergicas-umh\/#webpage\",\"url\":\"https:\/\/departamentomedicinaclinica.umh.es\/2018\/10\/11\/prevalencia-de-enfermedades-alergicas-umh\/\",\"name\":\"Prevalen\\u00e7a de malalties al\\u00b7l\\u00e8rgiques a la poblaci\\u00f3 de Relleu un pioner estudi de la UMH - Departamento de Medicina Cl\\u00ednica UMH\",\"isPartOf\":{\"@id\":\"https:\/\/departamentomedicinaclinica.umh.es\/#website\"},\"primaryImageOfPage\":{\"@id\":\"https:\/\/departamentomedicinaclinica.umh.es\/2018\/10\/11\/prevalencia-de-enfermedades-alergicas-umh\/#primaryimage\"},\"datePublished\":\"2018-10-11T09:13:42+00:00\",\"dateModified\":\"2024-02-23T10:38:43+00:00\",\"description\":\"Javier Fern\\u00e1ndez S\\u00e1nchez, Medicina Cl\\u00ednica de la\\u00a0UMH, col\\u00b7labora en l'Estudi sobre la Prevalen\\u00e7a de malalties al\\u00b7l\\u00e8rgiques a Relleu i les seues pedanies.\",\"breadcrumb\":{\"@id\":\"https:\/\/departamentomedicinaclinica.umh.es\/2018\/10\/11\/prevalencia-de-enfermedades-alergicas-umh\/#breadcrumb\"},\"inLanguage\":\"ca\",\"potentialAction\":[{\"@type\":\"ReadAction\",\"target\":[\"https:\/\/departamentomedicinaclinica.umh.es\/2018\/10\/11\/prevalencia-de-enfermedades-alergicas-umh\/\"]}]},{\"@type\":\"BreadcrumbList\",\"@id\":\"https:\/\/departamentomedicinaclinica.umh.es\/2018\/10\/11\/prevalencia-de-enfermedades-alergicas-umh\/#breadcrumb\",\"itemListElement\":[{\"@type\":\"ListItem\",\"position\":1,\"name\":\"Portada\",\"item\":\"https:\/\/departamentomedicinaclinica.umh.es\/\"},{\"@type\":\"ListItem\",\"position\":2,\"name\":\"Prevalencia de enfermedades al\\u00e9rgicas en Relleu un estudio pionero de la UMH\"}]},{\"@type\":\"Article\",\"@id\":\"https:\/\/departamentomedicinaclinica.umh.es\/2018\/10\/11\/prevalencia-de-enfermedades-alergicas-umh\/#article\",\"isPartOf\":{\"@id\":\"https:\/\/departamentomedicinaclinica.umh.es\/2018\/10\/11\/prevalencia-de-enfermedades-alergicas-umh\/#webpage\"},\"author\":{\"@id\":\"https:\/\/departamentomedicinaclinica.umh.es\/#\/schema\/person\/4cce65f000b37391eb0fdba785a882b9\"},\"headline\":\"Prevalen\\u00e7a de malalties al\\u00b7l\\u00e8rgiques a la poblaci\\u00f3 de Relleu un pioner estudi de la UMH\",\"datePublished\":\"2018-10-11T09:13:42+00:00\",\"dateModified\":\"2024-02-23T10:38:43+00:00\",\"mainEntityOfPage\":{\"@id\":\"https:\/\/departamentomedicinaclinica.umh.es\/2018\/10\/11\/prevalencia-de-enfermedades-alergicas-umh\/#webpage\"},\"wordCount\":2126,\"publisher\":{\"@id\":\"https:\/\/departamentomedicinaclinica.umh.es\/#organization\"},\"image\":{\"@id\":\"https:\/\/departamentomedicinaclinica.umh.es\/2018\/10\/11\/prevalencia-de-enfermedades-alergicas-umh\/#primaryimage\"},\"thumbnailUrl\":\"https:\/\/departamentomedicinaclinica.umh.es\/files\/2018\/10\/Alergia-polen-plantas-Relleu-Alicante.jpg\",\"keywords\":[\"alergia\",\"Departamento Medicina Cl\\u00ednica UMH\",\"Eliminar t\\u00e9rmino: estudio Reslleu Alergia estudio Relleu Alergia\",\"Enfermedades al\\u00e9rgicas Relleu\",\"Estudio Alergia UMH\",\"Javier Fern\\u00e1ndez S\\u00e1nchez\",\"Prevalencia\",\"SEAIC\",\"Sociedad Espa\\u00f1ola de Alergia e Inmunolog\\u00eda Cl\\u00ednica\",\"UMH\",\"Universidad Miguel Hern\\u00e1ndez\"],\"articleSection\":[\"Actualidad\"],\"inLanguage\":\"ca\"},{\"@type\":\"Person\",\"@id\":\"https:\/\/departamentomedicinaclinica.umh.es\/#\/schema\/person\/4cce65f000b37391eb0fdba785a882b9\",\"name\":\"garcia.natalia\",\"image\":{\"@type\":\"ImageObject\",\"@id\":\"https:\/\/departamentomedicinaclinica.umh.es\/#personlogo\",\"inLanguage\":\"ca\",\"url\":\"https:\/\/secure.gravatar.com\/avatar\/2f6b18e6f874050af9faeeac24349c8c?s=96&d=mm&r=g\",\"contentUrl\":\"https:\/\/secure.gravatar.com\/avatar\/2f6b18e6f874050af9faeeac24349c8c?s=96&d=mm&r=g\",\"caption\":\"garcia.natalia\"},\"url\":\"https:\/\/departamentomedicinaclinica.umh.es\/ca\/author\/garcia-natalia\/\"}]}<\/script>\n<!-- \/ Yoast SEO plugin. -->","yoast_head_json":{"description":"Javier Fern\u00e1ndez S\u00e1nchez, Medicina Cl\u00ednica de la\u00a0UMH, col\u00b7labora en l'Estudi sobre la Prevalen\u00e7a de malalties al\u00b7l\u00e8rgiques a Relleu i les seues pedanies.","robots":{"index":"index","follow":"follow","max-snippet":"max-snippet:-1","max-image-preview":"max-image-preview:large","max-video-preview":"max-video-preview:-1"},"canonical":"https:\/\/departamentomedicinaclinica.umh.es\/ca\/2018\/10\/11\/prevalencia-de-enfermedades-alergicas-umh\/","og_locale":"ca_ES","og_type":"article","og_title":"Prevalen\u00e7a de malalties al\u00b7l\u00e8rgiques a la poblaci\u00f3 de Relleu un pioner estudi de la UMH - Departamento de Medicina Cl\u00ednica UMH","og_description":"Javier Fern\u00e1ndez S\u00e1nchez, Medicina Cl\u00ednica de la\u00a0UMH, col\u00b7labora en l'Estudi sobre la Prevalen\u00e7a de malalties al\u00b7l\u00e8rgiques a Relleu i les seues pedanies.","og_url":"https:\/\/departamentomedicinaclinica.umh.es\/2018\/10\/11\/prevalencia-de-enfermedades-alergicas-umh\/","og_site_name":"Departamento de Medicina Cl\u00ednica UMH","article_published_time":"2018-10-11T09:13:42+00:00","article_modified_time":"2024-02-23T10:38:43+00:00","og_image":[{"width":555,"height":338,"url":"https:\/\/departamentomedicinaclinica.umh.es\/files\/2018\/10\/Alergia-polen-plantas-Relleu-Alicante.jpg","type":"image\/jpeg"}],"twitter_card":"summary_large_image","twitter_creator":"@medicinaumh","twitter_site":"@medicinaumh","twitter_misc":{"Written by":"garcia.natalia","Est. reading time":"10 minuts"},"schema":{"@context":"https:\/\/schema.org","@graph":[{"@type":"Organization","@id":"https:\/\/departamentomedicinaclinica.umh.es\/#organization","name":"Departamento Medicina Cl\u00ednica Universidad Miguel Hern\u00e1ndez de Elche","url":"https:\/\/departamentomedicinaclinica.umh.es\/","sameAs":["https:\/\/www.youtube.com\/playlist?list=PLClKgnzRFYe6Y_i4QLNSlOwsZn0X3Klmb","https:\/\/twitter.com\/medicinaumh"],"logo":{"@type":"ImageObject","@id":"https:\/\/departamentomedicinaclinica.umh.es\/#logo","inLanguage":"ca","url":"https:\/\/departamentomedicinaclinica.umh.es\/files\/2024\/07\/meclin-vertical.png","contentUrl":"https:\/\/departamentomedicinaclinica.umh.es\/files\/2024\/07\/meclin-vertical.png","width":1376,"height":1600,"caption":"Departamento Medicina Cl\u00ednica Universidad Miguel Hern\u00e1ndez de Elche"},"image":{"@id":"https:\/\/departamentomedicinaclinica.umh.es\/#logo"}},{"@type":"WebSite","@id":"https:\/\/departamentomedicinaclinica.umh.es\/#website","url":"https:\/\/departamentomedicinaclinica.umh.es\/","name":"Departamento de Medicina Cl\u00ednica UMH","description":"Otro sitio m\u00e1s de Zeus.umh.es Blogs","publisher":{"@id":"https:\/\/departamentomedicinaclinica.umh.es\/#organization"},"potentialAction":[{"@type":"SearchAction","target":{"@type":"EntryPoint","urlTemplate":"https:\/\/departamentomedicinaclinica.umh.es\/?s={search_term_string}"},"query-input":"required name=search_term_string"}],"inLanguage":"ca"},{"@type":"ImageObject","@id":"https:\/\/departamentomedicinaclinica.umh.es\/2018\/10\/11\/prevalencia-de-enfermedades-alergicas-umh\/#primaryimage","inLanguage":"ca","url":"https:\/\/departamentomedicinaclinica.umh.es\/files\/2018\/10\/Alergia-polen-plantas-Relleu-Alicante.jpg","contentUrl":"https:\/\/departamentomedicinaclinica.umh.es\/files\/2018\/10\/Alergia-polen-plantas-Relleu-Alicante.jpg","width":555,"height":338,"caption":"Prevalencia de enfermedades al\u00e9rgicas polen plantas Relleu Alicante"},{"@type":"WebPage","@id":"https:\/\/departamentomedicinaclinica.umh.es\/2018\/10\/11\/prevalencia-de-enfermedades-alergicas-umh\/#webpage","url":"https:\/\/departamentomedicinaclinica.umh.es\/2018\/10\/11\/prevalencia-de-enfermedades-alergicas-umh\/","name":"Prevalen\u00e7a de malalties al\u00b7l\u00e8rgiques a la poblaci\u00f3 de Relleu un pioner estudi de la UMH - Departamento de Medicina Cl\u00ednica UMH","isPartOf":{"@id":"https:\/\/departamentomedicinaclinica.umh.es\/#website"},"primaryImageOfPage":{"@id":"https:\/\/departamentomedicinaclinica.umh.es\/2018\/10\/11\/prevalencia-de-enfermedades-alergicas-umh\/#primaryimage"},"datePublished":"2018-10-11T09:13:42+00:00","dateModified":"2024-02-23T10:38:43+00:00","description":"Javier Fern\u00e1ndez S\u00e1nchez, Medicina Cl\u00ednica de la\u00a0UMH, col\u00b7labora en l'Estudi sobre la Prevalen\u00e7a de malalties al\u00b7l\u00e8rgiques a Relleu i les seues pedanies.","breadcrumb":{"@id":"https:\/\/departamentomedicinaclinica.umh.es\/2018\/10\/11\/prevalencia-de-enfermedades-alergicas-umh\/#breadcrumb"},"inLanguage":"ca","potentialAction":[{"@type":"ReadAction","target":["https:\/\/departamentomedicinaclinica.umh.es\/2018\/10\/11\/prevalencia-de-enfermedades-alergicas-umh\/"]}]},{"@type":"BreadcrumbList","@id":"https:\/\/departamentomedicinaclinica.umh.es\/2018\/10\/11\/prevalencia-de-enfermedades-alergicas-umh\/#breadcrumb","itemListElement":[{"@type":"ListItem","position":1,"name":"Portada","item":"https:\/\/departamentomedicinaclinica.umh.es\/"},{"@type":"ListItem","position":2,"name":"Prevalencia de enfermedades al\u00e9rgicas en Relleu un estudio pionero de la UMH"}]},{"@type":"Article","@id":"https:\/\/departamentomedicinaclinica.umh.es\/2018\/10\/11\/prevalencia-de-enfermedades-alergicas-umh\/#article","isPartOf":{"@id":"https:\/\/departamentomedicinaclinica.umh.es\/2018\/10\/11\/prevalencia-de-enfermedades-alergicas-umh\/#webpage"},"author":{"@id":"https:\/\/departamentomedicinaclinica.umh.es\/#\/schema\/person\/4cce65f000b37391eb0fdba785a882b9"},"headline":"Prevalen\u00e7a de malalties al\u00b7l\u00e8rgiques a la poblaci\u00f3 de Relleu un pioner estudi de la UMH","datePublished":"2018-10-11T09:13:42+00:00","dateModified":"2024-02-23T10:38:43+00:00","mainEntityOfPage":{"@id":"https:\/\/departamentomedicinaclinica.umh.es\/2018\/10\/11\/prevalencia-de-enfermedades-alergicas-umh\/#webpage"},"wordCount":2126,"publisher":{"@id":"https:\/\/departamentomedicinaclinica.umh.es\/#organization"},"image":{"@id":"https:\/\/departamentomedicinaclinica.umh.es\/2018\/10\/11\/prevalencia-de-enfermedades-alergicas-umh\/#primaryimage"},"thumbnailUrl":"https:\/\/departamentomedicinaclinica.umh.es\/files\/2018\/10\/Alergia-polen-plantas-Relleu-Alicante.jpg","keywords":["alergia","Departamento Medicina Cl\u00ednica UMH","Eliminar t\u00e9rmino: estudio Reslleu Alergia estudio Relleu Alergia","Enfermedades al\u00e9rgicas Relleu","Estudio Alergia UMH","Javier Fern\u00e1ndez S\u00e1nchez","Prevalencia","SEAIC","Sociedad Espa\u00f1ola de Alergia e Inmunolog\u00eda Cl\u00ednica","UMH","Universidad Miguel Hern\u00e1ndez"],"articleSection":["Actualidad"],"inLanguage":"ca"},{"@type":"Person","@id":"https:\/\/departamentomedicinaclinica.umh.es\/#\/schema\/person\/4cce65f000b37391eb0fdba785a882b9","name":"garcia.natalia","image":{"@type":"ImageObject","@id":"https:\/\/departamentomedicinaclinica.umh.es\/#personlogo","inLanguage":"ca","url":"https:\/\/secure.gravatar.com\/avatar\/2f6b18e6f874050af9faeeac24349c8c?s=96&d=mm&r=g","contentUrl":"https:\/\/secure.gravatar.com\/avatar\/2f6b18e6f874050af9faeeac24349c8c?s=96&d=mm&r=g","caption":"garcia.natalia"},"url":"https:\/\/departamentomedicinaclinica.umh.es\/ca\/author\/garcia-natalia\/"}]}},"_links":{"self":[{"href":"https:\/\/departamentomedicinaclinica.umh.es\/ca\/wp-json\/wp\/v2\/posts\/16678"}],"collection":[{"href":"https:\/\/departamentomedicinaclinica.umh.es\/ca\/wp-json\/wp\/v2\/posts"}],"about":[{"href":"https:\/\/departamentomedicinaclinica.umh.es\/ca\/wp-json\/wp\/v2\/types\/post"}],"author":[{"embeddable":true,"href":"https:\/\/departamentomedicinaclinica.umh.es\/ca\/wp-json\/wp\/v2\/users\/3158"}],"replies":[{"embeddable":true,"href":"https:\/\/departamentomedicinaclinica.umh.es\/ca\/wp-json\/wp\/v2\/comments?post=16678"}],"version-history":[{"count":0,"href":"https:\/\/departamentomedicinaclinica.umh.es\/ca\/wp-json\/wp\/v2\/posts\/16678\/revisions"}],"wp:featuredmedia":[{"embeddable":true,"href":"https:\/\/departamentomedicinaclinica.umh.es\/ca\/wp-json\/wp\/v2\/media\/17046"}],"wp:attachment":[{"href":"https:\/\/departamentomedicinaclinica.umh.es\/ca\/wp-json\/wp\/v2\/media?parent=16678"}],"wp:term":[{"taxonomy":"category","embeddable":true,"href":"https:\/\/departamentomedicinaclinica.umh.es\/ca\/wp-json\/wp\/v2\/categories?post=16678"},{"taxonomy":"post_tag","embeddable":true,"href":"https:\/\/departamentomedicinaclinica.umh.es\/ca\/wp-json\/wp\/v2\/tags?post=16678"}],"curies":[{"name":"wp","href":"https:\/\/api.w.org\/{rel}","templated":true}]}}