{"id":18418,"date":"2019-05-10T08:03:58","date_gmt":"2019-05-10T06:03:58","guid":{"rendered":"http:\/\/www.departamentomedicinaclinicaumh.es\/?p=18418"},"modified":"2024-02-23T10:38:41","modified_gmt":"2024-02-23T10:38:41","slug":"cursos-de-verano-umh-comienzan-en-2019","status":"publish","type":"post","link":"https:\/\/departamentomedicinaclinica.umh.es\/ca\/2019\/05\/10\/cursos-de-verano-umh-comienzan-en-2019\/","title":{"rendered":"Cursos d&#8217;estiu UMH comencen amb una \u00e0mplia oferta en 2019"},"content":{"rendered":"<p><img loading=\"lazy\" class=\"size-medium wp-image-18339 aligncenter\" src=\"https:\/\/departamentomedicinaclinica.umh.es\/files\/2019\/05\/Cartel-web-Curso-de-Verano-UMH-2019-300x183.jpg\" alt=\"Cartel web Cursos de Verano UMH 2019\" width=\"300\" height=\"183\" srcset=\"https:\/\/departamentomedicinaclinica.umh.es\/files\/2019\/05\/Cartel-web-Curso-de-Verano-UMH-2019-300x183.jpg 300w, https:\/\/departamentomedicinaclinica.umh.es\/files\/2019\/05\/Cartel-web-Curso-de-Verano-UMH-2019.jpg 555w\" sizes=\"(max-width: 300px) 100vw, 300px\" \/><\/p>\n<p>La Universitat Miguel Hern\u00e1ndez ha publicat recentment el llistat de Cursos d&#8217;Estiu\u00a0UMH. Com cada any acad\u00e8mic, l&#8217;oferta i tem\u00e0tica \u00e9s \u00e0mplia i variada. Fonamentalment, comprenen des de les noves tecnologies, fins a art, com parlar en p\u00fablic, disseny web, discapacitat, etc.<\/p>\n<h2>Quins s\u00f3n els Cursos d&#8217;estiu UMH relacionats amb medicina?<\/h2>\n<p>B\u00e0sicament, es tracta de 5 cursos impartits<!--more-->durant el curs acad\u00e8mic 2018-19 i que tenen connexi\u00f3 amb la medicina. Alguns dels professors del <a href=\"http:\/\/www.departamentomedicinaclinica.edu.umh.es\/ca\/\">Departament de Medicina Cl\u00ednica<\/a>\u00a0de la UMH imparteixen aquests cursos. Entre ells destaquen principalment:<\/p>\n<ul>\n<li><strong>CURS DE PR\u00c0CTIQUES CL\u00cdNIQUES, HOSPITAL GENERAL UNIVERSITARI D&#8217;ALACANT (HGUA) I ELX (HGUE)<\/strong> per <a href=\"https:\/\/www.umh.es\/contenido\/Estudiantes\/:persona_5668\/datos_val.html\" target=\"_blank\" rel=\"noreferrer noopener\">Francisco Javier Fern\u00e1ndez S\u00e1nchez<\/a>. Catedr\u00e0tic de Medicina i Director del Departament de Medicina Cl\u00ednica de la UMH.<\/li>\n<\/ul>\n<div class=\"wp-block-image\">\n<figure class=\"aligncenter is-resized\"><img loading=\"lazy\" class=\"wp-image-11596 aligncenter\" src=\"http:\/\/departamentomedicinaclinica.edu.umh.es\/wp-content\/uploads\/sites\/1455\/2016\/02\/JavierFernandezUMH-1024x906.jpg\" alt=\"Cursos d'estiu UMH Javier Fern\u00e1ndez profesor titular Medicina UMH y doctor Hospital de Elche\" width=\"278\" height=\"246\" srcset=\"https:\/\/departamentomedicinaclinica.umh.es\/files\/2016\/02\/JavierFernandezUMH-1024x906.jpg 1024w, https:\/\/departamentomedicinaclinica.umh.es\/files\/2016\/02\/JavierFernandezUMH-300x266.jpg 300w, https:\/\/departamentomedicinaclinica.umh.es\/files\/2016\/02\/JavierFernandezUMH-768x680.jpg 768w, https:\/\/departamentomedicinaclinica.umh.es\/files\/2016\/02\/JavierFernandezUMH.jpg 1062w\" sizes=\"(max-width: 278px) 100vw, 278px\" \/><\/figure>\n<\/div>\n<p><strong>-REDACCI\u00d3 I PUBLICACI\u00d3 D&#8217;ARTICLES CIENT\u00cdFICS<\/strong> per <a href=\"https:\/\/www.umh.es\/contenido\/pas\/:persona_123621\/datos_val.html\" target=\"_blank\" rel=\"noreferrer noopener\">Concepci\u00f3n Carratal\u00e1 Munuera<\/a>. Professora Ajudant Doctor del Departament de Medicina Cl\u00ednica de la UMH<\/p>\n<div class=\"wp-block-image\">\n<figure class=\"aligncenter is-resized\"><img loading=\"lazy\" class=\"wp-image-18352 aligncenter\" src=\"http:\/\/departamentomedicinaclinica.edu.umh.es\/wp-content\/uploads\/sites\/1455\/2019\/05\/Logo-Pubmed-1024x364.png\" alt=\"Cursos d'estiu UMH Logo Pubmed Cursos d'Estiu UMH\" width=\"276\" height=\"98\" srcset=\"https:\/\/departamentomedicinaclinica.umh.es\/files\/2019\/05\/Logo-Pubmed-1024x364.png 1024w, https:\/\/departamentomedicinaclinica.umh.es\/files\/2019\/05\/Logo-Pubmed-300x107.png 300w, https:\/\/departamentomedicinaclinica.umh.es\/files\/2019\/05\/Logo-Pubmed-768x273.png 768w, https:\/\/departamentomedicinaclinica.umh.es\/files\/2019\/05\/Logo-Pubmed.png 1280w\" sizes=\"(max-width: 276px) 100vw, 276px\" \/><\/figure>\n<\/div>\n<p><strong>-EL PROC\u00c9S D&#8217;ESCRIPTURA I PUBLICACI\u00d3 D&#8217;UN ARTICLE CIENT\u00cdFIC<\/strong> per <a href=\"https:\/\/www.umh.es\/contenido\/Estudios\/:persona_128480\/datos_val.html\" target=\"_blank\" rel=\"noreferrer noopener\">Isabel Belinch\u00f3n Romero<\/a>. Professora associada en el Departament de Medicina Cl\u00ednica de la UMH<b>.<\/b><\/p>\n<div class=\"wp-block-image\">\n<figure class=\"aligncenter is-resized\"><img loading=\"lazy\" class=\"wp-image-7227 aligncenter\" src=\"http:\/\/departamentomedicinaclinica.edu.umh.es\/wp-content\/uploads\/sites\/1455\/2014\/11\/IsabelBelinchonRomero-1024x906.jpg\" alt=\"Cursos d'estiu UMH Isabel Belinch\u00f3n Romero professora associada Medicina Cl\u00ednica UMH Cursos d'Estiu UMH\" width=\"321\" height=\"284\" srcset=\"https:\/\/departamentomedicinaclinica.umh.es\/files\/2014\/11\/IsabelBelinchonRomero-1024x906.jpg 1024w, https:\/\/departamentomedicinaclinica.umh.es\/files\/2014\/11\/IsabelBelinchonRomero-300x266.jpg 300w, https:\/\/departamentomedicinaclinica.umh.es\/files\/2014\/11\/IsabelBelinchonRomero-768x680.jpg 768w, https:\/\/departamentomedicinaclinica.umh.es\/files\/2014\/11\/IsabelBelinchonRomero.jpg 1062w\" sizes=\"(max-width: 321px) 100vw, 321px\" \/><\/figure>\n<\/div>\n<p><strong>-SALUT I VIATGES<\/strong> per <a href=\"https:\/\/www.umh.es\/contenido\/Estudios\/:persona_128503\/datos_val.html\" target=\"_blank\" rel=\"noreferrer noopener\">Jos\u00e9 Manuel Ramos Rinc\u00f3n<\/a>. Professor associat en el Departament de Medicina Cl\u00ednica de la UMH<\/p>\n<div class=\"wp-block-image\">\n<figure class=\"aligncenter is-resized\"><img loading=\"lazy\" class=\"wp-image-7004 aligncenter\" src=\"http:\/\/departamentomedicinaclinica.edu.umh.es\/wp-content\/uploads\/sites\/1455\/2014\/11\/montajeJoseManuelRamos-1024x906.jpg\" alt=\"Cursos d'estiu UMH Jose Manuel Ramos Rinc\u00f3n Medicina Cl\u00ednica UMH Cursos d'Estiu UMH\" width=\"291\" height=\"257\" srcset=\"https:\/\/departamentomedicinaclinica.umh.es\/files\/2014\/11\/montajeJoseManuelRamos-1024x906.jpg 1024w, https:\/\/departamentomedicinaclinica.umh.es\/files\/2014\/11\/montajeJoseManuelRamos-300x266.jpg 300w, https:\/\/departamentomedicinaclinica.umh.es\/files\/2014\/11\/montajeJoseManuelRamos-768x680.jpg 768w, https:\/\/departamentomedicinaclinica.umh.es\/files\/2014\/11\/montajeJoseManuelRamos.jpg 1062w\" sizes=\"(max-width: 291px) 100vw, 291px\" \/><\/figure>\n<\/div>\n<p>Per tant, la relaci\u00f3 de cursos d&#8217;estiu que la Universitat Miguel Hern\u00e1ndez d&#8217;Elx ofereix cada any pot consultar-se en la p\u00e0gina de la UMH.<\/p>\n<h5><strong><a href=\"http:\/\/cultura.umh.es\/files\/2019\/05\/CursosDeVeranoCASlinks.pdf\" target=\"_blank\" rel=\"noreferrer noopener\">DESC\u00c0RREGA LA RELACI\u00d3 DE CURSOS D&#8217;ESTIU ARA<\/a><\/strong><\/h5>\n<figure class=\"wp-block-image\"><img loading=\"lazy\" width=\"768\" height=\"950\" class=\"wp-image-18329\" src=\"http:\/\/departamentomedicinaclinica.edu.umh.es\/wp-content\/uploads\/sites\/1455\/2019\/05\/Portada-CursosDeVeranoUMH.jpg\" alt=\"Cartell Cursos d'estiu UMH\" srcset=\"https:\/\/departamentomedicinaclinica.umh.es\/files\/2019\/05\/Portada-CursosDeVeranoUMH.jpg 768w, https:\/\/departamentomedicinaclinica.umh.es\/files\/2019\/05\/Portada-CursosDeVeranoUMH-243x300.jpg 243w\" sizes=\"(max-width: 768px) 100vw, 768px\" \/><\/figure>\n<p><a href=\"http:\/\/cultura.umh.es\/files\/2019\/05\/CursosDeVeranoCASlinks.pdf\" target=\"_blank\" rel=\"noreferrer noopener\">Cat\u00e0leg Cursos d&#8217;estiu UMH 2019<\/a><\/p>\n<p><a href=\"http:\/\/universite.umh.es\/fpogestion\/aspx\/Preinscripcion\/Preinscripcion.aspx\" target=\"_blank\" rel=\"noreferrer noopener\"><strong>Matricula&#8217;t ac\u00ed<\/strong><\/a>\u00a0\u00a0 T&#8217;esperem!!<\/p>\n<h3>Normativa aplicable:<\/h3>\n<p><strong><a href=\"http:\/\/cultura.umh.es\/files\/2017\/05\/Normatica-Criterios-Econ%C3%B3micos-de-Cursos-de-Verano-2018.pdf\">Condicions de la normativa Criteris Econ\u00f2mics de Cursos d&#8217;Estiu<\/a><\/strong><br \/>\n<strong><a href=\"http:\/\/cultura.umh.es\/files\/2017\/05\/Normativa-de-Cursos-de-Verano-2018.pdf\" target=\"_blank\" rel=\"noreferrer noopener\">Veure la normativa de Cursos d&#8217;Estiu.<\/a><\/strong><br \/>\n<strong><a href=\"http:\/\/universite.umh.es\/_web_rw\/boumh\/docs\/4649_NORMATIVA%20TARJETA%20UMH%20SOLIDARIA.pdf\" target=\"_blank\" rel=\"noreferrer noopener\">Accedir a la normativa targeta solid\u00e0ria<\/a><\/strong><br \/>\n<strong><a href=\"http:\/\/deportes.umh.es\/files\/2010\/05\/tarjeta-extensa-umh1.pdf\" target=\"_blank\" rel=\"noreferrer noopener\">M\u00e9s informaci\u00f3 sobre la normativa targeta extensa<\/a><\/strong><\/p>\n<p>Llei 38\/2003, de 17 de novembre, General de subvencions<\/p>\n<p>Pressupost UMH, Cat\u00e0leg\u00a0de l&#8217;oferta\u00a0de Cursos d&#8217;Estiu UMH\u00a02019\u00a0(pr\u00f2ximament)<\/p>\n<p><strong>1.- Tipus de Matr\u00edcules:<\/strong><br \/>\nL&#8217;\u00fas de la matr\u00edcula UMH: Est\u00e0 destinada a estudiants de la UMH l&#8217;any acad\u00e8mic en curs<strong>,\u00a0<a href=\"https:\/\/alumni.umh.es\/\">Alumni UMH<\/a>,\u00a0<a href=\"http:\/\/universite.umh.es\/_web_rw\/boumh\/docs\/4649_NORMATIVA%20TARJETA%20UMH%20SOLIDARIA.pdf\">titulars de la Targeta Solid\u00e0ria UMH<\/a>, <\/strong>PDI, UMH, PI UMH\u00a0i PAS UMH.<\/p>\n<p>La matr\u00edcula Targeta Extensa UMH: Est\u00e0 destinada als<strong>\u00a0<a href=\"http:\/\/deportes.umh.es\/files\/2010\/05\/tarjeta-extensa-umh1.pdf\">titulars de la Targeta Extensa<\/a><\/strong><\/p>\n<ul>\n<li>Matr\u00edcula General: Correspondr\u00e0 a la resta d&#8217;interessats<\/li>\n<li><strong><a href=\"http:\/\/universite.umh.es\/pagovirtual\/\" target=\"_blank\" rel=\"noreferrer noopener\"> Pagament virtual<\/a><\/strong><\/li>\n<\/ul>\n<p>Podr\u00e0 fer la matr\u00edcula, entrar en el cat\u00e0leg, punxar damunt del curs seleccionat per a accedir al curs i en la part esquerra apareix: \u00abAC\u00cd PREINSCRIPCI\u00d3 I MATR\u00cdCULA\u00bb. La matr\u00edcula es realitzar\u00e0 de forma electr\u00f2nica.<\/p>\n<p><strong>2.-Reconeixement dels cursos<\/strong><br \/>\nEls Cursos d&#8217;Estiu UMH s\u00f3n susceptibles de ser reconeguts com a cr\u00e8dits ECTS (25 hores= 1 cr\u00e8dit) aix\u00ed com per les Universitats que pertanyen a la Xarxa Vives d\u2019Universitats.<\/p>\n<p><strong>3.- Diplomes<\/strong><br \/>\n<strong>S&#8217;entregar\u00e0\u00a0<\/strong><strong>diploma a l&#8217;alumnat que assistisca a un m\u00ednim del 85% del curs.<\/strong><\/p>\n<p><em>La universitat podr\u00e0 cancel\u00b7lar un curs, 24 hores abans del seu inici, si no t\u00e9 les matr\u00edcules m\u00ednimes exigides per normativa.<\/em><\/p>\n<p><strong>Contacte:\u00a0<a href=\"mailto:cursosdeverano@umh.es\">cursosdeverano@umh.es<\/a><\/strong><\/p>","protected":false},"excerpt":{"rendered":"<p>Ho sentim, aquesta entrada es troba disponible \u00fanicament en Espanyol Europeu.<\/p>\n","protected":false},"author":3158,"featured_media":18339,"comment_status":"closed","ping_status":"closed","sticky":false,"template":"","format":"standard","meta":{"_links_to":"","_links_to_target":""},"categories":[964],"tags":[1044440,29721,1085682,46031,1167248,6247],"yoast_head":"<!-- This site is optimized with the Yoast SEO plugin v17.5 - https:\/\/yoast.com\/wordpress\/plugins\/seo\/ -->\n<meta name=\"description\" content=\"La Universitat Miguel Hern\u00e1ndez ha publicat la llista de cursos d&#039;estiu UMH. Els estudiants, professors, PAS, PDI i personal extern poden inscriure&#039;s.\" \/>\n<meta name=\"robots\" content=\"index, follow, max-snippet:-1, max-image-preview:large, max-video-preview:-1\" \/>\n<link rel=\"canonical\" href=\"https:\/\/departamentomedicinaclinica.umh.es\/ca\/2019\/05\/10\/cursos-de-verano-umh-comienzan-en-2019\/\" \/>\n<meta property=\"og:locale\" content=\"ca_ES\" \/>\n<meta property=\"og:type\" content=\"article\" \/>\n<meta property=\"og:title\" content=\"Cursos d&#039;estiu UMH comencen amb una \u00e0mplia oferta en 2019 - Departamento de Medicina Cl\u00ednica UMH\" \/>\n<meta property=\"og:description\" content=\"La Universitat Miguel Hern\u00e1ndez ha publicat la llista de cursos d&#039;estiu UMH. Els estudiants, professors, PAS, PDI i personal extern poden inscriure&#039;s.\" \/>\n<meta property=\"og:url\" content=\"https:\/\/departamentomedicinaclinica.umh.es\/2019\/05\/10\/cursos-de-verano-umh-comienzan-en-2019\/\" \/>\n<meta property=\"og:site_name\" content=\"Departamento de Medicina Cl\u00ednica UMH\" \/>\n<meta property=\"article:published_time\" content=\"2019-05-10T06:03:58+00:00\" \/>\n<meta property=\"article:modified_time\" content=\"2024-02-23T10:38:41+00:00\" \/>\n<meta property=\"og:image\" content=\"https:\/\/departamentomedicinaclinica.umh.es\/files\/2019\/05\/Cartel-web-Curso-de-Verano-UMH-2019.jpg\" \/>\n\t<meta property=\"og:image:width\" content=\"555\" \/>\n\t<meta property=\"og:image:height\" content=\"339\" \/>\n<meta name=\"twitter:card\" content=\"summary_large_image\" \/>\n<meta name=\"twitter:creator\" content=\"@medicinaumh\" \/>\n<meta name=\"twitter:site\" content=\"@medicinaumh\" \/>\n<meta name=\"twitter:label1\" content=\"Written by\" \/>\n\t<meta name=\"twitter:data1\" content=\"garcia.natalia\" \/>\n\t<meta name=\"twitter:label2\" content=\"Est. reading time\" \/>\n\t<meta name=\"twitter:data2\" content=\"7 minuts\" \/>\n<script type=\"application\/ld+json\" class=\"yoast-schema-graph\">{\"@context\":\"https:\/\/schema.org\",\"@graph\":[{\"@type\":\"Organization\",\"@id\":\"https:\/\/departamentomedicinaclinica.umh.es\/#organization\",\"name\":\"Departamento Medicina Cl\\u00ednica Universidad Miguel Hern\\u00e1ndez de Elche\",\"url\":\"https:\/\/departamentomedicinaclinica.umh.es\/\",\"sameAs\":[\"https:\/\/www.youtube.com\/playlist?list=PLClKgnzRFYe6Y_i4QLNSlOwsZn0X3Klmb\",\"https:\/\/twitter.com\/medicinaumh\"],\"logo\":{\"@type\":\"ImageObject\",\"@id\":\"https:\/\/departamentomedicinaclinica.umh.es\/#logo\",\"inLanguage\":\"ca\",\"url\":\"https:\/\/departamentomedicinaclinica.umh.es\/files\/2024\/07\/meclin-vertical.png\",\"contentUrl\":\"https:\/\/departamentomedicinaclinica.umh.es\/files\/2024\/07\/meclin-vertical.png\",\"width\":1376,\"height\":1600,\"caption\":\"Departamento Medicina Cl\\u00ednica Universidad Miguel Hern\\u00e1ndez de Elche\"},\"image\":{\"@id\":\"https:\/\/departamentomedicinaclinica.umh.es\/#logo\"}},{\"@type\":\"WebSite\",\"@id\":\"https:\/\/departamentomedicinaclinica.umh.es\/#website\",\"url\":\"https:\/\/departamentomedicinaclinica.umh.es\/\",\"name\":\"Departamento de Medicina Cl\\u00ednica UMH\",\"description\":\"Otro sitio m\\u00e1s de Zeus.umh.es Blogs\",\"publisher\":{\"@id\":\"https:\/\/departamentomedicinaclinica.umh.es\/#organization\"},\"potentialAction\":[{\"@type\":\"SearchAction\",\"target\":{\"@type\":\"EntryPoint\",\"urlTemplate\":\"https:\/\/departamentomedicinaclinica.umh.es\/?s={search_term_string}\"},\"query-input\":\"required name=search_term_string\"}],\"inLanguage\":\"ca\"},{\"@type\":\"ImageObject\",\"@id\":\"https:\/\/departamentomedicinaclinica.umh.es\/2019\/05\/10\/cursos-de-verano-umh-comienzan-en-2019\/#primaryimage\",\"inLanguage\":\"ca\",\"url\":\"https:\/\/departamentomedicinaclinica.umh.es\/files\/2019\/05\/Cartel-web-Curso-de-Verano-UMH-2019.jpg\",\"contentUrl\":\"https:\/\/departamentomedicinaclinica.umh.es\/files\/2019\/05\/Cartel-web-Curso-de-Verano-UMH-2019.jpg\",\"width\":555,\"height\":339,\"caption\":\"Cartel web Cursos de Verano UMH 2019\"},{\"@type\":\"WebPage\",\"@id\":\"https:\/\/departamentomedicinaclinica.umh.es\/2019\/05\/10\/cursos-de-verano-umh-comienzan-en-2019\/#webpage\",\"url\":\"https:\/\/departamentomedicinaclinica.umh.es\/2019\/05\/10\/cursos-de-verano-umh-comienzan-en-2019\/\",\"name\":\"Cursos d'estiu UMH comencen amb una \\u00e0mplia oferta en 2019 - Departamento de Medicina Cl\\u00ednica UMH\",\"isPartOf\":{\"@id\":\"https:\/\/departamentomedicinaclinica.umh.es\/#website\"},\"primaryImageOfPage\":{\"@id\":\"https:\/\/departamentomedicinaclinica.umh.es\/2019\/05\/10\/cursos-de-verano-umh-comienzan-en-2019\/#primaryimage\"},\"datePublished\":\"2019-05-10T06:03:58+00:00\",\"dateModified\":\"2024-02-23T10:38:41+00:00\",\"description\":\"La Universitat Miguel Hern\\u00e1ndez ha publicat la llista de cursos d'estiu UMH. Els estudiants, professors, PAS, PDI i personal extern poden inscriure's.\",\"breadcrumb\":{\"@id\":\"https:\/\/departamentomedicinaclinica.umh.es\/2019\/05\/10\/cursos-de-verano-umh-comienzan-en-2019\/#breadcrumb\"},\"inLanguage\":\"ca\",\"potentialAction\":[{\"@type\":\"ReadAction\",\"target\":[\"https:\/\/departamentomedicinaclinica.umh.es\/2019\/05\/10\/cursos-de-verano-umh-comienzan-en-2019\/\"]}]},{\"@type\":\"BreadcrumbList\",\"@id\":\"https:\/\/departamentomedicinaclinica.umh.es\/2019\/05\/10\/cursos-de-verano-umh-comienzan-en-2019\/#breadcrumb\",\"itemListElement\":[{\"@type\":\"ListItem\",\"position\":1,\"name\":\"Portada\",\"item\":\"https:\/\/departamentomedicinaclinica.umh.es\/\"},{\"@type\":\"ListItem\",\"position\":2,\"name\":\"Cursos de verano UMH con una amplia oferta en 2019\"}]},{\"@type\":\"Article\",\"@id\":\"https:\/\/departamentomedicinaclinica.umh.es\/2019\/05\/10\/cursos-de-verano-umh-comienzan-en-2019\/#article\",\"isPartOf\":{\"@id\":\"https:\/\/departamentomedicinaclinica.umh.es\/2019\/05\/10\/cursos-de-verano-umh-comienzan-en-2019\/#webpage\"},\"author\":{\"@id\":\"https:\/\/departamentomedicinaclinica.umh.es\/#\/schema\/person\/4cce65f000b37391eb0fdba785a882b9\"},\"headline\":\"Cursos d&#8217;estiu UMH comencen amb una \\u00e0mplia oferta en 2019\",\"datePublished\":\"2019-05-10T06:03:58+00:00\",\"dateModified\":\"2024-02-23T10:38:41+00:00\",\"mainEntityOfPage\":{\"@id\":\"https:\/\/departamentomedicinaclinica.umh.es\/2019\/05\/10\/cursos-de-verano-umh-comienzan-en-2019\/#webpage\"},\"wordCount\":1438,\"publisher\":{\"@id\":\"https:\/\/departamentomedicinaclinica.umh.es\/#organization\"},\"image\":{\"@id\":\"https:\/\/departamentomedicinaclinica.umh.es\/2019\/05\/10\/cursos-de-verano-umh-comienzan-en-2019\/#primaryimage\"},\"thumbnailUrl\":\"https:\/\/departamentomedicinaclinica.umh.es\/files\/2019\/05\/Cartel-web-Curso-de-Verano-UMH-2019.jpg\",\"keywords\":[\"Cat\\u00e1logo Cursos Verano\",\"Cursos Invierno UMH\",\"Cursos Medicina Verano\",\"Cursos verano UMH\",\"Formaci\\u00f3n alumnos Universidad Miguel Hern\\u00e1ndez Elche\",\"Universidad cursos\"],\"articleSection\":[\"Actualidad\"],\"inLanguage\":\"ca\"},{\"@type\":\"Person\",\"@id\":\"https:\/\/departamentomedicinaclinica.umh.es\/#\/schema\/person\/4cce65f000b37391eb0fdba785a882b9\",\"name\":\"garcia.natalia\",\"image\":{\"@type\":\"ImageObject\",\"@id\":\"https:\/\/departamentomedicinaclinica.umh.es\/#personlogo\",\"inLanguage\":\"ca\",\"url\":\"https:\/\/secure.gravatar.com\/avatar\/2f6b18e6f874050af9faeeac24349c8c?s=96&d=mm&r=g\",\"contentUrl\":\"https:\/\/secure.gravatar.com\/avatar\/2f6b18e6f874050af9faeeac24349c8c?s=96&d=mm&r=g\",\"caption\":\"garcia.natalia\"},\"url\":\"https:\/\/departamentomedicinaclinica.umh.es\/ca\/author\/garcia-natalia\/\"}]}<\/script>\n<!-- \/ Yoast SEO plugin. -->","yoast_head_json":{"description":"La Universitat Miguel Hern\u00e1ndez ha publicat la llista de cursos d'estiu UMH. Els estudiants, professors, PAS, PDI i personal extern poden inscriure's.","robots":{"index":"index","follow":"follow","max-snippet":"max-snippet:-1","max-image-preview":"max-image-preview:large","max-video-preview":"max-video-preview:-1"},"canonical":"https:\/\/departamentomedicinaclinica.umh.es\/ca\/2019\/05\/10\/cursos-de-verano-umh-comienzan-en-2019\/","og_locale":"ca_ES","og_type":"article","og_title":"Cursos d'estiu UMH comencen amb una \u00e0mplia oferta en 2019 - Departamento de Medicina Cl\u00ednica UMH","og_description":"La Universitat Miguel Hern\u00e1ndez ha publicat la llista de cursos d'estiu UMH. Els estudiants, professors, PAS, PDI i personal extern poden inscriure's.","og_url":"https:\/\/departamentomedicinaclinica.umh.es\/2019\/05\/10\/cursos-de-verano-umh-comienzan-en-2019\/","og_site_name":"Departamento de Medicina Cl\u00ednica UMH","article_published_time":"2019-05-10T06:03:58+00:00","article_modified_time":"2024-02-23T10:38:41+00:00","og_image":[{"width":555,"height":339,"url":"https:\/\/departamentomedicinaclinica.umh.es\/files\/2019\/05\/Cartel-web-Curso-de-Verano-UMH-2019.jpg","type":"image\/jpeg"}],"twitter_card":"summary_large_image","twitter_creator":"@medicinaumh","twitter_site":"@medicinaumh","twitter_misc":{"Written by":"garcia.natalia","Est. reading time":"7 minuts"},"schema":{"@context":"https:\/\/schema.org","@graph":[{"@type":"Organization","@id":"https:\/\/departamentomedicinaclinica.umh.es\/#organization","name":"Departamento Medicina Cl\u00ednica Universidad Miguel Hern\u00e1ndez de Elche","url":"https:\/\/departamentomedicinaclinica.umh.es\/","sameAs":["https:\/\/www.youtube.com\/playlist?list=PLClKgnzRFYe6Y_i4QLNSlOwsZn0X3Klmb","https:\/\/twitter.com\/medicinaumh"],"logo":{"@type":"ImageObject","@id":"https:\/\/departamentomedicinaclinica.umh.es\/#logo","inLanguage":"ca","url":"https:\/\/departamentomedicinaclinica.umh.es\/files\/2024\/07\/meclin-vertical.png","contentUrl":"https:\/\/departamentomedicinaclinica.umh.es\/files\/2024\/07\/meclin-vertical.png","width":1376,"height":1600,"caption":"Departamento Medicina Cl\u00ednica Universidad Miguel Hern\u00e1ndez de Elche"},"image":{"@id":"https:\/\/departamentomedicinaclinica.umh.es\/#logo"}},{"@type":"WebSite","@id":"https:\/\/departamentomedicinaclinica.umh.es\/#website","url":"https:\/\/departamentomedicinaclinica.umh.es\/","name":"Departamento de Medicina Cl\u00ednica UMH","description":"Otro sitio m\u00e1s de Zeus.umh.es Blogs","publisher":{"@id":"https:\/\/departamentomedicinaclinica.umh.es\/#organization"},"potentialAction":[{"@type":"SearchAction","target":{"@type":"EntryPoint","urlTemplate":"https:\/\/departamentomedicinaclinica.umh.es\/?s={search_term_string}"},"query-input":"required name=search_term_string"}],"inLanguage":"ca"},{"@type":"ImageObject","@id":"https:\/\/departamentomedicinaclinica.umh.es\/2019\/05\/10\/cursos-de-verano-umh-comienzan-en-2019\/#primaryimage","inLanguage":"ca","url":"https:\/\/departamentomedicinaclinica.umh.es\/files\/2019\/05\/Cartel-web-Curso-de-Verano-UMH-2019.jpg","contentUrl":"https:\/\/departamentomedicinaclinica.umh.es\/files\/2019\/05\/Cartel-web-Curso-de-Verano-UMH-2019.jpg","width":555,"height":339,"caption":"Cartel web Cursos de Verano UMH 2019"},{"@type":"WebPage","@id":"https:\/\/departamentomedicinaclinica.umh.es\/2019\/05\/10\/cursos-de-verano-umh-comienzan-en-2019\/#webpage","url":"https:\/\/departamentomedicinaclinica.umh.es\/2019\/05\/10\/cursos-de-verano-umh-comienzan-en-2019\/","name":"Cursos d'estiu UMH comencen amb una \u00e0mplia oferta en 2019 - Departamento de Medicina Cl\u00ednica UMH","isPartOf":{"@id":"https:\/\/departamentomedicinaclinica.umh.es\/#website"},"primaryImageOfPage":{"@id":"https:\/\/departamentomedicinaclinica.umh.es\/2019\/05\/10\/cursos-de-verano-umh-comienzan-en-2019\/#primaryimage"},"datePublished":"2019-05-10T06:03:58+00:00","dateModified":"2024-02-23T10:38:41+00:00","description":"La Universitat Miguel Hern\u00e1ndez ha publicat la llista de cursos d'estiu UMH. Els estudiants, professors, PAS, PDI i personal extern poden inscriure's.","breadcrumb":{"@id":"https:\/\/departamentomedicinaclinica.umh.es\/2019\/05\/10\/cursos-de-verano-umh-comienzan-en-2019\/#breadcrumb"},"inLanguage":"ca","potentialAction":[{"@type":"ReadAction","target":["https:\/\/departamentomedicinaclinica.umh.es\/2019\/05\/10\/cursos-de-verano-umh-comienzan-en-2019\/"]}]},{"@type":"BreadcrumbList","@id":"https:\/\/departamentomedicinaclinica.umh.es\/2019\/05\/10\/cursos-de-verano-umh-comienzan-en-2019\/#breadcrumb","itemListElement":[{"@type":"ListItem","position":1,"name":"Portada","item":"https:\/\/departamentomedicinaclinica.umh.es\/"},{"@type":"ListItem","position":2,"name":"Cursos de verano UMH con una amplia oferta en 2019"}]},{"@type":"Article","@id":"https:\/\/departamentomedicinaclinica.umh.es\/2019\/05\/10\/cursos-de-verano-umh-comienzan-en-2019\/#article","isPartOf":{"@id":"https:\/\/departamentomedicinaclinica.umh.es\/2019\/05\/10\/cursos-de-verano-umh-comienzan-en-2019\/#webpage"},"author":{"@id":"https:\/\/departamentomedicinaclinica.umh.es\/#\/schema\/person\/4cce65f000b37391eb0fdba785a882b9"},"headline":"Cursos d&#8217;estiu UMH comencen amb una \u00e0mplia oferta en 2019","datePublished":"2019-05-10T06:03:58+00:00","dateModified":"2024-02-23T10:38:41+00:00","mainEntityOfPage":{"@id":"https:\/\/departamentomedicinaclinica.umh.es\/2019\/05\/10\/cursos-de-verano-umh-comienzan-en-2019\/#webpage"},"wordCount":1438,"publisher":{"@id":"https:\/\/departamentomedicinaclinica.umh.es\/#organization"},"image":{"@id":"https:\/\/departamentomedicinaclinica.umh.es\/2019\/05\/10\/cursos-de-verano-umh-comienzan-en-2019\/#primaryimage"},"thumbnailUrl":"https:\/\/departamentomedicinaclinica.umh.es\/files\/2019\/05\/Cartel-web-Curso-de-Verano-UMH-2019.jpg","keywords":["Cat\u00e1logo Cursos Verano","Cursos Invierno UMH","Cursos Medicina Verano","Cursos verano UMH","Formaci\u00f3n alumnos Universidad Miguel Hern\u00e1ndez Elche","Universidad cursos"],"articleSection":["Actualidad"],"inLanguage":"ca"},{"@type":"Person","@id":"https:\/\/departamentomedicinaclinica.umh.es\/#\/schema\/person\/4cce65f000b37391eb0fdba785a882b9","name":"garcia.natalia","image":{"@type":"ImageObject","@id":"https:\/\/departamentomedicinaclinica.umh.es\/#personlogo","inLanguage":"ca","url":"https:\/\/secure.gravatar.com\/avatar\/2f6b18e6f874050af9faeeac24349c8c?s=96&d=mm&r=g","contentUrl":"https:\/\/secure.gravatar.com\/avatar\/2f6b18e6f874050af9faeeac24349c8c?s=96&d=mm&r=g","caption":"garcia.natalia"},"url":"https:\/\/departamentomedicinaclinica.umh.es\/ca\/author\/garcia-natalia\/"}]}},"_links":{"self":[{"href":"https:\/\/departamentomedicinaclinica.umh.es\/ca\/wp-json\/wp\/v2\/posts\/18418"}],"collection":[{"href":"https:\/\/departamentomedicinaclinica.umh.es\/ca\/wp-json\/wp\/v2\/posts"}],"about":[{"href":"https:\/\/departamentomedicinaclinica.umh.es\/ca\/wp-json\/wp\/v2\/types\/post"}],"author":[{"embeddable":true,"href":"https:\/\/departamentomedicinaclinica.umh.es\/ca\/wp-json\/wp\/v2\/users\/3158"}],"replies":[{"embeddable":true,"href":"https:\/\/departamentomedicinaclinica.umh.es\/ca\/wp-json\/wp\/v2\/comments?post=18418"}],"version-history":[{"count":0,"href":"https:\/\/departamentomedicinaclinica.umh.es\/ca\/wp-json\/wp\/v2\/posts\/18418\/revisions"}],"wp:featuredmedia":[{"embeddable":true,"href":"https:\/\/departamentomedicinaclinica.umh.es\/ca\/wp-json\/wp\/v2\/media\/18339"}],"wp:attachment":[{"href":"https:\/\/departamentomedicinaclinica.umh.es\/ca\/wp-json\/wp\/v2\/media?parent=18418"}],"wp:term":[{"taxonomy":"category","embeddable":true,"href":"https:\/\/departamentomedicinaclinica.umh.es\/ca\/wp-json\/wp\/v2\/categories?post=18418"},{"taxonomy":"post_tag","embeddable":true,"href":"https:\/\/departamentomedicinaclinica.umh.es\/ca\/wp-json\/wp\/v2\/tags?post=18418"}],"curies":[{"name":"wp","href":"https:\/\/api.w.org\/{rel}","templated":true}]}}