{"id":18742,"date":"2015-02-13T12:40:43","date_gmt":"2015-02-13T11:40:43","guid":{"rendered":"http:\/\/www.departamentomedicinaclinicaumh.es\/?p=127"},"modified":"2024-02-23T10:38:54","modified_gmt":"2024-02-23T10:38:54","slug":"iii-conferencia-medicina-de-familia-umh","status":"publish","type":"post","link":"https:\/\/departamentomedicinaclinica.umh.es\/ca\/2015\/02\/13\/iii-conferencia-medicina-de-familia-umh\/","title":{"rendered":"III Confer\u00e8ncia de Medicina de Fam\u00edlia i universitat a la Facultat de Medicina de la UMH"},"content":{"rendered":"<p><\/p>\n<p style=\"text-align: justify\">El <strong>6 de febrer<\/strong> tindr\u00e0 lloc en la Facultat de Medicina (Sant Joan d&#8217;Alacant) de la Universitat Miguel Hern\u00e1ndez la <strong>III Confer\u00e8ncia de Medicina de Fam\u00edlia i Universitat<\/strong>.<\/p>\n<p style=\"text-align: justify\">Tant l&#8217;<strong>Atenci\u00f3 Prim\u00e0ria<\/strong> com la <strong>Medicina de Fam\u00edlia<\/strong> s&#8217;han integrat en els curr\u00edculums de les facultats<!--more--> de Ci\u00e8ncies de la Salut a tot el m\u00f3n. El cas europeu ha reconegut que les universitats han incorporat aquestes \u00e0rees d&#8217;estudi en les seues facultats.<\/p>\n<p style=\"text-align: justify\">Espanya, en el cas de la <strong>Medicina de Fam\u00edlia<\/strong> i despr\u00e9s del seu reconeixement en 1978, es troba en una fase d&#8217;expansi\u00f3 professional en diversos \u00e0mbits de l&#8217;estudi de la Medicina en les seues universitats. No obstant aix\u00f2, la realitat que afecta a la Medicina de Fam\u00edlia i l&#8217;<strong>Atenci\u00f3 Prim\u00e0ria<\/strong>, en comparaci\u00f3 d&#8217;altres s\u00f2lides especialitats m\u00e8diques, no ha sigut del tot reconeguda. Aquesta <strong>tercera Confer\u00e8ncia en Medicina de Fam\u00edlia i Universitat<\/strong> sorgeix precisament per a consolidar i complementar el respatler no solament econ\u00f2mic, sin\u00f3 institucional i acad\u00e8mic que ambdues disciplines, Medicina de Fam\u00edlia i Atenci\u00f3 Prim\u00e0ria, demanda en la societat.<\/p>\n<p style=\"text-align: left\">Tant docents com els estudiants de Medicina, especialistes i professionals estan convidats a les taules i debats que tindran lloc en l&#8217;<strong>Edifici 4 Severo Ochoa del Campus de Sant Joan d&#8217;Alacant<\/strong> a partir de les <strong>10:45 h<\/strong>. el pr\u00f2xim divendres <strong>6 de febrer<\/strong>.<\/p>\n<h2>Com podem matricular-me a la III Confer\u00e8ncia de Medicina de Fam\u00edlia UMH?<\/h2>\n<p style=\"text-align: left\"><strong>Inscripci\u00f3:<\/strong><br \/>\nGratu\u00eft despr\u00e9s de la inscripci\u00f3 a la web <a title=\"ho veur\u00e0s en una nova finestra\" href=\"http:\/\/www.medfamiliauniversidad.es\" target=\"_blank\" rel=\"noopener\">medfamiliauniversidad.es<\/a><\/p>\n<p><a href=\"http:\/\/www.medfamiliauniversidad.es\" target=\"_blank\" rel=\"noopener\"><strong>#MFUniv<\/strong><\/a><a href=\"http:\/\/www.medfamiliauniversidad.es\" target=\"_blank\" rel=\"noopener\"><img loading=\"lazy\" class=\"alignnone wp-image-2264\" title=\"Amplia informaci\u00f3 sobre l'esdeveniment en una nova finestra\" src=\"https:\/\/departamentomedicinaclinica.umh.es\/files\/2014\/11\/Twitter-icon-e1423134257747.jpg\" alt=\"Twitter MFUniv icona III Confer\u00e8ncia de Medicina de Fam\u00edlia\" width=\"50\" height=\"50\" \/><\/a><\/p>\n<p style=\"text-align: left\"><strong>Seu: <\/strong><br \/>\nFacultat de Medicina<br \/>\nUniversitat Miguel Hern\u00e1ndez, Campus de Sant Joan.<br \/>\nEdificio 4 Severo Ochoa<br \/>\nCtra. Valencia-Alicante s\/n \u00b7 03550 Sant Joan d&#8217;Alacant<\/p>\n<p>&nbsp;<\/p>\n<table border=\"0\" width=\"600\">\n<tbody>\n<tr>\n<td style=\"text-align: center\"><strong>Col\u00b7labora:<\/strong><\/td>\n<td><\/td>\n<td><\/td>\n<td style=\"text-align: center\"><strong>Organitzen:<\/strong><\/td>\n<\/tr>\n<tr>\n<td><\/td>\n<td><\/td>\n<td><\/td>\n<td><\/td>\n<\/tr>\n<tr>\n<td><a href=\"https:\/\/www.lilly.es\/\" target=\"_blank\" rel=\"noopener\"><img loading=\"lazy\" class=\"aligncenter wp-image-2237 size-full\" title=\"Amplia informaci\u00f3 sobre els Laboratoris Lilly en una nova finestra\" src=\"https:\/\/departamentomedicinaclinica.umh.es\/files\/2014\/11\/Lilly-logo-e1423129688990.jpg\" alt=\"Lilly Laboratoris logotip III Confer\u00e8ncia de Medicina de Fam\u00edlia\" width=\"100\" height=\"55\" \/><\/a><\/td>\n<td><\/td>\n<td><\/td>\n<td><a href=\"http:\/\/www.semg.es\/\" target=\"_blank\" rel=\"noopener\"><img loading=\"lazy\" class=\"aligncenter wp-image-2238 size-full\" title=\"Visita la web de la Societat Espanyola de Metges Generals i de Fam\u00edlia en una nova finestra\" src=\"https:\/\/departamentomedicinaclinica.umh.es\/files\/2014\/11\/SEMG-logo.jpg\" alt=\"SEMG logo III Confer\u00e8ncia de Medicina de Fam\u00edlia\" width=\"200\" height=\"109\" \/><\/a><\/td>\n<\/tr>\n<tr>\n<td><\/td>\n<td><\/td>\n<td><\/td>\n<td><a href=\"http:\/\/www.semfyc.es\/es\/\" target=\"_blank\" rel=\"noopener\"><img loading=\"lazy\" class=\"aligncenter wp-image-2240 size-full\" title=\"Amplia informaci\u00f3 sobre la Societat Espanyola de Medicina de Fam\u00edlia i Comunit\u00e0ria en una nova finestra\" src=\"https:\/\/departamentomedicinaclinica.umh.es\/files\/2014\/11\/Logo-semfyc.jpg\" alt=\"Logo SEMYFC III Confer\u00e8ncia de Medicina de Fam\u00edlia\" width=\"200\" height=\"109\" \/><\/a><\/td>\n<\/tr>\n<tr>\n<td><\/td>\n<td><\/td>\n<td><\/td>\n<td align=\"center\"><a href=\"http:\/\/www.semergen.es\/semergen\/\" target=\"_blank\" rel=\"noopener\"><img loading=\"lazy\" class=\"aligncenter wp-image-2241 size-full\" title=\"Visita la seua web en una nova finestra\" src=\"https:\/\/departamentomedicinaclinica.umh.es\/files\/2014\/11\/Semergen-logo.jpg\" alt=\"Semergen logo III Confer\u00e8ncia de Medicina de Fam\u00edlia\" width=\"100\" height=\"100\" \/><\/a><\/td>\n<\/tr>\n<tr>\n<td><\/td>\n<td><\/td>\n<td><\/td>\n<td><\/td>\n<\/tr>\n<\/tbody>\n<\/table>\n<p>&nbsp;<\/p>\n<p style=\"text-align: justify\">A continuaci\u00f3 es resumeix el <strong>programa de l&#8217;esdeveniment<\/strong> al costat dels <strong>ponents<\/strong> i el <strong>comit\u00e8 organitzador<\/strong>.<\/p>\n<p>Descarrega-ho en <strong>pdf<\/strong>.<br \/>\n&nbsp;<br \/>\n<a href=\"https:\/\/departamentomedicinaclinica.umh.es\/files\/2014\/11\/Pr2-diptico-MFUniv-1_jl.pdf\" target=\"_blank\" rel=\"noopener\"><img loading=\"lazy\" class=\"alignleft wp-image-2159 size-full\" title=\"Desc\u00e0rrega ara tota la informaci\u00f3 de la III Confer\u00e8ncia de Fam\u00edlia i Universitat UMH en pdf\" src=\"https:\/\/departamentomedicinaclinica.umh.es\/files\/2014\/11\/IIIConferenciadeFamiliayUniversidadUMH_pdf.jpg\" alt=\"III Confer\u00e8ncia de Fam\u00edlia i Universitat UMH pdf\" width=\"420\" height=\"574\" srcset=\"https:\/\/departamentomedicinaclinica.umh.es\/files\/2014\/11\/IIIConferenciadeFamiliayUniversidadUMH_pdf.jpg 420w, https:\/\/departamentomedicinaclinica.umh.es\/files\/2014\/11\/IIIConferenciadeFamiliayUniversidadUMH_pdf-220x300.jpg 220w\" sizes=\"(max-width: 420px) 100vw, 420px\" \/><\/a><\/p>","protected":false},"excerpt":{"rendered":"<p>Ho sentim, aquesta entrada es troba disponible \u00fanicament en Espanyol Europeu.<\/p>\n","protected":false},"author":3158,"featured_media":2232,"comment_status":"closed","ping_status":"open","sticky":false,"template":"","format":"standard","meta":{"_links_to":"","_links_to_target":""},"categories":[988062],"tags":[39255,1068561,1244647,639066,1249964,40775],"yoast_head":"<!-- This site is optimized with the Yoast SEO plugin v17.5 - https:\/\/yoast.com\/wordpress\/plugins\/seo\/ -->\n<meta name=\"description\" content=\"El 6 de febrer, la III Confer\u00e8ncia de Medicina de Fam\u00edlia universit\u00e0ria tindr\u00e0 lloc a la Facultat de Medicina de la Universitat de Miguel Hern\u00e1ndez\" \/>\n<meta name=\"robots\" content=\"index, follow, max-snippet:-1, max-image-preview:large, max-video-preview:-1\" \/>\n<link rel=\"canonical\" href=\"https:\/\/departamentomedicinaclinica.umh.es\/ca\/2015\/02\/13\/iii-conferencia-medicina-de-familia-umh\/\" \/>\n<meta property=\"og:locale\" content=\"ca_ES\" \/>\n<meta property=\"og:type\" content=\"article\" \/>\n<meta property=\"og:title\" content=\"III Confer\u00e8ncia de Medicina de Fam\u00edlia i universitat a la Facultat de Medicina de la UMH - Departamento de Medicina Cl\u00ednica UMH\" \/>\n<meta property=\"og:description\" content=\"El 6 de febrer, la III Confer\u00e8ncia de Medicina de Fam\u00edlia universit\u00e0ria tindr\u00e0 lloc a la Facultat de Medicina de la Universitat de Miguel Hern\u00e1ndez\" \/>\n<meta property=\"og:url\" content=\"https:\/\/departamentomedicinaclinica.umh.es\/2015\/02\/13\/iii-conferencia-medicina-de-familia-umh\/\" \/>\n<meta property=\"og:site_name\" content=\"Departamento de Medicina Cl\u00ednica UMH\" \/>\n<meta property=\"article:published_time\" content=\"2015-02-13T11:40:43+00:00\" \/>\n<meta property=\"article:modified_time\" content=\"2024-02-23T10:38:54+00:00\" \/>\n<meta property=\"og:image\" content=\"https:\/\/departamentomedicinaclinica.umh.es\/files\/2014\/11\/IIIConferenciadeFamiliayUniversidadUMH-e14230505628791.jpg\" \/>\n\t<meta property=\"og:image:width\" content=\"447\" \/>\n\t<meta property=\"og:image:height\" content=\"273\" \/>\n<meta name=\"twitter:card\" content=\"summary_large_image\" \/>\n<meta name=\"twitter:creator\" content=\"@medicinaumh\" \/>\n<meta name=\"twitter:site\" content=\"@medicinaumh\" \/>\n<meta name=\"twitter:label1\" content=\"Written by\" \/>\n\t<meta name=\"twitter:data1\" content=\"garcia.natalia\" \/>\n\t<meta name=\"twitter:label2\" content=\"Est. reading time\" \/>\n\t<meta name=\"twitter:data2\" content=\"4 minuts\" \/>\n<script type=\"application\/ld+json\" class=\"yoast-schema-graph\">{\"@context\":\"https:\/\/schema.org\",\"@graph\":[{\"@type\":\"Organization\",\"@id\":\"https:\/\/departamentomedicinaclinica.umh.es\/#organization\",\"name\":\"Departamento Medicina Cl\\u00ednica Universidad Miguel Hern\\u00e1ndez de Elche\",\"url\":\"https:\/\/departamentomedicinaclinica.umh.es\/\",\"sameAs\":[\"https:\/\/www.youtube.com\/playlist?list=PLClKgnzRFYe6Y_i4QLNSlOwsZn0X3Klmb\",\"https:\/\/twitter.com\/medicinaumh\"],\"logo\":{\"@type\":\"ImageObject\",\"@id\":\"https:\/\/departamentomedicinaclinica.umh.es\/#logo\",\"inLanguage\":\"ca\",\"url\":\"https:\/\/departamentomedicinaclinica.umh.es\/files\/2024\/07\/meclin-vertical.png\",\"contentUrl\":\"https:\/\/departamentomedicinaclinica.umh.es\/files\/2024\/07\/meclin-vertical.png\",\"width\":1376,\"height\":1600,\"caption\":\"Departamento Medicina Cl\\u00ednica Universidad Miguel Hern\\u00e1ndez de Elche\"},\"image\":{\"@id\":\"https:\/\/departamentomedicinaclinica.umh.es\/#logo\"}},{\"@type\":\"WebSite\",\"@id\":\"https:\/\/departamentomedicinaclinica.umh.es\/#website\",\"url\":\"https:\/\/departamentomedicinaclinica.umh.es\/\",\"name\":\"Departamento de Medicina Cl\\u00ednica UMH\",\"description\":\"Otro sitio m\\u00e1s de Zeus.umh.es Blogs\",\"publisher\":{\"@id\":\"https:\/\/departamentomedicinaclinica.umh.es\/#organization\"},\"potentialAction\":[{\"@type\":\"SearchAction\",\"target\":{\"@type\":\"EntryPoint\",\"urlTemplate\":\"https:\/\/departamentomedicinaclinica.umh.es\/?s={search_term_string}\"},\"query-input\":\"required name=search_term_string\"}],\"inLanguage\":\"ca\"},{\"@type\":\"ImageObject\",\"@id\":\"https:\/\/departamentomedicinaclinica.umh.es\/2015\/02\/13\/iii-conferencia-medicina-de-familia-umh\/#primaryimage\",\"inLanguage\":\"ca\",\"url\":\"https:\/\/departamentomedicinaclinica.umh.es\/files\/2014\/11\/IIIConferenciadeFamiliayUniversidadUMH-e14230505628791.jpg\",\"contentUrl\":\"https:\/\/departamentomedicinaclinica.umh.es\/files\/2014\/11\/IIIConferenciadeFamiliayUniversidadUMH-e14230505628791.jpg\",\"width\":447,\"height\":273,\"caption\":\"Folleto III Conferencia de Familia y Universidad UMH\"},{\"@type\":\"WebPage\",\"@id\":\"https:\/\/departamentomedicinaclinica.umh.es\/2015\/02\/13\/iii-conferencia-medicina-de-familia-umh\/#webpage\",\"url\":\"https:\/\/departamentomedicinaclinica.umh.es\/2015\/02\/13\/iii-conferencia-medicina-de-familia-umh\/\",\"name\":\"III Confer\\u00e8ncia de Medicina de Fam\\u00edlia i universitat a la Facultat de Medicina de la UMH - Departamento de Medicina Cl\\u00ednica UMH\",\"isPartOf\":{\"@id\":\"https:\/\/departamentomedicinaclinica.umh.es\/#website\"},\"primaryImageOfPage\":{\"@id\":\"https:\/\/departamentomedicinaclinica.umh.es\/2015\/02\/13\/iii-conferencia-medicina-de-familia-umh\/#primaryimage\"},\"datePublished\":\"2015-02-13T11:40:43+00:00\",\"dateModified\":\"2024-02-23T10:38:54+00:00\",\"description\":\"El 6 de febrer, la III Confer\\u00e8ncia de Medicina de Fam\\u00edlia universit\\u00e0ria tindr\\u00e0 lloc a la Facultat de Medicina de la Universitat de Miguel Hern\\u00e1ndez\",\"breadcrumb\":{\"@id\":\"https:\/\/departamentomedicinaclinica.umh.es\/2015\/02\/13\/iii-conferencia-medicina-de-familia-umh\/#breadcrumb\"},\"inLanguage\":\"ca\",\"potentialAction\":[{\"@type\":\"ReadAction\",\"target\":[\"https:\/\/departamentomedicinaclinica.umh.es\/2015\/02\/13\/iii-conferencia-medicina-de-familia-umh\/\"]}]},{\"@type\":\"BreadcrumbList\",\"@id\":\"https:\/\/departamentomedicinaclinica.umh.es\/2015\/02\/13\/iii-conferencia-medicina-de-familia-umh\/#breadcrumb\",\"itemListElement\":[{\"@type\":\"ListItem\",\"position\":1,\"name\":\"Portada\",\"item\":\"https:\/\/departamentomedicinaclinica.umh.es\/\"},{\"@type\":\"ListItem\",\"position\":2,\"name\":\"III Conferencia Medicina de Familia y universidad en la Facultad de Medicina de la UMH\"}]},{\"@type\":\"Article\",\"@id\":\"https:\/\/departamentomedicinaclinica.umh.es\/2015\/02\/13\/iii-conferencia-medicina-de-familia-umh\/#article\",\"isPartOf\":{\"@id\":\"https:\/\/departamentomedicinaclinica.umh.es\/2015\/02\/13\/iii-conferencia-medicina-de-familia-umh\/#webpage\"},\"author\":{\"@id\":\"https:\/\/departamentomedicinaclinica.umh.es\/#\/schema\/person\/4cce65f000b37391eb0fdba785a882b9\"},\"headline\":\"III Confer\\u00e8ncia de Medicina de Fam\\u00edlia i universitat a la Facultat de Medicina de la UMH\",\"datePublished\":\"2015-02-13T11:40:43+00:00\",\"dateModified\":\"2024-02-23T10:38:54+00:00\",\"mainEntityOfPage\":{\"@id\":\"https:\/\/departamentomedicinaclinica.umh.es\/2015\/02\/13\/iii-conferencia-medicina-de-familia-umh\/#webpage\"},\"wordCount\":932,\"publisher\":{\"@id\":\"https:\/\/departamentomedicinaclinica.umh.es\/#organization\"},\"image\":{\"@id\":\"https:\/\/departamentomedicinaclinica.umh.es\/2015\/02\/13\/iii-conferencia-medicina-de-familia-umh\/#primaryimage\"},\"thumbnailUrl\":\"https:\/\/departamentomedicinaclinica.umh.es\/files\/2014\/11\/IIIConferenciadeFamiliayUniversidadUMH-e14230505628791.jpg\",\"keywords\":[\"Atenci\\u00f3n Primaria\",\"Conferencia Medicina Interna\",\"Medicina Alicante\",\"Medicina de Familia\",\"Medicina de Familia Congreso Alicante\",\"Medicina UMH\"],\"articleSection\":[\"Congresos\"],\"inLanguage\":\"ca\"},{\"@type\":\"Person\",\"@id\":\"https:\/\/departamentomedicinaclinica.umh.es\/#\/schema\/person\/4cce65f000b37391eb0fdba785a882b9\",\"name\":\"garcia.natalia\",\"image\":{\"@type\":\"ImageObject\",\"@id\":\"https:\/\/departamentomedicinaclinica.umh.es\/#personlogo\",\"inLanguage\":\"ca\",\"url\":\"https:\/\/secure.gravatar.com\/avatar\/2f6b18e6f874050af9faeeac24349c8c?s=96&d=mm&r=g\",\"contentUrl\":\"https:\/\/secure.gravatar.com\/avatar\/2f6b18e6f874050af9faeeac24349c8c?s=96&d=mm&r=g\",\"caption\":\"garcia.natalia\"},\"url\":\"https:\/\/departamentomedicinaclinica.umh.es\/ca\/author\/garcia-natalia\/\"}]}<\/script>\n<!-- \/ Yoast SEO plugin. -->","yoast_head_json":{"description":"El 6 de febrer, la III Confer\u00e8ncia de Medicina de Fam\u00edlia universit\u00e0ria tindr\u00e0 lloc a la Facultat de Medicina de la Universitat de Miguel Hern\u00e1ndez","robots":{"index":"index","follow":"follow","max-snippet":"max-snippet:-1","max-image-preview":"max-image-preview:large","max-video-preview":"max-video-preview:-1"},"canonical":"https:\/\/departamentomedicinaclinica.umh.es\/ca\/2015\/02\/13\/iii-conferencia-medicina-de-familia-umh\/","og_locale":"ca_ES","og_type":"article","og_title":"III Confer\u00e8ncia de Medicina de Fam\u00edlia i universitat a la Facultat de Medicina de la UMH - Departamento de Medicina Cl\u00ednica UMH","og_description":"El 6 de febrer, la III Confer\u00e8ncia de Medicina de Fam\u00edlia universit\u00e0ria tindr\u00e0 lloc a la Facultat de Medicina de la Universitat de Miguel Hern\u00e1ndez","og_url":"https:\/\/departamentomedicinaclinica.umh.es\/2015\/02\/13\/iii-conferencia-medicina-de-familia-umh\/","og_site_name":"Departamento de Medicina Cl\u00ednica UMH","article_published_time":"2015-02-13T11:40:43+00:00","article_modified_time":"2024-02-23T10:38:54+00:00","og_image":[{"width":447,"height":273,"url":"https:\/\/departamentomedicinaclinica.umh.es\/files\/2014\/11\/IIIConferenciadeFamiliayUniversidadUMH-e14230505628791.jpg","type":"image\/jpeg"}],"twitter_card":"summary_large_image","twitter_creator":"@medicinaumh","twitter_site":"@medicinaumh","twitter_misc":{"Written by":"garcia.natalia","Est. reading time":"4 minuts"},"schema":{"@context":"https:\/\/schema.org","@graph":[{"@type":"Organization","@id":"https:\/\/departamentomedicinaclinica.umh.es\/#organization","name":"Departamento Medicina Cl\u00ednica Universidad Miguel Hern\u00e1ndez de Elche","url":"https:\/\/departamentomedicinaclinica.umh.es\/","sameAs":["https:\/\/www.youtube.com\/playlist?list=PLClKgnzRFYe6Y_i4QLNSlOwsZn0X3Klmb","https:\/\/twitter.com\/medicinaumh"],"logo":{"@type":"ImageObject","@id":"https:\/\/departamentomedicinaclinica.umh.es\/#logo","inLanguage":"ca","url":"https:\/\/departamentomedicinaclinica.umh.es\/files\/2024\/07\/meclin-vertical.png","contentUrl":"https:\/\/departamentomedicinaclinica.umh.es\/files\/2024\/07\/meclin-vertical.png","width":1376,"height":1600,"caption":"Departamento Medicina Cl\u00ednica Universidad Miguel Hern\u00e1ndez de Elche"},"image":{"@id":"https:\/\/departamentomedicinaclinica.umh.es\/#logo"}},{"@type":"WebSite","@id":"https:\/\/departamentomedicinaclinica.umh.es\/#website","url":"https:\/\/departamentomedicinaclinica.umh.es\/","name":"Departamento de Medicina Cl\u00ednica UMH","description":"Otro sitio m\u00e1s de Zeus.umh.es Blogs","publisher":{"@id":"https:\/\/departamentomedicinaclinica.umh.es\/#organization"},"potentialAction":[{"@type":"SearchAction","target":{"@type":"EntryPoint","urlTemplate":"https:\/\/departamentomedicinaclinica.umh.es\/?s={search_term_string}"},"query-input":"required name=search_term_string"}],"inLanguage":"ca"},{"@type":"ImageObject","@id":"https:\/\/departamentomedicinaclinica.umh.es\/2015\/02\/13\/iii-conferencia-medicina-de-familia-umh\/#primaryimage","inLanguage":"ca","url":"https:\/\/departamentomedicinaclinica.umh.es\/files\/2014\/11\/IIIConferenciadeFamiliayUniversidadUMH-e14230505628791.jpg","contentUrl":"https:\/\/departamentomedicinaclinica.umh.es\/files\/2014\/11\/IIIConferenciadeFamiliayUniversidadUMH-e14230505628791.jpg","width":447,"height":273,"caption":"Folleto III Conferencia de Familia y Universidad UMH"},{"@type":"WebPage","@id":"https:\/\/departamentomedicinaclinica.umh.es\/2015\/02\/13\/iii-conferencia-medicina-de-familia-umh\/#webpage","url":"https:\/\/departamentomedicinaclinica.umh.es\/2015\/02\/13\/iii-conferencia-medicina-de-familia-umh\/","name":"III Confer\u00e8ncia de Medicina de Fam\u00edlia i universitat a la Facultat de Medicina de la UMH - Departamento de Medicina Cl\u00ednica UMH","isPartOf":{"@id":"https:\/\/departamentomedicinaclinica.umh.es\/#website"},"primaryImageOfPage":{"@id":"https:\/\/departamentomedicinaclinica.umh.es\/2015\/02\/13\/iii-conferencia-medicina-de-familia-umh\/#primaryimage"},"datePublished":"2015-02-13T11:40:43+00:00","dateModified":"2024-02-23T10:38:54+00:00","description":"El 6 de febrer, la III Confer\u00e8ncia de Medicina de Fam\u00edlia universit\u00e0ria tindr\u00e0 lloc a la Facultat de Medicina de la Universitat de Miguel Hern\u00e1ndez","breadcrumb":{"@id":"https:\/\/departamentomedicinaclinica.umh.es\/2015\/02\/13\/iii-conferencia-medicina-de-familia-umh\/#breadcrumb"},"inLanguage":"ca","potentialAction":[{"@type":"ReadAction","target":["https:\/\/departamentomedicinaclinica.umh.es\/2015\/02\/13\/iii-conferencia-medicina-de-familia-umh\/"]}]},{"@type":"BreadcrumbList","@id":"https:\/\/departamentomedicinaclinica.umh.es\/2015\/02\/13\/iii-conferencia-medicina-de-familia-umh\/#breadcrumb","itemListElement":[{"@type":"ListItem","position":1,"name":"Portada","item":"https:\/\/departamentomedicinaclinica.umh.es\/"},{"@type":"ListItem","position":2,"name":"III Conferencia Medicina de Familia y universidad en la Facultad de Medicina de la UMH"}]},{"@type":"Article","@id":"https:\/\/departamentomedicinaclinica.umh.es\/2015\/02\/13\/iii-conferencia-medicina-de-familia-umh\/#article","isPartOf":{"@id":"https:\/\/departamentomedicinaclinica.umh.es\/2015\/02\/13\/iii-conferencia-medicina-de-familia-umh\/#webpage"},"author":{"@id":"https:\/\/departamentomedicinaclinica.umh.es\/#\/schema\/person\/4cce65f000b37391eb0fdba785a882b9"},"headline":"III Confer\u00e8ncia de Medicina de Fam\u00edlia i universitat a la Facultat de Medicina de la UMH","datePublished":"2015-02-13T11:40:43+00:00","dateModified":"2024-02-23T10:38:54+00:00","mainEntityOfPage":{"@id":"https:\/\/departamentomedicinaclinica.umh.es\/2015\/02\/13\/iii-conferencia-medicina-de-familia-umh\/#webpage"},"wordCount":932,"publisher":{"@id":"https:\/\/departamentomedicinaclinica.umh.es\/#organization"},"image":{"@id":"https:\/\/departamentomedicinaclinica.umh.es\/2015\/02\/13\/iii-conferencia-medicina-de-familia-umh\/#primaryimage"},"thumbnailUrl":"https:\/\/departamentomedicinaclinica.umh.es\/files\/2014\/11\/IIIConferenciadeFamiliayUniversidadUMH-e14230505628791.jpg","keywords":["Atenci\u00f3n Primaria","Conferencia Medicina Interna","Medicina Alicante","Medicina de Familia","Medicina de Familia Congreso Alicante","Medicina UMH"],"articleSection":["Congresos"],"inLanguage":"ca"},{"@type":"Person","@id":"https:\/\/departamentomedicinaclinica.umh.es\/#\/schema\/person\/4cce65f000b37391eb0fdba785a882b9","name":"garcia.natalia","image":{"@type":"ImageObject","@id":"https:\/\/departamentomedicinaclinica.umh.es\/#personlogo","inLanguage":"ca","url":"https:\/\/secure.gravatar.com\/avatar\/2f6b18e6f874050af9faeeac24349c8c?s=96&d=mm&r=g","contentUrl":"https:\/\/secure.gravatar.com\/avatar\/2f6b18e6f874050af9faeeac24349c8c?s=96&d=mm&r=g","caption":"garcia.natalia"},"url":"https:\/\/departamentomedicinaclinica.umh.es\/ca\/author\/garcia-natalia\/"}]}},"_links":{"self":[{"href":"https:\/\/departamentomedicinaclinica.umh.es\/ca\/wp-json\/wp\/v2\/posts\/18742"}],"collection":[{"href":"https:\/\/departamentomedicinaclinica.umh.es\/ca\/wp-json\/wp\/v2\/posts"}],"about":[{"href":"https:\/\/departamentomedicinaclinica.umh.es\/ca\/wp-json\/wp\/v2\/types\/post"}],"author":[{"embeddable":true,"href":"https:\/\/departamentomedicinaclinica.umh.es\/ca\/wp-json\/wp\/v2\/users\/3158"}],"replies":[{"embeddable":true,"href":"https:\/\/departamentomedicinaclinica.umh.es\/ca\/wp-json\/wp\/v2\/comments?post=18742"}],"version-history":[{"count":0,"href":"https:\/\/departamentomedicinaclinica.umh.es\/ca\/wp-json\/wp\/v2\/posts\/18742\/revisions"}],"wp:featuredmedia":[{"embeddable":true,"href":"https:\/\/departamentomedicinaclinica.umh.es\/ca\/wp-json\/wp\/v2\/media\/2232"}],"wp:attachment":[{"href":"https:\/\/departamentomedicinaclinica.umh.es\/ca\/wp-json\/wp\/v2\/media?parent=18742"}],"wp:term":[{"taxonomy":"category","embeddable":true,"href":"https:\/\/departamentomedicinaclinica.umh.es\/ca\/wp-json\/wp\/v2\/categories?post=18742"},{"taxonomy":"post_tag","embeddable":true,"href":"https:\/\/departamentomedicinaclinica.umh.es\/ca\/wp-json\/wp\/v2\/tags?post=18742"}],"curies":[{"name":"wp","href":"https:\/\/api.w.org\/{rel}","templated":true}]}}