{"id":23320,"date":"2020-03-18T12:41:14","date_gmt":"2020-03-18T12:41:14","guid":{"rendered":"http:\/\/departamentomedicinaclinica.edu.umh.es\/?p=23320"},"modified":"2024-02-23T10:38:41","modified_gmt":"2024-02-23T10:38:41","slug":"conclusiones-seminario-coronavirus-sars-cov-2-examen","status":"publish","type":"post","link":"https:\/\/departamentomedicinaclinica.umh.es\/ca\/2020\/03\/18\/conclusiones-seminario-coronavirus-sars-cov-2-examen\/","title":{"rendered":"Conclusions del seminari \u00abEl Nou coronavirus SARS-CoV-2 a examen\u00bb"},"content":{"rendered":"<p><span style=\"font-weight: 400;\">El passat 28 de febrer es va celebrar el <\/span><b>seminari<\/b><a href=\"https:\/\/comunicacion.umh.es\/2020\/02\/27\/las-perspectivas-presentes-y-futuras-del-coronavirus-sars-cov-2-a-debate-en-un-seminario-en-la-umh\/\" target=\"_blank\" rel=\"noopener\"><b> El nou coronavirus SARS-CoV-2 a examen<\/b><\/a><span style=\"font-weight: 400;\"> organitzat per la <\/span><a href=\"http:\/\/masterinfecciosas.edu.umh.es\/\" target=\"_blank\" rel=\"noopener\"><b>C\u00e0tedra de Malalties Infeccioses i VIH <\/b><\/a><span style=\"font-weight: 400;\">de la Universitat Miguel Hern\u00e1ndez, i en el qual van participar professors del <\/span><b>Departament de Medicina Cl\u00ednica <\/b><span style=\"font-weight: 400;\">de la <\/span><b>Universitat Miguel Hern\u00e1ndez d&#8217;Elx.<\/b><\/p>\n<h2><strong>Conclusions dels professors del Departament de Medicina Cl\u00ednica UMH en el seminari El Nou Coronavirus SARS-CoV-2 a examen<\/strong><\/h2>\n<p><span style=\"font-weight: 400;\">Els especialistes que van participar en el seminari van voler deixar clar dues idees centrals: <\/span><\/p>\n<ul>\n<li><span style=\"font-weight: 400;\">la preparaci\u00f3 de la prov\u00edncia enfront del virus <\/span><\/li>\n<li><span style=\"font-weight: 400;\">i els avantatges de l&#8217;arribada de la calor per a frenar els efectes del coronavirus. <\/span><\/li>\n<\/ul>\n<p><span style=\"font-weight: 400;\">En primer lloc, van garantir que la prov\u00edncia d&#8217;Alacant est\u00e0 totalment preparada amb <\/span><b>protocols d&#8217;actuaci\u00f3 <\/b><span style=\"font-weight: 400;\">que tenen l&#8217;objectiu de no repetir la mateixa crisi que s&#8217;ha viscut a la Xina. <\/span><\/p>\n<p><span style=\"font-weight: 400;\">Un dels protocols que s&#8217;ha posat en marxa a la prov\u00edncia \u00e9s l&#8217;atenci\u00f3 <\/span><b>domicili\u00e0ria. <\/b><span style=\"font-weight: 400;\">El personal sanitari acudeix al domicili del pacient per a fer-li les pertinents proves, amb el prop\u00f2sit que el risc per a l&#8217;exterior es minimitze. A m\u00e9s, s&#8217;ha habilitat un n\u00famero d&#8217;informaci\u00f3 per a sol\u00b7licitar informaci\u00f3: <strong>900 300 555<\/strong><\/span><\/p>\n<p><img loading=\"lazy\" class=\"aligncenter wp-image-23421\" title=\"El seminari El nou coronavirus SARS-CoV 2 va ser impartit per professors del Departament de Medicina Cl\u00ednica de la UMH\" src=\"http:\/\/departamentomedicinaclinica.edu.umh.es\/wp-content\/uploads\/sites\/1455\/2020\/03\/Cartel-El-nuevo-coronavirus-SARS-CoV-2-UMH-1024x512.jpeg\" alt=\"Cartel El nuevo coronavirus SARS-CoV 2 UMH\" width=\"600\" height=\"300\" \/><\/p>\n<p><i>\u00abEn la major part dels casos el tractament \u00e9s simptom\u00e0tic. \u00c9s un virus contagi\u00f3s per\u00f2 a difer\u00e8ncia dels dos brots que va haver-hi en 2002 i 2012, la seua mortalitat \u00e9s molt menor\u00bb, <\/i><span style=\"font-weight: 400;\">va afirmar la professora de la UMH <\/span><b>Mar Masi\u00e1<\/b><span style=\"font-weight: 400;\">, una de les organitzadores del seminari, al costat del professor <\/span><b>F\u00e9lix Guti\u00e9rrez<\/b><span style=\"font-weight: 400;\">. <\/span><\/p>\n<p><img loading=\"lazy\" class=\"aligncenter size-full wp-image-19252\" title=\"La professora Dra. Mar Masi\u00e1 tamb\u00e9 va intervindre en el seminari El nou coronavirus SARS-CoV-2 a examen en la UMH\" src=\"http:\/\/departamentomedicinaclinica.edu.umh.es\/wp-content\/uploads\/sites\/1455\/2014\/11\/Mar-Masia-Canuto-Departamento-Medicina-Cli\u0301nica-UMH.jpeg\" alt=\"Mar Masi\u00e1 Canuto \u00e9s professora titular del Departament de Medicina Cl\u00ednica UMH coronavirus\" width=\"126\" height=\"160\" \/><\/p>\n<p><span style=\"font-weight: 400;\">En segon lloc, un altre dels eixos principals del seminari, va ser la pujada de les temperatures i l&#8217;arribada de la primavera com a fre al coronavirus. <\/span><\/p>\n<p><span style=\"font-weight: 400;\">La responsable de la secci\u00f3 de Malalties <\/span><b>Infeccioses de l&#8217;Hospital General d&#8217;Elx i professora de l&#8217;a <\/b><href=\"http:\/\/departamentomedicinaclinica.edu.umh.es\/ca\/\" target=\"_blank\"><b>Departament de Medicina Cl\u00ednica de la UMH <\/b><span style=\"font-weight: 400;\">va destacar que \u00ab<\/span><i><span style=\"font-weight: 400;\">amb l&#8217;arribada del bon temps i la pujada de les temperatures, la incid\u00e8ncia dels virus respiratoris \u00e9s molt de menor\u00bb<\/span><\/i><span style=\"font-weight: 400;\">. <\/span><i><span style=\"font-weight: 400;\">\u00abS&#8217;ha generat gran alarma per l&#8217;exc\u00e9s d&#8217;informaci\u00f3 per\u00f2 no est\u00e0 justificat el p\u00e0nic. Ens trobem davant una infecci\u00f3 nova i les mesures de protecci\u00f3 s\u00f3n clau. Els principals s\u00edmptomes s\u00f3n la tos i la febre\u00bb<\/span><\/i><span style=\"font-weight: 400;\">, va afirmar <\/span><b>Mar Masi\u00e1. <\/b><\/p>\n<p><span style=\"font-weight: 400;\">Al costat dels organitzadors del seminari \u201cEl nou coronavirus SARS-*CoV-2 a examen\u201d, van intervindre altres professors doctores com <\/span><b>Victoria Ortiz de la Tabla, Sergio Padilla i Javier Garc\u00eda Abell\u00e1n. <\/b><\/p>\n<p><span style=\"font-weight: 400;\">Durant el transcurs del seminari, el professor <\/span><b>Padilla <\/b><span style=\"font-weight: 400;\">va parlar de la transmissi\u00f3 del coronavirus, i dels dubtes que s&#8217;estan plantejant de cara al futur. <\/span><\/p>\n<p><img loading=\"lazy\" class=\"aligncenter wp-image-19173 size-full\" title=\"El professor Dr. Sergio Padilla va intervindre en el Seminari El nou coronavirus SARS-CoV-2 a examen per la UMH\" src=\"http:\/\/departamentomedicinaclinica.edu.umh.es\/wp-content\/uploads\/sites\/1455\/2014\/11\/Sergio-Padilla-Urrea-Departamento-Medicina-Clinica-UMH.jpg\" alt=\"Sergio Padilla Urrea coronavirus Departament de Medicina Cl\u00ednica UMH coronavirus\" width=\"140\" height=\"160\" \/><\/p>\n<p><i><span style=\"font-weight: 400;\">\u00abEn pa\u00efsos com Alg\u00e8ria, Eti\u00f2pia o Nig\u00e8ria s&#8217;espera que l&#8217;epid\u00e8mia siga major perqu\u00e8, al marge de comptar amb menys mitjans sanitaris, tenen una relaci\u00f3 comercial gran amb la Xina\u00bb, <\/span><\/i><span style=\"font-weight: 400;\">va afirmar. <\/span><\/p>\n<p><b>Padilla <\/b><span style=\"font-weight: 400;\">tamb\u00e9 va facilitar dades sobre les hip\u00f2tesis que s&#8217;estan remenant en l&#8217;actualitat: <\/span><\/p>\n<p><i><span style=\"font-weight: 400;\">\u00abPer cada infectat, el virus es transmet a dues o tres persones m\u00e9s. El preocupant \u00e9s que hi ha afectats que no han presentat s\u00edmptomes i han sigut capa\u00e7os d&#8217;eliminar el virus, la qual cosa augmenta el risc. El coronavirus no s&#8217;est\u00e0 expressant igual en asi\u00e0tics que en europeus, la qual cosa provoca que la seua evoluci\u00f3 siga diferent segons la zona\u00bb. <\/span><\/i><\/p>\n<p><span style=\"font-weight: 400;\">Per una altra costat, el <\/span><b>doctor Garc\u00eda <\/b><span style=\"font-weight: 400;\">va parlar de les difer\u00e8ncies entre el virus i la malaltia. Tamb\u00e9 va afirmar que la tos, la febre i la dificultat respirat\u00f2ria s\u00f3n els principals s\u00edmptomes del coronavirus. <\/span><\/p>\n<p><span style=\"font-weight: 400;\">D&#8217;altra banda, el <\/span><b>Diari Informaci\u00f3<\/b><span style=\"font-weight: 400;\">, va realitzar una <\/span><b>entrevista al doctor F\u00e9lix Guti\u00e9rrez, <\/b><span style=\"font-weight: 400;\">catedr\u00e0tic de Malalties Infeccioses i director del Departament de Medicina Cl\u00ednica de la UMH. Va voler deixar clar que no cal caure en l&#8217;alarmisme per\u00f2 tampoc en la despreocupaci\u00f3. <\/span><\/p>\n<p><img loading=\"lazy\" class=\"aligncenter wp-image-8591 size-medium\" title=\"El professor Dr. F\u00e9lix Guti\u00e9rrez Rodero va intervindre en el seminari El nou coronavirus SARS-CoV-2 a examen en la UMH\" src=\"http:\/\/departamentomedicinaclinica.edu.umh.es\/wp-content\/uploads\/sites\/1455\/2015\/09\/FelixGutierrezRodero-300x266.jpg\" alt=\"F\u00e9lix Guti\u00e9rrez Rodero profesor Departamento Medicina Cl\u00ednica UMH coronavirus imatge\" width=\"300\" height=\"266\" srcset=\"https:\/\/departamentomedicinaclinica.umh.es\/files\/2015\/09\/FelixGutierrezRodero-300x266.jpg 300w, https:\/\/departamentomedicinaclinica.umh.es\/files\/2015\/09\/FelixGutierrezRodero-1024x906.jpg 1024w, https:\/\/departamentomedicinaclinica.umh.es\/files\/2015\/09\/FelixGutierrezRodero-768x680.jpg 768w, https:\/\/departamentomedicinaclinica.umh.es\/files\/2015\/09\/FelixGutierrezRodero.jpg 1062w\" sizes=\"(max-width: 300px) 100vw, 300px\" \/><\/p>\n<p><span style=\"font-weight: 400;\">En l&#8217;entrevista va parlar sobre el que se sap fins al moment del nou <\/span><b>coronavirus, <\/b><span style=\"font-weight: 400;\">de la seua r\u00e0pida expansi\u00f3 per tot el m\u00f3n, sobre si estem o no preparats a Espanya i sobre la utilitat de les m\u00e0scares, entre altres q\u00fcestions. Tamb\u00e9 va parlar sobre la poblaci\u00f3 de risc, i de si realment podr\u00e0 desapar\u00e9ixer amb l&#8217;arribada de la calor, igual que va succeir amb el SARS-1: <\/span><\/p>\n<p><span style=\"font-weight: 400;\">\u201cL&#8217;estiu no \u00e9s bo per a cap virus, encara que no sempre \u00e9s aix\u00ed. El SARS 1 va remetre al juny i va desapar\u00e9ixer, aix\u00f2 \u00e9s l&#8217;esperable i el desitjable amb aquest, encara que \u00e9s arriscat fer pron\u00f2stics. El que va passar amb el SARS 1 va ser un enigma perqu\u00e8 amb la mateixa virul\u00e8ncia que va apar\u00e9ixer, va desapar\u00e9ixer. Per\u00f2 aquella epid\u00e8mia no va arribar a sistemes sanitaris molt afeblits que podrien suposar un risc major en augmentar les seues conseq\u00fc\u00e8ncies i prolongar la duraci\u00f3 de l&#8217;epid\u00e8mia\u201d. <\/span><\/p>\n<p><strong><span style=\"font-weight: 400;\">Si vols llegir l&#8217;entrevista completa, pots fer-ho en <a href=\"https:\/\/www.diarioinformacion.com\/alicante\/2020\/02\/29\/coronavirus-similar-sars-1-virulencia\/2239905.html\" target=\"_blank\" rel=\"noopener\">aquest enlla\u00e7.<\/a><\/span><\/strong><\/p>","protected":false},"excerpt":{"rendered":"<p>El passat 28 de febrer es va celebrar el seminari El nou coronavirus SARS-CoV-2 a examen organitzat per la C\u00e0tedra de Malalties Infeccioses i VIH de la Universitat Miguel Hern\u00e1ndez, i en el qual van participar professors del Departament de Medicina Cl\u00ednica de la Universitat Miguel Hern\u00e1ndez d&#8217;Elx. Conclusions dels professors del Departament de Medicina [&hellip;]<\/p>\n","protected":false},"author":3158,"featured_media":23336,"comment_status":"closed","ping_status":"open","sticky":false,"template":"","format":"standard","meta":{"_links_to":"","_links_to_target":""},"categories":[964],"tags":[1026261,284402,1093379,284370,1130403,836129],"yoast_head":"<!-- This site is optimized with the Yoast SEO plugin v17.5 - https:\/\/yoast.com\/wordpress\/plugins\/seo\/ -->\n<meta name=\"description\" content=\"El nou coronavirus SARS-CoV-2 a examen. El\u00a0passat\u00a028 de\u00a0febrer\u00a0es va celebrar el\u00a0seminari organitzat\u00a0per\u00a0la\u00a0C\u00e0tedra\u00a0de\u00a0Malalties\u00a0Infeccioses\u00a0i VIH de la\u00a0UMH\" \/>\n<meta name=\"robots\" content=\"index, follow, max-snippet:-1, max-image-preview:large, max-video-preview:-1\" \/>\n<link rel=\"canonical\" href=\"https:\/\/departamentomedicinaclinica.umh.es\/ca\/2020\/03\/18\/conclusiones-seminario-coronavirus-sars-cov-2-examen\/\" \/>\n<meta property=\"og:locale\" content=\"ca_ES\" \/>\n<meta property=\"og:type\" content=\"article\" \/>\n<meta property=\"og:title\" content=\"Conclusions del seminari \u00abEl Nou coronavirus SARS-CoV-2 a examen\u00bb - Departamento de Medicina Cl\u00ednica UMH\" \/>\n<meta property=\"og:description\" content=\"El nou coronavirus SARS-CoV-2 a examen. El\u00a0passat\u00a028 de\u00a0febrer\u00a0es va celebrar el\u00a0seminari organitzat\u00a0per\u00a0la\u00a0C\u00e0tedra\u00a0de\u00a0Malalties\u00a0Infeccioses\u00a0i VIH de la\u00a0UMH\" \/>\n<meta property=\"og:url\" content=\"https:\/\/departamentomedicinaclinica.umh.es\/2020\/03\/18\/conclusiones-seminario-coronavirus-sars-cov-2-examen\/\" \/>\n<meta property=\"og:site_name\" content=\"Departamento de Medicina Cl\u00ednica UMH\" \/>\n<meta property=\"article:published_time\" content=\"2020-03-18T12:41:14+00:00\" \/>\n<meta property=\"article:modified_time\" content=\"2024-02-23T10:38:41+00:00\" \/>\n<meta property=\"og:image\" content=\"https:\/\/departamentomedicinaclinica.umh.es\/files\/2020\/03\/covid19-cabecera.jpg\" \/>\n\t<meta property=\"og:image:width\" content=\"1200\" \/>\n\t<meta property=\"og:image:height\" content=\"525\" \/>\n<meta name=\"twitter:card\" content=\"summary_large_image\" \/>\n<meta name=\"twitter:creator\" content=\"@medicinaumh\" \/>\n<meta name=\"twitter:site\" content=\"@medicinaumh\" \/>\n<meta name=\"twitter:label1\" content=\"Written by\" \/>\n\t<meta name=\"twitter:data1\" content=\"garcia.natalia\" \/>\n\t<meta name=\"twitter:label2\" content=\"Est. reading time\" \/>\n\t<meta name=\"twitter:data2\" content=\"12 minuts\" \/>\n<script type=\"application\/ld+json\" class=\"yoast-schema-graph\">{\"@context\":\"https:\/\/schema.org\",\"@graph\":[{\"@type\":\"Organization\",\"@id\":\"https:\/\/departamentomedicinaclinica.umh.es\/#organization\",\"name\":\"Departamento Medicina Cl\\u00ednica Universidad Miguel Hern\\u00e1ndez de Elche\",\"url\":\"https:\/\/departamentomedicinaclinica.umh.es\/\",\"sameAs\":[\"https:\/\/www.youtube.com\/playlist?list=PLClKgnzRFYe6Y_i4QLNSlOwsZn0X3Klmb\",\"https:\/\/twitter.com\/medicinaumh\"],\"logo\":{\"@type\":\"ImageObject\",\"@id\":\"https:\/\/departamentomedicinaclinica.umh.es\/#logo\",\"inLanguage\":\"ca\",\"url\":\"https:\/\/departamentomedicinaclinica.umh.es\/files\/2024\/07\/meclin-vertical.png\",\"contentUrl\":\"https:\/\/departamentomedicinaclinica.umh.es\/files\/2024\/07\/meclin-vertical.png\",\"width\":1376,\"height\":1600,\"caption\":\"Departamento Medicina Cl\\u00ednica Universidad Miguel Hern\\u00e1ndez de Elche\"},\"image\":{\"@id\":\"https:\/\/departamentomedicinaclinica.umh.es\/#logo\"}},{\"@type\":\"WebSite\",\"@id\":\"https:\/\/departamentomedicinaclinica.umh.es\/#website\",\"url\":\"https:\/\/departamentomedicinaclinica.umh.es\/\",\"name\":\"Departamento de Medicina Cl\\u00ednica UMH\",\"description\":\"Otro sitio m\\u00e1s de Zeus.umh.es Blogs\",\"publisher\":{\"@id\":\"https:\/\/departamentomedicinaclinica.umh.es\/#organization\"},\"potentialAction\":[{\"@type\":\"SearchAction\",\"target\":{\"@type\":\"EntryPoint\",\"urlTemplate\":\"https:\/\/departamentomedicinaclinica.umh.es\/?s={search_term_string}\"},\"query-input\":\"required name=search_term_string\"}],\"inLanguage\":\"ca\"},{\"@type\":\"ImageObject\",\"@id\":\"https:\/\/departamentomedicinaclinica.umh.es\/2020\/03\/18\/conclusiones-seminario-coronavirus-sars-cov-2-examen\/#primaryimage\",\"inLanguage\":\"ca\",\"url\":\"https:\/\/departamentomedicinaclinica.umh.es\/files\/2020\/03\/covid19-cabecera.jpg\",\"contentUrl\":\"https:\/\/departamentomedicinaclinica.umh.es\/files\/2020\/03\/covid19-cabecera.jpg\",\"width\":1200,\"height\":525,\"caption\":\"Coronavirus COVID 19 virus imagen\"},{\"@type\":\"WebPage\",\"@id\":\"https:\/\/departamentomedicinaclinica.umh.es\/2020\/03\/18\/conclusiones-seminario-coronavirus-sars-cov-2-examen\/#webpage\",\"url\":\"https:\/\/departamentomedicinaclinica.umh.es\/2020\/03\/18\/conclusiones-seminario-coronavirus-sars-cov-2-examen\/\",\"name\":\"Conclusions del seminari \\u00abEl Nou coronavirus SARS-CoV-2 a examen\\u00bb - Departamento de Medicina Cl\\u00ednica UMH\",\"isPartOf\":{\"@id\":\"https:\/\/departamentomedicinaclinica.umh.es\/#website\"},\"primaryImageOfPage\":{\"@id\":\"https:\/\/departamentomedicinaclinica.umh.es\/2020\/03\/18\/conclusiones-seminario-coronavirus-sars-cov-2-examen\/#primaryimage\"},\"datePublished\":\"2020-03-18T12:41:14+00:00\",\"dateModified\":\"2024-02-23T10:38:41+00:00\",\"description\":\"El nou coronavirus SARS-CoV-2 a examen. El\\u00a0passat\\u00a028 de\\u00a0febrer\\u00a0es va celebrar el\\u00a0seminari organitzat\\u00a0per\\u00a0la\\u00a0C\\u00e0tedra\\u00a0de\\u00a0Malalties\\u00a0Infeccioses\\u00a0i VIH de la\\u00a0UMH\",\"breadcrumb\":{\"@id\":\"https:\/\/departamentomedicinaclinica.umh.es\/2020\/03\/18\/conclusiones-seminario-coronavirus-sars-cov-2-examen\/#breadcrumb\"},\"inLanguage\":\"ca\",\"potentialAction\":[{\"@type\":\"ReadAction\",\"target\":[\"https:\/\/departamentomedicinaclinica.umh.es\/2020\/03\/18\/conclusiones-seminario-coronavirus-sars-cov-2-examen\/\"]}]},{\"@type\":\"BreadcrumbList\",\"@id\":\"https:\/\/departamentomedicinaclinica.umh.es\/2020\/03\/18\/conclusiones-seminario-coronavirus-sars-cov-2-examen\/#breadcrumb\",\"itemListElement\":[{\"@type\":\"ListItem\",\"position\":1,\"name\":\"Portada\",\"item\":\"https:\/\/departamentomedicinaclinica.umh.es\/\"},{\"@type\":\"ListItem\",\"position\":2,\"name\":\"Conclusiones del seminario &quot;El Nuevo coronavirus SARS-CoV-2 a examen&quot;\"}]},{\"@type\":\"Article\",\"@id\":\"https:\/\/departamentomedicinaclinica.umh.es\/2020\/03\/18\/conclusiones-seminario-coronavirus-sars-cov-2-examen\/#article\",\"isPartOf\":{\"@id\":\"https:\/\/departamentomedicinaclinica.umh.es\/2020\/03\/18\/conclusiones-seminario-coronavirus-sars-cov-2-examen\/#webpage\"},\"author\":{\"@id\":\"https:\/\/departamentomedicinaclinica.umh.es\/#\/schema\/person\/4cce65f000b37391eb0fdba785a882b9\"},\"headline\":\"Conclusions del seminari \\u00abEl Nou coronavirus SARS-CoV-2 a examen\\u00bb\",\"datePublished\":\"2020-03-18T12:41:14+00:00\",\"dateModified\":\"2024-02-23T10:38:41+00:00\",\"mainEntityOfPage\":{\"@id\":\"https:\/\/departamentomedicinaclinica.umh.es\/2020\/03\/18\/conclusiones-seminario-coronavirus-sars-cov-2-examen\/#webpage\"},\"wordCount\":2357,\"publisher\":{\"@id\":\"https:\/\/departamentomedicinaclinica.umh.es\/#organization\"},\"image\":{\"@id\":\"https:\/\/departamentomedicinaclinica.umh.es\/2020\/03\/18\/conclusiones-seminario-coronavirus-sars-cov-2-examen\/#primaryimage\"},\"thumbnailUrl\":\"https:\/\/departamentomedicinaclinica.umh.es\/files\/2020\/03\/covid19-cabecera.jpg\",\"keywords\":[\"Avances en Enfermedades Infecciosas\",\"coronavirus\",\"departamento de Medicina Cl\\u00ednica\",\"Departamento Medicina Cl\\u00ednica UMH\",\"Enfermedades infecciosas UMH\",\"F\\u00e9lix Guti\\u00e9rrez Rodero\"],\"articleSection\":[\"Actualidad\"],\"inLanguage\":\"ca\"},{\"@type\":\"Person\",\"@id\":\"https:\/\/departamentomedicinaclinica.umh.es\/#\/schema\/person\/4cce65f000b37391eb0fdba785a882b9\",\"name\":\"garcia.natalia\",\"image\":{\"@type\":\"ImageObject\",\"@id\":\"https:\/\/departamentomedicinaclinica.umh.es\/#personlogo\",\"inLanguage\":\"ca\",\"url\":\"https:\/\/secure.gravatar.com\/avatar\/2f6b18e6f874050af9faeeac24349c8c?s=96&d=mm&r=g\",\"contentUrl\":\"https:\/\/secure.gravatar.com\/avatar\/2f6b18e6f874050af9faeeac24349c8c?s=96&d=mm&r=g\",\"caption\":\"garcia.natalia\"},\"url\":\"https:\/\/departamentomedicinaclinica.umh.es\/ca\/author\/garcia-natalia\/\"}]}<\/script>\n<!-- \/ Yoast SEO plugin. -->","yoast_head_json":{"description":"El nou coronavirus SARS-CoV-2 a examen. El\u00a0passat\u00a028 de\u00a0febrer\u00a0es va celebrar el\u00a0seminari organitzat\u00a0per\u00a0la\u00a0C\u00e0tedra\u00a0de\u00a0Malalties\u00a0Infeccioses\u00a0i VIH de la\u00a0UMH","robots":{"index":"index","follow":"follow","max-snippet":"max-snippet:-1","max-image-preview":"max-image-preview:large","max-video-preview":"max-video-preview:-1"},"canonical":"https:\/\/departamentomedicinaclinica.umh.es\/ca\/2020\/03\/18\/conclusiones-seminario-coronavirus-sars-cov-2-examen\/","og_locale":"ca_ES","og_type":"article","og_title":"Conclusions del seminari \u00abEl Nou coronavirus SARS-CoV-2 a examen\u00bb - Departamento de Medicina Cl\u00ednica UMH","og_description":"El nou coronavirus SARS-CoV-2 a examen. El\u00a0passat\u00a028 de\u00a0febrer\u00a0es va celebrar el\u00a0seminari organitzat\u00a0per\u00a0la\u00a0C\u00e0tedra\u00a0de\u00a0Malalties\u00a0Infeccioses\u00a0i VIH de la\u00a0UMH","og_url":"https:\/\/departamentomedicinaclinica.umh.es\/2020\/03\/18\/conclusiones-seminario-coronavirus-sars-cov-2-examen\/","og_site_name":"Departamento de Medicina Cl\u00ednica UMH","article_published_time":"2020-03-18T12:41:14+00:00","article_modified_time":"2024-02-23T10:38:41+00:00","og_image":[{"width":1200,"height":525,"url":"https:\/\/departamentomedicinaclinica.umh.es\/files\/2020\/03\/covid19-cabecera.jpg","type":"image\/jpeg"}],"twitter_card":"summary_large_image","twitter_creator":"@medicinaumh","twitter_site":"@medicinaumh","twitter_misc":{"Written by":"garcia.natalia","Est. reading time":"12 minuts"},"schema":{"@context":"https:\/\/schema.org","@graph":[{"@type":"Organization","@id":"https:\/\/departamentomedicinaclinica.umh.es\/#organization","name":"Departamento Medicina Cl\u00ednica Universidad Miguel Hern\u00e1ndez de Elche","url":"https:\/\/departamentomedicinaclinica.umh.es\/","sameAs":["https:\/\/www.youtube.com\/playlist?list=PLClKgnzRFYe6Y_i4QLNSlOwsZn0X3Klmb","https:\/\/twitter.com\/medicinaumh"],"logo":{"@type":"ImageObject","@id":"https:\/\/departamentomedicinaclinica.umh.es\/#logo","inLanguage":"ca","url":"https:\/\/departamentomedicinaclinica.umh.es\/files\/2024\/07\/meclin-vertical.png","contentUrl":"https:\/\/departamentomedicinaclinica.umh.es\/files\/2024\/07\/meclin-vertical.png","width":1376,"height":1600,"caption":"Departamento Medicina Cl\u00ednica Universidad Miguel Hern\u00e1ndez de Elche"},"image":{"@id":"https:\/\/departamentomedicinaclinica.umh.es\/#logo"}},{"@type":"WebSite","@id":"https:\/\/departamentomedicinaclinica.umh.es\/#website","url":"https:\/\/departamentomedicinaclinica.umh.es\/","name":"Departamento de Medicina Cl\u00ednica UMH","description":"Otro sitio m\u00e1s de Zeus.umh.es Blogs","publisher":{"@id":"https:\/\/departamentomedicinaclinica.umh.es\/#organization"},"potentialAction":[{"@type":"SearchAction","target":{"@type":"EntryPoint","urlTemplate":"https:\/\/departamentomedicinaclinica.umh.es\/?s={search_term_string}"},"query-input":"required name=search_term_string"}],"inLanguage":"ca"},{"@type":"ImageObject","@id":"https:\/\/departamentomedicinaclinica.umh.es\/2020\/03\/18\/conclusiones-seminario-coronavirus-sars-cov-2-examen\/#primaryimage","inLanguage":"ca","url":"https:\/\/departamentomedicinaclinica.umh.es\/files\/2020\/03\/covid19-cabecera.jpg","contentUrl":"https:\/\/departamentomedicinaclinica.umh.es\/files\/2020\/03\/covid19-cabecera.jpg","width":1200,"height":525,"caption":"Coronavirus COVID 19 virus imagen"},{"@type":"WebPage","@id":"https:\/\/departamentomedicinaclinica.umh.es\/2020\/03\/18\/conclusiones-seminario-coronavirus-sars-cov-2-examen\/#webpage","url":"https:\/\/departamentomedicinaclinica.umh.es\/2020\/03\/18\/conclusiones-seminario-coronavirus-sars-cov-2-examen\/","name":"Conclusions del seminari \u00abEl Nou coronavirus SARS-CoV-2 a examen\u00bb - Departamento de Medicina Cl\u00ednica UMH","isPartOf":{"@id":"https:\/\/departamentomedicinaclinica.umh.es\/#website"},"primaryImageOfPage":{"@id":"https:\/\/departamentomedicinaclinica.umh.es\/2020\/03\/18\/conclusiones-seminario-coronavirus-sars-cov-2-examen\/#primaryimage"},"datePublished":"2020-03-18T12:41:14+00:00","dateModified":"2024-02-23T10:38:41+00:00","description":"El nou coronavirus SARS-CoV-2 a examen. El\u00a0passat\u00a028 de\u00a0febrer\u00a0es va celebrar el\u00a0seminari organitzat\u00a0per\u00a0la\u00a0C\u00e0tedra\u00a0de\u00a0Malalties\u00a0Infeccioses\u00a0i VIH de la\u00a0UMH","breadcrumb":{"@id":"https:\/\/departamentomedicinaclinica.umh.es\/2020\/03\/18\/conclusiones-seminario-coronavirus-sars-cov-2-examen\/#breadcrumb"},"inLanguage":"ca","potentialAction":[{"@type":"ReadAction","target":["https:\/\/departamentomedicinaclinica.umh.es\/2020\/03\/18\/conclusiones-seminario-coronavirus-sars-cov-2-examen\/"]}]},{"@type":"BreadcrumbList","@id":"https:\/\/departamentomedicinaclinica.umh.es\/2020\/03\/18\/conclusiones-seminario-coronavirus-sars-cov-2-examen\/#breadcrumb","itemListElement":[{"@type":"ListItem","position":1,"name":"Portada","item":"https:\/\/departamentomedicinaclinica.umh.es\/"},{"@type":"ListItem","position":2,"name":"Conclusiones del seminario &quot;El Nuevo coronavirus SARS-CoV-2 a examen&quot;"}]},{"@type":"Article","@id":"https:\/\/departamentomedicinaclinica.umh.es\/2020\/03\/18\/conclusiones-seminario-coronavirus-sars-cov-2-examen\/#article","isPartOf":{"@id":"https:\/\/departamentomedicinaclinica.umh.es\/2020\/03\/18\/conclusiones-seminario-coronavirus-sars-cov-2-examen\/#webpage"},"author":{"@id":"https:\/\/departamentomedicinaclinica.umh.es\/#\/schema\/person\/4cce65f000b37391eb0fdba785a882b9"},"headline":"Conclusions del seminari \u00abEl Nou coronavirus SARS-CoV-2 a examen\u00bb","datePublished":"2020-03-18T12:41:14+00:00","dateModified":"2024-02-23T10:38:41+00:00","mainEntityOfPage":{"@id":"https:\/\/departamentomedicinaclinica.umh.es\/2020\/03\/18\/conclusiones-seminario-coronavirus-sars-cov-2-examen\/#webpage"},"wordCount":2357,"publisher":{"@id":"https:\/\/departamentomedicinaclinica.umh.es\/#organization"},"image":{"@id":"https:\/\/departamentomedicinaclinica.umh.es\/2020\/03\/18\/conclusiones-seminario-coronavirus-sars-cov-2-examen\/#primaryimage"},"thumbnailUrl":"https:\/\/departamentomedicinaclinica.umh.es\/files\/2020\/03\/covid19-cabecera.jpg","keywords":["Avances en Enfermedades Infecciosas","coronavirus","departamento de Medicina Cl\u00ednica","Departamento Medicina Cl\u00ednica UMH","Enfermedades infecciosas UMH","F\u00e9lix Guti\u00e9rrez Rodero"],"articleSection":["Actualidad"],"inLanguage":"ca"},{"@type":"Person","@id":"https:\/\/departamentomedicinaclinica.umh.es\/#\/schema\/person\/4cce65f000b37391eb0fdba785a882b9","name":"garcia.natalia","image":{"@type":"ImageObject","@id":"https:\/\/departamentomedicinaclinica.umh.es\/#personlogo","inLanguage":"ca","url":"https:\/\/secure.gravatar.com\/avatar\/2f6b18e6f874050af9faeeac24349c8c?s=96&d=mm&r=g","contentUrl":"https:\/\/secure.gravatar.com\/avatar\/2f6b18e6f874050af9faeeac24349c8c?s=96&d=mm&r=g","caption":"garcia.natalia"},"url":"https:\/\/departamentomedicinaclinica.umh.es\/ca\/author\/garcia-natalia\/"}]}},"_links":{"self":[{"href":"https:\/\/departamentomedicinaclinica.umh.es\/ca\/wp-json\/wp\/v2\/posts\/23320"}],"collection":[{"href":"https:\/\/departamentomedicinaclinica.umh.es\/ca\/wp-json\/wp\/v2\/posts"}],"about":[{"href":"https:\/\/departamentomedicinaclinica.umh.es\/ca\/wp-json\/wp\/v2\/types\/post"}],"author":[{"embeddable":true,"href":"https:\/\/departamentomedicinaclinica.umh.es\/ca\/wp-json\/wp\/v2\/users\/3158"}],"replies":[{"embeddable":true,"href":"https:\/\/departamentomedicinaclinica.umh.es\/ca\/wp-json\/wp\/v2\/comments?post=23320"}],"version-history":[{"count":0,"href":"https:\/\/departamentomedicinaclinica.umh.es\/ca\/wp-json\/wp\/v2\/posts\/23320\/revisions"}],"wp:featuredmedia":[{"embeddable":true,"href":"https:\/\/departamentomedicinaclinica.umh.es\/ca\/wp-json\/wp\/v2\/media\/23336"}],"wp:attachment":[{"href":"https:\/\/departamentomedicinaclinica.umh.es\/ca\/wp-json\/wp\/v2\/media?parent=23320"}],"wp:term":[{"taxonomy":"category","embeddable":true,"href":"https:\/\/departamentomedicinaclinica.umh.es\/ca\/wp-json\/wp\/v2\/categories?post=23320"},{"taxonomy":"post_tag","embeddable":true,"href":"https:\/\/departamentomedicinaclinica.umh.es\/ca\/wp-json\/wp\/v2\/tags?post=23320"}],"curies":[{"name":"wp","href":"https:\/\/api.w.org\/{rel}","templated":true}]}}