{"id":25586,"date":"2021-03-30T11:25:55","date_gmt":"2021-03-30T11:25:55","guid":{"rendered":"http:\/\/departamentomedicinaclinica.edu.umh.es\/?p=25586"},"modified":"2024-02-23T10:38:40","modified_gmt":"2024-02-23T10:38:40","slug":"comienza-concurso-jaime-merino-videos-presentacion-los-rotatorios-umh-2020-2021","status":"publish","type":"post","link":"https:\/\/departamentomedicinaclinica.umh.es\/ca\/2021\/03\/30\/comienza-concurso-jaime-merino-videos-presentacion-los-rotatorios-umh-2020-2021\/","title":{"rendered":"Comen\u00e7a el Concurs Jaime Merino v\u00eddeos presentaci\u00f3 dels rotatoris UMH 2020-2021"},"content":{"rendered":"<p><img loading=\"lazy\" class=\"size-medium wp-image-22213 aligncenter\" src=\"https:\/\/departamentomedicinaclinica.umh.es\/files\/2018\/09\/Gestio\u0301n-Cli\u0301nica-Me\u0301dico-UMH-300x200.jpg\" alt=\"Gesti\u00f3n cl\u00ednica m\u00e9dico UMH imagen\" width=\"300\" height=\"200\" srcset=\"https:\/\/departamentomedicinaclinica.umh.es\/files\/2018\/09\/Gestio\u0301n-Cli\u0301nica-Me\u0301dico-UMH-300x200.jpg 300w, https:\/\/departamentomedicinaclinica.umh.es\/files\/2018\/09\/Gestio\u0301n-Cli\u0301nica-Me\u0301dico-UMH.jpg 640w\" sizes=\"(max-width: 300px) 100vw, 300px\" \/><\/p>\n<h2>En qu\u00e8 consisteix el Concurs Jaime Merino v\u00eddeos presentaci\u00f3 rotatoris de la UMH?<\/h2>\n<p>L&#8217;<strong>objectiu<\/strong> de l&#8217;esdeveniment no \u00e9s un altre que mostrar els <strong>casos cl\u00ednics<\/strong> dels alumnes de la<span style=\"color: #3366ff;\"> Universitat Miguel Hern\u00e1ndez.<\/span> Principalment a altres companys, professors, professionals m\u00e8dics i p\u00fablic en general i, sobretot, que estiguen disponibles i visible en:<\/p>\n<ul>\n<li>la web de l&#8217;assignatura<\/li>\n<li>el compte de twitter del Departament de Medicina Cl\u00ednica, <strong>@medicinaUMH<\/strong><\/li>\n<li>el blog del Departament de Medicina Cl\u00ednica<\/li>\n<li>i en el canal de Youtube del Departament de Medicina Cl\u00ednica<\/li>\n<\/ul>\n<div id=\"attachment_22661\" style=\"width: 1034px\" class=\"wp-caption aligncenter\"><a href=\"http:\/\/departamentomedicinaclinica.edu.umh.es\/wp-content\/uploads\/sites\/1455\/2020\/03\/jaime-merino.jpg\"><img aria-describedby=\"caption-attachment-22661\" loading=\"lazy\" class=\"size-large wp-image-22661\" src=\"http:\/\/departamentomedicinaclinica.edu.umh.es\/wp-content\/uploads\/sites\/1455\/2020\/03\/jaime-merino-1024x512.jpg\" alt=\"Premios Concurso v\u00eddeos Jaime Merino rotatorios cl\u00ednicos UMH\" width=\"1024\" height=\"512\" \/><\/a><p id=\"caption-attachment-22661\" class=\"wp-caption-text\">Foto edici\u00f3 2018-2019<\/p><\/div>\n<h2>Com va ser l&#8217;edici\u00f3 2019-2020 del Concurs Jaime Merino rotatoris de la UMH?<\/h2>\n<p>L&#8217;alumna <strong>Noelia Jara<\/strong> i l&#8217;alumne <strong>Iv\u00e1n Guti\u00e9rrez<\/strong> van resultar guanyadors amb els v\u00eddeos <strong>EL TEMPS \u00c9S CERVELL<\/strong> i <strong>MANEIG DE L&#8217;ESTATUS EPIL\u00c8PTIC<\/strong> respectivament.<\/p>\n<p><a href=\"https:\/\/www.youtube.com\/watch?v=ZxzPO8Jyshc&amp;list=PLClKgnzRFYe6Y_i4QLNSlOwsZn0X3Klmb&amp;index=1\">EL TEMPS \u00c9S CERVELL<\/a><\/p>\n<p><a href=\"https:\/\/www.youtube.com\/watch?v=gBVl8TtUzK8&amp;list=PLClKgnzRFYe6Y_i4QLNSlOwsZn0X3Klmb&amp;index=2\" target=\"_blank\" rel=\"noopener\">MANEIG DE L&#8217;ESTATUS EPIL\u00c8PTICO<\/a><\/p>\n<div id=\"attachment_25564\" style=\"width: 1034px\" class=\"wp-caption aligncenter\"><a href=\"http:\/\/departamentomedicinaclinica.edu.umh.es\/wp-content\/uploads\/sites\/1455\/2021\/03\/IMG_20210316_133643.jpg\"><img aria-describedby=\"caption-attachment-25564\" loading=\"lazy\" class=\"size-large wp-image-25564\" src=\"http:\/\/departamentomedicinaclinica.edu.umh.es\/wp-content\/uploads\/sites\/1455\/2021\/03\/IMG_20210316_133643-1024x768.jpg\" alt=\"Foto de los ganadores de la edici\u00f3n 2019-2020\" width=\"1024\" height=\"768\" srcset=\"https:\/\/departamentomedicinaclinica.umh.es\/files\/2021\/03\/IMG_20210316_133643-1024x768.jpg 1024w, https:\/\/departamentomedicinaclinica.umh.es\/files\/2021\/03\/IMG_20210316_133643-300x225.jpg 300w, https:\/\/departamentomedicinaclinica.umh.es\/files\/2021\/03\/IMG_20210316_133643-768x576.jpg 768w, https:\/\/departamentomedicinaclinica.umh.es\/files\/2021\/03\/IMG_20210316_133643-1536x1152.jpg 1536w, https:\/\/departamentomedicinaclinica.umh.es\/files\/2021\/03\/IMG_20210316_133643-2048x1536.jpg 2048w\" sizes=\"(max-width: 1024px) 100vw, 1024px\" \/><\/a><p id=\"caption-attachment-25564\" class=\"wp-caption-text\">Foto edici\u00f3 2019-2020<\/p><\/div>\n<h2>Quins s\u00f3n els premis del Concurs Jaime Merino v\u00eddeos presentaci\u00f3 rotatoris UMH?<\/h2>\n<p>Els millors v\u00eddeos seran premiats amb:<\/p>\n<p><strong>Articles de la <a href=\"https:\/\/tienda.umh.es\/\" target=\"_blank\" rel=\"noopener\">botiga UMH<\/a> amb un l\u00edmit de 300\u20ac<\/strong> el millor v\u00eddeo,<\/p>\n<p><strong>Articles de la <a href=\"https:\/\/tienda.umh.es\/\" target=\"_blank\" rel=\"noopener\">botiga UMH<\/a> amb un l\u00edmit de 200\u20ac<\/strong> al segon,<\/p>\n<p><strong>Marxandatge UMH, USB + capdavanter presentaci\u00f3 de diapositives<\/strong> al tercer v\u00eddeo.<\/p>\n<div id=\"attachment_17358\" style=\"width: 1034px\" class=\"wp-caption aligncenter\"><a href=\"http:\/\/departamentomedicinaclinica.edu.umh.es\/wp-content\/uploads\/sites\/1455\/2018\/11\/Estudiantes-UMH-ganadores-Premios-Jaime-Merino-Videos-Presentacion-Rotatorios-UMH.jpg\"><img aria-describedby=\"caption-attachment-17358\" loading=\"lazy\" class=\"size-large wp-image-17358\" src=\"http:\/\/departamentomedicinaclinica.edu.umh.es\/wp-content\/uploads\/sites\/1455\/2018\/11\/Estudiantes-UMH-ganadores-Premios-Jaime-Merino-Videos-Presentacion-Rotatorios-UMH-1024x528.jpg\" alt=\"Estudiantes profesores UMH Premios Jaime Merino v\u00eddeos rotatorios cl\u00ednicos UMH\" width=\"1024\" height=\"528\" srcset=\"https:\/\/departamentomedicinaclinica.umh.es\/files\/2018\/11\/Estudiantes-UMH-ganadores-Premios-Jaime-Merino-Videos-Presentacion-Rotatorios-UMH-1024x528.jpg 1024w, https:\/\/departamentomedicinaclinica.umh.es\/files\/2018\/11\/Estudiantes-UMH-ganadores-Premios-Jaime-Merino-Videos-Presentacion-Rotatorios-UMH-300x155.jpg 300w, https:\/\/departamentomedicinaclinica.umh.es\/files\/2018\/11\/Estudiantes-UMH-ganadores-Premios-Jaime-Merino-Videos-Presentacion-Rotatorios-UMH-768x396.jpg 768w, https:\/\/departamentomedicinaclinica.umh.es\/files\/2018\/11\/Estudiantes-UMH-ganadores-Premios-Jaime-Merino-Videos-Presentacion-Rotatorios-UMH.jpg 1054w\" sizes=\"(max-width: 1024px) 100vw, 1024px\" \/><\/a><p id=\"caption-attachment-17358\" class=\"wp-caption-text\">Foto edici\u00f3 2017-2018<\/p><\/div>\n<p><a href=\"http:\/\/departamentomedicinaclinica.edu.umh.es\/wp-content\/uploads\/sites\/1455\/2018\/11\/Alumnos-y-profesores-UMH-ganadores-Premios-Jaime-Merino-Videos-Presentacion-Rotatorios-UMH.jpg\">\u00a0<\/a><\/p>\n<h2>Quines s\u00f3n les bases del Concurs Jaime Merino rotatoris cl\u00ednics UMH 2020-2021?<\/h2>\n<p><strong>DURACI\u00d3<\/strong><\/p>\n<p>La duraci\u00f3 m\u00e0xima del v\u00eddeo no haur\u00e0 de <strong>superar els 10 minuts.<\/strong><\/p>\n<p><strong>PRESENTACI\u00d3 I RESOLUCI\u00d3<\/strong><\/p>\n<p>Els premis s&#8217;entregaran a partir del mes d&#8217;octubre, si es pot coincidint amb el Congr\u00e9s d&#8217;Estudiants de Medicina, despr\u00e9s d&#8217;avaluar els presentats fins al 30 de juny de 2021, per un tribunal compost pels responsables i tutors hospitalaris dels 4 rotatoris inclosos.<\/p>\n<p><strong>MANERA D&#8217;ENVIAMENT DE V\u00cdDEO\/PRESENTACI\u00d3<\/strong><\/p>\n<p>Podeu enviar el vostre v\u00eddeo a trav\u00e9s del seg\u00fcent <a href=\"https:\/\/docs.google.com\/a\/goumh.umh.es\/forms\/d\/e\/1FAIpQLSdnUP-0sjlEFkMwJ5DkcmIEMLFgQBa2AzZTRBrr4a6SECbXKA\/viewform?usp=send_form\" target=\"_blank\" rel=\"noopener\">FORMULARI<\/a> a fi de que estiguen accessibles sense haver d&#8217;enviar-los per correu. Nom\u00e9s es podr\u00e0 presentar un v\u00eddeo per alumne corresponent a la seua presentaci\u00f3 de cas cl\u00ednic en qualsevol de les assignatures impartides en el Grau de Medicina de la Universitat Miguel Hern\u00e1ndez d&#8217;Elx.<\/p>\n<p><strong>PROGRAMES D&#8217;ENREGISTRAMENT<\/strong><\/p>\n<p>Per a gravar un v\u00eddeo de la vostra presentaci\u00f3, es pot fer mitjan\u00e7ant:<\/p>\n<p>1 -Powerpoint 2010 o 2013<br \/>\n2- Mitjan\u00e7ant Keynote de Mac (<a href=\"https:\/\/youtu.be\/hwSDtbUE0BY\" target=\"_blank\" rel=\"noopener\">enlla\u00e7 a v\u00eddeo explicatiu<\/a>)<br \/>\n3- Capturant la pantalla i veu mitjan\u00e7ant Quick estafe per a Mac (<a href=\"https:\/\/youtu.be\/E42a_RarCkM\" target=\"_blank\" rel=\"noopener\">enlla\u00e7 a v\u00eddeo explicatiu<\/a>).<br \/>\n4- En cas que no disposeu de programa per a poder gravar-vos en v\u00eddeo <strong>ac\u00ed teniu un enlla\u00e7 amb una versi\u00f3 gratu\u00efta del programa:<\/strong><\/p>\n<p><strong>xplain everything<\/strong> <a href=\"http:\/\/explaineverything.com\" target=\"_blank\" rel=\"noopener\">http:\/\/explaineverything.com<\/a><\/p>\n<p>Podeu enviar els vostres v\u00eddeos en algun d&#8217;aquests formats:<\/p>\n<p>MP4, MKV, AVI, DivX, Xvid, AVI, MOV, WMV, Flaix V\u00eddeo (FLV), DVD-V\u00eddeo, MPEG-2, MPEG-1, RealMedia, 3GP, WebM<\/p>\n<p><strong>COPYRIGHT I CONSENTIMENT EXPL\u00cdCIT DE PUBLICACI\u00d3 EN OBERT<\/strong><\/p>\n<p>Es recomana que els v\u00eddeos<strong> no continguen materials multim\u00e8dia amb copyright<\/strong>, per a evitar el bloqueig del v\u00eddeo en la seua pujada a YouTube. S&#8217;aconsella utilitzar recursos multim\u00e8dia lliures de drets, segons la legislaci\u00f3 vigent. Existeixen nombrosos portals que ofereixen continguts multim\u00e8dia lliures de drets i llic\u00e8ncia <a href=\"http:\/\/es.creativecommons.org\/blog\/licencias\/\" target=\"_blank\" rel=\"noopener\">Creative Commons (CC) <\/a>per a incorporar-los en el teu material docent.<\/p>\n<p>At\u00e9s que l&#8217;objectiu \u00e9s pujar els v\u00eddeos al <a href=\"https:\/\/www.youtube.com\/playlist?list=PLClKgnzRFYe6Y_i4QLNSlOwsZn0X3Klmb\" target=\"_blank\" rel=\"noopener\">Canal de Youtube de la UMH<\/a>, que a m\u00e9s s&#8217;enlla\u00e7aran amb les assignatures a les quals els puga ser \u00fatil aquests v\u00eddeos, <strong>els autors hauran de signar el seu consentiment expl\u00edcit sobre la seua publicaci\u00f3 , que s&#8217;enviar\u00e0 a <span style=\"color: #0000ff;\">medicina.cl\u00ednica@umh<\/span>.es tamb\u00e9 abans del 30 de juny perqu\u00e8 el v\u00eddeo puga ser avaluat.<\/strong> Sense aquest requisit els v\u00eddeos no seran avaluats pel tribunal.<\/p>\n<p><a href=\"http:\/\/departamentomedicinaclinica.edu.umh.es\/wp-content\/uploads\/sites\/1455\/2021\/03\/Bases-Premios-Videos-de-alumnos-2020-2021.ok_.pdf\" target=\"_blank\" rel=\"noopener\">BASES CONCURS JAIME MERINO<\/a> Clicar per a descarregar PDF<\/p>\n<p><div id=\"attachment_15680\" style=\"width: 810px\" class=\"wp-caption aligncenter\"><a href=\"http:\/\/departamentomedicinaclinica.edu.umh.es\/wp-content\/uploads\/sites\/1455\/2017\/11\/PremiadosJaimeMerinoRotatoriosUMH.jpg\"><img aria-describedby=\"caption-attachment-15680\" loading=\"lazy\" class=\"size-full wp-image-15680\" src=\"http:\/\/departamentomedicinaclinica.edu.umh.es\/wp-content\/uploads\/sites\/1455\/2017\/11\/PremiadosJaimeMerinoRotatoriosUMH.jpg\" alt=\"Premiados Concuso Jaime Merino v\u00eddeos de los rotatorios UMH\" width=\"800\" height=\"533\" srcset=\"https:\/\/departamentomedicinaclinica.umh.es\/files\/2017\/11\/PremiadosJaimeMerinoRotatoriosUMH.jpg 800w, https:\/\/departamentomedicinaclinica.umh.es\/files\/2017\/11\/PremiadosJaimeMerinoRotatoriosUMH-300x200.jpg 300w, https:\/\/departamentomedicinaclinica.umh.es\/files\/2017\/11\/PremiadosJaimeMerinoRotatoriosUMH-768x512.jpg 768w\" sizes=\"(max-width: 800px) 100vw, 800px\" \/><\/a><p id=\"caption-attachment-15680\" class=\"wp-caption-text\">Foto edici\u00f3 2016-2017<\/p><\/div><\/p>","protected":false},"excerpt":{"rendered":"<p>En qu\u00e8 consisteix el Concurs Jaime Merino v\u00eddeos presentaci\u00f3 rotatoris de la UMH? L&#8217;objectiu de l&#8217;esdeveniment no \u00e9s un altre que mostrar els casos cl\u00ednics dels alumnes de la Universitat Miguel Hern\u00e1ndez. Principalment a altres companys, professors, professionals m\u00e8dics i p\u00fablic en general i, sobretot, que estiguen disponibles i visible en: la web de l&#8217;assignatura [&hellip;]<\/p>\n","protected":false},"author":3158,"featured_media":22213,"comment_status":"closed","ping_status":"open","sticky":false,"template":"","format":"standard","meta":{"_links_to":"","_links_to_target":""},"categories":[964],"tags":[1043823,1066926,284370,420072,1324325,6499],"yoast_head":"<!-- This site is optimized with the Yoast SEO plugin v17.5 - https:\/\/yoast.com\/wordpress\/plugins\/seo\/ -->\n<meta name=\"description\" content=\"Departamento Medicina Cl\u00ednica Universidad Miguel Her\u00e1ndez - Comen\u00e7a el Concurs Jaime Merino v\u00eddeos presentaci\u00f3 dels rotatoris UMH 2020-2021\" \/>\n<meta name=\"robots\" content=\"index, follow, max-snippet:-1, max-image-preview:large, max-video-preview:-1\" \/>\n<link rel=\"canonical\" href=\"https:\/\/departamentomedicinaclinica.umh.es\/ca\/2021\/03\/30\/comienza-concurso-jaime-merino-videos-presentacion-los-rotatorios-umh-2020-2021\/\" \/>\n<meta property=\"og:locale\" content=\"ca_ES\" \/>\n<meta property=\"og:type\" content=\"article\" \/>\n<meta property=\"og:title\" content=\"Comen\u00e7a el Concurs Jaime Merino v\u00eddeos presentaci\u00f3 dels rotatoris UMH 2020-2021 - Departamento de Medicina Cl\u00ednica UMH\" \/>\n<meta property=\"og:description\" content=\"Departamento Medicina Cl\u00ednica Universidad Miguel Her\u00e1ndez - Comen\u00e7a el Concurs Jaime Merino v\u00eddeos presentaci\u00f3 dels rotatoris UMH 2020-2021\" \/>\n<meta property=\"og:url\" content=\"https:\/\/departamentomedicinaclinica.umh.es\/en\/2021\/03\/30\/comienza-concurso-jaime-merino-videos-presentacion-los-rotatorios-umh-2020-2021\/\" \/>\n<meta property=\"og:site_name\" content=\"Departamento de Medicina Cl\u00ednica UMH\" \/>\n<meta property=\"article:published_time\" content=\"2021-03-30T11:25:55+00:00\" \/>\n<meta property=\"article:modified_time\" content=\"2024-02-23T10:38:40+00:00\" \/>\n<meta property=\"og:image\" content=\"https:\/\/departamentomedicinaclinica.umh.es\/files\/2018\/09\/Gestio\u0301n-Cli\u0301nica-Me\u0301dico-UMH.jpg\" \/>\n\t<meta property=\"og:image:width\" content=\"640\" \/>\n\t<meta property=\"og:image:height\" content=\"426\" \/>\n<meta name=\"twitter:card\" content=\"summary_large_image\" \/>\n<meta name=\"twitter:creator\" content=\"@medicinaumh\" \/>\n<meta name=\"twitter:site\" content=\"@medicinaumh\" \/>\n<meta name=\"twitter:label1\" content=\"Written by\" \/>\n\t<meta name=\"twitter:data1\" content=\"garcia.natalia\" \/>\n\t<meta name=\"twitter:label2\" content=\"Est. reading time\" \/>\n\t<meta name=\"twitter:data2\" content=\"10 minuts\" \/>\n<script type=\"application\/ld+json\" class=\"yoast-schema-graph\">{\"@context\":\"https:\/\/schema.org\",\"@graph\":[{\"@type\":\"Organization\",\"@id\":\"https:\/\/departamentomedicinaclinica.umh.es\/#organization\",\"name\":\"Departamento Medicina Cl\\u00ednica Universidad Miguel Hern\\u00e1ndez de Elche\",\"url\":\"https:\/\/departamentomedicinaclinica.umh.es\/\",\"sameAs\":[\"https:\/\/www.youtube.com\/playlist?list=PLClKgnzRFYe6Y_i4QLNSlOwsZn0X3Klmb\",\"https:\/\/twitter.com\/medicinaumh\"],\"logo\":{\"@type\":\"ImageObject\",\"@id\":\"https:\/\/departamentomedicinaclinica.umh.es\/#logo\",\"inLanguage\":\"ca\",\"url\":\"https:\/\/departamentomedicinaclinica.umh.es\/files\/2024\/07\/meclin-vertical.png\",\"contentUrl\":\"https:\/\/departamentomedicinaclinica.umh.es\/files\/2024\/07\/meclin-vertical.png\",\"width\":1376,\"height\":1600,\"caption\":\"Departamento Medicina Cl\\u00ednica Universidad Miguel Hern\\u00e1ndez de Elche\"},\"image\":{\"@id\":\"https:\/\/departamentomedicinaclinica.umh.es\/#logo\"}},{\"@type\":\"WebSite\",\"@id\":\"https:\/\/departamentomedicinaclinica.umh.es\/#website\",\"url\":\"https:\/\/departamentomedicinaclinica.umh.es\/\",\"name\":\"Departamento de Medicina Cl\\u00ednica UMH\",\"description\":\"Otro sitio m\\u00e1s de Zeus.umh.es Blogs\",\"publisher\":{\"@id\":\"https:\/\/departamentomedicinaclinica.umh.es\/#organization\"},\"potentialAction\":[{\"@type\":\"SearchAction\",\"target\":{\"@type\":\"EntryPoint\",\"urlTemplate\":\"https:\/\/departamentomedicinaclinica.umh.es\/?s={search_term_string}\"},\"query-input\":\"required name=search_term_string\"}],\"inLanguage\":\"ca\"},{\"@type\":\"ImageObject\",\"@id\":\"https:\/\/departamentomedicinaclinica.umh.es\/en\/2021\/03\/30\/comienza-concurso-jaime-merino-videos-presentacion-los-rotatorios-umh-2020-2021\/#primaryimage\",\"inLanguage\":\"ca\",\"url\":\"https:\/\/departamentomedicinaclinica.umh.es\/files\/2018\/09\/Gestio\\u0301n-Cli\\u0301nica-Me\\u0301dico-UMH.jpg\",\"contentUrl\":\"https:\/\/departamentomedicinaclinica.umh.es\/files\/2018\/09\/Gestio\\u0301n-Cli\\u0301nica-Me\\u0301dico-UMH.jpg\",\"width\":640,\"height\":426,\"caption\":\"Gesti\\u00f3n cl\\u00ednica m\\u00e9dico UMH imagen\"},{\"@type\":\"WebPage\",\"@id\":\"https:\/\/departamentomedicinaclinica.umh.es\/en\/2021\/03\/30\/comienza-concurso-jaime-merino-videos-presentacion-los-rotatorios-umh-2020-2021\/#webpage\",\"url\":\"https:\/\/departamentomedicinaclinica.umh.es\/en\/2021\/03\/30\/comienza-concurso-jaime-merino-videos-presentacion-los-rotatorios-umh-2020-2021\/\",\"name\":\"Comen\\u00e7a el Concurs Jaime Merino v\\u00eddeos presentaci\\u00f3 dels rotatoris UMH 2020-2021 - Departamento de Medicina Cl\\u00ednica UMH\",\"isPartOf\":{\"@id\":\"https:\/\/departamentomedicinaclinica.umh.es\/#website\"},\"primaryImageOfPage\":{\"@id\":\"https:\/\/departamentomedicinaclinica.umh.es\/en\/2021\/03\/30\/comienza-concurso-jaime-merino-videos-presentacion-los-rotatorios-umh-2020-2021\/#primaryimage\"},\"datePublished\":\"2021-03-30T11:25:55+00:00\",\"dateModified\":\"2024-02-23T10:38:40+00:00\",\"description\":\"Departamento Medicina Cl\\u00ednica Universidad Miguel Her\\u00e1ndez - Comen\\u00e7a el Concurs Jaime Merino v\\u00eddeos presentaci\\u00f3 dels rotatoris UMH 2020-2021\",\"breadcrumb\":{\"@id\":\"https:\/\/departamentomedicinaclinica.umh.es\/en\/2021\/03\/30\/comienza-concurso-jaime-merino-videos-presentacion-los-rotatorios-umh-2020-2021\/#breadcrumb\"},\"inLanguage\":\"ca\",\"potentialAction\":[{\"@type\":\"ReadAction\",\"target\":[\"https:\/\/departamentomedicinaclinica.umh.es\/en\/2021\/03\/30\/comienza-concurso-jaime-merino-videos-presentacion-los-rotatorios-umh-2020-2021\/\"]}]},{\"@type\":\"BreadcrumbList\",\"@id\":\"https:\/\/departamentomedicinaclinica.umh.es\/en\/2021\/03\/30\/comienza-concurso-jaime-merino-videos-presentacion-los-rotatorios-umh-2020-2021\/#breadcrumb\",\"itemListElement\":[{\"@type\":\"ListItem\",\"position\":1,\"name\":\"Portada\",\"item\":\"https:\/\/departamentomedicinaclinica.umh.es\/\"},{\"@type\":\"ListItem\",\"position\":2,\"name\":\"The Jaime Merino Contest begins videos presentation of the UMH 2020-2021 rotaries\"}]},{\"@type\":\"Article\",\"@id\":\"https:\/\/departamentomedicinaclinica.umh.es\/en\/2021\/03\/30\/comienza-concurso-jaime-merino-videos-presentacion-los-rotatorios-umh-2020-2021\/#article\",\"isPartOf\":{\"@id\":\"https:\/\/departamentomedicinaclinica.umh.es\/en\/2021\/03\/30\/comienza-concurso-jaime-merino-videos-presentacion-los-rotatorios-umh-2020-2021\/#webpage\"},\"author\":{\"@id\":\"https:\/\/departamentomedicinaclinica.umh.es\/#\/schema\/person\/4cce65f000b37391eb0fdba785a882b9\"},\"headline\":\"Comen\\u00e7a el Concurs Jaime Merino v\\u00eddeos presentaci\\u00f3 dels rotatoris UMH 2020-2021\",\"datePublished\":\"2021-03-30T11:25:55+00:00\",\"dateModified\":\"2024-02-23T10:38:40+00:00\",\"mainEntityOfPage\":{\"@id\":\"https:\/\/departamentomedicinaclinica.umh.es\/en\/2021\/03\/30\/comienza-concurso-jaime-merino-videos-presentacion-los-rotatorios-umh-2020-2021\/#webpage\"},\"wordCount\":1956,\"publisher\":{\"@id\":\"https:\/\/departamentomedicinaclinica.umh.es\/#organization\"},\"image\":{\"@id\":\"https:\/\/departamentomedicinaclinica.umh.es\/en\/2021\/03\/30\/comienza-concurso-jaime-merino-videos-presentacion-los-rotatorios-umh-2020-2021\/#primaryimage\"},\"thumbnailUrl\":\"https:\/\/departamentomedicinaclinica.umh.es\/files\/2018\/09\/Gestio\\u0301n-Cli\\u0301nica-Me\\u0301dico-UMH.jpg\",\"keywords\":[\"Casos Cl\\u00ednicos Medicina UMH\",\"Concurso Jaime Merino\",\"Departamento Medicina Cl\\u00ednica UMH\",\"Jaime Merino\",\"Premios V\\u00eddeos presentaci\\u00f3n Rotatorios UMH\",\"v\\u00eddeos rotatorios UMH\"],\"articleSection\":[\"Actualidad\"],\"inLanguage\":\"ca\"},{\"@type\":\"Person\",\"@id\":\"https:\/\/departamentomedicinaclinica.umh.es\/#\/schema\/person\/4cce65f000b37391eb0fdba785a882b9\",\"name\":\"garcia.natalia\",\"image\":{\"@type\":\"ImageObject\",\"@id\":\"https:\/\/departamentomedicinaclinica.umh.es\/#personlogo\",\"inLanguage\":\"ca\",\"url\":\"https:\/\/secure.gravatar.com\/avatar\/2f6b18e6f874050af9faeeac24349c8c?s=96&d=mm&r=g\",\"contentUrl\":\"https:\/\/secure.gravatar.com\/avatar\/2f6b18e6f874050af9faeeac24349c8c?s=96&d=mm&r=g\",\"caption\":\"garcia.natalia\"},\"url\":\"https:\/\/departamentomedicinaclinica.umh.es\/ca\/author\/garcia-natalia\/\"}]}<\/script>\n<!-- \/ Yoast SEO plugin. -->","yoast_head_json":{"description":"Departamento Medicina Cl\u00ednica Universidad Miguel Her\u00e1ndez - Comen\u00e7a el Concurs Jaime Merino v\u00eddeos presentaci\u00f3 dels rotatoris UMH 2020-2021","robots":{"index":"index","follow":"follow","max-snippet":"max-snippet:-1","max-image-preview":"max-image-preview:large","max-video-preview":"max-video-preview:-1"},"canonical":"https:\/\/departamentomedicinaclinica.umh.es\/ca\/2021\/03\/30\/comienza-concurso-jaime-merino-videos-presentacion-los-rotatorios-umh-2020-2021\/","og_locale":"ca_ES","og_type":"article","og_title":"Comen\u00e7a el Concurs Jaime Merino v\u00eddeos presentaci\u00f3 dels rotatoris UMH 2020-2021 - Departamento de Medicina Cl\u00ednica UMH","og_description":"Departamento Medicina Cl\u00ednica Universidad Miguel Her\u00e1ndez - Comen\u00e7a el Concurs Jaime Merino v\u00eddeos presentaci\u00f3 dels rotatoris UMH 2020-2021","og_url":"https:\/\/departamentomedicinaclinica.umh.es\/en\/2021\/03\/30\/comienza-concurso-jaime-merino-videos-presentacion-los-rotatorios-umh-2020-2021\/","og_site_name":"Departamento de Medicina Cl\u00ednica UMH","article_published_time":"2021-03-30T11:25:55+00:00","article_modified_time":"2024-02-23T10:38:40+00:00","og_image":[{"width":640,"height":426,"url":"https:\/\/departamentomedicinaclinica.umh.es\/files\/2018\/09\/Gestio\u0301n-Cli\u0301nica-Me\u0301dico-UMH.jpg","type":"image\/jpeg"}],"twitter_card":"summary_large_image","twitter_creator":"@medicinaumh","twitter_site":"@medicinaumh","twitter_misc":{"Written by":"garcia.natalia","Est. reading time":"10 minuts"},"schema":{"@context":"https:\/\/schema.org","@graph":[{"@type":"Organization","@id":"https:\/\/departamentomedicinaclinica.umh.es\/#organization","name":"Departamento Medicina Cl\u00ednica Universidad Miguel Hern\u00e1ndez de Elche","url":"https:\/\/departamentomedicinaclinica.umh.es\/","sameAs":["https:\/\/www.youtube.com\/playlist?list=PLClKgnzRFYe6Y_i4QLNSlOwsZn0X3Klmb","https:\/\/twitter.com\/medicinaumh"],"logo":{"@type":"ImageObject","@id":"https:\/\/departamentomedicinaclinica.umh.es\/#logo","inLanguage":"ca","url":"https:\/\/departamentomedicinaclinica.umh.es\/files\/2024\/07\/meclin-vertical.png","contentUrl":"https:\/\/departamentomedicinaclinica.umh.es\/files\/2024\/07\/meclin-vertical.png","width":1376,"height":1600,"caption":"Departamento Medicina Cl\u00ednica Universidad Miguel Hern\u00e1ndez de Elche"},"image":{"@id":"https:\/\/departamentomedicinaclinica.umh.es\/#logo"}},{"@type":"WebSite","@id":"https:\/\/departamentomedicinaclinica.umh.es\/#website","url":"https:\/\/departamentomedicinaclinica.umh.es\/","name":"Departamento de Medicina Cl\u00ednica UMH","description":"Otro sitio m\u00e1s de Zeus.umh.es Blogs","publisher":{"@id":"https:\/\/departamentomedicinaclinica.umh.es\/#organization"},"potentialAction":[{"@type":"SearchAction","target":{"@type":"EntryPoint","urlTemplate":"https:\/\/departamentomedicinaclinica.umh.es\/?s={search_term_string}"},"query-input":"required name=search_term_string"}],"inLanguage":"ca"},{"@type":"ImageObject","@id":"https:\/\/departamentomedicinaclinica.umh.es\/en\/2021\/03\/30\/comienza-concurso-jaime-merino-videos-presentacion-los-rotatorios-umh-2020-2021\/#primaryimage","inLanguage":"ca","url":"https:\/\/departamentomedicinaclinica.umh.es\/files\/2018\/09\/Gestio\u0301n-Cli\u0301nica-Me\u0301dico-UMH.jpg","contentUrl":"https:\/\/departamentomedicinaclinica.umh.es\/files\/2018\/09\/Gestio\u0301n-Cli\u0301nica-Me\u0301dico-UMH.jpg","width":640,"height":426,"caption":"Gesti\u00f3n cl\u00ednica m\u00e9dico UMH imagen"},{"@type":"WebPage","@id":"https:\/\/departamentomedicinaclinica.umh.es\/en\/2021\/03\/30\/comienza-concurso-jaime-merino-videos-presentacion-los-rotatorios-umh-2020-2021\/#webpage","url":"https:\/\/departamentomedicinaclinica.umh.es\/en\/2021\/03\/30\/comienza-concurso-jaime-merino-videos-presentacion-los-rotatorios-umh-2020-2021\/","name":"Comen\u00e7a el Concurs Jaime Merino v\u00eddeos presentaci\u00f3 dels rotatoris UMH 2020-2021 - Departamento de Medicina Cl\u00ednica UMH","isPartOf":{"@id":"https:\/\/departamentomedicinaclinica.umh.es\/#website"},"primaryImageOfPage":{"@id":"https:\/\/departamentomedicinaclinica.umh.es\/en\/2021\/03\/30\/comienza-concurso-jaime-merino-videos-presentacion-los-rotatorios-umh-2020-2021\/#primaryimage"},"datePublished":"2021-03-30T11:25:55+00:00","dateModified":"2024-02-23T10:38:40+00:00","description":"Departamento Medicina Cl\u00ednica Universidad Miguel Her\u00e1ndez - Comen\u00e7a el Concurs Jaime Merino v\u00eddeos presentaci\u00f3 dels rotatoris UMH 2020-2021","breadcrumb":{"@id":"https:\/\/departamentomedicinaclinica.umh.es\/en\/2021\/03\/30\/comienza-concurso-jaime-merino-videos-presentacion-los-rotatorios-umh-2020-2021\/#breadcrumb"},"inLanguage":"ca","potentialAction":[{"@type":"ReadAction","target":["https:\/\/departamentomedicinaclinica.umh.es\/en\/2021\/03\/30\/comienza-concurso-jaime-merino-videos-presentacion-los-rotatorios-umh-2020-2021\/"]}]},{"@type":"BreadcrumbList","@id":"https:\/\/departamentomedicinaclinica.umh.es\/en\/2021\/03\/30\/comienza-concurso-jaime-merino-videos-presentacion-los-rotatorios-umh-2020-2021\/#breadcrumb","itemListElement":[{"@type":"ListItem","position":1,"name":"Portada","item":"https:\/\/departamentomedicinaclinica.umh.es\/"},{"@type":"ListItem","position":2,"name":"The Jaime Merino Contest begins videos presentation of the UMH 2020-2021 rotaries"}]},{"@type":"Article","@id":"https:\/\/departamentomedicinaclinica.umh.es\/en\/2021\/03\/30\/comienza-concurso-jaime-merino-videos-presentacion-los-rotatorios-umh-2020-2021\/#article","isPartOf":{"@id":"https:\/\/departamentomedicinaclinica.umh.es\/en\/2021\/03\/30\/comienza-concurso-jaime-merino-videos-presentacion-los-rotatorios-umh-2020-2021\/#webpage"},"author":{"@id":"https:\/\/departamentomedicinaclinica.umh.es\/#\/schema\/person\/4cce65f000b37391eb0fdba785a882b9"},"headline":"Comen\u00e7a el Concurs Jaime Merino v\u00eddeos presentaci\u00f3 dels rotatoris UMH 2020-2021","datePublished":"2021-03-30T11:25:55+00:00","dateModified":"2024-02-23T10:38:40+00:00","mainEntityOfPage":{"@id":"https:\/\/departamentomedicinaclinica.umh.es\/en\/2021\/03\/30\/comienza-concurso-jaime-merino-videos-presentacion-los-rotatorios-umh-2020-2021\/#webpage"},"wordCount":1956,"publisher":{"@id":"https:\/\/departamentomedicinaclinica.umh.es\/#organization"},"image":{"@id":"https:\/\/departamentomedicinaclinica.umh.es\/en\/2021\/03\/30\/comienza-concurso-jaime-merino-videos-presentacion-los-rotatorios-umh-2020-2021\/#primaryimage"},"thumbnailUrl":"https:\/\/departamentomedicinaclinica.umh.es\/files\/2018\/09\/Gestio\u0301n-Cli\u0301nica-Me\u0301dico-UMH.jpg","keywords":["Casos Cl\u00ednicos Medicina UMH","Concurso Jaime Merino","Departamento Medicina Cl\u00ednica UMH","Jaime Merino","Premios V\u00eddeos presentaci\u00f3n Rotatorios UMH","v\u00eddeos rotatorios UMH"],"articleSection":["Actualidad"],"inLanguage":"ca"},{"@type":"Person","@id":"https:\/\/departamentomedicinaclinica.umh.es\/#\/schema\/person\/4cce65f000b37391eb0fdba785a882b9","name":"garcia.natalia","image":{"@type":"ImageObject","@id":"https:\/\/departamentomedicinaclinica.umh.es\/#personlogo","inLanguage":"ca","url":"https:\/\/secure.gravatar.com\/avatar\/2f6b18e6f874050af9faeeac24349c8c?s=96&d=mm&r=g","contentUrl":"https:\/\/secure.gravatar.com\/avatar\/2f6b18e6f874050af9faeeac24349c8c?s=96&d=mm&r=g","caption":"garcia.natalia"},"url":"https:\/\/departamentomedicinaclinica.umh.es\/ca\/author\/garcia-natalia\/"}]}},"_links":{"self":[{"href":"https:\/\/departamentomedicinaclinica.umh.es\/ca\/wp-json\/wp\/v2\/posts\/25586"}],"collection":[{"href":"https:\/\/departamentomedicinaclinica.umh.es\/ca\/wp-json\/wp\/v2\/posts"}],"about":[{"href":"https:\/\/departamentomedicinaclinica.umh.es\/ca\/wp-json\/wp\/v2\/types\/post"}],"author":[{"embeddable":true,"href":"https:\/\/departamentomedicinaclinica.umh.es\/ca\/wp-json\/wp\/v2\/users\/3158"}],"replies":[{"embeddable":true,"href":"https:\/\/departamentomedicinaclinica.umh.es\/ca\/wp-json\/wp\/v2\/comments?post=25586"}],"version-history":[{"count":0,"href":"https:\/\/departamentomedicinaclinica.umh.es\/ca\/wp-json\/wp\/v2\/posts\/25586\/revisions"}],"wp:featuredmedia":[{"embeddable":true,"href":"https:\/\/departamentomedicinaclinica.umh.es\/ca\/wp-json\/wp\/v2\/media\/22213"}],"wp:attachment":[{"href":"https:\/\/departamentomedicinaclinica.umh.es\/ca\/wp-json\/wp\/v2\/media?parent=25586"}],"wp:term":[{"taxonomy":"category","embeddable":true,"href":"https:\/\/departamentomedicinaclinica.umh.es\/ca\/wp-json\/wp\/v2\/categories?post=25586"},{"taxonomy":"post_tag","embeddable":true,"href":"https:\/\/departamentomedicinaclinica.umh.es\/ca\/wp-json\/wp\/v2\/tags?post=25586"}],"curies":[{"name":"wp","href":"https:\/\/api.w.org\/{rel}","templated":true}]}}