{"id":26074,"date":"2018-11-20T11:43:01","date_gmt":"2018-11-20T11:43:01","guid":{"rendered":"https:\/\/departamentomedicinaclinica.umh.es\/?p=26074"},"modified":"2024-02-23T10:38:42","modified_gmt":"2024-02-23T10:38:42","slug":"becas-fundacion-bernabeu-a-estudiantes-de-medicina-y-biotecnologia-de-la-umh","status":"publish","type":"post","link":"https:\/\/departamentomedicinaclinica.umh.es\/ca\/2018\/11\/20\/becas-fundacion-bernabeu-a-estudiantes-de-medicina-y-biotecnologia-de-la-umh\/","title":{"rendered":"Beques Fundaci\u00f3 Bernabeu a estudiants de medicina i biotecnologia de la UMH"},"content":{"rendered":"<p><img loading=\"lazy\" class=\"size-medium wp-image-17444 aligncenter\" src=\"https:\/\/departamentomedicinaclinica.umh.es\/files\/2018\/10\/Becas-Fundacion-Bernabeu-Medicina-UMH-300x212.jpg\" alt=\"Alumnos becas Fundaci\u00f3 -Bernabeu Medicina UMH\" width=\"300\" height=\"212\" srcset=\"https:\/\/departamentomedicinaclinica.umh.es\/files\/2018\/10\/Becas-Fundacion-Bernabeu-Medicina-UMH-300x212.jpg 300w, https:\/\/departamentomedicinaclinica.umh.es\/files\/2018\/10\/Becas-Fundacion-Bernabeu-Medicina-UMH-1024x724.jpg 1024w, https:\/\/departamentomedicinaclinica.umh.es\/files\/2018\/10\/Becas-Fundacion-Bernabeu-Medicina-UMH-768x543.jpg 768w, https:\/\/departamentomedicinaclinica.umh.es\/files\/2018\/10\/Becas-Fundacion-Bernabeu-Medicina-UMH-1536x1086.jpg 1536w, https:\/\/departamentomedicinaclinica.umh.es\/files\/2018\/10\/Becas-Fundacion-Bernabeu-Medicina-UMH.jpg 2048w\" sizes=\"(max-width: 300px) 100vw, 300px\" \/><\/p>\n<p>Beques Fundaci\u00f3 Bernabeu a estudiants de Medicina i Biotecnologia de la UMH es van lliurar recentment. L&#8217;acte de lliurament de les Beques <a href=\"https:\/\/www.fundacionrafaelbernabeu.com\/\" target=\"_blank\" rel=\"noopener\">Fundaci\u00f3 Bernabeu<\/a> va tenir lloc en l&#8217;Auditori de l&#8217;Institut Bernabeu de la ciutat d&#8217;Alacant.<\/p>\n<h3>Qui va ser l&#8217;encarregat de lliurar les Beques Fundaci\u00f3 Bernabe\u00fa?<\/h3>\n<p><!--more--><\/p>\n<p>Principalment, Rafael Bernabeu, president de la Fundaci\u00f3 Rafael Bernabeu i director de l&#8217;Institut Bernabeu.<\/p>\n<h3>En qu\u00e8 consistien les Beques Fundaci\u00f3 Bernabeu?<\/h3>\n<p>B\u00e0sicament, es van concedir 2 beques per una quantia de 2.500 euros cadascuna a:<\/p>\n<ul>\n<li>Marina Planelles Ripoll, estudiant de 2on curs del <a href=\"http:\/\/www.departamentomedicinaclinica.edu.umh.es\/ca\/estudios\/\">Grau en Medicina<\/a> de la Universitat Miguel Hern\u00e1ndez (UMH)<\/li>\n<li>Mar\u00eda del Carmen G\u00f3mez Mu\u00f1oz, estudiant de 4t curs del Grau en Biotecnologia en la UMH<\/li>\n<\/ul>\n<p>L&#8217;objectiu fonamental d&#8217;aquestes beques de la Fundaci\u00f3 Bernabeu seria, sufragar la matr\u00edcula dels estudiants de Grau i la compra de material corresponent.<br \/>\n<img loading=\"lazy\" class=\"aligncenter size-full wp-image-17451\" title=\"Les beques Fundaci\u00f3 Bernabeu premien la creativitat i l'esfor\u00e7 en estudiants de Medicina en la UMH\" src=\"http:\/\/departamentomedicinaclinica.edu.umh.es\/wp-content\/uploads\/sites\/1455\/2018\/11\/Becas-Fundacion-Bernabeu-estudiantes-Grado-Medicina.jpg\" alt=\"Beques Fundaci\u00f3 Bernabeu estudiants Grau Medicina fons pantalla\" width=\"640\" height=\"316\" srcset=\"https:\/\/departamentomedicinaclinica.umh.es\/files\/2018\/11\/Becas-Fundacion-Bernabeu-estudiantes-Grado-Medicina.jpg 640w, https:\/\/departamentomedicinaclinica.umh.es\/files\/2018\/11\/Becas-Fundacion-Bernabeu-estudiantes-Grado-Medicina-300x148.jpg 300w\" sizes=\"(max-width: 640px) 100vw, 640px\" \/><\/p>\n<p>El car\u00e0cter de l&#8217;obra <strong>social <\/strong>de l&#8217;Institut Bernabeu \u00e9s principalment social, educatiu, cultural, cient\u00edfic i de promoci\u00f3 de la recerca. Entre els seus objectius es troba afavorir i ajudar a les persones amb escassos recursos econ\u00f2mics. Sobretot per a accedir a tractaments de medicina reproductiva i dotaci\u00f3 de beques. La Fundaci\u00f3 Bernabeu s&#8217;encarrega, per tant, d&#8217;organitzar cursos de formaci\u00f3 i mantenir convenis de col\u00b7laboraci\u00f3 amb institucions acad\u00e8miques i metgesses per a impulsar la recerca biom\u00e8dica.<\/p>\n<h3>De quins estudis procedeixen els premiats de les Beques Fundaci\u00f3 Bernabeu al llarg de la hist\u00f2ria?<\/h3>\n<p>En ess\u00e8ncia, la Fundaci\u00f3 Rafael Bernabeu ha proporcionat una suma total de 5.000 euros a 6 brillants alumnes de diverses disciplines. Entre elles, pertanyents a:<\/p>\n<ul>\n<li>Grau en Medicina, Infermeria i Biotecnologia de la UMH, la Universitat de Castella-la Manxa i la Universitat d&#8217;Alacant.<\/li>\n<\/ul>\n<p><img loading=\"lazy\" class=\"aligncenter wp-image-16200 size-full\" title=\"Una de les alumnes de la Universitat Miguel Hern\u00e1ndez d'Elx va ser premiada amb una de les beques per a estudi per la Fundaci\u00f3 Bernabeu\" src=\"http:\/\/departamentomedicinaclinica.edu.umh.es\/wp-content\/uploads\/sites\/1455\/2014\/11\/Logo-Departamento-Medicina-Cl\u00ednica-UMH.jpg\" alt=\"Logotip Departament Medicina Cl\u00ednica UMH\" width=\"190\" height=\"108\" \/><\/p>\n<h3>Quins s\u00f3n els requisits que han de complir els estudiants per a rebre les Beques Fundaci\u00f3 Bernabeu?<\/h3>\n<p>Principalment, d&#8217;entre les condicions que ha de complir tot estudiant per a rebre aquestes ajudes estaria:<\/p>\n<ul>\n<li>tenir bons expedients acad\u00e8mics<\/li>\n<\/ul>\n<p><img loading=\"lazy\" class=\"aligncenter wp-image-14560\" title=\"Estudiantes de Medicina UMH reciben beca\" src=\"http:\/\/departamentomedicinaclinica.edu.umh.es\/wp-content\/uploads\/sites\/1455\/2016\/11\/Logotipo_del_Ministerio_de_Educaci\u00f3n_Cultura_y_Deporte.png\" alt=\"Bases Becas Fundaci\u00f3n Rafael Bernabeu logo Ministerio de Educaci\u00f3n Cultura y Deporte\" width=\"590\" height=\"125\" \/><\/p>\n<h2>M\u00e9s informaci\u00f3 sobre la Fundaci\u00f3 Bernabeu en:<\/h2>\n<p><a href=\"https:\/\/www.fundacionrafaelbernabeu.com\/\" target=\"_blank\" rel=\"noopener\">www.fundacionrafaelbernabeu.com<\/a><\/p>\n<p>Veure fitxa sol\u00b7licitud \u201c<a href=\"https:\/\/www.institutobernabeu.com\/uploads\/ficheros\/paginas\/ficheros\/201806\/ficheros_1-cuestionario_solicitud_beca.pdf\" target=\"_blank\" rel=\"noopener\">Bases Beques Fundaci\u00f3 Bernabeu<\/a>\u201d<\/p>\n<p>Veure <a href=\"https:\/\/www.institutobernabeu.com\/uploads\/ficheros\/paginas\/ficheros\/201806\/ficheros_1-cuestionario_solicitud_beca.pdf\" target=\"_blank\" rel=\"noopener\">q\u00fcestionari de sol\u00b7licitud<\/a><\/p>\n<p><a class=\"autoria\" href=\"https:\/\/plus.google.com\/+DepartamentodeMedicinaCl\u00ednicaUMH?rel=author\">+DepartamentodeMedicinaCl\u00ednicaUMH<\/a><\/p>","protected":false},"excerpt":{"rendered":"<p>Ho sentim, aquesta entrada es troba disponible \u00fanicament en Espanyol Europeu.<\/p>\n","protected":false},"author":3782,"featured_media":0,"comment_status":"closed","ping_status":"open","sticky":false,"template":"","format":"standard","meta":{"_links_to":"","_links_to_target":""},"categories":[357277],"tags":[],"yoast_head":"<!-- This site is optimized with the Yoast SEO plugin v17.5 - https:\/\/yoast.com\/wordpress\/plugins\/seo\/ -->\n<meta name=\"description\" content=\"Departamento Medicina Cl\u00ednica Universidad Miguel Her\u00e1ndez - Beques Fundaci\u00f3 Bernabeu a estudiants de medicina i biotecnologia de la UMH\" \/>\n<meta name=\"robots\" content=\"index, follow, max-snippet:-1, max-image-preview:large, max-video-preview:-1\" \/>\n<link rel=\"canonical\" href=\"https:\/\/departamentomedicinaclinica.umh.es\/ca\/2018\/11\/20\/becas-fundacion-bernabeu-a-estudiantes-de-medicina-y-biotecnologia-de-la-umh\/\" \/>\n<meta property=\"og:locale\" content=\"ca_ES\" \/>\n<meta property=\"og:type\" content=\"article\" \/>\n<meta property=\"og:title\" content=\"Beques Fundaci\u00f3 Bernabeu a estudiants de medicina i biotecnologia de la UMH - Departamento de Medicina Cl\u00ednica UMH\" \/>\n<meta property=\"og:description\" content=\"Departamento Medicina Cl\u00ednica Universidad Miguel Her\u00e1ndez - Beques Fundaci\u00f3 Bernabeu a estudiants de medicina i biotecnologia de la UMH\" \/>\n<meta property=\"og:url\" content=\"https:\/\/departamentomedicinaclinica.umh.es\/2018\/11\/20\/becas-fundacion-bernabeu-a-estudiantes-de-medicina-y-biotecnologia-de-la-umh\/\" \/>\n<meta property=\"og:site_name\" content=\"Departamento de Medicina Cl\u00ednica UMH\" \/>\n<meta property=\"article:published_time\" content=\"2018-11-20T11:43:01+00:00\" \/>\n<meta property=\"article:modified_time\" content=\"2024-02-23T10:38:42+00:00\" \/>\n<meta property=\"og:image\" content=\"https:\/\/departamentomedicinaclinica.umh.es\/files\/2018\/10\/Becas-Fundacion-Bernabeu-Medicina-UMH-300x212.jpg\" \/>\n<meta name=\"twitter:card\" content=\"summary_large_image\" \/>\n<meta name=\"twitter:creator\" content=\"@medicinaumh\" \/>\n<meta name=\"twitter:site\" content=\"@medicinaumh\" \/>\n<meta name=\"twitter:label1\" content=\"Written by\" \/>\n\t<meta name=\"twitter:data1\" content=\"agustin.diazg\" \/>\n\t<meta name=\"twitter:label2\" content=\"Est. reading time\" \/>\n\t<meta name=\"twitter:data2\" content=\"5 minuts\" \/>\n<script type=\"application\/ld+json\" class=\"yoast-schema-graph\">{\"@context\":\"https:\/\/schema.org\",\"@graph\":[{\"@type\":\"Organization\",\"@id\":\"https:\/\/departamentomedicinaclinica.umh.es\/#organization\",\"name\":\"Departamento Medicina Cl\\u00ednica Universidad Miguel Hern\\u00e1ndez de Elche\",\"url\":\"https:\/\/departamentomedicinaclinica.umh.es\/\",\"sameAs\":[\"https:\/\/www.youtube.com\/playlist?list=PLClKgnzRFYe6Y_i4QLNSlOwsZn0X3Klmb\",\"https:\/\/twitter.com\/medicinaumh\"],\"logo\":{\"@type\":\"ImageObject\",\"@id\":\"https:\/\/departamentomedicinaclinica.umh.es\/#logo\",\"inLanguage\":\"ca\",\"url\":\"https:\/\/departamentomedicinaclinica.umh.es\/files\/2024\/07\/meclin-vertical.png\",\"contentUrl\":\"https:\/\/departamentomedicinaclinica.umh.es\/files\/2024\/07\/meclin-vertical.png\",\"width\":1376,\"height\":1600,\"caption\":\"Departamento Medicina Cl\\u00ednica Universidad Miguel Hern\\u00e1ndez de Elche\"},\"image\":{\"@id\":\"https:\/\/departamentomedicinaclinica.umh.es\/#logo\"}},{\"@type\":\"WebSite\",\"@id\":\"https:\/\/departamentomedicinaclinica.umh.es\/#website\",\"url\":\"https:\/\/departamentomedicinaclinica.umh.es\/\",\"name\":\"Departamento de Medicina Cl\\u00ednica UMH\",\"description\":\"Otro sitio m\\u00e1s de Zeus.umh.es Blogs\",\"publisher\":{\"@id\":\"https:\/\/departamentomedicinaclinica.umh.es\/#organization\"},\"potentialAction\":[{\"@type\":\"SearchAction\",\"target\":{\"@type\":\"EntryPoint\",\"urlTemplate\":\"https:\/\/departamentomedicinaclinica.umh.es\/?s={search_term_string}\"},\"query-input\":\"required name=search_term_string\"}],\"inLanguage\":\"ca\"},{\"@type\":\"ImageObject\",\"@id\":\"https:\/\/departamentomedicinaclinica.umh.es\/2018\/11\/20\/becas-fundacion-bernabeu-a-estudiantes-de-medicina-y-biotecnologia-de-la-umh\/#primaryimage\",\"inLanguage\":\"ca\",\"url\":\"https:\/\/departamentomedicinaclinica.umh.es\/files\/2018\/10\/Becas-Fundacion-Bernabeu-Medicina-UMH.jpg\",\"contentUrl\":\"https:\/\/departamentomedicinaclinica.umh.es\/files\/2018\/10\/Becas-Fundacion-Bernabeu-Medicina-UMH.jpg\",\"width\":2048,\"height\":1448,\"caption\":\"Alumnos becas Fundaci\\u00f3 -Bernabeu Medicina UMH\"},{\"@type\":\"WebPage\",\"@id\":\"https:\/\/departamentomedicinaclinica.umh.es\/2018\/11\/20\/becas-fundacion-bernabeu-a-estudiantes-de-medicina-y-biotecnologia-de-la-umh\/#webpage\",\"url\":\"https:\/\/departamentomedicinaclinica.umh.es\/2018\/11\/20\/becas-fundacion-bernabeu-a-estudiantes-de-medicina-y-biotecnologia-de-la-umh\/\",\"name\":\"Beques Fundaci\\u00f3 Bernabeu a estudiants de medicina i biotecnologia de la UMH - Departamento de Medicina Cl\\u00ednica UMH\",\"isPartOf\":{\"@id\":\"https:\/\/departamentomedicinaclinica.umh.es\/#website\"},\"primaryImageOfPage\":{\"@id\":\"https:\/\/departamentomedicinaclinica.umh.es\/2018\/11\/20\/becas-fundacion-bernabeu-a-estudiantes-de-medicina-y-biotecnologia-de-la-umh\/#primaryimage\"},\"datePublished\":\"2018-11-20T11:43:01+00:00\",\"dateModified\":\"2024-02-23T10:38:42+00:00\",\"description\":\"Departamento Medicina Cl\\u00ednica Universidad Miguel Her\\u00e1ndez - Beques Fundaci\\u00f3 Bernabeu a estudiants de medicina i biotecnologia de la UMH\",\"breadcrumb\":{\"@id\":\"https:\/\/departamentomedicinaclinica.umh.es\/2018\/11\/20\/becas-fundacion-bernabeu-a-estudiantes-de-medicina-y-biotecnologia-de-la-umh\/#breadcrumb\"},\"inLanguage\":\"ca\",\"potentialAction\":[{\"@type\":\"ReadAction\",\"target\":[\"https:\/\/departamentomedicinaclinica.umh.es\/2018\/11\/20\/becas-fundacion-bernabeu-a-estudiantes-de-medicina-y-biotecnologia-de-la-umh\/\"]}]},{\"@type\":\"BreadcrumbList\",\"@id\":\"https:\/\/departamentomedicinaclinica.umh.es\/2018\/11\/20\/becas-fundacion-bernabeu-a-estudiantes-de-medicina-y-biotecnologia-de-la-umh\/#breadcrumb\",\"itemListElement\":[{\"@type\":\"ListItem\",\"position\":1,\"name\":\"Portada\",\"item\":\"https:\/\/departamentomedicinaclinica.umh.es\/\"},{\"@type\":\"ListItem\",\"position\":2,\"name\":\"Becas Fundaci\\u00f3n Bernabeu a estudiantes de medicina y biotecnolog\\u00eda de la UMH\"}]},{\"@type\":\"Article\",\"@id\":\"https:\/\/departamentomedicinaclinica.umh.es\/2018\/11\/20\/becas-fundacion-bernabeu-a-estudiantes-de-medicina-y-biotecnologia-de-la-umh\/#article\",\"isPartOf\":{\"@id\":\"https:\/\/departamentomedicinaclinica.umh.es\/2018\/11\/20\/becas-fundacion-bernabeu-a-estudiantes-de-medicina-y-biotecnologia-de-la-umh\/#webpage\"},\"author\":{\"@id\":\"https:\/\/departamentomedicinaclinica.umh.es\/#\/schema\/person\/099410be3b90efb9f18ff7d50c078b37\"},\"headline\":\"Beques Fundaci\\u00f3 Bernabeu a estudiants de medicina i biotecnologia de la UMH\",\"datePublished\":\"2018-11-20T11:43:01+00:00\",\"dateModified\":\"2024-02-23T10:38:42+00:00\",\"mainEntityOfPage\":{\"@id\":\"https:\/\/departamentomedicinaclinica.umh.es\/2018\/11\/20\/becas-fundacion-bernabeu-a-estudiantes-de-medicina-y-biotecnologia-de-la-umh\/#webpage\"},\"wordCount\":1062,\"publisher\":{\"@id\":\"https:\/\/departamentomedicinaclinica.umh.es\/#organization\"},\"image\":{\"@id\":\"https:\/\/departamentomedicinaclinica.umh.es\/2018\/11\/20\/becas-fundacion-bernabeu-a-estudiantes-de-medicina-y-biotecnologia-de-la-umh\/#primaryimage\"},\"thumbnailUrl\":\"https:\/\/departamentomedicinaclinica.umh.es\/files\/2018\/10\/Becas-Fundacion-Bernabeu-Medicina-UMH-300x212.jpg\",\"articleSection\":[\"Sin categorizar\"],\"inLanguage\":\"ca\"},{\"@type\":\"Person\",\"@id\":\"https:\/\/departamentomedicinaclinica.umh.es\/#\/schema\/person\/099410be3b90efb9f18ff7d50c078b37\",\"name\":\"agustin.diazg\",\"image\":{\"@type\":\"ImageObject\",\"@id\":\"https:\/\/departamentomedicinaclinica.umh.es\/#personlogo\",\"inLanguage\":\"ca\",\"url\":\"https:\/\/secure.gravatar.com\/avatar\/79fb781528af67cd37d4539a04effdb2?s=96&d=mm&r=g\",\"contentUrl\":\"https:\/\/secure.gravatar.com\/avatar\/79fb781528af67cd37d4539a04effdb2?s=96&d=mm&r=g\",\"caption\":\"agustin.diazg\"},\"url\":\"https:\/\/departamentomedicinaclinica.umh.es\/ca\/author\/agustin-diazg\/\"}]}<\/script>\n<!-- \/ Yoast SEO plugin. -->","yoast_head_json":{"description":"Departamento Medicina Cl\u00ednica Universidad Miguel Her\u00e1ndez - Beques Fundaci\u00f3 Bernabeu a estudiants de medicina i biotecnologia de la UMH","robots":{"index":"index","follow":"follow","max-snippet":"max-snippet:-1","max-image-preview":"max-image-preview:large","max-video-preview":"max-video-preview:-1"},"canonical":"https:\/\/departamentomedicinaclinica.umh.es\/ca\/2018\/11\/20\/becas-fundacion-bernabeu-a-estudiantes-de-medicina-y-biotecnologia-de-la-umh\/","og_locale":"ca_ES","og_type":"article","og_title":"Beques Fundaci\u00f3 Bernabeu a estudiants de medicina i biotecnologia de la UMH - Departamento de Medicina Cl\u00ednica UMH","og_description":"Departamento Medicina Cl\u00ednica Universidad Miguel Her\u00e1ndez - Beques Fundaci\u00f3 Bernabeu a estudiants de medicina i biotecnologia de la UMH","og_url":"https:\/\/departamentomedicinaclinica.umh.es\/2018\/11\/20\/becas-fundacion-bernabeu-a-estudiantes-de-medicina-y-biotecnologia-de-la-umh\/","og_site_name":"Departamento de Medicina Cl\u00ednica UMH","article_published_time":"2018-11-20T11:43:01+00:00","article_modified_time":"2024-02-23T10:38:42+00:00","og_image":[{"url":"https:\/\/departamentomedicinaclinica.umh.es\/files\/2018\/10\/Becas-Fundacion-Bernabeu-Medicina-UMH-300x212.jpg"}],"twitter_card":"summary_large_image","twitter_creator":"@medicinaumh","twitter_site":"@medicinaumh","twitter_misc":{"Written by":"agustin.diazg","Est. reading time":"5 minuts"},"schema":{"@context":"https:\/\/schema.org","@graph":[{"@type":"Organization","@id":"https:\/\/departamentomedicinaclinica.umh.es\/#organization","name":"Departamento Medicina Cl\u00ednica Universidad Miguel Hern\u00e1ndez de Elche","url":"https:\/\/departamentomedicinaclinica.umh.es\/","sameAs":["https:\/\/www.youtube.com\/playlist?list=PLClKgnzRFYe6Y_i4QLNSlOwsZn0X3Klmb","https:\/\/twitter.com\/medicinaumh"],"logo":{"@type":"ImageObject","@id":"https:\/\/departamentomedicinaclinica.umh.es\/#logo","inLanguage":"ca","url":"https:\/\/departamentomedicinaclinica.umh.es\/files\/2024\/07\/meclin-vertical.png","contentUrl":"https:\/\/departamentomedicinaclinica.umh.es\/files\/2024\/07\/meclin-vertical.png","width":1376,"height":1600,"caption":"Departamento Medicina Cl\u00ednica Universidad Miguel Hern\u00e1ndez de Elche"},"image":{"@id":"https:\/\/departamentomedicinaclinica.umh.es\/#logo"}},{"@type":"WebSite","@id":"https:\/\/departamentomedicinaclinica.umh.es\/#website","url":"https:\/\/departamentomedicinaclinica.umh.es\/","name":"Departamento de Medicina Cl\u00ednica UMH","description":"Otro sitio m\u00e1s de Zeus.umh.es Blogs","publisher":{"@id":"https:\/\/departamentomedicinaclinica.umh.es\/#organization"},"potentialAction":[{"@type":"SearchAction","target":{"@type":"EntryPoint","urlTemplate":"https:\/\/departamentomedicinaclinica.umh.es\/?s={search_term_string}"},"query-input":"required name=search_term_string"}],"inLanguage":"ca"},{"@type":"ImageObject","@id":"https:\/\/departamentomedicinaclinica.umh.es\/2018\/11\/20\/becas-fundacion-bernabeu-a-estudiantes-de-medicina-y-biotecnologia-de-la-umh\/#primaryimage","inLanguage":"ca","url":"https:\/\/departamentomedicinaclinica.umh.es\/files\/2018\/10\/Becas-Fundacion-Bernabeu-Medicina-UMH.jpg","contentUrl":"https:\/\/departamentomedicinaclinica.umh.es\/files\/2018\/10\/Becas-Fundacion-Bernabeu-Medicina-UMH.jpg","width":2048,"height":1448,"caption":"Alumnos becas Fundaci\u00f3 -Bernabeu Medicina UMH"},{"@type":"WebPage","@id":"https:\/\/departamentomedicinaclinica.umh.es\/2018\/11\/20\/becas-fundacion-bernabeu-a-estudiantes-de-medicina-y-biotecnologia-de-la-umh\/#webpage","url":"https:\/\/departamentomedicinaclinica.umh.es\/2018\/11\/20\/becas-fundacion-bernabeu-a-estudiantes-de-medicina-y-biotecnologia-de-la-umh\/","name":"Beques Fundaci\u00f3 Bernabeu a estudiants de medicina i biotecnologia de la UMH - Departamento de Medicina Cl\u00ednica UMH","isPartOf":{"@id":"https:\/\/departamentomedicinaclinica.umh.es\/#website"},"primaryImageOfPage":{"@id":"https:\/\/departamentomedicinaclinica.umh.es\/2018\/11\/20\/becas-fundacion-bernabeu-a-estudiantes-de-medicina-y-biotecnologia-de-la-umh\/#primaryimage"},"datePublished":"2018-11-20T11:43:01+00:00","dateModified":"2024-02-23T10:38:42+00:00","description":"Departamento Medicina Cl\u00ednica Universidad Miguel Her\u00e1ndez - Beques Fundaci\u00f3 Bernabeu a estudiants de medicina i biotecnologia de la UMH","breadcrumb":{"@id":"https:\/\/departamentomedicinaclinica.umh.es\/2018\/11\/20\/becas-fundacion-bernabeu-a-estudiantes-de-medicina-y-biotecnologia-de-la-umh\/#breadcrumb"},"inLanguage":"ca","potentialAction":[{"@type":"ReadAction","target":["https:\/\/departamentomedicinaclinica.umh.es\/2018\/11\/20\/becas-fundacion-bernabeu-a-estudiantes-de-medicina-y-biotecnologia-de-la-umh\/"]}]},{"@type":"BreadcrumbList","@id":"https:\/\/departamentomedicinaclinica.umh.es\/2018\/11\/20\/becas-fundacion-bernabeu-a-estudiantes-de-medicina-y-biotecnologia-de-la-umh\/#breadcrumb","itemListElement":[{"@type":"ListItem","position":1,"name":"Portada","item":"https:\/\/departamentomedicinaclinica.umh.es\/"},{"@type":"ListItem","position":2,"name":"Becas Fundaci\u00f3n Bernabeu a estudiantes de medicina y biotecnolog\u00eda de la UMH"}]},{"@type":"Article","@id":"https:\/\/departamentomedicinaclinica.umh.es\/2018\/11\/20\/becas-fundacion-bernabeu-a-estudiantes-de-medicina-y-biotecnologia-de-la-umh\/#article","isPartOf":{"@id":"https:\/\/departamentomedicinaclinica.umh.es\/2018\/11\/20\/becas-fundacion-bernabeu-a-estudiantes-de-medicina-y-biotecnologia-de-la-umh\/#webpage"},"author":{"@id":"https:\/\/departamentomedicinaclinica.umh.es\/#\/schema\/person\/099410be3b90efb9f18ff7d50c078b37"},"headline":"Beques Fundaci\u00f3 Bernabeu a estudiants de medicina i biotecnologia de la UMH","datePublished":"2018-11-20T11:43:01+00:00","dateModified":"2024-02-23T10:38:42+00:00","mainEntityOfPage":{"@id":"https:\/\/departamentomedicinaclinica.umh.es\/2018\/11\/20\/becas-fundacion-bernabeu-a-estudiantes-de-medicina-y-biotecnologia-de-la-umh\/#webpage"},"wordCount":1062,"publisher":{"@id":"https:\/\/departamentomedicinaclinica.umh.es\/#organization"},"image":{"@id":"https:\/\/departamentomedicinaclinica.umh.es\/2018\/11\/20\/becas-fundacion-bernabeu-a-estudiantes-de-medicina-y-biotecnologia-de-la-umh\/#primaryimage"},"thumbnailUrl":"https:\/\/departamentomedicinaclinica.umh.es\/files\/2018\/10\/Becas-Fundacion-Bernabeu-Medicina-UMH-300x212.jpg","articleSection":["Sin categorizar"],"inLanguage":"ca"},{"@type":"Person","@id":"https:\/\/departamentomedicinaclinica.umh.es\/#\/schema\/person\/099410be3b90efb9f18ff7d50c078b37","name":"agustin.diazg","image":{"@type":"ImageObject","@id":"https:\/\/departamentomedicinaclinica.umh.es\/#personlogo","inLanguage":"ca","url":"https:\/\/secure.gravatar.com\/avatar\/79fb781528af67cd37d4539a04effdb2?s=96&d=mm&r=g","contentUrl":"https:\/\/secure.gravatar.com\/avatar\/79fb781528af67cd37d4539a04effdb2?s=96&d=mm&r=g","caption":"agustin.diazg"},"url":"https:\/\/departamentomedicinaclinica.umh.es\/ca\/author\/agustin-diazg\/"}]}},"_links":{"self":[{"href":"https:\/\/departamentomedicinaclinica.umh.es\/ca\/wp-json\/wp\/v2\/posts\/26074"}],"collection":[{"href":"https:\/\/departamentomedicinaclinica.umh.es\/ca\/wp-json\/wp\/v2\/posts"}],"about":[{"href":"https:\/\/departamentomedicinaclinica.umh.es\/ca\/wp-json\/wp\/v2\/types\/post"}],"author":[{"embeddable":true,"href":"https:\/\/departamentomedicinaclinica.umh.es\/ca\/wp-json\/wp\/v2\/users\/3782"}],"replies":[{"embeddable":true,"href":"https:\/\/departamentomedicinaclinica.umh.es\/ca\/wp-json\/wp\/v2\/comments?post=26074"}],"version-history":[{"count":0,"href":"https:\/\/departamentomedicinaclinica.umh.es\/ca\/wp-json\/wp\/v2\/posts\/26074\/revisions"}],"wp:attachment":[{"href":"https:\/\/departamentomedicinaclinica.umh.es\/ca\/wp-json\/wp\/v2\/media?parent=26074"}],"wp:term":[{"taxonomy":"category","embeddable":true,"href":"https:\/\/departamentomedicinaclinica.umh.es\/ca\/wp-json\/wp\/v2\/categories?post=26074"},{"taxonomy":"post_tag","embeddable":true,"href":"https:\/\/departamentomedicinaclinica.umh.es\/ca\/wp-json\/wp\/v2\/tags?post=26074"}],"curies":[{"name":"wp","href":"https:\/\/api.w.org\/{rel}","templated":true}]}}