{"id":3537,"date":"2015-03-09T12:34:32","date_gmt":"2015-03-09T12:34:32","guid":{"rendered":"http:\/\/www.departamentomedicinaclinicaumh.es\/?p=3537"},"modified":"2024-02-23T10:38:54","modified_gmt":"2024-02-23T10:38:54","slug":"jornadas-de-historia-de-la-medicina-umh","status":"publish","type":"post","link":"https:\/\/departamentomedicinaclinica.umh.es\/ca\/2015\/03\/09\/jornadas-de-historia-de-la-medicina-umh\/","title":{"rendered":"Jornades d\u2019Hist\u00f2ria de la medicina i antropologia m\u00e8dica \u201cbogeria i modernitat\u201d en la UMH"},"content":{"rendered":"<p><\/p>\n<p>L&#8217;\u00c0rea d&#8217;Hist\u00f2ria de la Ci\u00e8ncia de la Universitat Miguel Hern\u00e1ndez d&#8217;Elx (UMH) organitza les pr\u00f2ximes Jornades d&#8217;Hist\u00f2ria de la Medicina i Antropologia M\u00e8dica &#8220;Bogeria i Modernitat&#8221;. Al llarg de l&#8217;activitat, diversos professionals <!--more-->abordaran q\u00fcestions relacionades amb la bogeria i la criminalitat, la dimensi\u00f3 de l&#8217;antropologia en els diagn\u00f2stics psiqui\u00e0trics, la representaci\u00f3 de la bogeria en mitjans de comunicaci\u00f3, la hist\u00f2ria de l&#8217;assist\u00e8ncia psiqui\u00e0trica, l&#8217;atenci\u00f3 a la salut mental a la Comunitat Valenciana o quin \u00e9s la funci\u00f3 de les Unitats d&#8217;Hospitalitzaci\u00f3 en les Xarxes de Salut Mental. Aquestes Jornades tindran lloc el <strong>4 i 5 de mar\u00e7<\/strong> a partir de les <strong>16:00 hores<\/strong> en el\u00a0<a title=\"ho veur\u00e0s en una nova finestra\" href=\"http:\/\/cegeca.umh.es\/cgc-san-juan\/ubicacion\/\" target=\"_blank\" rel=\"noopener\">Sal\u00f3 de Graus de l&#8217;edifici Francisco Javier Balmis<\/a> del campus de Sant Joan d&#8217;Alacant UMH.<\/p>\n<p>La celebraci\u00f3 de les Jornades coincideix amb l&#8217;exposici\u00f3 &#8220;Bogeria i modernitat. Espais, pr\u00e0ctiques i sabers&#8221;. Aix\u00ed mateix, durant aqueixos dies participaran experts, professionals i especialistes en hist\u00f2ria i antropologia de la psiquiatria com:<br \/>\n&nbsp;<\/p>\n<ul>\n<li>El professor de l&#8217;\u00c0rea d&#8217;Hist\u00f2ria de la Ci\u00e8ncia de la UMH <strong>Enric Novella<\/strong>,<\/li>\n<li>El psiquiatre i professor de l&#8217;\u00c0rea de Psiquiatria de la Universitat\u00a0<strong>Bartolom\u00e9<\/strong> <strong>P\u00e9rez G\u00e1lvez<\/strong>,<\/li>\n<li>Els professors de la Universitat Rovira i Virgili<strong> Josep Maria Comelle<\/strong>s y <strong>\u00c1ngel Mart\u00ednez Hern\u00e1ez<\/strong>,<\/li>\n<li>L&#8217;investigador del Consell Superior de Recerques Cient\u00edfiques (CSIC)\u00a0<strong>Ricardo Campos Mar\u00edn<\/strong>.<\/li>\n<li>I el cap del Servei de Psiquiatria de l&#8217;Hospital Universitari de Sant Joan d\u2019Alacant, <strong>Vicente Elvira Crua\u00f1es<\/strong>.<\/li>\n<\/ul>\n<h2><strong>\u00bfQui\u00e9n se encarga de clausurar las Jornadas de Historia de la Medicina y Antropolog\u00eda M\u00e9dica \u00abLocura y Modernidad\u00bb?<\/strong><\/h2>\n<p>El deg\u00e0 de la <strong><a href=\"http:\/\/www.departamentomedicinaclinica.edu.umh.es\/ca\/estudios\/\" title=\"Ho veur\u00e0s en una nova finestra\" rel=\"noopener\" target=\"_blank\">Facultat de Medicina de la UMH<\/a><\/strong>, Antonio Compa\u00f1, s&#8217;encarregar\u00e0 de clausurar l&#8217;acte al costat de la catedr\u00e0tica d&#8217;Hist\u00f2ria de la Ci\u00e8ncia de la UMH, Rosa Ballester, i l&#8217;especialista i docent en l&#8217;\u00e0mbit de la Salut Mental Mar\u00eda Angoixes Oliveras.<br \/>\nL&#8217;activitat s&#8217;integra dins de la programaci\u00f3 del <a title=\"ho veur\u00e0s en una nova finestra\" href=\"http:\/\/www.umh.es\/contenido\/Estudios\/:tit_m_236\/datos_es.html\" target=\"_blank\" rel=\"noopener\"><strong>M\u00e0ster Interuniversitari en Hist\u00f2ria de la Ci\u00e8ncia i Comunicaci\u00f3 Cient\u00edfica<\/strong><\/a>\u00a0i el <a title=\"ho veur\u00e0s en una nova finestra\" href=\"http:\/\/www.umh.es\/contenido\/Estudios\/:tit_d_220\/datos_es.html\" target=\"_blank\" rel=\"noopener\"><strong>Programa de Doctorat en Estudis Hist\u00f2rics i Socials sobre Ci\u00e8ncia, Medicina i Comunicaci\u00f3 Cient\u00edfica<\/strong><\/a>.\u00a0A m\u00e9s, compta amb l&#8217;ajuda del <strong>Grup Alacant d&#8217;Estudis Avan\u00e7ats d&#8217;Hist\u00f2ria de la Medicina i de la Salut, UMH\/UA (GADEA)<\/strong>, per mitj\u00e0 del Programa Prometeu per a grups de Recerca d&#8217;Excel\u00b7l\u00e8ncia de la Comunitat Valenciana.<br \/>\nPer assistir a aquestes jornades es concedeixen <strong>0,5 cr\u00e8dits ECTS<\/strong> de compet\u00e8ncies transversals per a estudiants de grau i, <strong>1,2 cr\u00e8dits de lliure elecci\u00f3<\/strong> per als estudiants de llicenciatures o de diplomatures.<br \/>\nConsulta el programa<a title=\"ho veur\u00e0s en una nova finestra\" href=\"http:\/\/comunicacion.umh.es\/files\/2015\/03\/03-03-15-Jornadas-Locura-y-Modernidad.pdf\" target=\"_blank\" rel=\"noopener\"> ac\u00ed<\/a>.<br \/>\nInscripcions gratu\u00eftes enviant un email a\u00a0<a title=\"ho veur\u00e0s en una nova finestra\" href=\"mailto:locuraymodernidad@gmail.com\">locuraymodernidad@gmail.com<\/a><\/p>","protected":false},"excerpt":{"rendered":"<p>Ho sentim, aquesta entrada es troba disponible \u00fanicament en Espanyol Europeu.<\/p>\n","protected":false},"author":3158,"featured_media":3539,"comment_status":"closed","ping_status":"open","sticky":false,"template":"","format":"standard","meta":{"_links_to":"","_links_to_target":""},"categories":[988062],"tags":[1016759,1074002,1211792,1213022],"yoast_head":"<!-- This site is optimized with the Yoast SEO plugin v17.5 - https:\/\/yoast.com\/wordpress\/plugins\/seo\/ -->\n<meta name=\"description\" content=\"\u00a0L&#039;\u00e0rea d&#039;Hist\u00f2ria de la ci\u00e8ncia de la UMH organitza les revistes d&#039;hist\u00f2ria de la Medicina i Antropologia m\u00e8dica &quot;bogeria i modernitat&quot; a la UMH.\" \/>\n<meta name=\"robots\" content=\"index, follow, max-snippet:-1, max-image-preview:large, max-video-preview:-1\" \/>\n<link rel=\"canonical\" href=\"https:\/\/departamentomedicinaclinica.umh.es\/ca\/2015\/03\/09\/jornadas-de-historia-de-la-medicina-umh\/\" \/>\n<meta property=\"og:locale\" content=\"ca_ES\" \/>\n<meta property=\"og:type\" content=\"article\" \/>\n<meta property=\"og:title\" content=\"Jornades d\u2019Hist\u00f2ria de la medicina i antropologia m\u00e8dica \u201cbogeria i modernitat\u201d en la UMH - Departamento de Medicina Cl\u00ednica UMH\" \/>\n<meta property=\"og:description\" content=\"\u00a0L&#039;\u00e0rea d&#039;Hist\u00f2ria de la ci\u00e8ncia de la UMH organitza les revistes d&#039;hist\u00f2ria de la Medicina i Antropologia m\u00e8dica &quot;bogeria i modernitat&quot; a la UMH.\" \/>\n<meta property=\"og:url\" content=\"https:\/\/departamentomedicinaclinica.umh.es\/2015\/03\/09\/jornadas-de-historia-de-la-medicina-umh\/\" \/>\n<meta property=\"og:site_name\" content=\"Departamento de Medicina Cl\u00ednica UMH\" \/>\n<meta property=\"article:published_time\" content=\"2015-03-09T12:34:32+00:00\" \/>\n<meta property=\"article:modified_time\" content=\"2024-02-23T10:38:54+00:00\" \/>\n<meta property=\"og:image\" content=\"https:\/\/departamentomedicinaclinica.umh.es\/files\/2015\/03\/JornadasdeHistoriadelaMedicinayAntropologiaMedica.jpg\" \/>\n\t<meta property=\"og:image:width\" content=\"547\" \/>\n\t<meta property=\"og:image:height\" content=\"333\" \/>\n<meta name=\"twitter:card\" content=\"summary_large_image\" \/>\n<meta name=\"twitter:creator\" content=\"@medicinaumh\" \/>\n<meta name=\"twitter:site\" content=\"@medicinaumh\" \/>\n<meta name=\"twitter:label1\" content=\"Written by\" \/>\n\t<meta name=\"twitter:data1\" content=\"garcia.natalia\" \/>\n\t<meta name=\"twitter:label2\" content=\"Est. reading time\" \/>\n\t<meta name=\"twitter:data2\" content=\"7 minuts\" \/>\n<script type=\"application\/ld+json\" class=\"yoast-schema-graph\">{\"@context\":\"https:\/\/schema.org\",\"@graph\":[{\"@type\":\"Organization\",\"@id\":\"https:\/\/departamentomedicinaclinica.umh.es\/#organization\",\"name\":\"Departamento Medicina Cl\\u00ednica Universidad Miguel Hern\\u00e1ndez de Elche\",\"url\":\"https:\/\/departamentomedicinaclinica.umh.es\/\",\"sameAs\":[\"https:\/\/www.youtube.com\/playlist?list=PLClKgnzRFYe6Y_i4QLNSlOwsZn0X3Klmb\",\"https:\/\/twitter.com\/medicinaumh\"],\"logo\":{\"@type\":\"ImageObject\",\"@id\":\"https:\/\/departamentomedicinaclinica.umh.es\/#logo\",\"inLanguage\":\"ca\",\"url\":\"https:\/\/departamentomedicinaclinica.umh.es\/files\/2024\/07\/meclin-vertical.png\",\"contentUrl\":\"https:\/\/departamentomedicinaclinica.umh.es\/files\/2024\/07\/meclin-vertical.png\",\"width\":1376,\"height\":1600,\"caption\":\"Departamento Medicina Cl\\u00ednica Universidad Miguel Hern\\u00e1ndez de Elche\"},\"image\":{\"@id\":\"https:\/\/departamentomedicinaclinica.umh.es\/#logo\"}},{\"@type\":\"WebSite\",\"@id\":\"https:\/\/departamentomedicinaclinica.umh.es\/#website\",\"url\":\"https:\/\/departamentomedicinaclinica.umh.es\/\",\"name\":\"Departamento de Medicina Cl\\u00ednica UMH\",\"description\":\"Otro sitio m\\u00e1s de Zeus.umh.es Blogs\",\"publisher\":{\"@id\":\"https:\/\/departamentomedicinaclinica.umh.es\/#organization\"},\"potentialAction\":[{\"@type\":\"SearchAction\",\"target\":{\"@type\":\"EntryPoint\",\"urlTemplate\":\"https:\/\/departamentomedicinaclinica.umh.es\/?s={search_term_string}\"},\"query-input\":\"required name=search_term_string\"}],\"inLanguage\":\"ca\"},{\"@type\":\"ImageObject\",\"@id\":\"https:\/\/departamentomedicinaclinica.umh.es\/2015\/03\/09\/jornadas-de-historia-de-la-medicina-umh\/#primaryimage\",\"inLanguage\":\"ca\",\"url\":\"https:\/\/departamentomedicinaclinica.umh.es\/files\/2015\/03\/JornadasdeHistoriadelaMedicinayAntropologiaMedica.jpg\",\"contentUrl\":\"https:\/\/departamentomedicinaclinica.umh.es\/files\/2015\/03\/JornadasdeHistoriadelaMedicinayAntropologiaMedica.jpg\",\"width\":547,\"height\":333,\"caption\":\"Banner Jornadas de Historia de la Medicina y Antropolog\\u00eda M\\u00e9dica UMH\"},{\"@type\":\"WebPage\",\"@id\":\"https:\/\/departamentomedicinaclinica.umh.es\/2015\/03\/09\/jornadas-de-historia-de-la-medicina-umh\/#webpage\",\"url\":\"https:\/\/departamentomedicinaclinica.umh.es\/2015\/03\/09\/jornadas-de-historia-de-la-medicina-umh\/\",\"name\":\"Jornades d\\u2019Hist\\u00f2ria de la medicina i antropologia m\\u00e8dica \\u201cbogeria i modernitat\\u201d en la UMH - Departamento de Medicina Cl\\u00ednica UMH\",\"isPartOf\":{\"@id\":\"https:\/\/departamentomedicinaclinica.umh.es\/#website\"},\"primaryImageOfPage\":{\"@id\":\"https:\/\/departamentomedicinaclinica.umh.es\/2015\/03\/09\/jornadas-de-historia-de-la-medicina-umh\/#primaryimage\"},\"datePublished\":\"2015-03-09T12:34:32+00:00\",\"dateModified\":\"2024-02-23T10:38:54+00:00\",\"description\":\"\\u00a0L'\\u00e0rea d'Hist\\u00f2ria de la ci\\u00e8ncia de la UMH organitza les revistes d'hist\\u00f2ria de la Medicina i Antropologia m\\u00e8dica \\\"bogeria i modernitat\\\" a la UMH.\",\"breadcrumb\":{\"@id\":\"https:\/\/departamentomedicinaclinica.umh.es\/2015\/03\/09\/jornadas-de-historia-de-la-medicina-umh\/#breadcrumb\"},\"inLanguage\":\"ca\",\"potentialAction\":[{\"@type\":\"ReadAction\",\"target\":[\"https:\/\/departamentomedicinaclinica.umh.es\/2015\/03\/09\/jornadas-de-historia-de-la-medicina-umh\/\"]}]},{\"@type\":\"BreadcrumbList\",\"@id\":\"https:\/\/departamentomedicinaclinica.umh.es\/2015\/03\/09\/jornadas-de-historia-de-la-medicina-umh\/#breadcrumb\",\"itemListElement\":[{\"@type\":\"ListItem\",\"position\":1,\"name\":\"Portada\",\"item\":\"https:\/\/departamentomedicinaclinica.umh.es\/\"},{\"@type\":\"ListItem\",\"position\":2,\"name\":\"Jornadas de Historia de la medicina y antropolog\\u00eda m\\u00e9dica &quot;locura y modernidad&quot; en la UMH\"}]},{\"@type\":\"Article\",\"@id\":\"https:\/\/departamentomedicinaclinica.umh.es\/2015\/03\/09\/jornadas-de-historia-de-la-medicina-umh\/#article\",\"isPartOf\":{\"@id\":\"https:\/\/departamentomedicinaclinica.umh.es\/2015\/03\/09\/jornadas-de-historia-de-la-medicina-umh\/#webpage\"},\"author\":{\"@id\":\"https:\/\/departamentomedicinaclinica.umh.es\/#\/schema\/person\/4cce65f000b37391eb0fdba785a882b9\"},\"headline\":\"Jornades d\\u2019Hist\\u00f2ria de la medicina i antropologia m\\u00e8dica \\u201cbogeria i modernitat\\u201d en la UMH\",\"datePublished\":\"2015-03-09T12:34:32+00:00\",\"dateModified\":\"2024-02-23T10:38:54+00:00\",\"mainEntityOfPage\":{\"@id\":\"https:\/\/departamentomedicinaclinica.umh.es\/2015\/03\/09\/jornadas-de-historia-de-la-medicina-umh\/#webpage\"},\"wordCount\":1384,\"publisher\":{\"@id\":\"https:\/\/departamentomedicinaclinica.umh.es\/#organization\"},\"image\":{\"@id\":\"https:\/\/departamentomedicinaclinica.umh.es\/2015\/03\/09\/jornadas-de-historia-de-la-medicina-umh\/#primaryimage\"},\"thumbnailUrl\":\"https:\/\/departamentomedicinaclinica.umh.es\/files\/2015\/03\/JornadasdeHistoriadelaMedicinayAntropologiaMedica.jpg\",\"keywords\":[\"Antropolog\\u00eda M\\u00e9dica Alicante\",\"Congreso Historia Medicina Alicante\",\"Jornadas Antropolog\\u00eda M\\u00e9dica\",\"Jornadas Historia Medicina Alicante\"],\"articleSection\":[\"Congresos\"],\"inLanguage\":\"ca\"},{\"@type\":\"Person\",\"@id\":\"https:\/\/departamentomedicinaclinica.umh.es\/#\/schema\/person\/4cce65f000b37391eb0fdba785a882b9\",\"name\":\"garcia.natalia\",\"image\":{\"@type\":\"ImageObject\",\"@id\":\"https:\/\/departamentomedicinaclinica.umh.es\/#personlogo\",\"inLanguage\":\"ca\",\"url\":\"https:\/\/secure.gravatar.com\/avatar\/2f6b18e6f874050af9faeeac24349c8c?s=96&d=mm&r=g\",\"contentUrl\":\"https:\/\/secure.gravatar.com\/avatar\/2f6b18e6f874050af9faeeac24349c8c?s=96&d=mm&r=g\",\"caption\":\"garcia.natalia\"},\"url\":\"https:\/\/departamentomedicinaclinica.umh.es\/ca\/author\/garcia-natalia\/\"}]}<\/script>\n<!-- \/ Yoast SEO plugin. -->","yoast_head_json":{"description":"\u00a0L'\u00e0rea d'Hist\u00f2ria de la ci\u00e8ncia de la UMH organitza les revistes d'hist\u00f2ria de la Medicina i Antropologia m\u00e8dica \"bogeria i modernitat\" a la UMH.","robots":{"index":"index","follow":"follow","max-snippet":"max-snippet:-1","max-image-preview":"max-image-preview:large","max-video-preview":"max-video-preview:-1"},"canonical":"https:\/\/departamentomedicinaclinica.umh.es\/ca\/2015\/03\/09\/jornadas-de-historia-de-la-medicina-umh\/","og_locale":"ca_ES","og_type":"article","og_title":"Jornades d\u2019Hist\u00f2ria de la medicina i antropologia m\u00e8dica \u201cbogeria i modernitat\u201d en la UMH - Departamento de Medicina Cl\u00ednica UMH","og_description":"\u00a0L'\u00e0rea d'Hist\u00f2ria de la ci\u00e8ncia de la UMH organitza les revistes d'hist\u00f2ria de la Medicina i Antropologia m\u00e8dica \"bogeria i modernitat\" a la UMH.","og_url":"https:\/\/departamentomedicinaclinica.umh.es\/2015\/03\/09\/jornadas-de-historia-de-la-medicina-umh\/","og_site_name":"Departamento de Medicina Cl\u00ednica UMH","article_published_time":"2015-03-09T12:34:32+00:00","article_modified_time":"2024-02-23T10:38:54+00:00","og_image":[{"width":547,"height":333,"url":"https:\/\/departamentomedicinaclinica.umh.es\/files\/2015\/03\/JornadasdeHistoriadelaMedicinayAntropologiaMedica.jpg","type":"image\/jpeg"}],"twitter_card":"summary_large_image","twitter_creator":"@medicinaumh","twitter_site":"@medicinaumh","twitter_misc":{"Written by":"garcia.natalia","Est. reading time":"7 minuts"},"schema":{"@context":"https:\/\/schema.org","@graph":[{"@type":"Organization","@id":"https:\/\/departamentomedicinaclinica.umh.es\/#organization","name":"Departamento Medicina Cl\u00ednica Universidad Miguel Hern\u00e1ndez de Elche","url":"https:\/\/departamentomedicinaclinica.umh.es\/","sameAs":["https:\/\/www.youtube.com\/playlist?list=PLClKgnzRFYe6Y_i4QLNSlOwsZn0X3Klmb","https:\/\/twitter.com\/medicinaumh"],"logo":{"@type":"ImageObject","@id":"https:\/\/departamentomedicinaclinica.umh.es\/#logo","inLanguage":"ca","url":"https:\/\/departamentomedicinaclinica.umh.es\/files\/2024\/07\/meclin-vertical.png","contentUrl":"https:\/\/departamentomedicinaclinica.umh.es\/files\/2024\/07\/meclin-vertical.png","width":1376,"height":1600,"caption":"Departamento Medicina Cl\u00ednica Universidad Miguel Hern\u00e1ndez de Elche"},"image":{"@id":"https:\/\/departamentomedicinaclinica.umh.es\/#logo"}},{"@type":"WebSite","@id":"https:\/\/departamentomedicinaclinica.umh.es\/#website","url":"https:\/\/departamentomedicinaclinica.umh.es\/","name":"Departamento de Medicina Cl\u00ednica UMH","description":"Otro sitio m\u00e1s de Zeus.umh.es Blogs","publisher":{"@id":"https:\/\/departamentomedicinaclinica.umh.es\/#organization"},"potentialAction":[{"@type":"SearchAction","target":{"@type":"EntryPoint","urlTemplate":"https:\/\/departamentomedicinaclinica.umh.es\/?s={search_term_string}"},"query-input":"required name=search_term_string"}],"inLanguage":"ca"},{"@type":"ImageObject","@id":"https:\/\/departamentomedicinaclinica.umh.es\/2015\/03\/09\/jornadas-de-historia-de-la-medicina-umh\/#primaryimage","inLanguage":"ca","url":"https:\/\/departamentomedicinaclinica.umh.es\/files\/2015\/03\/JornadasdeHistoriadelaMedicinayAntropologiaMedica.jpg","contentUrl":"https:\/\/departamentomedicinaclinica.umh.es\/files\/2015\/03\/JornadasdeHistoriadelaMedicinayAntropologiaMedica.jpg","width":547,"height":333,"caption":"Banner Jornadas de Historia de la Medicina y Antropolog\u00eda M\u00e9dica UMH"},{"@type":"WebPage","@id":"https:\/\/departamentomedicinaclinica.umh.es\/2015\/03\/09\/jornadas-de-historia-de-la-medicina-umh\/#webpage","url":"https:\/\/departamentomedicinaclinica.umh.es\/2015\/03\/09\/jornadas-de-historia-de-la-medicina-umh\/","name":"Jornades d\u2019Hist\u00f2ria de la medicina i antropologia m\u00e8dica \u201cbogeria i modernitat\u201d en la UMH - Departamento de Medicina Cl\u00ednica UMH","isPartOf":{"@id":"https:\/\/departamentomedicinaclinica.umh.es\/#website"},"primaryImageOfPage":{"@id":"https:\/\/departamentomedicinaclinica.umh.es\/2015\/03\/09\/jornadas-de-historia-de-la-medicina-umh\/#primaryimage"},"datePublished":"2015-03-09T12:34:32+00:00","dateModified":"2024-02-23T10:38:54+00:00","description":"\u00a0L'\u00e0rea d'Hist\u00f2ria de la ci\u00e8ncia de la UMH organitza les revistes d'hist\u00f2ria de la Medicina i Antropologia m\u00e8dica \"bogeria i modernitat\" a la UMH.","breadcrumb":{"@id":"https:\/\/departamentomedicinaclinica.umh.es\/2015\/03\/09\/jornadas-de-historia-de-la-medicina-umh\/#breadcrumb"},"inLanguage":"ca","potentialAction":[{"@type":"ReadAction","target":["https:\/\/departamentomedicinaclinica.umh.es\/2015\/03\/09\/jornadas-de-historia-de-la-medicina-umh\/"]}]},{"@type":"BreadcrumbList","@id":"https:\/\/departamentomedicinaclinica.umh.es\/2015\/03\/09\/jornadas-de-historia-de-la-medicina-umh\/#breadcrumb","itemListElement":[{"@type":"ListItem","position":1,"name":"Portada","item":"https:\/\/departamentomedicinaclinica.umh.es\/"},{"@type":"ListItem","position":2,"name":"Jornadas de Historia de la medicina y antropolog\u00eda m\u00e9dica &quot;locura y modernidad&quot; en la UMH"}]},{"@type":"Article","@id":"https:\/\/departamentomedicinaclinica.umh.es\/2015\/03\/09\/jornadas-de-historia-de-la-medicina-umh\/#article","isPartOf":{"@id":"https:\/\/departamentomedicinaclinica.umh.es\/2015\/03\/09\/jornadas-de-historia-de-la-medicina-umh\/#webpage"},"author":{"@id":"https:\/\/departamentomedicinaclinica.umh.es\/#\/schema\/person\/4cce65f000b37391eb0fdba785a882b9"},"headline":"Jornades d\u2019Hist\u00f2ria de la medicina i antropologia m\u00e8dica \u201cbogeria i modernitat\u201d en la UMH","datePublished":"2015-03-09T12:34:32+00:00","dateModified":"2024-02-23T10:38:54+00:00","mainEntityOfPage":{"@id":"https:\/\/departamentomedicinaclinica.umh.es\/2015\/03\/09\/jornadas-de-historia-de-la-medicina-umh\/#webpage"},"wordCount":1384,"publisher":{"@id":"https:\/\/departamentomedicinaclinica.umh.es\/#organization"},"image":{"@id":"https:\/\/departamentomedicinaclinica.umh.es\/2015\/03\/09\/jornadas-de-historia-de-la-medicina-umh\/#primaryimage"},"thumbnailUrl":"https:\/\/departamentomedicinaclinica.umh.es\/files\/2015\/03\/JornadasdeHistoriadelaMedicinayAntropologiaMedica.jpg","keywords":["Antropolog\u00eda M\u00e9dica Alicante","Congreso Historia Medicina Alicante","Jornadas Antropolog\u00eda M\u00e9dica","Jornadas Historia Medicina Alicante"],"articleSection":["Congresos"],"inLanguage":"ca"},{"@type":"Person","@id":"https:\/\/departamentomedicinaclinica.umh.es\/#\/schema\/person\/4cce65f000b37391eb0fdba785a882b9","name":"garcia.natalia","image":{"@type":"ImageObject","@id":"https:\/\/departamentomedicinaclinica.umh.es\/#personlogo","inLanguage":"ca","url":"https:\/\/secure.gravatar.com\/avatar\/2f6b18e6f874050af9faeeac24349c8c?s=96&d=mm&r=g","contentUrl":"https:\/\/secure.gravatar.com\/avatar\/2f6b18e6f874050af9faeeac24349c8c?s=96&d=mm&r=g","caption":"garcia.natalia"},"url":"https:\/\/departamentomedicinaclinica.umh.es\/ca\/author\/garcia-natalia\/"}]}},"_links":{"self":[{"href":"https:\/\/departamentomedicinaclinica.umh.es\/ca\/wp-json\/wp\/v2\/posts\/3537"}],"collection":[{"href":"https:\/\/departamentomedicinaclinica.umh.es\/ca\/wp-json\/wp\/v2\/posts"}],"about":[{"href":"https:\/\/departamentomedicinaclinica.umh.es\/ca\/wp-json\/wp\/v2\/types\/post"}],"author":[{"embeddable":true,"href":"https:\/\/departamentomedicinaclinica.umh.es\/ca\/wp-json\/wp\/v2\/users\/3158"}],"replies":[{"embeddable":true,"href":"https:\/\/departamentomedicinaclinica.umh.es\/ca\/wp-json\/wp\/v2\/comments?post=3537"}],"version-history":[{"count":0,"href":"https:\/\/departamentomedicinaclinica.umh.es\/ca\/wp-json\/wp\/v2\/posts\/3537\/revisions"}],"wp:featuredmedia":[{"embeddable":true,"href":"https:\/\/departamentomedicinaclinica.umh.es\/ca\/wp-json\/wp\/v2\/media\/3539"}],"wp:attachment":[{"href":"https:\/\/departamentomedicinaclinica.umh.es\/ca\/wp-json\/wp\/v2\/media?parent=3537"}],"wp:term":[{"taxonomy":"category","embeddable":true,"href":"https:\/\/departamentomedicinaclinica.umh.es\/ca\/wp-json\/wp\/v2\/categories?post=3537"},{"taxonomy":"post_tag","embeddable":true,"href":"https:\/\/departamentomedicinaclinica.umh.es\/ca\/wp-json\/wp\/v2\/tags?post=3537"}],"curies":[{"name":"wp","href":"https:\/\/api.w.org\/{rel}","templated":true}]}}