{"id":3988,"date":"2015-03-20T13:18:36","date_gmt":"2015-03-20T12:18:36","guid":{"rendered":"http:\/\/www.departamentomedicinaclinicaumh.es\/?p=3988"},"modified":"2024-02-23T10:38:54","modified_gmt":"2024-02-23T10:38:54","slug":"jornadas-mir-de-puertas-abiertas-2015","status":"publish","type":"post","link":"https:\/\/departamentomedicinaclinica.umh.es\/ca\/2015\/03\/20\/jornadas-mir-de-puertas-abiertas-2015\/","title":{"rendered":"Jornades MIR de portes obertes 2015 en l\u2019hospital de Sant Joan d\u2019Alacant"},"content":{"rendered":"<p><\/p>\n<p>Antonio Compa\u00f1, deg\u00e0 en funcions de la Facultat de Medicina de la Universitat Miguel Hern\u00e1ndez d&#8217;Elx (UMH), participar\u00e0 en la <a title=\"Pot descarregar el programa en pdf ara\" href=\"http:\/\/farmacia.umh.es\/files\/2015\/03\/JornadaMIRSantJoan.pdf\" target=\"_blank\" rel=\"noopener\"><strong>I Jornades MIR de portes obertes<\/strong><\/a> dimarts que ve 24 de mar\u00e7. La taula inaugural de la jornada<br \/>\n<!--more-->comptar\u00e0 amb la pres\u00e8ncia del <strong>professor de la UMH<\/strong> qui, des de les 10:00 h. i en el <strong>Sal\u00f3 d&#8217;Actes de l&#8217;Hospital Universitari de Sant Joan d&#8217;Alacant<\/strong>, conduir\u00e0 l&#8217;esdeveniment.<\/p>\n<h2><strong>Quin \u00e9s l&#8217;objectiu d&#8217;aquestes Jornades MIR de portes obertes?<\/strong><\/h2>\n<p>El prop\u00f2sit de les sessions se centra en els futurs m\u00e8dics residents perqu\u00e8 de primera m\u00e0 puguen <strong>con\u00e8ixer l&#8217;actual oferta formativa del centre hospitalari<\/strong>. A m\u00e9s, es dur\u00e0 a terme una <strong>visita guiada<\/strong> pel propi hospital alacant\u00ed on podran con\u00e8ixer de primera m\u00e0 alguns serveis de resid\u00e8ncia en la prov\u00edncia d&#8217;Alacant; com els de Medicina Nuclear o els d&#8217;Oncologia Radioter\u00e0pica. Les jornades pretenen ser un est\u00edmul en els seus estudis i en les seues perspectives professionals, de manera que incentiven encara m\u00e9s la seua vocaci\u00f3 m\u00e8dica. Els estudiants, per tant, seran capa\u00e7os de conviure durant unes hores amb la realitat hospital\u00e0ria oferida pel complex m\u00e8dic de Sant Joan d&#8217;Alacant, situat en el mateix campus universitari on s&#8217;imparteixen els estudis de grau en Medicina.<br \/>\nPer a ampliar informaci\u00f3 sobre les <strong>Jornades MIR de portes obertes<\/strong> pot enviar un correu a\u00a0<a title=\"ho veur\u00e0s en una nova finestra\" href=\"mailto:arriero_jma@gva.es\">arriero_jma@gva.es<\/a><\/p>","protected":false},"excerpt":{"rendered":"<p>Ho sentim, aquesta entrada es troba disponible \u00fanicament en Espanyol Europeu.<\/p>\n","protected":false},"author":3158,"featured_media":4057,"comment_status":"closed","ping_status":"open","sticky":false,"template":"","format":"standard","meta":{"_links_to":"","_links_to_target":""},"categories":[988062],"tags":[1014280,1213481,1213737,1213845,1282173,1283238,1283823,1284791],"yoast_head":"<!-- This site is optimized with the Yoast SEO plugin v17.5 - https:\/\/yoast.com\/wordpress\/plugins\/seo\/ -->\n<meta name=\"description\" content=\"Antonio\u00a0Compa\u00f1, deg\u00e0 de la Facultat de Medicina de la Universitat Miguel Hern\u00e1ndez, participar\u00e0 en la jornades MIR portes obertes el 24 de mar\u00e7.\" \/>\n<meta name=\"robots\" content=\"index, follow, max-snippet:-1, max-image-preview:large, max-video-preview:-1\" \/>\n<link rel=\"canonical\" href=\"https:\/\/departamentomedicinaclinica.umh.es\/ca\/2015\/03\/20\/jornadas-mir-de-puertas-abiertas-2015\/\" \/>\n<meta property=\"og:locale\" content=\"ca_ES\" \/>\n<meta property=\"og:type\" content=\"article\" \/>\n<meta property=\"og:title\" content=\"Jornades MIR de portes obertes 2015 en l\u2019hospital de Sant Joan d\u2019Alacant - Departamento de Medicina Cl\u00ednica UMH\" \/>\n<meta property=\"og:description\" content=\"Antonio\u00a0Compa\u00f1, deg\u00e0 de la Facultat de Medicina de la Universitat Miguel Hern\u00e1ndez, participar\u00e0 en la jornades MIR portes obertes el 24 de mar\u00e7.\" \/>\n<meta property=\"og:url\" content=\"https:\/\/departamentomedicinaclinica.umh.es\/2015\/03\/20\/jornadas-mir-de-puertas-abiertas-2015\/\" \/>\n<meta property=\"og:site_name\" content=\"Departamento de Medicina Cl\u00ednica UMH\" \/>\n<meta property=\"article:published_time\" content=\"2015-03-20T12:18:36+00:00\" \/>\n<meta property=\"article:modified_time\" content=\"2024-02-23T10:38:54+00:00\" \/>\n<meta property=\"og:image\" content=\"https:\/\/departamentomedicinaclinica.umh.es\/files\/2015\/03\/JornadasMIRPuertasAbiertas.jpg\" \/>\n\t<meta property=\"og:image:width\" content=\"547\" \/>\n\t<meta property=\"og:image:height\" content=\"333\" \/>\n<meta name=\"twitter:card\" content=\"summary_large_image\" \/>\n<meta name=\"twitter:creator\" content=\"@medicinaumh\" \/>\n<meta name=\"twitter:site\" content=\"@medicinaumh\" \/>\n<meta name=\"twitter:label1\" content=\"Written by\" \/>\n\t<meta name=\"twitter:data1\" content=\"garcia.natalia\" \/>\n\t<meta name=\"twitter:label2\" content=\"Est. reading time\" \/>\n\t<meta name=\"twitter:data2\" content=\"3 minuts\" \/>\n<script type=\"application\/ld+json\" class=\"yoast-schema-graph\">{\"@context\":\"https:\/\/schema.org\",\"@graph\":[{\"@type\":\"Organization\",\"@id\":\"https:\/\/departamentomedicinaclinica.umh.es\/#organization\",\"name\":\"Departamento Medicina Cl\\u00ednica Universidad Miguel Hern\\u00e1ndez de Elche\",\"url\":\"https:\/\/departamentomedicinaclinica.umh.es\/\",\"sameAs\":[\"https:\/\/www.youtube.com\/playlist?list=PLClKgnzRFYe6Y_i4QLNSlOwsZn0X3Klmb\",\"https:\/\/twitter.com\/medicinaumh\"],\"logo\":{\"@type\":\"ImageObject\",\"@id\":\"https:\/\/departamentomedicinaclinica.umh.es\/#logo\",\"inLanguage\":\"ca\",\"url\":\"https:\/\/departamentomedicinaclinica.umh.es\/files\/2024\/07\/meclin-vertical.png\",\"contentUrl\":\"https:\/\/departamentomedicinaclinica.umh.es\/files\/2024\/07\/meclin-vertical.png\",\"width\":1376,\"height\":1600,\"caption\":\"Departamento Medicina Cl\\u00ednica Universidad Miguel Hern\\u00e1ndez de Elche\"},\"image\":{\"@id\":\"https:\/\/departamentomedicinaclinica.umh.es\/#logo\"}},{\"@type\":\"WebSite\",\"@id\":\"https:\/\/departamentomedicinaclinica.umh.es\/#website\",\"url\":\"https:\/\/departamentomedicinaclinica.umh.es\/\",\"name\":\"Departamento de Medicina Cl\\u00ednica UMH\",\"description\":\"Otro sitio m\\u00e1s de Zeus.umh.es Blogs\",\"publisher\":{\"@id\":\"https:\/\/departamentomedicinaclinica.umh.es\/#organization\"},\"potentialAction\":[{\"@type\":\"SearchAction\",\"target\":{\"@type\":\"EntryPoint\",\"urlTemplate\":\"https:\/\/departamentomedicinaclinica.umh.es\/?s={search_term_string}\"},\"query-input\":\"required name=search_term_string\"}],\"inLanguage\":\"ca\"},{\"@type\":\"ImageObject\",\"@id\":\"https:\/\/departamentomedicinaclinica.umh.es\/2015\/03\/20\/jornadas-mir-de-puertas-abiertas-2015\/#primaryimage\",\"inLanguage\":\"ca\",\"url\":\"https:\/\/departamentomedicinaclinica.umh.es\/files\/2015\/03\/JornadasMIRPuertasAbiertas.jpg\",\"contentUrl\":\"https:\/\/departamentomedicinaclinica.umh.es\/files\/2015\/03\/JornadasMIRPuertasAbiertas.jpg\",\"width\":547,\"height\":333,\"caption\":\"Jornadas MIR Puertas Abiertas UMH imagen\"},{\"@type\":\"WebPage\",\"@id\":\"https:\/\/departamentomedicinaclinica.umh.es\/2015\/03\/20\/jornadas-mir-de-puertas-abiertas-2015\/#webpage\",\"url\":\"https:\/\/departamentomedicinaclinica.umh.es\/2015\/03\/20\/jornadas-mir-de-puertas-abiertas-2015\/\",\"name\":\"Jornades MIR de portes obertes 2015 en l\\u2019hospital de Sant Joan d\\u2019Alacant - Departamento de Medicina Cl\\u00ednica UMH\",\"isPartOf\":{\"@id\":\"https:\/\/departamentomedicinaclinica.umh.es\/#website\"},\"primaryImageOfPage\":{\"@id\":\"https:\/\/departamentomedicinaclinica.umh.es\/2015\/03\/20\/jornadas-mir-de-puertas-abiertas-2015\/#primaryimage\"},\"datePublished\":\"2015-03-20T12:18:36+00:00\",\"dateModified\":\"2024-02-23T10:38:54+00:00\",\"description\":\"Antonio\\u00a0Compa\\u00f1, deg\\u00e0 de la Facultat de Medicina de la Universitat Miguel Hern\\u00e1ndez, participar\\u00e0 en la jornades MIR portes obertes el 24 de mar\\u00e7.\",\"breadcrumb\":{\"@id\":\"https:\/\/departamentomedicinaclinica.umh.es\/2015\/03\/20\/jornadas-mir-de-puertas-abiertas-2015\/#breadcrumb\"},\"inLanguage\":\"ca\",\"potentialAction\":[{\"@type\":\"ReadAction\",\"target\":[\"https:\/\/departamentomedicinaclinica.umh.es\/2015\/03\/20\/jornadas-mir-de-puertas-abiertas-2015\/\"]}]},{\"@type\":\"BreadcrumbList\",\"@id\":\"https:\/\/departamentomedicinaclinica.umh.es\/2015\/03\/20\/jornadas-mir-de-puertas-abiertas-2015\/#breadcrumb\",\"itemListElement\":[{\"@type\":\"ListItem\",\"position\":1,\"name\":\"Portada\",\"item\":\"https:\/\/departamentomedicinaclinica.umh.es\/\"},{\"@type\":\"ListItem\",\"position\":2,\"name\":\"Jornadas MIR de puertas abiertas 2015 en el Hospital de Sant Joan d&#8217;Alacant\"}]},{\"@type\":\"Article\",\"@id\":\"https:\/\/departamentomedicinaclinica.umh.es\/2015\/03\/20\/jornadas-mir-de-puertas-abiertas-2015\/#article\",\"isPartOf\":{\"@id\":\"https:\/\/departamentomedicinaclinica.umh.es\/2015\/03\/20\/jornadas-mir-de-puertas-abiertas-2015\/#webpage\"},\"author\":{\"@id\":\"https:\/\/departamentomedicinaclinica.umh.es\/#\/schema\/person\/4cce65f000b37391eb0fdba785a882b9\"},\"headline\":\"Jornades MIR de portes obertes 2015 en l\\u2019hospital de Sant Joan d\\u2019Alacant\",\"datePublished\":\"2015-03-20T12:18:36+00:00\",\"dateModified\":\"2024-02-23T10:38:54+00:00\",\"mainEntityOfPage\":{\"@id\":\"https:\/\/departamentomedicinaclinica.umh.es\/2015\/03\/20\/jornadas-mir-de-puertas-abiertas-2015\/#webpage\"},\"wordCount\":729,\"publisher\":{\"@id\":\"https:\/\/departamentomedicinaclinica.umh.es\/#organization\"},\"image\":{\"@id\":\"https:\/\/departamentomedicinaclinica.umh.es\/2015\/03\/20\/jornadas-mir-de-puertas-abiertas-2015\/#primaryimage\"},\"thumbnailUrl\":\"https:\/\/departamentomedicinaclinica.umh.es\/files\/2015\/03\/JornadasMIRPuertasAbiertas.jpg\",\"keywords\":[\"Antonio Compa\\u00f1 UMH\",\"Jornadas MIR\",\"Jornadas MIR UMH\",\"Jornadas puertas abiertas Medicina Alicante\",\"MIR Alicante\",\"MIR Hospital Alicante\",\"MIR Hospital Elda\",\"MIR Medicina\"],\"articleSection\":[\"Congresos\"],\"inLanguage\":\"ca\"},{\"@type\":\"Person\",\"@id\":\"https:\/\/departamentomedicinaclinica.umh.es\/#\/schema\/person\/4cce65f000b37391eb0fdba785a882b9\",\"name\":\"garcia.natalia\",\"image\":{\"@type\":\"ImageObject\",\"@id\":\"https:\/\/departamentomedicinaclinica.umh.es\/#personlogo\",\"inLanguage\":\"ca\",\"url\":\"https:\/\/secure.gravatar.com\/avatar\/2f6b18e6f874050af9faeeac24349c8c?s=96&d=mm&r=g\",\"contentUrl\":\"https:\/\/secure.gravatar.com\/avatar\/2f6b18e6f874050af9faeeac24349c8c?s=96&d=mm&r=g\",\"caption\":\"garcia.natalia\"},\"url\":\"https:\/\/departamentomedicinaclinica.umh.es\/ca\/author\/garcia-natalia\/\"}]}<\/script>\n<!-- \/ Yoast SEO plugin. -->","yoast_head_json":{"description":"Antonio\u00a0Compa\u00f1, deg\u00e0 de la Facultat de Medicina de la Universitat Miguel Hern\u00e1ndez, participar\u00e0 en la jornades MIR portes obertes el 24 de mar\u00e7.","robots":{"index":"index","follow":"follow","max-snippet":"max-snippet:-1","max-image-preview":"max-image-preview:large","max-video-preview":"max-video-preview:-1"},"canonical":"https:\/\/departamentomedicinaclinica.umh.es\/ca\/2015\/03\/20\/jornadas-mir-de-puertas-abiertas-2015\/","og_locale":"ca_ES","og_type":"article","og_title":"Jornades MIR de portes obertes 2015 en l\u2019hospital de Sant Joan d\u2019Alacant - Departamento de Medicina Cl\u00ednica UMH","og_description":"Antonio\u00a0Compa\u00f1, deg\u00e0 de la Facultat de Medicina de la Universitat Miguel Hern\u00e1ndez, participar\u00e0 en la jornades MIR portes obertes el 24 de mar\u00e7.","og_url":"https:\/\/departamentomedicinaclinica.umh.es\/2015\/03\/20\/jornadas-mir-de-puertas-abiertas-2015\/","og_site_name":"Departamento de Medicina Cl\u00ednica UMH","article_published_time":"2015-03-20T12:18:36+00:00","article_modified_time":"2024-02-23T10:38:54+00:00","og_image":[{"width":547,"height":333,"url":"https:\/\/departamentomedicinaclinica.umh.es\/files\/2015\/03\/JornadasMIRPuertasAbiertas.jpg","type":"image\/jpeg"}],"twitter_card":"summary_large_image","twitter_creator":"@medicinaumh","twitter_site":"@medicinaumh","twitter_misc":{"Written by":"garcia.natalia","Est. reading time":"3 minuts"},"schema":{"@context":"https:\/\/schema.org","@graph":[{"@type":"Organization","@id":"https:\/\/departamentomedicinaclinica.umh.es\/#organization","name":"Departamento Medicina Cl\u00ednica Universidad Miguel Hern\u00e1ndez de Elche","url":"https:\/\/departamentomedicinaclinica.umh.es\/","sameAs":["https:\/\/www.youtube.com\/playlist?list=PLClKgnzRFYe6Y_i4QLNSlOwsZn0X3Klmb","https:\/\/twitter.com\/medicinaumh"],"logo":{"@type":"ImageObject","@id":"https:\/\/departamentomedicinaclinica.umh.es\/#logo","inLanguage":"ca","url":"https:\/\/departamentomedicinaclinica.umh.es\/files\/2024\/07\/meclin-vertical.png","contentUrl":"https:\/\/departamentomedicinaclinica.umh.es\/files\/2024\/07\/meclin-vertical.png","width":1376,"height":1600,"caption":"Departamento Medicina Cl\u00ednica Universidad Miguel Hern\u00e1ndez de Elche"},"image":{"@id":"https:\/\/departamentomedicinaclinica.umh.es\/#logo"}},{"@type":"WebSite","@id":"https:\/\/departamentomedicinaclinica.umh.es\/#website","url":"https:\/\/departamentomedicinaclinica.umh.es\/","name":"Departamento de Medicina Cl\u00ednica UMH","description":"Otro sitio m\u00e1s de Zeus.umh.es Blogs","publisher":{"@id":"https:\/\/departamentomedicinaclinica.umh.es\/#organization"},"potentialAction":[{"@type":"SearchAction","target":{"@type":"EntryPoint","urlTemplate":"https:\/\/departamentomedicinaclinica.umh.es\/?s={search_term_string}"},"query-input":"required name=search_term_string"}],"inLanguage":"ca"},{"@type":"ImageObject","@id":"https:\/\/departamentomedicinaclinica.umh.es\/2015\/03\/20\/jornadas-mir-de-puertas-abiertas-2015\/#primaryimage","inLanguage":"ca","url":"https:\/\/departamentomedicinaclinica.umh.es\/files\/2015\/03\/JornadasMIRPuertasAbiertas.jpg","contentUrl":"https:\/\/departamentomedicinaclinica.umh.es\/files\/2015\/03\/JornadasMIRPuertasAbiertas.jpg","width":547,"height":333,"caption":"Jornadas MIR Puertas Abiertas UMH imagen"},{"@type":"WebPage","@id":"https:\/\/departamentomedicinaclinica.umh.es\/2015\/03\/20\/jornadas-mir-de-puertas-abiertas-2015\/#webpage","url":"https:\/\/departamentomedicinaclinica.umh.es\/2015\/03\/20\/jornadas-mir-de-puertas-abiertas-2015\/","name":"Jornades MIR de portes obertes 2015 en l\u2019hospital de Sant Joan d\u2019Alacant - Departamento de Medicina Cl\u00ednica UMH","isPartOf":{"@id":"https:\/\/departamentomedicinaclinica.umh.es\/#website"},"primaryImageOfPage":{"@id":"https:\/\/departamentomedicinaclinica.umh.es\/2015\/03\/20\/jornadas-mir-de-puertas-abiertas-2015\/#primaryimage"},"datePublished":"2015-03-20T12:18:36+00:00","dateModified":"2024-02-23T10:38:54+00:00","description":"Antonio\u00a0Compa\u00f1, deg\u00e0 de la Facultat de Medicina de la Universitat Miguel Hern\u00e1ndez, participar\u00e0 en la jornades MIR portes obertes el 24 de mar\u00e7.","breadcrumb":{"@id":"https:\/\/departamentomedicinaclinica.umh.es\/2015\/03\/20\/jornadas-mir-de-puertas-abiertas-2015\/#breadcrumb"},"inLanguage":"ca","potentialAction":[{"@type":"ReadAction","target":["https:\/\/departamentomedicinaclinica.umh.es\/2015\/03\/20\/jornadas-mir-de-puertas-abiertas-2015\/"]}]},{"@type":"BreadcrumbList","@id":"https:\/\/departamentomedicinaclinica.umh.es\/2015\/03\/20\/jornadas-mir-de-puertas-abiertas-2015\/#breadcrumb","itemListElement":[{"@type":"ListItem","position":1,"name":"Portada","item":"https:\/\/departamentomedicinaclinica.umh.es\/"},{"@type":"ListItem","position":2,"name":"Jornadas MIR de puertas abiertas 2015 en el Hospital de Sant Joan d&#8217;Alacant"}]},{"@type":"Article","@id":"https:\/\/departamentomedicinaclinica.umh.es\/2015\/03\/20\/jornadas-mir-de-puertas-abiertas-2015\/#article","isPartOf":{"@id":"https:\/\/departamentomedicinaclinica.umh.es\/2015\/03\/20\/jornadas-mir-de-puertas-abiertas-2015\/#webpage"},"author":{"@id":"https:\/\/departamentomedicinaclinica.umh.es\/#\/schema\/person\/4cce65f000b37391eb0fdba785a882b9"},"headline":"Jornades MIR de portes obertes 2015 en l\u2019hospital de Sant Joan d\u2019Alacant","datePublished":"2015-03-20T12:18:36+00:00","dateModified":"2024-02-23T10:38:54+00:00","mainEntityOfPage":{"@id":"https:\/\/departamentomedicinaclinica.umh.es\/2015\/03\/20\/jornadas-mir-de-puertas-abiertas-2015\/#webpage"},"wordCount":729,"publisher":{"@id":"https:\/\/departamentomedicinaclinica.umh.es\/#organization"},"image":{"@id":"https:\/\/departamentomedicinaclinica.umh.es\/2015\/03\/20\/jornadas-mir-de-puertas-abiertas-2015\/#primaryimage"},"thumbnailUrl":"https:\/\/departamentomedicinaclinica.umh.es\/files\/2015\/03\/JornadasMIRPuertasAbiertas.jpg","keywords":["Antonio Compa\u00f1 UMH","Jornadas MIR","Jornadas MIR UMH","Jornadas puertas abiertas Medicina Alicante","MIR Alicante","MIR Hospital Alicante","MIR Hospital Elda","MIR Medicina"],"articleSection":["Congresos"],"inLanguage":"ca"},{"@type":"Person","@id":"https:\/\/departamentomedicinaclinica.umh.es\/#\/schema\/person\/4cce65f000b37391eb0fdba785a882b9","name":"garcia.natalia","image":{"@type":"ImageObject","@id":"https:\/\/departamentomedicinaclinica.umh.es\/#personlogo","inLanguage":"ca","url":"https:\/\/secure.gravatar.com\/avatar\/2f6b18e6f874050af9faeeac24349c8c?s=96&d=mm&r=g","contentUrl":"https:\/\/secure.gravatar.com\/avatar\/2f6b18e6f874050af9faeeac24349c8c?s=96&d=mm&r=g","caption":"garcia.natalia"},"url":"https:\/\/departamentomedicinaclinica.umh.es\/ca\/author\/garcia-natalia\/"}]}},"_links":{"self":[{"href":"https:\/\/departamentomedicinaclinica.umh.es\/ca\/wp-json\/wp\/v2\/posts\/3988"}],"collection":[{"href":"https:\/\/departamentomedicinaclinica.umh.es\/ca\/wp-json\/wp\/v2\/posts"}],"about":[{"href":"https:\/\/departamentomedicinaclinica.umh.es\/ca\/wp-json\/wp\/v2\/types\/post"}],"author":[{"embeddable":true,"href":"https:\/\/departamentomedicinaclinica.umh.es\/ca\/wp-json\/wp\/v2\/users\/3158"}],"replies":[{"embeddable":true,"href":"https:\/\/departamentomedicinaclinica.umh.es\/ca\/wp-json\/wp\/v2\/comments?post=3988"}],"version-history":[{"count":0,"href":"https:\/\/departamentomedicinaclinica.umh.es\/ca\/wp-json\/wp\/v2\/posts\/3988\/revisions"}],"wp:featuredmedia":[{"embeddable":true,"href":"https:\/\/departamentomedicinaclinica.umh.es\/ca\/wp-json\/wp\/v2\/media\/4057"}],"wp:attachment":[{"href":"https:\/\/departamentomedicinaclinica.umh.es\/ca\/wp-json\/wp\/v2\/media?parent=3988"}],"wp:term":[{"taxonomy":"category","embeddable":true,"href":"https:\/\/departamentomedicinaclinica.umh.es\/ca\/wp-json\/wp\/v2\/categories?post=3988"},{"taxonomy":"post_tag","embeddable":true,"href":"https:\/\/departamentomedicinaclinica.umh.es\/ca\/wp-json\/wp\/v2\/tags?post=3988"}],"curies":[{"name":"wp","href":"https:\/\/api.w.org\/{rel}","templated":true}]}}