{"id":4152,"date":"2015-03-25T14:04:29","date_gmt":"2015-03-25T13:04:29","guid":{"rendered":"http:\/\/www.departamentomedicinaclinicaumh.es\/?p=4152"},"modified":"2024-02-23T10:38:54","modified_gmt":"2024-02-23T10:38:54","slug":"iv-jornadas-de-cooperacion-al-desarrollo-en-salud","status":"publish","type":"post","link":"https:\/\/departamentomedicinaclinica.umh.es\/ca\/2015\/03\/25\/iv-jornadas-de-cooperacion-al-desarrollo-en-salud\/","title":{"rendered":"La UMH organitza les IV Jornades de cooperaci\u00f3 al desenvolupament en salut al Campus de Sant Joan d\u2019Alacant"},"content":{"rendered":"<p><\/p>\n<p>Tant el <strong>M\u00e0ster Universitari de Malalties Infeccioses i Salut Internacional<\/strong>, impartit pel Departament de Medicina Cl\u00ednica de la UMH, junt al <strong>Centre de Cooperaci\u00f3 al Desenvolupament i Voluntariat<\/strong> organitzen per als pr\u00f2xims <strong>26 i 27<!--more--> de mar\u00e7\u00a0<\/strong>les IV Jornades de cooperaci\u00f3 al desenvolupament en salut.<\/p>\n<p>Les sessions tindran lloc <strong>de 16:00 h. a 21:00 h.<\/strong> en la <strong>Sala de Graus de l&#8217;edifici Francisco Javier Balmis<\/strong> del propi campus de Sant Joan d&#8217;Alacant. Aquestes activitats estan centrades principalment en els universitaris i docents que tinguen inter\u00e8s per tot all\u00f2 que es realitza en cooperaci\u00f3 al desenvolupament en \u00e0mbit de salut.<br \/>\nEl prop\u00f2sit fonamental de la celebraci\u00f3 d&#8217;aquestes Jornades de Cooperaci\u00f3 al desenvolupament en salut no \u00e9s un altre que el de <strong> proporcionar coneixements i habilitats en salut global<\/strong>. Sempre mitjan\u00e7ant <strong>projectes de cooperaci\u00f3 al desenvolupament<\/strong> i, sobretot, amb l&#8217;objectiu de mostrar formes d&#8217;ajuda i col\u00b7laboraci\u00f3 amb <strong>organitzacions i institucions que treballen a \u00c0frica o Am\u00e8rica del Sud<\/strong>.<br \/>\nA m\u00e9s, durant aquestes Confer\u00e8ncies s&#8217;intentaran analitzar les formes de col\u00b7laboraci\u00f3, ajuda i cooperaci\u00f3 al desenvolupament en l&#8217;\u00e0mbit de la salut global, donar a con\u00e8ixer diversos projectes relacionats que s&#8217;estan duent a terme en pa\u00efsos subdesenvolupats i determinar el grau d&#8217;import\u00e0ncia entre els actors i la cooperaci\u00f3 al desenvolupament.<br \/>\nDurant aquesta convocat\u00f2ria entitats i organitzacions com:<br \/>\n&nbsp;<br \/>\n\u00b7\u00a0<a title=\"ho veur\u00e0s en una nova finestra\" href=\"http:\/\/www.msf.es\/\" target=\"_blank\" rel=\"noopener\">Metges sense Fronteres<\/a><br \/>\n\u00b7\u00a0<a title=\"ho veur\u00e0s en una nova finestra\" href=\"http:\/\/www.onganawim.org\/\" target=\"_blank\" rel=\"noopener\">Anawin<\/a><br \/>\n\u00b7\u00a0<a title=\"ho veur\u00e0s en una nova finestra\" href=\"https:\/\/www.fundaciondiagrama.es\/\" target=\"_blank\" rel=\"noopener\">Fundaci\u00f3 Diagrama<\/a><br \/>\n\u00b7\u00a0<a title=\"ho veur\u00e0s en una nova finestra\" href=\"http:\/\/www.fontilles.org\/es\/\" target=\"_blank\" rel=\"noopener\">Sanatori Fontilles<\/a><br \/>\n\u00b7\u00a0<a title=\"ho veur\u00e0s en una nova finestra\" href=\"http:\/\/www.medicusmundi.net\/\" target=\"_blank\" rel=\"noopener\">Medicus Mundi<\/a><br \/>\n\u00b7\u00a0<a title=\"ho veur\u00e0s en una nova finestra\" href=\"http:\/\/www.chambbaa.org\/es\" target=\"_blank\" rel=\"noopener\">Chambb\u00e0a Cooperaci\u00f3 Internacional<\/a><br \/>\n&nbsp;<br \/>\n&nbsp;<br \/>\nacudiran des de l&#8217;inici.<br \/>\n&nbsp;<br \/>\nSi necessita m\u00e9s informaci\u00f3 pot <strong>consultar o descarregar el programa<\/strong> <strong><a title=\"ho veur\u00e0s en una nova finestra\" href=\"http:\/\/comunicacion.umh.es\/files\/2015\/03\/25-03-15-jornadas-cooperaci%C3%B3n1.pdf\">ac\u00ed<\/a><\/strong><br \/>\nPer la <strong>preinscripci\u00f3<\/strong> pots utilitzar el &#8216;Formulari Preinscripci\u00f3 Cursos de Formaci\u00f3 Postgrau i Formaci\u00f3 Continua&#8217; que es troba\u00a0<a title=\"ho veur\u00e0s en una nova finestra\" href=\"http:\/\/universite.umh.es\/fpogestion\/aspx\/Preinscripcion\/Preinscripcion.aspx\" target=\"_blank\" rel=\"noopener\">ac\u00ed<\/a>.<br \/>\nVisita la web del <a title=\"ho veur\u00e0s en una nova finestra\" href=\"http:\/\/cooperacion.umh.es\/\" target=\"_blank\" rel=\"noopener\">Centre de Cooperaci\u00f3 al Desenvolupament i Voluntariat de la Universitat Miguel Hern\u00e0ndez d&#8217;Elx<\/a> per a veure altres projectes.<\/p>","protected":false},"excerpt":{"rendered":"<p>Ho sentim, aquesta entrada es troba disponible \u00fanicament en Espanyol Europeu.<\/p>\n","protected":false},"author":3158,"featured_media":4174,"comment_status":"closed","ping_status":"open","sticky":false,"template":"","format":"standard","meta":{"_links_to":"","_links_to_target":""},"categories":[988062],"tags":[50,3118,1438,1081204,46032],"yoast_head":"<!-- This site is optimized with the Yoast SEO plugin v17.5 - https:\/\/yoast.com\/wordpress\/plugins\/seo\/ -->\n<meta name=\"description\" content=\"Les IV Jornades de cooperaci\u00f3 al desenvolupament en salut se celebrar\u00e0 a la Sala de Graus de l&#039;edifici\u00a0Balmis\u00a0de la\u00a0UMH\u00a0del campus de Sant Joan d&#039;Alacant.\" \/>\n<meta name=\"robots\" content=\"index, follow, max-snippet:-1, max-image-preview:large, max-video-preview:-1\" \/>\n<link rel=\"canonical\" href=\"https:\/\/departamentomedicinaclinica.umh.es\/ca\/2015\/03\/25\/iv-jornadas-de-cooperacion-al-desarrollo-en-salud\/\" \/>\n<meta property=\"og:locale\" content=\"ca_ES\" \/>\n<meta property=\"og:type\" content=\"article\" \/>\n<meta property=\"og:title\" content=\"La UMH organitza les IV Jornades de cooperaci\u00f3 al desenvolupament en salut al Campus de Sant Joan d\u2019Alacant - Departamento de Medicina Cl\u00ednica UMH\" \/>\n<meta property=\"og:description\" content=\"Les IV Jornades de cooperaci\u00f3 al desenvolupament en salut se celebrar\u00e0 a la Sala de Graus de l&#039;edifici\u00a0Balmis\u00a0de la\u00a0UMH\u00a0del campus de Sant Joan d&#039;Alacant.\" \/>\n<meta property=\"og:url\" content=\"https:\/\/departamentomedicinaclinica.umh.es\/2015\/03\/25\/iv-jornadas-de-cooperacion-al-desarrollo-en-salud\/\" \/>\n<meta property=\"og:site_name\" content=\"Departamento de Medicina Cl\u00ednica UMH\" \/>\n<meta property=\"article:published_time\" content=\"2015-03-25T13:04:29+00:00\" \/>\n<meta property=\"article:modified_time\" content=\"2024-02-23T10:38:54+00:00\" \/>\n<meta property=\"og:image\" content=\"https:\/\/departamentomedicinaclinica.umh.es\/files\/2015\/03\/CooperacionalDesarrolloSaludUMH.jpg\" \/>\n\t<meta property=\"og:image:width\" content=\"547\" \/>\n\t<meta property=\"og:image:height\" content=\"333\" \/>\n<meta name=\"twitter:card\" content=\"summary_large_image\" \/>\n<meta name=\"twitter:creator\" content=\"@medicinaumh\" \/>\n<meta name=\"twitter:site\" content=\"@medicinaumh\" \/>\n<meta name=\"twitter:label1\" content=\"Written by\" \/>\n\t<meta name=\"twitter:data1\" content=\"garcia.natalia\" \/>\n\t<meta name=\"twitter:label2\" content=\"Est. reading time\" \/>\n\t<meta name=\"twitter:data2\" content=\"5 minuts\" \/>\n<script type=\"application\/ld+json\" class=\"yoast-schema-graph\">{\"@context\":\"https:\/\/schema.org\",\"@graph\":[{\"@type\":\"Organization\",\"@id\":\"https:\/\/departamentomedicinaclinica.umh.es\/#organization\",\"name\":\"Departamento Medicina Cl\\u00ednica Universidad Miguel Hern\\u00e1ndez de Elche\",\"url\":\"https:\/\/departamentomedicinaclinica.umh.es\/\",\"sameAs\":[\"https:\/\/www.youtube.com\/playlist?list=PLClKgnzRFYe6Y_i4QLNSlOwsZn0X3Klmb\",\"https:\/\/twitter.com\/medicinaumh\"],\"logo\":{\"@type\":\"ImageObject\",\"@id\":\"https:\/\/departamentomedicinaclinica.umh.es\/#logo\",\"inLanguage\":\"ca\",\"url\":\"https:\/\/departamentomedicinaclinica.umh.es\/files\/2024\/07\/meclin-vertical.png\",\"contentUrl\":\"https:\/\/departamentomedicinaclinica.umh.es\/files\/2024\/07\/meclin-vertical.png\",\"width\":1376,\"height\":1600,\"caption\":\"Departamento Medicina Cl\\u00ednica Universidad Miguel Hern\\u00e1ndez de Elche\"},\"image\":{\"@id\":\"https:\/\/departamentomedicinaclinica.umh.es\/#logo\"}},{\"@type\":\"WebSite\",\"@id\":\"https:\/\/departamentomedicinaclinica.umh.es\/#website\",\"url\":\"https:\/\/departamentomedicinaclinica.umh.es\/\",\"name\":\"Departamento de Medicina Cl\\u00ednica UMH\",\"description\":\"Otro sitio m\\u00e1s de Zeus.umh.es Blogs\",\"publisher\":{\"@id\":\"https:\/\/departamentomedicinaclinica.umh.es\/#organization\"},\"potentialAction\":[{\"@type\":\"SearchAction\",\"target\":{\"@type\":\"EntryPoint\",\"urlTemplate\":\"https:\/\/departamentomedicinaclinica.umh.es\/?s={search_term_string}\"},\"query-input\":\"required name=search_term_string\"}],\"inLanguage\":\"ca\"},{\"@type\":\"ImageObject\",\"@id\":\"https:\/\/departamentomedicinaclinica.umh.es\/2015\/03\/25\/iv-jornadas-de-cooperacion-al-desarrollo-en-salud\/#primaryimage\",\"inLanguage\":\"ca\",\"url\":\"https:\/\/departamentomedicinaclinica.umh.es\/files\/2015\/03\/CooperacionalDesarrolloSaludUMH.jpg\",\"contentUrl\":\"https:\/\/departamentomedicinaclinica.umh.es\/files\/2015\/03\/CooperacionalDesarrolloSaludUMH.jpg\",\"width\":547,\"height\":333,\"caption\":\"Cooperaci\\u00f3n al Desarrollo Salud UMH imagen\"},{\"@type\":\"WebPage\",\"@id\":\"https:\/\/departamentomedicinaclinica.umh.es\/2015\/03\/25\/iv-jornadas-de-cooperacion-al-desarrollo-en-salud\/#webpage\",\"url\":\"https:\/\/departamentomedicinaclinica.umh.es\/2015\/03\/25\/iv-jornadas-de-cooperacion-al-desarrollo-en-salud\/\",\"name\":\"La UMH organitza les IV Jornades de cooperaci\\u00f3 al desenvolupament en salut al Campus de Sant Joan d\\u2019Alacant - Departamento de Medicina Cl\\u00ednica UMH\",\"isPartOf\":{\"@id\":\"https:\/\/departamentomedicinaclinica.umh.es\/#website\"},\"primaryImageOfPage\":{\"@id\":\"https:\/\/departamentomedicinaclinica.umh.es\/2015\/03\/25\/iv-jornadas-de-cooperacion-al-desarrollo-en-salud\/#primaryimage\"},\"datePublished\":\"2015-03-25T13:04:29+00:00\",\"dateModified\":\"2024-02-23T10:38:54+00:00\",\"description\":\"Les IV Jornades de cooperaci\\u00f3 al desenvolupament en salut se celebrar\\u00e0 a la Sala de Graus de l'edifici\\u00a0Balmis\\u00a0de la\\u00a0UMH\\u00a0del campus de Sant Joan d'Alacant.\",\"breadcrumb\":{\"@id\":\"https:\/\/departamentomedicinaclinica.umh.es\/2015\/03\/25\/iv-jornadas-de-cooperacion-al-desarrollo-en-salud\/#breadcrumb\"},\"inLanguage\":\"ca\",\"potentialAction\":[{\"@type\":\"ReadAction\",\"target\":[\"https:\/\/departamentomedicinaclinica.umh.es\/2015\/03\/25\/iv-jornadas-de-cooperacion-al-desarrollo-en-salud\/\"]}]},{\"@type\":\"BreadcrumbList\",\"@id\":\"https:\/\/departamentomedicinaclinica.umh.es\/2015\/03\/25\/iv-jornadas-de-cooperacion-al-desarrollo-en-salud\/#breadcrumb\",\"itemListElement\":[{\"@type\":\"ListItem\",\"position\":1,\"name\":\"Portada\",\"item\":\"https:\/\/departamentomedicinaclinica.umh.es\/\"},{\"@type\":\"ListItem\",\"position\":2,\"name\":\"La UMH organiza las IV Jornadas de cooperaci\\u00f3n al desarrollo en salud en el Campus de Sant Joan d&#8217;Alacant\"}]},{\"@type\":\"Article\",\"@id\":\"https:\/\/departamentomedicinaclinica.umh.es\/2015\/03\/25\/iv-jornadas-de-cooperacion-al-desarrollo-en-salud\/#article\",\"isPartOf\":{\"@id\":\"https:\/\/departamentomedicinaclinica.umh.es\/2015\/03\/25\/iv-jornadas-de-cooperacion-al-desarrollo-en-salud\/#webpage\"},\"author\":{\"@id\":\"https:\/\/departamentomedicinaclinica.umh.es\/#\/schema\/person\/4cce65f000b37391eb0fdba785a882b9\"},\"headline\":\"La UMH organitza les IV Jornades de cooperaci\\u00f3 al desenvolupament en salut al Campus de Sant Joan d\\u2019Alacant\",\"datePublished\":\"2015-03-25T13:04:29+00:00\",\"dateModified\":\"2024-02-23T10:38:54+00:00\",\"mainEntityOfPage\":{\"@id\":\"https:\/\/departamentomedicinaclinica.umh.es\/2015\/03\/25\/iv-jornadas-de-cooperacion-al-desarrollo-en-salud\/#webpage\"},\"wordCount\":969,\"publisher\":{\"@id\":\"https:\/\/departamentomedicinaclinica.umh.es\/#organization\"},\"image\":{\"@id\":\"https:\/\/departamentomedicinaclinica.umh.es\/2015\/03\/25\/iv-jornadas-de-cooperacion-al-desarrollo-en-salud\/#primaryimage\"},\"thumbnailUrl\":\"https:\/\/departamentomedicinaclinica.umh.es\/files\/2015\/03\/CooperacionalDesarrolloSaludUMH.jpg\",\"keywords\":[\"Cooperaci\\u00f3n\",\"Cooperaci\\u00f3n al desarrollo\",\"Cooperaci\\u00f3n al Desarrollo \\u00c1frica y Latinoam\\u00e9rica Alicante\",\"Cooperaci\\u00f3n al Desarrollo Alicante\",\"Cooperaci\\u00f3n UMH\"],\"articleSection\":[\"Congresos\"],\"inLanguage\":\"ca\"},{\"@type\":\"Person\",\"@id\":\"https:\/\/departamentomedicinaclinica.umh.es\/#\/schema\/person\/4cce65f000b37391eb0fdba785a882b9\",\"name\":\"garcia.natalia\",\"image\":{\"@type\":\"ImageObject\",\"@id\":\"https:\/\/departamentomedicinaclinica.umh.es\/#personlogo\",\"inLanguage\":\"ca\",\"url\":\"https:\/\/secure.gravatar.com\/avatar\/2f6b18e6f874050af9faeeac24349c8c?s=96&d=mm&r=g\",\"contentUrl\":\"https:\/\/secure.gravatar.com\/avatar\/2f6b18e6f874050af9faeeac24349c8c?s=96&d=mm&r=g\",\"caption\":\"garcia.natalia\"},\"url\":\"https:\/\/departamentomedicinaclinica.umh.es\/ca\/author\/garcia-natalia\/\"}]}<\/script>\n<!-- \/ Yoast SEO plugin. -->","yoast_head_json":{"description":"Les IV Jornades de cooperaci\u00f3 al desenvolupament en salut se celebrar\u00e0 a la Sala de Graus de l'edifici\u00a0Balmis\u00a0de la\u00a0UMH\u00a0del campus de Sant Joan d'Alacant.","robots":{"index":"index","follow":"follow","max-snippet":"max-snippet:-1","max-image-preview":"max-image-preview:large","max-video-preview":"max-video-preview:-1"},"canonical":"https:\/\/departamentomedicinaclinica.umh.es\/ca\/2015\/03\/25\/iv-jornadas-de-cooperacion-al-desarrollo-en-salud\/","og_locale":"ca_ES","og_type":"article","og_title":"La UMH organitza les IV Jornades de cooperaci\u00f3 al desenvolupament en salut al Campus de Sant Joan d\u2019Alacant - Departamento de Medicina Cl\u00ednica UMH","og_description":"Les IV Jornades de cooperaci\u00f3 al desenvolupament en salut se celebrar\u00e0 a la Sala de Graus de l'edifici\u00a0Balmis\u00a0de la\u00a0UMH\u00a0del campus de Sant Joan d'Alacant.","og_url":"https:\/\/departamentomedicinaclinica.umh.es\/2015\/03\/25\/iv-jornadas-de-cooperacion-al-desarrollo-en-salud\/","og_site_name":"Departamento de Medicina Cl\u00ednica UMH","article_published_time":"2015-03-25T13:04:29+00:00","article_modified_time":"2024-02-23T10:38:54+00:00","og_image":[{"width":547,"height":333,"url":"https:\/\/departamentomedicinaclinica.umh.es\/files\/2015\/03\/CooperacionalDesarrolloSaludUMH.jpg","type":"image\/jpeg"}],"twitter_card":"summary_large_image","twitter_creator":"@medicinaumh","twitter_site":"@medicinaumh","twitter_misc":{"Written by":"garcia.natalia","Est. reading time":"5 minuts"},"schema":{"@context":"https:\/\/schema.org","@graph":[{"@type":"Organization","@id":"https:\/\/departamentomedicinaclinica.umh.es\/#organization","name":"Departamento Medicina Cl\u00ednica Universidad Miguel Hern\u00e1ndez de Elche","url":"https:\/\/departamentomedicinaclinica.umh.es\/","sameAs":["https:\/\/www.youtube.com\/playlist?list=PLClKgnzRFYe6Y_i4QLNSlOwsZn0X3Klmb","https:\/\/twitter.com\/medicinaumh"],"logo":{"@type":"ImageObject","@id":"https:\/\/departamentomedicinaclinica.umh.es\/#logo","inLanguage":"ca","url":"https:\/\/departamentomedicinaclinica.umh.es\/files\/2024\/07\/meclin-vertical.png","contentUrl":"https:\/\/departamentomedicinaclinica.umh.es\/files\/2024\/07\/meclin-vertical.png","width":1376,"height":1600,"caption":"Departamento Medicina Cl\u00ednica Universidad Miguel Hern\u00e1ndez de Elche"},"image":{"@id":"https:\/\/departamentomedicinaclinica.umh.es\/#logo"}},{"@type":"WebSite","@id":"https:\/\/departamentomedicinaclinica.umh.es\/#website","url":"https:\/\/departamentomedicinaclinica.umh.es\/","name":"Departamento de Medicina Cl\u00ednica UMH","description":"Otro sitio m\u00e1s de Zeus.umh.es Blogs","publisher":{"@id":"https:\/\/departamentomedicinaclinica.umh.es\/#organization"},"potentialAction":[{"@type":"SearchAction","target":{"@type":"EntryPoint","urlTemplate":"https:\/\/departamentomedicinaclinica.umh.es\/?s={search_term_string}"},"query-input":"required name=search_term_string"}],"inLanguage":"ca"},{"@type":"ImageObject","@id":"https:\/\/departamentomedicinaclinica.umh.es\/2015\/03\/25\/iv-jornadas-de-cooperacion-al-desarrollo-en-salud\/#primaryimage","inLanguage":"ca","url":"https:\/\/departamentomedicinaclinica.umh.es\/files\/2015\/03\/CooperacionalDesarrolloSaludUMH.jpg","contentUrl":"https:\/\/departamentomedicinaclinica.umh.es\/files\/2015\/03\/CooperacionalDesarrolloSaludUMH.jpg","width":547,"height":333,"caption":"Cooperaci\u00f3n al Desarrollo Salud UMH imagen"},{"@type":"WebPage","@id":"https:\/\/departamentomedicinaclinica.umh.es\/2015\/03\/25\/iv-jornadas-de-cooperacion-al-desarrollo-en-salud\/#webpage","url":"https:\/\/departamentomedicinaclinica.umh.es\/2015\/03\/25\/iv-jornadas-de-cooperacion-al-desarrollo-en-salud\/","name":"La UMH organitza les IV Jornades de cooperaci\u00f3 al desenvolupament en salut al Campus de Sant Joan d\u2019Alacant - Departamento de Medicina Cl\u00ednica UMH","isPartOf":{"@id":"https:\/\/departamentomedicinaclinica.umh.es\/#website"},"primaryImageOfPage":{"@id":"https:\/\/departamentomedicinaclinica.umh.es\/2015\/03\/25\/iv-jornadas-de-cooperacion-al-desarrollo-en-salud\/#primaryimage"},"datePublished":"2015-03-25T13:04:29+00:00","dateModified":"2024-02-23T10:38:54+00:00","description":"Les IV Jornades de cooperaci\u00f3 al desenvolupament en salut se celebrar\u00e0 a la Sala de Graus de l'edifici\u00a0Balmis\u00a0de la\u00a0UMH\u00a0del campus de Sant Joan d'Alacant.","breadcrumb":{"@id":"https:\/\/departamentomedicinaclinica.umh.es\/2015\/03\/25\/iv-jornadas-de-cooperacion-al-desarrollo-en-salud\/#breadcrumb"},"inLanguage":"ca","potentialAction":[{"@type":"ReadAction","target":["https:\/\/departamentomedicinaclinica.umh.es\/2015\/03\/25\/iv-jornadas-de-cooperacion-al-desarrollo-en-salud\/"]}]},{"@type":"BreadcrumbList","@id":"https:\/\/departamentomedicinaclinica.umh.es\/2015\/03\/25\/iv-jornadas-de-cooperacion-al-desarrollo-en-salud\/#breadcrumb","itemListElement":[{"@type":"ListItem","position":1,"name":"Portada","item":"https:\/\/departamentomedicinaclinica.umh.es\/"},{"@type":"ListItem","position":2,"name":"La UMH organiza las IV Jornadas de cooperaci\u00f3n al desarrollo en salud en el Campus de Sant Joan d&#8217;Alacant"}]},{"@type":"Article","@id":"https:\/\/departamentomedicinaclinica.umh.es\/2015\/03\/25\/iv-jornadas-de-cooperacion-al-desarrollo-en-salud\/#article","isPartOf":{"@id":"https:\/\/departamentomedicinaclinica.umh.es\/2015\/03\/25\/iv-jornadas-de-cooperacion-al-desarrollo-en-salud\/#webpage"},"author":{"@id":"https:\/\/departamentomedicinaclinica.umh.es\/#\/schema\/person\/4cce65f000b37391eb0fdba785a882b9"},"headline":"La UMH organitza les IV Jornades de cooperaci\u00f3 al desenvolupament en salut al Campus de Sant Joan d\u2019Alacant","datePublished":"2015-03-25T13:04:29+00:00","dateModified":"2024-02-23T10:38:54+00:00","mainEntityOfPage":{"@id":"https:\/\/departamentomedicinaclinica.umh.es\/2015\/03\/25\/iv-jornadas-de-cooperacion-al-desarrollo-en-salud\/#webpage"},"wordCount":969,"publisher":{"@id":"https:\/\/departamentomedicinaclinica.umh.es\/#organization"},"image":{"@id":"https:\/\/departamentomedicinaclinica.umh.es\/2015\/03\/25\/iv-jornadas-de-cooperacion-al-desarrollo-en-salud\/#primaryimage"},"thumbnailUrl":"https:\/\/departamentomedicinaclinica.umh.es\/files\/2015\/03\/CooperacionalDesarrolloSaludUMH.jpg","keywords":["Cooperaci\u00f3n","Cooperaci\u00f3n al desarrollo","Cooperaci\u00f3n al Desarrollo \u00c1frica y Latinoam\u00e9rica Alicante","Cooperaci\u00f3n al Desarrollo Alicante","Cooperaci\u00f3n UMH"],"articleSection":["Congresos"],"inLanguage":"ca"},{"@type":"Person","@id":"https:\/\/departamentomedicinaclinica.umh.es\/#\/schema\/person\/4cce65f000b37391eb0fdba785a882b9","name":"garcia.natalia","image":{"@type":"ImageObject","@id":"https:\/\/departamentomedicinaclinica.umh.es\/#personlogo","inLanguage":"ca","url":"https:\/\/secure.gravatar.com\/avatar\/2f6b18e6f874050af9faeeac24349c8c?s=96&d=mm&r=g","contentUrl":"https:\/\/secure.gravatar.com\/avatar\/2f6b18e6f874050af9faeeac24349c8c?s=96&d=mm&r=g","caption":"garcia.natalia"},"url":"https:\/\/departamentomedicinaclinica.umh.es\/ca\/author\/garcia-natalia\/"}]}},"_links":{"self":[{"href":"https:\/\/departamentomedicinaclinica.umh.es\/ca\/wp-json\/wp\/v2\/posts\/4152"}],"collection":[{"href":"https:\/\/departamentomedicinaclinica.umh.es\/ca\/wp-json\/wp\/v2\/posts"}],"about":[{"href":"https:\/\/departamentomedicinaclinica.umh.es\/ca\/wp-json\/wp\/v2\/types\/post"}],"author":[{"embeddable":true,"href":"https:\/\/departamentomedicinaclinica.umh.es\/ca\/wp-json\/wp\/v2\/users\/3158"}],"replies":[{"embeddable":true,"href":"https:\/\/departamentomedicinaclinica.umh.es\/ca\/wp-json\/wp\/v2\/comments?post=4152"}],"version-history":[{"count":0,"href":"https:\/\/departamentomedicinaclinica.umh.es\/ca\/wp-json\/wp\/v2\/posts\/4152\/revisions"}],"wp:featuredmedia":[{"embeddable":true,"href":"https:\/\/departamentomedicinaclinica.umh.es\/ca\/wp-json\/wp\/v2\/media\/4174"}],"wp:attachment":[{"href":"https:\/\/departamentomedicinaclinica.umh.es\/ca\/wp-json\/wp\/v2\/media?parent=4152"}],"wp:term":[{"taxonomy":"category","embeddable":true,"href":"https:\/\/departamentomedicinaclinica.umh.es\/ca\/wp-json\/wp\/v2\/categories?post=4152"},{"taxonomy":"post_tag","embeddable":true,"href":"https:\/\/departamentomedicinaclinica.umh.es\/ca\/wp-json\/wp\/v2\/tags?post=4152"}],"curies":[{"name":"wp","href":"https:\/\/api.w.org\/{rel}","templated":true}]}}