{"id":4823,"date":"2015-04-27T13:45:09","date_gmt":"2015-04-27T11:45:09","guid":{"rendered":"http:\/\/www.departamentomedicinaclinicaumh.es\/?p=4823"},"modified":"2024-02-23T10:38:54","modified_gmt":"2024-02-23T10:38:54","slug":"el-medico-como-eje-principal-en-la-sesion-del-ciclo-de-cine-y-salud-umh","status":"publish","type":"post","link":"https:\/\/departamentomedicinaclinica.umh.es\/ca\/2015\/04\/27\/el-medico-como-eje-principal-en-la-sesion-del-ciclo-de-cine-y-salud-umh\/","title":{"rendered":"El metge com a eix principal en el VII Cicle de cinema i salut UMH per al 27\/4 en el Campus de Sant Joan"},"content":{"rendered":"<p><\/p>\n<p>VII Cicle de cinema. El Vicerectorat de Cultura i Extensi\u00f3 Universit\u00e0ria, col\u00b7laborant amb La Delegaci\u00f3 d&#8217;Estudiants i el Deganat de la <strong>Facultat de Medicina de la Universitat Miguel Hern\u00e1ndez (UMH)<\/strong>, han elaborat\u00a0la cinquena sessi\u00f3 del \u00a0<strong>VII Cicle de Cine i Salut \u00a0<\/strong><!--more-->per al pr\u00f2xim<strong> dilluns 27 de abril<\/strong>.\u00a0La sessi\u00f3, aquesta vegada centrada en la figura del metge, se celebrar\u00e0 en el\u00a0 <a title=\"Fes clic per a saber on es troba\" href=\"http:\/\/universite.umh.es\/localizaciones\/\" target=\"_blank\" rel=\"noopener\">Sal\u00f3 d&#8217;Actes de l&#8217;edifici Severo Ochoa<\/a> del campus de Sant Joan d\u2019Alacant de la <a title=\"Ho veur\u00e0s en una nova finestra\" href=\"http:\/\/www.umh.es\/?lang=VAL\" target=\"_blank\" rel=\"noopener\">UMH<\/a> <strong>a partir de les 17:30 h<\/strong>.<\/p>\n<p>&nbsp;<br \/>\n<a href=\"http:\/\/comunicacion.umh.es\/files\/2015\/04\/24-04-15-Cartel-VII-Ciclo-Cine-y-Salud.jpg\"><img loading=\"lazy\" class=\"alignleft wp-image-84942\" style=\"margin-right: 10px\" title=\"Nuevas proyecciones y cr\u00e9ditos por asistencia para alumnos UMH\" src=\"http:\/\/comunicacion.umh.es\/files\/2015\/04\/24-04-15-Cartel-VII-Ciclo-Cine-y-Salud-300x212.jpg\" alt=\"Cartell VII Cicle cinema i salut UMH imatge\" width=\"243\" height=\"174\" \/><\/a><br \/>\nLa figura del metge, com a professional de la medicina, ser\u00e0 analitzada a trav\u00e9s de la projecci\u00f3 <a title=\"Veur\u00e0s la fitxa de la pel\u00b7l\u00edcula en una nova finestra\" href=\"http:\/\/www.filmaffinity.com\/es\/film145476.html\" target=\"_blank\" rel=\"noopener\">Contagion (2011)<\/a>.<br \/>\nDirigida pel nord-americ\u00e0\u00a0<a title=\"Coneix un poc m\u00e9s sobre el seu director en una nova finestra\" href=\"http:\/\/ca.wikipedia.org\/wiki\/Steven_Soderbergh\" target=\"_blank\" rel=\"noopener\">Steven Soderbergh<\/a> i basada en un thriller realista sobre els efectes que una epid\u00e8mia provocada per un virus letal desconegut, la cinta aconsegueix transmetre l&#8217;angoixa i *incerteza dels professionals m\u00e8dics per a tractar d&#8217;entendre-la i controlar-la \u00edntegrament.<br \/>\n&nbsp;<br \/>\n&nbsp;<br \/>\nModeradors de la sessi\u00f3:<\/p>\n<ul>\n<li><strong><a title=\"veur\u00e0s la seua fitxa en una nova finestra\" href=\"https:\/\/www.umh.es\/contenido\/Estudiantes\/:persona_5611\/datos_val.html\" target=\"_blank\" rel=\"noopener\">Reyes Pascual<\/a><\/strong>. Professora del Departament de Medicina Cl\u00ednica de la UMH i cap de secci\u00f3 de Medicina Interna, a m\u00e9s de responsable de la Unitat de Malalties Infeccioses de l&#8217;Hospital Universitari d&#8217;Elda.<\/li>\n<\/ul>\n<ul>\n<li><strong>Mar\u00eda Francisca Colom<\/strong>. Professora de l&#8217;\u00c0rea de Microbiologia de la UMH.<\/li>\n<\/ul>\n<p>&nbsp;<br \/>\nSimplement per assistir al <strong>Cicle de Cinema i Salut UMH<\/strong>, els estudiants de Grau rebran 1 cr\u00e8dit ECTS, mentre que els alumnes de Llicenciatura obtindran 2,5 cr\u00e8dits de lliure elecci\u00f3<br \/>\nPer a ampliar m\u00e9s informaci\u00f3 sobre el <a title=\"ho veur\u00e0s en una nova finestra\" href=\"http:\/\/ciclocineysalud.blogspot.com.es\/\" target=\"_blank\" rel=\"noopener\">VII Cicle de Cine i Salut UMH<\/a>\u00a0prema l&#8217;enlla\u00e7 anterior.<br \/>\n&nbsp;<\/p>","protected":false},"excerpt":{"rendered":"<p>Ho sentim, aquesta entrada es troba disponible \u00fanicament en Espanyol Europeu.<\/p>\n","protected":false},"author":3158,"featured_media":4950,"comment_status":"closed","ping_status":"open","sticky":false,"template":"","format":"standard","meta":{"_links_to":"","_links_to_target":""},"categories":[964],"tags":[1057306,1057410,35961,1246756,1254825,5332],"yoast_head":"<!-- This site is optimized with the Yoast SEO plugin v17.5 - https:\/\/yoast.com\/wordpress\/plugins\/seo\/ -->\n<meta name=\"description\" content=\"Cicle de cinema i salut\u00a0UMH realitzat pel Vicerectorat, Delegaci\u00f3 d&#039;Estudiants, Deganat de Medicina els quals han elaborat la V sessi\u00f3 per al p\u00fablic.\" \/>\n<meta name=\"robots\" content=\"index, follow, max-snippet:-1, max-image-preview:large, max-video-preview:-1\" \/>\n<link rel=\"canonical\" href=\"https:\/\/departamentomedicinaclinica.umh.es\/ca\/2015\/04\/27\/el-medico-como-eje-principal-en-la-sesion-del-ciclo-de-cine-y-salud-umh\/\" \/>\n<meta property=\"og:locale\" content=\"ca_ES\" \/>\n<meta property=\"og:type\" content=\"article\" \/>\n<meta property=\"og:title\" content=\"El metge com a eix principal en el VII Cicle de cinema i salut UMH per al 27\/4 en el Campus de Sant Joan - Departamento de Medicina Cl\u00ednica UMH\" \/>\n<meta property=\"og:description\" content=\"Cicle de cinema i salut\u00a0UMH realitzat pel Vicerectorat, Delegaci\u00f3 d&#039;Estudiants, Deganat de Medicina els quals han elaborat la V sessi\u00f3 per al p\u00fablic.\" \/>\n<meta property=\"og:url\" content=\"https:\/\/departamentomedicinaclinica.umh.es\/2015\/04\/27\/el-medico-como-eje-principal-en-la-sesion-del-ciclo-de-cine-y-salud-umh\/\" \/>\n<meta property=\"og:site_name\" content=\"Departamento de Medicina Cl\u00ednica UMH\" \/>\n<meta property=\"article:published_time\" content=\"2015-04-27T11:45:09+00:00\" \/>\n<meta property=\"article:modified_time\" content=\"2024-02-23T10:38:54+00:00\" \/>\n<meta property=\"og:image\" content=\"https:\/\/departamentomedicinaclinica.umh.es\/files\/2015\/04\/VIICiclodeCineySaludUMH.jpg\" \/>\n\t<meta property=\"og:image:width\" content=\"547\" \/>\n\t<meta property=\"og:image:height\" content=\"333\" \/>\n<meta name=\"twitter:card\" content=\"summary_large_image\" \/>\n<meta name=\"twitter:creator\" content=\"@medicinaumh\" \/>\n<meta name=\"twitter:site\" content=\"@medicinaumh\" \/>\n<meta name=\"twitter:label1\" content=\"Written by\" \/>\n\t<meta name=\"twitter:data1\" content=\"garcia.natalia\" \/>\n\t<meta name=\"twitter:label2\" content=\"Est. reading time\" \/>\n\t<meta name=\"twitter:data2\" content=\"4 minuts\" \/>\n<script type=\"application\/ld+json\" class=\"yoast-schema-graph\">{\"@context\":\"https:\/\/schema.org\",\"@graph\":[{\"@type\":\"Organization\",\"@id\":\"https:\/\/departamentomedicinaclinica.umh.es\/#organization\",\"name\":\"Departamento Medicina Cl\\u00ednica Universidad Miguel Hern\\u00e1ndez de Elche\",\"url\":\"https:\/\/departamentomedicinaclinica.umh.es\/\",\"sameAs\":[\"https:\/\/www.youtube.com\/playlist?list=PLClKgnzRFYe6Y_i4QLNSlOwsZn0X3Klmb\",\"https:\/\/twitter.com\/medicinaumh\"],\"logo\":{\"@type\":\"ImageObject\",\"@id\":\"https:\/\/departamentomedicinaclinica.umh.es\/#logo\",\"inLanguage\":\"ca\",\"url\":\"https:\/\/departamentomedicinaclinica.umh.es\/files\/2024\/07\/meclin-vertical.png\",\"contentUrl\":\"https:\/\/departamentomedicinaclinica.umh.es\/files\/2024\/07\/meclin-vertical.png\",\"width\":1376,\"height\":1600,\"caption\":\"Departamento Medicina Cl\\u00ednica Universidad Miguel Hern\\u00e1ndez de Elche\"},\"image\":{\"@id\":\"https:\/\/departamentomedicinaclinica.umh.es\/#logo\"}},{\"@type\":\"WebSite\",\"@id\":\"https:\/\/departamentomedicinaclinica.umh.es\/#website\",\"url\":\"https:\/\/departamentomedicinaclinica.umh.es\/\",\"name\":\"Departamento de Medicina Cl\\u00ednica UMH\",\"description\":\"Otro sitio m\\u00e1s de Zeus.umh.es Blogs\",\"publisher\":{\"@id\":\"https:\/\/departamentomedicinaclinica.umh.es\/#organization\"},\"potentialAction\":[{\"@type\":\"SearchAction\",\"target\":{\"@type\":\"EntryPoint\",\"urlTemplate\":\"https:\/\/departamentomedicinaclinica.umh.es\/?s={search_term_string}\"},\"query-input\":\"required name=search_term_string\"}],\"inLanguage\":\"ca\"},{\"@type\":\"ImageObject\",\"@id\":\"https:\/\/departamentomedicinaclinica.umh.es\/2015\/04\/27\/el-medico-como-eje-principal-en-la-sesion-del-ciclo-de-cine-y-salud-umh\/#primaryimage\",\"inLanguage\":\"ca\",\"url\":\"https:\/\/departamentomedicinaclinica.umh.es\/files\/2015\/04\/VIICiclodeCineySaludUMH.jpg\",\"contentUrl\":\"https:\/\/departamentomedicinaclinica.umh.es\/files\/2015\/04\/VIICiclodeCineySaludUMH.jpg\",\"width\":547,\"height\":333,\"caption\":\"Proyecciones Cine y Salud Medicina UMH imagen\"},{\"@type\":\"WebPage\",\"@id\":\"https:\/\/departamentomedicinaclinica.umh.es\/2015\/04\/27\/el-medico-como-eje-principal-en-la-sesion-del-ciclo-de-cine-y-salud-umh\/#webpage\",\"url\":\"https:\/\/departamentomedicinaclinica.umh.es\/2015\/04\/27\/el-medico-como-eje-principal-en-la-sesion-del-ciclo-de-cine-y-salud-umh\/\",\"name\":\"El metge com a eix principal en el VII Cicle de cinema i salut UMH per al 27\/4 en el Campus de Sant Joan - Departamento de Medicina Cl\\u00ednica UMH\",\"isPartOf\":{\"@id\":\"https:\/\/departamentomedicinaclinica.umh.es\/#website\"},\"primaryImageOfPage\":{\"@id\":\"https:\/\/departamentomedicinaclinica.umh.es\/2015\/04\/27\/el-medico-como-eje-principal-en-la-sesion-del-ciclo-de-cine-y-salud-umh\/#primaryimage\"},\"datePublished\":\"2015-04-27T11:45:09+00:00\",\"dateModified\":\"2024-02-23T10:38:54+00:00\",\"description\":\"Cicle de cinema i salut\\u00a0UMH realitzat pel Vicerectorat, Delegaci\\u00f3 d'Estudiants, Deganat de Medicina els quals han elaborat la V sessi\\u00f3 per al p\\u00fablic.\",\"breadcrumb\":{\"@id\":\"https:\/\/departamentomedicinaclinica.umh.es\/2015\/04\/27\/el-medico-como-eje-principal-en-la-sesion-del-ciclo-de-cine-y-salud-umh\/#breadcrumb\"},\"inLanguage\":\"ca\",\"potentialAction\":[{\"@type\":\"ReadAction\",\"target\":[\"https:\/\/departamentomedicinaclinica.umh.es\/2015\/04\/27\/el-medico-como-eje-principal-en-la-sesion-del-ciclo-de-cine-y-salud-umh\/\"]}]},{\"@type\":\"BreadcrumbList\",\"@id\":\"https:\/\/departamentomedicinaclinica.umh.es\/2015\/04\/27\/el-medico-como-eje-principal-en-la-sesion-del-ciclo-de-cine-y-salud-umh\/#breadcrumb\",\"itemListElement\":[{\"@type\":\"ListItem\",\"position\":1,\"name\":\"Portada\",\"item\":\"https:\/\/departamentomedicinaclinica.umh.es\/\"},{\"@type\":\"ListItem\",\"position\":2,\"name\":\"El m\\u00e9dico como eje principal en el VII Ciclo de cine y salud UMH para el 27\/4 en el Campus de Sant Joan\"}]},{\"@type\":\"Article\",\"@id\":\"https:\/\/departamentomedicinaclinica.umh.es\/2015\/04\/27\/el-medico-como-eje-principal-en-la-sesion-del-ciclo-de-cine-y-salud-umh\/#article\",\"isPartOf\":{\"@id\":\"https:\/\/departamentomedicinaclinica.umh.es\/2015\/04\/27\/el-medico-como-eje-principal-en-la-sesion-del-ciclo-de-cine-y-salud-umh\/#webpage\"},\"author\":{\"@id\":\"https:\/\/departamentomedicinaclinica.umh.es\/#\/schema\/person\/4cce65f000b37391eb0fdba785a882b9\"},\"headline\":\"El metge com a eix principal en el VII Cicle de cinema i salut UMH per al 27\/4 en el Campus de Sant Joan\",\"datePublished\":\"2015-04-27T11:45:09+00:00\",\"dateModified\":\"2024-02-23T10:38:54+00:00\",\"mainEntityOfPage\":{\"@id\":\"https:\/\/departamentomedicinaclinica.umh.es\/2015\/04\/27\/el-medico-como-eje-principal-en-la-sesion-del-ciclo-de-cine-y-salud-umh\/#webpage\"},\"wordCount\":823,\"publisher\":{\"@id\":\"https:\/\/departamentomedicinaclinica.umh.es\/#organization\"},\"image\":{\"@id\":\"https:\/\/departamentomedicinaclinica.umh.es\/2015\/04\/27\/el-medico-como-eje-principal-en-la-sesion-del-ciclo-de-cine-y-salud-umh\/#primaryimage\"},\"thumbnailUrl\":\"https:\/\/departamentomedicinaclinica.umh.es\/files\/2015\/04\/VIICiclodeCineySaludUMH.jpg\",\"keywords\":[\"Ciclo Cine UMH\",\"Ciclo Cine y Salud Medicina Alicante\",\"Ciclo de Cine y Salud\",\"Medicina Cine UMH\",\"Medicina proyecciones\",\"Salud Cine UMH\"],\"articleSection\":[\"Actualidad\"],\"inLanguage\":\"ca\"},{\"@type\":\"Person\",\"@id\":\"https:\/\/departamentomedicinaclinica.umh.es\/#\/schema\/person\/4cce65f000b37391eb0fdba785a882b9\",\"name\":\"garcia.natalia\",\"image\":{\"@type\":\"ImageObject\",\"@id\":\"https:\/\/departamentomedicinaclinica.umh.es\/#personlogo\",\"inLanguage\":\"ca\",\"url\":\"https:\/\/secure.gravatar.com\/avatar\/2f6b18e6f874050af9faeeac24349c8c?s=96&d=mm&r=g\",\"contentUrl\":\"https:\/\/secure.gravatar.com\/avatar\/2f6b18e6f874050af9faeeac24349c8c?s=96&d=mm&r=g\",\"caption\":\"garcia.natalia\"},\"url\":\"https:\/\/departamentomedicinaclinica.umh.es\/ca\/author\/garcia-natalia\/\"}]}<\/script>\n<!-- \/ Yoast SEO plugin. -->","yoast_head_json":{"description":"Cicle de cinema i salut\u00a0UMH realitzat pel Vicerectorat, Delegaci\u00f3 d'Estudiants, Deganat de Medicina els quals han elaborat la V sessi\u00f3 per al p\u00fablic.","robots":{"index":"index","follow":"follow","max-snippet":"max-snippet:-1","max-image-preview":"max-image-preview:large","max-video-preview":"max-video-preview:-1"},"canonical":"https:\/\/departamentomedicinaclinica.umh.es\/ca\/2015\/04\/27\/el-medico-como-eje-principal-en-la-sesion-del-ciclo-de-cine-y-salud-umh\/","og_locale":"ca_ES","og_type":"article","og_title":"El metge com a eix principal en el VII Cicle de cinema i salut UMH per al 27\/4 en el Campus de Sant Joan - Departamento de Medicina Cl\u00ednica UMH","og_description":"Cicle de cinema i salut\u00a0UMH realitzat pel Vicerectorat, Delegaci\u00f3 d'Estudiants, Deganat de Medicina els quals han elaborat la V sessi\u00f3 per al p\u00fablic.","og_url":"https:\/\/departamentomedicinaclinica.umh.es\/2015\/04\/27\/el-medico-como-eje-principal-en-la-sesion-del-ciclo-de-cine-y-salud-umh\/","og_site_name":"Departamento de Medicina Cl\u00ednica UMH","article_published_time":"2015-04-27T11:45:09+00:00","article_modified_time":"2024-02-23T10:38:54+00:00","og_image":[{"width":547,"height":333,"url":"https:\/\/departamentomedicinaclinica.umh.es\/files\/2015\/04\/VIICiclodeCineySaludUMH.jpg","type":"image\/jpeg"}],"twitter_card":"summary_large_image","twitter_creator":"@medicinaumh","twitter_site":"@medicinaumh","twitter_misc":{"Written by":"garcia.natalia","Est. reading time":"4 minuts"},"schema":{"@context":"https:\/\/schema.org","@graph":[{"@type":"Organization","@id":"https:\/\/departamentomedicinaclinica.umh.es\/#organization","name":"Departamento Medicina Cl\u00ednica Universidad Miguel Hern\u00e1ndez de Elche","url":"https:\/\/departamentomedicinaclinica.umh.es\/","sameAs":["https:\/\/www.youtube.com\/playlist?list=PLClKgnzRFYe6Y_i4QLNSlOwsZn0X3Klmb","https:\/\/twitter.com\/medicinaumh"],"logo":{"@type":"ImageObject","@id":"https:\/\/departamentomedicinaclinica.umh.es\/#logo","inLanguage":"ca","url":"https:\/\/departamentomedicinaclinica.umh.es\/files\/2024\/07\/meclin-vertical.png","contentUrl":"https:\/\/departamentomedicinaclinica.umh.es\/files\/2024\/07\/meclin-vertical.png","width":1376,"height":1600,"caption":"Departamento Medicina Cl\u00ednica Universidad Miguel Hern\u00e1ndez de Elche"},"image":{"@id":"https:\/\/departamentomedicinaclinica.umh.es\/#logo"}},{"@type":"WebSite","@id":"https:\/\/departamentomedicinaclinica.umh.es\/#website","url":"https:\/\/departamentomedicinaclinica.umh.es\/","name":"Departamento de Medicina Cl\u00ednica UMH","description":"Otro sitio m\u00e1s de Zeus.umh.es Blogs","publisher":{"@id":"https:\/\/departamentomedicinaclinica.umh.es\/#organization"},"potentialAction":[{"@type":"SearchAction","target":{"@type":"EntryPoint","urlTemplate":"https:\/\/departamentomedicinaclinica.umh.es\/?s={search_term_string}"},"query-input":"required name=search_term_string"}],"inLanguage":"ca"},{"@type":"ImageObject","@id":"https:\/\/departamentomedicinaclinica.umh.es\/2015\/04\/27\/el-medico-como-eje-principal-en-la-sesion-del-ciclo-de-cine-y-salud-umh\/#primaryimage","inLanguage":"ca","url":"https:\/\/departamentomedicinaclinica.umh.es\/files\/2015\/04\/VIICiclodeCineySaludUMH.jpg","contentUrl":"https:\/\/departamentomedicinaclinica.umh.es\/files\/2015\/04\/VIICiclodeCineySaludUMH.jpg","width":547,"height":333,"caption":"Proyecciones Cine y Salud Medicina UMH imagen"},{"@type":"WebPage","@id":"https:\/\/departamentomedicinaclinica.umh.es\/2015\/04\/27\/el-medico-como-eje-principal-en-la-sesion-del-ciclo-de-cine-y-salud-umh\/#webpage","url":"https:\/\/departamentomedicinaclinica.umh.es\/2015\/04\/27\/el-medico-como-eje-principal-en-la-sesion-del-ciclo-de-cine-y-salud-umh\/","name":"El metge com a eix principal en el VII Cicle de cinema i salut UMH per al 27\/4 en el Campus de Sant Joan - Departamento de Medicina Cl\u00ednica UMH","isPartOf":{"@id":"https:\/\/departamentomedicinaclinica.umh.es\/#website"},"primaryImageOfPage":{"@id":"https:\/\/departamentomedicinaclinica.umh.es\/2015\/04\/27\/el-medico-como-eje-principal-en-la-sesion-del-ciclo-de-cine-y-salud-umh\/#primaryimage"},"datePublished":"2015-04-27T11:45:09+00:00","dateModified":"2024-02-23T10:38:54+00:00","description":"Cicle de cinema i salut\u00a0UMH realitzat pel Vicerectorat, Delegaci\u00f3 d'Estudiants, Deganat de Medicina els quals han elaborat la V sessi\u00f3 per al p\u00fablic.","breadcrumb":{"@id":"https:\/\/departamentomedicinaclinica.umh.es\/2015\/04\/27\/el-medico-como-eje-principal-en-la-sesion-del-ciclo-de-cine-y-salud-umh\/#breadcrumb"},"inLanguage":"ca","potentialAction":[{"@type":"ReadAction","target":["https:\/\/departamentomedicinaclinica.umh.es\/2015\/04\/27\/el-medico-como-eje-principal-en-la-sesion-del-ciclo-de-cine-y-salud-umh\/"]}]},{"@type":"BreadcrumbList","@id":"https:\/\/departamentomedicinaclinica.umh.es\/2015\/04\/27\/el-medico-como-eje-principal-en-la-sesion-del-ciclo-de-cine-y-salud-umh\/#breadcrumb","itemListElement":[{"@type":"ListItem","position":1,"name":"Portada","item":"https:\/\/departamentomedicinaclinica.umh.es\/"},{"@type":"ListItem","position":2,"name":"El m\u00e9dico como eje principal en el VII Ciclo de cine y salud UMH para el 27\/4 en el Campus de Sant Joan"}]},{"@type":"Article","@id":"https:\/\/departamentomedicinaclinica.umh.es\/2015\/04\/27\/el-medico-como-eje-principal-en-la-sesion-del-ciclo-de-cine-y-salud-umh\/#article","isPartOf":{"@id":"https:\/\/departamentomedicinaclinica.umh.es\/2015\/04\/27\/el-medico-como-eje-principal-en-la-sesion-del-ciclo-de-cine-y-salud-umh\/#webpage"},"author":{"@id":"https:\/\/departamentomedicinaclinica.umh.es\/#\/schema\/person\/4cce65f000b37391eb0fdba785a882b9"},"headline":"El metge com a eix principal en el VII Cicle de cinema i salut UMH per al 27\/4 en el Campus de Sant Joan","datePublished":"2015-04-27T11:45:09+00:00","dateModified":"2024-02-23T10:38:54+00:00","mainEntityOfPage":{"@id":"https:\/\/departamentomedicinaclinica.umh.es\/2015\/04\/27\/el-medico-como-eje-principal-en-la-sesion-del-ciclo-de-cine-y-salud-umh\/#webpage"},"wordCount":823,"publisher":{"@id":"https:\/\/departamentomedicinaclinica.umh.es\/#organization"},"image":{"@id":"https:\/\/departamentomedicinaclinica.umh.es\/2015\/04\/27\/el-medico-como-eje-principal-en-la-sesion-del-ciclo-de-cine-y-salud-umh\/#primaryimage"},"thumbnailUrl":"https:\/\/departamentomedicinaclinica.umh.es\/files\/2015\/04\/VIICiclodeCineySaludUMH.jpg","keywords":["Ciclo Cine UMH","Ciclo Cine y Salud Medicina Alicante","Ciclo de Cine y Salud","Medicina Cine UMH","Medicina proyecciones","Salud Cine UMH"],"articleSection":["Actualidad"],"inLanguage":"ca"},{"@type":"Person","@id":"https:\/\/departamentomedicinaclinica.umh.es\/#\/schema\/person\/4cce65f000b37391eb0fdba785a882b9","name":"garcia.natalia","image":{"@type":"ImageObject","@id":"https:\/\/departamentomedicinaclinica.umh.es\/#personlogo","inLanguage":"ca","url":"https:\/\/secure.gravatar.com\/avatar\/2f6b18e6f874050af9faeeac24349c8c?s=96&d=mm&r=g","contentUrl":"https:\/\/secure.gravatar.com\/avatar\/2f6b18e6f874050af9faeeac24349c8c?s=96&d=mm&r=g","caption":"garcia.natalia"},"url":"https:\/\/departamentomedicinaclinica.umh.es\/ca\/author\/garcia-natalia\/"}]}},"_links":{"self":[{"href":"https:\/\/departamentomedicinaclinica.umh.es\/ca\/wp-json\/wp\/v2\/posts\/4823"}],"collection":[{"href":"https:\/\/departamentomedicinaclinica.umh.es\/ca\/wp-json\/wp\/v2\/posts"}],"about":[{"href":"https:\/\/departamentomedicinaclinica.umh.es\/ca\/wp-json\/wp\/v2\/types\/post"}],"author":[{"embeddable":true,"href":"https:\/\/departamentomedicinaclinica.umh.es\/ca\/wp-json\/wp\/v2\/users\/3158"}],"replies":[{"embeddable":true,"href":"https:\/\/departamentomedicinaclinica.umh.es\/ca\/wp-json\/wp\/v2\/comments?post=4823"}],"version-history":[{"count":0,"href":"https:\/\/departamentomedicinaclinica.umh.es\/ca\/wp-json\/wp\/v2\/posts\/4823\/revisions"}],"wp:featuredmedia":[{"embeddable":true,"href":"https:\/\/departamentomedicinaclinica.umh.es\/ca\/wp-json\/wp\/v2\/media\/4950"}],"wp:attachment":[{"href":"https:\/\/departamentomedicinaclinica.umh.es\/ca\/wp-json\/wp\/v2\/media?parent=4823"}],"wp:term":[{"taxonomy":"category","embeddable":true,"href":"https:\/\/departamentomedicinaclinica.umh.es\/ca\/wp-json\/wp\/v2\/categories?post=4823"},{"taxonomy":"post_tag","embeddable":true,"href":"https:\/\/departamentomedicinaclinica.umh.es\/ca\/wp-json\/wp\/v2\/tags?post=4823"}],"curies":[{"name":"wp","href":"https:\/\/api.w.org\/{rel}","templated":true}]}}