{"id":11575,"date":"2016-03-02T10:11:50","date_gmt":"2016-03-02T09:11:50","guid":{"rendered":"http:\/\/www.departamentomedicinaclinicaumh.es\/?p=11575"},"modified":"2024-02-23T10:38:50","modified_gmt":"2024-02-23T10:38:50","slug":"seminario-la-investigacion-la-practica-clinica-la-prevencion","status":"publish","type":"post","link":"https:\/\/departamentomedicinaclinica.umh.es\/en\/2016\/03\/02\/seminario-la-investigacion-la-practica-clinica-la-prevencion\/","title":{"rendered":"Seminar from the research into clinical practice and prevention by professor Francisco Javier Nieto at UMH university"},"content":{"rendered":"<p><\/p>\n<p><strong><a title=\"Get more information about Dr. Nieto in a new window\" href=\"http:\/\/www.elbierzonoticias.com\/frontend\/bierzo\/Las-Epidemias-Del-Presente-vn28349-vst472\" target=\"_blank\" rel=\"noopener\">Francisco Javier Nieto<\/a>,\u00a0director of the <strong>Department of Population Health Sciences<\/strong> of the <a title=\"Get further information about the American College in a new window\" href=\"http:\/\/www.med.wisc.edu\" target=\"_blank\" rel=\"noopener\"><strong>University of Wisconsin-Madison<\/strong><\/a> (USA), did last <strong>Thursday, February 25<\/strong> a seminar entitled: &#8220;From the research into clinical practice and prevention: the long and winding road of translation&#8221;.<\/p>\n<p>The event took place in the <a title=\"Locate the specific place where the seminar took place in a new window\" href=\"http:\/\/universite.umh.es\/localizaciones\/\" target=\"_blank\" rel=\"noopener\"><strong>Sal\u00f3n de Actos of Severo Ochoa building<\/strong><\/a> at <strong>5:00 pm.<\/strong> in the <strong>Campus of Sant Joan <!--more-->of Miguel Hern\u00e1ndez University of Elche (UMH), located in Alicante, Spain<\/strong>.<br \/>\n<img loading=\"lazy\" class=\"aligncenter wp-image-11700\" title=\"Severo Ochoa building UMH\" src=\"https:\/\/departamentomedicinaclinica.umh.es\/files\/2016\/03\/Edificio-Severo-Ochoa-UMH.jpg\" alt=\"Seminar of the UMH from research into clinical practice and prevention\" width=\"450\" height=\"300\" srcset=\"https:\/\/departamentomedicinaclinica.umh.es\/files\/2016\/03\/Edificio-Severo-Ochoa-UMH.jpg 550w, https:\/\/departamentomedicinaclinica.umh.es\/files\/2016\/03\/Edificio-Severo-Ochoa-UMH-300x200.jpg 300w\" sizes=\"(max-width: 450px) 100vw, 450px\" \/><br \/>\n&nbsp;<\/p>\n<h2>What is the career of Francisco Javier Nieto, author of the Seminar &#8220;From the research into clinical practice and prevention&#8221;?<\/h2>\n<p>The professor <a title=\"Professor Nieto collaborates in the Master in Infectious Diseases and International Health of the UMH\" href=\"https:\/\/masterinfecciosas.edu.umh.es\/tag\/francisco-javier-nieto\/\" target=\"_blank\" rel=\"noopener\">Nieto<\/a> is a specialist in the discipline:<\/p>\n<ul>\n<li>Family and Community Medicine<\/li>\n<li>Master&#8217;s degree in Public Health from the University of Havana<\/li>\n<li>Master&#8217;s degree in Epidemiology<\/li>\n<li>PhD in Epidemiology from the Johns Hopkins University (USA)<\/li>\n<\/ul>\n<p>In addition, he has written about 200 journals and several books on epidemiology, cardiovascular diseases, methods and effects on health of disturbances of sleep, etc. <a title=\"Get more information about professor Nieto in a new window\" href=\"https:\/\/pophealth.wisc.edu\/f-javier-nieto\" target=\"_blank\" rel=\"noopener\"><strong>Francisco Javier Nieto<\/strong><\/a> also collaborates, as an expert on different public health agencies and institutions of study and research of national and international committees.<br \/>\n&nbsp;<\/p>\n<h2>Which activities are included the Seminar &#8220;From the research into clinical practice and prevention&#8221;?<\/h2>\n<p>The seminar\u00a0\u201cFrom research into clinical practice and prevention: the long and winding road of translation\u201d is included inside of the <strong>Winter courses of the UMH<\/strong>, specifically in the <a title=\"get further information about the UMH seminars in a new window\" href=\"http:\/\/cultura.umh.es\/files\/2016\/02\/tabla-cursos-invierno-San-Joan.pdf\" target=\"_blank\" rel=\"noopener\">&#8220;Seminars in Health Sciences<\/a>\u201d and of the <a title=\"Know all the news about the doctorate of the UMH in a new window\" href=\"http:\/\/departamentomedicinaclinica.edu.umh.es\/en\/programa-de-doctorado-en-salud-publica-ciencias-medicas-y-quirurgicas\/\" target=\"_blank\" rel=\"noopener\">Doctoral Program in Public Health, Surgical and Medical Sciences, Faculty of Medicine<\/a> of the Miguel Hern\u00e1ndez University of Elche (UMH).<br \/>\n<a href=\"http:\/\/cultura.umh.es\/files\/2016\/02\/tabla-cursos-invierno-San-Joan.pdf\"><img loading=\"lazy\" class=\"aligncenter wp-image-10857 size-event-post-thumb\" title=\"From the research into clinical practice and prevention: the long and winding road of translation\" src=\"https:\/\/departamentomedicinaclinica.umh.es\/files\/2016\/01\/CartelCursosdeInviernoUMH.jpg\" alt=\"Winter courses UMH poster clinical practice\" width=\"452\" height=\"300\" \/><\/a><br \/>\nFor information about other <strong>seminars of the Miguel Hern\u00e1ndez University of Elche UMH<\/strong> you can click on the following link:\u00a0<a title=\"You can access other seminars of the UMH in a new window\" href=\"http:\/\/seminariosencienciadelasalud.edu.umh.es\/\" target=\"_blank\" rel=\"noopener\">seminarisinhealthsciences.edu.umh.es<\/a><br \/>\n&nbsp;<br \/>\n&nbsp;<\/p>","protected":false},"excerpt":{"rendered":"<p>Sorry, this entry is only available in European Spanish.<\/p>\n","protected":false},"author":3158,"featured_media":11705,"comment_status":"closed","ping_status":"open","sticky":false,"template":"","format":"standard","meta":{"_links_to":"","_links_to_target":""},"categories":[988062],"tags":[1093105,594081,5539,5545,5551,5554,6010,6253],"yoast_head":"<!-- This site is optimized with the Yoast SEO plugin v17.5 - https:\/\/yoast.com\/wordpress\/plugins\/seo\/ -->\n<meta name=\"description\" content=\"Francisco Javier Nieto gives the Seminar from research to clinical practice and prevention: the long and tortuous path of translation in UMH university\" \/>\n<meta name=\"robots\" content=\"index, follow, max-snippet:-1, max-image-preview:large, max-video-preview:-1\" \/>\n<link rel=\"canonical\" href=\"https:\/\/departamentomedicinaclinica.umh.es\/en\/2016\/03\/02\/seminario-la-investigacion-la-practica-clinica-la-prevencion\/\" \/>\n<meta property=\"og:locale\" content=\"en_US\" \/>\n<meta property=\"og:type\" content=\"article\" \/>\n<meta property=\"og:title\" content=\"Seminar from the research into clinical practice and prevention by professor Francisco Javier Nieto at UMH university - Departamento de Medicina Cl\u00ednica UMH\" \/>\n<meta property=\"og:description\" content=\"Francisco Javier Nieto gives the Seminar from research to clinical practice and prevention: the long and tortuous path of translation in UMH university\" \/>\n<meta property=\"og:url\" content=\"https:\/\/departamentomedicinaclinica.umh.es\/2016\/03\/02\/seminario-la-investigacion-la-practica-clinica-la-prevencion\/\" \/>\n<meta property=\"og:site_name\" content=\"Departamento de Medicina Cl\u00ednica UMH\" \/>\n<meta property=\"article:published_time\" content=\"2016-03-02T09:11:50+00:00\" \/>\n<meta property=\"article:modified_time\" content=\"2024-02-23T10:38:50+00:00\" \/>\n<meta property=\"og:image\" content=\"https:\/\/departamentomedicinaclinica.umh.es\/files\/2016\/03\/PrevencionClinicaUMH2.jpg\" \/>\n\t<meta property=\"og:image:width\" content=\"555\" \/>\n\t<meta property=\"og:image:height\" content=\"347\" \/>\n<meta name=\"twitter:card\" content=\"summary_large_image\" \/>\n<meta name=\"twitter:creator\" content=\"@medicinaumh\" \/>\n<meta name=\"twitter:site\" content=\"@medicinaumh\" \/>\n<meta name=\"twitter:label1\" content=\"Written by\" \/>\n\t<meta name=\"twitter:data1\" content=\"garcia.natalia\" \/>\n\t<meta name=\"twitter:label2\" content=\"Est. reading time\" \/>\n\t<meta name=\"twitter:data2\" content=\"5 minutes\" \/>\n<script type=\"application\/ld+json\" class=\"yoast-schema-graph\">{\"@context\":\"https:\/\/schema.org\",\"@graph\":[{\"@type\":\"Organization\",\"@id\":\"https:\/\/departamentomedicinaclinica.umh.es\/#organization\",\"name\":\"Departamento Medicina Cl\\u00ednica Universidad Miguel Hern\\u00e1ndez de Elche\",\"url\":\"https:\/\/departamentomedicinaclinica.umh.es\/\",\"sameAs\":[\"https:\/\/www.youtube.com\/playlist?list=PLClKgnzRFYe6Y_i4QLNSlOwsZn0X3Klmb\",\"https:\/\/twitter.com\/medicinaumh\"],\"logo\":{\"@type\":\"ImageObject\",\"@id\":\"https:\/\/departamentomedicinaclinica.umh.es\/#logo\",\"inLanguage\":\"en-US\",\"url\":\"https:\/\/departamentomedicinaclinica.umh.es\/files\/2024\/07\/meclin-vertical.png\",\"contentUrl\":\"https:\/\/departamentomedicinaclinica.umh.es\/files\/2024\/07\/meclin-vertical.png\",\"width\":1376,\"height\":1600,\"caption\":\"Departamento Medicina Cl\\u00ednica Universidad Miguel Hern\\u00e1ndez de Elche\"},\"image\":{\"@id\":\"https:\/\/departamentomedicinaclinica.umh.es\/#logo\"}},{\"@type\":\"WebSite\",\"@id\":\"https:\/\/departamentomedicinaclinica.umh.es\/#website\",\"url\":\"https:\/\/departamentomedicinaclinica.umh.es\/\",\"name\":\"Departamento de Medicina Cl\\u00ednica UMH\",\"description\":\"Otro sitio m\\u00e1s de Zeus.umh.es Blogs\",\"publisher\":{\"@id\":\"https:\/\/departamentomedicinaclinica.umh.es\/#organization\"},\"potentialAction\":[{\"@type\":\"SearchAction\",\"target\":{\"@type\":\"EntryPoint\",\"urlTemplate\":\"https:\/\/departamentomedicinaclinica.umh.es\/?s={search_term_string}\"},\"query-input\":\"required name=search_term_string\"}],\"inLanguage\":\"en-US\"},{\"@type\":\"ImageObject\",\"@id\":\"https:\/\/departamentomedicinaclinica.umh.es\/2016\/03\/02\/seminario-la-investigacion-la-practica-clinica-la-prevencion\/#primaryimage\",\"inLanguage\":\"en-US\",\"url\":\"https:\/\/departamentomedicinaclinica.umh.es\/files\/2016\/03\/PrevencionClinicaUMH2.jpg\",\"contentUrl\":\"https:\/\/departamentomedicinaclinica.umh.es\/files\/2016\/03\/PrevencionClinicaUMH2.jpg\",\"width\":555,\"height\":347,\"caption\":\"Prevenci\\u00f3n Cl\\u00ednica Seminario UMH\"},{\"@type\":\"WebPage\",\"@id\":\"https:\/\/departamentomedicinaclinica.umh.es\/2016\/03\/02\/seminario-la-investigacion-la-practica-clinica-la-prevencion\/#webpage\",\"url\":\"https:\/\/departamentomedicinaclinica.umh.es\/2016\/03\/02\/seminario-la-investigacion-la-practica-clinica-la-prevencion\/\",\"name\":\"Seminar from the research into clinical practice and prevention by professor Francisco Javier Nieto at UMH university - Departamento de Medicina Cl\\u00ednica UMH\",\"isPartOf\":{\"@id\":\"https:\/\/departamentomedicinaclinica.umh.es\/#website\"},\"primaryImageOfPage\":{\"@id\":\"https:\/\/departamentomedicinaclinica.umh.es\/2016\/03\/02\/seminario-la-investigacion-la-practica-clinica-la-prevencion\/#primaryimage\"},\"datePublished\":\"2016-03-02T09:11:50+00:00\",\"dateModified\":\"2024-02-23T10:38:50+00:00\",\"description\":\"Francisco Javier Nieto gives the Seminar from research to clinical practice and prevention: the long and tortuous path of translation in UMH university\",\"breadcrumb\":{\"@id\":\"https:\/\/departamentomedicinaclinica.umh.es\/2016\/03\/02\/seminario-la-investigacion-la-practica-clinica-la-prevencion\/#breadcrumb\"},\"inLanguage\":\"en-US\",\"potentialAction\":[{\"@type\":\"ReadAction\",\"target\":[\"https:\/\/departamentomedicinaclinica.umh.es\/2016\/03\/02\/seminario-la-investigacion-la-practica-clinica-la-prevencion\/\"]}]},{\"@type\":\"BreadcrumbList\",\"@id\":\"https:\/\/departamentomedicinaclinica.umh.es\/2016\/03\/02\/seminario-la-investigacion-la-practica-clinica-la-prevencion\/#breadcrumb\",\"itemListElement\":[{\"@type\":\"ListItem\",\"position\":1,\"name\":\"Portada\",\"item\":\"https:\/\/departamentomedicinaclinica.umh.es\/\"},{\"@type\":\"ListItem\",\"position\":2,\"name\":\"Seminario de la investigaci\\u00f3n a la pr\\u00e1ctica cl\\u00ednica y la prevenci\\u00f3n por Francisco Javier Nieto en la UMH\"}]},{\"@type\":\"Article\",\"@id\":\"https:\/\/departamentomedicinaclinica.umh.es\/2016\/03\/02\/seminario-la-investigacion-la-practica-clinica-la-prevencion\/#article\",\"isPartOf\":{\"@id\":\"https:\/\/departamentomedicinaclinica.umh.es\/2016\/03\/02\/seminario-la-investigacion-la-practica-clinica-la-prevencion\/#webpage\"},\"author\":{\"@id\":\"https:\/\/departamentomedicinaclinica.umh.es\/#\/schema\/person\/4cce65f000b37391eb0fdba785a882b9\"},\"headline\":\"Seminar from the research into clinical practice and prevention by professor Francisco Javier Nieto at UMH university\",\"datePublished\":\"2016-03-02T09:11:50+00:00\",\"dateModified\":\"2024-02-23T10:38:50+00:00\",\"mainEntityOfPage\":{\"@id\":\"https:\/\/departamentomedicinaclinica.umh.es\/2016\/03\/02\/seminario-la-investigacion-la-practica-clinica-la-prevencion\/#webpage\"},\"wordCount\":983,\"publisher\":{\"@id\":\"https:\/\/departamentomedicinaclinica.umh.es\/#organization\"},\"image\":{\"@id\":\"https:\/\/departamentomedicinaclinica.umh.es\/2016\/03\/02\/seminario-la-investigacion-la-practica-clinica-la-prevencion\/#primaryimage\"},\"thumbnailUrl\":\"https:\/\/departamentomedicinaclinica.umh.es\/files\/2016\/03\/PrevencionClinicaUMH2.jpg\",\"keywords\":[\"Departamento de Ciencias de Salud Poblacional\",\"Francisco Javier Nieto\",\"Seminario Salud P\\u00fablica UMH\",\"Seminarios en Ciencias de la Salud\",\"Seminarios Medicina Universidad Miguel Hern\\u00e1ndez\",\"Seminarios UMH\",\"UMH charlas\",\"Universidad de Wisconsin-Madison\"],\"articleSection\":[\"Congresos\"],\"inLanguage\":\"en-US\"},{\"@type\":\"Person\",\"@id\":\"https:\/\/departamentomedicinaclinica.umh.es\/#\/schema\/person\/4cce65f000b37391eb0fdba785a882b9\",\"name\":\"garcia.natalia\",\"image\":{\"@type\":\"ImageObject\",\"@id\":\"https:\/\/departamentomedicinaclinica.umh.es\/#personlogo\",\"inLanguage\":\"en-US\",\"url\":\"https:\/\/secure.gravatar.com\/avatar\/2f6b18e6f874050af9faeeac24349c8c?s=96&d=mm&r=g\",\"contentUrl\":\"https:\/\/secure.gravatar.com\/avatar\/2f6b18e6f874050af9faeeac24349c8c?s=96&d=mm&r=g\",\"caption\":\"garcia.natalia\"},\"url\":\"https:\/\/departamentomedicinaclinica.umh.es\/en\/author\/garcia-natalia\/\"}]}<\/script>\n<!-- \/ Yoast SEO plugin. -->","yoast_head_json":{"description":"Francisco Javier Nieto gives the Seminar from research to clinical practice and prevention: the long and tortuous path of translation in UMH university","robots":{"index":"index","follow":"follow","max-snippet":"max-snippet:-1","max-image-preview":"max-image-preview:large","max-video-preview":"max-video-preview:-1"},"canonical":"https:\/\/departamentomedicinaclinica.umh.es\/en\/2016\/03\/02\/seminario-la-investigacion-la-practica-clinica-la-prevencion\/","og_locale":"en_US","og_type":"article","og_title":"Seminar from the research into clinical practice and prevention by professor Francisco Javier Nieto at UMH university - Departamento de Medicina Cl\u00ednica UMH","og_description":"Francisco Javier Nieto gives the Seminar from research to clinical practice and prevention: the long and tortuous path of translation in UMH university","og_url":"https:\/\/departamentomedicinaclinica.umh.es\/2016\/03\/02\/seminario-la-investigacion-la-practica-clinica-la-prevencion\/","og_site_name":"Departamento de Medicina Cl\u00ednica UMH","article_published_time":"2016-03-02T09:11:50+00:00","article_modified_time":"2024-02-23T10:38:50+00:00","og_image":[{"width":555,"height":347,"url":"https:\/\/departamentomedicinaclinica.umh.es\/files\/2016\/03\/PrevencionClinicaUMH2.jpg","type":"image\/jpeg"}],"twitter_card":"summary_large_image","twitter_creator":"@medicinaumh","twitter_site":"@medicinaumh","twitter_misc":{"Written by":"garcia.natalia","Est. reading time":"5 minutes"},"schema":{"@context":"https:\/\/schema.org","@graph":[{"@type":"Organization","@id":"https:\/\/departamentomedicinaclinica.umh.es\/#organization","name":"Departamento Medicina Cl\u00ednica Universidad Miguel Hern\u00e1ndez de Elche","url":"https:\/\/departamentomedicinaclinica.umh.es\/","sameAs":["https:\/\/www.youtube.com\/playlist?list=PLClKgnzRFYe6Y_i4QLNSlOwsZn0X3Klmb","https:\/\/twitter.com\/medicinaumh"],"logo":{"@type":"ImageObject","@id":"https:\/\/departamentomedicinaclinica.umh.es\/#logo","inLanguage":"en-US","url":"https:\/\/departamentomedicinaclinica.umh.es\/files\/2024\/07\/meclin-vertical.png","contentUrl":"https:\/\/departamentomedicinaclinica.umh.es\/files\/2024\/07\/meclin-vertical.png","width":1376,"height":1600,"caption":"Departamento Medicina Cl\u00ednica Universidad Miguel Hern\u00e1ndez de Elche"},"image":{"@id":"https:\/\/departamentomedicinaclinica.umh.es\/#logo"}},{"@type":"WebSite","@id":"https:\/\/departamentomedicinaclinica.umh.es\/#website","url":"https:\/\/departamentomedicinaclinica.umh.es\/","name":"Departamento de Medicina Cl\u00ednica UMH","description":"Otro sitio m\u00e1s de Zeus.umh.es Blogs","publisher":{"@id":"https:\/\/departamentomedicinaclinica.umh.es\/#organization"},"potentialAction":[{"@type":"SearchAction","target":{"@type":"EntryPoint","urlTemplate":"https:\/\/departamentomedicinaclinica.umh.es\/?s={search_term_string}"},"query-input":"required name=search_term_string"}],"inLanguage":"en-US"},{"@type":"ImageObject","@id":"https:\/\/departamentomedicinaclinica.umh.es\/2016\/03\/02\/seminario-la-investigacion-la-practica-clinica-la-prevencion\/#primaryimage","inLanguage":"en-US","url":"https:\/\/departamentomedicinaclinica.umh.es\/files\/2016\/03\/PrevencionClinicaUMH2.jpg","contentUrl":"https:\/\/departamentomedicinaclinica.umh.es\/files\/2016\/03\/PrevencionClinicaUMH2.jpg","width":555,"height":347,"caption":"Prevenci\u00f3n Cl\u00ednica Seminario UMH"},{"@type":"WebPage","@id":"https:\/\/departamentomedicinaclinica.umh.es\/2016\/03\/02\/seminario-la-investigacion-la-practica-clinica-la-prevencion\/#webpage","url":"https:\/\/departamentomedicinaclinica.umh.es\/2016\/03\/02\/seminario-la-investigacion-la-practica-clinica-la-prevencion\/","name":"Seminar from the research into clinical practice and prevention by professor Francisco Javier Nieto at UMH university - Departamento de Medicina Cl\u00ednica UMH","isPartOf":{"@id":"https:\/\/departamentomedicinaclinica.umh.es\/#website"},"primaryImageOfPage":{"@id":"https:\/\/departamentomedicinaclinica.umh.es\/2016\/03\/02\/seminario-la-investigacion-la-practica-clinica-la-prevencion\/#primaryimage"},"datePublished":"2016-03-02T09:11:50+00:00","dateModified":"2024-02-23T10:38:50+00:00","description":"Francisco Javier Nieto gives the Seminar from research to clinical practice and prevention: the long and tortuous path of translation in UMH university","breadcrumb":{"@id":"https:\/\/departamentomedicinaclinica.umh.es\/2016\/03\/02\/seminario-la-investigacion-la-practica-clinica-la-prevencion\/#breadcrumb"},"inLanguage":"en-US","potentialAction":[{"@type":"ReadAction","target":["https:\/\/departamentomedicinaclinica.umh.es\/2016\/03\/02\/seminario-la-investigacion-la-practica-clinica-la-prevencion\/"]}]},{"@type":"BreadcrumbList","@id":"https:\/\/departamentomedicinaclinica.umh.es\/2016\/03\/02\/seminario-la-investigacion-la-practica-clinica-la-prevencion\/#breadcrumb","itemListElement":[{"@type":"ListItem","position":1,"name":"Portada","item":"https:\/\/departamentomedicinaclinica.umh.es\/"},{"@type":"ListItem","position":2,"name":"Seminario de la investigaci\u00f3n a la pr\u00e1ctica cl\u00ednica y la prevenci\u00f3n por Francisco Javier Nieto en la UMH"}]},{"@type":"Article","@id":"https:\/\/departamentomedicinaclinica.umh.es\/2016\/03\/02\/seminario-la-investigacion-la-practica-clinica-la-prevencion\/#article","isPartOf":{"@id":"https:\/\/departamentomedicinaclinica.umh.es\/2016\/03\/02\/seminario-la-investigacion-la-practica-clinica-la-prevencion\/#webpage"},"author":{"@id":"https:\/\/departamentomedicinaclinica.umh.es\/#\/schema\/person\/4cce65f000b37391eb0fdba785a882b9"},"headline":"Seminar from the research into clinical practice and prevention by professor Francisco Javier Nieto at UMH university","datePublished":"2016-03-02T09:11:50+00:00","dateModified":"2024-02-23T10:38:50+00:00","mainEntityOfPage":{"@id":"https:\/\/departamentomedicinaclinica.umh.es\/2016\/03\/02\/seminario-la-investigacion-la-practica-clinica-la-prevencion\/#webpage"},"wordCount":983,"publisher":{"@id":"https:\/\/departamentomedicinaclinica.umh.es\/#organization"},"image":{"@id":"https:\/\/departamentomedicinaclinica.umh.es\/2016\/03\/02\/seminario-la-investigacion-la-practica-clinica-la-prevencion\/#primaryimage"},"thumbnailUrl":"https:\/\/departamentomedicinaclinica.umh.es\/files\/2016\/03\/PrevencionClinicaUMH2.jpg","keywords":["Departamento de Ciencias de Salud Poblacional","Francisco Javier Nieto","Seminario Salud P\u00fablica UMH","Seminarios en Ciencias de la Salud","Seminarios Medicina Universidad Miguel Hern\u00e1ndez","Seminarios UMH","UMH charlas","Universidad de Wisconsin-Madison"],"articleSection":["Congresos"],"inLanguage":"en-US"},{"@type":"Person","@id":"https:\/\/departamentomedicinaclinica.umh.es\/#\/schema\/person\/4cce65f000b37391eb0fdba785a882b9","name":"garcia.natalia","image":{"@type":"ImageObject","@id":"https:\/\/departamentomedicinaclinica.umh.es\/#personlogo","inLanguage":"en-US","url":"https:\/\/secure.gravatar.com\/avatar\/2f6b18e6f874050af9faeeac24349c8c?s=96&d=mm&r=g","contentUrl":"https:\/\/secure.gravatar.com\/avatar\/2f6b18e6f874050af9faeeac24349c8c?s=96&d=mm&r=g","caption":"garcia.natalia"},"url":"https:\/\/departamentomedicinaclinica.umh.es\/en\/author\/garcia-natalia\/"}]}},"_links":{"self":[{"href":"https:\/\/departamentomedicinaclinica.umh.es\/en\/wp-json\/wp\/v2\/posts\/11575"}],"collection":[{"href":"https:\/\/departamentomedicinaclinica.umh.es\/en\/wp-json\/wp\/v2\/posts"}],"about":[{"href":"https:\/\/departamentomedicinaclinica.umh.es\/en\/wp-json\/wp\/v2\/types\/post"}],"author":[{"embeddable":true,"href":"https:\/\/departamentomedicinaclinica.umh.es\/en\/wp-json\/wp\/v2\/users\/3158"}],"replies":[{"embeddable":true,"href":"https:\/\/departamentomedicinaclinica.umh.es\/en\/wp-json\/wp\/v2\/comments?post=11575"}],"version-history":[{"count":0,"href":"https:\/\/departamentomedicinaclinica.umh.es\/en\/wp-json\/wp\/v2\/posts\/11575\/revisions"}],"wp:featuredmedia":[{"embeddable":true,"href":"https:\/\/departamentomedicinaclinica.umh.es\/en\/wp-json\/wp\/v2\/media\/11705"}],"wp:attachment":[{"href":"https:\/\/departamentomedicinaclinica.umh.es\/en\/wp-json\/wp\/v2\/media?parent=11575"}],"wp:term":[{"taxonomy":"category","embeddable":true,"href":"https:\/\/departamentomedicinaclinica.umh.es\/en\/wp-json\/wp\/v2\/categories?post=11575"},{"taxonomy":"post_tag","embeddable":true,"href":"https:\/\/departamentomedicinaclinica.umh.es\/en\/wp-json\/wp\/v2\/tags?post=11575"}],"curies":[{"name":"wp","href":"https:\/\/api.w.org\/{rel}","templated":true}]}}