{"id":12020,"date":"2016-03-21T12:36:52","date_gmt":"2016-03-21T11:36:52","guid":{"rendered":"http:\/\/www.departamentomedicinaclinicaumh.es\/?p=12020"},"modified":"2024-02-23T10:38:50","modified_gmt":"2024-02-23T10:38:50","slug":"eliseo-pascual-premio-eular-reumatologia","status":"publish","type":"post","link":"https:\/\/departamentomedicinaclinica.umh.es\/en\/2016\/03\/21\/eliseo-pascual-premio-eular-reumatologia\/","title":{"rendered":"Eliseo Pascual EULAR Award by the European Societies Federation of Rheumatology from Miguel Hern\u00e1ndez University"},"content":{"rendered":"<p><\/p>\n<p>Recently, the Federation of European Societies of Rheumatology (EULAR) has granted to <strong>Eliseo Pascual G\u00f3mez<\/strong>, the &#8220;EULAR award distinguished service 2016&#8221;.<\/p>\n<p>&nbsp;<\/p>\n<h2>What is about the received Eliseo Pascual\u00a0EULAR Award\u00a0by the Federation of European Societies of Rheumatology?<\/h2>\n<p>&nbsp;<br \/>\nThe emeritus and chair professor of the<strong> Department of Clinical Medicine<\/strong> <a title=\"Visit the website of the UMH in a new window\" href=\"http:\/\/www.umh.es\/?lang=EN\" target=\"_blank\" rel=\"noopener\"> University Miguel Hern\u00e1ndez (UMH)<\/a> <!--more-->has received this award for his <strong>important teaching contributions<\/strong> by means of a <a title=\"Access to the content in a new window\" href=\"http:\/\/www.eular-onlinecourse.org\/\" target=\"_blank\" rel=\"noopener\">course for the localization of micro-crystals in liquid joint <\/a>offered during the <a title=\"Visit the website in a new window\" href=\"http:\/\/www.eular.org\/\" target=\"_blank\" rel=\"noopener\">annual EULAR Congress<\/a>. In addition, the deserved award is also for his extensive medical and professional career. The award to distinguished service EULAR 2016 &#8220;is the maximum award presented by this society&#8221;.<br \/>\n&nbsp;<\/p>\n<h2>What is the contribution of Eliseo Pascual\u00a0EULAR Award by the Federation of European Societies of Rheumatology?<\/h2>\n<p>&nbsp;<br \/>\nEliseo Pascual G\u00f3mez has contributed and represented to the <a title=\"Access the website in a new window\" href=\"http:\/\/www.ser.es\/\" target=\"_blank\" rel=\"noopener\">SER (Spanish Society of Rheumatology)<\/a> from the beginning, to the achievement of the <strong>EULAR Congress<\/strong>, through an educational section.<br \/>\nYou can get more information about Professor <strong>Eliseo Pascual G\u00f3mez<\/strong> through his <a title=\"Visit his teaching tab in a new window\" href=\"https:\/\/www.diarioinformacion.com\/elche\/2016\/03\/17\/federacion-sociedades-europeas--reumatologia-premia-eliseo-pascual\/1739907.html\" target=\"_blank\" rel=\"noopener\">teaching info UMH<\/a>.<br \/>\nProfessor Eliseo Pascual is <strong>one of professional medical experts today in the treatment of gout disease<\/strong>. Several scientific publications and studies have been performed so far with satisfactory results about gout and one of the leading worldwide is the professor of Medicine of the UMH Eliseo Pascual G\u00f3mez.<br \/>\nYou can also get further information about the professor in Medicine of the UMH on his professional tab<br \/>\n<a title=\"You can access his medical info in a new window\" href=\"http:\/\/www.vithas.es\/Alicante\/Cuadro-Medico\/Lista-Profesionales\/Detalle-Profesional?idProfesional=986\" target=\"_blank\" rel=\"noopener\">here<\/a><br \/>\nCurrently, professor Eliseo Pascual G\u00f3mez teaches online on different subjects of the degree in Medicine and also in the <strong> University Official Master&#8217;s Degree in Emergency Medicine at University Miguel Hern\u00e1ndez of Elche (Spain)<\/strong>. He also manages and continues with his wide careeer in Medicine and Rheumatology all around the world and background as main priority.<br \/>\n&nbsp;<br \/>\n&nbsp;<\/p>","protected":false},"excerpt":{"rendered":"<p>Sorry, this entry is only available in European Spanish.<\/p>\n","protected":false},"author":3158,"featured_media":12230,"comment_status":"closed","ping_status":"open","sticky":false,"template":"","format":"standard","meta":{"_links_to":"","_links_to_target":""},"categories":[964],"tags":[1174619,1248519,1321497,1322111,1322985,5116],"yoast_head":"<!-- This site is optimized with the Yoast SEO plugin v17.5 - https:\/\/yoast.com\/wordpress\/plugins\/seo\/ -->\n<meta name=\"description\" content=\"Eliseo Pascual EULAR Award for distinguished services in 2016 the Federation of European Rheumatology societies has awarded professor doctor\u00a0\" \/>\n<meta name=\"robots\" content=\"index, follow, max-snippet:-1, max-image-preview:large, max-video-preview:-1\" \/>\n<link rel=\"canonical\" href=\"https:\/\/departamentomedicinaclinica.umh.es\/en\/2016\/03\/21\/eliseo-pascual-premio-eular-reumatologia\/\" \/>\n<meta property=\"og:locale\" content=\"en_US\" \/>\n<meta property=\"og:type\" content=\"article\" \/>\n<meta property=\"og:title\" content=\"Eliseo Pascual EULAR Award by the European Societies Federation of Rheumatology from Miguel Hern\u00e1ndez University - Departamento de Medicina Cl\u00ednica UMH\" \/>\n<meta property=\"og:description\" content=\"Eliseo Pascual EULAR Award for distinguished services in 2016 the Federation of European Rheumatology societies has awarded professor doctor\u00a0\" \/>\n<meta property=\"og:url\" content=\"https:\/\/departamentomedicinaclinica.umh.es\/2016\/03\/21\/eliseo-pascual-premio-eular-reumatologia\/\" \/>\n<meta property=\"og:site_name\" content=\"Departamento de Medicina Cl\u00ednica UMH\" \/>\n<meta property=\"article:published_time\" content=\"2016-03-21T11:36:52+00:00\" \/>\n<meta property=\"article:modified_time\" content=\"2024-02-23T10:38:50+00:00\" \/>\n<meta property=\"og:image\" content=\"https:\/\/departamentomedicinaclinica.umh.es\/files\/2016\/03\/16-03-16-premio-europeo-reumatologia1-e14585622527761.jpg\" \/>\n\t<meta property=\"og:image:width\" content=\"555\" \/>\n\t<meta property=\"og:image:height\" content=\"346\" \/>\n<meta name=\"twitter:card\" content=\"summary_large_image\" \/>\n<meta name=\"twitter:creator\" content=\"@medicinaumh\" \/>\n<meta name=\"twitter:site\" content=\"@medicinaumh\" \/>\n<meta name=\"twitter:label1\" content=\"Written by\" \/>\n\t<meta name=\"twitter:data1\" content=\"garcia.natalia\" \/>\n\t<meta name=\"twitter:label2\" content=\"Est. reading time\" \/>\n\t<meta name=\"twitter:data2\" content=\"5 minutes\" \/>\n<script type=\"application\/ld+json\" class=\"yoast-schema-graph\">{\"@context\":\"https:\/\/schema.org\",\"@graph\":[{\"@type\":\"Organization\",\"@id\":\"https:\/\/departamentomedicinaclinica.umh.es\/#organization\",\"name\":\"Departamento Medicina Cl\\u00ednica Universidad Miguel Hern\\u00e1ndez de Elche\",\"url\":\"https:\/\/departamentomedicinaclinica.umh.es\/\",\"sameAs\":[\"https:\/\/www.youtube.com\/playlist?list=PLClKgnzRFYe6Y_i4QLNSlOwsZn0X3Klmb\",\"https:\/\/twitter.com\/medicinaumh\"],\"logo\":{\"@type\":\"ImageObject\",\"@id\":\"https:\/\/departamentomedicinaclinica.umh.es\/#logo\",\"inLanguage\":\"en-US\",\"url\":\"https:\/\/departamentomedicinaclinica.umh.es\/files\/2024\/07\/meclin-vertical.png\",\"contentUrl\":\"https:\/\/departamentomedicinaclinica.umh.es\/files\/2024\/07\/meclin-vertical.png\",\"width\":1376,\"height\":1600,\"caption\":\"Departamento Medicina Cl\\u00ednica Universidad Miguel Hern\\u00e1ndez de Elche\"},\"image\":{\"@id\":\"https:\/\/departamentomedicinaclinica.umh.es\/#logo\"}},{\"@type\":\"WebSite\",\"@id\":\"https:\/\/departamentomedicinaclinica.umh.es\/#website\",\"url\":\"https:\/\/departamentomedicinaclinica.umh.es\/\",\"name\":\"Departamento de Medicina Cl\\u00ednica UMH\",\"description\":\"Otro sitio m\\u00e1s de Zeus.umh.es Blogs\",\"publisher\":{\"@id\":\"https:\/\/departamentomedicinaclinica.umh.es\/#organization\"},\"potentialAction\":[{\"@type\":\"SearchAction\",\"target\":{\"@type\":\"EntryPoint\",\"urlTemplate\":\"https:\/\/departamentomedicinaclinica.umh.es\/?s={search_term_string}\"},\"query-input\":\"required name=search_term_string\"}],\"inLanguage\":\"en-US\"},{\"@type\":\"ImageObject\",\"@id\":\"https:\/\/departamentomedicinaclinica.umh.es\/2016\/03\/21\/eliseo-pascual-premio-eular-reumatologia\/#primaryimage\",\"inLanguage\":\"en-US\",\"url\":\"https:\/\/departamentomedicinaclinica.umh.es\/files\/2016\/03\/16-03-16-premio-europeo-reumatologia1-e14585622527761.jpg\",\"contentUrl\":\"https:\/\/departamentomedicinaclinica.umh.es\/files\/2016\/03\/16-03-16-premio-europeo-reumatologia1-e14585622527761.jpg\",\"width\":555,\"height\":346,\"caption\":\"Eliseo Pascual premio EULAR reumatolog\\u00eda\"},{\"@type\":\"WebPage\",\"@id\":\"https:\/\/departamentomedicinaclinica.umh.es\/2016\/03\/21\/eliseo-pascual-premio-eular-reumatologia\/#webpage\",\"url\":\"https:\/\/departamentomedicinaclinica.umh.es\/2016\/03\/21\/eliseo-pascual-premio-eular-reumatologia\/\",\"name\":\"Eliseo Pascual EULAR Award by the European Societies Federation of Rheumatology from Miguel Hern\\u00e1ndez University - Departamento de Medicina Cl\\u00ednica UMH\",\"isPartOf\":{\"@id\":\"https:\/\/departamentomedicinaclinica.umh.es\/#website\"},\"primaryImageOfPage\":{\"@id\":\"https:\/\/departamentomedicinaclinica.umh.es\/2016\/03\/21\/eliseo-pascual-premio-eular-reumatologia\/#primaryimage\"},\"datePublished\":\"2016-03-21T11:36:52+00:00\",\"dateModified\":\"2024-02-23T10:38:50+00:00\",\"description\":\"Eliseo Pascual EULAR Award for distinguished services in 2016 the Federation of European Rheumatology societies has awarded professor doctor\\u00a0\",\"breadcrumb\":{\"@id\":\"https:\/\/departamentomedicinaclinica.umh.es\/2016\/03\/21\/eliseo-pascual-premio-eular-reumatologia\/#breadcrumb\"},\"inLanguage\":\"en-US\",\"potentialAction\":[{\"@type\":\"ReadAction\",\"target\":[\"https:\/\/departamentomedicinaclinica.umh.es\/2016\/03\/21\/eliseo-pascual-premio-eular-reumatologia\/\"]}]},{\"@type\":\"BreadcrumbList\",\"@id\":\"https:\/\/departamentomedicinaclinica.umh.es\/2016\/03\/21\/eliseo-pascual-premio-eular-reumatologia\/#breadcrumb\",\"itemListElement\":[{\"@type\":\"ListItem\",\"position\":1,\"name\":\"Portada\",\"item\":\"https:\/\/departamentomedicinaclinica.umh.es\/\"},{\"@type\":\"ListItem\",\"position\":2,\"name\":\"Eliseo Pascual Premio EULAR por la Federaci\\u00f3n de Sociedades Europeas de Reumatolog\\u00eda\"}]},{\"@type\":\"Article\",\"@id\":\"https:\/\/departamentomedicinaclinica.umh.es\/2016\/03\/21\/eliseo-pascual-premio-eular-reumatologia\/#article\",\"isPartOf\":{\"@id\":\"https:\/\/departamentomedicinaclinica.umh.es\/2016\/03\/21\/eliseo-pascual-premio-eular-reumatologia\/#webpage\"},\"author\":{\"@id\":\"https:\/\/departamentomedicinaclinica.umh.es\/#\/schema\/person\/4cce65f000b37391eb0fdba785a882b9\"},\"headline\":\"Eliseo Pascual EULAR Award by the European Societies Federation of Rheumatology from Miguel Hern\\u00e1ndez University\",\"datePublished\":\"2016-03-21T11:36:52+00:00\",\"dateModified\":\"2024-02-23T10:38:50+00:00\",\"mainEntityOfPage\":{\"@id\":\"https:\/\/departamentomedicinaclinica.umh.es\/2016\/03\/21\/eliseo-pascual-premio-eular-reumatologia\/#webpage\"},\"wordCount\":999,\"publisher\":{\"@id\":\"https:\/\/departamentomedicinaclinica.umh.es\/#organization\"},\"image\":{\"@id\":\"https:\/\/departamentomedicinaclinica.umh.es\/2016\/03\/21\/eliseo-pascual-premio-eular-reumatologia\/#primaryimage\"},\"thumbnailUrl\":\"https:\/\/departamentomedicinaclinica.umh.es\/files\/2016\/03\/16-03-16-premio-europeo-reumatologia1-e14585622527761.jpg\",\"keywords\":[\"Galardones Reumatolog\\u00eda\",\"Medicina Cl\\u00ednica Reumatolog\\u00eda Eliseo Pascua\",\"Premiados Reumatolog\\u00eda UMH\",\"Premio EULAR Eliseo Pascual G\\u00f3mez\",\"Premios EULAR\",\"Reumathology Awards Eliseo Pascual\"],\"articleSection\":[\"Actualidad\"],\"inLanguage\":\"en-US\"},{\"@type\":\"Person\",\"@id\":\"https:\/\/departamentomedicinaclinica.umh.es\/#\/schema\/person\/4cce65f000b37391eb0fdba785a882b9\",\"name\":\"garcia.natalia\",\"image\":{\"@type\":\"ImageObject\",\"@id\":\"https:\/\/departamentomedicinaclinica.umh.es\/#personlogo\",\"inLanguage\":\"en-US\",\"url\":\"https:\/\/secure.gravatar.com\/avatar\/2f6b18e6f874050af9faeeac24349c8c?s=96&d=mm&r=g\",\"contentUrl\":\"https:\/\/secure.gravatar.com\/avatar\/2f6b18e6f874050af9faeeac24349c8c?s=96&d=mm&r=g\",\"caption\":\"garcia.natalia\"},\"url\":\"https:\/\/departamentomedicinaclinica.umh.es\/en\/author\/garcia-natalia\/\"}]}<\/script>\n<!-- \/ Yoast SEO plugin. -->","yoast_head_json":{"description":"Eliseo Pascual EULAR Award for distinguished services in 2016 the Federation of European Rheumatology societies has awarded professor doctor\u00a0","robots":{"index":"index","follow":"follow","max-snippet":"max-snippet:-1","max-image-preview":"max-image-preview:large","max-video-preview":"max-video-preview:-1"},"canonical":"https:\/\/departamentomedicinaclinica.umh.es\/en\/2016\/03\/21\/eliseo-pascual-premio-eular-reumatologia\/","og_locale":"en_US","og_type":"article","og_title":"Eliseo Pascual EULAR Award by the European Societies Federation of Rheumatology from Miguel Hern\u00e1ndez University - Departamento de Medicina Cl\u00ednica UMH","og_description":"Eliseo Pascual EULAR Award for distinguished services in 2016 the Federation of European Rheumatology societies has awarded professor doctor\u00a0","og_url":"https:\/\/departamentomedicinaclinica.umh.es\/2016\/03\/21\/eliseo-pascual-premio-eular-reumatologia\/","og_site_name":"Departamento de Medicina Cl\u00ednica UMH","article_published_time":"2016-03-21T11:36:52+00:00","article_modified_time":"2024-02-23T10:38:50+00:00","og_image":[{"width":555,"height":346,"url":"https:\/\/departamentomedicinaclinica.umh.es\/files\/2016\/03\/16-03-16-premio-europeo-reumatologia1-e14585622527761.jpg","type":"image\/jpeg"}],"twitter_card":"summary_large_image","twitter_creator":"@medicinaumh","twitter_site":"@medicinaumh","twitter_misc":{"Written by":"garcia.natalia","Est. reading time":"5 minutes"},"schema":{"@context":"https:\/\/schema.org","@graph":[{"@type":"Organization","@id":"https:\/\/departamentomedicinaclinica.umh.es\/#organization","name":"Departamento Medicina Cl\u00ednica Universidad Miguel Hern\u00e1ndez de Elche","url":"https:\/\/departamentomedicinaclinica.umh.es\/","sameAs":["https:\/\/www.youtube.com\/playlist?list=PLClKgnzRFYe6Y_i4QLNSlOwsZn0X3Klmb","https:\/\/twitter.com\/medicinaumh"],"logo":{"@type":"ImageObject","@id":"https:\/\/departamentomedicinaclinica.umh.es\/#logo","inLanguage":"en-US","url":"https:\/\/departamentomedicinaclinica.umh.es\/files\/2024\/07\/meclin-vertical.png","contentUrl":"https:\/\/departamentomedicinaclinica.umh.es\/files\/2024\/07\/meclin-vertical.png","width":1376,"height":1600,"caption":"Departamento Medicina Cl\u00ednica Universidad Miguel Hern\u00e1ndez de Elche"},"image":{"@id":"https:\/\/departamentomedicinaclinica.umh.es\/#logo"}},{"@type":"WebSite","@id":"https:\/\/departamentomedicinaclinica.umh.es\/#website","url":"https:\/\/departamentomedicinaclinica.umh.es\/","name":"Departamento de Medicina Cl\u00ednica UMH","description":"Otro sitio m\u00e1s de Zeus.umh.es Blogs","publisher":{"@id":"https:\/\/departamentomedicinaclinica.umh.es\/#organization"},"potentialAction":[{"@type":"SearchAction","target":{"@type":"EntryPoint","urlTemplate":"https:\/\/departamentomedicinaclinica.umh.es\/?s={search_term_string}"},"query-input":"required name=search_term_string"}],"inLanguage":"en-US"},{"@type":"ImageObject","@id":"https:\/\/departamentomedicinaclinica.umh.es\/2016\/03\/21\/eliseo-pascual-premio-eular-reumatologia\/#primaryimage","inLanguage":"en-US","url":"https:\/\/departamentomedicinaclinica.umh.es\/files\/2016\/03\/16-03-16-premio-europeo-reumatologia1-e14585622527761.jpg","contentUrl":"https:\/\/departamentomedicinaclinica.umh.es\/files\/2016\/03\/16-03-16-premio-europeo-reumatologia1-e14585622527761.jpg","width":555,"height":346,"caption":"Eliseo Pascual premio EULAR reumatolog\u00eda"},{"@type":"WebPage","@id":"https:\/\/departamentomedicinaclinica.umh.es\/2016\/03\/21\/eliseo-pascual-premio-eular-reumatologia\/#webpage","url":"https:\/\/departamentomedicinaclinica.umh.es\/2016\/03\/21\/eliseo-pascual-premio-eular-reumatologia\/","name":"Eliseo Pascual EULAR Award by the European Societies Federation of Rheumatology from Miguel Hern\u00e1ndez University - Departamento de Medicina Cl\u00ednica UMH","isPartOf":{"@id":"https:\/\/departamentomedicinaclinica.umh.es\/#website"},"primaryImageOfPage":{"@id":"https:\/\/departamentomedicinaclinica.umh.es\/2016\/03\/21\/eliseo-pascual-premio-eular-reumatologia\/#primaryimage"},"datePublished":"2016-03-21T11:36:52+00:00","dateModified":"2024-02-23T10:38:50+00:00","description":"Eliseo Pascual EULAR Award for distinguished services in 2016 the Federation of European Rheumatology societies has awarded professor doctor\u00a0","breadcrumb":{"@id":"https:\/\/departamentomedicinaclinica.umh.es\/2016\/03\/21\/eliseo-pascual-premio-eular-reumatologia\/#breadcrumb"},"inLanguage":"en-US","potentialAction":[{"@type":"ReadAction","target":["https:\/\/departamentomedicinaclinica.umh.es\/2016\/03\/21\/eliseo-pascual-premio-eular-reumatologia\/"]}]},{"@type":"BreadcrumbList","@id":"https:\/\/departamentomedicinaclinica.umh.es\/2016\/03\/21\/eliseo-pascual-premio-eular-reumatologia\/#breadcrumb","itemListElement":[{"@type":"ListItem","position":1,"name":"Portada","item":"https:\/\/departamentomedicinaclinica.umh.es\/"},{"@type":"ListItem","position":2,"name":"Eliseo Pascual Premio EULAR por la Federaci\u00f3n de Sociedades Europeas de Reumatolog\u00eda"}]},{"@type":"Article","@id":"https:\/\/departamentomedicinaclinica.umh.es\/2016\/03\/21\/eliseo-pascual-premio-eular-reumatologia\/#article","isPartOf":{"@id":"https:\/\/departamentomedicinaclinica.umh.es\/2016\/03\/21\/eliseo-pascual-premio-eular-reumatologia\/#webpage"},"author":{"@id":"https:\/\/departamentomedicinaclinica.umh.es\/#\/schema\/person\/4cce65f000b37391eb0fdba785a882b9"},"headline":"Eliseo Pascual EULAR Award by the European Societies Federation of Rheumatology from Miguel Hern\u00e1ndez University","datePublished":"2016-03-21T11:36:52+00:00","dateModified":"2024-02-23T10:38:50+00:00","mainEntityOfPage":{"@id":"https:\/\/departamentomedicinaclinica.umh.es\/2016\/03\/21\/eliseo-pascual-premio-eular-reumatologia\/#webpage"},"wordCount":999,"publisher":{"@id":"https:\/\/departamentomedicinaclinica.umh.es\/#organization"},"image":{"@id":"https:\/\/departamentomedicinaclinica.umh.es\/2016\/03\/21\/eliseo-pascual-premio-eular-reumatologia\/#primaryimage"},"thumbnailUrl":"https:\/\/departamentomedicinaclinica.umh.es\/files\/2016\/03\/16-03-16-premio-europeo-reumatologia1-e14585622527761.jpg","keywords":["Galardones Reumatolog\u00eda","Medicina Cl\u00ednica Reumatolog\u00eda Eliseo Pascua","Premiados Reumatolog\u00eda UMH","Premio EULAR Eliseo Pascual G\u00f3mez","Premios EULAR","Reumathology Awards Eliseo Pascual"],"articleSection":["Actualidad"],"inLanguage":"en-US"},{"@type":"Person","@id":"https:\/\/departamentomedicinaclinica.umh.es\/#\/schema\/person\/4cce65f000b37391eb0fdba785a882b9","name":"garcia.natalia","image":{"@type":"ImageObject","@id":"https:\/\/departamentomedicinaclinica.umh.es\/#personlogo","inLanguage":"en-US","url":"https:\/\/secure.gravatar.com\/avatar\/2f6b18e6f874050af9faeeac24349c8c?s=96&d=mm&r=g","contentUrl":"https:\/\/secure.gravatar.com\/avatar\/2f6b18e6f874050af9faeeac24349c8c?s=96&d=mm&r=g","caption":"garcia.natalia"},"url":"https:\/\/departamentomedicinaclinica.umh.es\/en\/author\/garcia-natalia\/"}]}},"_links":{"self":[{"href":"https:\/\/departamentomedicinaclinica.umh.es\/en\/wp-json\/wp\/v2\/posts\/12020"}],"collection":[{"href":"https:\/\/departamentomedicinaclinica.umh.es\/en\/wp-json\/wp\/v2\/posts"}],"about":[{"href":"https:\/\/departamentomedicinaclinica.umh.es\/en\/wp-json\/wp\/v2\/types\/post"}],"author":[{"embeddable":true,"href":"https:\/\/departamentomedicinaclinica.umh.es\/en\/wp-json\/wp\/v2\/users\/3158"}],"replies":[{"embeddable":true,"href":"https:\/\/departamentomedicinaclinica.umh.es\/en\/wp-json\/wp\/v2\/comments?post=12020"}],"version-history":[{"count":0,"href":"https:\/\/departamentomedicinaclinica.umh.es\/en\/wp-json\/wp\/v2\/posts\/12020\/revisions"}],"wp:featuredmedia":[{"embeddable":true,"href":"https:\/\/departamentomedicinaclinica.umh.es\/en\/wp-json\/wp\/v2\/media\/12230"}],"wp:attachment":[{"href":"https:\/\/departamentomedicinaclinica.umh.es\/en\/wp-json\/wp\/v2\/media?parent=12020"}],"wp:term":[{"taxonomy":"category","embeddable":true,"href":"https:\/\/departamentomedicinaclinica.umh.es\/en\/wp-json\/wp\/v2\/categories?post=12020"},{"taxonomy":"post_tag","embeddable":true,"href":"https:\/\/departamentomedicinaclinica.umh.es\/en\/wp-json\/wp\/v2\/tags?post=12020"}],"curies":[{"name":"wp","href":"https:\/\/api.w.org\/{rel}","templated":true}]}}