{"id":13149,"date":"2016-06-30T12:55:49","date_gmt":"2016-06-30T10:55:49","guid":{"rendered":"http:\/\/www.departamentomedicinaclinicaumh.es\/?p=13149"},"modified":"2024-02-23T10:38:49","modified_gmt":"2024-02-23T10:38:49","slug":"graduacion-grado-en-medicina-umh","status":"publish","type":"post","link":"https:\/\/departamentomedicinaclinica.umh.es\/en\/2016\/06\/30\/graduacion-grado-en-medicina-umh\/","title":{"rendered":"Celebrated the graduation ceremony i promotion of degree in Medicine UMH"},"content":{"rendered":"<p>Last weekend was held in Alicante the <strong>Graduation Ceremony I Promotion Degree in Medicine UMH I<\/strong>. The event with the students of the<a href=\"http:\/\/umh.es\/\" target=\"_blank\" rel=\"noopener\"> University Miguel Hern\u00e1ndez (UMH)<\/a> took place in the <strong><a href=\"http:\/\/www.e-coma.es\" target=\"_blank\" rel=\"noopener\">Official College of Doctors of Alicante (Spain)<\/a><\/strong> of the capital.<\/p>\n<h2>Who presided over the ceremony of Graduation of the I Promotion of Degree in Medicine UMH?<\/h2>\n<p><!--more--><br \/>\n<img loading=\"lazy\" class=\"aligncenter wp-image-2334 size-full\" title=\"Estudios de Grado en Medicina UMH\" src=\"https:\/\/departamentomedicinaclinica.umh.es\/files\/2015\/01\/MedicinaUMH.jpg\" alt=\"Degree in Medicine UMH brochure\" width=\"520\" height=\"508\" srcset=\"https:\/\/departamentomedicinaclinica.umh.es\/files\/2015\/01\/MedicinaUMH.jpg 520w, https:\/\/departamentomedicinaclinica.umh.es\/files\/2015\/01\/MedicinaUMH-300x293.jpg 300w\" sizes=\"(max-width: 520px) 100vw, 520px\" \/><br \/>\nThe graduation ceremony of the 1st Promotion of degree in Medicine was mainly presided over by different personalities related to the academic area of the University Miguel Hern\u00e1ndez, among others:<\/p>\n<ul>\n<li><a href=\"http:\/\/in.umh.es\/personal-detalle.aspx?personal=1\" target=\"_blank\" rel=\"noopener\">Mar\u00eda Carmen Acosta Boj<\/a>, Vicedean for studies of UMH,<\/li>\n<\/ul>\n<p>In addition, the important event was attended, several personalities from the academic and professional sector. Among others:<\/p>\n<ul>\n<li><a href=\"http:\/\/www.umh.es\/contenido\/pdi\/:persona_5319\/datos_en.html\" target=\"_blank\" rel=\"noopener\">Antonio Compa\u00f1 Rosique<\/a>, Dean of the Faculty of Medicine of the UMH<\/li>\n<li><a href=\"https:\/\/www.linkedin.com\/in\/jose-pastor-rosado-21b4618b\" target=\"_blank\" rel=\"noopener\">Jos\u00e9 Pastor Rosado<\/a>, president of the Official College of Doctors of Alicante (Spain)<\/li>\n<\/ul>\n<p>And at the same time acted as godfathers of the Graduation Ceremony of the 1st promotion of degree of Medicine of the University Miguel Hern\u00e1ndez at the College of Doctors of Alicante (Spain):<\/p>\n<ul>\n<li><a href=\"http:\/\/www.umh.es\/contenido\/pdi\/:persona_5695\/datos_en.html\" target=\"_blank\" rel=\"noopener\">Susana Jim\u00e9nez Moreno<\/a>, professor at UMH<\/li>\n<li><a href=\"https:\/\/www.researchgate.net\/scientific-contributions\/11243949_Jaime_Merino_Sanchez\" target=\"_blank\" rel=\"noopener\">Jaime Merino S\u00e1nchez<\/a>, professor of Medicine at UMH<\/li>\n<\/ul>\n<p><img class=\"aligncenter\" title=\"Students of the Promotion of degree inMmedicine UMH students during the Graduation\" src=\"http:\/\/comunicacion.umh.es\/files\/2016\/06\/27-06-16-graduaci%C3%B3n-medicina-recortada.jpg\" alt=\"Graduation promotion I degree in Medicine UMH\" \/><\/p>\n<h2>Who took part in the Ceremony of Graduation of the I Promotion of degree in Medicine UMH in the illustrious College of Doctors of Alicante?<\/h2>\n<p>During the <strong>ceremony of graduation of the 1st degree in medicine promotion<\/strong> attended several students of the University Miguel Hern\u00e1ndez, among others:<br \/>\nJavier Bosque Moreno.<br \/>\nBlanca Bayoumy Delis and Yaiza Galva\u00f1 F\u00e9lix were commissioned to carry out the <strong>Introduction to the Hippocratic Oath<\/strong>.<br \/>\nFinally, Professor and external professor collaborator of Medicine UMH, <strong>Jaime Merino S\u00e1nchez<\/strong>, gave the masterful lesson in the Graduation Ceremony I degree Promotion in Medicine of the University Miguel Hern\u00e1ndez in the official College of Doctors of Alicante (Spain).<\/p>","protected":false},"excerpt":{"rendered":"<p>Sorry, this entry is only available in European Spanish.<\/p>\n","protected":false},"author":3158,"featured_media":13170,"comment_status":"closed","ping_status":"open","sticky":false,"template":"","format":"standard","meta":{"_links_to":"","_links_to_target":""},"categories":[964],"tags":[998237,1152960,1177702,1250535,40775,6265,6301],"yoast_head":"<!-- This site is optimized with the Yoast SEO plugin v17.5 - https:\/\/yoast.com\/wordpress\/plugins\/seo\/ -->\n<meta name=\"description\" content=\"On the weekend, the 1st event of Graduation and Promotion of degree in Medicine UMH was held. Students of Miguel Hern\u00e1ndez University attended Alicante.\" \/>\n<meta name=\"robots\" content=\"index, follow, max-snippet:-1, max-image-preview:large, max-video-preview:-1\" \/>\n<link rel=\"canonical\" href=\"https:\/\/departamentomedicinaclinica.umh.es\/en\/2016\/06\/30\/graduacion-grado-en-medicina-umh\/\" \/>\n<meta property=\"og:locale\" content=\"en_US\" \/>\n<meta property=\"og:type\" content=\"article\" \/>\n<meta property=\"og:title\" content=\"Celebrated the graduation ceremony i promotion of degree in Medicine UMH - Departamento de Medicina Cl\u00ednica UMH\" \/>\n<meta property=\"og:description\" content=\"On the weekend, the 1st event of Graduation and Promotion of degree in Medicine UMH was held. Students of Miguel Hern\u00e1ndez University attended Alicante.\" \/>\n<meta property=\"og:url\" content=\"https:\/\/departamentomedicinaclinica.umh.es\/2016\/06\/30\/graduacion-grado-en-medicina-umh\/\" \/>\n<meta property=\"og:site_name\" content=\"Departamento de Medicina Cl\u00ednica UMH\" \/>\n<meta property=\"article:published_time\" content=\"2016-06-30T10:55:49+00:00\" \/>\n<meta property=\"article:modified_time\" content=\"2024-02-23T10:38:49+00:00\" \/>\n<meta property=\"og:image\" content=\"https:\/\/departamentomedicinaclinica.umh.es\/files\/2016\/06\/GraduacionMedicinaUMH.jpg\" \/>\n\t<meta property=\"og:image:width\" content=\"547\" \/>\n\t<meta property=\"og:image:height\" content=\"334\" \/>\n<meta name=\"twitter:card\" content=\"summary_large_image\" \/>\n<meta name=\"twitter:creator\" content=\"@medicinaumh\" \/>\n<meta name=\"twitter:site\" content=\"@medicinaumh\" \/>\n<meta name=\"twitter:label1\" content=\"Written by\" \/>\n\t<meta name=\"twitter:data1\" content=\"garcia.natalia\" \/>\n\t<meta name=\"twitter:label2\" content=\"Est. reading time\" \/>\n\t<meta name=\"twitter:data2\" content=\"5 minutes\" \/>\n<script type=\"application\/ld+json\" class=\"yoast-schema-graph\">{\"@context\":\"https:\/\/schema.org\",\"@graph\":[{\"@type\":\"Organization\",\"@id\":\"https:\/\/departamentomedicinaclinica.umh.es\/#organization\",\"name\":\"Departamento Medicina Cl\\u00ednica Universidad Miguel Hern\\u00e1ndez de Elche\",\"url\":\"https:\/\/departamentomedicinaclinica.umh.es\/\",\"sameAs\":[\"https:\/\/www.youtube.com\/playlist?list=PLClKgnzRFYe6Y_i4QLNSlOwsZn0X3Klmb\",\"https:\/\/twitter.com\/medicinaumh\"],\"logo\":{\"@type\":\"ImageObject\",\"@id\":\"https:\/\/departamentomedicinaclinica.umh.es\/#logo\",\"inLanguage\":\"en-US\",\"url\":\"https:\/\/departamentomedicinaclinica.umh.es\/files\/2024\/07\/meclin-vertical.png\",\"contentUrl\":\"https:\/\/departamentomedicinaclinica.umh.es\/files\/2024\/07\/meclin-vertical.png\",\"width\":1376,\"height\":1600,\"caption\":\"Departamento Medicina Cl\\u00ednica Universidad Miguel Hern\\u00e1ndez de Elche\"},\"image\":{\"@id\":\"https:\/\/departamentomedicinaclinica.umh.es\/#logo\"}},{\"@type\":\"WebSite\",\"@id\":\"https:\/\/departamentomedicinaclinica.umh.es\/#website\",\"url\":\"https:\/\/departamentomedicinaclinica.umh.es\/\",\"name\":\"Departamento de Medicina Cl\\u00ednica UMH\",\"description\":\"Otro sitio m\\u00e1s de Zeus.umh.es Blogs\",\"publisher\":{\"@id\":\"https:\/\/departamentomedicinaclinica.umh.es\/#organization\"},\"potentialAction\":[{\"@type\":\"SearchAction\",\"target\":{\"@type\":\"EntryPoint\",\"urlTemplate\":\"https:\/\/departamentomedicinaclinica.umh.es\/?s={search_term_string}\"},\"query-input\":\"required name=search_term_string\"}],\"inLanguage\":\"en-US\"},{\"@type\":\"ImageObject\",\"@id\":\"https:\/\/departamentomedicinaclinica.umh.es\/2016\/06\/30\/graduacion-grado-en-medicina-umh\/#primaryimage\",\"inLanguage\":\"en-US\",\"url\":\"https:\/\/departamentomedicinaclinica.umh.es\/files\/2016\/06\/GraduacionMedicinaUMH.jpg\",\"contentUrl\":\"https:\/\/departamentomedicinaclinica.umh.es\/files\/2016\/06\/GraduacionMedicinaUMH.jpg\",\"width\":547,\"height\":334,\"caption\":\"Graduaci\\u00f3n Medicina UMH\"},{\"@type\":\"WebPage\",\"@id\":\"https:\/\/departamentomedicinaclinica.umh.es\/2016\/06\/30\/graduacion-grado-en-medicina-umh\/#webpage\",\"url\":\"https:\/\/departamentomedicinaclinica.umh.es\/2016\/06\/30\/graduacion-grado-en-medicina-umh\/\",\"name\":\"Celebrated the graduation ceremony i promotion of degree in Medicine UMH - Departamento de Medicina Cl\\u00ednica UMH\",\"isPartOf\":{\"@id\":\"https:\/\/departamentomedicinaclinica.umh.es\/#website\"},\"primaryImageOfPage\":{\"@id\":\"https:\/\/departamentomedicinaclinica.umh.es\/2016\/06\/30\/graduacion-grado-en-medicina-umh\/#primaryimage\"},\"datePublished\":\"2016-06-30T10:55:49+00:00\",\"dateModified\":\"2024-02-23T10:38:49+00:00\",\"description\":\"On the weekend, the 1st event of Graduation and Promotion of degree in Medicine UMH was held. Students of Miguel Hern\\u00e1ndez University attended Alicante.\",\"breadcrumb\":{\"@id\":\"https:\/\/departamentomedicinaclinica.umh.es\/2016\/06\/30\/graduacion-grado-en-medicina-umh\/#breadcrumb\"},\"inLanguage\":\"en-US\",\"potentialAction\":[{\"@type\":\"ReadAction\",\"target\":[\"https:\/\/departamentomedicinaclinica.umh.es\/2016\/06\/30\/graduacion-grado-en-medicina-umh\/\"]}]},{\"@type\":\"BreadcrumbList\",\"@id\":\"https:\/\/departamentomedicinaclinica.umh.es\/2016\/06\/30\/graduacion-grado-en-medicina-umh\/#breadcrumb\",\"itemListElement\":[{\"@type\":\"ListItem\",\"position\":1,\"name\":\"Portada\",\"item\":\"https:\/\/departamentomedicinaclinica.umh.es\/\"},{\"@type\":\"ListItem\",\"position\":2,\"name\":\"Celebrado el acto de graduaci\\u00f3n i promoci\\u00f3n de grado en Medicina UMH\"}]},{\"@type\":\"Article\",\"@id\":\"https:\/\/departamentomedicinaclinica.umh.es\/2016\/06\/30\/graduacion-grado-en-medicina-umh\/#article\",\"isPartOf\":{\"@id\":\"https:\/\/departamentomedicinaclinica.umh.es\/2016\/06\/30\/graduacion-grado-en-medicina-umh\/#webpage\"},\"author\":{\"@id\":\"https:\/\/departamentomedicinaclinica.umh.es\/#\/schema\/person\/4cce65f000b37391eb0fdba785a882b9\"},\"headline\":\"Celebrated the graduation ceremony i promotion of degree in Medicine UMH\",\"datePublished\":\"2016-06-30T10:55:49+00:00\",\"dateModified\":\"2024-02-23T10:38:49+00:00\",\"mainEntityOfPage\":{\"@id\":\"https:\/\/departamentomedicinaclinica.umh.es\/2016\/06\/30\/graduacion-grado-en-medicina-umh\/#webpage\"},\"wordCount\":1000,\"publisher\":{\"@id\":\"https:\/\/departamentomedicinaclinica.umh.es\/#organization\"},\"image\":{\"@id\":\"https:\/\/departamentomedicinaclinica.umh.es\/2016\/06\/30\/graduacion-grado-en-medicina-umh\/#primaryimage\"},\"thumbnailUrl\":\"https:\/\/departamentomedicinaclinica.umh.es\/files\/2016\/06\/GraduacionMedicinaUMH.jpg\",\"keywords\":[\"Acto Acad\\u00e9mico Medicina UMH\",\"Evento Medicina Alicante\",\"Graduaci\\u00f3n Medicina Alicante\",\"Medicina Elche\",\"Medicina UMH\",\"Universidad Miguel Hern\\u00e1ndez\",\"Universitarios graduaci\\u00f3n Medicina UMH\"],\"articleSection\":[\"Actualidad\"],\"inLanguage\":\"en-US\"},{\"@type\":\"Person\",\"@id\":\"https:\/\/departamentomedicinaclinica.umh.es\/#\/schema\/person\/4cce65f000b37391eb0fdba785a882b9\",\"name\":\"garcia.natalia\",\"image\":{\"@type\":\"ImageObject\",\"@id\":\"https:\/\/departamentomedicinaclinica.umh.es\/#personlogo\",\"inLanguage\":\"en-US\",\"url\":\"https:\/\/secure.gravatar.com\/avatar\/2f6b18e6f874050af9faeeac24349c8c?s=96&d=mm&r=g\",\"contentUrl\":\"https:\/\/secure.gravatar.com\/avatar\/2f6b18e6f874050af9faeeac24349c8c?s=96&d=mm&r=g\",\"caption\":\"garcia.natalia\"},\"url\":\"https:\/\/departamentomedicinaclinica.umh.es\/en\/author\/garcia-natalia\/\"}]}<\/script>\n<!-- \/ Yoast SEO plugin. -->","yoast_head_json":{"description":"On the weekend, the 1st event of Graduation and Promotion of degree in Medicine UMH was held. Students of Miguel Hern\u00e1ndez University attended Alicante.","robots":{"index":"index","follow":"follow","max-snippet":"max-snippet:-1","max-image-preview":"max-image-preview:large","max-video-preview":"max-video-preview:-1"},"canonical":"https:\/\/departamentomedicinaclinica.umh.es\/en\/2016\/06\/30\/graduacion-grado-en-medicina-umh\/","og_locale":"en_US","og_type":"article","og_title":"Celebrated the graduation ceremony i promotion of degree in Medicine UMH - Departamento de Medicina Cl\u00ednica UMH","og_description":"On the weekend, the 1st event of Graduation and Promotion of degree in Medicine UMH was held. Students of Miguel Hern\u00e1ndez University attended Alicante.","og_url":"https:\/\/departamentomedicinaclinica.umh.es\/2016\/06\/30\/graduacion-grado-en-medicina-umh\/","og_site_name":"Departamento de Medicina Cl\u00ednica UMH","article_published_time":"2016-06-30T10:55:49+00:00","article_modified_time":"2024-02-23T10:38:49+00:00","og_image":[{"width":547,"height":334,"url":"https:\/\/departamentomedicinaclinica.umh.es\/files\/2016\/06\/GraduacionMedicinaUMH.jpg","type":"image\/jpeg"}],"twitter_card":"summary_large_image","twitter_creator":"@medicinaumh","twitter_site":"@medicinaumh","twitter_misc":{"Written by":"garcia.natalia","Est. reading time":"5 minutes"},"schema":{"@context":"https:\/\/schema.org","@graph":[{"@type":"Organization","@id":"https:\/\/departamentomedicinaclinica.umh.es\/#organization","name":"Departamento Medicina Cl\u00ednica Universidad Miguel Hern\u00e1ndez de Elche","url":"https:\/\/departamentomedicinaclinica.umh.es\/","sameAs":["https:\/\/www.youtube.com\/playlist?list=PLClKgnzRFYe6Y_i4QLNSlOwsZn0X3Klmb","https:\/\/twitter.com\/medicinaumh"],"logo":{"@type":"ImageObject","@id":"https:\/\/departamentomedicinaclinica.umh.es\/#logo","inLanguage":"en-US","url":"https:\/\/departamentomedicinaclinica.umh.es\/files\/2024\/07\/meclin-vertical.png","contentUrl":"https:\/\/departamentomedicinaclinica.umh.es\/files\/2024\/07\/meclin-vertical.png","width":1376,"height":1600,"caption":"Departamento Medicina Cl\u00ednica Universidad Miguel Hern\u00e1ndez de Elche"},"image":{"@id":"https:\/\/departamentomedicinaclinica.umh.es\/#logo"}},{"@type":"WebSite","@id":"https:\/\/departamentomedicinaclinica.umh.es\/#website","url":"https:\/\/departamentomedicinaclinica.umh.es\/","name":"Departamento de Medicina Cl\u00ednica UMH","description":"Otro sitio m\u00e1s de Zeus.umh.es Blogs","publisher":{"@id":"https:\/\/departamentomedicinaclinica.umh.es\/#organization"},"potentialAction":[{"@type":"SearchAction","target":{"@type":"EntryPoint","urlTemplate":"https:\/\/departamentomedicinaclinica.umh.es\/?s={search_term_string}"},"query-input":"required name=search_term_string"}],"inLanguage":"en-US"},{"@type":"ImageObject","@id":"https:\/\/departamentomedicinaclinica.umh.es\/2016\/06\/30\/graduacion-grado-en-medicina-umh\/#primaryimage","inLanguage":"en-US","url":"https:\/\/departamentomedicinaclinica.umh.es\/files\/2016\/06\/GraduacionMedicinaUMH.jpg","contentUrl":"https:\/\/departamentomedicinaclinica.umh.es\/files\/2016\/06\/GraduacionMedicinaUMH.jpg","width":547,"height":334,"caption":"Graduaci\u00f3n Medicina UMH"},{"@type":"WebPage","@id":"https:\/\/departamentomedicinaclinica.umh.es\/2016\/06\/30\/graduacion-grado-en-medicina-umh\/#webpage","url":"https:\/\/departamentomedicinaclinica.umh.es\/2016\/06\/30\/graduacion-grado-en-medicina-umh\/","name":"Celebrated the graduation ceremony i promotion of degree in Medicine UMH - Departamento de Medicina Cl\u00ednica UMH","isPartOf":{"@id":"https:\/\/departamentomedicinaclinica.umh.es\/#website"},"primaryImageOfPage":{"@id":"https:\/\/departamentomedicinaclinica.umh.es\/2016\/06\/30\/graduacion-grado-en-medicina-umh\/#primaryimage"},"datePublished":"2016-06-30T10:55:49+00:00","dateModified":"2024-02-23T10:38:49+00:00","description":"On the weekend, the 1st event of Graduation and Promotion of degree in Medicine UMH was held. Students of Miguel Hern\u00e1ndez University attended Alicante.","breadcrumb":{"@id":"https:\/\/departamentomedicinaclinica.umh.es\/2016\/06\/30\/graduacion-grado-en-medicina-umh\/#breadcrumb"},"inLanguage":"en-US","potentialAction":[{"@type":"ReadAction","target":["https:\/\/departamentomedicinaclinica.umh.es\/2016\/06\/30\/graduacion-grado-en-medicina-umh\/"]}]},{"@type":"BreadcrumbList","@id":"https:\/\/departamentomedicinaclinica.umh.es\/2016\/06\/30\/graduacion-grado-en-medicina-umh\/#breadcrumb","itemListElement":[{"@type":"ListItem","position":1,"name":"Portada","item":"https:\/\/departamentomedicinaclinica.umh.es\/"},{"@type":"ListItem","position":2,"name":"Celebrado el acto de graduaci\u00f3n i promoci\u00f3n de grado en Medicina UMH"}]},{"@type":"Article","@id":"https:\/\/departamentomedicinaclinica.umh.es\/2016\/06\/30\/graduacion-grado-en-medicina-umh\/#article","isPartOf":{"@id":"https:\/\/departamentomedicinaclinica.umh.es\/2016\/06\/30\/graduacion-grado-en-medicina-umh\/#webpage"},"author":{"@id":"https:\/\/departamentomedicinaclinica.umh.es\/#\/schema\/person\/4cce65f000b37391eb0fdba785a882b9"},"headline":"Celebrated the graduation ceremony i promotion of degree in Medicine UMH","datePublished":"2016-06-30T10:55:49+00:00","dateModified":"2024-02-23T10:38:49+00:00","mainEntityOfPage":{"@id":"https:\/\/departamentomedicinaclinica.umh.es\/2016\/06\/30\/graduacion-grado-en-medicina-umh\/#webpage"},"wordCount":1000,"publisher":{"@id":"https:\/\/departamentomedicinaclinica.umh.es\/#organization"},"image":{"@id":"https:\/\/departamentomedicinaclinica.umh.es\/2016\/06\/30\/graduacion-grado-en-medicina-umh\/#primaryimage"},"thumbnailUrl":"https:\/\/departamentomedicinaclinica.umh.es\/files\/2016\/06\/GraduacionMedicinaUMH.jpg","keywords":["Acto Acad\u00e9mico Medicina UMH","Evento Medicina Alicante","Graduaci\u00f3n Medicina Alicante","Medicina Elche","Medicina UMH","Universidad Miguel Hern\u00e1ndez","Universitarios graduaci\u00f3n Medicina UMH"],"articleSection":["Actualidad"],"inLanguage":"en-US"},{"@type":"Person","@id":"https:\/\/departamentomedicinaclinica.umh.es\/#\/schema\/person\/4cce65f000b37391eb0fdba785a882b9","name":"garcia.natalia","image":{"@type":"ImageObject","@id":"https:\/\/departamentomedicinaclinica.umh.es\/#personlogo","inLanguage":"en-US","url":"https:\/\/secure.gravatar.com\/avatar\/2f6b18e6f874050af9faeeac24349c8c?s=96&d=mm&r=g","contentUrl":"https:\/\/secure.gravatar.com\/avatar\/2f6b18e6f874050af9faeeac24349c8c?s=96&d=mm&r=g","caption":"garcia.natalia"},"url":"https:\/\/departamentomedicinaclinica.umh.es\/en\/author\/garcia-natalia\/"}]}},"_links":{"self":[{"href":"https:\/\/departamentomedicinaclinica.umh.es\/en\/wp-json\/wp\/v2\/posts\/13149"}],"collection":[{"href":"https:\/\/departamentomedicinaclinica.umh.es\/en\/wp-json\/wp\/v2\/posts"}],"about":[{"href":"https:\/\/departamentomedicinaclinica.umh.es\/en\/wp-json\/wp\/v2\/types\/post"}],"author":[{"embeddable":true,"href":"https:\/\/departamentomedicinaclinica.umh.es\/en\/wp-json\/wp\/v2\/users\/3158"}],"replies":[{"embeddable":true,"href":"https:\/\/departamentomedicinaclinica.umh.es\/en\/wp-json\/wp\/v2\/comments?post=13149"}],"version-history":[{"count":0,"href":"https:\/\/departamentomedicinaclinica.umh.es\/en\/wp-json\/wp\/v2\/posts\/13149\/revisions"}],"wp:featuredmedia":[{"embeddable":true,"href":"https:\/\/departamentomedicinaclinica.umh.es\/en\/wp-json\/wp\/v2\/media\/13170"}],"wp:attachment":[{"href":"https:\/\/departamentomedicinaclinica.umh.es\/en\/wp-json\/wp\/v2\/media?parent=13149"}],"wp:term":[{"taxonomy":"category","embeddable":true,"href":"https:\/\/departamentomedicinaclinica.umh.es\/en\/wp-json\/wp\/v2\/categories?post=13149"},{"taxonomy":"post_tag","embeddable":true,"href":"https:\/\/departamentomedicinaclinica.umh.es\/en\/wp-json\/wp\/v2\/tags?post=13149"}],"curies":[{"name":"wp","href":"https:\/\/api.w.org\/{rel}","templated":true}]}}