{"id":13813,"date":"2016-09-06T14:19:40","date_gmt":"2016-09-06T12:19:40","guid":{"rendered":"http:\/\/www.departamentomedicinaclinicaumh.es\/?p=13813"},"modified":"2024-02-23T10:38:48","modified_gmt":"2024-02-23T10:38:48","slug":"nueva-catedra-de-medicina-comunitaria-umh-salud-reproductiva","status":"publish","type":"post","link":"https:\/\/departamentomedicinaclinica.umh.es\/en\/2016\/09\/06\/nueva-catedra-de-medicina-comunitaria-umh-salud-reproductiva\/","title":{"rendered":"Chair Community Medicine UMH and Health Reproductive starts in Alicante"},"content":{"rendered":"<p><\/p>\n<p>Recently, the <a href=\"http:\/\/www.umh.es\" target=\"_blank\" rel=\"noopener\"><strong>Miguel Hern\u00e1ndez University<\/strong><\/a> and the <strong><a href=\"https:\/\/www.institutobernabeu.com\/es\/\" target=\"_blank\" rel=\"noopener\"> Bernabeu Institute<\/a><\/strong> developed the<strong>Chair of Community Medicine UMH and Reproductive Health<\/strong>.<\/p>\n<h2>Who have participated in the development of the <!--more-->Department of Clinical Medicine, Chair Community Medicine UMH?<\/h2>\n<p>The project of higher education studies is led by doctor <strong>Rafael Bernabeu.\u00a0<\/strong>The <strong>University Miguel Hern\u00e1ndez of Elche (Spain)<\/strong> and the <strong>Instituto Bernabeu <\/strong>of Alicante have carried out an <a href=\"http:\/\/www.diarioinformacion.com\/elche\/2016\/07\/07\/umh-aprueba-creacion-catedra-medicina\/1782675.html\" target=\"_blank\" rel=\"noopener\">agreement<\/a> for the creation of the <strong>Chair Community Medicine and Reproductive Health<\/strong>. The agreement has been signed recently by <strong>Jes\u00fas Pastor<\/strong>,\u00a0<strong>rector de la UMH<\/strong>\u00a0and by <strong>dr.<\/strong><strong><a href=\"http:\/\/www.rafaelbernabeu.es\" target=\"_blank\" rel=\"noopener\"> Rafael Bernabeu<\/a>,\u00a0director of the Instituto Bernabeu.<\/strong><br \/>\nThe main objective focuses on training, research, development and dissemination of the <strong>Family and Community Medicine as well as reproductive applied to the field of reproduction<\/strong>.Both institutions are committed to establish the material and personal resources to fulfill these objectives. The chair calls the begining of different training activities of:<\/p>\n<ul>\n<li>research, organization of seminars, conferences and other activities of reporting on this area.<\/li>\n<\/ul>\n<p>All them van aimed mainly to doctors and professionals in Primary Care.<br \/>\n<img loading=\"lazy\" class=\"aligncenter wp-image-13820\" title=\"Participants in the Chair Community Medicine UMH and Reproductive Health\" src=\"https:\/\/departamentomedicinaclinica.umh.es\/files\/2016\/09\/CatedraMedicinaComunitariaUMH.jpg\" alt=\"Chair Community Medicine UMH and Reproductive Health\" width=\"500\" height=\"333\" srcset=\"https:\/\/departamentomedicinaclinica.umh.es\/files\/2016\/09\/CatedraMedicinaComunitariaUMH.jpg 770w, https:\/\/departamentomedicinaclinica.umh.es\/files\/2016\/09\/CatedraMedicinaComunitariaUMH-300x200.jpg 300w, https:\/\/departamentomedicinaclinica.umh.es\/files\/2016\/09\/CatedraMedicinaComunitariaUMH-768x512.jpg 768w\" sizes=\"(max-width: 500px) 100vw, 500px\" \/><br \/>\nThe staff of the <strong>Chair Community Medicine UMH and Reproductive Medicine<\/strong> will be headed by doctor Bernabeu. In addition, it will be\u00a0<strong><a href=\"http:\/\/www.umh.es\/contenido\/Investigacion\/:persona_5304\/datos_en.html\" target=\"_blank\" rel=\"noopener\">Domingo Orozco Beltr\u00e1n<\/a>, <\/strong>professor of the <a href=\"http:\/\/www.departamentomedicinaclinica.edu.umh.es\/en\/\" target=\"_blank\" rel=\"noopener\">Department of Clinical Medicine of the UMH<\/a>, his co-director. On the other hand, <strong>Advisory Council<\/strong> will be composed by:<\/p>\n<ul>\n<li><a href=\"https:\/\/universite.umh.es\/profesores\/fichaprofesor.asp?NP=5535\" target=\"_blank\" rel=\"noopener\">Manuel Jord\u00e1<\/a>, vice-rector of research and innovation of the UMH<\/li>\n<li>Andrea Bernabeu, gynecologist of the Instituto Bernabeu and PhD by the UMH;<\/li>\n<li><a href=\"https:\/\/universite.umh.es\/profesores\/fichaprofesor.asp?NP=123621\" target=\"_blank\" rel=\"noopener\"><strong>Concepci\u00f3n Carratal\u00e1<\/strong><\/a>, secretary of the Chair and Doctor Professor Assistant of the Department of Clinical Medicine of the UMH<\/li>\n<li><strong>Francisco Sellers,\u00a0<\/strong>ginec\u00f3logo del Instituto Bernabeu y doctor por la universidad<\/li>\n<li><strong><a href=\"https:\/\/www.umh.es\/contenido\/Estudiantes\/:persona_5694\/datos_en.html\" target=\"_blank\" rel=\"noopener\">Vicente Gil Guill\u00e9n<\/a>,\u00a0<\/strong>professor of the Departament of Clinical Medicine of the UMH,<\/li>\n<li>Joaqu\u00edn Ll\u00e1cer,\u00a0gynecologist of the Instituto Bernabeu and PhD student of UMH Clinical Medicine program<\/li>\n<\/ul>\n<h2>What are the objectives of the Chair Community Medicine UMH and Reproductive Health?<\/h2>\n<p>The main <strong>purpose<\/strong> of the Chair is to promote training, research and dissemination of this discipline.<br \/>\nTo do this, it aims to develop research, training, and sharing knowledge. The <strong>Instituto Bernabeu<\/strong> acquires the commitment to carry out the <strong>economic founds<\/strong> to carry out activities in the framework of the own chair. Through an<strong>annual business plan<\/strong>, under supervision of the <strong>Advisory Council<\/strong>,\u00a0will be reflected.<\/p>\n<h2>What is the agreement of the Chair Community Medicine UMH and Reproductive Health about?<\/h2>\n<p>During <strong>3 years<\/strong> will have entry into force the agreement between the public university and the private entity. Also, it may be extended under the agreement of both parties.<br \/>\n<strong>Rafael Bernabeu<\/strong>, director of the Chair, says that &#8220;it&#8217;s an agreement that connects to the University and the Institute Bernabeu by the same objective which in his own view, and it will give many and very interesting fruits&#8221;.<\/p>","protected":false},"excerpt":{"rendered":"<p>Sorry, this entry is only available in European Spanish.<\/p>\n","protected":false},"author":3158,"featured_media":13817,"comment_status":"closed","ping_status":"closed","sticky":false,"template":"","format":"standard","meta":{"_links_to":"","_links_to_target":""},"categories":[988210],"tags":[1047701,1049868,3674,1157771,1200924,1231938,1246050,5071,5335,5959],"yoast_head":"<!-- This site is optimized with the Yoast SEO plugin v17.5 - https:\/\/yoast.com\/wordpress\/plugins\/seo\/ -->\n<meta name=\"description\" content=\"Chair Community Medicine UMH and Reproductive Health and the Bernabeu Institute created it. The studios will be co-directed by Domingo Orozco Beltr\u00e1n.\" \/>\n<meta name=\"robots\" content=\"index, follow, max-snippet:-1, max-image-preview:large, max-video-preview:-1\" \/>\n<link rel=\"canonical\" href=\"https:\/\/departamentomedicinaclinica.umh.es\/en\/2016\/09\/06\/nueva-catedra-de-medicina-comunitaria-umh-salud-reproductiva\/\" \/>\n<meta property=\"og:locale\" content=\"en_US\" \/>\n<meta property=\"og:type\" content=\"article\" \/>\n<meta property=\"og:title\" content=\"Chair Community Medicine UMH and Health Reproductive starts in Alicante - Departamento de Medicina Cl\u00ednica UMH\" \/>\n<meta property=\"og:description\" content=\"Chair Community Medicine UMH and Reproductive Health and the Bernabeu Institute created it. The studios will be co-directed by Domingo Orozco Beltr\u00e1n.\" \/>\n<meta property=\"og:url\" content=\"https:\/\/departamentomedicinaclinica.umh.es\/2016\/09\/06\/nueva-catedra-de-medicina-comunitaria-umh-salud-reproductiva\/\" \/>\n<meta property=\"og:site_name\" content=\"Departamento de Medicina Cl\u00ednica UMH\" \/>\n<meta property=\"article:published_time\" content=\"2016-09-06T12:19:40+00:00\" \/>\n<meta property=\"article:modified_time\" content=\"2024-02-23T10:38:48+00:00\" \/>\n<meta property=\"og:image\" content=\"https:\/\/departamentomedicinaclinica.umh.es\/files\/2016\/09\/ConvenioUMHInstitutoBernabeu.jpg\" \/>\n\t<meta property=\"og:image:width\" content=\"640\" \/>\n\t<meta property=\"og:image:height\" content=\"480\" \/>\n<meta name=\"twitter:card\" content=\"summary_large_image\" \/>\n<meta name=\"twitter:creator\" content=\"@medicinaumh\" \/>\n<meta name=\"twitter:site\" content=\"@medicinaumh\" \/>\n<meta name=\"twitter:label1\" content=\"Written by\" \/>\n\t<meta name=\"twitter:data1\" content=\"garcia.natalia\" \/>\n\t<meta name=\"twitter:label2\" content=\"Est. reading time\" \/>\n\t<meta name=\"twitter:data2\" content=\"7 minutes\" \/>\n<script type=\"application\/ld+json\" class=\"yoast-schema-graph\">{\"@context\":\"https:\/\/schema.org\",\"@graph\":[{\"@type\":\"Organization\",\"@id\":\"https:\/\/departamentomedicinaclinica.umh.es\/#organization\",\"name\":\"Departamento Medicina Cl\\u00ednica Universidad Miguel Hern\\u00e1ndez de Elche\",\"url\":\"https:\/\/departamentomedicinaclinica.umh.es\/\",\"sameAs\":[\"https:\/\/www.youtube.com\/playlist?list=PLClKgnzRFYe6Y_i4QLNSlOwsZn0X3Klmb\",\"https:\/\/twitter.com\/medicinaumh\"],\"logo\":{\"@type\":\"ImageObject\",\"@id\":\"https:\/\/departamentomedicinaclinica.umh.es\/#logo\",\"inLanguage\":\"en-US\",\"url\":\"https:\/\/departamentomedicinaclinica.umh.es\/files\/2024\/07\/meclin-vertical.png\",\"contentUrl\":\"https:\/\/departamentomedicinaclinica.umh.es\/files\/2024\/07\/meclin-vertical.png\",\"width\":1376,\"height\":1600,\"caption\":\"Departamento Medicina Cl\\u00ednica Universidad Miguel Hern\\u00e1ndez de Elche\"},\"image\":{\"@id\":\"https:\/\/departamentomedicinaclinica.umh.es\/#logo\"}},{\"@type\":\"WebSite\",\"@id\":\"https:\/\/departamentomedicinaclinica.umh.es\/#website\",\"url\":\"https:\/\/departamentomedicinaclinica.umh.es\/\",\"name\":\"Departamento de Medicina Cl\\u00ednica UMH\",\"description\":\"Otro sitio m\\u00e1s de Zeus.umh.es Blogs\",\"publisher\":{\"@id\":\"https:\/\/departamentomedicinaclinica.umh.es\/#organization\"},\"potentialAction\":[{\"@type\":\"SearchAction\",\"target\":{\"@type\":\"EntryPoint\",\"urlTemplate\":\"https:\/\/departamentomedicinaclinica.umh.es\/?s={search_term_string}\"},\"query-input\":\"required name=search_term_string\"}],\"inLanguage\":\"en-US\"},{\"@type\":\"ImageObject\",\"@id\":\"https:\/\/departamentomedicinaclinica.umh.es\/2016\/09\/06\/nueva-catedra-de-medicina-comunitaria-umh-salud-reproductiva\/#primaryimage\",\"inLanguage\":\"en-US\",\"url\":\"https:\/\/departamentomedicinaclinica.umh.es\/files\/2016\/09\/ConvenioUMHInstitutoBernabeu.jpg\",\"contentUrl\":\"https:\/\/departamentomedicinaclinica.umh.es\/files\/2016\/09\/ConvenioUMHInstitutoBernabeu.jpg\",\"width\":640,\"height\":480,\"caption\":\"C\\u00e1tedra UMH Instituto Bernabeu\"},{\"@type\":\"WebPage\",\"@id\":\"https:\/\/departamentomedicinaclinica.umh.es\/2016\/09\/06\/nueva-catedra-de-medicina-comunitaria-umh-salud-reproductiva\/#webpage\",\"url\":\"https:\/\/departamentomedicinaclinica.umh.es\/2016\/09\/06\/nueva-catedra-de-medicina-comunitaria-umh-salud-reproductiva\/\",\"name\":\"Chair Community Medicine UMH and Health Reproductive starts in Alicante - Departamento de Medicina Cl\\u00ednica UMH\",\"isPartOf\":{\"@id\":\"https:\/\/departamentomedicinaclinica.umh.es\/#website\"},\"primaryImageOfPage\":{\"@id\":\"https:\/\/departamentomedicinaclinica.umh.es\/2016\/09\/06\/nueva-catedra-de-medicina-comunitaria-umh-salud-reproductiva\/#primaryimage\"},\"datePublished\":\"2016-09-06T12:19:40+00:00\",\"dateModified\":\"2024-02-23T10:38:48+00:00\",\"description\":\"Chair Community Medicine UMH and Reproductive Health and the Bernabeu Institute created it. The studios will be co-directed by Domingo Orozco Beltr\\u00e1n.\",\"breadcrumb\":{\"@id\":\"https:\/\/departamentomedicinaclinica.umh.es\/2016\/09\/06\/nueva-catedra-de-medicina-comunitaria-umh-salud-reproductiva\/#breadcrumb\"},\"inLanguage\":\"en-US\",\"potentialAction\":[{\"@type\":\"ReadAction\",\"target\":[\"https:\/\/departamentomedicinaclinica.umh.es\/2016\/09\/06\/nueva-catedra-de-medicina-comunitaria-umh-salud-reproductiva\/\"]}]},{\"@type\":\"BreadcrumbList\",\"@id\":\"https:\/\/departamentomedicinaclinica.umh.es\/2016\/09\/06\/nueva-catedra-de-medicina-comunitaria-umh-salud-reproductiva\/#breadcrumb\",\"itemListElement\":[{\"@type\":\"ListItem\",\"position\":1,\"name\":\"Portada\",\"item\":\"https:\/\/departamentomedicinaclinica.umh.es\/\"},{\"@type\":\"ListItem\",\"position\":2,\"name\":\"Nueva C\\u00e1tedra de Medicina Comunitaria UMH y Salud Reproductiva\"}]},{\"@type\":\"Article\",\"@id\":\"https:\/\/departamentomedicinaclinica.umh.es\/2016\/09\/06\/nueva-catedra-de-medicina-comunitaria-umh-salud-reproductiva\/#article\",\"isPartOf\":{\"@id\":\"https:\/\/departamentomedicinaclinica.umh.es\/2016\/09\/06\/nueva-catedra-de-medicina-comunitaria-umh-salud-reproductiva\/#webpage\"},\"author\":{\"@id\":\"https:\/\/departamentomedicinaclinica.umh.es\/#\/schema\/person\/4cce65f000b37391eb0fdba785a882b9\"},\"headline\":\"Chair Community Medicine UMH and Health Reproductive starts in Alicante\",\"datePublished\":\"2016-09-06T12:19:40+00:00\",\"dateModified\":\"2024-02-23T10:38:48+00:00\",\"mainEntityOfPage\":{\"@id\":\"https:\/\/departamentomedicinaclinica.umh.es\/2016\/09\/06\/nueva-catedra-de-medicina-comunitaria-umh-salud-reproductiva\/#webpage\"},\"wordCount\":1510,\"publisher\":{\"@id\":\"https:\/\/departamentomedicinaclinica.umh.es\/#organization\"},\"image\":{\"@id\":\"https:\/\/departamentomedicinaclinica.umh.es\/2016\/09\/06\/nueva-catedra-de-medicina-comunitaria-umh-salud-reproductiva\/#primaryimage\"},\"thumbnailUrl\":\"https:\/\/departamentomedicinaclinica.umh.es\/files\/2016\/09\/ConvenioUMHInstitutoBernabeu.jpg\",\"keywords\":[\"C\\u00e1tedra Medicina Comunitaria\",\"C\\u00e1tedra universitaria\",\"C\\u00e1tedras UMH\",\"fecundaci\\u00f3n estudios\",\"Instituto Bernabeu\",\"m\\u00e1ster Medicina Comunitaria\",\"Medicina c\\u00e1tedra\",\"reproducci\\u00f3n asistida\",\"Salud Reproductiva\",\"UMH\"],\"articleSection\":[\"M\\u00e1steres\"],\"inLanguage\":\"en-US\"},{\"@type\":\"Person\",\"@id\":\"https:\/\/departamentomedicinaclinica.umh.es\/#\/schema\/person\/4cce65f000b37391eb0fdba785a882b9\",\"name\":\"garcia.natalia\",\"image\":{\"@type\":\"ImageObject\",\"@id\":\"https:\/\/departamentomedicinaclinica.umh.es\/#personlogo\",\"inLanguage\":\"en-US\",\"url\":\"https:\/\/secure.gravatar.com\/avatar\/2f6b18e6f874050af9faeeac24349c8c?s=96&d=mm&r=g\",\"contentUrl\":\"https:\/\/secure.gravatar.com\/avatar\/2f6b18e6f874050af9faeeac24349c8c?s=96&d=mm&r=g\",\"caption\":\"garcia.natalia\"},\"url\":\"https:\/\/departamentomedicinaclinica.umh.es\/en\/author\/garcia-natalia\/\"}]}<\/script>\n<!-- \/ Yoast SEO plugin. -->","yoast_head_json":{"description":"Chair Community Medicine UMH and Reproductive Health and the Bernabeu Institute created it. The studios will be co-directed by Domingo Orozco Beltr\u00e1n.","robots":{"index":"index","follow":"follow","max-snippet":"max-snippet:-1","max-image-preview":"max-image-preview:large","max-video-preview":"max-video-preview:-1"},"canonical":"https:\/\/departamentomedicinaclinica.umh.es\/en\/2016\/09\/06\/nueva-catedra-de-medicina-comunitaria-umh-salud-reproductiva\/","og_locale":"en_US","og_type":"article","og_title":"Chair Community Medicine UMH and Health Reproductive starts in Alicante - Departamento de Medicina Cl\u00ednica UMH","og_description":"Chair Community Medicine UMH and Reproductive Health and the Bernabeu Institute created it. The studios will be co-directed by Domingo Orozco Beltr\u00e1n.","og_url":"https:\/\/departamentomedicinaclinica.umh.es\/2016\/09\/06\/nueva-catedra-de-medicina-comunitaria-umh-salud-reproductiva\/","og_site_name":"Departamento de Medicina Cl\u00ednica UMH","article_published_time":"2016-09-06T12:19:40+00:00","article_modified_time":"2024-02-23T10:38:48+00:00","og_image":[{"width":640,"height":480,"url":"https:\/\/departamentomedicinaclinica.umh.es\/files\/2016\/09\/ConvenioUMHInstitutoBernabeu.jpg","type":"image\/jpeg"}],"twitter_card":"summary_large_image","twitter_creator":"@medicinaumh","twitter_site":"@medicinaumh","twitter_misc":{"Written by":"garcia.natalia","Est. reading time":"7 minutes"},"schema":{"@context":"https:\/\/schema.org","@graph":[{"@type":"Organization","@id":"https:\/\/departamentomedicinaclinica.umh.es\/#organization","name":"Departamento Medicina Cl\u00ednica Universidad Miguel Hern\u00e1ndez de Elche","url":"https:\/\/departamentomedicinaclinica.umh.es\/","sameAs":["https:\/\/www.youtube.com\/playlist?list=PLClKgnzRFYe6Y_i4QLNSlOwsZn0X3Klmb","https:\/\/twitter.com\/medicinaumh"],"logo":{"@type":"ImageObject","@id":"https:\/\/departamentomedicinaclinica.umh.es\/#logo","inLanguage":"en-US","url":"https:\/\/departamentomedicinaclinica.umh.es\/files\/2024\/07\/meclin-vertical.png","contentUrl":"https:\/\/departamentomedicinaclinica.umh.es\/files\/2024\/07\/meclin-vertical.png","width":1376,"height":1600,"caption":"Departamento Medicina Cl\u00ednica Universidad Miguel Hern\u00e1ndez de Elche"},"image":{"@id":"https:\/\/departamentomedicinaclinica.umh.es\/#logo"}},{"@type":"WebSite","@id":"https:\/\/departamentomedicinaclinica.umh.es\/#website","url":"https:\/\/departamentomedicinaclinica.umh.es\/","name":"Departamento de Medicina Cl\u00ednica UMH","description":"Otro sitio m\u00e1s de Zeus.umh.es Blogs","publisher":{"@id":"https:\/\/departamentomedicinaclinica.umh.es\/#organization"},"potentialAction":[{"@type":"SearchAction","target":{"@type":"EntryPoint","urlTemplate":"https:\/\/departamentomedicinaclinica.umh.es\/?s={search_term_string}"},"query-input":"required name=search_term_string"}],"inLanguage":"en-US"},{"@type":"ImageObject","@id":"https:\/\/departamentomedicinaclinica.umh.es\/2016\/09\/06\/nueva-catedra-de-medicina-comunitaria-umh-salud-reproductiva\/#primaryimage","inLanguage":"en-US","url":"https:\/\/departamentomedicinaclinica.umh.es\/files\/2016\/09\/ConvenioUMHInstitutoBernabeu.jpg","contentUrl":"https:\/\/departamentomedicinaclinica.umh.es\/files\/2016\/09\/ConvenioUMHInstitutoBernabeu.jpg","width":640,"height":480,"caption":"C\u00e1tedra UMH Instituto Bernabeu"},{"@type":"WebPage","@id":"https:\/\/departamentomedicinaclinica.umh.es\/2016\/09\/06\/nueva-catedra-de-medicina-comunitaria-umh-salud-reproductiva\/#webpage","url":"https:\/\/departamentomedicinaclinica.umh.es\/2016\/09\/06\/nueva-catedra-de-medicina-comunitaria-umh-salud-reproductiva\/","name":"Chair Community Medicine UMH and Health Reproductive starts in Alicante - Departamento de Medicina Cl\u00ednica UMH","isPartOf":{"@id":"https:\/\/departamentomedicinaclinica.umh.es\/#website"},"primaryImageOfPage":{"@id":"https:\/\/departamentomedicinaclinica.umh.es\/2016\/09\/06\/nueva-catedra-de-medicina-comunitaria-umh-salud-reproductiva\/#primaryimage"},"datePublished":"2016-09-06T12:19:40+00:00","dateModified":"2024-02-23T10:38:48+00:00","description":"Chair Community Medicine UMH and Reproductive Health and the Bernabeu Institute created it. The studios will be co-directed by Domingo Orozco Beltr\u00e1n.","breadcrumb":{"@id":"https:\/\/departamentomedicinaclinica.umh.es\/2016\/09\/06\/nueva-catedra-de-medicina-comunitaria-umh-salud-reproductiva\/#breadcrumb"},"inLanguage":"en-US","potentialAction":[{"@type":"ReadAction","target":["https:\/\/departamentomedicinaclinica.umh.es\/2016\/09\/06\/nueva-catedra-de-medicina-comunitaria-umh-salud-reproductiva\/"]}]},{"@type":"BreadcrumbList","@id":"https:\/\/departamentomedicinaclinica.umh.es\/2016\/09\/06\/nueva-catedra-de-medicina-comunitaria-umh-salud-reproductiva\/#breadcrumb","itemListElement":[{"@type":"ListItem","position":1,"name":"Portada","item":"https:\/\/departamentomedicinaclinica.umh.es\/"},{"@type":"ListItem","position":2,"name":"Nueva C\u00e1tedra de Medicina Comunitaria UMH y Salud Reproductiva"}]},{"@type":"Article","@id":"https:\/\/departamentomedicinaclinica.umh.es\/2016\/09\/06\/nueva-catedra-de-medicina-comunitaria-umh-salud-reproductiva\/#article","isPartOf":{"@id":"https:\/\/departamentomedicinaclinica.umh.es\/2016\/09\/06\/nueva-catedra-de-medicina-comunitaria-umh-salud-reproductiva\/#webpage"},"author":{"@id":"https:\/\/departamentomedicinaclinica.umh.es\/#\/schema\/person\/4cce65f000b37391eb0fdba785a882b9"},"headline":"Chair Community Medicine UMH and Health Reproductive starts in Alicante","datePublished":"2016-09-06T12:19:40+00:00","dateModified":"2024-02-23T10:38:48+00:00","mainEntityOfPage":{"@id":"https:\/\/departamentomedicinaclinica.umh.es\/2016\/09\/06\/nueva-catedra-de-medicina-comunitaria-umh-salud-reproductiva\/#webpage"},"wordCount":1510,"publisher":{"@id":"https:\/\/departamentomedicinaclinica.umh.es\/#organization"},"image":{"@id":"https:\/\/departamentomedicinaclinica.umh.es\/2016\/09\/06\/nueva-catedra-de-medicina-comunitaria-umh-salud-reproductiva\/#primaryimage"},"thumbnailUrl":"https:\/\/departamentomedicinaclinica.umh.es\/files\/2016\/09\/ConvenioUMHInstitutoBernabeu.jpg","keywords":["C\u00e1tedra Medicina Comunitaria","C\u00e1tedra universitaria","C\u00e1tedras UMH","fecundaci\u00f3n estudios","Instituto Bernabeu","m\u00e1ster Medicina Comunitaria","Medicina c\u00e1tedra","reproducci\u00f3n asistida","Salud Reproductiva","UMH"],"articleSection":["M\u00e1steres"],"inLanguage":"en-US"},{"@type":"Person","@id":"https:\/\/departamentomedicinaclinica.umh.es\/#\/schema\/person\/4cce65f000b37391eb0fdba785a882b9","name":"garcia.natalia","image":{"@type":"ImageObject","@id":"https:\/\/departamentomedicinaclinica.umh.es\/#personlogo","inLanguage":"en-US","url":"https:\/\/secure.gravatar.com\/avatar\/2f6b18e6f874050af9faeeac24349c8c?s=96&d=mm&r=g","contentUrl":"https:\/\/secure.gravatar.com\/avatar\/2f6b18e6f874050af9faeeac24349c8c?s=96&d=mm&r=g","caption":"garcia.natalia"},"url":"https:\/\/departamentomedicinaclinica.umh.es\/en\/author\/garcia-natalia\/"}]}},"_links":{"self":[{"href":"https:\/\/departamentomedicinaclinica.umh.es\/en\/wp-json\/wp\/v2\/posts\/13813"}],"collection":[{"href":"https:\/\/departamentomedicinaclinica.umh.es\/en\/wp-json\/wp\/v2\/posts"}],"about":[{"href":"https:\/\/departamentomedicinaclinica.umh.es\/en\/wp-json\/wp\/v2\/types\/post"}],"author":[{"embeddable":true,"href":"https:\/\/departamentomedicinaclinica.umh.es\/en\/wp-json\/wp\/v2\/users\/3158"}],"replies":[{"embeddable":true,"href":"https:\/\/departamentomedicinaclinica.umh.es\/en\/wp-json\/wp\/v2\/comments?post=13813"}],"version-history":[{"count":0,"href":"https:\/\/departamentomedicinaclinica.umh.es\/en\/wp-json\/wp\/v2\/posts\/13813\/revisions"}],"wp:featuredmedia":[{"embeddable":true,"href":"https:\/\/departamentomedicinaclinica.umh.es\/en\/wp-json\/wp\/v2\/media\/13817"}],"wp:attachment":[{"href":"https:\/\/departamentomedicinaclinica.umh.es\/en\/wp-json\/wp\/v2\/media?parent=13813"}],"wp:term":[{"taxonomy":"category","embeddable":true,"href":"https:\/\/departamentomedicinaclinica.umh.es\/en\/wp-json\/wp\/v2\/categories?post=13813"},{"taxonomy":"post_tag","embeddable":true,"href":"https:\/\/departamentomedicinaclinica.umh.es\/en\/wp-json\/wp\/v2\/tags?post=13813"}],"curies":[{"name":"wp","href":"https:\/\/api.w.org\/{rel}","templated":true}]}}