{"id":14588,"date":"2016-12-01T12:28:17","date_gmt":"2016-12-01T11:28:17","guid":{"rendered":"http:\/\/www.departamentomedicinaclinicaumh.es\/?p=14588"},"modified":"2024-02-23T10:38:47","modified_gmt":"2024-02-23T10:38:47","slug":"la-organizacion-medica-colegial-concede-a-domingo-orozco-accesit-en-los-premios-de-trayectoria-profesional","status":"publish","type":"post","link":"https:\/\/departamentomedicinaclinica.umh.es\/en\/2016\/12\/01\/la-organizacion-medica-colegial-concede-a-domingo-orozco-accesit-en-los-premios-de-trayectoria-profesional\/","title":{"rendered":"The Medical College Organization gives Domingo Orozco acc\u00e9sit award for his career"},"content":{"rendered":"<p><\/p>\n<p><a href=\"https:\/\/mastermedcli.edu.umh.es\/tag\/domingo-orozco\/\" target=\"_blank\" rel=\"noopener\">Domingo Orozco Beltr\u00e1n<\/a> has been awarded by the <a href=\"http:\/\/www.cgcom.es\" target=\"_blank\" rel=\"noopener\">Medical Organization College (OMC)<\/a> with the <strong>accesit<\/strong> about the<!--more--> <a href=\"http:\/\/comunicacion.umh.es\/2016\/11\/14\/el-profesor-domingo-orozco-recibe-un-accesit-en-los-premios-de-trayectoria-profesional-de-la-organizacion-medica-colegial\/\" target=\"_blank\" rel=\"noopener\">Professional career in the teaching and research category<\/a>. The professor of the Department of Clinical Medicine of the University Miguel Hern\u00e1ndez (UMH) recently received recognition.<\/p>\n<p><img loading=\"lazy\" class=\"aligncenter wp-image-14684\" title=\"Primary care in a Health Centre\" src=\"https:\/\/departamentomedicinaclinica.umh.es\/files\/2016\/12\/Domingo-Orozco-Atencion-primaria.jpg\" alt=\"Domingo Orozco acc\u00e9sit award Family Medicine\" width=\"500\" height=\"357\" srcset=\"https:\/\/departamentomedicinaclinica.umh.es\/files\/2016\/12\/Domingo-Orozco-Atencion-primaria.jpg 2048w, https:\/\/departamentomedicinaclinica.umh.es\/files\/2016\/12\/Domingo-Orozco-Atencion-primaria-300x214.jpg 300w, https:\/\/departamentomedicinaclinica.umh.es\/files\/2016\/12\/Domingo-Orozco-Atencion-primaria-1024x732.jpg 1024w, https:\/\/departamentomedicinaclinica.umh.es\/files\/2016\/12\/Domingo-Orozco-Atencion-primaria-768x549.jpg 768w, https:\/\/departamentomedicinaclinica.umh.es\/files\/2016\/12\/Domingo-Orozco-Atencion-primaria-1536x1097.jpg 1536w\" sizes=\"(max-width: 500px) 100vw, 500px\" \/><\/p>\n<h2>What the background Domingo Orozco acc\u00e9sit award?<\/h2>\n<p><img loading=\"lazy\" class=\"aligncenter wp-image-14687 size-full\" title=\"Domingo Orozco es profesor de Medicina en la UMH y ejerce en el HU San Juan\" src=\"https:\/\/departamentomedicinaclinica.umh.es\/files\/2016\/12\/Domingo-Orozco-master-atencion-primaria.jpg\" alt=\"Domingo Orozco acc\u00e9sit Medicina de Familia\" width=\"614\" height=\"346\" srcset=\"https:\/\/departamentomedicinaclinica.umh.es\/files\/2016\/12\/Domingo-Orozco-master-atencion-primaria.jpg 614w, https:\/\/departamentomedicinaclinica.umh.es\/files\/2016\/12\/Domingo-Orozco-master-atencion-primaria-300x169.jpg 300w\" sizes=\"(max-width: 614px) 100vw, 614px\" \/><br \/>\n<a href=\"https:\/\/www.umh.es\/contenido\/Estudios\/:persona_5304\/datos_en.html\" target=\"_blank\" rel=\"noopener\"><strong>Dr.\u00a0Orozco Beltr\u00e1n<\/strong><\/a> is currently responsible for the Research Unit of the <strong>University Hospital of Sant Joan d\u2019Alacant (HUSJ)<\/strong>, attached to the <strong>FISABIO Foundation<\/strong>. Nationally, only 9 Spanish doctors have been recognized by:<\/p>\n<ul>\n<li>his professional work<\/li>\n<li>his academic and medical career<\/li>\n<li>and his behavior as a professional of the Medicine.<\/li>\n<\/ul>\n<h2>What is the situation today of Domingo Orozco Beltr\u00e1n?<\/h2>\n<p>Today, professor Domingo Orozco chairs the\u00a0<strong>National Commission of the Specialty of Medicine of Family<\/strong> Since ago 2 years. Also, he holds the charge of Secretary of the Committee of Ethics and Clinic Research of the University Hospital of Sant Joan d&#8217;Alacant (Spain); Besides he is member of the Technical Committee of Strategy of Approach of the Chronicity in the Ministry of Health and in Comunitat Valenciana (Spain). He has also been member of the Editorial Board of the Magazine &#8220;Primary Care Diabetes&#8221; and &#8220;Primary Care magazine&#8221;; Coordinator of the &#8220;Special Interest Group on Chronic Diseases&#8221; of the world society of family medicine (Wonca).<br \/>\n<img loading=\"lazy\" class=\"aligncenter wp-image-14683\" title=\"Take SB in Family and Community Medicine\" src=\"https:\/\/departamentomedicinaclinica.umh.es\/files\/2016\/12\/Medicina-Familiar-y-Comunitaria.jpg\" alt=\"Domingo Orozco acc\u00e9sit award Family Medicine\" width=\"500\" height=\"753\" srcset=\"https:\/\/departamentomedicinaclinica.umh.es\/files\/2016\/12\/Medicina-Familiar-y-Comunitaria.jpg 958w, https:\/\/departamentomedicinaclinica.umh.es\/files\/2016\/12\/Medicina-Familiar-y-Comunitaria-199x300.jpg 199w, https:\/\/departamentomedicinaclinica.umh.es\/files\/2016\/12\/Medicina-Familiar-y-Comunitaria-680x1024.jpg 680w, https:\/\/departamentomedicinaclinica.umh.es\/files\/2016\/12\/Medicina-Familiar-y-Comunitaria-768x1156.jpg 768w\" sizes=\"(max-width: 500px) 100vw, 500px\" \/><br \/>\nOrozco, also, has been member of the European Organization <strong><a href=\"http:\/\/www.globalfamilydoctor.com\" target=\"_blank\" rel=\"noopener\">Wonca<\/a> of Family Medicine and Primary Care;<\/strong> Vice President of the <a href=\"https:\/\/www.semfyc.es\/medicos\/\" target=\"_blank\" rel=\"noopener\">Spanish Society of Family and Community Medicine (Semfyc)<\/a>. Previously, he was president of the Valencian Society of Family Medicine for 6 years.<br \/>\n&nbsp;<\/p>\n<h2>Who gives Domingo Orozco award 2016?<\/h2>\n<p>The awards proposed by the <strong>Official Medicine College in Spain<\/strong>, the permanent Commission of the WTO and its national members, is composed of 6 modes:<\/p>\n<ul>\n<li>Primary Care,<\/li>\n<li>Hospitals,<\/li>\n<li>Other health care areas,<\/li>\n<li>Humanities and cooperation,<\/li>\n<li>Teaching and research and management.<\/li>\n<\/ul>\n<p><img loading=\"lazy\" class=\"aligncenter wp-image-14688\" title=\"Family in a Health centre of Family and Community Medicine\" src=\"https:\/\/departamentomedicinaclinica.umh.es\/files\/2016\/12\/Familia-Centro-de-Salud-Medicina.jpg\" alt=\"Domingo Orozco acc\u00e9sit  award Family Medicine\" width=\"500\" height=\"399\" srcset=\"https:\/\/departamentomedicinaclinica.umh.es\/files\/2016\/12\/Familia-Centro-de-Salud-Medicina.jpg 640w, https:\/\/departamentomedicinaclinica.umh.es\/files\/2016\/12\/Familia-Centro-de-Salud-Medicina-300x240.jpg 300w\" sizes=\"(max-width: 500px) 100vw, 500px\" \/><br \/>\n&nbsp;<br \/>\n&nbsp;<\/p>","protected":false},"excerpt":{"rendered":"<p>Sorry, this entry is only available in European Spanish.<\/p>\n","protected":false},"author":3158,"featured_media":14678,"comment_status":"closed","ping_status":"closed","sticky":false,"template":"","format":"standard","meta":{"_links_to":"","_links_to_target":""},"categories":[964],"tags":[1025164,588972,1112433,1251855,40775,1277651,1324178,6286],"yoast_head":"<!-- This site is optimized with the Yoast SEO plugin v17.5 - https:\/\/yoast.com\/wordpress\/plugins\/seo\/ -->\n<meta name=\"description\" content=\"The Medical College Organization has recognized Domingo Orozco acc\u00e9sit with the Professional Career Award category Teaching and Research.\" \/>\n<meta name=\"robots\" content=\"index, follow, max-snippet:-1, max-image-preview:large, max-video-preview:-1\" \/>\n<link rel=\"canonical\" href=\"https:\/\/departamentomedicinaclinica.umh.es\/en\/2016\/12\/01\/la-organizacion-medica-colegial-concede-a-domingo-orozco-accesit-en-los-premios-de-trayectoria-profesional\/\" \/>\n<meta property=\"og:locale\" content=\"en_US\" \/>\n<meta property=\"og:type\" content=\"article\" \/>\n<meta property=\"og:title\" content=\"The Medical College Organization gives Domingo Orozco acc\u00e9sit award for his career - Departamento de Medicina Cl\u00ednica UMH\" \/>\n<meta property=\"og:description\" content=\"The Medical College Organization has recognized Domingo Orozco acc\u00e9sit with the Professional Career Award category Teaching and Research.\" \/>\n<meta property=\"og:url\" content=\"https:\/\/departamentomedicinaclinica.umh.es\/2016\/12\/01\/la-organizacion-medica-colegial-concede-a-domingo-orozco-accesit-en-los-premios-de-trayectoria-profesional\/\" \/>\n<meta property=\"og:site_name\" content=\"Departamento de Medicina Cl\u00ednica UMH\" \/>\n<meta property=\"article:published_time\" content=\"2016-12-01T11:28:17+00:00\" \/>\n<meta property=\"article:modified_time\" content=\"2024-02-23T10:38:47+00:00\" \/>\n<meta property=\"og:image\" content=\"https:\/\/departamentomedicinaclinica.umh.es\/files\/2016\/12\/Domingo-Orozco-Beltran-accesit-Medicina.jpg\" \/>\n\t<meta property=\"og:image:width\" content=\"555\" \/>\n\t<meta property=\"og:image:height\" content=\"339\" \/>\n<meta name=\"twitter:card\" content=\"summary_large_image\" \/>\n<meta name=\"twitter:creator\" content=\"@medicinaumh\" \/>\n<meta name=\"twitter:site\" content=\"@medicinaumh\" \/>\n<meta name=\"twitter:label1\" content=\"Written by\" \/>\n\t<meta name=\"twitter:data1\" content=\"garcia.natalia\" \/>\n\t<meta name=\"twitter:label2\" content=\"Est. reading time\" \/>\n\t<meta name=\"twitter:data2\" content=\"5 minutes\" \/>\n<script type=\"application\/ld+json\" class=\"yoast-schema-graph\">{\"@context\":\"https:\/\/schema.org\",\"@graph\":[{\"@type\":\"Organization\",\"@id\":\"https:\/\/departamentomedicinaclinica.umh.es\/#organization\",\"name\":\"Departamento Medicina Cl\\u00ednica Universidad Miguel Hern\\u00e1ndez de Elche\",\"url\":\"https:\/\/departamentomedicinaclinica.umh.es\/\",\"sameAs\":[\"https:\/\/www.youtube.com\/playlist?list=PLClKgnzRFYe6Y_i4QLNSlOwsZn0X3Klmb\",\"https:\/\/twitter.com\/medicinaumh\"],\"logo\":{\"@type\":\"ImageObject\",\"@id\":\"https:\/\/departamentomedicinaclinica.umh.es\/#logo\",\"inLanguage\":\"en-US\",\"url\":\"https:\/\/departamentomedicinaclinica.umh.es\/files\/2024\/07\/meclin-vertical.png\",\"contentUrl\":\"https:\/\/departamentomedicinaclinica.umh.es\/files\/2024\/07\/meclin-vertical.png\",\"width\":1376,\"height\":1600,\"caption\":\"Departamento Medicina Cl\\u00ednica Universidad Miguel Hern\\u00e1ndez de Elche\"},\"image\":{\"@id\":\"https:\/\/departamentomedicinaclinica.umh.es\/#logo\"}},{\"@type\":\"WebSite\",\"@id\":\"https:\/\/departamentomedicinaclinica.umh.es\/#website\",\"url\":\"https:\/\/departamentomedicinaclinica.umh.es\/\",\"name\":\"Departamento de Medicina Cl\\u00ednica UMH\",\"description\":\"Otro sitio m\\u00e1s de Zeus.umh.es Blogs\",\"publisher\":{\"@id\":\"https:\/\/departamentomedicinaclinica.umh.es\/#organization\"},\"potentialAction\":[{\"@type\":\"SearchAction\",\"target\":{\"@type\":\"EntryPoint\",\"urlTemplate\":\"https:\/\/departamentomedicinaclinica.umh.es\/?s={search_term_string}\"},\"query-input\":\"required name=search_term_string\"}],\"inLanguage\":\"en-US\"},{\"@type\":\"ImageObject\",\"@id\":\"https:\/\/departamentomedicinaclinica.umh.es\/2016\/12\/01\/la-organizacion-medica-colegial-concede-a-domingo-orozco-accesit-en-los-premios-de-trayectoria-profesional\/#primaryimage\",\"inLanguage\":\"en-US\",\"url\":\"https:\/\/departamentomedicinaclinica.umh.es\/files\/2016\/12\/Domingo-Orozco-Beltran-accesit-Medicina.jpg\",\"contentUrl\":\"https:\/\/departamentomedicinaclinica.umh.es\/files\/2016\/12\/Domingo-Orozco-Beltran-accesit-Medicina.jpg\",\"width\":555,\"height\":339,\"caption\":\"Domingo Orozco acc\\u00e9sit\"},{\"@type\":\"WebPage\",\"@id\":\"https:\/\/departamentomedicinaclinica.umh.es\/2016\/12\/01\/la-organizacion-medica-colegial-concede-a-domingo-orozco-accesit-en-los-premios-de-trayectoria-profesional\/#webpage\",\"url\":\"https:\/\/departamentomedicinaclinica.umh.es\/2016\/12\/01\/la-organizacion-medica-colegial-concede-a-domingo-orozco-accesit-en-los-premios-de-trayectoria-profesional\/\",\"name\":\"The Medical College Organization gives Domingo Orozco acc\\u00e9sit award for his career - Departamento de Medicina Cl\\u00ednica UMH\",\"isPartOf\":{\"@id\":\"https:\/\/departamentomedicinaclinica.umh.es\/#website\"},\"primaryImageOfPage\":{\"@id\":\"https:\/\/departamentomedicinaclinica.umh.es\/2016\/12\/01\/la-organizacion-medica-colegial-concede-a-domingo-orozco-accesit-en-los-premios-de-trayectoria-profesional\/#primaryimage\"},\"datePublished\":\"2016-12-01T11:28:17+00:00\",\"dateModified\":\"2024-02-23T10:38:47+00:00\",\"description\":\"The Medical College Organization has recognized Domingo Orozco acc\\u00e9sit with the Professional Career Award category Teaching and Research.\",\"breadcrumb\":{\"@id\":\"https:\/\/departamentomedicinaclinica.umh.es\/2016\/12\/01\/la-organizacion-medica-colegial-concede-a-domingo-orozco-accesit-en-los-premios-de-trayectoria-profesional\/#breadcrumb\"},\"inLanguage\":\"en-US\",\"potentialAction\":[{\"@type\":\"ReadAction\",\"target\":[\"https:\/\/departamentomedicinaclinica.umh.es\/2016\/12\/01\/la-organizacion-medica-colegial-concede-a-domingo-orozco-accesit-en-los-premios-de-trayectoria-profesional\/\"]}]},{\"@type\":\"BreadcrumbList\",\"@id\":\"https:\/\/departamentomedicinaclinica.umh.es\/2016\/12\/01\/la-organizacion-medica-colegial-concede-a-domingo-orozco-accesit-en-los-premios-de-trayectoria-profesional\/#breadcrumb\",\"itemListElement\":[{\"@type\":\"ListItem\",\"position\":1,\"name\":\"Portada\",\"item\":\"https:\/\/departamentomedicinaclinica.umh.es\/\"},{\"@type\":\"ListItem\",\"position\":2,\"name\":\"La organizaci\\u00f3n m\\u00e9dica colegial concede a Domingo Orozco acc\\u00e9sit en los Premios Trayectoria profesional\"}]},{\"@type\":\"Article\",\"@id\":\"https:\/\/departamentomedicinaclinica.umh.es\/2016\/12\/01\/la-organizacion-medica-colegial-concede-a-domingo-orozco-accesit-en-los-premios-de-trayectoria-profesional\/#article\",\"isPartOf\":{\"@id\":\"https:\/\/departamentomedicinaclinica.umh.es\/2016\/12\/01\/la-organizacion-medica-colegial-concede-a-domingo-orozco-accesit-en-los-premios-de-trayectoria-profesional\/#webpage\"},\"author\":{\"@id\":\"https:\/\/departamentomedicinaclinica.umh.es\/#\/schema\/person\/4cce65f000b37391eb0fdba785a882b9\"},\"headline\":\"The Medical College Organization gives Domingo Orozco acc\\u00e9sit award for his career\",\"datePublished\":\"2016-12-01T11:28:17+00:00\",\"dateModified\":\"2024-02-23T10:38:47+00:00\",\"mainEntityOfPage\":{\"@id\":\"https:\/\/departamentomedicinaclinica.umh.es\/2016\/12\/01\/la-organizacion-medica-colegial-concede-a-domingo-orozco-accesit-en-los-premios-de-trayectoria-profesional\/#webpage\"},\"wordCount\":1040,\"publisher\":{\"@id\":\"https:\/\/departamentomedicinaclinica.umh.es\/#organization\"},\"image\":{\"@id\":\"https:\/\/departamentomedicinaclinica.umh.es\/2016\/12\/01\/la-organizacion-medica-colegial-concede-a-domingo-orozco-accesit-en-los-premios-de-trayectoria-profesional\/#primaryimage\"},\"thumbnailUrl\":\"https:\/\/departamentomedicinaclinica.umh.es\/files\/2016\/12\/Domingo-Orozco-Beltran-accesit-Medicina.jpg\",\"keywords\":[\"Atenci\\u00f3n Primaria UMH\",\"Domingo Orozco Beltran\",\"Domingo Orozco UMH\",\"Medicina Familiar y Comunitaria\",\"Medicina UMH\",\"MFYC UMH\",\"Premios Trayectoria profesional Domingo Orozco\",\"Universidad Miguel Hern\\u00e1ndez UMH\"],\"articleSection\":[\"Actualidad\"],\"inLanguage\":\"en-US\"},{\"@type\":\"Person\",\"@id\":\"https:\/\/departamentomedicinaclinica.umh.es\/#\/schema\/person\/4cce65f000b37391eb0fdba785a882b9\",\"name\":\"garcia.natalia\",\"image\":{\"@type\":\"ImageObject\",\"@id\":\"https:\/\/departamentomedicinaclinica.umh.es\/#personlogo\",\"inLanguage\":\"en-US\",\"url\":\"https:\/\/secure.gravatar.com\/avatar\/2f6b18e6f874050af9faeeac24349c8c?s=96&d=mm&r=g\",\"contentUrl\":\"https:\/\/secure.gravatar.com\/avatar\/2f6b18e6f874050af9faeeac24349c8c?s=96&d=mm&r=g\",\"caption\":\"garcia.natalia\"},\"url\":\"https:\/\/departamentomedicinaclinica.umh.es\/en\/author\/garcia-natalia\/\"}]}<\/script>\n<!-- \/ Yoast SEO plugin. -->","yoast_head_json":{"description":"The Medical College Organization has recognized Domingo Orozco acc\u00e9sit with the Professional Career Award category Teaching and Research.","robots":{"index":"index","follow":"follow","max-snippet":"max-snippet:-1","max-image-preview":"max-image-preview:large","max-video-preview":"max-video-preview:-1"},"canonical":"https:\/\/departamentomedicinaclinica.umh.es\/en\/2016\/12\/01\/la-organizacion-medica-colegial-concede-a-domingo-orozco-accesit-en-los-premios-de-trayectoria-profesional\/","og_locale":"en_US","og_type":"article","og_title":"The Medical College Organization gives Domingo Orozco acc\u00e9sit award for his career - Departamento de Medicina Cl\u00ednica UMH","og_description":"The Medical College Organization has recognized Domingo Orozco acc\u00e9sit with the Professional Career Award category Teaching and Research.","og_url":"https:\/\/departamentomedicinaclinica.umh.es\/2016\/12\/01\/la-organizacion-medica-colegial-concede-a-domingo-orozco-accesit-en-los-premios-de-trayectoria-profesional\/","og_site_name":"Departamento de Medicina Cl\u00ednica UMH","article_published_time":"2016-12-01T11:28:17+00:00","article_modified_time":"2024-02-23T10:38:47+00:00","og_image":[{"width":555,"height":339,"url":"https:\/\/departamentomedicinaclinica.umh.es\/files\/2016\/12\/Domingo-Orozco-Beltran-accesit-Medicina.jpg","type":"image\/jpeg"}],"twitter_card":"summary_large_image","twitter_creator":"@medicinaumh","twitter_site":"@medicinaumh","twitter_misc":{"Written by":"garcia.natalia","Est. reading time":"5 minutes"},"schema":{"@context":"https:\/\/schema.org","@graph":[{"@type":"Organization","@id":"https:\/\/departamentomedicinaclinica.umh.es\/#organization","name":"Departamento Medicina Cl\u00ednica Universidad Miguel Hern\u00e1ndez de Elche","url":"https:\/\/departamentomedicinaclinica.umh.es\/","sameAs":["https:\/\/www.youtube.com\/playlist?list=PLClKgnzRFYe6Y_i4QLNSlOwsZn0X3Klmb","https:\/\/twitter.com\/medicinaumh"],"logo":{"@type":"ImageObject","@id":"https:\/\/departamentomedicinaclinica.umh.es\/#logo","inLanguage":"en-US","url":"https:\/\/departamentomedicinaclinica.umh.es\/files\/2024\/07\/meclin-vertical.png","contentUrl":"https:\/\/departamentomedicinaclinica.umh.es\/files\/2024\/07\/meclin-vertical.png","width":1376,"height":1600,"caption":"Departamento Medicina Cl\u00ednica Universidad Miguel Hern\u00e1ndez de Elche"},"image":{"@id":"https:\/\/departamentomedicinaclinica.umh.es\/#logo"}},{"@type":"WebSite","@id":"https:\/\/departamentomedicinaclinica.umh.es\/#website","url":"https:\/\/departamentomedicinaclinica.umh.es\/","name":"Departamento de Medicina Cl\u00ednica UMH","description":"Otro sitio m\u00e1s de Zeus.umh.es Blogs","publisher":{"@id":"https:\/\/departamentomedicinaclinica.umh.es\/#organization"},"potentialAction":[{"@type":"SearchAction","target":{"@type":"EntryPoint","urlTemplate":"https:\/\/departamentomedicinaclinica.umh.es\/?s={search_term_string}"},"query-input":"required name=search_term_string"}],"inLanguage":"en-US"},{"@type":"ImageObject","@id":"https:\/\/departamentomedicinaclinica.umh.es\/2016\/12\/01\/la-organizacion-medica-colegial-concede-a-domingo-orozco-accesit-en-los-premios-de-trayectoria-profesional\/#primaryimage","inLanguage":"en-US","url":"https:\/\/departamentomedicinaclinica.umh.es\/files\/2016\/12\/Domingo-Orozco-Beltran-accesit-Medicina.jpg","contentUrl":"https:\/\/departamentomedicinaclinica.umh.es\/files\/2016\/12\/Domingo-Orozco-Beltran-accesit-Medicina.jpg","width":555,"height":339,"caption":"Domingo Orozco acc\u00e9sit"},{"@type":"WebPage","@id":"https:\/\/departamentomedicinaclinica.umh.es\/2016\/12\/01\/la-organizacion-medica-colegial-concede-a-domingo-orozco-accesit-en-los-premios-de-trayectoria-profesional\/#webpage","url":"https:\/\/departamentomedicinaclinica.umh.es\/2016\/12\/01\/la-organizacion-medica-colegial-concede-a-domingo-orozco-accesit-en-los-premios-de-trayectoria-profesional\/","name":"The Medical College Organization gives Domingo Orozco acc\u00e9sit award for his career - Departamento de Medicina Cl\u00ednica UMH","isPartOf":{"@id":"https:\/\/departamentomedicinaclinica.umh.es\/#website"},"primaryImageOfPage":{"@id":"https:\/\/departamentomedicinaclinica.umh.es\/2016\/12\/01\/la-organizacion-medica-colegial-concede-a-domingo-orozco-accesit-en-los-premios-de-trayectoria-profesional\/#primaryimage"},"datePublished":"2016-12-01T11:28:17+00:00","dateModified":"2024-02-23T10:38:47+00:00","description":"The Medical College Organization has recognized Domingo Orozco acc\u00e9sit with the Professional Career Award category Teaching and Research.","breadcrumb":{"@id":"https:\/\/departamentomedicinaclinica.umh.es\/2016\/12\/01\/la-organizacion-medica-colegial-concede-a-domingo-orozco-accesit-en-los-premios-de-trayectoria-profesional\/#breadcrumb"},"inLanguage":"en-US","potentialAction":[{"@type":"ReadAction","target":["https:\/\/departamentomedicinaclinica.umh.es\/2016\/12\/01\/la-organizacion-medica-colegial-concede-a-domingo-orozco-accesit-en-los-premios-de-trayectoria-profesional\/"]}]},{"@type":"BreadcrumbList","@id":"https:\/\/departamentomedicinaclinica.umh.es\/2016\/12\/01\/la-organizacion-medica-colegial-concede-a-domingo-orozco-accesit-en-los-premios-de-trayectoria-profesional\/#breadcrumb","itemListElement":[{"@type":"ListItem","position":1,"name":"Portada","item":"https:\/\/departamentomedicinaclinica.umh.es\/"},{"@type":"ListItem","position":2,"name":"La organizaci\u00f3n m\u00e9dica colegial concede a Domingo Orozco acc\u00e9sit en los Premios Trayectoria profesional"}]},{"@type":"Article","@id":"https:\/\/departamentomedicinaclinica.umh.es\/2016\/12\/01\/la-organizacion-medica-colegial-concede-a-domingo-orozco-accesit-en-los-premios-de-trayectoria-profesional\/#article","isPartOf":{"@id":"https:\/\/departamentomedicinaclinica.umh.es\/2016\/12\/01\/la-organizacion-medica-colegial-concede-a-domingo-orozco-accesit-en-los-premios-de-trayectoria-profesional\/#webpage"},"author":{"@id":"https:\/\/departamentomedicinaclinica.umh.es\/#\/schema\/person\/4cce65f000b37391eb0fdba785a882b9"},"headline":"The Medical College Organization gives Domingo Orozco acc\u00e9sit award for his career","datePublished":"2016-12-01T11:28:17+00:00","dateModified":"2024-02-23T10:38:47+00:00","mainEntityOfPage":{"@id":"https:\/\/departamentomedicinaclinica.umh.es\/2016\/12\/01\/la-organizacion-medica-colegial-concede-a-domingo-orozco-accesit-en-los-premios-de-trayectoria-profesional\/#webpage"},"wordCount":1040,"publisher":{"@id":"https:\/\/departamentomedicinaclinica.umh.es\/#organization"},"image":{"@id":"https:\/\/departamentomedicinaclinica.umh.es\/2016\/12\/01\/la-organizacion-medica-colegial-concede-a-domingo-orozco-accesit-en-los-premios-de-trayectoria-profesional\/#primaryimage"},"thumbnailUrl":"https:\/\/departamentomedicinaclinica.umh.es\/files\/2016\/12\/Domingo-Orozco-Beltran-accesit-Medicina.jpg","keywords":["Atenci\u00f3n Primaria UMH","Domingo Orozco Beltran","Domingo Orozco UMH","Medicina Familiar y Comunitaria","Medicina UMH","MFYC UMH","Premios Trayectoria profesional Domingo Orozco","Universidad Miguel Hern\u00e1ndez UMH"],"articleSection":["Actualidad"],"inLanguage":"en-US"},{"@type":"Person","@id":"https:\/\/departamentomedicinaclinica.umh.es\/#\/schema\/person\/4cce65f000b37391eb0fdba785a882b9","name":"garcia.natalia","image":{"@type":"ImageObject","@id":"https:\/\/departamentomedicinaclinica.umh.es\/#personlogo","inLanguage":"en-US","url":"https:\/\/secure.gravatar.com\/avatar\/2f6b18e6f874050af9faeeac24349c8c?s=96&d=mm&r=g","contentUrl":"https:\/\/secure.gravatar.com\/avatar\/2f6b18e6f874050af9faeeac24349c8c?s=96&d=mm&r=g","caption":"garcia.natalia"},"url":"https:\/\/departamentomedicinaclinica.umh.es\/en\/author\/garcia-natalia\/"}]}},"_links":{"self":[{"href":"https:\/\/departamentomedicinaclinica.umh.es\/en\/wp-json\/wp\/v2\/posts\/14588"}],"collection":[{"href":"https:\/\/departamentomedicinaclinica.umh.es\/en\/wp-json\/wp\/v2\/posts"}],"about":[{"href":"https:\/\/departamentomedicinaclinica.umh.es\/en\/wp-json\/wp\/v2\/types\/post"}],"author":[{"embeddable":true,"href":"https:\/\/departamentomedicinaclinica.umh.es\/en\/wp-json\/wp\/v2\/users\/3158"}],"replies":[{"embeddable":true,"href":"https:\/\/departamentomedicinaclinica.umh.es\/en\/wp-json\/wp\/v2\/comments?post=14588"}],"version-history":[{"count":0,"href":"https:\/\/departamentomedicinaclinica.umh.es\/en\/wp-json\/wp\/v2\/posts\/14588\/revisions"}],"wp:featuredmedia":[{"embeddable":true,"href":"https:\/\/departamentomedicinaclinica.umh.es\/en\/wp-json\/wp\/v2\/media\/14678"}],"wp:attachment":[{"href":"https:\/\/departamentomedicinaclinica.umh.es\/en\/wp-json\/wp\/v2\/media?parent=14588"}],"wp:term":[{"taxonomy":"category","embeddable":true,"href":"https:\/\/departamentomedicinaclinica.umh.es\/en\/wp-json\/wp\/v2\/categories?post=14588"},{"taxonomy":"post_tag","embeddable":true,"href":"https:\/\/departamentomedicinaclinica.umh.es\/en\/wp-json\/wp\/v2\/tags?post=14588"}],"curies":[{"name":"wp","href":"https:\/\/api.w.org\/{rel}","templated":true}]}}