{"id":16135,"date":"2018-03-01T10:20:50","date_gmt":"2018-03-01T09:20:50","guid":{"rendered":"http:\/\/www.departamentomedicinaclinicaumh.es\/?p=16135"},"modified":"2024-02-23T10:38:44","modified_gmt":"2024-02-23T10:38:44","slug":"avances-en-enfermedades-infecciosas-umh-seicv","status":"publish","type":"post","link":"https:\/\/departamentomedicinaclinica.umh.es\/en\/2018\/03\/01\/avances-en-enfermedades-infecciosas-umh-seicv\/","title":{"rendered":"Advances in Infectious Diseases UMH XII Meeting of the Society of Infectious Diseases of the Valencian Community"},"content":{"rendered":"<p><\/p>\n<p><strong>Advances in infectious diseases UMH<\/strong> was the title of the <strong>XII meeting<\/strong> of the <a href=\"http:\/\/www.seicv.org\" target=\"_blank\" rel=\"noopener\">Society of Infectious Diseases of the Valencian Community (SEICV)<\/a>. Last<strong> February 10 <\/strong> the meeting took place in the Mail Hall of the building Severo Ochoa of the Campus of San Juan de Alicante (Spain).<!--more--> The <a href=\"https:\/\/www.umh.es\/?lang=EN\" target=\"_blank\" rel=\"noopener\">UMH<\/a> day started at 9:00 am. with the attendance of medical professionals in these diseases.<\/p>\n<p><img loading=\"lazy\" class=\"aligncenter wp-image-16239\" title=\"Some of the most common symptoms in patients with HIV infection\" src=\"http:\/\/departamentomedicinaclinica.edu.umh.es\/wp-content\/uploads\/sites\/1455\/2018\/03\/Infeccion-aguda-VIH.png\" alt=\"Illustration symptoms acute infection HIV advances in infectious diseases UMH\" width=\"500\" height=\"446\" srcset=\"https:\/\/departamentomedicinaclinica.umh.es\/files\/2018\/03\/Infeccion-aguda-VIH.png 640w, https:\/\/departamentomedicinaclinica.umh.es\/files\/2018\/03\/Infeccion-aguda-VIH-300x268.png 300w\" sizes=\"(max-width: 500px) 100vw, 500px\" \/><\/p>\n<h2>Who attended the meeting advances in infectious diseases UMH?<\/h2>\n<p>Mainly, experts in infectious diseases, infectious diseases doctors and other professionals. The moderator of the conference was:<\/p>\n<p><a href=\"hhttp:\/\/research.umh.es\/vivo\/display\/per_128479\">Jos\u00e9 Mar\u00eda Cuadrado<\/a>, professor of the UMH and head of the infections diseases unit of the <a href=\"http:\/\/www.dep17.san.gva.es\" target=\"_blank\" rel=\"noopener\">University Hospital of Sant Joan d\u2019Alacant<\/a>.<\/p>\n<h2>What are the meeting advances in infectious diseases UMH about?<\/h2>\n<p>The meeting began with the exposure of <strong>two clinical cases<\/strong>. They were selected previously and anonymously by a group of experts. After that, were held <strong>two round tables<\/strong> on different medical topics of interest:<\/p>\n<ul>\n<li>the sepsis (painful immune response of the body to an extremely serious infection) and the diagnostics, therapeutic treatments, and future prospects for treatment.<\/li>\n<li>news in diseases of sexual transmission of HIV patients.<\/li>\n<\/ul>\n<p>On the other hand, the second table was moderated by <a href=\"https:\/\/www.umh.es\/contenido\/Estudiantes\/:persona_35232\/datos_en.html\">F\u00e9lix Guti\u00e9rrez<\/a>. Professor of the <a href=\"http:\/\/www.departamentomedicinaclinica.edu.umh.es\/en\/\">Department of Clinical Medicine of the UMH<\/a>. Who presented a series of advances on transmitted sexual diseases.<\/p>\n<p><img loading=\"lazy\" class=\"aligncenter wp-image-8591\" title=\"F\u00e9lix Guti\u00e9rrez participates as a moderator of the round table news on diseases of sexual transmission of HIV patients\" src=\"http:\/\/departamentomedicinaclinica.edu.umh.es\/wp-content\/uploads\/sites\/1455\/2015\/09\/FelixGutierrezRodero.jpg\" alt=\"F\u00e9lix Guti\u00e9rrez Rodero professor Department Clinical Medicine UMH Advances in Infectious Diseases UMH\" width=\"500\" height=\"443\" srcset=\"https:\/\/departamentomedicinaclinica.umh.es\/files\/2015\/09\/FelixGutierrezRodero.jpg 1062w, https:\/\/departamentomedicinaclinica.umh.es\/files\/2015\/09\/FelixGutierrezRodero-300x266.jpg 300w, https:\/\/departamentomedicinaclinica.umh.es\/files\/2015\/09\/FelixGutierrezRodero-1024x906.jpg 1024w, https:\/\/departamentomedicinaclinica.umh.es\/files\/2015\/09\/FelixGutierrezRodero-768x680.jpg 768w\" sizes=\"(max-width: 500px) 100vw, 500px\" \/><\/p>\n<p>The closing ceremony featured a Conference that will focus on:<\/p>\n<ul>\n<li><strong>the recovery of the sense humanistic Medicine<\/strong>. This speech will have the collaboration of <a href=\"http:\/\/www.umh.es\/contenido\/Estudiantes\/:persona_28629\/datos_en.html\">Francisco Jover D\u00edaz<\/a>, professor at UMH. He is an expert of topics like &#8220;Medicine in painting&#8221;. On this occasion he will delight us with a vision of HIV through contemporary art.<\/li>\n<\/ul>\n<h2>Who collaborated with the meeting advances in infectious diseases UMH?<\/h2>\n<p>The <strong>meeting of the Society of Infectious Diseases of the Valencian Community<\/strong> also cooperates with:<\/p>\n<ul>\n<li>The University Hospital of Sant Joan d&#8217; Alacant,<\/li>\n<li>Abbvie, Angelini, Gilead, Janssen, MSD, Pfizer and ViiV, laboratories<\/li>\n<li>and the UMH (organizer)<\/li>\n<\/ul>\n<p><strong>&gt;&gt;<\/strong> <a href=\"http:\/\/comunicacion.umh.es\/files\/2018\/02\/09-02-18-jornada-sociedad-enfermedades-infecciosas.pdf\" target=\"_blank\" rel=\"noopener\">Get the program in pdf\u00a0<\/a><\/p>","protected":false},"excerpt":{"rendered":"<p>Sorry, this entry is only available in European Spanish.<\/p>\n","protected":false},"author":3158,"featured_media":16240,"comment_status":"closed","ping_status":"closed","sticky":false,"template":"","format":"standard","meta":{"_links_to":"","_links_to_target":""},"categories":[964,988062],"tags":[1026261,1130403,836129,191,2786,2790,43,5134,5446,5557,5611,5659],"yoast_head":"<!-- This site is optimized with the Yoast SEO plugin v17.5 - https:\/\/yoast.com\/wordpress\/plugins\/seo\/ -->\n<meta name=\"description\" content=\"Advances in Infectious Diseases titled XII Meeting of the Society of Infectious Diseases of the Valencian Community (SEICV) at Miguel Hern\u00e1ndez University.\" \/>\n<meta name=\"robots\" content=\"index, follow, max-snippet:-1, max-image-preview:large, max-video-preview:-1\" \/>\n<link rel=\"canonical\" href=\"https:\/\/departamentomedicinaclinica.umh.es\/en\/2018\/03\/01\/avances-en-enfermedades-infecciosas-umh-seicv\/\" \/>\n<meta property=\"og:locale\" content=\"en_US\" \/>\n<meta property=\"og:type\" content=\"article\" \/>\n<meta property=\"og:title\" content=\"Advances in Infectious Diseases UMH XII Meeting of the Society of Infectious Diseases of the Valencian Community - Departamento de Medicina Cl\u00ednica UMH\" \/>\n<meta property=\"og:description\" content=\"Advances in Infectious Diseases titled XII Meeting of the Society of Infectious Diseases of the Valencian Community (SEICV) at Miguel Hern\u00e1ndez University.\" \/>\n<meta property=\"og:url\" content=\"https:\/\/departamentomedicinaclinica.umh.es\/2018\/03\/01\/avances-en-enfermedades-infecciosas-umh-seicv\/\" \/>\n<meta property=\"og:site_name\" content=\"Departamento de Medicina Cl\u00ednica UMH\" \/>\n<meta property=\"article:published_time\" content=\"2018-03-01T09:20:50+00:00\" \/>\n<meta property=\"article:modified_time\" content=\"2024-02-23T10:38:44+00:00\" \/>\n<meta property=\"og:image\" content=\"https:\/\/departamentomedicinaclinica.umh.es\/files\/2018\/03\/Virus-Enfermedades-Infecciosas.jpg\" \/>\n\t<meta property=\"og:image:width\" content=\"555\" \/>\n\t<meta property=\"og:image:height\" content=\"347\" \/>\n<meta name=\"twitter:card\" content=\"summary_large_image\" \/>\n<meta name=\"twitter:creator\" content=\"@medicinaumh\" \/>\n<meta name=\"twitter:site\" content=\"@medicinaumh\" \/>\n<meta name=\"twitter:label1\" content=\"Written by\" \/>\n\t<meta name=\"twitter:data1\" content=\"garcia.natalia\" \/>\n\t<meta name=\"twitter:label2\" content=\"Est. reading time\" \/>\n\t<meta name=\"twitter:data2\" content=\"5 minutes\" \/>\n<script type=\"application\/ld+json\" class=\"yoast-schema-graph\">{\"@context\":\"https:\/\/schema.org\",\"@graph\":[{\"@type\":\"Organization\",\"@id\":\"https:\/\/departamentomedicinaclinica.umh.es\/#organization\",\"name\":\"Departamento Medicina Cl\\u00ednica Universidad Miguel Hern\\u00e1ndez de Elche\",\"url\":\"https:\/\/departamentomedicinaclinica.umh.es\/\",\"sameAs\":[\"https:\/\/www.youtube.com\/playlist?list=PLClKgnzRFYe6Y_i4QLNSlOwsZn0X3Klmb\",\"https:\/\/twitter.com\/medicinaumh\"],\"logo\":{\"@type\":\"ImageObject\",\"@id\":\"https:\/\/departamentomedicinaclinica.umh.es\/#logo\",\"inLanguage\":\"en-US\",\"url\":\"https:\/\/departamentomedicinaclinica.umh.es\/files\/2024\/07\/meclin-vertical.png\",\"contentUrl\":\"https:\/\/departamentomedicinaclinica.umh.es\/files\/2024\/07\/meclin-vertical.png\",\"width\":1376,\"height\":1600,\"caption\":\"Departamento Medicina Cl\\u00ednica Universidad Miguel Hern\\u00e1ndez de Elche\"},\"image\":{\"@id\":\"https:\/\/departamentomedicinaclinica.umh.es\/#logo\"}},{\"@type\":\"WebSite\",\"@id\":\"https:\/\/departamentomedicinaclinica.umh.es\/#website\",\"url\":\"https:\/\/departamentomedicinaclinica.umh.es\/\",\"name\":\"Departamento de Medicina Cl\\u00ednica UMH\",\"description\":\"Otro sitio m\\u00e1s de Zeus.umh.es Blogs\",\"publisher\":{\"@id\":\"https:\/\/departamentomedicinaclinica.umh.es\/#organization\"},\"potentialAction\":[{\"@type\":\"SearchAction\",\"target\":{\"@type\":\"EntryPoint\",\"urlTemplate\":\"https:\/\/departamentomedicinaclinica.umh.es\/?s={search_term_string}\"},\"query-input\":\"required name=search_term_string\"}],\"inLanguage\":\"en-US\"},{\"@type\":\"ImageObject\",\"@id\":\"https:\/\/departamentomedicinaclinica.umh.es\/2018\/03\/01\/avances-en-enfermedades-infecciosas-umh-seicv\/#primaryimage\",\"inLanguage\":\"en-US\",\"url\":\"https:\/\/departamentomedicinaclinica.umh.es\/files\/2018\/03\/Virus-Enfermedades-Infecciosas.jpg\",\"contentUrl\":\"https:\/\/departamentomedicinaclinica.umh.es\/files\/2018\/03\/Virus-Enfermedades-Infecciosas.jpg\",\"width\":555,\"height\":347,\"caption\":\"Virus Enfermedades Infecciosas VIH\"},{\"@type\":\"WebPage\",\"@id\":\"https:\/\/departamentomedicinaclinica.umh.es\/2018\/03\/01\/avances-en-enfermedades-infecciosas-umh-seicv\/#webpage\",\"url\":\"https:\/\/departamentomedicinaclinica.umh.es\/2018\/03\/01\/avances-en-enfermedades-infecciosas-umh-seicv\/\",\"name\":\"Advances in Infectious Diseases UMH XII Meeting of the Society of Infectious Diseases of the Valencian Community - Departamento de Medicina Cl\\u00ednica UMH\",\"isPartOf\":{\"@id\":\"https:\/\/departamentomedicinaclinica.umh.es\/#website\"},\"primaryImageOfPage\":{\"@id\":\"https:\/\/departamentomedicinaclinica.umh.es\/2018\/03\/01\/avances-en-enfermedades-infecciosas-umh-seicv\/#primaryimage\"},\"datePublished\":\"2018-03-01T09:20:50+00:00\",\"dateModified\":\"2024-02-23T10:38:44+00:00\",\"description\":\"Advances in Infectious Diseases titled XII Meeting of the Society of Infectious Diseases of the Valencian Community (SEICV) at Miguel Hern\\u00e1ndez University.\",\"breadcrumb\":{\"@id\":\"https:\/\/departamentomedicinaclinica.umh.es\/2018\/03\/01\/avances-en-enfermedades-infecciosas-umh-seicv\/#breadcrumb\"},\"inLanguage\":\"en-US\",\"potentialAction\":[{\"@type\":\"ReadAction\",\"target\":[\"https:\/\/departamentomedicinaclinica.umh.es\/2018\/03\/01\/avances-en-enfermedades-infecciosas-umh-seicv\/\"]}]},{\"@type\":\"BreadcrumbList\",\"@id\":\"https:\/\/departamentomedicinaclinica.umh.es\/2018\/03\/01\/avances-en-enfermedades-infecciosas-umh-seicv\/#breadcrumb\",\"itemListElement\":[{\"@type\":\"ListItem\",\"position\":1,\"name\":\"Portada\",\"item\":\"https:\/\/departamentomedicinaclinica.umh.es\/\"},{\"@type\":\"ListItem\",\"position\":2,\"name\":\"Avances en enfermedades infecciosas UMH XII Reuni\\u00f3n de la Sociedad de Enfermedades Infecciosas de la Comunidad Valenciana\"}]},{\"@type\":\"Article\",\"@id\":\"https:\/\/departamentomedicinaclinica.umh.es\/2018\/03\/01\/avances-en-enfermedades-infecciosas-umh-seicv\/#article\",\"isPartOf\":{\"@id\":\"https:\/\/departamentomedicinaclinica.umh.es\/2018\/03\/01\/avances-en-enfermedades-infecciosas-umh-seicv\/#webpage\"},\"author\":{\"@id\":\"https:\/\/departamentomedicinaclinica.umh.es\/#\/schema\/person\/4cce65f000b37391eb0fdba785a882b9\"},\"headline\":\"Advances in Infectious Diseases UMH XII Meeting of the Society of Infectious Diseases of the Valencian Community\",\"datePublished\":\"2018-03-01T09:20:50+00:00\",\"dateModified\":\"2024-02-23T10:38:44+00:00\",\"mainEntityOfPage\":{\"@id\":\"https:\/\/departamentomedicinaclinica.umh.es\/2018\/03\/01\/avances-en-enfermedades-infecciosas-umh-seicv\/#webpage\"},\"wordCount\":1129,\"publisher\":{\"@id\":\"https:\/\/departamentomedicinaclinica.umh.es\/#organization\"},\"image\":{\"@id\":\"https:\/\/departamentomedicinaclinica.umh.es\/2018\/03\/01\/avances-en-enfermedades-infecciosas-umh-seicv\/#primaryimage\"},\"thumbnailUrl\":\"https:\/\/departamentomedicinaclinica.umh.es\/files\/2018\/03\/Virus-Enfermedades-Infecciosas.jpg\",\"keywords\":[\"Avances en Enfermedades Infecciosas\",\"Enfermedades infecciosas UMH\",\"F\\u00e9lix Guti\\u00e9rrez Rodero\",\"Investigaci\\u00f3n\",\"Investigaciones\",\"Jornadas y seminarios\",\"Noticia\",\"Reuni\\u00f3n Enfermedades Infecciosas\",\"SEICV\",\"Seminarios y jornadas\",\"SIDA\",\"Sociedad de Enfermedades Infecciosas de la Comunidad Valenciana\"],\"articleSection\":[\"Actualidad\",\"Congresos\"],\"inLanguage\":\"en-US\"},{\"@type\":\"Person\",\"@id\":\"https:\/\/departamentomedicinaclinica.umh.es\/#\/schema\/person\/4cce65f000b37391eb0fdba785a882b9\",\"name\":\"garcia.natalia\",\"image\":{\"@type\":\"ImageObject\",\"@id\":\"https:\/\/departamentomedicinaclinica.umh.es\/#personlogo\",\"inLanguage\":\"en-US\",\"url\":\"https:\/\/secure.gravatar.com\/avatar\/2f6b18e6f874050af9faeeac24349c8c?s=96&d=mm&r=g\",\"contentUrl\":\"https:\/\/secure.gravatar.com\/avatar\/2f6b18e6f874050af9faeeac24349c8c?s=96&d=mm&r=g\",\"caption\":\"garcia.natalia\"},\"url\":\"https:\/\/departamentomedicinaclinica.umh.es\/en\/author\/garcia-natalia\/\"}]}<\/script>\n<!-- \/ Yoast SEO plugin. -->","yoast_head_json":{"description":"Advances in Infectious Diseases titled XII Meeting of the Society of Infectious Diseases of the Valencian Community (SEICV) at Miguel Hern\u00e1ndez University.","robots":{"index":"index","follow":"follow","max-snippet":"max-snippet:-1","max-image-preview":"max-image-preview:large","max-video-preview":"max-video-preview:-1"},"canonical":"https:\/\/departamentomedicinaclinica.umh.es\/en\/2018\/03\/01\/avances-en-enfermedades-infecciosas-umh-seicv\/","og_locale":"en_US","og_type":"article","og_title":"Advances in Infectious Diseases UMH XII Meeting of the Society of Infectious Diseases of the Valencian Community - Departamento de Medicina Cl\u00ednica UMH","og_description":"Advances in Infectious Diseases titled XII Meeting of the Society of Infectious Diseases of the Valencian Community (SEICV) at Miguel Hern\u00e1ndez University.","og_url":"https:\/\/departamentomedicinaclinica.umh.es\/2018\/03\/01\/avances-en-enfermedades-infecciosas-umh-seicv\/","og_site_name":"Departamento de Medicina Cl\u00ednica UMH","article_published_time":"2018-03-01T09:20:50+00:00","article_modified_time":"2024-02-23T10:38:44+00:00","og_image":[{"width":555,"height":347,"url":"https:\/\/departamentomedicinaclinica.umh.es\/files\/2018\/03\/Virus-Enfermedades-Infecciosas.jpg","type":"image\/jpeg"}],"twitter_card":"summary_large_image","twitter_creator":"@medicinaumh","twitter_site":"@medicinaumh","twitter_misc":{"Written by":"garcia.natalia","Est. reading time":"5 minutes"},"schema":{"@context":"https:\/\/schema.org","@graph":[{"@type":"Organization","@id":"https:\/\/departamentomedicinaclinica.umh.es\/#organization","name":"Departamento Medicina Cl\u00ednica Universidad Miguel Hern\u00e1ndez de Elche","url":"https:\/\/departamentomedicinaclinica.umh.es\/","sameAs":["https:\/\/www.youtube.com\/playlist?list=PLClKgnzRFYe6Y_i4QLNSlOwsZn0X3Klmb","https:\/\/twitter.com\/medicinaumh"],"logo":{"@type":"ImageObject","@id":"https:\/\/departamentomedicinaclinica.umh.es\/#logo","inLanguage":"en-US","url":"https:\/\/departamentomedicinaclinica.umh.es\/files\/2024\/07\/meclin-vertical.png","contentUrl":"https:\/\/departamentomedicinaclinica.umh.es\/files\/2024\/07\/meclin-vertical.png","width":1376,"height":1600,"caption":"Departamento Medicina Cl\u00ednica Universidad Miguel Hern\u00e1ndez de Elche"},"image":{"@id":"https:\/\/departamentomedicinaclinica.umh.es\/#logo"}},{"@type":"WebSite","@id":"https:\/\/departamentomedicinaclinica.umh.es\/#website","url":"https:\/\/departamentomedicinaclinica.umh.es\/","name":"Departamento de Medicina Cl\u00ednica UMH","description":"Otro sitio m\u00e1s de Zeus.umh.es Blogs","publisher":{"@id":"https:\/\/departamentomedicinaclinica.umh.es\/#organization"},"potentialAction":[{"@type":"SearchAction","target":{"@type":"EntryPoint","urlTemplate":"https:\/\/departamentomedicinaclinica.umh.es\/?s={search_term_string}"},"query-input":"required name=search_term_string"}],"inLanguage":"en-US"},{"@type":"ImageObject","@id":"https:\/\/departamentomedicinaclinica.umh.es\/2018\/03\/01\/avances-en-enfermedades-infecciosas-umh-seicv\/#primaryimage","inLanguage":"en-US","url":"https:\/\/departamentomedicinaclinica.umh.es\/files\/2018\/03\/Virus-Enfermedades-Infecciosas.jpg","contentUrl":"https:\/\/departamentomedicinaclinica.umh.es\/files\/2018\/03\/Virus-Enfermedades-Infecciosas.jpg","width":555,"height":347,"caption":"Virus Enfermedades Infecciosas VIH"},{"@type":"WebPage","@id":"https:\/\/departamentomedicinaclinica.umh.es\/2018\/03\/01\/avances-en-enfermedades-infecciosas-umh-seicv\/#webpage","url":"https:\/\/departamentomedicinaclinica.umh.es\/2018\/03\/01\/avances-en-enfermedades-infecciosas-umh-seicv\/","name":"Advances in Infectious Diseases UMH XII Meeting of the Society of Infectious Diseases of the Valencian Community - Departamento de Medicina Cl\u00ednica UMH","isPartOf":{"@id":"https:\/\/departamentomedicinaclinica.umh.es\/#website"},"primaryImageOfPage":{"@id":"https:\/\/departamentomedicinaclinica.umh.es\/2018\/03\/01\/avances-en-enfermedades-infecciosas-umh-seicv\/#primaryimage"},"datePublished":"2018-03-01T09:20:50+00:00","dateModified":"2024-02-23T10:38:44+00:00","description":"Advances in Infectious Diseases titled XII Meeting of the Society of Infectious Diseases of the Valencian Community (SEICV) at Miguel Hern\u00e1ndez University.","breadcrumb":{"@id":"https:\/\/departamentomedicinaclinica.umh.es\/2018\/03\/01\/avances-en-enfermedades-infecciosas-umh-seicv\/#breadcrumb"},"inLanguage":"en-US","potentialAction":[{"@type":"ReadAction","target":["https:\/\/departamentomedicinaclinica.umh.es\/2018\/03\/01\/avances-en-enfermedades-infecciosas-umh-seicv\/"]}]},{"@type":"BreadcrumbList","@id":"https:\/\/departamentomedicinaclinica.umh.es\/2018\/03\/01\/avances-en-enfermedades-infecciosas-umh-seicv\/#breadcrumb","itemListElement":[{"@type":"ListItem","position":1,"name":"Portada","item":"https:\/\/departamentomedicinaclinica.umh.es\/"},{"@type":"ListItem","position":2,"name":"Avances en enfermedades infecciosas UMH XII Reuni\u00f3n de la Sociedad de Enfermedades Infecciosas de la Comunidad Valenciana"}]},{"@type":"Article","@id":"https:\/\/departamentomedicinaclinica.umh.es\/2018\/03\/01\/avances-en-enfermedades-infecciosas-umh-seicv\/#article","isPartOf":{"@id":"https:\/\/departamentomedicinaclinica.umh.es\/2018\/03\/01\/avances-en-enfermedades-infecciosas-umh-seicv\/#webpage"},"author":{"@id":"https:\/\/departamentomedicinaclinica.umh.es\/#\/schema\/person\/4cce65f000b37391eb0fdba785a882b9"},"headline":"Advances in Infectious Diseases UMH XII Meeting of the Society of Infectious Diseases of the Valencian Community","datePublished":"2018-03-01T09:20:50+00:00","dateModified":"2024-02-23T10:38:44+00:00","mainEntityOfPage":{"@id":"https:\/\/departamentomedicinaclinica.umh.es\/2018\/03\/01\/avances-en-enfermedades-infecciosas-umh-seicv\/#webpage"},"wordCount":1129,"publisher":{"@id":"https:\/\/departamentomedicinaclinica.umh.es\/#organization"},"image":{"@id":"https:\/\/departamentomedicinaclinica.umh.es\/2018\/03\/01\/avances-en-enfermedades-infecciosas-umh-seicv\/#primaryimage"},"thumbnailUrl":"https:\/\/departamentomedicinaclinica.umh.es\/files\/2018\/03\/Virus-Enfermedades-Infecciosas.jpg","keywords":["Avances en Enfermedades Infecciosas","Enfermedades infecciosas UMH","F\u00e9lix Guti\u00e9rrez Rodero","Investigaci\u00f3n","Investigaciones","Jornadas y seminarios","Noticia","Reuni\u00f3n Enfermedades Infecciosas","SEICV","Seminarios y jornadas","SIDA","Sociedad de Enfermedades Infecciosas de la Comunidad Valenciana"],"articleSection":["Actualidad","Congresos"],"inLanguage":"en-US"},{"@type":"Person","@id":"https:\/\/departamentomedicinaclinica.umh.es\/#\/schema\/person\/4cce65f000b37391eb0fdba785a882b9","name":"garcia.natalia","image":{"@type":"ImageObject","@id":"https:\/\/departamentomedicinaclinica.umh.es\/#personlogo","inLanguage":"en-US","url":"https:\/\/secure.gravatar.com\/avatar\/2f6b18e6f874050af9faeeac24349c8c?s=96&d=mm&r=g","contentUrl":"https:\/\/secure.gravatar.com\/avatar\/2f6b18e6f874050af9faeeac24349c8c?s=96&d=mm&r=g","caption":"garcia.natalia"},"url":"https:\/\/departamentomedicinaclinica.umh.es\/en\/author\/garcia-natalia\/"}]}},"_links":{"self":[{"href":"https:\/\/departamentomedicinaclinica.umh.es\/en\/wp-json\/wp\/v2\/posts\/16135"}],"collection":[{"href":"https:\/\/departamentomedicinaclinica.umh.es\/en\/wp-json\/wp\/v2\/posts"}],"about":[{"href":"https:\/\/departamentomedicinaclinica.umh.es\/en\/wp-json\/wp\/v2\/types\/post"}],"author":[{"embeddable":true,"href":"https:\/\/departamentomedicinaclinica.umh.es\/en\/wp-json\/wp\/v2\/users\/3158"}],"replies":[{"embeddable":true,"href":"https:\/\/departamentomedicinaclinica.umh.es\/en\/wp-json\/wp\/v2\/comments?post=16135"}],"version-history":[{"count":0,"href":"https:\/\/departamentomedicinaclinica.umh.es\/en\/wp-json\/wp\/v2\/posts\/16135\/revisions"}],"wp:featuredmedia":[{"embeddable":true,"href":"https:\/\/departamentomedicinaclinica.umh.es\/en\/wp-json\/wp\/v2\/media\/16240"}],"wp:attachment":[{"href":"https:\/\/departamentomedicinaclinica.umh.es\/en\/wp-json\/wp\/v2\/media?parent=16135"}],"wp:term":[{"taxonomy":"category","embeddable":true,"href":"https:\/\/departamentomedicinaclinica.umh.es\/en\/wp-json\/wp\/v2\/categories?post=16135"},{"taxonomy":"post_tag","embeddable":true,"href":"https:\/\/departamentomedicinaclinica.umh.es\/en\/wp-json\/wp\/v2\/tags?post=16135"}],"curies":[{"name":"wp","href":"https:\/\/api.w.org\/{rel}","templated":true}]}}