{"id":16351,"date":"2018-05-31T08:18:40","date_gmt":"2018-05-31T06:18:40","guid":{"rendered":"http:\/\/www.departamentomedicinaclinicaumh.es\/?p=16351"},"modified":"2024-02-23T10:38:43","modified_gmt":"2024-02-23T10:38:43","slug":"catedra-de-investigacion-en-cronicidad-umh-semergen","status":"publish","type":"post","link":"https:\/\/departamentomedicinaclinica.umh.es\/en\/2018\/05\/31\/catedra-de-investigacion-en-cronicidad-umh-semergen\/","title":{"rendered":"The Chair of Research in Chronicity by University Miguel Hern\u00e1ndez and SEMERGEN is already a reality"},"content":{"rendered":"<p><\/p>\n<p>The Chair of Research in Chronicity UMH and SEMERGEN has already started walking. Representatives of the Department of Clinical Medicine of the University Miguel Hern\u00e1ndez and SEMERGEN have strengthened links in the creation of this recent study.<\/p>\n<h3>Who are responsible for the Chair of Research in Chronicity UMH and SEMERGEN agreement?<\/h3>\n<p><!--more--><br \/>\nBoth representatives of the University Miguel Hern\u00e1ndez of Elche, as the Medical Society of Primary Care have been responsible to carry out the agreement.<\/p>\n<ul>\n<li><a href=\"http:\/\/www.umh.es\/contenido\/pdi\/:persona_32196\/datos_en.html\" target=\"_blank\" rel=\"noopener\"> Jes\u00fas Pastor Ciurana<\/a>, rector of the University Miguel Hern\u00e1ndez (UMH), and<\/li>\n<li><a href=\"https:\/\/www.semergen.es\/?seccion=dinamico&amp;subSeccion=bloque&amp;idS=8&amp;idSS=32\" target=\"_blank\" rel=\"noopener\">Jos\u00e9 Luis Llisterri<\/a>, president of the Spanish Society of Primary Care Doctors (<a href=\"https:\/\/www.semergen.es\/\" target=\"_blank\" rel=\"noopener\">SEMERGEN<\/a>)<\/li>\n<\/ul>\n<p>The two highest academic and medical authorities, have signed the convention of the <strong>the Chair of Research in Chronicity SEMERGEN-UMH<\/strong>.<\/p>\n<p><img loading=\"lazy\" class=\"wp-image-16528 aligncenter size-full\" title=\"Hands crossing agreement the Chair of Research in Chronicity UMH-SEMERGEN\" src=\"http:\/\/departamentomedicinaclinica.edu.umh.es\/wp-content\/uploads\/sites\/1455\/2018\/04\/Firma-acuerdo-Rector-UMH-SEMERGEN-catedra-Cronicidad.jpg\" alt=\"The rector of the UMH and the head of SEMERGEN signed the agreement for the next the the Chair of Research in Chronicity UMH-SEMERGEN\" width=\"598\" height=\"400\" srcset=\"https:\/\/departamentomedicinaclinica.umh.es\/files\/2018\/04\/Firma-acuerdo-Rector-UMH-SEMERGEN-catedra-Cronicidad.jpg 598w, https:\/\/departamentomedicinaclinica.umh.es\/files\/2018\/04\/Firma-acuerdo-Rector-UMH-SEMERGEN-catedra-Cronicidad-300x201.jpg 300w\" sizes=\"(max-width: 598px) 100vw, 598px\" \/><\/p>\n<h3>What are the objectives of the Chair of Research in Chronicity and SEMERGEN?<\/h3>\n<p>The general objectives of this new Chair are:<\/p>\n<ul>\n<li>training,<\/li>\n<li>research,<\/li>\n<li>development and<\/li>\n<li>the transfer of knowledge in the field of health, chronic<\/li>\n<\/ul>\n<p>All through the implementation of training activities and research. As well as the holding of seminars and informative workshops of interest. Mainly about chronicity from the perspective of Primary Care.<\/p>\n<h3>Who attended the signing of the Chair of Research in Chronicity UMH and SEMERGEN?<\/h3>\n<p>The sign, also attended, the Vice president for research and innovation of the UMH, <strong>Manuel Jordan Vidal.<\/strong>\u00a0The director of the Chair, <a href=\"https:\/\/www.umh.es\/contenido\/Visitantes\/:persona_32922\/datos_en.html\"> Felipe Navarro<\/a> and on behalf of the Department of Clinical Medicine of the UMH. The secretary of SEMERGEN, <strong>Rafael M. Mic\u00f3<\/strong>,and Secretary of SEMERGEN Valencia, <strong>Javier Sanz<\/strong>.<\/p>\n<p>In the words of its boosters, <em>&#8220;This Chair owes its importance to the role main character who acquire the chronic in the national health system, since 80% of primary care consultations are due to chronic illnesses&#8221;.<\/em><\/p>\n<p>On the other hand, Jos\u00e9 Luis Llisterri, president of <strong>SEMERGEN<\/strong>, has emphasized different topics. On the one hand, the required prominence to teaching Primary Care must be purchased. Especially in the university through the <a href=\"http:\/\/www.umh.es\/contenido\/pas\/:tit_g_132_M1\/datos_en.html\" target=\"_blank\" rel=\"noopener\"> <strong>degree in Medicine<\/strong><\/a>. As commented, &#8220;approximately 27% of the vacancies that are offered in the MIR are designated for family and community medicine. &#8220;A large percentage that drives us to work to increase the presence of the specialty in the academic field and promote the provision of knowledge and skills between students on primary care&#8221;.<\/p>\n<p>The Chair of Research in Chronicity UMH and SEMEMERGEN is required by its implications for the first level of care. And again, but, it is also by leading role acquired chronic diseases in the <strong>Spanish National Health System (SNHS)<\/strong> by the progressive aging of the population.<\/p>\n<p><img loading=\"lazy\" class=\"wp-image-79 size-full aligncenter\" title=\"Also UMH participates in the creation of new studies of the Chair SEMERGEN-UMH\" src=\"http:\/\/departamentomedicinaclinica.edu.umh.es\/wp-content\/uploads\/sites\/1455\/2014\/11\/logo-umh.png\" alt=\"Logo University Miguel Hern\u00e1ndez de Elche\" width=\"140\" height=\"59\" \/><img loading=\"lazy\" class=\"wp-image-16529 size-thumbnail aligncenter\" title=\"SEMERGEN collaborates in the creation of the Chair of Research in Chronicity next UMH\" src=\"http:\/\/departamentomedicinaclinica.edu.umh.es\/wp-content\/uploads\/sites\/1455\/2018\/04\/Logo-SEMERGEN-Sociedad-Espanyola-de-Medicos-de-Atencion-Primaria-150x150.jpg\" alt=\"Logo SEMERGEN society Spanish of primary care doctors Chair of Research in Chronicity\" width=\"150\" height=\"150\" \/><\/p>","protected":false},"excerpt":{"rendered":"<p>Sorry, this entry is only available in European Spanish.<\/p>\n","protected":false},"author":3158,"featured_media":16527,"comment_status":"closed","ping_status":"closed","sticky":false,"template":"","format":"standard","meta":{"_links_to":"","_links_to_target":""},"categories":[964,988210],"tags":[999568,50922,53143,1083891,1145312,1157900,1336090,5455,5650],"yoast_head":"<!-- This site is optimized with the Yoast SEO plugin v17.5 - https:\/\/yoast.com\/wordpress\/plugins\/seo\/ -->\n<meta name=\"description\" content=\"Chair of Research in Chronicity UMH and SEMERGEN the agreement of\u00a0 Department of Clinical Medicine of the University Miguel Hern\u00e1ndez and SEMERGEN.\u00a0\" \/>\n<meta name=\"robots\" content=\"index, follow, max-snippet:-1, max-image-preview:large, max-video-preview:-1\" \/>\n<link rel=\"canonical\" href=\"https:\/\/departamentomedicinaclinica.umh.es\/en\/2018\/05\/31\/catedra-de-investigacion-en-cronicidad-umh-semergen\/\" \/>\n<meta property=\"og:locale\" content=\"en_US\" \/>\n<meta property=\"og:type\" content=\"article\" \/>\n<meta property=\"og:title\" content=\"The Chair of Research in Chronicity by University Miguel Hern\u00e1ndez and SEMERGEN is already a reality - Departamento de Medicina Cl\u00ednica UMH\" \/>\n<meta property=\"og:description\" content=\"Chair of Research in Chronicity UMH and SEMERGEN the agreement of\u00a0 Department of Clinical Medicine of the University Miguel Hern\u00e1ndez and SEMERGEN.\u00a0\" \/>\n<meta property=\"og:url\" content=\"https:\/\/departamentomedicinaclinica.umh.es\/2018\/05\/31\/catedra-de-investigacion-en-cronicidad-umh-semergen\/\" \/>\n<meta property=\"og:site_name\" content=\"Departamento de Medicina Cl\u00ednica UMH\" \/>\n<meta property=\"article:published_time\" content=\"2018-05-31T06:18:40+00:00\" \/>\n<meta property=\"article:modified_time\" content=\"2024-02-23T10:38:43+00:00\" \/>\n<meta property=\"og:image\" content=\"https:\/\/departamentomedicinaclinica.umh.es\/files\/2018\/04\/Catedra-Cronicidad-acuerdo-UMH-SEMERGEN.jpg\" \/>\n\t<meta property=\"og:image:width\" content=\"555\" \/>\n\t<meta property=\"og:image:height\" content=\"339\" \/>\n<meta name=\"twitter:card\" content=\"summary_large_image\" \/>\n<meta name=\"twitter:creator\" content=\"@medicinaumh\" \/>\n<meta name=\"twitter:site\" content=\"@medicinaumh\" \/>\n<meta name=\"twitter:label1\" content=\"Written by\" \/>\n\t<meta name=\"twitter:data1\" content=\"garcia.natalia\" \/>\n\t<meta name=\"twitter:label2\" content=\"Est. reading time\" \/>\n\t<meta name=\"twitter:data2\" content=\"7 minutes\" \/>\n<script type=\"application\/ld+json\" class=\"yoast-schema-graph\">{\"@context\":\"https:\/\/schema.org\",\"@graph\":[{\"@type\":\"Organization\",\"@id\":\"https:\/\/departamentomedicinaclinica.umh.es\/#organization\",\"name\":\"Departamento Medicina Cl\\u00ednica Universidad Miguel Hern\\u00e1ndez de Elche\",\"url\":\"https:\/\/departamentomedicinaclinica.umh.es\/\",\"sameAs\":[\"https:\/\/www.youtube.com\/playlist?list=PLClKgnzRFYe6Y_i4QLNSlOwsZn0X3Klmb\",\"https:\/\/twitter.com\/medicinaumh\"],\"logo\":{\"@type\":\"ImageObject\",\"@id\":\"https:\/\/departamentomedicinaclinica.umh.es\/#logo\",\"inLanguage\":\"en-US\",\"url\":\"https:\/\/departamentomedicinaclinica.umh.es\/files\/2024\/07\/meclin-vertical.png\",\"contentUrl\":\"https:\/\/departamentomedicinaclinica.umh.es\/files\/2024\/07\/meclin-vertical.png\",\"width\":1376,\"height\":1600,\"caption\":\"Departamento Medicina Cl\\u00ednica Universidad Miguel Hern\\u00e1ndez de Elche\"},\"image\":{\"@id\":\"https:\/\/departamentomedicinaclinica.umh.es\/#logo\"}},{\"@type\":\"WebSite\",\"@id\":\"https:\/\/departamentomedicinaclinica.umh.es\/#website\",\"url\":\"https:\/\/departamentomedicinaclinica.umh.es\/\",\"name\":\"Departamento de Medicina Cl\\u00ednica UMH\",\"description\":\"Otro sitio m\\u00e1s de Zeus.umh.es Blogs\",\"publisher\":{\"@id\":\"https:\/\/departamentomedicinaclinica.umh.es\/#organization\"},\"potentialAction\":[{\"@type\":\"SearchAction\",\"target\":{\"@type\":\"EntryPoint\",\"urlTemplate\":\"https:\/\/departamentomedicinaclinica.umh.es\/?s={search_term_string}\"},\"query-input\":\"required name=search_term_string\"}],\"inLanguage\":\"en-US\"},{\"@type\":\"ImageObject\",\"@id\":\"https:\/\/departamentomedicinaclinica.umh.es\/2018\/05\/31\/catedra-de-investigacion-en-cronicidad-umh-semergen\/#primaryimage\",\"inLanguage\":\"en-US\",\"url\":\"https:\/\/departamentomedicinaclinica.umh.es\/files\/2018\/04\/Catedra-Cronicidad-acuerdo-UMH-SEMERGEN.jpg\",\"contentUrl\":\"https:\/\/departamentomedicinaclinica.umh.es\/files\/2018\/04\/Catedra-Cronicidad-acuerdo-UMH-SEMERGEN.jpg\",\"width\":555,\"height\":339,\"caption\":\"Miembros C\\u00e1tedra Cronicidad acuerdo UMH-SEMERGEN\"},{\"@type\":\"WebPage\",\"@id\":\"https:\/\/departamentomedicinaclinica.umh.es\/2018\/05\/31\/catedra-de-investigacion-en-cronicidad-umh-semergen\/#webpage\",\"url\":\"https:\/\/departamentomedicinaclinica.umh.es\/2018\/05\/31\/catedra-de-investigacion-en-cronicidad-umh-semergen\/\",\"name\":\"The Chair of Research in Chronicity by University Miguel Hern\\u00e1ndez and SEMERGEN is already a reality - Departamento de Medicina Cl\\u00ednica UMH\",\"isPartOf\":{\"@id\":\"https:\/\/departamentomedicinaclinica.umh.es\/#website\"},\"primaryImageOfPage\":{\"@id\":\"https:\/\/departamentomedicinaclinica.umh.es\/2018\/05\/31\/catedra-de-investigacion-en-cronicidad-umh-semergen\/#primaryimage\"},\"datePublished\":\"2018-05-31T06:18:40+00:00\",\"dateModified\":\"2024-02-23T10:38:43+00:00\",\"description\":\"Chair of Research in Chronicity UMH and SEMERGEN the agreement of\\u00a0 Department of Clinical Medicine of the University Miguel Hern\\u00e1ndez and SEMERGEN.\\u00a0\",\"breadcrumb\":{\"@id\":\"https:\/\/departamentomedicinaclinica.umh.es\/2018\/05\/31\/catedra-de-investigacion-en-cronicidad-umh-semergen\/#breadcrumb\"},\"inLanguage\":\"en-US\",\"potentialAction\":[{\"@type\":\"ReadAction\",\"target\":[\"https:\/\/departamentomedicinaclinica.umh.es\/2018\/05\/31\/catedra-de-investigacion-en-cronicidad-umh-semergen\/\"]}]},{\"@type\":\"BreadcrumbList\",\"@id\":\"https:\/\/departamentomedicinaclinica.umh.es\/2018\/05\/31\/catedra-de-investigacion-en-cronicidad-umh-semergen\/#breadcrumb\",\"itemListElement\":[{\"@type\":\"ListItem\",\"position\":1,\"name\":\"Portada\",\"item\":\"https:\/\/departamentomedicinaclinica.umh.es\/\"},{\"@type\":\"ListItem\",\"position\":2,\"name\":\"La C\\u00e1tedra de Investigaci\\u00f3n en Cronicidad por la UMH y Semergen ya es una realidad\"}]},{\"@type\":\"Article\",\"@id\":\"https:\/\/departamentomedicinaclinica.umh.es\/2018\/05\/31\/catedra-de-investigacion-en-cronicidad-umh-semergen\/#article\",\"isPartOf\":{\"@id\":\"https:\/\/departamentomedicinaclinica.umh.es\/2018\/05\/31\/catedra-de-investigacion-en-cronicidad-umh-semergen\/#webpage\"},\"author\":{\"@id\":\"https:\/\/departamentomedicinaclinica.umh.es\/#\/schema\/person\/4cce65f000b37391eb0fdba785a882b9\"},\"headline\":\"The Chair of Research in Chronicity by University Miguel Hern\\u00e1ndez and SEMERGEN is already a reality\",\"datePublished\":\"2018-05-31T06:18:40+00:00\",\"dateModified\":\"2024-02-23T10:38:43+00:00\",\"mainEntityOfPage\":{\"@id\":\"https:\/\/departamentomedicinaclinica.umh.es\/2018\/05\/31\/catedra-de-investigacion-en-cronicidad-umh-semergen\/#webpage\"},\"wordCount\":1462,\"publisher\":{\"@id\":\"https:\/\/departamentomedicinaclinica.umh.es\/#organization\"},\"image\":{\"@id\":\"https:\/\/departamentomedicinaclinica.umh.es\/2018\/05\/31\/catedra-de-investigacion-en-cronicidad-umh-semergen\/#primaryimage\"},\"thumbnailUrl\":\"https:\/\/departamentomedicinaclinica.umh.es\/files\/2018\/04\/Catedra-Cronicidad-acuerdo-UMH-SEMERGEN.jpg\",\"keywords\":[\"acuerdo universidad Miguel Hern\\u00e1ndez\",\"C\\u00e1tedra\",\"C\\u00e1tedra UMH\",\"Cronicidad\",\"estudios investigaci\\u00f3n UMH\",\"Felipe Navarro Cremades\",\"profesorado Medicina UMH\",\"SEMERGEN\",\"Sistema Nacional Salud\"],\"articleSection\":[\"Actualidad\",\"M\\u00e1steres\"],\"inLanguage\":\"en-US\"},{\"@type\":\"Person\",\"@id\":\"https:\/\/departamentomedicinaclinica.umh.es\/#\/schema\/person\/4cce65f000b37391eb0fdba785a882b9\",\"name\":\"garcia.natalia\",\"image\":{\"@type\":\"ImageObject\",\"@id\":\"https:\/\/departamentomedicinaclinica.umh.es\/#personlogo\",\"inLanguage\":\"en-US\",\"url\":\"https:\/\/secure.gravatar.com\/avatar\/2f6b18e6f874050af9faeeac24349c8c?s=96&d=mm&r=g\",\"contentUrl\":\"https:\/\/secure.gravatar.com\/avatar\/2f6b18e6f874050af9faeeac24349c8c?s=96&d=mm&r=g\",\"caption\":\"garcia.natalia\"},\"url\":\"https:\/\/departamentomedicinaclinica.umh.es\/en\/author\/garcia-natalia\/\"}]}<\/script>\n<!-- \/ Yoast SEO plugin. -->","yoast_head_json":{"description":"Chair of Research in Chronicity UMH and SEMERGEN the agreement of\u00a0 Department of Clinical Medicine of the University Miguel Hern\u00e1ndez and SEMERGEN.\u00a0","robots":{"index":"index","follow":"follow","max-snippet":"max-snippet:-1","max-image-preview":"max-image-preview:large","max-video-preview":"max-video-preview:-1"},"canonical":"https:\/\/departamentomedicinaclinica.umh.es\/en\/2018\/05\/31\/catedra-de-investigacion-en-cronicidad-umh-semergen\/","og_locale":"en_US","og_type":"article","og_title":"The Chair of Research in Chronicity by University Miguel Hern\u00e1ndez and SEMERGEN is already a reality - Departamento de Medicina Cl\u00ednica UMH","og_description":"Chair of Research in Chronicity UMH and SEMERGEN the agreement of\u00a0 Department of Clinical Medicine of the University Miguel Hern\u00e1ndez and SEMERGEN.\u00a0","og_url":"https:\/\/departamentomedicinaclinica.umh.es\/2018\/05\/31\/catedra-de-investigacion-en-cronicidad-umh-semergen\/","og_site_name":"Departamento de Medicina Cl\u00ednica UMH","article_published_time":"2018-05-31T06:18:40+00:00","article_modified_time":"2024-02-23T10:38:43+00:00","og_image":[{"width":555,"height":339,"url":"https:\/\/departamentomedicinaclinica.umh.es\/files\/2018\/04\/Catedra-Cronicidad-acuerdo-UMH-SEMERGEN.jpg","type":"image\/jpeg"}],"twitter_card":"summary_large_image","twitter_creator":"@medicinaumh","twitter_site":"@medicinaumh","twitter_misc":{"Written by":"garcia.natalia","Est. reading time":"7 minutes"},"schema":{"@context":"https:\/\/schema.org","@graph":[{"@type":"Organization","@id":"https:\/\/departamentomedicinaclinica.umh.es\/#organization","name":"Departamento Medicina Cl\u00ednica Universidad Miguel Hern\u00e1ndez de Elche","url":"https:\/\/departamentomedicinaclinica.umh.es\/","sameAs":["https:\/\/www.youtube.com\/playlist?list=PLClKgnzRFYe6Y_i4QLNSlOwsZn0X3Klmb","https:\/\/twitter.com\/medicinaumh"],"logo":{"@type":"ImageObject","@id":"https:\/\/departamentomedicinaclinica.umh.es\/#logo","inLanguage":"en-US","url":"https:\/\/departamentomedicinaclinica.umh.es\/files\/2024\/07\/meclin-vertical.png","contentUrl":"https:\/\/departamentomedicinaclinica.umh.es\/files\/2024\/07\/meclin-vertical.png","width":1376,"height":1600,"caption":"Departamento Medicina Cl\u00ednica Universidad Miguel Hern\u00e1ndez de Elche"},"image":{"@id":"https:\/\/departamentomedicinaclinica.umh.es\/#logo"}},{"@type":"WebSite","@id":"https:\/\/departamentomedicinaclinica.umh.es\/#website","url":"https:\/\/departamentomedicinaclinica.umh.es\/","name":"Departamento de Medicina Cl\u00ednica UMH","description":"Otro sitio m\u00e1s de Zeus.umh.es Blogs","publisher":{"@id":"https:\/\/departamentomedicinaclinica.umh.es\/#organization"},"potentialAction":[{"@type":"SearchAction","target":{"@type":"EntryPoint","urlTemplate":"https:\/\/departamentomedicinaclinica.umh.es\/?s={search_term_string}"},"query-input":"required name=search_term_string"}],"inLanguage":"en-US"},{"@type":"ImageObject","@id":"https:\/\/departamentomedicinaclinica.umh.es\/2018\/05\/31\/catedra-de-investigacion-en-cronicidad-umh-semergen\/#primaryimage","inLanguage":"en-US","url":"https:\/\/departamentomedicinaclinica.umh.es\/files\/2018\/04\/Catedra-Cronicidad-acuerdo-UMH-SEMERGEN.jpg","contentUrl":"https:\/\/departamentomedicinaclinica.umh.es\/files\/2018\/04\/Catedra-Cronicidad-acuerdo-UMH-SEMERGEN.jpg","width":555,"height":339,"caption":"Miembros C\u00e1tedra Cronicidad acuerdo UMH-SEMERGEN"},{"@type":"WebPage","@id":"https:\/\/departamentomedicinaclinica.umh.es\/2018\/05\/31\/catedra-de-investigacion-en-cronicidad-umh-semergen\/#webpage","url":"https:\/\/departamentomedicinaclinica.umh.es\/2018\/05\/31\/catedra-de-investigacion-en-cronicidad-umh-semergen\/","name":"The Chair of Research in Chronicity by University Miguel Hern\u00e1ndez and SEMERGEN is already a reality - Departamento de Medicina Cl\u00ednica UMH","isPartOf":{"@id":"https:\/\/departamentomedicinaclinica.umh.es\/#website"},"primaryImageOfPage":{"@id":"https:\/\/departamentomedicinaclinica.umh.es\/2018\/05\/31\/catedra-de-investigacion-en-cronicidad-umh-semergen\/#primaryimage"},"datePublished":"2018-05-31T06:18:40+00:00","dateModified":"2024-02-23T10:38:43+00:00","description":"Chair of Research in Chronicity UMH and SEMERGEN the agreement of\u00a0 Department of Clinical Medicine of the University Miguel Hern\u00e1ndez and SEMERGEN.\u00a0","breadcrumb":{"@id":"https:\/\/departamentomedicinaclinica.umh.es\/2018\/05\/31\/catedra-de-investigacion-en-cronicidad-umh-semergen\/#breadcrumb"},"inLanguage":"en-US","potentialAction":[{"@type":"ReadAction","target":["https:\/\/departamentomedicinaclinica.umh.es\/2018\/05\/31\/catedra-de-investigacion-en-cronicidad-umh-semergen\/"]}]},{"@type":"BreadcrumbList","@id":"https:\/\/departamentomedicinaclinica.umh.es\/2018\/05\/31\/catedra-de-investigacion-en-cronicidad-umh-semergen\/#breadcrumb","itemListElement":[{"@type":"ListItem","position":1,"name":"Portada","item":"https:\/\/departamentomedicinaclinica.umh.es\/"},{"@type":"ListItem","position":2,"name":"La C\u00e1tedra de Investigaci\u00f3n en Cronicidad por la UMH y Semergen ya es una realidad"}]},{"@type":"Article","@id":"https:\/\/departamentomedicinaclinica.umh.es\/2018\/05\/31\/catedra-de-investigacion-en-cronicidad-umh-semergen\/#article","isPartOf":{"@id":"https:\/\/departamentomedicinaclinica.umh.es\/2018\/05\/31\/catedra-de-investigacion-en-cronicidad-umh-semergen\/#webpage"},"author":{"@id":"https:\/\/departamentomedicinaclinica.umh.es\/#\/schema\/person\/4cce65f000b37391eb0fdba785a882b9"},"headline":"The Chair of Research in Chronicity by University Miguel Hern\u00e1ndez and SEMERGEN is already a reality","datePublished":"2018-05-31T06:18:40+00:00","dateModified":"2024-02-23T10:38:43+00:00","mainEntityOfPage":{"@id":"https:\/\/departamentomedicinaclinica.umh.es\/2018\/05\/31\/catedra-de-investigacion-en-cronicidad-umh-semergen\/#webpage"},"wordCount":1462,"publisher":{"@id":"https:\/\/departamentomedicinaclinica.umh.es\/#organization"},"image":{"@id":"https:\/\/departamentomedicinaclinica.umh.es\/2018\/05\/31\/catedra-de-investigacion-en-cronicidad-umh-semergen\/#primaryimage"},"thumbnailUrl":"https:\/\/departamentomedicinaclinica.umh.es\/files\/2018\/04\/Catedra-Cronicidad-acuerdo-UMH-SEMERGEN.jpg","keywords":["acuerdo universidad Miguel Hern\u00e1ndez","C\u00e1tedra","C\u00e1tedra UMH","Cronicidad","estudios investigaci\u00f3n UMH","Felipe Navarro Cremades","profesorado Medicina UMH","SEMERGEN","Sistema Nacional Salud"],"articleSection":["Actualidad","M\u00e1steres"],"inLanguage":"en-US"},{"@type":"Person","@id":"https:\/\/departamentomedicinaclinica.umh.es\/#\/schema\/person\/4cce65f000b37391eb0fdba785a882b9","name":"garcia.natalia","image":{"@type":"ImageObject","@id":"https:\/\/departamentomedicinaclinica.umh.es\/#personlogo","inLanguage":"en-US","url":"https:\/\/secure.gravatar.com\/avatar\/2f6b18e6f874050af9faeeac24349c8c?s=96&d=mm&r=g","contentUrl":"https:\/\/secure.gravatar.com\/avatar\/2f6b18e6f874050af9faeeac24349c8c?s=96&d=mm&r=g","caption":"garcia.natalia"},"url":"https:\/\/departamentomedicinaclinica.umh.es\/en\/author\/garcia-natalia\/"}]}},"_links":{"self":[{"href":"https:\/\/departamentomedicinaclinica.umh.es\/en\/wp-json\/wp\/v2\/posts\/16351"}],"collection":[{"href":"https:\/\/departamentomedicinaclinica.umh.es\/en\/wp-json\/wp\/v2\/posts"}],"about":[{"href":"https:\/\/departamentomedicinaclinica.umh.es\/en\/wp-json\/wp\/v2\/types\/post"}],"author":[{"embeddable":true,"href":"https:\/\/departamentomedicinaclinica.umh.es\/en\/wp-json\/wp\/v2\/users\/3158"}],"replies":[{"embeddable":true,"href":"https:\/\/departamentomedicinaclinica.umh.es\/en\/wp-json\/wp\/v2\/comments?post=16351"}],"version-history":[{"count":0,"href":"https:\/\/departamentomedicinaclinica.umh.es\/en\/wp-json\/wp\/v2\/posts\/16351\/revisions"}],"wp:featuredmedia":[{"embeddable":true,"href":"https:\/\/departamentomedicinaclinica.umh.es\/en\/wp-json\/wp\/v2\/media\/16527"}],"wp:attachment":[{"href":"https:\/\/departamentomedicinaclinica.umh.es\/en\/wp-json\/wp\/v2\/media?parent=16351"}],"wp:term":[{"taxonomy":"category","embeddable":true,"href":"https:\/\/departamentomedicinaclinica.umh.es\/en\/wp-json\/wp\/v2\/categories?post=16351"},{"taxonomy":"post_tag","embeddable":true,"href":"https:\/\/departamentomedicinaclinica.umh.es\/en\/wp-json\/wp\/v2\/tags?post=16351"}],"curies":[{"name":"wp","href":"https:\/\/api.w.org\/{rel}","templated":true}]}}