{"id":16354,"date":"2018-04-13T14:17:23","date_gmt":"2018-04-13T12:17:23","guid":{"rendered":"http:\/\/www.departamentomedicinaclinicaumh.es\/?p=16354"},"modified":"2024-02-23T10:38:44","modified_gmt":"2024-02-23T10:38:44","slug":"jornada-respirando-salud-umh","status":"publish","type":"post","link":"https:\/\/departamentomedicinaclinica.umh.es\/en\/2018\/04\/13\/jornada-respirando-salud-umh\/","title":{"rendered":"Breathing Health UMH Day by Luis Hern\u00e1ndez Blasco to raise awareness of respiratory diseases"},"content":{"rendered":"<p>Breathing health UMH Day was held on Sunday <strong>April 15<\/strong> in the Paseo of the <strong>Explanada of Spain<\/strong> in <strong>Alicante<\/strong>. Basically, to commemorate the<strong>XXV anniversary<\/strong> of the <a href=\"https:\/\/svneumo.org\/\" target=\"_blank\" rel=\"noopener\">Society of Pneumology of Valencia (SVN)<\/a>. Therefore, different recreational and sports activities were organized as:<!--more--><\/p>\n<ul>\n<li>flight of kites<\/li>\n<li>sport walks<\/li>\n<li>medical advice<\/li>\n<\/ul>\n<p>always under the slogan &#8220;Breathing health&#8221;.<\/p>\n<h3>Which professionals participated in the Breathing Health UMH Day in Alicante?<\/h3>\n<p>Mainly, the professor of the <a href=\"http:\/\/www.departamentomedicinaclinica.edu.umh.es\/en\/\">Department of Clinical Medicine of the University Miguel Hern\u00e1ndez (UMH)<\/a> of Elche, <a href=\"https:\/\/www.umh.es\/contenido\/Visitantes\/:persona_128504\/datos_en.html\" target=\"_blank\" rel=\"noopener\">Luis Hern\u00e1ndez Blasco<\/a>. Today, the pulmonologist of the General University Hospital of Alicante is the President of the Valencian Society of Pneumology (SVN).<\/p>\n<p><img loading=\"lazy\" class=\"aligncenter wp-image-11594\" title=\"Luis Hern\u00e1ndez Blasco neum\u00f3logo Hospital General Universitario Alicante Jornada Respirando Salud \" src=\"http:\/\/departamentomedicinaclinica.edu.umh.es\/wp-content\/uploads\/sites\/1455\/2016\/02\/LuisHernandezBlascoUMH.jpg\" alt=\"Luis Manuel Hern\u00e1ndez Blasco professor Department Clinical Medicine UMH and doctor Hospital Alicante attended the Breathing Health UMH Day Alicante\" width=\"500\" height=\"443\" srcset=\"https:\/\/departamentomedicinaclinica.umh.es\/files\/2016\/02\/LuisHernandezBlascoUMH.jpg 1062w, https:\/\/departamentomedicinaclinica.umh.es\/files\/2016\/02\/LuisHernandezBlascoUMH-300x266.jpg 300w, https:\/\/departamentomedicinaclinica.umh.es\/files\/2016\/02\/LuisHernandezBlascoUMH-1024x906.jpg 1024w, https:\/\/departamentomedicinaclinica.umh.es\/files\/2016\/02\/LuisHernandezBlascoUMH-768x680.jpg 768w\" sizes=\"(max-width: 500px) 100vw, 500px\" \/><\/p>\n<p>In addition, members also participated in the\u00a0<a href=\"https:\/\/svneumo.org\/\" target=\"_blank\" rel=\"noopener\">Valencian Society of Pneumology<\/a> and Pulmonology Community Foundation. Main collaborators:<\/p>\n<ul>\n<li>Linde<\/li>\n<li>Chiesi<\/li>\n<li>Oximesa<\/li>\n<li>Pfizer<\/li>\n<\/ul>\n<h3>What are the reasons to celebrate the Breathing Health UMH Day in Alicante?<\/h3>\n<p><img loading=\"lazy\" class=\"aligncenter wp-image-16386 size-full\" title=\"Flyer Breathing Health UMH Day Alicante\" src=\"http:\/\/departamentomedicinaclinica.edu.umh.es\/wp-content\/uploads\/sites\/1455\/2018\/04\/Folleto-anunciador-Jornada-Respirando-Salud-Alicante-Luis-Herna\u0301ndez-Blasco.jpg\" alt=\"The brochure of the Breathing Health UMH Day Alicante promoted by Luis Hern\u00e1ndez Blasco UMH featured several leisure activities\" width=\"1000\" height=\"713\" srcset=\"https:\/\/departamentomedicinaclinica.umh.es\/files\/2018\/04\/Folleto-anunciador-Jornada-Respirando-Salud-Alicante-Luis-Herna\u0301ndez-Blasco.jpg 1000w, https:\/\/departamentomedicinaclinica.umh.es\/files\/2018\/04\/Folleto-anunciador-Jornada-Respirando-Salud-Alicante-Luis-Herna\u0301ndez-Blasco-300x214.jpg 300w, https:\/\/departamentomedicinaclinica.umh.es\/files\/2018\/04\/Folleto-anunciador-Jornada-Respirando-Salud-Alicante-Luis-Herna\u0301ndez-Blasco-768x548.jpg 768w\" sizes=\"(max-width: 1000px) 100vw, 1000px\" \/><\/p>\n<p>This workshop was convened with the aim of raising awareness about respiratory diseases and was held April 15. Alongside the leisure activities, the Valencian Society of Pneumology also held workshops. The place chosen was the shell of the Explanada of Alicante (Spain). Mainly lectures, workshops, dances, medical advice, etc. Some of the speeches led by professionals concerned about:<\/p>\n<ul>\n<li>Tips for COPD patients,<\/li>\n<li>Let&#8217;s give up smoking,<\/li>\n<li>Influenza A, solving your doubts,<\/li>\n<li>I snore and have dream,<\/li>\n<li>Living with asthma,<\/li>\n<\/ul>\n<p>Earlier, in the nearby Postiguet Beach there was a flight of kites. The ceremony finished with performances by the Ballet of &#8220;Rafa Felipe&#8221; from Alicante.<\/p>\n<h3>How the Breathing Health UMH Day reinforces XV Congress of the Valencian Society of Pneumology<\/h3>\n<p>The XXV Congress of the Valencian Society of Pneumology was held on 20 and 21 April in Alicante.<\/p>\n<p>More information about the Congress on the link <a href=\"https:\/\/svneumo.org\/\" target=\"_blank\" rel=\"noopener\">http:\/\/www.svneumo.org\/<\/a><\/p>\n<p>You can download the brochure with the activities of the day breathing health here:<\/p>\n<p><a href=\"https:\/\/svneumo.org\/wp-content\/uploads\/2018\/04\/Cartel-Actividad-SVN-quality.pdf\" target=\"_blank\" rel=\"noopener\">Poster-Activity-SVN-quality.pdf<\/a><\/p>\n<p><img loading=\"lazy\" class=\"aligncenter size-full wp-image-16399\" title=\"Some leisure activities of the breathing health UMH Day Alicante were held in the shell of the Esplanade of Spain\" src=\"http:\/\/departamentomedicinaclinica.edu.umh.es\/wp-content\/uploads\/sites\/1455\/2018\/04\/Alicante-Paseo_de_la_Explanada_de_Espanya.jpg\" alt=\"Breathing health UMH Day Explanada Spain Alicante\" width=\"800\" height=\"600\" srcset=\"https:\/\/departamentomedicinaclinica.umh.es\/files\/2018\/04\/Alicante-Paseo_de_la_Explanada_de_Espanya.jpg 800w, https:\/\/departamentomedicinaclinica.umh.es\/files\/2018\/04\/Alicante-Paseo_de_la_Explanada_de_Espanya-300x225.jpg 300w, https:\/\/departamentomedicinaclinica.umh.es\/files\/2018\/04\/Alicante-Paseo_de_la_Explanada_de_Espanya-768x576.jpg 768w\" sizes=\"(max-width: 800px) 100vw, 800px\" \/><\/p>","protected":false},"excerpt":{"rendered":"<p>Sorry, this entry is only available in European Spanish.<\/p>\n","protected":false},"author":3158,"featured_media":16385,"comment_status":"closed","ping_status":"closed","sticky":false,"template":"","format":"standard","meta":{"_links_to":"","_links_to_target":""},"categories":[964],"tags":[1153062,1154318,1210808,1211460,1225303,1248912,40775,1293638,1333624,5809],"yoast_head":"<!-- This site is optimized with the Yoast SEO plugin v17.5 - https:\/\/yoast.com\/wordpress\/plugins\/seo\/ -->\n<meta name=\"description\" content=\"Breathing Health UMH Day was held on April 15 in Alicante to commemorate the XXV anniversary of the Valencian Society of Pneumology (SVN).\" \/>\n<meta name=\"robots\" content=\"index, follow, max-snippet:-1, max-image-preview:large, max-video-preview:-1\" \/>\n<link rel=\"canonical\" href=\"https:\/\/departamentomedicinaclinica.umh.es\/en\/2018\/04\/13\/jornada-respirando-salud-umh\/\" \/>\n<meta property=\"og:locale\" content=\"en_US\" \/>\n<meta property=\"og:type\" content=\"article\" \/>\n<meta property=\"og:title\" content=\"Breathing Health UMH Day by Luis Hern\u00e1ndez Blasco to raise awareness of respiratory diseases - Departamento de Medicina Cl\u00ednica UMH\" \/>\n<meta property=\"og:description\" content=\"Breathing Health UMH Day was held on April 15 in Alicante to commemorate the XXV anniversary of the Valencian Society of Pneumology (SVN).\" \/>\n<meta property=\"og:url\" content=\"https:\/\/departamentomedicinaclinica.umh.es\/2018\/04\/13\/jornada-respirando-salud-umh\/\" \/>\n<meta property=\"og:site_name\" content=\"Departamento de Medicina Cl\u00ednica UMH\" \/>\n<meta property=\"article:published_time\" content=\"2018-04-13T12:17:23+00:00\" \/>\n<meta property=\"article:modified_time\" content=\"2024-02-23T10:38:44+00:00\" \/>\n<meta property=\"og:image\" content=\"https:\/\/departamentomedicinaclinica.umh.es\/files\/2018\/04\/Cartel-anunciador-Jornada-Respirando-Salud-Alicante.jpg\" \/>\n\t<meta property=\"og:image:width\" content=\"555\" \/>\n\t<meta property=\"og:image:height\" content=\"339\" \/>\n<meta name=\"twitter:card\" content=\"summary_large_image\" \/>\n<meta name=\"twitter:creator\" content=\"@medicinaumh\" \/>\n<meta name=\"twitter:site\" content=\"@medicinaumh\" \/>\n<meta name=\"twitter:label1\" content=\"Written by\" \/>\n\t<meta name=\"twitter:data1\" content=\"garcia.natalia\" \/>\n\t<meta name=\"twitter:label2\" content=\"Est. reading time\" \/>\n\t<meta name=\"twitter:data2\" content=\"5 minutes\" \/>\n<script type=\"application\/ld+json\" class=\"yoast-schema-graph\">{\"@context\":\"https:\/\/schema.org\",\"@graph\":[{\"@type\":\"Organization\",\"@id\":\"https:\/\/departamentomedicinaclinica.umh.es\/#organization\",\"name\":\"Departamento Medicina Cl\\u00ednica Universidad Miguel Hern\\u00e1ndez de Elche\",\"url\":\"https:\/\/departamentomedicinaclinica.umh.es\/\",\"sameAs\":[\"https:\/\/www.youtube.com\/playlist?list=PLClKgnzRFYe6Y_i4QLNSlOwsZn0X3Klmb\",\"https:\/\/twitter.com\/medicinaumh\"],\"logo\":{\"@type\":\"ImageObject\",\"@id\":\"https:\/\/departamentomedicinaclinica.umh.es\/#logo\",\"inLanguage\":\"en-US\",\"url\":\"https:\/\/departamentomedicinaclinica.umh.es\/files\/2024\/07\/meclin-vertical.png\",\"contentUrl\":\"https:\/\/departamentomedicinaclinica.umh.es\/files\/2024\/07\/meclin-vertical.png\",\"width\":1376,\"height\":1600,\"caption\":\"Departamento Medicina Cl\\u00ednica Universidad Miguel Hern\\u00e1ndez de Elche\"},\"image\":{\"@id\":\"https:\/\/departamentomedicinaclinica.umh.es\/#logo\"}},{\"@type\":\"WebSite\",\"@id\":\"https:\/\/departamentomedicinaclinica.umh.es\/#website\",\"url\":\"https:\/\/departamentomedicinaclinica.umh.es\/\",\"name\":\"Departamento de Medicina Cl\\u00ednica UMH\",\"description\":\"Otro sitio m\\u00e1s de Zeus.umh.es Blogs\",\"publisher\":{\"@id\":\"https:\/\/departamentomedicinaclinica.umh.es\/#organization\"},\"potentialAction\":[{\"@type\":\"SearchAction\",\"target\":{\"@type\":\"EntryPoint\",\"urlTemplate\":\"https:\/\/departamentomedicinaclinica.umh.es\/?s={search_term_string}\"},\"query-input\":\"required name=search_term_string\"}],\"inLanguage\":\"en-US\"},{\"@type\":\"ImageObject\",\"@id\":\"https:\/\/departamentomedicinaclinica.umh.es\/2018\/04\/13\/jornada-respirando-salud-umh\/#primaryimage\",\"inLanguage\":\"en-US\",\"url\":\"https:\/\/departamentomedicinaclinica.umh.es\/files\/2018\/04\/Cartel-anunciador-Jornada-Respirando-Salud-Alicante.jpg\",\"contentUrl\":\"https:\/\/departamentomedicinaclinica.umh.es\/files\/2018\/04\/Cartel-anunciador-Jornada-Respirando-Salud-Alicante.jpg\",\"width\":555,\"height\":339,\"caption\":\"Cartel Jornada Respirando Salud Alicante\"},{\"@type\":\"WebPage\",\"@id\":\"https:\/\/departamentomedicinaclinica.umh.es\/2018\/04\/13\/jornada-respirando-salud-umh\/#webpage\",\"url\":\"https:\/\/departamentomedicinaclinica.umh.es\/2018\/04\/13\/jornada-respirando-salud-umh\/\",\"name\":\"Breathing Health UMH Day by Luis Hern\\u00e1ndez Blasco to raise awareness of respiratory diseases - Departamento de Medicina Cl\\u00ednica UMH\",\"isPartOf\":{\"@id\":\"https:\/\/departamentomedicinaclinica.umh.es\/#website\"},\"primaryImageOfPage\":{\"@id\":\"https:\/\/departamentomedicinaclinica.umh.es\/2018\/04\/13\/jornada-respirando-salud-umh\/#primaryimage\"},\"datePublished\":\"2018-04-13T12:17:23+00:00\",\"dateModified\":\"2024-02-23T10:38:44+00:00\",\"description\":\"Breathing Health UMH Day was held on April 15 in Alicante to commemorate the XXV anniversary of the Valencian Society of Pneumology (SVN).\",\"breadcrumb\":{\"@id\":\"https:\/\/departamentomedicinaclinica.umh.es\/2018\/04\/13\/jornada-respirando-salud-umh\/#breadcrumb\"},\"inLanguage\":\"en-US\",\"potentialAction\":[{\"@type\":\"ReadAction\",\"target\":[\"https:\/\/departamentomedicinaclinica.umh.es\/2018\/04\/13\/jornada-respirando-salud-umh\/\"]}]},{\"@type\":\"BreadcrumbList\",\"@id\":\"https:\/\/departamentomedicinaclinica.umh.es\/2018\/04\/13\/jornada-respirando-salud-umh\/#breadcrumb\",\"itemListElement\":[{\"@type\":\"ListItem\",\"position\":1,\"name\":\"Portada\",\"item\":\"https:\/\/departamentomedicinaclinica.umh.es\/\"},{\"@type\":\"ListItem\",\"position\":2,\"name\":\"Jornada Respirando salud UMH por Luis Hern\\u00e1ndez Blasco para concienciar sobre las enfermedades respiratorias\"}]},{\"@type\":\"Article\",\"@id\":\"https:\/\/departamentomedicinaclinica.umh.es\/2018\/04\/13\/jornada-respirando-salud-umh\/#article\",\"isPartOf\":{\"@id\":\"https:\/\/departamentomedicinaclinica.umh.es\/2018\/04\/13\/jornada-respirando-salud-umh\/#webpage\"},\"author\":{\"@id\":\"https:\/\/departamentomedicinaclinica.umh.es\/#\/schema\/person\/4cce65f000b37391eb0fdba785a882b9\"},\"headline\":\"Breathing Health UMH Day by Luis Hern\\u00e1ndez Blasco to raise awareness of respiratory diseases\",\"datePublished\":\"2018-04-13T12:17:23+00:00\",\"dateModified\":\"2024-02-23T10:38:44+00:00\",\"mainEntityOfPage\":{\"@id\":\"https:\/\/departamentomedicinaclinica.umh.es\/2018\/04\/13\/jornada-respirando-salud-umh\/#webpage\"},\"wordCount\":1035,\"publisher\":{\"@id\":\"https:\/\/departamentomedicinaclinica.umh.es\/#organization\"},\"image\":{\"@id\":\"https:\/\/departamentomedicinaclinica.umh.es\/2018\/04\/13\/jornada-respirando-salud-umh\/#primaryimage\"},\"thumbnailUrl\":\"https:\/\/departamentomedicinaclinica.umh.es\/files\/2018\/04\/Cartel-anunciador-Jornada-Respirando-Salud-Alicante.jpg\",\"keywords\":[\"Evento Salud Alicante\",\"Explanada Alicante\",\"Jornada Respirando Salud\",\"Jornada saludable Alicante\",\"Luis Hern\\u00e1ndez Blasco\",\"Medicina Cl\\u00ednica UMH\",\"Medicina UMH\",\"Neumolog\\u00eda Alicante\",\"profesor Hern\\u00e1ndez Blasco\",\"talleres respiratorios Alicante\"],\"articleSection\":[\"Actualidad\"],\"inLanguage\":\"en-US\"},{\"@type\":\"Person\",\"@id\":\"https:\/\/departamentomedicinaclinica.umh.es\/#\/schema\/person\/4cce65f000b37391eb0fdba785a882b9\",\"name\":\"garcia.natalia\",\"image\":{\"@type\":\"ImageObject\",\"@id\":\"https:\/\/departamentomedicinaclinica.umh.es\/#personlogo\",\"inLanguage\":\"en-US\",\"url\":\"https:\/\/secure.gravatar.com\/avatar\/2f6b18e6f874050af9faeeac24349c8c?s=96&d=mm&r=g\",\"contentUrl\":\"https:\/\/secure.gravatar.com\/avatar\/2f6b18e6f874050af9faeeac24349c8c?s=96&d=mm&r=g\",\"caption\":\"garcia.natalia\"},\"url\":\"https:\/\/departamentomedicinaclinica.umh.es\/en\/author\/garcia-natalia\/\"}]}<\/script>\n<!-- \/ Yoast SEO plugin. -->","yoast_head_json":{"description":"Breathing Health UMH Day was held on April 15 in Alicante to commemorate the XXV anniversary of the Valencian Society of Pneumology (SVN).","robots":{"index":"index","follow":"follow","max-snippet":"max-snippet:-1","max-image-preview":"max-image-preview:large","max-video-preview":"max-video-preview:-1"},"canonical":"https:\/\/departamentomedicinaclinica.umh.es\/en\/2018\/04\/13\/jornada-respirando-salud-umh\/","og_locale":"en_US","og_type":"article","og_title":"Breathing Health UMH Day by Luis Hern\u00e1ndez Blasco to raise awareness of respiratory diseases - Departamento de Medicina Cl\u00ednica UMH","og_description":"Breathing Health UMH Day was held on April 15 in Alicante to commemorate the XXV anniversary of the Valencian Society of Pneumology (SVN).","og_url":"https:\/\/departamentomedicinaclinica.umh.es\/2018\/04\/13\/jornada-respirando-salud-umh\/","og_site_name":"Departamento de Medicina Cl\u00ednica UMH","article_published_time":"2018-04-13T12:17:23+00:00","article_modified_time":"2024-02-23T10:38:44+00:00","og_image":[{"width":555,"height":339,"url":"https:\/\/departamentomedicinaclinica.umh.es\/files\/2018\/04\/Cartel-anunciador-Jornada-Respirando-Salud-Alicante.jpg","type":"image\/jpeg"}],"twitter_card":"summary_large_image","twitter_creator":"@medicinaumh","twitter_site":"@medicinaumh","twitter_misc":{"Written by":"garcia.natalia","Est. reading time":"5 minutes"},"schema":{"@context":"https:\/\/schema.org","@graph":[{"@type":"Organization","@id":"https:\/\/departamentomedicinaclinica.umh.es\/#organization","name":"Departamento Medicina Cl\u00ednica Universidad Miguel Hern\u00e1ndez de Elche","url":"https:\/\/departamentomedicinaclinica.umh.es\/","sameAs":["https:\/\/www.youtube.com\/playlist?list=PLClKgnzRFYe6Y_i4QLNSlOwsZn0X3Klmb","https:\/\/twitter.com\/medicinaumh"],"logo":{"@type":"ImageObject","@id":"https:\/\/departamentomedicinaclinica.umh.es\/#logo","inLanguage":"en-US","url":"https:\/\/departamentomedicinaclinica.umh.es\/files\/2024\/07\/meclin-vertical.png","contentUrl":"https:\/\/departamentomedicinaclinica.umh.es\/files\/2024\/07\/meclin-vertical.png","width":1376,"height":1600,"caption":"Departamento Medicina Cl\u00ednica Universidad Miguel Hern\u00e1ndez de Elche"},"image":{"@id":"https:\/\/departamentomedicinaclinica.umh.es\/#logo"}},{"@type":"WebSite","@id":"https:\/\/departamentomedicinaclinica.umh.es\/#website","url":"https:\/\/departamentomedicinaclinica.umh.es\/","name":"Departamento de Medicina Cl\u00ednica UMH","description":"Otro sitio m\u00e1s de Zeus.umh.es Blogs","publisher":{"@id":"https:\/\/departamentomedicinaclinica.umh.es\/#organization"},"potentialAction":[{"@type":"SearchAction","target":{"@type":"EntryPoint","urlTemplate":"https:\/\/departamentomedicinaclinica.umh.es\/?s={search_term_string}"},"query-input":"required name=search_term_string"}],"inLanguage":"en-US"},{"@type":"ImageObject","@id":"https:\/\/departamentomedicinaclinica.umh.es\/2018\/04\/13\/jornada-respirando-salud-umh\/#primaryimage","inLanguage":"en-US","url":"https:\/\/departamentomedicinaclinica.umh.es\/files\/2018\/04\/Cartel-anunciador-Jornada-Respirando-Salud-Alicante.jpg","contentUrl":"https:\/\/departamentomedicinaclinica.umh.es\/files\/2018\/04\/Cartel-anunciador-Jornada-Respirando-Salud-Alicante.jpg","width":555,"height":339,"caption":"Cartel Jornada Respirando Salud Alicante"},{"@type":"WebPage","@id":"https:\/\/departamentomedicinaclinica.umh.es\/2018\/04\/13\/jornada-respirando-salud-umh\/#webpage","url":"https:\/\/departamentomedicinaclinica.umh.es\/2018\/04\/13\/jornada-respirando-salud-umh\/","name":"Breathing Health UMH Day by Luis Hern\u00e1ndez Blasco to raise awareness of respiratory diseases - Departamento de Medicina Cl\u00ednica UMH","isPartOf":{"@id":"https:\/\/departamentomedicinaclinica.umh.es\/#website"},"primaryImageOfPage":{"@id":"https:\/\/departamentomedicinaclinica.umh.es\/2018\/04\/13\/jornada-respirando-salud-umh\/#primaryimage"},"datePublished":"2018-04-13T12:17:23+00:00","dateModified":"2024-02-23T10:38:44+00:00","description":"Breathing Health UMH Day was held on April 15 in Alicante to commemorate the XXV anniversary of the Valencian Society of Pneumology (SVN).","breadcrumb":{"@id":"https:\/\/departamentomedicinaclinica.umh.es\/2018\/04\/13\/jornada-respirando-salud-umh\/#breadcrumb"},"inLanguage":"en-US","potentialAction":[{"@type":"ReadAction","target":["https:\/\/departamentomedicinaclinica.umh.es\/2018\/04\/13\/jornada-respirando-salud-umh\/"]}]},{"@type":"BreadcrumbList","@id":"https:\/\/departamentomedicinaclinica.umh.es\/2018\/04\/13\/jornada-respirando-salud-umh\/#breadcrumb","itemListElement":[{"@type":"ListItem","position":1,"name":"Portada","item":"https:\/\/departamentomedicinaclinica.umh.es\/"},{"@type":"ListItem","position":2,"name":"Jornada Respirando salud UMH por Luis Hern\u00e1ndez Blasco para concienciar sobre las enfermedades respiratorias"}]},{"@type":"Article","@id":"https:\/\/departamentomedicinaclinica.umh.es\/2018\/04\/13\/jornada-respirando-salud-umh\/#article","isPartOf":{"@id":"https:\/\/departamentomedicinaclinica.umh.es\/2018\/04\/13\/jornada-respirando-salud-umh\/#webpage"},"author":{"@id":"https:\/\/departamentomedicinaclinica.umh.es\/#\/schema\/person\/4cce65f000b37391eb0fdba785a882b9"},"headline":"Breathing Health UMH Day by Luis Hern\u00e1ndez Blasco to raise awareness of respiratory diseases","datePublished":"2018-04-13T12:17:23+00:00","dateModified":"2024-02-23T10:38:44+00:00","mainEntityOfPage":{"@id":"https:\/\/departamentomedicinaclinica.umh.es\/2018\/04\/13\/jornada-respirando-salud-umh\/#webpage"},"wordCount":1035,"publisher":{"@id":"https:\/\/departamentomedicinaclinica.umh.es\/#organization"},"image":{"@id":"https:\/\/departamentomedicinaclinica.umh.es\/2018\/04\/13\/jornada-respirando-salud-umh\/#primaryimage"},"thumbnailUrl":"https:\/\/departamentomedicinaclinica.umh.es\/files\/2018\/04\/Cartel-anunciador-Jornada-Respirando-Salud-Alicante.jpg","keywords":["Evento Salud Alicante","Explanada Alicante","Jornada Respirando Salud","Jornada saludable Alicante","Luis Hern\u00e1ndez Blasco","Medicina Cl\u00ednica UMH","Medicina UMH","Neumolog\u00eda Alicante","profesor Hern\u00e1ndez Blasco","talleres respiratorios Alicante"],"articleSection":["Actualidad"],"inLanguage":"en-US"},{"@type":"Person","@id":"https:\/\/departamentomedicinaclinica.umh.es\/#\/schema\/person\/4cce65f000b37391eb0fdba785a882b9","name":"garcia.natalia","image":{"@type":"ImageObject","@id":"https:\/\/departamentomedicinaclinica.umh.es\/#personlogo","inLanguage":"en-US","url":"https:\/\/secure.gravatar.com\/avatar\/2f6b18e6f874050af9faeeac24349c8c?s=96&d=mm&r=g","contentUrl":"https:\/\/secure.gravatar.com\/avatar\/2f6b18e6f874050af9faeeac24349c8c?s=96&d=mm&r=g","caption":"garcia.natalia"},"url":"https:\/\/departamentomedicinaclinica.umh.es\/en\/author\/garcia-natalia\/"}]}},"_links":{"self":[{"href":"https:\/\/departamentomedicinaclinica.umh.es\/en\/wp-json\/wp\/v2\/posts\/16354"}],"collection":[{"href":"https:\/\/departamentomedicinaclinica.umh.es\/en\/wp-json\/wp\/v2\/posts"}],"about":[{"href":"https:\/\/departamentomedicinaclinica.umh.es\/en\/wp-json\/wp\/v2\/types\/post"}],"author":[{"embeddable":true,"href":"https:\/\/departamentomedicinaclinica.umh.es\/en\/wp-json\/wp\/v2\/users\/3158"}],"replies":[{"embeddable":true,"href":"https:\/\/departamentomedicinaclinica.umh.es\/en\/wp-json\/wp\/v2\/comments?post=16354"}],"version-history":[{"count":0,"href":"https:\/\/departamentomedicinaclinica.umh.es\/en\/wp-json\/wp\/v2\/posts\/16354\/revisions"}],"wp:featuredmedia":[{"embeddable":true,"href":"https:\/\/departamentomedicinaclinica.umh.es\/en\/wp-json\/wp\/v2\/media\/16385"}],"wp:attachment":[{"href":"https:\/\/departamentomedicinaclinica.umh.es\/en\/wp-json\/wp\/v2\/media?parent=16354"}],"wp:term":[{"taxonomy":"category","embeddable":true,"href":"https:\/\/departamentomedicinaclinica.umh.es\/en\/wp-json\/wp\/v2\/categories?post=16354"},{"taxonomy":"post_tag","embeddable":true,"href":"https:\/\/departamentomedicinaclinica.umh.es\/en\/wp-json\/wp\/v2\/tags?post=16354"}],"curies":[{"name":"wp","href":"https:\/\/api.w.org\/{rel}","templated":true}]}}