{"id":16624,"date":"2018-09-06T08:31:52","date_gmt":"2018-09-06T06:31:52","guid":{"rendered":"http:\/\/www.departamentomedicinaclinicaumh.es\/?p=16624"},"modified":"2024-02-23T10:38:43","modified_gmt":"2024-02-23T10:38:43","slug":"profesionales-sanitarios-de-peru-formacion-umh","status":"publish","type":"post","link":"https:\/\/departamentomedicinaclinica.umh.es\/en\/2018\/09\/06\/profesionales-sanitarios-de-peru-formacion-umh\/","title":{"rendered":"Health professionals from Peru successfully formed by professors of Medicine at UMH"},"content":{"rendered":"<p><\/p>\n<p>Some health professionals from Peru were trained for 3 months at the <a href=\"http:\/\/alicante.san.gva.es\" target=\"_blank\" rel=\"noopener\"> <strong>General University Hospital of Alicante (HGUA)<\/strong><\/a>. Medical professionals and professors from the <a href=\"http:\/\/www.departamentomedicinaclinica.edu.umh.es\/en\/\"> Department of Clinical Medicine at UMH<\/a> were responsible during that time of the training of these doctors.<!--more--><\/p>\n<h3>What health professionals from Peru formed with professors of Medicine of the University Miguel Hernandez?<\/h3>\n<p>Between them, <strong><a href=\"http:\/\/directorio.concytec.gob.pe\/appDirectorioCTI\/VerDatosInvestigador.do;jsessionid=c8c48c73d15572c8bcda097f97d7?id_investigador=70119\" target=\"_blank\" rel=\"noopener\"> Alejandro Quiroz Morey<\/a><\/strong>, resident doctor of the <a href=\"https:\/\/www.hospitalregionaldeloreto.gob.pe\/\" target=\"_blank\" rel=\"noopener\"> Regional Hospital from Loreto in Iquitos (Peru)<\/a>. The initiative is included in the project of cooperation to the development of the international relations service and cooperation development and volunteering of UMH. Its purpose is the improvement of care and prevention of infectious diseases.<\/p>\n<p>Today, Alejandro Quiroz works in Infectious Diseases Unit of the Alicante Hospital. He collaborates in the care of patients in the unit of the hospital. Through comprehensive experience, provides medical professionals mainly from:<\/p>\n<ul>\n<li>competences,<\/li>\n<li>tools,<\/li>\n<li>essential knowledge<\/li>\n<\/ul>\n<p>in the diagnosis of infectious diseases. All through procedures and methodology not employed in hospital complexes in Loreto region (Peru).<\/p>\n<p><img loading=\"lazy\" class=\"aligncenter wp-image-16699 size-full\" title=\"Alejandro Quiroz Morey as one of health professionals from Peru in a training project in Medicine UMH in Spain\" src=\"http:\/\/departamentomedicinaclinica.edu.umh.es\/wp-content\/uploads\/sites\/1455\/2018\/07\/Hospital-Regional-Loreto-Peru.jpg\" alt=\"Facade Hospital Regional Loreto Per\u00fa health professionals from Peru\" width=\"615\" height=\"346\" srcset=\"https:\/\/departamentomedicinaclinica.umh.es\/files\/2018\/07\/Hospital-Regional-Loreto-Peru.jpg 615w, https:\/\/departamentomedicinaclinica.umh.es\/files\/2018\/07\/Hospital-Regional-Loreto-Peru-300x169.jpg 300w\" sizes=\"(max-width: 615px) 100vw, 615px\" \/><\/p>\n<p>&nbsp;<\/p>\n<h3>Which entities collaborate in the training project of health professionals from Peru in Spanish universities?<\/h3>\n<p>Essentially the UMH and the Generalitat Valenciana. The latter has been responsible for part-finance initiative, as part of the 2017 Convention signed by:<\/p>\n<ul>\n<li><a href=\"https:\/\/www.umh.es\/?lang=EN\" target=\"_blank\" rel=\"noopener\">UMH<\/a>,<\/li>\n<li><a href=\"http:\/\/www.transparencia.gva.es\/es\" target=\"_blank\" rel=\"noopener\">Conselleria of Transparency, Social Responsibility, Participation and Cooperation<\/a> for the realization of the University cooperation project development.<\/li>\n<\/ul>\n<h3>What Professor of the Department of Clinical Medicine at UMH collaborates in the training project of health professionals from Peru in Spanish universities?<\/h3>\n<p>&nbsp;<\/p>\n<p><img loading=\"lazy\" class=\"aligncenter wp-image-7004\" title=\"Professor Jos\u00e9 Manuel Ramos Rinc\u00f3n collaborates program health professionals from Peru convened by the UMH\" src=\"http:\/\/departamentomedicinaclinica.edu.umh.es\/wp-content\/uploads\/sites\/1455\/2014\/11\/montajeJoseManuelRamos-1024x906.jpg\" alt=\"Jose Manuel Ramos Rinc\u00f3n Clinical Medicine UMH\" width=\"600\" height=\"531\" srcset=\"https:\/\/departamentomedicinaclinica.umh.es\/files\/2014\/11\/montajeJoseManuelRamos-1024x906.jpg 1024w, https:\/\/departamentomedicinaclinica.umh.es\/files\/2014\/11\/montajeJoseManuelRamos-300x266.jpg 300w, https:\/\/departamentomedicinaclinica.umh.es\/files\/2014\/11\/montajeJoseManuelRamos-768x680.jpg 768w, https:\/\/departamentomedicinaclinica.umh.es\/files\/2014\/11\/montajeJoseManuelRamos.jpg 1062w\" sizes=\"(max-width: 600px) 100vw, 600px\" \/><\/p>\n<p><a href=\"https:\/\/www.umh.es\/contenido\/Estudiantes\/:persona_128503\/datos_en.html\">Jos\u00e9 Manuel Ramos Ric\u00f3n<\/a>, Professor of the <strong>Department of Clinical Medicine of the University Miguel Hern\u00e1ndez<\/strong> is responsible for their training. In the words of professor Ramos, &#8220;this region is one of the most disadvantaged of Peru and, therefore, it is important that that medical personnel learn how to use new tools for diagnosis and medical care&#8221;.<\/p>\n<p>The project of cooperation, development and training of Peruvian doctors began with Jos\u00e9 Manuel Ramos trip to the town of Iquitos (Peru). In the Andean region, the professor at UMH coordinated 2 <a href=\"https:\/\/comunicacion.umh.es\/2018\/03\/22\/la-umh-coordina-en-peru-la-celebracion-de-dos-cursos-de-perfeccionamiento-en-la-infeccion-por-el-vih-sida\/\" target=\"_blank\" rel=\"noopener\"> <strong>training courses on the HIV\/AIDS<\/strong><\/a> at the National University of the Peruvian Amazon. Approximately 70 Medicine professionals from different locations in the region of Loreto met innovative procedures and diagnostic care patients with HIV\/AIDS.<\/p>\n<p><img loading=\"lazy\" class=\"aligncenter wp-image-16748\" title=\"Desde la Universidad Nacional de la Amazon\u00eda Peruana alumnos de Medicina completan su formaci\u00f3n con docentes y profesionales sanitarios de la UMH\" src=\"http:\/\/departamentomedicinaclinica.edu.umh.es\/wp-content\/uploads\/sites\/1455\/2018\/07\/Universidad-Nacional-Amazonia-Peruana-1024x683.jpg\" alt=\"University National Peruvian Amazon project UMH training of health professionals from Peru\" width=\"600\" height=\"400\" srcset=\"https:\/\/departamentomedicinaclinica.umh.es\/files\/2018\/07\/Universidad-Nacional-Amazonia-Peruana-1024x683.jpg 1024w, https:\/\/departamentomedicinaclinica.umh.es\/files\/2018\/07\/Universidad-Nacional-Amazonia-Peruana-300x200.jpg 300w, https:\/\/departamentomedicinaclinica.umh.es\/files\/2018\/07\/Universidad-Nacional-Amazonia-Peruana-768x512.jpg 768w, https:\/\/departamentomedicinaclinica.umh.es\/files\/2018\/07\/Universidad-Nacional-Amazonia-Peruana-1536x1024.jpg 1536w, https:\/\/departamentomedicinaclinica.umh.es\/files\/2018\/07\/Universidad-Nacional-Amazonia-Peruana.jpg 2048w\" sizes=\"(max-width: 600px) 100vw, 600px\" \/><\/p>\n<p>During 3 months the optional assumes knowledge of the realization of:<\/p>\n<ul>\n<li>treatments to transplant patients,<\/li>\n<li>implementation of control programmes<\/li>\n<li>use of antibiotics or treatment that should receive patients with cardiopulmonary disease.<\/li>\n<\/ul>\n<p>Development cooperation projects carried out by UMH improve the living conditions of disadvantaged populations. In addition, they contribute to the achievement of the objectives of sustainable development. Some of the key lines to achieve this objective are:<\/p>\n<ul>\n<li>education, training and research<\/li>\n<\/ul>\n<p><img loading=\"lazy\" class=\"aligncenter wp-image-16750\" src=\"http:\/\/departamentomedicinaclinica.edu.umh.es\/wp-content\/uploads\/sites\/1455\/2018\/07\/30-07-18-formaci\u00f3n-sanitarios-per\u00fa-1024x884.jpg\" title=\"The training of medical professionals from other countries at the UMH has has begun\" alt=\"Cooperation UMH Alicante University Hospital health professionals from Peru\" width=\"600\" height=\"518\" \/><\/p>\n<p>The next calls of <a href=\"http:\/\/radio.umh.es\/files\/2018\/07\/300718-Programa-GLOBAL-UMH.mp3\" target=\"_blank\" rel=\"noopener\"> <strong>development cooperation by the UMH<\/strong><\/a> will be published on the website in a few months.<br \/>\n&nbsp;<br \/>\n&nbsp;<br \/>\n&nbsp;<\/p>","protected":false},"excerpt":{"rendered":"<p>Sorry, this entry is only available in European Spanish.<\/p>\n","protected":false},"author":3158,"featured_media":16749,"comment_status":"closed","ping_status":"closed","sticky":false,"template":"","format":"standard","meta":{"_links_to":"","_links_to_target":""},"categories":[964],"tags":[1450,1130403,589620,40775,1272689,1309880,5062,6265],"yoast_head":"<!-- This site is optimized with the Yoast SEO plugin v17.5 - https:\/\/yoast.com\/wordpress\/plugins\/seo\/ -->\n<meta name=\"description\" content=\"Alejandro Quiroz Morey participated in the UMH training project of health professionals from Peru in hospital centres of Alicante. Prof. Jose Manuel Ramos\" \/>\n<meta name=\"robots\" content=\"index, follow, max-snippet:-1, max-image-preview:large, max-video-preview:-1\" \/>\n<link rel=\"canonical\" href=\"https:\/\/departamentomedicinaclinica.umh.es\/en\/2018\/09\/06\/profesionales-sanitarios-de-peru-formacion-umh\/\" \/>\n<meta property=\"og:locale\" content=\"en_US\" \/>\n<meta property=\"og:type\" content=\"article\" \/>\n<meta property=\"og:title\" content=\"Health professionals from Peru successfully formed by professors of Medicine at UMH - Departamento de Medicina Cl\u00ednica UMH\" \/>\n<meta property=\"og:description\" content=\"Alejandro Quiroz Morey participated in the UMH training project of health professionals from Peru in hospital centres of Alicante. Prof. Jose Manuel Ramos\" \/>\n<meta property=\"og:url\" content=\"https:\/\/departamentomedicinaclinica.umh.es\/2018\/09\/06\/profesionales-sanitarios-de-peru-formacion-umh\/\" \/>\n<meta property=\"og:site_name\" content=\"Departamento de Medicina Cl\u00ednica UMH\" \/>\n<meta property=\"article:published_time\" content=\"2018-09-06T06:31:52+00:00\" \/>\n<meta property=\"article:modified_time\" content=\"2024-02-23T10:38:43+00:00\" \/>\n<meta property=\"og:image\" content=\"https:\/\/departamentomedicinaclinica.umh.es\/files\/2018\/07\/formacion-UMH-de-profesionales-sanitarios-de-Peru-e1536215165222.jpg\" \/>\n\t<meta property=\"og:image:width\" content=\"555\" \/>\n\t<meta property=\"og:image:height\" content=\"338\" \/>\n<meta name=\"twitter:card\" content=\"summary_large_image\" \/>\n<meta name=\"twitter:creator\" content=\"@medicinaumh\" \/>\n<meta name=\"twitter:site\" content=\"@medicinaumh\" \/>\n<meta name=\"twitter:label1\" content=\"Written by\" \/>\n\t<meta name=\"twitter:data1\" content=\"garcia.natalia\" \/>\n\t<meta name=\"twitter:label2\" content=\"Est. reading time\" \/>\n\t<meta name=\"twitter:data2\" content=\"8 minutes\" \/>\n<script type=\"application\/ld+json\" class=\"yoast-schema-graph\">{\"@context\":\"https:\/\/schema.org\",\"@graph\":[{\"@type\":\"Organization\",\"@id\":\"https:\/\/departamentomedicinaclinica.umh.es\/#organization\",\"name\":\"Departamento Medicina Cl\\u00ednica Universidad Miguel Hern\\u00e1ndez de Elche\",\"url\":\"https:\/\/departamentomedicinaclinica.umh.es\/\",\"sameAs\":[\"https:\/\/www.youtube.com\/playlist?list=PLClKgnzRFYe6Y_i4QLNSlOwsZn0X3Klmb\",\"https:\/\/twitter.com\/medicinaumh\"],\"logo\":{\"@type\":\"ImageObject\",\"@id\":\"https:\/\/departamentomedicinaclinica.umh.es\/#logo\",\"inLanguage\":\"en-US\",\"url\":\"https:\/\/departamentomedicinaclinica.umh.es\/files\/2024\/07\/meclin-vertical.png\",\"contentUrl\":\"https:\/\/departamentomedicinaclinica.umh.es\/files\/2024\/07\/meclin-vertical.png\",\"width\":1376,\"height\":1600,\"caption\":\"Departamento Medicina Cl\\u00ednica Universidad Miguel Hern\\u00e1ndez de Elche\"},\"image\":{\"@id\":\"https:\/\/departamentomedicinaclinica.umh.es\/#logo\"}},{\"@type\":\"WebSite\",\"@id\":\"https:\/\/departamentomedicinaclinica.umh.es\/#website\",\"url\":\"https:\/\/departamentomedicinaclinica.umh.es\/\",\"name\":\"Departamento de Medicina Cl\\u00ednica UMH\",\"description\":\"Otro sitio m\\u00e1s de Zeus.umh.es Blogs\",\"publisher\":{\"@id\":\"https:\/\/departamentomedicinaclinica.umh.es\/#organization\"},\"potentialAction\":[{\"@type\":\"SearchAction\",\"target\":{\"@type\":\"EntryPoint\",\"urlTemplate\":\"https:\/\/departamentomedicinaclinica.umh.es\/?s={search_term_string}\"},\"query-input\":\"required name=search_term_string\"}],\"inLanguage\":\"en-US\"},{\"@type\":\"ImageObject\",\"@id\":\"https:\/\/departamentomedicinaclinica.umh.es\/2018\/09\/06\/profesionales-sanitarios-de-peru-formacion-umh\/#primaryimage\",\"inLanguage\":\"en-US\",\"url\":\"https:\/\/departamentomedicinaclinica.umh.es\/files\/2018\/07\/formacion-UMH-de-profesionales-sanitarios-de-Peru-e1536215165222.jpg\",\"contentUrl\":\"https:\/\/departamentomedicinaclinica.umh.es\/files\/2018\/07\/formacion-UMH-de-profesionales-sanitarios-de-Peru-e1536215165222.jpg\",\"width\":555,\"height\":338,\"caption\":\"Jose Manuel Ramos Rinc\\u00f3n Formaci\\u00f3n UMH de profesionales sanitarios de Per\\u00fa Hospital General Universitario Alicante\"},{\"@type\":\"WebPage\",\"@id\":\"https:\/\/departamentomedicinaclinica.umh.es\/2018\/09\/06\/profesionales-sanitarios-de-peru-formacion-umh\/#webpage\",\"url\":\"https:\/\/departamentomedicinaclinica.umh.es\/2018\/09\/06\/profesionales-sanitarios-de-peru-formacion-umh\/\",\"name\":\"Health professionals from Peru successfully formed by professors of Medicine at UMH - Departamento de Medicina Cl\\u00ednica UMH\",\"isPartOf\":{\"@id\":\"https:\/\/departamentomedicinaclinica.umh.es\/#website\"},\"primaryImageOfPage\":{\"@id\":\"https:\/\/departamentomedicinaclinica.umh.es\/2018\/09\/06\/profesionales-sanitarios-de-peru-formacion-umh\/#primaryimage\"},\"datePublished\":\"2018-09-06T06:31:52+00:00\",\"dateModified\":\"2024-02-23T10:38:43+00:00\",\"description\":\"Alejandro Quiroz Morey participated in the UMH training project of health professionals from Peru in hospital centres of Alicante. Prof. Jose Manuel Ramos\",\"breadcrumb\":{\"@id\":\"https:\/\/departamentomedicinaclinica.umh.es\/2018\/09\/06\/profesionales-sanitarios-de-peru-formacion-umh\/#breadcrumb\"},\"inLanguage\":\"en-US\",\"potentialAction\":[{\"@type\":\"ReadAction\",\"target\":[\"https:\/\/departamentomedicinaclinica.umh.es\/2018\/09\/06\/profesionales-sanitarios-de-peru-formacion-umh\/\"]}]},{\"@type\":\"BreadcrumbList\",\"@id\":\"https:\/\/departamentomedicinaclinica.umh.es\/2018\/09\/06\/profesionales-sanitarios-de-peru-formacion-umh\/#breadcrumb\",\"itemListElement\":[{\"@type\":\"ListItem\",\"position\":1,\"name\":\"Portada\",\"item\":\"https:\/\/departamentomedicinaclinica.umh.es\/\"},{\"@type\":\"ListItem\",\"position\":2,\"name\":\"Profesionales sanitarios de Per\\u00fa formados con \\u00e9xito por profesores de medicina de la UMH\"}]},{\"@type\":\"Article\",\"@id\":\"https:\/\/departamentomedicinaclinica.umh.es\/2018\/09\/06\/profesionales-sanitarios-de-peru-formacion-umh\/#article\",\"isPartOf\":{\"@id\":\"https:\/\/departamentomedicinaclinica.umh.es\/2018\/09\/06\/profesionales-sanitarios-de-peru-formacion-umh\/#webpage\"},\"author\":{\"@id\":\"https:\/\/departamentomedicinaclinica.umh.es\/#\/schema\/person\/4cce65f000b37391eb0fdba785a882b9\"},\"headline\":\"Health professionals from Peru successfully formed by professors of Medicine at UMH\",\"datePublished\":\"2018-09-06T06:31:52+00:00\",\"dateModified\":\"2024-02-23T10:38:43+00:00\",\"mainEntityOfPage\":{\"@id\":\"https:\/\/departamentomedicinaclinica.umh.es\/2018\/09\/06\/profesionales-sanitarios-de-peru-formacion-umh\/#webpage\"},\"wordCount\":1597,\"publisher\":{\"@id\":\"https:\/\/departamentomedicinaclinica.umh.es\/#organization\"},\"image\":{\"@id\":\"https:\/\/departamentomedicinaclinica.umh.es\/2018\/09\/06\/profesionales-sanitarios-de-peru-formacion-umh\/#primaryimage\"},\"thumbnailUrl\":\"https:\/\/departamentomedicinaclinica.umh.es\/files\/2018\/07\/formacion-UMH-de-profesionales-sanitarios-de-Peru-e1536215165222.jpg\",\"keywords\":[\"Cooperaci\\u00f3n Voluntariado UMH Programa Cooperaci\\u00f3n Voluntariado UMH\",\"Enfermedades infecciosas UMH\",\"Jose Manuel Ramos Rinc\\u00f3n\",\"Medicina UMH\",\"M\\u00e9dicos formaci\\u00f3n Sudam\\u00e9rica\",\"Per\\u00fa UMH\",\"Relaciones internacionales UMH\",\"Universidad Miguel Hern\\u00e1ndez\"],\"articleSection\":[\"Actualidad\"],\"inLanguage\":\"en-US\"},{\"@type\":\"Person\",\"@id\":\"https:\/\/departamentomedicinaclinica.umh.es\/#\/schema\/person\/4cce65f000b37391eb0fdba785a882b9\",\"name\":\"garcia.natalia\",\"image\":{\"@type\":\"ImageObject\",\"@id\":\"https:\/\/departamentomedicinaclinica.umh.es\/#personlogo\",\"inLanguage\":\"en-US\",\"url\":\"https:\/\/secure.gravatar.com\/avatar\/2f6b18e6f874050af9faeeac24349c8c?s=96&d=mm&r=g\",\"contentUrl\":\"https:\/\/secure.gravatar.com\/avatar\/2f6b18e6f874050af9faeeac24349c8c?s=96&d=mm&r=g\",\"caption\":\"garcia.natalia\"},\"url\":\"https:\/\/departamentomedicinaclinica.umh.es\/en\/author\/garcia-natalia\/\"}]}<\/script>\n<!-- \/ Yoast SEO plugin. -->","yoast_head_json":{"description":"Alejandro Quiroz Morey participated in the UMH training project of health professionals from Peru in hospital centres of Alicante. Prof. Jose Manuel Ramos","robots":{"index":"index","follow":"follow","max-snippet":"max-snippet:-1","max-image-preview":"max-image-preview:large","max-video-preview":"max-video-preview:-1"},"canonical":"https:\/\/departamentomedicinaclinica.umh.es\/en\/2018\/09\/06\/profesionales-sanitarios-de-peru-formacion-umh\/","og_locale":"en_US","og_type":"article","og_title":"Health professionals from Peru successfully formed by professors of Medicine at UMH - Departamento de Medicina Cl\u00ednica UMH","og_description":"Alejandro Quiroz Morey participated in the UMH training project of health professionals from Peru in hospital centres of Alicante. Prof. Jose Manuel Ramos","og_url":"https:\/\/departamentomedicinaclinica.umh.es\/2018\/09\/06\/profesionales-sanitarios-de-peru-formacion-umh\/","og_site_name":"Departamento de Medicina Cl\u00ednica UMH","article_published_time":"2018-09-06T06:31:52+00:00","article_modified_time":"2024-02-23T10:38:43+00:00","og_image":[{"width":555,"height":338,"url":"https:\/\/departamentomedicinaclinica.umh.es\/files\/2018\/07\/formacion-UMH-de-profesionales-sanitarios-de-Peru-e1536215165222.jpg","type":"image\/jpeg"}],"twitter_card":"summary_large_image","twitter_creator":"@medicinaumh","twitter_site":"@medicinaumh","twitter_misc":{"Written by":"garcia.natalia","Est. reading time":"8 minutes"},"schema":{"@context":"https:\/\/schema.org","@graph":[{"@type":"Organization","@id":"https:\/\/departamentomedicinaclinica.umh.es\/#organization","name":"Departamento Medicina Cl\u00ednica Universidad Miguel Hern\u00e1ndez de Elche","url":"https:\/\/departamentomedicinaclinica.umh.es\/","sameAs":["https:\/\/www.youtube.com\/playlist?list=PLClKgnzRFYe6Y_i4QLNSlOwsZn0X3Klmb","https:\/\/twitter.com\/medicinaumh"],"logo":{"@type":"ImageObject","@id":"https:\/\/departamentomedicinaclinica.umh.es\/#logo","inLanguage":"en-US","url":"https:\/\/departamentomedicinaclinica.umh.es\/files\/2024\/07\/meclin-vertical.png","contentUrl":"https:\/\/departamentomedicinaclinica.umh.es\/files\/2024\/07\/meclin-vertical.png","width":1376,"height":1600,"caption":"Departamento Medicina Cl\u00ednica Universidad Miguel Hern\u00e1ndez de Elche"},"image":{"@id":"https:\/\/departamentomedicinaclinica.umh.es\/#logo"}},{"@type":"WebSite","@id":"https:\/\/departamentomedicinaclinica.umh.es\/#website","url":"https:\/\/departamentomedicinaclinica.umh.es\/","name":"Departamento de Medicina Cl\u00ednica UMH","description":"Otro sitio m\u00e1s de Zeus.umh.es Blogs","publisher":{"@id":"https:\/\/departamentomedicinaclinica.umh.es\/#organization"},"potentialAction":[{"@type":"SearchAction","target":{"@type":"EntryPoint","urlTemplate":"https:\/\/departamentomedicinaclinica.umh.es\/?s={search_term_string}"},"query-input":"required name=search_term_string"}],"inLanguage":"en-US"},{"@type":"ImageObject","@id":"https:\/\/departamentomedicinaclinica.umh.es\/2018\/09\/06\/profesionales-sanitarios-de-peru-formacion-umh\/#primaryimage","inLanguage":"en-US","url":"https:\/\/departamentomedicinaclinica.umh.es\/files\/2018\/07\/formacion-UMH-de-profesionales-sanitarios-de-Peru-e1536215165222.jpg","contentUrl":"https:\/\/departamentomedicinaclinica.umh.es\/files\/2018\/07\/formacion-UMH-de-profesionales-sanitarios-de-Peru-e1536215165222.jpg","width":555,"height":338,"caption":"Jose Manuel Ramos Rinc\u00f3n Formaci\u00f3n UMH de profesionales sanitarios de Per\u00fa Hospital General Universitario Alicante"},{"@type":"WebPage","@id":"https:\/\/departamentomedicinaclinica.umh.es\/2018\/09\/06\/profesionales-sanitarios-de-peru-formacion-umh\/#webpage","url":"https:\/\/departamentomedicinaclinica.umh.es\/2018\/09\/06\/profesionales-sanitarios-de-peru-formacion-umh\/","name":"Health professionals from Peru successfully formed by professors of Medicine at UMH - Departamento de Medicina Cl\u00ednica UMH","isPartOf":{"@id":"https:\/\/departamentomedicinaclinica.umh.es\/#website"},"primaryImageOfPage":{"@id":"https:\/\/departamentomedicinaclinica.umh.es\/2018\/09\/06\/profesionales-sanitarios-de-peru-formacion-umh\/#primaryimage"},"datePublished":"2018-09-06T06:31:52+00:00","dateModified":"2024-02-23T10:38:43+00:00","description":"Alejandro Quiroz Morey participated in the UMH training project of health professionals from Peru in hospital centres of Alicante. Prof. Jose Manuel Ramos","breadcrumb":{"@id":"https:\/\/departamentomedicinaclinica.umh.es\/2018\/09\/06\/profesionales-sanitarios-de-peru-formacion-umh\/#breadcrumb"},"inLanguage":"en-US","potentialAction":[{"@type":"ReadAction","target":["https:\/\/departamentomedicinaclinica.umh.es\/2018\/09\/06\/profesionales-sanitarios-de-peru-formacion-umh\/"]}]},{"@type":"BreadcrumbList","@id":"https:\/\/departamentomedicinaclinica.umh.es\/2018\/09\/06\/profesionales-sanitarios-de-peru-formacion-umh\/#breadcrumb","itemListElement":[{"@type":"ListItem","position":1,"name":"Portada","item":"https:\/\/departamentomedicinaclinica.umh.es\/"},{"@type":"ListItem","position":2,"name":"Profesionales sanitarios de Per\u00fa formados con \u00e9xito por profesores de medicina de la UMH"}]},{"@type":"Article","@id":"https:\/\/departamentomedicinaclinica.umh.es\/2018\/09\/06\/profesionales-sanitarios-de-peru-formacion-umh\/#article","isPartOf":{"@id":"https:\/\/departamentomedicinaclinica.umh.es\/2018\/09\/06\/profesionales-sanitarios-de-peru-formacion-umh\/#webpage"},"author":{"@id":"https:\/\/departamentomedicinaclinica.umh.es\/#\/schema\/person\/4cce65f000b37391eb0fdba785a882b9"},"headline":"Health professionals from Peru successfully formed by professors of Medicine at UMH","datePublished":"2018-09-06T06:31:52+00:00","dateModified":"2024-02-23T10:38:43+00:00","mainEntityOfPage":{"@id":"https:\/\/departamentomedicinaclinica.umh.es\/2018\/09\/06\/profesionales-sanitarios-de-peru-formacion-umh\/#webpage"},"wordCount":1597,"publisher":{"@id":"https:\/\/departamentomedicinaclinica.umh.es\/#organization"},"image":{"@id":"https:\/\/departamentomedicinaclinica.umh.es\/2018\/09\/06\/profesionales-sanitarios-de-peru-formacion-umh\/#primaryimage"},"thumbnailUrl":"https:\/\/departamentomedicinaclinica.umh.es\/files\/2018\/07\/formacion-UMH-de-profesionales-sanitarios-de-Peru-e1536215165222.jpg","keywords":["Cooperaci\u00f3n Voluntariado UMH Programa Cooperaci\u00f3n Voluntariado UMH","Enfermedades infecciosas UMH","Jose Manuel Ramos Rinc\u00f3n","Medicina UMH","M\u00e9dicos formaci\u00f3n Sudam\u00e9rica","Per\u00fa UMH","Relaciones internacionales UMH","Universidad Miguel Hern\u00e1ndez"],"articleSection":["Actualidad"],"inLanguage":"en-US"},{"@type":"Person","@id":"https:\/\/departamentomedicinaclinica.umh.es\/#\/schema\/person\/4cce65f000b37391eb0fdba785a882b9","name":"garcia.natalia","image":{"@type":"ImageObject","@id":"https:\/\/departamentomedicinaclinica.umh.es\/#personlogo","inLanguage":"en-US","url":"https:\/\/secure.gravatar.com\/avatar\/2f6b18e6f874050af9faeeac24349c8c?s=96&d=mm&r=g","contentUrl":"https:\/\/secure.gravatar.com\/avatar\/2f6b18e6f874050af9faeeac24349c8c?s=96&d=mm&r=g","caption":"garcia.natalia"},"url":"https:\/\/departamentomedicinaclinica.umh.es\/en\/author\/garcia-natalia\/"}]}},"_links":{"self":[{"href":"https:\/\/departamentomedicinaclinica.umh.es\/en\/wp-json\/wp\/v2\/posts\/16624"}],"collection":[{"href":"https:\/\/departamentomedicinaclinica.umh.es\/en\/wp-json\/wp\/v2\/posts"}],"about":[{"href":"https:\/\/departamentomedicinaclinica.umh.es\/en\/wp-json\/wp\/v2\/types\/post"}],"author":[{"embeddable":true,"href":"https:\/\/departamentomedicinaclinica.umh.es\/en\/wp-json\/wp\/v2\/users\/3158"}],"replies":[{"embeddable":true,"href":"https:\/\/departamentomedicinaclinica.umh.es\/en\/wp-json\/wp\/v2\/comments?post=16624"}],"version-history":[{"count":0,"href":"https:\/\/departamentomedicinaclinica.umh.es\/en\/wp-json\/wp\/v2\/posts\/16624\/revisions"}],"wp:featuredmedia":[{"embeddable":true,"href":"https:\/\/departamentomedicinaclinica.umh.es\/en\/wp-json\/wp\/v2\/media\/16749"}],"wp:attachment":[{"href":"https:\/\/departamentomedicinaclinica.umh.es\/en\/wp-json\/wp\/v2\/media?parent=16624"}],"wp:term":[{"taxonomy":"category","embeddable":true,"href":"https:\/\/departamentomedicinaclinica.umh.es\/en\/wp-json\/wp\/v2\/categories?post=16624"},{"taxonomy":"post_tag","embeddable":true,"href":"https:\/\/departamentomedicinaclinica.umh.es\/en\/wp-json\/wp\/v2\/tags?post=16624"}],"curies":[{"name":"wp","href":"https:\/\/api.w.org\/{rel}","templated":true}]}}