{"id":18418,"date":"2019-05-10T08:03:58","date_gmt":"2019-05-10T06:03:58","guid":{"rendered":"http:\/\/www.departamentomedicinaclinicaumh.es\/?p=18418"},"modified":"2024-02-23T10:38:41","modified_gmt":"2024-02-23T10:38:41","slug":"cursos-de-verano-umh-comienzan-en-2019","status":"publish","type":"post","link":"https:\/\/departamentomedicinaclinica.umh.es\/en\/2019\/05\/10\/cursos-de-verano-umh-comienzan-en-2019\/","title":{"rendered":"UMH summer courses begin with a wide range in 2019"},"content":{"rendered":"<p><img loading=\"lazy\" class=\"size-medium wp-image-18339 aligncenter\" src=\"https:\/\/departamentomedicinaclinica.umh.es\/files\/2019\/05\/Cartel-web-Curso-de-Verano-UMH-2019-300x183.jpg\" alt=\"Cartel web Cursos de Verano UMH 2019\" width=\"300\" height=\"183\" srcset=\"https:\/\/departamentomedicinaclinica.umh.es\/files\/2019\/05\/Cartel-web-Curso-de-Verano-UMH-2019-300x183.jpg 300w, https:\/\/departamentomedicinaclinica.umh.es\/files\/2019\/05\/Cartel-web-Curso-de-Verano-UMH-2019.jpg 555w\" sizes=\"(max-width: 300px) 100vw, 300px\" \/><\/p>\n<p>The Miguel Hern\u00e1ndez University has recently published the list of UMH summer courses. As every academic year, supply and theme is wide and varied. Mainly range from new technologies, to art, how to speak in public, web design, disability, etc.<\/p>\n<h2>What are the UMH summer courses related to medicine?<!--more--><\/h2>\n<p>Basically, it is 5 courses during the academic year 2018-19 and they have connection with Medicine. Some of the professors of the <a href=\"http:\/\/www.departamentomedicinaclinica.edu.umh.es\/en\"> Department of Clinical Medicine<\/a> of UMH teach in these courses. These mainly include:<\/p>\n<ul>\n<li><strong>Clinical practice course, GENERAL UNIVERSITY HOSPITAL OF ALICANTE (HGUA) and ELCHE (HGUE)<\/strong> by <a href=\"https:\/\/www.umh.es\/contenido\/Estudiantes\/:persona_5668\/datos_en.html\" target=\"_blank\" rel=\"noopener\"> Francisco Javier Fern\u00e1ndez S\u00e1nchez<\/a>. Professor of Medicine and Director of the Department of Clinical Medicine of the UMH.<\/li>\n<\/ul>\n<div class=\"wp-block-image\">\n<figure class=\"aligncenter is-resized\"><img loading=\"lazy\" class=\"wp-image-11596 aligncenter\" src=\"http:\/\/departamentomedicinaclinica.edu.umh.es\/wp-content\/uploads\/sites\/1455\/2016\/02\/JavierFernandezUMH-1024x906.jpg\" alt=\"UMH summer courses Javier Fern\u00e1ndez S\u00e1nchez professor Medicine UMH and doctor Elche Hospital\" width=\"326\" height=\"288\" srcset=\"https:\/\/departamentomedicinaclinica.umh.es\/files\/2016\/02\/JavierFernandezUMH-1024x906.jpg 1024w, https:\/\/departamentomedicinaclinica.umh.es\/files\/2016\/02\/JavierFernandezUMH-300x266.jpg 300w, https:\/\/departamentomedicinaclinica.umh.es\/files\/2016\/02\/JavierFernandezUMH-768x680.jpg 768w, https:\/\/departamentomedicinaclinica.umh.es\/files\/2016\/02\/JavierFernandezUMH.jpg 1062w\" sizes=\"(max-width: 326px) 100vw, 326px\" \/><\/figure>\n<\/div>\n<p><strong>-Writing and publishing of scientific articles<\/strong> by <a href=\"https:\/\/umh.es\/contenido\/Visitantes\/:persona_123621\/datos_en.html\" target=\"_blank\" rel=\"noreferrer noopener\">Concepci\u00f3n Carratal\u00e1 Munuera <\/a>. Professor Assistant Doctor at the Department of Clinical Medicine of the UMH<\/p>\n<div class=\"wp-block-image\">\n<figure class=\"aligncenter is-resized\"><img loading=\"lazy\" class=\"wp-image-18352 aligncenter\" src=\"http:\/\/departamentomedicinaclinica.edu.umh.es\/wp-content\/uploads\/sites\/1455\/2019\/05\/Logo-Pubmed-1024x364.png\" alt=\"UMH summer courses Logo Pubmed UMH Summer courses\" width=\"276\" height=\"98\" srcset=\"https:\/\/departamentomedicinaclinica.umh.es\/files\/2019\/05\/Logo-Pubmed-1024x364.png 1024w, https:\/\/departamentomedicinaclinica.umh.es\/files\/2019\/05\/Logo-Pubmed-300x107.png 300w, https:\/\/departamentomedicinaclinica.umh.es\/files\/2019\/05\/Logo-Pubmed-768x273.png 768w, https:\/\/departamentomedicinaclinica.umh.es\/files\/2019\/05\/Logo-Pubmed.png 1280w\" sizes=\"(max-width: 276px) 100vw, 276px\" \/><\/figure>\n<\/div>\n<p><strong>-The process of writing and publication of an article scientific<\/strong> by <a href=\"https:\/\/www.umh.es\/contenido\/Estudios\/:persona_128480\/datos_en.html\" target=\"_blank\" rel=\"noreferrer noopener\"> Isabel Belinch\u00f3n Romero<\/a>.&#8221; Associate Professor at the Department of Clinical Medicine of the UMH<\/p>\n<div class=\"wp-block-image\">\n<figure class=\"aligncenter is-resized\"><a href=\"http:\/\/departamentomedicinaclinica.edu.umh.es\/wp-content\/uploads\/sites\/1455\/2014\/11\/IsabelBelinchonRomero1.jpg\"><img loading=\"lazy\" class=\"aligncenter size-medium wp-image-7607\" src=\"http:\/\/departamentomedicinaclinica.edu.umh.es\/wp-content\/uploads\/sites\/1455\/2014\/11\/IsabelBelinchonRomero1-300x266.jpg\" alt=\"Isabel Belinch\u00f3n Romero dermatolog\u00eda Alicante\" width=\"300\" height=\"266\" srcset=\"https:\/\/departamentomedicinaclinica.umh.es\/files\/2014\/11\/IsabelBelinchonRomero1-300x266.jpg 300w, https:\/\/departamentomedicinaclinica.umh.es\/files\/2014\/11\/IsabelBelinchonRomero1-1024x906.jpg 1024w, https:\/\/departamentomedicinaclinica.umh.es\/files\/2014\/11\/IsabelBelinchonRomero1-768x680.jpg 768w, https:\/\/departamentomedicinaclinica.umh.es\/files\/2014\/11\/IsabelBelinchonRomero1.jpg 1062w\" sizes=\"(max-width: 300px) 100vw, 300px\" \/><\/a><\/figure>\n<\/div>\n<p><strong>-Health and travel<\/strong> by <a href=\"https:\/\/www.umh.es\/contenido\/Estudiantes\/:persona_128503\/datos_en.html\" target=\"_blank\" rel=\"noreferrer noopener\"> Jose Manuel Ramos Rinc\u00f3n<\/a>. Associate Professor in the Department of Clinical Medicine of the UMH<\/p>\n<div class=\"wp-block-image\">\n<figure class=\"aligncenter is-resized\"><img loading=\"lazy\" class=\"wp-image-7004 aligncenter\" src=\"http:\/\/departamentomedicinaclinica.edu.umh.es\/wp-content\/uploads\/sites\/1455\/2014\/11\/montajeJoseManuelRamos-1024x906.jpg\" alt=\"UMH summer courses Jose Manuel Ramos Rinc\u00f3n Clinical Medicine UMH\" width=\"318\" height=\"281\" srcset=\"https:\/\/departamentomedicinaclinica.umh.es\/files\/2014\/11\/montajeJoseManuelRamos-1024x906.jpg 1024w, https:\/\/departamentomedicinaclinica.umh.es\/files\/2014\/11\/montajeJoseManuelRamos-300x266.jpg 300w, https:\/\/departamentomedicinaclinica.umh.es\/files\/2014\/11\/montajeJoseManuelRamos-768x680.jpg 768w, https:\/\/departamentomedicinaclinica.umh.es\/files\/2014\/11\/montajeJoseManuelRamos.jpg 1062w\" sizes=\"(max-width: 318px) 100vw, 318px\" \/><\/figure>\n<\/div>\n<p>Therefore, the relationship of the UMH summer courses which the University Miguel Hern\u00e1ndez de Elche offers each year can be found on the page of the UMH.<\/p>\n<h5><strong><a href=\"http:\/\/cultura.umh.es\/files\/2019\/05\/CursosDeVeranoCASlinks.pdf\" target=\"_blank\" rel=\"noreferrer noopener\">DOWNLOAD THE RELATIONSHIP OF UMH SUMMER COURSES NOW<\/a><\/strong><\/h5>\n<p><a href=\"http:\/\/cultura.umh.es\/files\/2019\/05\/CursosDeVeranoCASlinks.pdf\" target=\"_blank\" rel=\"noreferrer noopener\"> UMH summer courses catalog 2019<\/a><\/p>\n<h3>Rules:<\/h3>\n<p><strong><a href=\"http:\/\/cultura.umh.es\/files\/2017\/05\/Normatica-Criterios-Econ%C3%B3micos-de-Cursos-de-Verano-2018.pdf\"> Conditions of the economic criteria of summer courses with rules<\/a>\u00a0<\/strong><strong><a href=\"http:\/\/cultura.umh.es\/files\/2017\/05\/Normativa-de-Cursos-de-Verano-2018.pdf\" target=\"_blank\" rel=\"noreferrer noopener\">view the regulation of courses of UMH Summer courses<\/a>\u00a0<\/strong><strong><a href=\"http:\/\/universite.umh.es\/_web_rw\/boumh\/docs\/4649_NORMATIVA%20TARJETA%20UMH%20SOLIDARIA.pdf\" target=\"_blank\" rel=\"noreferrer noopener\">access the standard card solidarity<\/a>\u00a0<\/strong><strong><a href=\"http:\/\/deportes.umh.es\/files\/2010\/05\/tarjeta-extensa-umh1.pdf\" target=\"_blank\" rel=\"noreferrer noopener\">more information on the regulations extensive card<\/a><\/strong><\/p>\n<p>Law 38\/2003 of 17 November, General grant Budget UMH, catalogue of the offer of UMH Summer courses 2019 (coming soon)<\/p>\n<p><strong>1. Type of registration:<\/strong><br \/>\nThe use of UMH tuition: is intended to students of UMH on the academic year <strong>, <a href=\"https:\/\/alumni.umh.es\/\"> Alumni UMH<\/a>, <a href=\"http:\/\/universite.umh.es\/_web_rw\/boumh\/docs\/4649_NORMATIVA%20TARJETA%20UMH%20SOLIDARIA.pdf\"> card holders Solidarity UMH<\/a>,<\/strong> PDI UMH, PI UMH and PAS UMH.<\/p>\n<p>Registration card extensive UMH: is intended for <strong><a href=\"http:\/\/deportes.umh.es\/files\/2010\/05\/tarjeta-extensa-umh1.pdf\"> extensive card holders<\/a><\/strong><\/p>\n<ul>\n<li>General tuition: corresponds to the rest of interested<\/li>\n<li><strong><a href=\"http:\/\/universite.umh.es\/pagovirtual\/\" target=\"_blank\" rel=\"noreferrer noopener\"> virtual payment<\/a><\/strong><\/li>\n<\/ul>\n<p>Making, may enter into the catalogue, click on the top of the selected course to access the course and on the left side appears: \u00abHere pre-registration and registration\u00bb. Registration will take place electronically.<\/p>\n<p><strong>2.-Recognition courses<\/strong><br \/>\nThe summer courses are likely to be recognized as credits ECTS (25 hours=1 credit) as well as by universities that belong to the Xarxa Vives D&#8217;universitats.<\/p>\n<p><strong>3. Diplomas<\/strong><br \/>\n<strong>Diploma to students who attend a minimum of 85% of the course will be sent.<\/strong><\/p>\n<p><em>University may cancel a course, 24 hours before the start, if you do not have the registration minimum required by regulations.<\/em><\/p>\n<p><strong>Contact: <a href=\"mailto:cursosdeverano@umh.es\"> cursosdeverano@umh.es<\/a><\/strong><\/p>","protected":false},"excerpt":{"rendered":"<p>Sorry, this entry is only available in European Spanish.<\/p>\n","protected":false},"author":3158,"featured_media":18339,"comment_status":"closed","ping_status":"closed","sticky":false,"template":"","format":"standard","meta":{"_links_to":"","_links_to_target":""},"categories":[964],"tags":[1044440,29721,1085682,46031,1167248,6247],"yoast_head":"<!-- This site is optimized with the Yoast SEO plugin v17.5 - https:\/\/yoast.com\/wordpress\/plugins\/seo\/ -->\n<meta name=\"description\" content=\"Miguel Hern\u00e1ndez University has recently published the list of UMH summer courses. Students, professors, PAS, PDI and external personnel can sign up.\" \/>\n<meta name=\"robots\" content=\"index, follow, max-snippet:-1, max-image-preview:large, max-video-preview:-1\" \/>\n<link rel=\"canonical\" href=\"https:\/\/departamentomedicinaclinica.umh.es\/en\/2019\/05\/10\/cursos-de-verano-umh-comienzan-en-2019\/\" \/>\n<meta property=\"og:locale\" content=\"en_US\" \/>\n<meta property=\"og:type\" content=\"article\" \/>\n<meta property=\"og:title\" content=\"UMH summer courses begin with a wide range in 2019 - Departamento de Medicina Cl\u00ednica UMH\" \/>\n<meta property=\"og:description\" content=\"Miguel Hern\u00e1ndez University has recently published the list of UMH summer courses. Students, professors, PAS, PDI and external personnel can sign up.\" \/>\n<meta property=\"og:url\" content=\"https:\/\/departamentomedicinaclinica.umh.es\/2019\/05\/10\/cursos-de-verano-umh-comienzan-en-2019\/\" \/>\n<meta property=\"og:site_name\" content=\"Departamento de Medicina Cl\u00ednica UMH\" \/>\n<meta property=\"article:published_time\" content=\"2019-05-10T06:03:58+00:00\" \/>\n<meta property=\"article:modified_time\" content=\"2024-02-23T10:38:41+00:00\" \/>\n<meta property=\"og:image\" content=\"https:\/\/departamentomedicinaclinica.umh.es\/files\/2019\/05\/Cartel-web-Curso-de-Verano-UMH-2019.jpg\" \/>\n\t<meta property=\"og:image:width\" content=\"555\" \/>\n\t<meta property=\"og:image:height\" content=\"339\" \/>\n<meta name=\"twitter:card\" content=\"summary_large_image\" \/>\n<meta name=\"twitter:creator\" content=\"@medicinaumh\" \/>\n<meta name=\"twitter:site\" content=\"@medicinaumh\" \/>\n<meta name=\"twitter:label1\" content=\"Written by\" \/>\n\t<meta name=\"twitter:data1\" content=\"garcia.natalia\" \/>\n\t<meta name=\"twitter:label2\" content=\"Est. reading time\" \/>\n\t<meta name=\"twitter:data2\" content=\"7 minutes\" \/>\n<script type=\"application\/ld+json\" class=\"yoast-schema-graph\">{\"@context\":\"https:\/\/schema.org\",\"@graph\":[{\"@type\":\"Organization\",\"@id\":\"https:\/\/departamentomedicinaclinica.umh.es\/#organization\",\"name\":\"Departamento Medicina Cl\\u00ednica Universidad Miguel Hern\\u00e1ndez de Elche\",\"url\":\"https:\/\/departamentomedicinaclinica.umh.es\/\",\"sameAs\":[\"https:\/\/www.youtube.com\/playlist?list=PLClKgnzRFYe6Y_i4QLNSlOwsZn0X3Klmb\",\"https:\/\/twitter.com\/medicinaumh\"],\"logo\":{\"@type\":\"ImageObject\",\"@id\":\"https:\/\/departamentomedicinaclinica.umh.es\/#logo\",\"inLanguage\":\"en-US\",\"url\":\"https:\/\/departamentomedicinaclinica.umh.es\/files\/2024\/07\/meclin-vertical.png\",\"contentUrl\":\"https:\/\/departamentomedicinaclinica.umh.es\/files\/2024\/07\/meclin-vertical.png\",\"width\":1376,\"height\":1600,\"caption\":\"Departamento Medicina Cl\\u00ednica Universidad Miguel Hern\\u00e1ndez de Elche\"},\"image\":{\"@id\":\"https:\/\/departamentomedicinaclinica.umh.es\/#logo\"}},{\"@type\":\"WebSite\",\"@id\":\"https:\/\/departamentomedicinaclinica.umh.es\/#website\",\"url\":\"https:\/\/departamentomedicinaclinica.umh.es\/\",\"name\":\"Departamento de Medicina Cl\\u00ednica UMH\",\"description\":\"Otro sitio m\\u00e1s de Zeus.umh.es Blogs\",\"publisher\":{\"@id\":\"https:\/\/departamentomedicinaclinica.umh.es\/#organization\"},\"potentialAction\":[{\"@type\":\"SearchAction\",\"target\":{\"@type\":\"EntryPoint\",\"urlTemplate\":\"https:\/\/departamentomedicinaclinica.umh.es\/?s={search_term_string}\"},\"query-input\":\"required name=search_term_string\"}],\"inLanguage\":\"en-US\"},{\"@type\":\"ImageObject\",\"@id\":\"https:\/\/departamentomedicinaclinica.umh.es\/2019\/05\/10\/cursos-de-verano-umh-comienzan-en-2019\/#primaryimage\",\"inLanguage\":\"en-US\",\"url\":\"https:\/\/departamentomedicinaclinica.umh.es\/files\/2019\/05\/Cartel-web-Curso-de-Verano-UMH-2019.jpg\",\"contentUrl\":\"https:\/\/departamentomedicinaclinica.umh.es\/files\/2019\/05\/Cartel-web-Curso-de-Verano-UMH-2019.jpg\",\"width\":555,\"height\":339,\"caption\":\"Cartel web Cursos de Verano UMH 2019\"},{\"@type\":\"WebPage\",\"@id\":\"https:\/\/departamentomedicinaclinica.umh.es\/2019\/05\/10\/cursos-de-verano-umh-comienzan-en-2019\/#webpage\",\"url\":\"https:\/\/departamentomedicinaclinica.umh.es\/2019\/05\/10\/cursos-de-verano-umh-comienzan-en-2019\/\",\"name\":\"UMH summer courses begin with a wide range in 2019 - Departamento de Medicina Cl\\u00ednica UMH\",\"isPartOf\":{\"@id\":\"https:\/\/departamentomedicinaclinica.umh.es\/#website\"},\"primaryImageOfPage\":{\"@id\":\"https:\/\/departamentomedicinaclinica.umh.es\/2019\/05\/10\/cursos-de-verano-umh-comienzan-en-2019\/#primaryimage\"},\"datePublished\":\"2019-05-10T06:03:58+00:00\",\"dateModified\":\"2024-02-23T10:38:41+00:00\",\"description\":\"Miguel Hern\\u00e1ndez University has recently published the list of UMH summer courses. Students, professors, PAS, PDI and external personnel can sign up.\",\"breadcrumb\":{\"@id\":\"https:\/\/departamentomedicinaclinica.umh.es\/2019\/05\/10\/cursos-de-verano-umh-comienzan-en-2019\/#breadcrumb\"},\"inLanguage\":\"en-US\",\"potentialAction\":[{\"@type\":\"ReadAction\",\"target\":[\"https:\/\/departamentomedicinaclinica.umh.es\/2019\/05\/10\/cursos-de-verano-umh-comienzan-en-2019\/\"]}]},{\"@type\":\"BreadcrumbList\",\"@id\":\"https:\/\/departamentomedicinaclinica.umh.es\/2019\/05\/10\/cursos-de-verano-umh-comienzan-en-2019\/#breadcrumb\",\"itemListElement\":[{\"@type\":\"ListItem\",\"position\":1,\"name\":\"Portada\",\"item\":\"https:\/\/departamentomedicinaclinica.umh.es\/\"},{\"@type\":\"ListItem\",\"position\":2,\"name\":\"Cursos de verano UMH con una amplia oferta en 2019\"}]},{\"@type\":\"Article\",\"@id\":\"https:\/\/departamentomedicinaclinica.umh.es\/2019\/05\/10\/cursos-de-verano-umh-comienzan-en-2019\/#article\",\"isPartOf\":{\"@id\":\"https:\/\/departamentomedicinaclinica.umh.es\/2019\/05\/10\/cursos-de-verano-umh-comienzan-en-2019\/#webpage\"},\"author\":{\"@id\":\"https:\/\/departamentomedicinaclinica.umh.es\/#\/schema\/person\/4cce65f000b37391eb0fdba785a882b9\"},\"headline\":\"UMH summer courses begin with a wide range in 2019\",\"datePublished\":\"2019-05-10T06:03:58+00:00\",\"dateModified\":\"2024-02-23T10:38:41+00:00\",\"mainEntityOfPage\":{\"@id\":\"https:\/\/departamentomedicinaclinica.umh.es\/2019\/05\/10\/cursos-de-verano-umh-comienzan-en-2019\/#webpage\"},\"wordCount\":1438,\"publisher\":{\"@id\":\"https:\/\/departamentomedicinaclinica.umh.es\/#organization\"},\"image\":{\"@id\":\"https:\/\/departamentomedicinaclinica.umh.es\/2019\/05\/10\/cursos-de-verano-umh-comienzan-en-2019\/#primaryimage\"},\"thumbnailUrl\":\"https:\/\/departamentomedicinaclinica.umh.es\/files\/2019\/05\/Cartel-web-Curso-de-Verano-UMH-2019.jpg\",\"keywords\":[\"Cat\\u00e1logo Cursos Verano\",\"Cursos Invierno UMH\",\"Cursos Medicina Verano\",\"Cursos verano UMH\",\"Formaci\\u00f3n alumnos Universidad Miguel Hern\\u00e1ndez Elche\",\"Universidad cursos\"],\"articleSection\":[\"Actualidad\"],\"inLanguage\":\"en-US\"},{\"@type\":\"Person\",\"@id\":\"https:\/\/departamentomedicinaclinica.umh.es\/#\/schema\/person\/4cce65f000b37391eb0fdba785a882b9\",\"name\":\"garcia.natalia\",\"image\":{\"@type\":\"ImageObject\",\"@id\":\"https:\/\/departamentomedicinaclinica.umh.es\/#personlogo\",\"inLanguage\":\"en-US\",\"url\":\"https:\/\/secure.gravatar.com\/avatar\/2f6b18e6f874050af9faeeac24349c8c?s=96&d=mm&r=g\",\"contentUrl\":\"https:\/\/secure.gravatar.com\/avatar\/2f6b18e6f874050af9faeeac24349c8c?s=96&d=mm&r=g\",\"caption\":\"garcia.natalia\"},\"url\":\"https:\/\/departamentomedicinaclinica.umh.es\/en\/author\/garcia-natalia\/\"}]}<\/script>\n<!-- \/ Yoast SEO plugin. -->","yoast_head_json":{"description":"Miguel Hern\u00e1ndez University has recently published the list of UMH summer courses. Students, professors, PAS, PDI and external personnel can sign up.","robots":{"index":"index","follow":"follow","max-snippet":"max-snippet:-1","max-image-preview":"max-image-preview:large","max-video-preview":"max-video-preview:-1"},"canonical":"https:\/\/departamentomedicinaclinica.umh.es\/en\/2019\/05\/10\/cursos-de-verano-umh-comienzan-en-2019\/","og_locale":"en_US","og_type":"article","og_title":"UMH summer courses begin with a wide range in 2019 - Departamento de Medicina Cl\u00ednica UMH","og_description":"Miguel Hern\u00e1ndez University has recently published the list of UMH summer courses. Students, professors, PAS, PDI and external personnel can sign up.","og_url":"https:\/\/departamentomedicinaclinica.umh.es\/2019\/05\/10\/cursos-de-verano-umh-comienzan-en-2019\/","og_site_name":"Departamento de Medicina Cl\u00ednica UMH","article_published_time":"2019-05-10T06:03:58+00:00","article_modified_time":"2024-02-23T10:38:41+00:00","og_image":[{"width":555,"height":339,"url":"https:\/\/departamentomedicinaclinica.umh.es\/files\/2019\/05\/Cartel-web-Curso-de-Verano-UMH-2019.jpg","type":"image\/jpeg"}],"twitter_card":"summary_large_image","twitter_creator":"@medicinaumh","twitter_site":"@medicinaumh","twitter_misc":{"Written by":"garcia.natalia","Est. reading time":"7 minutes"},"schema":{"@context":"https:\/\/schema.org","@graph":[{"@type":"Organization","@id":"https:\/\/departamentomedicinaclinica.umh.es\/#organization","name":"Departamento Medicina Cl\u00ednica Universidad Miguel Hern\u00e1ndez de Elche","url":"https:\/\/departamentomedicinaclinica.umh.es\/","sameAs":["https:\/\/www.youtube.com\/playlist?list=PLClKgnzRFYe6Y_i4QLNSlOwsZn0X3Klmb","https:\/\/twitter.com\/medicinaumh"],"logo":{"@type":"ImageObject","@id":"https:\/\/departamentomedicinaclinica.umh.es\/#logo","inLanguage":"en-US","url":"https:\/\/departamentomedicinaclinica.umh.es\/files\/2024\/07\/meclin-vertical.png","contentUrl":"https:\/\/departamentomedicinaclinica.umh.es\/files\/2024\/07\/meclin-vertical.png","width":1376,"height":1600,"caption":"Departamento Medicina Cl\u00ednica Universidad Miguel Hern\u00e1ndez de Elche"},"image":{"@id":"https:\/\/departamentomedicinaclinica.umh.es\/#logo"}},{"@type":"WebSite","@id":"https:\/\/departamentomedicinaclinica.umh.es\/#website","url":"https:\/\/departamentomedicinaclinica.umh.es\/","name":"Departamento de Medicina Cl\u00ednica UMH","description":"Otro sitio m\u00e1s de Zeus.umh.es Blogs","publisher":{"@id":"https:\/\/departamentomedicinaclinica.umh.es\/#organization"},"potentialAction":[{"@type":"SearchAction","target":{"@type":"EntryPoint","urlTemplate":"https:\/\/departamentomedicinaclinica.umh.es\/?s={search_term_string}"},"query-input":"required name=search_term_string"}],"inLanguage":"en-US"},{"@type":"ImageObject","@id":"https:\/\/departamentomedicinaclinica.umh.es\/2019\/05\/10\/cursos-de-verano-umh-comienzan-en-2019\/#primaryimage","inLanguage":"en-US","url":"https:\/\/departamentomedicinaclinica.umh.es\/files\/2019\/05\/Cartel-web-Curso-de-Verano-UMH-2019.jpg","contentUrl":"https:\/\/departamentomedicinaclinica.umh.es\/files\/2019\/05\/Cartel-web-Curso-de-Verano-UMH-2019.jpg","width":555,"height":339,"caption":"Cartel web Cursos de Verano UMH 2019"},{"@type":"WebPage","@id":"https:\/\/departamentomedicinaclinica.umh.es\/2019\/05\/10\/cursos-de-verano-umh-comienzan-en-2019\/#webpage","url":"https:\/\/departamentomedicinaclinica.umh.es\/2019\/05\/10\/cursos-de-verano-umh-comienzan-en-2019\/","name":"UMH summer courses begin with a wide range in 2019 - Departamento de Medicina Cl\u00ednica UMH","isPartOf":{"@id":"https:\/\/departamentomedicinaclinica.umh.es\/#website"},"primaryImageOfPage":{"@id":"https:\/\/departamentomedicinaclinica.umh.es\/2019\/05\/10\/cursos-de-verano-umh-comienzan-en-2019\/#primaryimage"},"datePublished":"2019-05-10T06:03:58+00:00","dateModified":"2024-02-23T10:38:41+00:00","description":"Miguel Hern\u00e1ndez University has recently published the list of UMH summer courses. Students, professors, PAS, PDI and external personnel can sign up.","breadcrumb":{"@id":"https:\/\/departamentomedicinaclinica.umh.es\/2019\/05\/10\/cursos-de-verano-umh-comienzan-en-2019\/#breadcrumb"},"inLanguage":"en-US","potentialAction":[{"@type":"ReadAction","target":["https:\/\/departamentomedicinaclinica.umh.es\/2019\/05\/10\/cursos-de-verano-umh-comienzan-en-2019\/"]}]},{"@type":"BreadcrumbList","@id":"https:\/\/departamentomedicinaclinica.umh.es\/2019\/05\/10\/cursos-de-verano-umh-comienzan-en-2019\/#breadcrumb","itemListElement":[{"@type":"ListItem","position":1,"name":"Portada","item":"https:\/\/departamentomedicinaclinica.umh.es\/"},{"@type":"ListItem","position":2,"name":"Cursos de verano UMH con una amplia oferta en 2019"}]},{"@type":"Article","@id":"https:\/\/departamentomedicinaclinica.umh.es\/2019\/05\/10\/cursos-de-verano-umh-comienzan-en-2019\/#article","isPartOf":{"@id":"https:\/\/departamentomedicinaclinica.umh.es\/2019\/05\/10\/cursos-de-verano-umh-comienzan-en-2019\/#webpage"},"author":{"@id":"https:\/\/departamentomedicinaclinica.umh.es\/#\/schema\/person\/4cce65f000b37391eb0fdba785a882b9"},"headline":"UMH summer courses begin with a wide range in 2019","datePublished":"2019-05-10T06:03:58+00:00","dateModified":"2024-02-23T10:38:41+00:00","mainEntityOfPage":{"@id":"https:\/\/departamentomedicinaclinica.umh.es\/2019\/05\/10\/cursos-de-verano-umh-comienzan-en-2019\/#webpage"},"wordCount":1438,"publisher":{"@id":"https:\/\/departamentomedicinaclinica.umh.es\/#organization"},"image":{"@id":"https:\/\/departamentomedicinaclinica.umh.es\/2019\/05\/10\/cursos-de-verano-umh-comienzan-en-2019\/#primaryimage"},"thumbnailUrl":"https:\/\/departamentomedicinaclinica.umh.es\/files\/2019\/05\/Cartel-web-Curso-de-Verano-UMH-2019.jpg","keywords":["Cat\u00e1logo Cursos Verano","Cursos Invierno UMH","Cursos Medicina Verano","Cursos verano UMH","Formaci\u00f3n alumnos Universidad Miguel Hern\u00e1ndez Elche","Universidad cursos"],"articleSection":["Actualidad"],"inLanguage":"en-US"},{"@type":"Person","@id":"https:\/\/departamentomedicinaclinica.umh.es\/#\/schema\/person\/4cce65f000b37391eb0fdba785a882b9","name":"garcia.natalia","image":{"@type":"ImageObject","@id":"https:\/\/departamentomedicinaclinica.umh.es\/#personlogo","inLanguage":"en-US","url":"https:\/\/secure.gravatar.com\/avatar\/2f6b18e6f874050af9faeeac24349c8c?s=96&d=mm&r=g","contentUrl":"https:\/\/secure.gravatar.com\/avatar\/2f6b18e6f874050af9faeeac24349c8c?s=96&d=mm&r=g","caption":"garcia.natalia"},"url":"https:\/\/departamentomedicinaclinica.umh.es\/en\/author\/garcia-natalia\/"}]}},"_links":{"self":[{"href":"https:\/\/departamentomedicinaclinica.umh.es\/en\/wp-json\/wp\/v2\/posts\/18418"}],"collection":[{"href":"https:\/\/departamentomedicinaclinica.umh.es\/en\/wp-json\/wp\/v2\/posts"}],"about":[{"href":"https:\/\/departamentomedicinaclinica.umh.es\/en\/wp-json\/wp\/v2\/types\/post"}],"author":[{"embeddable":true,"href":"https:\/\/departamentomedicinaclinica.umh.es\/en\/wp-json\/wp\/v2\/users\/3158"}],"replies":[{"embeddable":true,"href":"https:\/\/departamentomedicinaclinica.umh.es\/en\/wp-json\/wp\/v2\/comments?post=18418"}],"version-history":[{"count":0,"href":"https:\/\/departamentomedicinaclinica.umh.es\/en\/wp-json\/wp\/v2\/posts\/18418\/revisions"}],"wp:featuredmedia":[{"embeddable":true,"href":"https:\/\/departamentomedicinaclinica.umh.es\/en\/wp-json\/wp\/v2\/media\/18339"}],"wp:attachment":[{"href":"https:\/\/departamentomedicinaclinica.umh.es\/en\/wp-json\/wp\/v2\/media?parent=18418"}],"wp:term":[{"taxonomy":"category","embeddable":true,"href":"https:\/\/departamentomedicinaclinica.umh.es\/en\/wp-json\/wp\/v2\/categories?post=18418"},{"taxonomy":"post_tag","embeddable":true,"href":"https:\/\/departamentomedicinaclinica.umh.es\/en\/wp-json\/wp\/v2\/tags?post=18418"}],"curies":[{"name":"wp","href":"https:\/\/api.w.org\/{rel}","templated":true}]}}