{"id":3537,"date":"2015-03-09T12:34:32","date_gmt":"2015-03-09T12:34:32","guid":{"rendered":"http:\/\/www.departamentomedicinaclinicaumh.es\/?p=3537"},"modified":"2024-02-23T10:38:54","modified_gmt":"2024-02-23T10:38:54","slug":"jornadas-de-historia-de-la-medicina-umh","status":"publish","type":"post","link":"https:\/\/departamentomedicinaclinica.umh.es\/en\/2015\/03\/09\/jornadas-de-historia-de-la-medicina-umh\/","title":{"rendered":"Conference of History of Medicine and Medical Anthropology \u201cMadness and modernity\u201d at UMH"},"content":{"rendered":"<p><\/p>\n<p>The Area&#8217;s History of the Science of the University Miguel Hern\u00e1ndez of Elche (UMH) organizes the coming days of the History of Medicine and Medical Anthropology &#8220;Madness and Modernity&#8221;. Throughout the activity, different professionals.<\/p>\n<p><!--more-->will talk issues related to the insanity and criminality, the dimension of anthropology in psychiatric diagnosis, the representation of madness in media, the history of psychiatric care, attention to mental health in the Valencian Community or what is the role of networks of Mental Health inpatient units. This Conference will take place on <strong>4 and 5 Marc<\/strong>h from <strong>4:00 pm<\/strong> in the\u00a0\u00a0<a title=\"you'll see it in a new window\" href=\"http:\/\/cegeca.umh.es\/cgc-san-juan\/ubicacion\/\" target=\"_blank\" rel=\"noopener\">Main Hall Francisco Javier Balmis building<\/a>\u00a0of Sant Joan d&#8217;Alacant UMH campus.<br \/>\nHolding the Conference coincides with the exhibition &#8220;Madness and Modernity&#8221;. Spaces, practices and knowledge. Also, during those days participating experts, professionals and specialists in History and Anthropology of Psychiatry as:<br \/>\n&nbsp;<\/p>\n<ul>\n<li>The Professor of the Area of History of Science of the UMH <strong>Enric Novella<\/strong>,<\/li>\n<li>The psychiatrist and Professor in the Area of Psychiatry of the University\u00a0<strong>Bartolom\u00e9 P\u00e9rez G\u00e1lvez<\/strong>,<\/li>\n<li>The teachers of the Rovira i Virgili\u00a0University<strong>\u00a0Josep Maria Comelle<\/strong>s y <strong>\u00c1ngel Mart\u00ednez Hern\u00e1ez<\/strong>,<\/li>\n<li>The researcher of the Superior Council of Scientific Research(CSIC) <strong>Ricardo Campos Mar\u00edn<\/strong>.<\/li>\n<li>And the Chief of the Psychiatry Department\u00a0of the University Hospital of Sant Joan d\u2019Alacant, <strong>Vicente Elvira Crua\u00f1es<\/strong>.<\/li>\n<\/ul>\n<h2><strong>Who is responsible for closing the Journals of History of Medicine and Medical Anthropology &#8220;Madness and Modernity&#8221;?<\/strong><\/h2>\n<p>The <strong><a href=\"http:\/\/www.departamentomedicinaclinica.edu.umh.es\/en\/estudios\/\" title=\"You'll see it in a new window\" rel=\"noopener\" target=\"_blank\">Dean of the Faculty of Medicine of UMH<\/a><\/strong>, Antonio Compa\u00f1, as responsible for closing the event along with the Professor of History of Science of the UMH, Rosa Ballester, and specialist and teacher in the field of the Mental Health Maria Angustias Oliveras.<br \/>\n&nbsp;<br \/>\nThe activity is integrated within the programming of the\u00a0<strong><a title=\"you'll see it in a new window\" href=\"http:\/\/www.umh.es\/contenido\/Estudios\/:tit_m_236\/datos_es.html\" target=\"_blank\" rel=\"noopener\">Inter-University Master in History of Science and Science Communication<\/a>\u00a0<\/strong>\u00a0and the\u00a0<a title=\"you'll see it in a new window\" href=\"http:\/\/www.umh.es\/contenido\/Estudios\/:tit_d_220\/datos_es.html\" target=\"_blank\" rel=\"noopener\"><strong>Doctoral Program in Social and Historical Studies of Science, Medicine and Scientific Communication<\/strong><\/a>. Also has the support of the\u00a0<strong>Grupo Alicante de Estudios Avanzados de Historia de la Medicina y de la Salud, UMH\/UA (GADEA)<\/strong>,\u00a0by means of the Prometheus Program for Research of Excellence of the Valencian Community groups.<br \/>\nStudents attending these conferences are granted <strong>0,5 ECTS credits<\/strong> of cross-disciplinary skills for graders and, <strong>1.2 credits of free choice<\/strong> for the students of degrees or diplomas.<br \/>\nSee\u00a0the program<a title=\"lo ver\u00e1s en una nueva ventana\" href=\"http:\/\/comunicacion.umh.es\/files\/2015\/03\/03-03-15-Jornadas-Locura-y-Modernidad.pdf\" target=\"_blank\" rel=\"noopener\">\u00a0here<\/a>.<br \/>\nFree registrations by sending an email to\u00a0<a title=\"you'll see it in a new window\" href=\"mailto:locuraymodernidad@gmail.com\">locuraymodernidad@gmail.com<\/a><\/p>","protected":false},"excerpt":{"rendered":"<p>Sorry, this entry is only available in European Spanish.<\/p>\n","protected":false},"author":3158,"featured_media":3539,"comment_status":"closed","ping_status":"open","sticky":false,"template":"","format":"standard","meta":{"_links_to":"","_links_to_target":""},"categories":[988062],"tags":[1016759,1074002,1211792,1213022],"yoast_head":"<!-- This site is optimized with the Yoast SEO plugin v17.5 - https:\/\/yoast.com\/wordpress\/plugins\/seo\/ -->\n<meta name=\"description\" content=\"The Area of History of Science of the UMH organizes the Journals of History of Medicine and Medical Anthropology &quot;Madness and Modernity&quot;.\" \/>\n<meta name=\"robots\" content=\"index, follow, max-snippet:-1, max-image-preview:large, max-video-preview:-1\" \/>\n<link rel=\"canonical\" href=\"https:\/\/departamentomedicinaclinica.umh.es\/en\/2015\/03\/09\/jornadas-de-historia-de-la-medicina-umh\/\" \/>\n<meta property=\"og:locale\" content=\"en_US\" \/>\n<meta property=\"og:type\" content=\"article\" \/>\n<meta property=\"og:title\" content=\"Conference of History of Medicine and Medical Anthropology \u201cMadness and modernity\u201d at UMH - Departamento de Medicina Cl\u00ednica UMH\" \/>\n<meta property=\"og:description\" content=\"The Area of History of Science of the UMH organizes the Journals of History of Medicine and Medical Anthropology &quot;Madness and Modernity&quot;.\" \/>\n<meta property=\"og:url\" content=\"https:\/\/departamentomedicinaclinica.umh.es\/2015\/03\/09\/jornadas-de-historia-de-la-medicina-umh\/\" \/>\n<meta property=\"og:site_name\" content=\"Departamento de Medicina Cl\u00ednica UMH\" \/>\n<meta property=\"article:published_time\" content=\"2015-03-09T12:34:32+00:00\" \/>\n<meta property=\"article:modified_time\" content=\"2024-02-23T10:38:54+00:00\" \/>\n<meta property=\"og:image\" content=\"https:\/\/departamentomedicinaclinica.umh.es\/files\/2015\/03\/JornadasdeHistoriadelaMedicinayAntropologiaMedica.jpg\" \/>\n\t<meta property=\"og:image:width\" content=\"547\" \/>\n\t<meta property=\"og:image:height\" content=\"333\" \/>\n<meta name=\"twitter:card\" content=\"summary_large_image\" \/>\n<meta name=\"twitter:creator\" content=\"@medicinaumh\" \/>\n<meta name=\"twitter:site\" content=\"@medicinaumh\" \/>\n<meta name=\"twitter:label1\" content=\"Written by\" \/>\n\t<meta name=\"twitter:data1\" content=\"garcia.natalia\" \/>\n\t<meta name=\"twitter:label2\" content=\"Est. reading time\" \/>\n\t<meta name=\"twitter:data2\" content=\"7 minutes\" \/>\n<script type=\"application\/ld+json\" class=\"yoast-schema-graph\">{\"@context\":\"https:\/\/schema.org\",\"@graph\":[{\"@type\":\"Organization\",\"@id\":\"https:\/\/departamentomedicinaclinica.umh.es\/#organization\",\"name\":\"Departamento Medicina Cl\\u00ednica Universidad Miguel Hern\\u00e1ndez de Elche\",\"url\":\"https:\/\/departamentomedicinaclinica.umh.es\/\",\"sameAs\":[\"https:\/\/www.youtube.com\/playlist?list=PLClKgnzRFYe6Y_i4QLNSlOwsZn0X3Klmb\",\"https:\/\/twitter.com\/medicinaumh\"],\"logo\":{\"@type\":\"ImageObject\",\"@id\":\"https:\/\/departamentomedicinaclinica.umh.es\/#logo\",\"inLanguage\":\"en-US\",\"url\":\"https:\/\/departamentomedicinaclinica.umh.es\/files\/2024\/07\/meclin-vertical.png\",\"contentUrl\":\"https:\/\/departamentomedicinaclinica.umh.es\/files\/2024\/07\/meclin-vertical.png\",\"width\":1376,\"height\":1600,\"caption\":\"Departamento Medicina Cl\\u00ednica Universidad Miguel Hern\\u00e1ndez de Elche\"},\"image\":{\"@id\":\"https:\/\/departamentomedicinaclinica.umh.es\/#logo\"}},{\"@type\":\"WebSite\",\"@id\":\"https:\/\/departamentomedicinaclinica.umh.es\/#website\",\"url\":\"https:\/\/departamentomedicinaclinica.umh.es\/\",\"name\":\"Departamento de Medicina Cl\\u00ednica UMH\",\"description\":\"Otro sitio m\\u00e1s de Zeus.umh.es Blogs\",\"publisher\":{\"@id\":\"https:\/\/departamentomedicinaclinica.umh.es\/#organization\"},\"potentialAction\":[{\"@type\":\"SearchAction\",\"target\":{\"@type\":\"EntryPoint\",\"urlTemplate\":\"https:\/\/departamentomedicinaclinica.umh.es\/?s={search_term_string}\"},\"query-input\":\"required name=search_term_string\"}],\"inLanguage\":\"en-US\"},{\"@type\":\"ImageObject\",\"@id\":\"https:\/\/departamentomedicinaclinica.umh.es\/2015\/03\/09\/jornadas-de-historia-de-la-medicina-umh\/#primaryimage\",\"inLanguage\":\"en-US\",\"url\":\"https:\/\/departamentomedicinaclinica.umh.es\/files\/2015\/03\/JornadasdeHistoriadelaMedicinayAntropologiaMedica.jpg\",\"contentUrl\":\"https:\/\/departamentomedicinaclinica.umh.es\/files\/2015\/03\/JornadasdeHistoriadelaMedicinayAntropologiaMedica.jpg\",\"width\":547,\"height\":333,\"caption\":\"Banner Jornadas de Historia de la Medicina y Antropolog\\u00eda M\\u00e9dica UMH\"},{\"@type\":\"WebPage\",\"@id\":\"https:\/\/departamentomedicinaclinica.umh.es\/2015\/03\/09\/jornadas-de-historia-de-la-medicina-umh\/#webpage\",\"url\":\"https:\/\/departamentomedicinaclinica.umh.es\/2015\/03\/09\/jornadas-de-historia-de-la-medicina-umh\/\",\"name\":\"Conference of History of Medicine and Medical Anthropology \\u201cMadness and modernity\\u201d at UMH - Departamento de Medicina Cl\\u00ednica UMH\",\"isPartOf\":{\"@id\":\"https:\/\/departamentomedicinaclinica.umh.es\/#website\"},\"primaryImageOfPage\":{\"@id\":\"https:\/\/departamentomedicinaclinica.umh.es\/2015\/03\/09\/jornadas-de-historia-de-la-medicina-umh\/#primaryimage\"},\"datePublished\":\"2015-03-09T12:34:32+00:00\",\"dateModified\":\"2024-02-23T10:38:54+00:00\",\"description\":\"The Area of History of Science of the UMH organizes the Journals of History of Medicine and Medical Anthropology \\\"Madness and Modernity\\\".\",\"breadcrumb\":{\"@id\":\"https:\/\/departamentomedicinaclinica.umh.es\/2015\/03\/09\/jornadas-de-historia-de-la-medicina-umh\/#breadcrumb\"},\"inLanguage\":\"en-US\",\"potentialAction\":[{\"@type\":\"ReadAction\",\"target\":[\"https:\/\/departamentomedicinaclinica.umh.es\/2015\/03\/09\/jornadas-de-historia-de-la-medicina-umh\/\"]}]},{\"@type\":\"BreadcrumbList\",\"@id\":\"https:\/\/departamentomedicinaclinica.umh.es\/2015\/03\/09\/jornadas-de-historia-de-la-medicina-umh\/#breadcrumb\",\"itemListElement\":[{\"@type\":\"ListItem\",\"position\":1,\"name\":\"Portada\",\"item\":\"https:\/\/departamentomedicinaclinica.umh.es\/\"},{\"@type\":\"ListItem\",\"position\":2,\"name\":\"Jornadas de Historia de la medicina y antropolog\\u00eda m\\u00e9dica &quot;locura y modernidad&quot; en la UMH\"}]},{\"@type\":\"Article\",\"@id\":\"https:\/\/departamentomedicinaclinica.umh.es\/2015\/03\/09\/jornadas-de-historia-de-la-medicina-umh\/#article\",\"isPartOf\":{\"@id\":\"https:\/\/departamentomedicinaclinica.umh.es\/2015\/03\/09\/jornadas-de-historia-de-la-medicina-umh\/#webpage\"},\"author\":{\"@id\":\"https:\/\/departamentomedicinaclinica.umh.es\/#\/schema\/person\/4cce65f000b37391eb0fdba785a882b9\"},\"headline\":\"Conference of History of Medicine and Medical Anthropology \\u201cMadness and modernity\\u201d at UMH\",\"datePublished\":\"2015-03-09T12:34:32+00:00\",\"dateModified\":\"2024-02-23T10:38:54+00:00\",\"mainEntityOfPage\":{\"@id\":\"https:\/\/departamentomedicinaclinica.umh.es\/2015\/03\/09\/jornadas-de-historia-de-la-medicina-umh\/#webpage\"},\"wordCount\":1384,\"publisher\":{\"@id\":\"https:\/\/departamentomedicinaclinica.umh.es\/#organization\"},\"image\":{\"@id\":\"https:\/\/departamentomedicinaclinica.umh.es\/2015\/03\/09\/jornadas-de-historia-de-la-medicina-umh\/#primaryimage\"},\"thumbnailUrl\":\"https:\/\/departamentomedicinaclinica.umh.es\/files\/2015\/03\/JornadasdeHistoriadelaMedicinayAntropologiaMedica.jpg\",\"keywords\":[\"Antropolog\\u00eda M\\u00e9dica Alicante\",\"Congreso Historia Medicina Alicante\",\"Jornadas Antropolog\\u00eda M\\u00e9dica\",\"Jornadas Historia Medicina Alicante\"],\"articleSection\":[\"Congresos\"],\"inLanguage\":\"en-US\"},{\"@type\":\"Person\",\"@id\":\"https:\/\/departamentomedicinaclinica.umh.es\/#\/schema\/person\/4cce65f000b37391eb0fdba785a882b9\",\"name\":\"garcia.natalia\",\"image\":{\"@type\":\"ImageObject\",\"@id\":\"https:\/\/departamentomedicinaclinica.umh.es\/#personlogo\",\"inLanguage\":\"en-US\",\"url\":\"https:\/\/secure.gravatar.com\/avatar\/2f6b18e6f874050af9faeeac24349c8c?s=96&d=mm&r=g\",\"contentUrl\":\"https:\/\/secure.gravatar.com\/avatar\/2f6b18e6f874050af9faeeac24349c8c?s=96&d=mm&r=g\",\"caption\":\"garcia.natalia\"},\"url\":\"https:\/\/departamentomedicinaclinica.umh.es\/en\/author\/garcia-natalia\/\"}]}<\/script>\n<!-- \/ Yoast SEO plugin. -->","yoast_head_json":{"description":"The Area of History of Science of the UMH organizes the Journals of History of Medicine and Medical Anthropology \"Madness and Modernity\".","robots":{"index":"index","follow":"follow","max-snippet":"max-snippet:-1","max-image-preview":"max-image-preview:large","max-video-preview":"max-video-preview:-1"},"canonical":"https:\/\/departamentomedicinaclinica.umh.es\/en\/2015\/03\/09\/jornadas-de-historia-de-la-medicina-umh\/","og_locale":"en_US","og_type":"article","og_title":"Conference of History of Medicine and Medical Anthropology \u201cMadness and modernity\u201d at UMH - Departamento de Medicina Cl\u00ednica UMH","og_description":"The Area of History of Science of the UMH organizes the Journals of History of Medicine and Medical Anthropology \"Madness and Modernity\".","og_url":"https:\/\/departamentomedicinaclinica.umh.es\/2015\/03\/09\/jornadas-de-historia-de-la-medicina-umh\/","og_site_name":"Departamento de Medicina Cl\u00ednica UMH","article_published_time":"2015-03-09T12:34:32+00:00","article_modified_time":"2024-02-23T10:38:54+00:00","og_image":[{"width":547,"height":333,"url":"https:\/\/departamentomedicinaclinica.umh.es\/files\/2015\/03\/JornadasdeHistoriadelaMedicinayAntropologiaMedica.jpg","type":"image\/jpeg"}],"twitter_card":"summary_large_image","twitter_creator":"@medicinaumh","twitter_site":"@medicinaumh","twitter_misc":{"Written by":"garcia.natalia","Est. reading time":"7 minutes"},"schema":{"@context":"https:\/\/schema.org","@graph":[{"@type":"Organization","@id":"https:\/\/departamentomedicinaclinica.umh.es\/#organization","name":"Departamento Medicina Cl\u00ednica Universidad Miguel Hern\u00e1ndez de Elche","url":"https:\/\/departamentomedicinaclinica.umh.es\/","sameAs":["https:\/\/www.youtube.com\/playlist?list=PLClKgnzRFYe6Y_i4QLNSlOwsZn0X3Klmb","https:\/\/twitter.com\/medicinaumh"],"logo":{"@type":"ImageObject","@id":"https:\/\/departamentomedicinaclinica.umh.es\/#logo","inLanguage":"en-US","url":"https:\/\/departamentomedicinaclinica.umh.es\/files\/2024\/07\/meclin-vertical.png","contentUrl":"https:\/\/departamentomedicinaclinica.umh.es\/files\/2024\/07\/meclin-vertical.png","width":1376,"height":1600,"caption":"Departamento Medicina Cl\u00ednica Universidad Miguel Hern\u00e1ndez de Elche"},"image":{"@id":"https:\/\/departamentomedicinaclinica.umh.es\/#logo"}},{"@type":"WebSite","@id":"https:\/\/departamentomedicinaclinica.umh.es\/#website","url":"https:\/\/departamentomedicinaclinica.umh.es\/","name":"Departamento de Medicina Cl\u00ednica UMH","description":"Otro sitio m\u00e1s de Zeus.umh.es Blogs","publisher":{"@id":"https:\/\/departamentomedicinaclinica.umh.es\/#organization"},"potentialAction":[{"@type":"SearchAction","target":{"@type":"EntryPoint","urlTemplate":"https:\/\/departamentomedicinaclinica.umh.es\/?s={search_term_string}"},"query-input":"required name=search_term_string"}],"inLanguage":"en-US"},{"@type":"ImageObject","@id":"https:\/\/departamentomedicinaclinica.umh.es\/2015\/03\/09\/jornadas-de-historia-de-la-medicina-umh\/#primaryimage","inLanguage":"en-US","url":"https:\/\/departamentomedicinaclinica.umh.es\/files\/2015\/03\/JornadasdeHistoriadelaMedicinayAntropologiaMedica.jpg","contentUrl":"https:\/\/departamentomedicinaclinica.umh.es\/files\/2015\/03\/JornadasdeHistoriadelaMedicinayAntropologiaMedica.jpg","width":547,"height":333,"caption":"Banner Jornadas de Historia de la Medicina y Antropolog\u00eda M\u00e9dica UMH"},{"@type":"WebPage","@id":"https:\/\/departamentomedicinaclinica.umh.es\/2015\/03\/09\/jornadas-de-historia-de-la-medicina-umh\/#webpage","url":"https:\/\/departamentomedicinaclinica.umh.es\/2015\/03\/09\/jornadas-de-historia-de-la-medicina-umh\/","name":"Conference of History of Medicine and Medical Anthropology \u201cMadness and modernity\u201d at UMH - Departamento de Medicina Cl\u00ednica UMH","isPartOf":{"@id":"https:\/\/departamentomedicinaclinica.umh.es\/#website"},"primaryImageOfPage":{"@id":"https:\/\/departamentomedicinaclinica.umh.es\/2015\/03\/09\/jornadas-de-historia-de-la-medicina-umh\/#primaryimage"},"datePublished":"2015-03-09T12:34:32+00:00","dateModified":"2024-02-23T10:38:54+00:00","description":"The Area of History of Science of the UMH organizes the Journals of History of Medicine and Medical Anthropology \"Madness and Modernity\".","breadcrumb":{"@id":"https:\/\/departamentomedicinaclinica.umh.es\/2015\/03\/09\/jornadas-de-historia-de-la-medicina-umh\/#breadcrumb"},"inLanguage":"en-US","potentialAction":[{"@type":"ReadAction","target":["https:\/\/departamentomedicinaclinica.umh.es\/2015\/03\/09\/jornadas-de-historia-de-la-medicina-umh\/"]}]},{"@type":"BreadcrumbList","@id":"https:\/\/departamentomedicinaclinica.umh.es\/2015\/03\/09\/jornadas-de-historia-de-la-medicina-umh\/#breadcrumb","itemListElement":[{"@type":"ListItem","position":1,"name":"Portada","item":"https:\/\/departamentomedicinaclinica.umh.es\/"},{"@type":"ListItem","position":2,"name":"Jornadas de Historia de la medicina y antropolog\u00eda m\u00e9dica &quot;locura y modernidad&quot; en la UMH"}]},{"@type":"Article","@id":"https:\/\/departamentomedicinaclinica.umh.es\/2015\/03\/09\/jornadas-de-historia-de-la-medicina-umh\/#article","isPartOf":{"@id":"https:\/\/departamentomedicinaclinica.umh.es\/2015\/03\/09\/jornadas-de-historia-de-la-medicina-umh\/#webpage"},"author":{"@id":"https:\/\/departamentomedicinaclinica.umh.es\/#\/schema\/person\/4cce65f000b37391eb0fdba785a882b9"},"headline":"Conference of History of Medicine and Medical Anthropology \u201cMadness and modernity\u201d at UMH","datePublished":"2015-03-09T12:34:32+00:00","dateModified":"2024-02-23T10:38:54+00:00","mainEntityOfPage":{"@id":"https:\/\/departamentomedicinaclinica.umh.es\/2015\/03\/09\/jornadas-de-historia-de-la-medicina-umh\/#webpage"},"wordCount":1384,"publisher":{"@id":"https:\/\/departamentomedicinaclinica.umh.es\/#organization"},"image":{"@id":"https:\/\/departamentomedicinaclinica.umh.es\/2015\/03\/09\/jornadas-de-historia-de-la-medicina-umh\/#primaryimage"},"thumbnailUrl":"https:\/\/departamentomedicinaclinica.umh.es\/files\/2015\/03\/JornadasdeHistoriadelaMedicinayAntropologiaMedica.jpg","keywords":["Antropolog\u00eda M\u00e9dica Alicante","Congreso Historia Medicina Alicante","Jornadas Antropolog\u00eda M\u00e9dica","Jornadas Historia Medicina Alicante"],"articleSection":["Congresos"],"inLanguage":"en-US"},{"@type":"Person","@id":"https:\/\/departamentomedicinaclinica.umh.es\/#\/schema\/person\/4cce65f000b37391eb0fdba785a882b9","name":"garcia.natalia","image":{"@type":"ImageObject","@id":"https:\/\/departamentomedicinaclinica.umh.es\/#personlogo","inLanguage":"en-US","url":"https:\/\/secure.gravatar.com\/avatar\/2f6b18e6f874050af9faeeac24349c8c?s=96&d=mm&r=g","contentUrl":"https:\/\/secure.gravatar.com\/avatar\/2f6b18e6f874050af9faeeac24349c8c?s=96&d=mm&r=g","caption":"garcia.natalia"},"url":"https:\/\/departamentomedicinaclinica.umh.es\/en\/author\/garcia-natalia\/"}]}},"_links":{"self":[{"href":"https:\/\/departamentomedicinaclinica.umh.es\/en\/wp-json\/wp\/v2\/posts\/3537"}],"collection":[{"href":"https:\/\/departamentomedicinaclinica.umh.es\/en\/wp-json\/wp\/v2\/posts"}],"about":[{"href":"https:\/\/departamentomedicinaclinica.umh.es\/en\/wp-json\/wp\/v2\/types\/post"}],"author":[{"embeddable":true,"href":"https:\/\/departamentomedicinaclinica.umh.es\/en\/wp-json\/wp\/v2\/users\/3158"}],"replies":[{"embeddable":true,"href":"https:\/\/departamentomedicinaclinica.umh.es\/en\/wp-json\/wp\/v2\/comments?post=3537"}],"version-history":[{"count":0,"href":"https:\/\/departamentomedicinaclinica.umh.es\/en\/wp-json\/wp\/v2\/posts\/3537\/revisions"}],"wp:featuredmedia":[{"embeddable":true,"href":"https:\/\/departamentomedicinaclinica.umh.es\/en\/wp-json\/wp\/v2\/media\/3539"}],"wp:attachment":[{"href":"https:\/\/departamentomedicinaclinica.umh.es\/en\/wp-json\/wp\/v2\/media?parent=3537"}],"wp:term":[{"taxonomy":"category","embeddable":true,"href":"https:\/\/departamentomedicinaclinica.umh.es\/en\/wp-json\/wp\/v2\/categories?post=3537"},{"taxonomy":"post_tag","embeddable":true,"href":"https:\/\/departamentomedicinaclinica.umh.es\/en\/wp-json\/wp\/v2\/tags?post=3537"}],"curies":[{"name":"wp","href":"https:\/\/api.w.org\/{rel}","templated":true}]}}