{"id":4152,"date":"2015-03-25T14:04:29","date_gmt":"2015-03-25T13:04:29","guid":{"rendered":"http:\/\/www.departamentomedicinaclinicaumh.es\/?p=4152"},"modified":"2024-02-23T10:38:54","modified_gmt":"2024-02-23T10:38:54","slug":"iv-jornadas-de-cooperacion-al-desarrollo-en-salud","status":"publish","type":"post","link":"https:\/\/departamentomedicinaclinica.umh.es\/en\/2015\/03\/25\/iv-jornadas-de-cooperacion-al-desarrollo-en-salud\/","title":{"rendered":"UMH organizes the IV Conference of development cooperation in health in the Campus of Sant Joan d\u2019Alacant"},"content":{"rendered":"<p><\/p>\n<p>Both the <strong>University Master Degree in Infectious Diseases and International Health<\/strong>, taught by the Department of Clinical Medicine UMH, together with the <strong>Centre of Cooperation Development and Volunteering<\/strong> organize for the next <strong>26 and 27<!--more--> of March\u00a0<\/strong>the IV Conference of development cooperation in health.<\/p>\n<p>The sessions will take place <strong>from 4:00 pm to 9:00 pm<\/strong> in the <strong>Sala de Grados of the building Francisco Javier Balmis<\/strong> from the campus of Sant Joan d&#8217;Alacant (Spain). These activities are mainly focused on students and teachers who have interest in all that is done in cooperation and development in the field of health.<br \/>\nThe main purpose of the celebration of these days of cooperation to development in health is none other than the of <strong>providing knowledge and skills in global health<\/strong>. Always using <strong>development cooperation projects<\/strong> and, above all, in order to show forms of assistance and cooperation with <strong>organizations and institutions working in Africa or South America<\/strong>.<br \/>\nIn addition, during these Conferences will try to analyze the forms of collaboration, support and development cooperation in the field of global health, to publicize various related projects that are carried out in developing countries and determine the degree of importance between the actors and the development cooperation.<br \/>\nDuring this call entities and organizations such as:<br \/>\n&nbsp;<br \/>\n\u00b7\u00a0<a title=\"you'll see it in a new window\" href=\"http:\/\/www.msf.es\/\" target=\"_blank\" rel=\"noopener\">Doctors without Borders<\/a><br \/>\n\u00b7\u00a0<a title=\"you'll see it in a new window\" href=\"http:\/\/www.onganawim.org\/\" target=\"_blank\" rel=\"noopener\">Anawin<\/a><br \/>\n\u00b7\u00a0<a title=\"you'll see it in a new window\" href=\"https:\/\/www.fundaciondiagrama.es\/\" target=\"_blank\" rel=\"noopener\">Diagrama Foundation<\/a><br \/>\n\u00b7\u00a0<a title=\"you'll see it in a new window\" href=\"http:\/\/www.fontilles.org\/es\/\" target=\"_blank\" rel=\"noopener\">Sanatorio Fontilles<\/a><br \/>\n\u00b7\u00a0<a title=\"you'll see it in a new window\" href=\"http:\/\/www.medicusmundi.net\/\" target=\"_blank\" rel=\"noopener\">Medicus Mundi<\/a><br \/>\n\u00b7\u00a0<a title=\"you'll see it in a new window\" href=\"http:\/\/www.chambbaa.org\/es\" target=\"_blank\" rel=\"noopener\">Chambb\u00e0a International Cooperation<\/a><br \/>\n&nbsp;<br \/>\n&nbsp;<br \/>\nwill go from the start.<br \/>\n&nbsp;<br \/>\nIf you need more information you can <strong>ask or download the program<\/strong> <strong><a title=\"you'll see it in a new window\" href=\"http:\/\/comunicacion.umh.es\/files\/2015\/03\/25-03-15-jornadas-cooperaci%C3%B3n1.pdf\">here<\/a><\/strong><br \/>\nFor <strong>pre-registration<\/strong> you can use the form &#8216;Pre-registration Training Postgraduate Courses and Continuing Education&#8217; that is\u00a0<a title=\"you'll see it in a new window\" href=\"http:\/\/universite.umh.es\/fpogestion\/aspx\/Preinscripcion\/Preinscripcion.aspx\" target=\"_blank\" rel=\"noopener\">here<\/a>.<br \/>\nVisit the web of <a title=\"you'll see it in a new window\" href=\"http:\/\/cooperacion.umh.es\/\" target=\"_blank\" rel=\"noopener\">Center for Cooperation to Development and Volunteering of University Miguel Hern\u00e1ndez<\/a> to see other projects.<\/p>","protected":false},"excerpt":{"rendered":"<p>Sorry, this entry is only available in European Spanish.<\/p>\n","protected":false},"author":3158,"featured_media":4174,"comment_status":"closed","ping_status":"open","sticky":false,"template":"","format":"standard","meta":{"_links_to":"","_links_to_target":""},"categories":[988062],"tags":[50,3118,1438,1081204,46032],"yoast_head":"<!-- This site is optimized with the Yoast SEO plugin v17.5 - https:\/\/yoast.com\/wordpress\/plugins\/seo\/ -->\n<meta name=\"description\" content=\"The IV Conference on development cooperation in health will be held in the Degree Room of the Balmis building of the UMH of the Sant Joan d&#039;Alacant campus.\" \/>\n<meta name=\"robots\" content=\"index, follow, max-snippet:-1, max-image-preview:large, max-video-preview:-1\" \/>\n<link rel=\"canonical\" href=\"https:\/\/departamentomedicinaclinica.umh.es\/en\/2015\/03\/25\/iv-jornadas-de-cooperacion-al-desarrollo-en-salud\/\" \/>\n<meta property=\"og:locale\" content=\"en_US\" \/>\n<meta property=\"og:type\" content=\"article\" \/>\n<meta property=\"og:title\" content=\"UMH organizes the IV Conference of development cooperation in health in the Campus of Sant Joan d\u2019Alacant - Departamento de Medicina Cl\u00ednica UMH\" \/>\n<meta property=\"og:description\" content=\"The IV Conference on development cooperation in health will be held in the Degree Room of the Balmis building of the UMH of the Sant Joan d&#039;Alacant campus.\" \/>\n<meta property=\"og:url\" content=\"https:\/\/departamentomedicinaclinica.umh.es\/2015\/03\/25\/iv-jornadas-de-cooperacion-al-desarrollo-en-salud\/\" \/>\n<meta property=\"og:site_name\" content=\"Departamento de Medicina Cl\u00ednica UMH\" \/>\n<meta property=\"article:published_time\" content=\"2015-03-25T13:04:29+00:00\" \/>\n<meta property=\"article:modified_time\" content=\"2024-02-23T10:38:54+00:00\" \/>\n<meta property=\"og:image\" content=\"https:\/\/departamentomedicinaclinica.umh.es\/files\/2015\/03\/CooperacionalDesarrolloSaludUMH.jpg\" \/>\n\t<meta property=\"og:image:width\" content=\"547\" \/>\n\t<meta property=\"og:image:height\" content=\"333\" \/>\n<meta name=\"twitter:card\" content=\"summary_large_image\" \/>\n<meta name=\"twitter:creator\" content=\"@medicinaumh\" \/>\n<meta name=\"twitter:site\" content=\"@medicinaumh\" \/>\n<meta name=\"twitter:label1\" content=\"Written by\" \/>\n\t<meta name=\"twitter:data1\" content=\"garcia.natalia\" \/>\n\t<meta name=\"twitter:label2\" content=\"Est. reading time\" \/>\n\t<meta name=\"twitter:data2\" content=\"5 minutes\" \/>\n<script type=\"application\/ld+json\" class=\"yoast-schema-graph\">{\"@context\":\"https:\/\/schema.org\",\"@graph\":[{\"@type\":\"Organization\",\"@id\":\"https:\/\/departamentomedicinaclinica.umh.es\/#organization\",\"name\":\"Departamento Medicina Cl\\u00ednica Universidad Miguel Hern\\u00e1ndez de Elche\",\"url\":\"https:\/\/departamentomedicinaclinica.umh.es\/\",\"sameAs\":[\"https:\/\/www.youtube.com\/playlist?list=PLClKgnzRFYe6Y_i4QLNSlOwsZn0X3Klmb\",\"https:\/\/twitter.com\/medicinaumh\"],\"logo\":{\"@type\":\"ImageObject\",\"@id\":\"https:\/\/departamentomedicinaclinica.umh.es\/#logo\",\"inLanguage\":\"en-US\",\"url\":\"https:\/\/departamentomedicinaclinica.umh.es\/files\/2024\/07\/meclin-vertical.png\",\"contentUrl\":\"https:\/\/departamentomedicinaclinica.umh.es\/files\/2024\/07\/meclin-vertical.png\",\"width\":1376,\"height\":1600,\"caption\":\"Departamento Medicina Cl\\u00ednica Universidad Miguel Hern\\u00e1ndez de Elche\"},\"image\":{\"@id\":\"https:\/\/departamentomedicinaclinica.umh.es\/#logo\"}},{\"@type\":\"WebSite\",\"@id\":\"https:\/\/departamentomedicinaclinica.umh.es\/#website\",\"url\":\"https:\/\/departamentomedicinaclinica.umh.es\/\",\"name\":\"Departamento de Medicina Cl\\u00ednica UMH\",\"description\":\"Otro sitio m\\u00e1s de Zeus.umh.es Blogs\",\"publisher\":{\"@id\":\"https:\/\/departamentomedicinaclinica.umh.es\/#organization\"},\"potentialAction\":[{\"@type\":\"SearchAction\",\"target\":{\"@type\":\"EntryPoint\",\"urlTemplate\":\"https:\/\/departamentomedicinaclinica.umh.es\/?s={search_term_string}\"},\"query-input\":\"required name=search_term_string\"}],\"inLanguage\":\"en-US\"},{\"@type\":\"ImageObject\",\"@id\":\"https:\/\/departamentomedicinaclinica.umh.es\/2015\/03\/25\/iv-jornadas-de-cooperacion-al-desarrollo-en-salud\/#primaryimage\",\"inLanguage\":\"en-US\",\"url\":\"https:\/\/departamentomedicinaclinica.umh.es\/files\/2015\/03\/CooperacionalDesarrolloSaludUMH.jpg\",\"contentUrl\":\"https:\/\/departamentomedicinaclinica.umh.es\/files\/2015\/03\/CooperacionalDesarrolloSaludUMH.jpg\",\"width\":547,\"height\":333,\"caption\":\"Cooperaci\\u00f3n al Desarrollo Salud UMH imagen\"},{\"@type\":\"WebPage\",\"@id\":\"https:\/\/departamentomedicinaclinica.umh.es\/2015\/03\/25\/iv-jornadas-de-cooperacion-al-desarrollo-en-salud\/#webpage\",\"url\":\"https:\/\/departamentomedicinaclinica.umh.es\/2015\/03\/25\/iv-jornadas-de-cooperacion-al-desarrollo-en-salud\/\",\"name\":\"UMH organizes the IV Conference of development cooperation in health in the Campus of Sant Joan d\\u2019Alacant - Departamento de Medicina Cl\\u00ednica UMH\",\"isPartOf\":{\"@id\":\"https:\/\/departamentomedicinaclinica.umh.es\/#website\"},\"primaryImageOfPage\":{\"@id\":\"https:\/\/departamentomedicinaclinica.umh.es\/2015\/03\/25\/iv-jornadas-de-cooperacion-al-desarrollo-en-salud\/#primaryimage\"},\"datePublished\":\"2015-03-25T13:04:29+00:00\",\"dateModified\":\"2024-02-23T10:38:54+00:00\",\"description\":\"The IV Conference on development cooperation in health will be held in the Degree Room of the Balmis building of the UMH of the Sant Joan d'Alacant campus.\",\"breadcrumb\":{\"@id\":\"https:\/\/departamentomedicinaclinica.umh.es\/2015\/03\/25\/iv-jornadas-de-cooperacion-al-desarrollo-en-salud\/#breadcrumb\"},\"inLanguage\":\"en-US\",\"potentialAction\":[{\"@type\":\"ReadAction\",\"target\":[\"https:\/\/departamentomedicinaclinica.umh.es\/2015\/03\/25\/iv-jornadas-de-cooperacion-al-desarrollo-en-salud\/\"]}]},{\"@type\":\"BreadcrumbList\",\"@id\":\"https:\/\/departamentomedicinaclinica.umh.es\/2015\/03\/25\/iv-jornadas-de-cooperacion-al-desarrollo-en-salud\/#breadcrumb\",\"itemListElement\":[{\"@type\":\"ListItem\",\"position\":1,\"name\":\"Portada\",\"item\":\"https:\/\/departamentomedicinaclinica.umh.es\/\"},{\"@type\":\"ListItem\",\"position\":2,\"name\":\"La UMH organiza las IV Jornadas de cooperaci\\u00f3n al desarrollo en salud en el Campus de Sant Joan d&#8217;Alacant\"}]},{\"@type\":\"Article\",\"@id\":\"https:\/\/departamentomedicinaclinica.umh.es\/2015\/03\/25\/iv-jornadas-de-cooperacion-al-desarrollo-en-salud\/#article\",\"isPartOf\":{\"@id\":\"https:\/\/departamentomedicinaclinica.umh.es\/2015\/03\/25\/iv-jornadas-de-cooperacion-al-desarrollo-en-salud\/#webpage\"},\"author\":{\"@id\":\"https:\/\/departamentomedicinaclinica.umh.es\/#\/schema\/person\/4cce65f000b37391eb0fdba785a882b9\"},\"headline\":\"UMH organizes the IV Conference of development cooperation in health in the Campus of Sant Joan d\\u2019Alacant\",\"datePublished\":\"2015-03-25T13:04:29+00:00\",\"dateModified\":\"2024-02-23T10:38:54+00:00\",\"mainEntityOfPage\":{\"@id\":\"https:\/\/departamentomedicinaclinica.umh.es\/2015\/03\/25\/iv-jornadas-de-cooperacion-al-desarrollo-en-salud\/#webpage\"},\"wordCount\":969,\"publisher\":{\"@id\":\"https:\/\/departamentomedicinaclinica.umh.es\/#organization\"},\"image\":{\"@id\":\"https:\/\/departamentomedicinaclinica.umh.es\/2015\/03\/25\/iv-jornadas-de-cooperacion-al-desarrollo-en-salud\/#primaryimage\"},\"thumbnailUrl\":\"https:\/\/departamentomedicinaclinica.umh.es\/files\/2015\/03\/CooperacionalDesarrolloSaludUMH.jpg\",\"keywords\":[\"Cooperaci\\u00f3n\",\"Cooperaci\\u00f3n al desarrollo\",\"Cooperaci\\u00f3n al Desarrollo \\u00c1frica y Latinoam\\u00e9rica Alicante\",\"Cooperaci\\u00f3n al Desarrollo Alicante\",\"Cooperaci\\u00f3n UMH\"],\"articleSection\":[\"Congresos\"],\"inLanguage\":\"en-US\"},{\"@type\":\"Person\",\"@id\":\"https:\/\/departamentomedicinaclinica.umh.es\/#\/schema\/person\/4cce65f000b37391eb0fdba785a882b9\",\"name\":\"garcia.natalia\",\"image\":{\"@type\":\"ImageObject\",\"@id\":\"https:\/\/departamentomedicinaclinica.umh.es\/#personlogo\",\"inLanguage\":\"en-US\",\"url\":\"https:\/\/secure.gravatar.com\/avatar\/2f6b18e6f874050af9faeeac24349c8c?s=96&d=mm&r=g\",\"contentUrl\":\"https:\/\/secure.gravatar.com\/avatar\/2f6b18e6f874050af9faeeac24349c8c?s=96&d=mm&r=g\",\"caption\":\"garcia.natalia\"},\"url\":\"https:\/\/departamentomedicinaclinica.umh.es\/en\/author\/garcia-natalia\/\"}]}<\/script>\n<!-- \/ Yoast SEO plugin. -->","yoast_head_json":{"description":"The IV Conference on development cooperation in health will be held in the Degree Room of the Balmis building of the UMH of the Sant Joan d'Alacant campus.","robots":{"index":"index","follow":"follow","max-snippet":"max-snippet:-1","max-image-preview":"max-image-preview:large","max-video-preview":"max-video-preview:-1"},"canonical":"https:\/\/departamentomedicinaclinica.umh.es\/en\/2015\/03\/25\/iv-jornadas-de-cooperacion-al-desarrollo-en-salud\/","og_locale":"en_US","og_type":"article","og_title":"UMH organizes the IV Conference of development cooperation in health in the Campus of Sant Joan d\u2019Alacant - Departamento de Medicina Cl\u00ednica UMH","og_description":"The IV Conference on development cooperation in health will be held in the Degree Room of the Balmis building of the UMH of the Sant Joan d'Alacant campus.","og_url":"https:\/\/departamentomedicinaclinica.umh.es\/2015\/03\/25\/iv-jornadas-de-cooperacion-al-desarrollo-en-salud\/","og_site_name":"Departamento de Medicina Cl\u00ednica UMH","article_published_time":"2015-03-25T13:04:29+00:00","article_modified_time":"2024-02-23T10:38:54+00:00","og_image":[{"width":547,"height":333,"url":"https:\/\/departamentomedicinaclinica.umh.es\/files\/2015\/03\/CooperacionalDesarrolloSaludUMH.jpg","type":"image\/jpeg"}],"twitter_card":"summary_large_image","twitter_creator":"@medicinaumh","twitter_site":"@medicinaumh","twitter_misc":{"Written by":"garcia.natalia","Est. reading time":"5 minutes"},"schema":{"@context":"https:\/\/schema.org","@graph":[{"@type":"Organization","@id":"https:\/\/departamentomedicinaclinica.umh.es\/#organization","name":"Departamento Medicina Cl\u00ednica Universidad Miguel Hern\u00e1ndez de Elche","url":"https:\/\/departamentomedicinaclinica.umh.es\/","sameAs":["https:\/\/www.youtube.com\/playlist?list=PLClKgnzRFYe6Y_i4QLNSlOwsZn0X3Klmb","https:\/\/twitter.com\/medicinaumh"],"logo":{"@type":"ImageObject","@id":"https:\/\/departamentomedicinaclinica.umh.es\/#logo","inLanguage":"en-US","url":"https:\/\/departamentomedicinaclinica.umh.es\/files\/2024\/07\/meclin-vertical.png","contentUrl":"https:\/\/departamentomedicinaclinica.umh.es\/files\/2024\/07\/meclin-vertical.png","width":1376,"height":1600,"caption":"Departamento Medicina Cl\u00ednica Universidad Miguel Hern\u00e1ndez de Elche"},"image":{"@id":"https:\/\/departamentomedicinaclinica.umh.es\/#logo"}},{"@type":"WebSite","@id":"https:\/\/departamentomedicinaclinica.umh.es\/#website","url":"https:\/\/departamentomedicinaclinica.umh.es\/","name":"Departamento de Medicina Cl\u00ednica UMH","description":"Otro sitio m\u00e1s de Zeus.umh.es Blogs","publisher":{"@id":"https:\/\/departamentomedicinaclinica.umh.es\/#organization"},"potentialAction":[{"@type":"SearchAction","target":{"@type":"EntryPoint","urlTemplate":"https:\/\/departamentomedicinaclinica.umh.es\/?s={search_term_string}"},"query-input":"required name=search_term_string"}],"inLanguage":"en-US"},{"@type":"ImageObject","@id":"https:\/\/departamentomedicinaclinica.umh.es\/2015\/03\/25\/iv-jornadas-de-cooperacion-al-desarrollo-en-salud\/#primaryimage","inLanguage":"en-US","url":"https:\/\/departamentomedicinaclinica.umh.es\/files\/2015\/03\/CooperacionalDesarrolloSaludUMH.jpg","contentUrl":"https:\/\/departamentomedicinaclinica.umh.es\/files\/2015\/03\/CooperacionalDesarrolloSaludUMH.jpg","width":547,"height":333,"caption":"Cooperaci\u00f3n al Desarrollo Salud UMH imagen"},{"@type":"WebPage","@id":"https:\/\/departamentomedicinaclinica.umh.es\/2015\/03\/25\/iv-jornadas-de-cooperacion-al-desarrollo-en-salud\/#webpage","url":"https:\/\/departamentomedicinaclinica.umh.es\/2015\/03\/25\/iv-jornadas-de-cooperacion-al-desarrollo-en-salud\/","name":"UMH organizes the IV Conference of development cooperation in health in the Campus of Sant Joan d\u2019Alacant - Departamento de Medicina Cl\u00ednica UMH","isPartOf":{"@id":"https:\/\/departamentomedicinaclinica.umh.es\/#website"},"primaryImageOfPage":{"@id":"https:\/\/departamentomedicinaclinica.umh.es\/2015\/03\/25\/iv-jornadas-de-cooperacion-al-desarrollo-en-salud\/#primaryimage"},"datePublished":"2015-03-25T13:04:29+00:00","dateModified":"2024-02-23T10:38:54+00:00","description":"The IV Conference on development cooperation in health will be held in the Degree Room of the Balmis building of the UMH of the Sant Joan d'Alacant campus.","breadcrumb":{"@id":"https:\/\/departamentomedicinaclinica.umh.es\/2015\/03\/25\/iv-jornadas-de-cooperacion-al-desarrollo-en-salud\/#breadcrumb"},"inLanguage":"en-US","potentialAction":[{"@type":"ReadAction","target":["https:\/\/departamentomedicinaclinica.umh.es\/2015\/03\/25\/iv-jornadas-de-cooperacion-al-desarrollo-en-salud\/"]}]},{"@type":"BreadcrumbList","@id":"https:\/\/departamentomedicinaclinica.umh.es\/2015\/03\/25\/iv-jornadas-de-cooperacion-al-desarrollo-en-salud\/#breadcrumb","itemListElement":[{"@type":"ListItem","position":1,"name":"Portada","item":"https:\/\/departamentomedicinaclinica.umh.es\/"},{"@type":"ListItem","position":2,"name":"La UMH organiza las IV Jornadas de cooperaci\u00f3n al desarrollo en salud en el Campus de Sant Joan d&#8217;Alacant"}]},{"@type":"Article","@id":"https:\/\/departamentomedicinaclinica.umh.es\/2015\/03\/25\/iv-jornadas-de-cooperacion-al-desarrollo-en-salud\/#article","isPartOf":{"@id":"https:\/\/departamentomedicinaclinica.umh.es\/2015\/03\/25\/iv-jornadas-de-cooperacion-al-desarrollo-en-salud\/#webpage"},"author":{"@id":"https:\/\/departamentomedicinaclinica.umh.es\/#\/schema\/person\/4cce65f000b37391eb0fdba785a882b9"},"headline":"UMH organizes the IV Conference of development cooperation in health in the Campus of Sant Joan d\u2019Alacant","datePublished":"2015-03-25T13:04:29+00:00","dateModified":"2024-02-23T10:38:54+00:00","mainEntityOfPage":{"@id":"https:\/\/departamentomedicinaclinica.umh.es\/2015\/03\/25\/iv-jornadas-de-cooperacion-al-desarrollo-en-salud\/#webpage"},"wordCount":969,"publisher":{"@id":"https:\/\/departamentomedicinaclinica.umh.es\/#organization"},"image":{"@id":"https:\/\/departamentomedicinaclinica.umh.es\/2015\/03\/25\/iv-jornadas-de-cooperacion-al-desarrollo-en-salud\/#primaryimage"},"thumbnailUrl":"https:\/\/departamentomedicinaclinica.umh.es\/files\/2015\/03\/CooperacionalDesarrolloSaludUMH.jpg","keywords":["Cooperaci\u00f3n","Cooperaci\u00f3n al desarrollo","Cooperaci\u00f3n al Desarrollo \u00c1frica y Latinoam\u00e9rica Alicante","Cooperaci\u00f3n al Desarrollo Alicante","Cooperaci\u00f3n UMH"],"articleSection":["Congresos"],"inLanguage":"en-US"},{"@type":"Person","@id":"https:\/\/departamentomedicinaclinica.umh.es\/#\/schema\/person\/4cce65f000b37391eb0fdba785a882b9","name":"garcia.natalia","image":{"@type":"ImageObject","@id":"https:\/\/departamentomedicinaclinica.umh.es\/#personlogo","inLanguage":"en-US","url":"https:\/\/secure.gravatar.com\/avatar\/2f6b18e6f874050af9faeeac24349c8c?s=96&d=mm&r=g","contentUrl":"https:\/\/secure.gravatar.com\/avatar\/2f6b18e6f874050af9faeeac24349c8c?s=96&d=mm&r=g","caption":"garcia.natalia"},"url":"https:\/\/departamentomedicinaclinica.umh.es\/en\/author\/garcia-natalia\/"}]}},"_links":{"self":[{"href":"https:\/\/departamentomedicinaclinica.umh.es\/en\/wp-json\/wp\/v2\/posts\/4152"}],"collection":[{"href":"https:\/\/departamentomedicinaclinica.umh.es\/en\/wp-json\/wp\/v2\/posts"}],"about":[{"href":"https:\/\/departamentomedicinaclinica.umh.es\/en\/wp-json\/wp\/v2\/types\/post"}],"author":[{"embeddable":true,"href":"https:\/\/departamentomedicinaclinica.umh.es\/en\/wp-json\/wp\/v2\/users\/3158"}],"replies":[{"embeddable":true,"href":"https:\/\/departamentomedicinaclinica.umh.es\/en\/wp-json\/wp\/v2\/comments?post=4152"}],"version-history":[{"count":0,"href":"https:\/\/departamentomedicinaclinica.umh.es\/en\/wp-json\/wp\/v2\/posts\/4152\/revisions"}],"wp:featuredmedia":[{"embeddable":true,"href":"https:\/\/departamentomedicinaclinica.umh.es\/en\/wp-json\/wp\/v2\/media\/4174"}],"wp:attachment":[{"href":"https:\/\/departamentomedicinaclinica.umh.es\/en\/wp-json\/wp\/v2\/media?parent=4152"}],"wp:term":[{"taxonomy":"category","embeddable":true,"href":"https:\/\/departamentomedicinaclinica.umh.es\/en\/wp-json\/wp\/v2\/categories?post=4152"},{"taxonomy":"post_tag","embeddable":true,"href":"https:\/\/departamentomedicinaclinica.umh.es\/en\/wp-json\/wp\/v2\/tags?post=4152"}],"curies":[{"name":"wp","href":"https:\/\/api.w.org\/{rel}","templated":true}]}}