{"id":6300,"date":"2015-07-01T13:27:39","date_gmt":"2015-07-01T11:27:39","guid":{"rendered":"http:\/\/www.departamentomedicinaclinicaumh.es\/?p=6300"},"modified":"2024-02-23T10:38:53","modified_gmt":"2024-02-23T10:38:53","slug":"felix-gutierrez-y-esther-caparros-nuevos-subdirector-y-secretaria-del-departamento-de-medicina-clinica","status":"publish","type":"post","link":"https:\/\/departamentomedicinaclinica.umh.es\/en\/2015\/07\/01\/felix-gutierrez-y-esther-caparros-nuevos-subdirector-y-secretaria-del-departamento-de-medicina-clinica\/","title":{"rendered":"F\u00e9lix Guti\u00e9rrez and Esther Caparr\u00f3s deputy director and secretary Department of Clinical Medicine UMH"},"content":{"rendered":"<p><\/p>\n<p>The past <strong>June 17 2015<\/strong> took place the <strong>appointment of two new maximum charges of the Department of Clinical Medicine UMH<\/strong>. On the occasion of the celebration on May 18, passes\u00a0<strong>elections of Department Director of Clinical Medicine UMH, and under\u00a0<\/strong><!--more-->article 42 of the Estatutos of the University Miguel Hern\u00e1ndez of Elche (UMH) two medical professionals were chosen as new Deputy Director and Secretary respectively.<\/p>\n<h2><strong>Functions of Felix Gutierrez and Esther Caparr\u00f3s in the Department of Clinical Medicine UMH<\/strong><\/h2>\n<p><a href=\"https:\/\/departamentomedicinaclinica.umh.es\/files\/2015\/09\/FelixGutierrezRodero2.jpg\"><img loading=\"lazy\" class=\"aligncenter wp-image-8589 size-medium\" title=\"F\u00e9lix Guti\u00e9rrez Rodero is director of the Department of Clinical Medicine of the UMH\" src=\"https:\/\/departamentomedicinaclinica.umh.es\/files\/2015\/09\/FelixGutierrezRodero2-300x266.jpg\" alt=\"F\u00e9lix Guti\u00e9rrez Rodero professor Department Clinical Medicine UMH image\" width=\"300\" height=\"266\" srcset=\"https:\/\/departamentomedicinaclinica.umh.es\/files\/2015\/09\/FelixGutierrezRodero2-300x266.jpg 300w, https:\/\/departamentomedicinaclinica.umh.es\/files\/2015\/09\/FelixGutierrezRodero2-1024x906.jpg 1024w, https:\/\/departamentomedicinaclinica.umh.es\/files\/2015\/09\/FelixGutierrezRodero2-768x680.jpg 768w, https:\/\/departamentomedicinaclinica.umh.es\/files\/2015\/09\/FelixGutierrezRodero2.jpg 1062w\" sizes=\"(max-width: 300px) 100vw, 300px\" \/><\/a><\/p>\n<p>On the one hand, the <strong>Dr. F\u00e9lix Guti\u00e9rrez Rodero<\/strong> as <strong>Deputy Director of the Department of Clinical Medicine of the UMH<\/strong> belongs to:<br \/>\n<strong>Area:<\/strong> <a title=\"Professionals and professors who make up the Department in one click\" href=\"http:\/\/www.departamentomedicinaclinica.edu.umh.es\/es\/medicina\/\">Medicine<\/a><br \/>\n<strong>Units:<\/strong> <a href=\"http:\/\/www.departamentomedicinaclinica.edu.umh.es\/en\/\">Clinical Medicine<\/a><br \/>\n<strong>Position:<\/strong><br \/>\n&#8211; Deputy Director of the Department.<br \/>\n&#8211; University lecturer.<br \/>\n<b>Tasks:<\/b><\/p>\n<ul>\n<li>Deputy Director of the Department of Clinical Medicine<\/li>\n<li>Teaching of different subjects in the Department of Clinical Medicine of the UMH<\/li>\n<li>Professor of several subjects in the <a title=\"Ampl\u00eda informaci\u00f3n sobre el m\u00e1ster en una nueva ventana\" href=\"https:\/\/departamentomedicinaclinica.edu.umh.es\/en\/master-universitario-en-enfermedades-infecciosas-y-salud-internacional\/\" target=\"_blank\" rel=\"noopener\">Master&#8217;s degree in Infectious Diseases and International Health<\/a><\/li>\n<li>Professor of different subjects in the\u00a0<a title=\"Know the contents of the Master in one click\" href=\"https:\/\/departamentomedicinaclinica.edu.umh.es\/en\/master-universitario-en-investigacion-en-medicina-clinica\/\">Master in Research in Clinical Medicine<\/a><\/li>\n<li>Professor of different subjects in the <a title=\"Know the subjects of the Master of Emergency Medicine UMH now\" href=\"https:\/\/departamentomedicinaclinica.edu.umh.es\/en\/master-universitario-en-medicina-de-urgencias-emergencias\/\">Master&#8217;s degree in Emergency Medicine<\/a><\/li>\n<li>Responsible for different subjects in the <a title=\"Get more information about this Doctorate at the Department of Clinical Medicine of the UMH\" href=\"https:\/\/departamentomedicinaclinica.edu.umh.es\/en\/programa-de-doctorado-en-salud-publica-ciencias-medicas-y-quirurgicas\/\">Doctoral program in Public Health, Medical and Surgical Sciences<\/a><\/li>\n<li>\u00a0Head of Unit of Infectious Diseases the General University Hospital of Elche<\/li>\n<\/ul>\n<p>&nbsp;<br \/>\nVisit his <strong>personal info<\/strong> in this link:\u00a0<a href=\"https:\/\/www.umh.es\/contenido\/Estudiantes\/:persona_35232\/datos_en.html\">felix-gutierrez-rodero<\/a><br \/>\nAll the information about the\u00a0<strong>Resoluci\u00f3n Rectoral 1056\/15, June 17, of the University Miguel Hern\u00e1ndez of Elche<\/strong>, by appointing Professor <strong>D. F\u00e9lix Guti\u00e9rrez Rodero<\/strong> Deputy Director of the Department of Clinical Medicine <a title=\"You will see the resolution in PDF in a new window\" href=\"https:\/\/universite.umh.es\/_web_rw\/boumh\/docs\/8140_RR%201056_15.pdf\" target=\"_blank\" rel=\"noopener\"><strong>here<\/strong><\/a><br \/>\n<a href=\"https:\/\/departamentomedicinaclinica.umh.es\/files\/2014\/11\/Esther-Caparros-Cayuela-UMH-1.jpg\"><img loading=\"lazy\" class=\"aligncenter wp-image-13653 size-medium\" title=\"Professor Esther Caparros Cayuela works in Immunology at UMH\" src=\"https:\/\/departamentomedicinaclinica.umh.es\/files\/2014\/11\/Esther-Caparros-Cayuela-UMH-1-300x266.jpg\" alt=\"Esther Caparros Cayuela Immunology UMH image\" width=\"300\" height=\"266\" srcset=\"https:\/\/departamentomedicinaclinica.umh.es\/files\/2014\/11\/Esther-Caparros-Cayuela-UMH-1-300x266.jpg 300w, https:\/\/departamentomedicinaclinica.umh.es\/files\/2014\/11\/Esther-Caparros-Cayuela-UMH-1-1024x906.jpg 1024w, https:\/\/departamentomedicinaclinica.umh.es\/files\/2014\/11\/Esther-Caparros-Cayuela-UMH-1-768x680.jpg 768w, https:\/\/departamentomedicinaclinica.umh.es\/files\/2014\/11\/Esther-Caparros-Cayuela-UMH-1.jpg 1062w\" sizes=\"(max-width: 300px) 100vw, 300px\" \/><\/a><br \/>\nOn the other hand, <strong>Esther Caparr\u00f3s Cayuela<\/strong> as <strong>Secretary of the Department of Clinical Medicine of the UMH<\/strong> belongs to:<br \/>\n<strong>Area:<\/strong> <a title=\"Professionals and teachers who make up the Department in one click\" href=\"http:\/\/www.departamentomedicinaclinica.edu.umh.es\/en\/inmunologia\/\">Immunology<\/a><br \/>\n<strong>Units:<\/strong> <a href=\"http:\/\/www.departamentomedicinaclinica.edu.umh.es\/en\/\">Clinical Medicine<\/a><br \/>\n<strong>Position:<\/strong><br \/>\n&#8211; Secretary of the Department.<br \/>\n&#8211; Assistant Doctor Professor.<br \/>\n<b>Tasks:<\/b><\/p>\n<ul>\n<li>Teacher of different subjects in the <a href=\"https:\/\/departamentomedicinaclinica.edu.umh.es\/en\/master-universitario-en-investigacion-en-medicina-clinica\/\" target=\"_blank\" rel=\"noopener\">Department of Master in Research in Clinical Medicine<\/a><\/li>\n<li>Professor of different subjects in the <a title=\"Get further information on the Master in a new window\" href=\"http:\/\/www.umh.es\/contenido\/Alumni\/:tit_m_110\/datos_en.html\" target=\"_blank\" rel=\"noopener\">Master&#8217;s degree in Clinical and Surgical Research<\/a><\/li>\n<li>Secretary of the Department of Clinical Medicine.<\/li>\n<\/ul>\n<p>&nbsp;<br \/>\nVisit her<strong> personal info<\/strong> in this link:\u00a0<a href=\"https:\/\/www.umh.es\/contenido\/Estudios\/:persona_26831\/datos_en.html\">esther-caparros-cayuela<\/a><br \/>\n&nbsp;<br \/>\nAll the information of the <strong>Resoluci\u00f3n Rectoral 1057\/15, of June 17, of the University Miguel Hern\u00e1ndez of Elche<\/strong>, by appointing Professor <strong>D\u00aa Esther Caparr\u00f3s Cayuela<\/strong> Secretary of the Department of Clinical Medicine\u00a0<strong><a title=\"You will see the resolution in PDF in a new window\" href=\"https:\/\/universite.umh.es\/_web_rw\/boumh\/docs\/8141_RR%201057_15.pdf\" target=\"_blank\" rel=\"noopener\">here<\/a><\/strong><br \/>\n&nbsp;<\/p>","protected":false},"excerpt":{"rendered":"<p>Sorry, this entry is only available in European Spanish.<\/p>\n","protected":false},"author":3158,"featured_media":6602,"comment_status":"closed","ping_status":"open","sticky":false,"template":"","format":"standard","meta":{"_links_to":"","_links_to_target":""},"categories":[964],"tags":[1120380,601158,836129,5782],"yoast_head":"<!-- This site is optimized with the Yoast SEO plugin v17.5 - https:\/\/yoast.com\/wordpress\/plugins\/seo\/ -->\n<meta name=\"description\" content=\"F\u00e9lix Guti\u00e9rrez and Esther Caparr\u00f3s are the new deputy director and secretary elected in the Department of Clinical Medicine of the UMH of Elche.\" \/>\n<meta name=\"robots\" content=\"index, follow, max-snippet:-1, max-image-preview:large, max-video-preview:-1\" \/>\n<link rel=\"canonical\" href=\"https:\/\/departamentomedicinaclinica.umh.es\/en\/2015\/07\/01\/felix-gutierrez-y-esther-caparros-nuevos-subdirector-y-secretaria-del-departamento-de-medicina-clinica\/\" \/>\n<meta property=\"og:locale\" content=\"en_US\" \/>\n<meta property=\"og:type\" content=\"article\" \/>\n<meta property=\"og:title\" content=\"F\u00e9lix Guti\u00e9rrez and Esther Caparr\u00f3s deputy director and secretary Department of Clinical Medicine UMH - Departamento de Medicina Cl\u00ednica UMH\" \/>\n<meta property=\"og:description\" content=\"F\u00e9lix Guti\u00e9rrez and Esther Caparr\u00f3s are the new deputy director and secretary elected in the Department of Clinical Medicine of the UMH of Elche.\" \/>\n<meta property=\"og:url\" content=\"https:\/\/departamentomedicinaclinica.umh.es\/2015\/07\/01\/felix-gutierrez-y-esther-caparros-nuevos-subdirector-y-secretaria-del-departamento-de-medicina-clinica\/\" \/>\n<meta property=\"og:site_name\" content=\"Departamento de Medicina Cl\u00ednica UMH\" \/>\n<meta property=\"article:published_time\" content=\"2015-07-01T11:27:39+00:00\" \/>\n<meta property=\"article:modified_time\" content=\"2024-02-23T10:38:53+00:00\" \/>\n<meta property=\"og:image\" content=\"https:\/\/departamentomedicinaclinica.umh.es\/files\/2015\/07\/Felix-Gutierrez-Rodero-UMH1.jpg\" \/>\n\t<meta property=\"og:image:width\" content=\"555\" \/>\n\t<meta property=\"og:image:height\" content=\"339\" \/>\n<meta name=\"twitter:card\" content=\"summary_large_image\" \/>\n<meta name=\"twitter:creator\" content=\"@medicinaumh\" \/>\n<meta name=\"twitter:site\" content=\"@medicinaumh\" \/>\n<meta name=\"twitter:label1\" content=\"Written by\" \/>\n\t<meta name=\"twitter:data1\" content=\"garcia.natalia\" \/>\n\t<meta name=\"twitter:label2\" content=\"Est. reading time\" \/>\n\t<meta name=\"twitter:data2\" content=\"6 minutes\" \/>\n<script type=\"application\/ld+json\" class=\"yoast-schema-graph\">{\"@context\":\"https:\/\/schema.org\",\"@graph\":[{\"@type\":\"Organization\",\"@id\":\"https:\/\/departamentomedicinaclinica.umh.es\/#organization\",\"name\":\"Departamento Medicina Cl\\u00ednica Universidad Miguel Hern\\u00e1ndez de Elche\",\"url\":\"https:\/\/departamentomedicinaclinica.umh.es\/\",\"sameAs\":[\"https:\/\/www.youtube.com\/playlist?list=PLClKgnzRFYe6Y_i4QLNSlOwsZn0X3Klmb\",\"https:\/\/twitter.com\/medicinaumh\"],\"logo\":{\"@type\":\"ImageObject\",\"@id\":\"https:\/\/departamentomedicinaclinica.umh.es\/#logo\",\"inLanguage\":\"en-US\",\"url\":\"https:\/\/departamentomedicinaclinica.umh.es\/files\/2024\/07\/meclin-vertical.png\",\"contentUrl\":\"https:\/\/departamentomedicinaclinica.umh.es\/files\/2024\/07\/meclin-vertical.png\",\"width\":1376,\"height\":1600,\"caption\":\"Departamento Medicina Cl\\u00ednica Universidad Miguel Hern\\u00e1ndez de Elche\"},\"image\":{\"@id\":\"https:\/\/departamentomedicinaclinica.umh.es\/#logo\"}},{\"@type\":\"WebSite\",\"@id\":\"https:\/\/departamentomedicinaclinica.umh.es\/#website\",\"url\":\"https:\/\/departamentomedicinaclinica.umh.es\/\",\"name\":\"Departamento de Medicina Cl\\u00ednica UMH\",\"description\":\"Otro sitio m\\u00e1s de Zeus.umh.es Blogs\",\"publisher\":{\"@id\":\"https:\/\/departamentomedicinaclinica.umh.es\/#organization\"},\"potentialAction\":[{\"@type\":\"SearchAction\",\"target\":{\"@type\":\"EntryPoint\",\"urlTemplate\":\"https:\/\/departamentomedicinaclinica.umh.es\/?s={search_term_string}\"},\"query-input\":\"required name=search_term_string\"}],\"inLanguage\":\"en-US\"},{\"@type\":\"ImageObject\",\"@id\":\"https:\/\/departamentomedicinaclinica.umh.es\/2015\/07\/01\/felix-gutierrez-y-esther-caparros-nuevos-subdirector-y-secretaria-del-departamento-de-medicina-clinica\/#primaryimage\",\"inLanguage\":\"en-US\",\"url\":\"https:\/\/departamentomedicinaclinica.umh.es\/files\/2015\/07\/Felix-Gutierrez-Rodero-UMH1.jpg\",\"contentUrl\":\"https:\/\/departamentomedicinaclinica.umh.es\/files\/2015\/07\/Felix-Gutierrez-Rodero-UMH1.jpg\",\"width\":555,\"height\":339,\"caption\":\"Felix Guti\\u00e9rrez Rodero director Departamento Medicina Cl\\u00ednica UMH\"},{\"@type\":\"WebPage\",\"@id\":\"https:\/\/departamentomedicinaclinica.umh.es\/2015\/07\/01\/felix-gutierrez-y-esther-caparros-nuevos-subdirector-y-secretaria-del-departamento-de-medicina-clinica\/#webpage\",\"url\":\"https:\/\/departamentomedicinaclinica.umh.es\/2015\/07\/01\/felix-gutierrez-y-esther-caparros-nuevos-subdirector-y-secretaria-del-departamento-de-medicina-clinica\/\",\"name\":\"F\\u00e9lix Guti\\u00e9rrez and Esther Caparr\\u00f3s deputy director and secretary Department of Clinical Medicine UMH - Departamento de Medicina Cl\\u00ednica UMH\",\"isPartOf\":{\"@id\":\"https:\/\/departamentomedicinaclinica.umh.es\/#website\"},\"primaryImageOfPage\":{\"@id\":\"https:\/\/departamentomedicinaclinica.umh.es\/2015\/07\/01\/felix-gutierrez-y-esther-caparros-nuevos-subdirector-y-secretaria-del-departamento-de-medicina-clinica\/#primaryimage\"},\"datePublished\":\"2015-07-01T11:27:39+00:00\",\"dateModified\":\"2024-02-23T10:38:53+00:00\",\"description\":\"F\\u00e9lix Guti\\u00e9rrez and Esther Caparr\\u00f3s are the new deputy director and secretary elected in the Department of Clinical Medicine of the UMH of Elche.\",\"breadcrumb\":{\"@id\":\"https:\/\/departamentomedicinaclinica.umh.es\/2015\/07\/01\/felix-gutierrez-y-esther-caparros-nuevos-subdirector-y-secretaria-del-departamento-de-medicina-clinica\/#breadcrumb\"},\"inLanguage\":\"en-US\",\"potentialAction\":[{\"@type\":\"ReadAction\",\"target\":[\"https:\/\/departamentomedicinaclinica.umh.es\/2015\/07\/01\/felix-gutierrez-y-esther-caparros-nuevos-subdirector-y-secretaria-del-departamento-de-medicina-clinica\/\"]}]},{\"@type\":\"BreadcrumbList\",\"@id\":\"https:\/\/departamentomedicinaclinica.umh.es\/2015\/07\/01\/felix-gutierrez-y-esther-caparros-nuevos-subdirector-y-secretaria-del-departamento-de-medicina-clinica\/#breadcrumb\",\"itemListElement\":[{\"@type\":\"ListItem\",\"position\":1,\"name\":\"Portada\",\"item\":\"https:\/\/departamentomedicinaclinica.umh.es\/\"},{\"@type\":\"ListItem\",\"position\":2,\"name\":\"F\\u00e9lix Guti\\u00e9rrez y Esther Caparr\\u00f3s nuevos subdirector y secretaria del Departamento de Medicina Cl\\u00ednica de la UMH\"}]},{\"@type\":\"Article\",\"@id\":\"https:\/\/departamentomedicinaclinica.umh.es\/2015\/07\/01\/felix-gutierrez-y-esther-caparros-nuevos-subdirector-y-secretaria-del-departamento-de-medicina-clinica\/#article\",\"isPartOf\":{\"@id\":\"https:\/\/departamentomedicinaclinica.umh.es\/2015\/07\/01\/felix-gutierrez-y-esther-caparros-nuevos-subdirector-y-secretaria-del-departamento-de-medicina-clinica\/#webpage\"},\"author\":{\"@id\":\"https:\/\/departamentomedicinaclinica.umh.es\/#\/schema\/person\/4cce65f000b37391eb0fdba785a882b9\"},\"headline\":\"F\\u00e9lix Guti\\u00e9rrez and Esther Caparr\\u00f3s deputy director and secretary Department of Clinical Medicine UMH\",\"datePublished\":\"2015-07-01T11:27:39+00:00\",\"dateModified\":\"2024-02-23T10:38:53+00:00\",\"mainEntityOfPage\":{\"@id\":\"https:\/\/departamentomedicinaclinica.umh.es\/2015\/07\/01\/felix-gutierrez-y-esther-caparros-nuevos-subdirector-y-secretaria-del-departamento-de-medicina-clinica\/#webpage\"},\"wordCount\":1258,\"publisher\":{\"@id\":\"https:\/\/departamentomedicinaclinica.umh.es\/#organization\"},\"image\":{\"@id\":\"https:\/\/departamentomedicinaclinica.umh.es\/2015\/07\/01\/felix-gutierrez-y-esther-caparros-nuevos-subdirector-y-secretaria-del-departamento-de-medicina-clinica\/#primaryimage\"},\"thumbnailUrl\":\"https:\/\/departamentomedicinaclinica.umh.es\/files\/2015\/07\/Felix-Gutierrez-Rodero-UMH1.jpg\",\"keywords\":[\"Elecciones Departamento Medicina Cl\\u00ednica UMH\",\"Esther Caparr\\u00f3s Cayuela\",\"F\\u00e9lix Guti\\u00e9rrez Rodero\",\"Subdirector y Secretaria del Departamento de Medicina Cl\\u00ednica UMH\"],\"articleSection\":[\"Actualidad\"],\"inLanguage\":\"en-US\"},{\"@type\":\"Person\",\"@id\":\"https:\/\/departamentomedicinaclinica.umh.es\/#\/schema\/person\/4cce65f000b37391eb0fdba785a882b9\",\"name\":\"garcia.natalia\",\"image\":{\"@type\":\"ImageObject\",\"@id\":\"https:\/\/departamentomedicinaclinica.umh.es\/#personlogo\",\"inLanguage\":\"en-US\",\"url\":\"https:\/\/secure.gravatar.com\/avatar\/2f6b18e6f874050af9faeeac24349c8c?s=96&d=mm&r=g\",\"contentUrl\":\"https:\/\/secure.gravatar.com\/avatar\/2f6b18e6f874050af9faeeac24349c8c?s=96&d=mm&r=g\",\"caption\":\"garcia.natalia\"},\"url\":\"https:\/\/departamentomedicinaclinica.umh.es\/en\/author\/garcia-natalia\/\"}]}<\/script>\n<!-- \/ Yoast SEO plugin. -->","yoast_head_json":{"description":"F\u00e9lix Guti\u00e9rrez and Esther Caparr\u00f3s are the new deputy director and secretary elected in the Department of Clinical Medicine of the UMH of Elche.","robots":{"index":"index","follow":"follow","max-snippet":"max-snippet:-1","max-image-preview":"max-image-preview:large","max-video-preview":"max-video-preview:-1"},"canonical":"https:\/\/departamentomedicinaclinica.umh.es\/en\/2015\/07\/01\/felix-gutierrez-y-esther-caparros-nuevos-subdirector-y-secretaria-del-departamento-de-medicina-clinica\/","og_locale":"en_US","og_type":"article","og_title":"F\u00e9lix Guti\u00e9rrez and Esther Caparr\u00f3s deputy director and secretary Department of Clinical Medicine UMH - Departamento de Medicina Cl\u00ednica UMH","og_description":"F\u00e9lix Guti\u00e9rrez and Esther Caparr\u00f3s are the new deputy director and secretary elected in the Department of Clinical Medicine of the UMH of Elche.","og_url":"https:\/\/departamentomedicinaclinica.umh.es\/2015\/07\/01\/felix-gutierrez-y-esther-caparros-nuevos-subdirector-y-secretaria-del-departamento-de-medicina-clinica\/","og_site_name":"Departamento de Medicina Cl\u00ednica UMH","article_published_time":"2015-07-01T11:27:39+00:00","article_modified_time":"2024-02-23T10:38:53+00:00","og_image":[{"width":555,"height":339,"url":"https:\/\/departamentomedicinaclinica.umh.es\/files\/2015\/07\/Felix-Gutierrez-Rodero-UMH1.jpg","type":"image\/jpeg"}],"twitter_card":"summary_large_image","twitter_creator":"@medicinaumh","twitter_site":"@medicinaumh","twitter_misc":{"Written by":"garcia.natalia","Est. reading time":"6 minutes"},"schema":{"@context":"https:\/\/schema.org","@graph":[{"@type":"Organization","@id":"https:\/\/departamentomedicinaclinica.umh.es\/#organization","name":"Departamento Medicina Cl\u00ednica Universidad Miguel Hern\u00e1ndez de Elche","url":"https:\/\/departamentomedicinaclinica.umh.es\/","sameAs":["https:\/\/www.youtube.com\/playlist?list=PLClKgnzRFYe6Y_i4QLNSlOwsZn0X3Klmb","https:\/\/twitter.com\/medicinaumh"],"logo":{"@type":"ImageObject","@id":"https:\/\/departamentomedicinaclinica.umh.es\/#logo","inLanguage":"en-US","url":"https:\/\/departamentomedicinaclinica.umh.es\/files\/2024\/07\/meclin-vertical.png","contentUrl":"https:\/\/departamentomedicinaclinica.umh.es\/files\/2024\/07\/meclin-vertical.png","width":1376,"height":1600,"caption":"Departamento Medicina Cl\u00ednica Universidad Miguel Hern\u00e1ndez de Elche"},"image":{"@id":"https:\/\/departamentomedicinaclinica.umh.es\/#logo"}},{"@type":"WebSite","@id":"https:\/\/departamentomedicinaclinica.umh.es\/#website","url":"https:\/\/departamentomedicinaclinica.umh.es\/","name":"Departamento de Medicina Cl\u00ednica UMH","description":"Otro sitio m\u00e1s de Zeus.umh.es Blogs","publisher":{"@id":"https:\/\/departamentomedicinaclinica.umh.es\/#organization"},"potentialAction":[{"@type":"SearchAction","target":{"@type":"EntryPoint","urlTemplate":"https:\/\/departamentomedicinaclinica.umh.es\/?s={search_term_string}"},"query-input":"required name=search_term_string"}],"inLanguage":"en-US"},{"@type":"ImageObject","@id":"https:\/\/departamentomedicinaclinica.umh.es\/2015\/07\/01\/felix-gutierrez-y-esther-caparros-nuevos-subdirector-y-secretaria-del-departamento-de-medicina-clinica\/#primaryimage","inLanguage":"en-US","url":"https:\/\/departamentomedicinaclinica.umh.es\/files\/2015\/07\/Felix-Gutierrez-Rodero-UMH1.jpg","contentUrl":"https:\/\/departamentomedicinaclinica.umh.es\/files\/2015\/07\/Felix-Gutierrez-Rodero-UMH1.jpg","width":555,"height":339,"caption":"Felix Guti\u00e9rrez Rodero director Departamento Medicina Cl\u00ednica UMH"},{"@type":"WebPage","@id":"https:\/\/departamentomedicinaclinica.umh.es\/2015\/07\/01\/felix-gutierrez-y-esther-caparros-nuevos-subdirector-y-secretaria-del-departamento-de-medicina-clinica\/#webpage","url":"https:\/\/departamentomedicinaclinica.umh.es\/2015\/07\/01\/felix-gutierrez-y-esther-caparros-nuevos-subdirector-y-secretaria-del-departamento-de-medicina-clinica\/","name":"F\u00e9lix Guti\u00e9rrez and Esther Caparr\u00f3s deputy director and secretary Department of Clinical Medicine UMH - Departamento de Medicina Cl\u00ednica UMH","isPartOf":{"@id":"https:\/\/departamentomedicinaclinica.umh.es\/#website"},"primaryImageOfPage":{"@id":"https:\/\/departamentomedicinaclinica.umh.es\/2015\/07\/01\/felix-gutierrez-y-esther-caparros-nuevos-subdirector-y-secretaria-del-departamento-de-medicina-clinica\/#primaryimage"},"datePublished":"2015-07-01T11:27:39+00:00","dateModified":"2024-02-23T10:38:53+00:00","description":"F\u00e9lix Guti\u00e9rrez and Esther Caparr\u00f3s are the new deputy director and secretary elected in the Department of Clinical Medicine of the UMH of Elche.","breadcrumb":{"@id":"https:\/\/departamentomedicinaclinica.umh.es\/2015\/07\/01\/felix-gutierrez-y-esther-caparros-nuevos-subdirector-y-secretaria-del-departamento-de-medicina-clinica\/#breadcrumb"},"inLanguage":"en-US","potentialAction":[{"@type":"ReadAction","target":["https:\/\/departamentomedicinaclinica.umh.es\/2015\/07\/01\/felix-gutierrez-y-esther-caparros-nuevos-subdirector-y-secretaria-del-departamento-de-medicina-clinica\/"]}]},{"@type":"BreadcrumbList","@id":"https:\/\/departamentomedicinaclinica.umh.es\/2015\/07\/01\/felix-gutierrez-y-esther-caparros-nuevos-subdirector-y-secretaria-del-departamento-de-medicina-clinica\/#breadcrumb","itemListElement":[{"@type":"ListItem","position":1,"name":"Portada","item":"https:\/\/departamentomedicinaclinica.umh.es\/"},{"@type":"ListItem","position":2,"name":"F\u00e9lix Guti\u00e9rrez y Esther Caparr\u00f3s nuevos subdirector y secretaria del Departamento de Medicina Cl\u00ednica de la UMH"}]},{"@type":"Article","@id":"https:\/\/departamentomedicinaclinica.umh.es\/2015\/07\/01\/felix-gutierrez-y-esther-caparros-nuevos-subdirector-y-secretaria-del-departamento-de-medicina-clinica\/#article","isPartOf":{"@id":"https:\/\/departamentomedicinaclinica.umh.es\/2015\/07\/01\/felix-gutierrez-y-esther-caparros-nuevos-subdirector-y-secretaria-del-departamento-de-medicina-clinica\/#webpage"},"author":{"@id":"https:\/\/departamentomedicinaclinica.umh.es\/#\/schema\/person\/4cce65f000b37391eb0fdba785a882b9"},"headline":"F\u00e9lix Guti\u00e9rrez and Esther Caparr\u00f3s deputy director and secretary Department of Clinical Medicine UMH","datePublished":"2015-07-01T11:27:39+00:00","dateModified":"2024-02-23T10:38:53+00:00","mainEntityOfPage":{"@id":"https:\/\/departamentomedicinaclinica.umh.es\/2015\/07\/01\/felix-gutierrez-y-esther-caparros-nuevos-subdirector-y-secretaria-del-departamento-de-medicina-clinica\/#webpage"},"wordCount":1258,"publisher":{"@id":"https:\/\/departamentomedicinaclinica.umh.es\/#organization"},"image":{"@id":"https:\/\/departamentomedicinaclinica.umh.es\/2015\/07\/01\/felix-gutierrez-y-esther-caparros-nuevos-subdirector-y-secretaria-del-departamento-de-medicina-clinica\/#primaryimage"},"thumbnailUrl":"https:\/\/departamentomedicinaclinica.umh.es\/files\/2015\/07\/Felix-Gutierrez-Rodero-UMH1.jpg","keywords":["Elecciones Departamento Medicina Cl\u00ednica UMH","Esther Caparr\u00f3s Cayuela","F\u00e9lix Guti\u00e9rrez Rodero","Subdirector y Secretaria del Departamento de Medicina Cl\u00ednica UMH"],"articleSection":["Actualidad"],"inLanguage":"en-US"},{"@type":"Person","@id":"https:\/\/departamentomedicinaclinica.umh.es\/#\/schema\/person\/4cce65f000b37391eb0fdba785a882b9","name":"garcia.natalia","image":{"@type":"ImageObject","@id":"https:\/\/departamentomedicinaclinica.umh.es\/#personlogo","inLanguage":"en-US","url":"https:\/\/secure.gravatar.com\/avatar\/2f6b18e6f874050af9faeeac24349c8c?s=96&d=mm&r=g","contentUrl":"https:\/\/secure.gravatar.com\/avatar\/2f6b18e6f874050af9faeeac24349c8c?s=96&d=mm&r=g","caption":"garcia.natalia"},"url":"https:\/\/departamentomedicinaclinica.umh.es\/en\/author\/garcia-natalia\/"}]}},"_links":{"self":[{"href":"https:\/\/departamentomedicinaclinica.umh.es\/en\/wp-json\/wp\/v2\/posts\/6300"}],"collection":[{"href":"https:\/\/departamentomedicinaclinica.umh.es\/en\/wp-json\/wp\/v2\/posts"}],"about":[{"href":"https:\/\/departamentomedicinaclinica.umh.es\/en\/wp-json\/wp\/v2\/types\/post"}],"author":[{"embeddable":true,"href":"https:\/\/departamentomedicinaclinica.umh.es\/en\/wp-json\/wp\/v2\/users\/3158"}],"replies":[{"embeddable":true,"href":"https:\/\/departamentomedicinaclinica.umh.es\/en\/wp-json\/wp\/v2\/comments?post=6300"}],"version-history":[{"count":0,"href":"https:\/\/departamentomedicinaclinica.umh.es\/en\/wp-json\/wp\/v2\/posts\/6300\/revisions"}],"wp:featuredmedia":[{"embeddable":true,"href":"https:\/\/departamentomedicinaclinica.umh.es\/en\/wp-json\/wp\/v2\/media\/6602"}],"wp:attachment":[{"href":"https:\/\/departamentomedicinaclinica.umh.es\/en\/wp-json\/wp\/v2\/media?parent=6300"}],"wp:term":[{"taxonomy":"category","embeddable":true,"href":"https:\/\/departamentomedicinaclinica.umh.es\/en\/wp-json\/wp\/v2\/categories?post=6300"},{"taxonomy":"post_tag","embeddable":true,"href":"https:\/\/departamentomedicinaclinica.umh.es\/en\/wp-json\/wp\/v2\/tags?post=6300"}],"curies":[{"name":"wp","href":"https:\/\/api.w.org\/{rel}","templated":true}]}}