{"id":6387,"date":"2015-06-26T13:14:22","date_gmt":"2015-06-26T11:14:22","guid":{"rendered":"http:\/\/www.departamentomedicinaclinicaumh.es\/?p=6387"},"modified":"2024-02-23T10:38:53","modified_gmt":"2024-02-23T10:38:53","slug":"graduacion-de-estudiantes-de-grado-de-medicina-umh","status":"publish","type":"post","link":"https:\/\/departamentomedicinaclinica.umh.es\/en\/2015\/06\/26\/graduacion-de-estudiantes-de-grado-de-medicina-umh\/","title":{"rendered":"Graduation of Degree of Medicine UMH students in the XXXIII promotion"},"content":{"rendered":"<p><\/p>\n<p>On June 20 the\u00a0<a title=\"Discover the studies in the UMH in a new window\" href=\"http:\/\/www.umh.es\/?lang=EN\" target=\"_blank\" rel=\"noopener\">University Miguel Hern\u00e1ndez of Elche (UMH)<\/a> celebrated once again the\u00a0<strong>graduation<\/strong> Graduation of Degree of Medicine UMH <strong>XXXIII promotion<\/strong>. On this occasion, is the <a title=\"Get more info on the ADDA in a new window\" href=\"http:\/\/www.diputacionalicante.es\/es\/adda\/Paginas\/Inicio.aspx\" target=\"_blank\" rel=\"noopener\">Auditorium of the Diputaci\u00f3n of Alicante (ADDA)<\/a>,\u00a0the venue for the holding of a major event, which will be chaired by the Vice President for Institutional <!--more-->Relations of the UMH, from 16:00 hours, <a title=\"Get further information about the Vice-Chancellor of UMH in a new window\" href=\"http:\/\/vdo.relinst.umh.es\/\" target=\"_blank\" rel=\"noopener\">Mar\u00eda Teresa P\u00e9rez V\u00e1zquez<\/a>.<\/p>\n<p>The graduation ceremony of University students in the specialty of <strong>Medicine of the UMH<\/strong> was attended by personalities such as:<\/p>\n<ul>\n<li>The <strong>Dean of the Faculty of Medicine of the UMH<\/strong>, Antonio Compa\u00f1 Rosique,<\/li>\n<li>The <strong>President of the Official College of Doctors of Alicante<\/strong>, Jos\u00e9 Pastor Rosado,<\/li>\n<li>The <strong>Secretary of the Faculty of Medicine of the UMH<\/strong>, Dolores Marhuenda Amor\u00f3s,<\/li>\n<li>The <strong>Secretary of the Official College of Doctors of Alicante<\/strong>, Isabel Prieto Erades.<\/li>\n<\/ul>\n<h2>Graduation of Degree of Medicine UMH students in the XXXIII promotion<\/h2>\n<p>Also, this 33rd edition of Medicine Graduation, Act&#8217;s sponsors two teachers:<\/p>\n<ul>\n<li>The <strong>professor of the Area of Anatomy and Human Embryology<\/strong> <a title=\"Go to the tab of Professor Sanchez del Campo in a new window\" href=\"http:\/\/universite.umh.es\/profesores\/fichaprofesor.asp?NP=3770\" target=\"_blank\" rel=\"noopener\">Francisco S\u00e1nchez del Campo<\/a>.<\/li>\n<li>The <strong>professor in the Area of Pharmacology<\/strong>, <a title=\"Get further information about the teacher in a new window\" href=\"https:\/\/universite.umh.es\/profesores\/fichaprofesor.asp?NP=5509\" target=\"_blank\" rel=\"noopener\">Francisco Horga de la Parte<\/a>.<\/li>\n<\/ul>\n<p>Some<strong> images and videos<\/strong> of how the\u00a0<a title=\"Get more information about the Faculty of Medicine of the University Miguel Hern\u00e1ndez in a new window\" href=\"http:\/\/medicina.umh.es\/\" target=\"_blank\" rel=\"noopener\">Faculty of Medicine UMH<\/a> graduates students <a title=\"Extend information in a new window\" href=\"http:\/\/www.diarioinformacion.com\/benidorm\/2015\/06\/22\/promocion-medicina-umh\/1647628.html#\" target=\"_blank\" rel=\"noopener\">here<\/a><br \/>\nAn event which featured different\u00a0members of the university community, not only students, but also professors, heads of department, deans of faculty, members\u00a0of COMA of Alicante and the Vice-President for Institutional\u00a0Relations of the University Miguel Hern\u00e1ndez of Elche.<\/p>","protected":false},"excerpt":{"rendered":"<p>Sorry, this entry is only available in European Spanish.<\/p>\n","protected":false},"author":3158,"featured_media":6485,"comment_status":"closed","ping_status":"open","sticky":false,"template":"","format":"standard","meta":{"_links_to":"","_links_to_target":""},"categories":[964],"tags":[1000039,1155453,1178008,6601],"yoast_head":"<!-- This site is optimized with the Yoast SEO plugin v17.5 - https:\/\/yoast.com\/wordpress\/plugins\/seo\/ -->\n<meta name=\"description\" content=\"On 20\/06 the Faculty of Medicine of the UMH carries out the graduation of Degree of Medicine UMH students in the Auditorium of the Province of Alicante\" \/>\n<meta name=\"robots\" content=\"index, follow, max-snippet:-1, max-image-preview:large, max-video-preview:-1\" \/>\n<link rel=\"canonical\" href=\"https:\/\/departamentomedicinaclinica.umh.es\/en\/2015\/06\/26\/graduacion-de-estudiantes-de-grado-de-medicina-umh\/\" \/>\n<meta property=\"og:locale\" content=\"en_US\" \/>\n<meta property=\"og:type\" content=\"article\" \/>\n<meta property=\"og:title\" content=\"Graduation of Degree of Medicine UMH students in the XXXIII promotion - Departamento de Medicina Cl\u00ednica UMH\" \/>\n<meta property=\"og:description\" content=\"On 20\/06 the Faculty of Medicine of the UMH carries out the graduation of Degree of Medicine UMH students in the Auditorium of the Province of Alicante\" \/>\n<meta property=\"og:url\" content=\"https:\/\/departamentomedicinaclinica.umh.es\/2015\/06\/26\/graduacion-de-estudiantes-de-grado-de-medicina-umh\/\" \/>\n<meta property=\"og:site_name\" content=\"Departamento de Medicina Cl\u00ednica UMH\" \/>\n<meta property=\"article:published_time\" content=\"2015-06-26T11:14:22+00:00\" \/>\n<meta property=\"article:modified_time\" content=\"2024-02-23T10:38:53+00:00\" \/>\n<meta property=\"og:image\" content=\"https:\/\/departamentomedicinaclinica.umh.es\/files\/2015\/06\/Sin-titulo-1.jpg\" \/>\n\t<meta property=\"og:image:width\" content=\"555\" \/>\n\t<meta property=\"og:image:height\" content=\"339\" \/>\n<meta name=\"twitter:card\" content=\"summary_large_image\" \/>\n<meta name=\"twitter:creator\" content=\"@medicinaumh\" \/>\n<meta name=\"twitter:site\" content=\"@medicinaumh\" \/>\n<meta name=\"twitter:label1\" content=\"Written by\" \/>\n\t<meta name=\"twitter:data1\" content=\"garcia.natalia\" \/>\n\t<meta name=\"twitter:label2\" content=\"Est. reading time\" \/>\n\t<meta name=\"twitter:data2\" content=\"4 minutes\" \/>\n<script type=\"application\/ld+json\" class=\"yoast-schema-graph\">{\"@context\":\"https:\/\/schema.org\",\"@graph\":[{\"@type\":\"Organization\",\"@id\":\"https:\/\/departamentomedicinaclinica.umh.es\/#organization\",\"name\":\"Departamento Medicina Cl\\u00ednica Universidad Miguel Hern\\u00e1ndez de Elche\",\"url\":\"https:\/\/departamentomedicinaclinica.umh.es\/\",\"sameAs\":[\"https:\/\/www.youtube.com\/playlist?list=PLClKgnzRFYe6Y_i4QLNSlOwsZn0X3Klmb\",\"https:\/\/twitter.com\/medicinaumh\"],\"logo\":{\"@type\":\"ImageObject\",\"@id\":\"https:\/\/departamentomedicinaclinica.umh.es\/#logo\",\"inLanguage\":\"en-US\",\"url\":\"https:\/\/departamentomedicinaclinica.umh.es\/files\/2024\/07\/meclin-vertical.png\",\"contentUrl\":\"https:\/\/departamentomedicinaclinica.umh.es\/files\/2024\/07\/meclin-vertical.png\",\"width\":1376,\"height\":1600,\"caption\":\"Departamento Medicina Cl\\u00ednica Universidad Miguel Hern\\u00e1ndez de Elche\"},\"image\":{\"@id\":\"https:\/\/departamentomedicinaclinica.umh.es\/#logo\"}},{\"@type\":\"WebSite\",\"@id\":\"https:\/\/departamentomedicinaclinica.umh.es\/#website\",\"url\":\"https:\/\/departamentomedicinaclinica.umh.es\/\",\"name\":\"Departamento de Medicina Cl\\u00ednica UMH\",\"description\":\"Otro sitio m\\u00e1s de Zeus.umh.es Blogs\",\"publisher\":{\"@id\":\"https:\/\/departamentomedicinaclinica.umh.es\/#organization\"},\"potentialAction\":[{\"@type\":\"SearchAction\",\"target\":{\"@type\":\"EntryPoint\",\"urlTemplate\":\"https:\/\/departamentomedicinaclinica.umh.es\/?s={search_term_string}\"},\"query-input\":\"required name=search_term_string\"}],\"inLanguage\":\"en-US\"},{\"@type\":\"ImageObject\",\"@id\":\"https:\/\/departamentomedicinaclinica.umh.es\/2015\/06\/26\/graduacion-de-estudiantes-de-grado-de-medicina-umh\/#primaryimage\",\"inLanguage\":\"en-US\",\"url\":\"https:\/\/departamentomedicinaclinica.umh.es\/files\/2015\/06\/Sin-titulo-1.jpg\",\"contentUrl\":\"https:\/\/departamentomedicinaclinica.umh.es\/files\/2015\/06\/Sin-titulo-1.jpg\",\"width\":555,\"height\":339,\"caption\":\"Acto graduaci\\u00f3n Medicina Universidad Miguel Hern\\u00e1ndez Elche\"},{\"@type\":\"WebPage\",\"@id\":\"https:\/\/departamentomedicinaclinica.umh.es\/2015\/06\/26\/graduacion-de-estudiantes-de-grado-de-medicina-umh\/#webpage\",\"url\":\"https:\/\/departamentomedicinaclinica.umh.es\/2015\/06\/26\/graduacion-de-estudiantes-de-grado-de-medicina-umh\/\",\"name\":\"Graduation of Degree of Medicine UMH students in the XXXIII promotion - Departamento de Medicina Cl\\u00ednica UMH\",\"isPartOf\":{\"@id\":\"https:\/\/departamentomedicinaclinica.umh.es\/#website\"},\"primaryImageOfPage\":{\"@id\":\"https:\/\/departamentomedicinaclinica.umh.es\/2015\/06\/26\/graduacion-de-estudiantes-de-grado-de-medicina-umh\/#primaryimage\"},\"datePublished\":\"2015-06-26T11:14:22+00:00\",\"dateModified\":\"2024-02-23T10:38:53+00:00\",\"description\":\"On 20\/06 the Faculty of Medicine of the UMH carries out the graduation of Degree of Medicine UMH students in the Auditorium of the Province of Alicante\",\"breadcrumb\":{\"@id\":\"https:\/\/departamentomedicinaclinica.umh.es\/2015\/06\/26\/graduacion-de-estudiantes-de-grado-de-medicina-umh\/#breadcrumb\"},\"inLanguage\":\"en-US\",\"potentialAction\":[{\"@type\":\"ReadAction\",\"target\":[\"https:\/\/departamentomedicinaclinica.umh.es\/2015\/06\/26\/graduacion-de-estudiantes-de-grado-de-medicina-umh\/\"]}]},{\"@type\":\"BreadcrumbList\",\"@id\":\"https:\/\/departamentomedicinaclinica.umh.es\/2015\/06\/26\/graduacion-de-estudiantes-de-grado-de-medicina-umh\/#breadcrumb\",\"itemListElement\":[{\"@type\":\"ListItem\",\"position\":1,\"name\":\"Portada\",\"item\":\"https:\/\/departamentomedicinaclinica.umh.es\/\"},{\"@type\":\"ListItem\",\"position\":2,\"name\":\"Graduaci\\u00f3n de estudiantes de grado de Medicina UMH en su XXXIII promoci\\u00f3n\"}]},{\"@type\":\"Article\",\"@id\":\"https:\/\/departamentomedicinaclinica.umh.es\/2015\/06\/26\/graduacion-de-estudiantes-de-grado-de-medicina-umh\/#article\",\"isPartOf\":{\"@id\":\"https:\/\/departamentomedicinaclinica.umh.es\/2015\/06\/26\/graduacion-de-estudiantes-de-grado-de-medicina-umh\/#webpage\"},\"author\":{\"@id\":\"https:\/\/departamentomedicinaclinica.umh.es\/#\/schema\/person\/4cce65f000b37391eb0fdba785a882b9\"},\"headline\":\"Graduation of Degree of Medicine UMH students in the XXXIII promotion\",\"datePublished\":\"2015-06-26T11:14:22+00:00\",\"dateModified\":\"2024-02-23T10:38:53+00:00\",\"mainEntityOfPage\":{\"@id\":\"https:\/\/departamentomedicinaclinica.umh.es\/2015\/06\/26\/graduacion-de-estudiantes-de-grado-de-medicina-umh\/#webpage\"},\"wordCount\":830,\"publisher\":{\"@id\":\"https:\/\/departamentomedicinaclinica.umh.es\/#organization\"},\"image\":{\"@id\":\"https:\/\/departamentomedicinaclinica.umh.es\/2015\/06\/26\/graduacion-de-estudiantes-de-grado-de-medicina-umh\/#primaryimage\"},\"thumbnailUrl\":\"https:\/\/departamentomedicinaclinica.umh.es\/files\/2015\/06\/Sin-titulo-1.jpg\",\"keywords\":[\"ADDA Graduaci\\u00f3n Medicina UMH\",\"facultad de medicina UMH Graduaci\\u00f3n\",\"Graduaci\\u00f3n Medicina UMH\",\"XXXIII Promoci\\u00f3n estudiantes Medicina UMH\"],\"articleSection\":[\"Actualidad\"],\"inLanguage\":\"en-US\"},{\"@type\":\"Person\",\"@id\":\"https:\/\/departamentomedicinaclinica.umh.es\/#\/schema\/person\/4cce65f000b37391eb0fdba785a882b9\",\"name\":\"garcia.natalia\",\"image\":{\"@type\":\"ImageObject\",\"@id\":\"https:\/\/departamentomedicinaclinica.umh.es\/#personlogo\",\"inLanguage\":\"en-US\",\"url\":\"https:\/\/secure.gravatar.com\/avatar\/2f6b18e6f874050af9faeeac24349c8c?s=96&d=mm&r=g\",\"contentUrl\":\"https:\/\/secure.gravatar.com\/avatar\/2f6b18e6f874050af9faeeac24349c8c?s=96&d=mm&r=g\",\"caption\":\"garcia.natalia\"},\"url\":\"https:\/\/departamentomedicinaclinica.umh.es\/en\/author\/garcia-natalia\/\"}]}<\/script>\n<!-- \/ Yoast SEO plugin. -->","yoast_head_json":{"description":"On 20\/06 the Faculty of Medicine of the UMH carries out the graduation of Degree of Medicine UMH students in the Auditorium of the Province of Alicante","robots":{"index":"index","follow":"follow","max-snippet":"max-snippet:-1","max-image-preview":"max-image-preview:large","max-video-preview":"max-video-preview:-1"},"canonical":"https:\/\/departamentomedicinaclinica.umh.es\/en\/2015\/06\/26\/graduacion-de-estudiantes-de-grado-de-medicina-umh\/","og_locale":"en_US","og_type":"article","og_title":"Graduation of Degree of Medicine UMH students in the XXXIII promotion - Departamento de Medicina Cl\u00ednica UMH","og_description":"On 20\/06 the Faculty of Medicine of the UMH carries out the graduation of Degree of Medicine UMH students in the Auditorium of the Province of Alicante","og_url":"https:\/\/departamentomedicinaclinica.umh.es\/2015\/06\/26\/graduacion-de-estudiantes-de-grado-de-medicina-umh\/","og_site_name":"Departamento de Medicina Cl\u00ednica UMH","article_published_time":"2015-06-26T11:14:22+00:00","article_modified_time":"2024-02-23T10:38:53+00:00","og_image":[{"width":555,"height":339,"url":"https:\/\/departamentomedicinaclinica.umh.es\/files\/2015\/06\/Sin-titulo-1.jpg","type":"image\/jpeg"}],"twitter_card":"summary_large_image","twitter_creator":"@medicinaumh","twitter_site":"@medicinaumh","twitter_misc":{"Written by":"garcia.natalia","Est. reading time":"4 minutes"},"schema":{"@context":"https:\/\/schema.org","@graph":[{"@type":"Organization","@id":"https:\/\/departamentomedicinaclinica.umh.es\/#organization","name":"Departamento Medicina Cl\u00ednica Universidad Miguel Hern\u00e1ndez de Elche","url":"https:\/\/departamentomedicinaclinica.umh.es\/","sameAs":["https:\/\/www.youtube.com\/playlist?list=PLClKgnzRFYe6Y_i4QLNSlOwsZn0X3Klmb","https:\/\/twitter.com\/medicinaumh"],"logo":{"@type":"ImageObject","@id":"https:\/\/departamentomedicinaclinica.umh.es\/#logo","inLanguage":"en-US","url":"https:\/\/departamentomedicinaclinica.umh.es\/files\/2024\/07\/meclin-vertical.png","contentUrl":"https:\/\/departamentomedicinaclinica.umh.es\/files\/2024\/07\/meclin-vertical.png","width":1376,"height":1600,"caption":"Departamento Medicina Cl\u00ednica Universidad Miguel Hern\u00e1ndez de Elche"},"image":{"@id":"https:\/\/departamentomedicinaclinica.umh.es\/#logo"}},{"@type":"WebSite","@id":"https:\/\/departamentomedicinaclinica.umh.es\/#website","url":"https:\/\/departamentomedicinaclinica.umh.es\/","name":"Departamento de Medicina Cl\u00ednica UMH","description":"Otro sitio m\u00e1s de Zeus.umh.es Blogs","publisher":{"@id":"https:\/\/departamentomedicinaclinica.umh.es\/#organization"},"potentialAction":[{"@type":"SearchAction","target":{"@type":"EntryPoint","urlTemplate":"https:\/\/departamentomedicinaclinica.umh.es\/?s={search_term_string}"},"query-input":"required name=search_term_string"}],"inLanguage":"en-US"},{"@type":"ImageObject","@id":"https:\/\/departamentomedicinaclinica.umh.es\/2015\/06\/26\/graduacion-de-estudiantes-de-grado-de-medicina-umh\/#primaryimage","inLanguage":"en-US","url":"https:\/\/departamentomedicinaclinica.umh.es\/files\/2015\/06\/Sin-titulo-1.jpg","contentUrl":"https:\/\/departamentomedicinaclinica.umh.es\/files\/2015\/06\/Sin-titulo-1.jpg","width":555,"height":339,"caption":"Acto graduaci\u00f3n Medicina Universidad Miguel Hern\u00e1ndez Elche"},{"@type":"WebPage","@id":"https:\/\/departamentomedicinaclinica.umh.es\/2015\/06\/26\/graduacion-de-estudiantes-de-grado-de-medicina-umh\/#webpage","url":"https:\/\/departamentomedicinaclinica.umh.es\/2015\/06\/26\/graduacion-de-estudiantes-de-grado-de-medicina-umh\/","name":"Graduation of Degree of Medicine UMH students in the XXXIII promotion - Departamento de Medicina Cl\u00ednica UMH","isPartOf":{"@id":"https:\/\/departamentomedicinaclinica.umh.es\/#website"},"primaryImageOfPage":{"@id":"https:\/\/departamentomedicinaclinica.umh.es\/2015\/06\/26\/graduacion-de-estudiantes-de-grado-de-medicina-umh\/#primaryimage"},"datePublished":"2015-06-26T11:14:22+00:00","dateModified":"2024-02-23T10:38:53+00:00","description":"On 20\/06 the Faculty of Medicine of the UMH carries out the graduation of Degree of Medicine UMH students in the Auditorium of the Province of Alicante","breadcrumb":{"@id":"https:\/\/departamentomedicinaclinica.umh.es\/2015\/06\/26\/graduacion-de-estudiantes-de-grado-de-medicina-umh\/#breadcrumb"},"inLanguage":"en-US","potentialAction":[{"@type":"ReadAction","target":["https:\/\/departamentomedicinaclinica.umh.es\/2015\/06\/26\/graduacion-de-estudiantes-de-grado-de-medicina-umh\/"]}]},{"@type":"BreadcrumbList","@id":"https:\/\/departamentomedicinaclinica.umh.es\/2015\/06\/26\/graduacion-de-estudiantes-de-grado-de-medicina-umh\/#breadcrumb","itemListElement":[{"@type":"ListItem","position":1,"name":"Portada","item":"https:\/\/departamentomedicinaclinica.umh.es\/"},{"@type":"ListItem","position":2,"name":"Graduaci\u00f3n de estudiantes de grado de Medicina UMH en su XXXIII promoci\u00f3n"}]},{"@type":"Article","@id":"https:\/\/departamentomedicinaclinica.umh.es\/2015\/06\/26\/graduacion-de-estudiantes-de-grado-de-medicina-umh\/#article","isPartOf":{"@id":"https:\/\/departamentomedicinaclinica.umh.es\/2015\/06\/26\/graduacion-de-estudiantes-de-grado-de-medicina-umh\/#webpage"},"author":{"@id":"https:\/\/departamentomedicinaclinica.umh.es\/#\/schema\/person\/4cce65f000b37391eb0fdba785a882b9"},"headline":"Graduation of Degree of Medicine UMH students in the XXXIII promotion","datePublished":"2015-06-26T11:14:22+00:00","dateModified":"2024-02-23T10:38:53+00:00","mainEntityOfPage":{"@id":"https:\/\/departamentomedicinaclinica.umh.es\/2015\/06\/26\/graduacion-de-estudiantes-de-grado-de-medicina-umh\/#webpage"},"wordCount":830,"publisher":{"@id":"https:\/\/departamentomedicinaclinica.umh.es\/#organization"},"image":{"@id":"https:\/\/departamentomedicinaclinica.umh.es\/2015\/06\/26\/graduacion-de-estudiantes-de-grado-de-medicina-umh\/#primaryimage"},"thumbnailUrl":"https:\/\/departamentomedicinaclinica.umh.es\/files\/2015\/06\/Sin-titulo-1.jpg","keywords":["ADDA Graduaci\u00f3n Medicina UMH","facultad de medicina UMH Graduaci\u00f3n","Graduaci\u00f3n Medicina UMH","XXXIII Promoci\u00f3n estudiantes Medicina UMH"],"articleSection":["Actualidad"],"inLanguage":"en-US"},{"@type":"Person","@id":"https:\/\/departamentomedicinaclinica.umh.es\/#\/schema\/person\/4cce65f000b37391eb0fdba785a882b9","name":"garcia.natalia","image":{"@type":"ImageObject","@id":"https:\/\/departamentomedicinaclinica.umh.es\/#personlogo","inLanguage":"en-US","url":"https:\/\/secure.gravatar.com\/avatar\/2f6b18e6f874050af9faeeac24349c8c?s=96&d=mm&r=g","contentUrl":"https:\/\/secure.gravatar.com\/avatar\/2f6b18e6f874050af9faeeac24349c8c?s=96&d=mm&r=g","caption":"garcia.natalia"},"url":"https:\/\/departamentomedicinaclinica.umh.es\/en\/author\/garcia-natalia\/"}]}},"_links":{"self":[{"href":"https:\/\/departamentomedicinaclinica.umh.es\/en\/wp-json\/wp\/v2\/posts\/6387"}],"collection":[{"href":"https:\/\/departamentomedicinaclinica.umh.es\/en\/wp-json\/wp\/v2\/posts"}],"about":[{"href":"https:\/\/departamentomedicinaclinica.umh.es\/en\/wp-json\/wp\/v2\/types\/post"}],"author":[{"embeddable":true,"href":"https:\/\/departamentomedicinaclinica.umh.es\/en\/wp-json\/wp\/v2\/users\/3158"}],"replies":[{"embeddable":true,"href":"https:\/\/departamentomedicinaclinica.umh.es\/en\/wp-json\/wp\/v2\/comments?post=6387"}],"version-history":[{"count":0,"href":"https:\/\/departamentomedicinaclinica.umh.es\/en\/wp-json\/wp\/v2\/posts\/6387\/revisions"}],"wp:featuredmedia":[{"embeddable":true,"href":"https:\/\/departamentomedicinaclinica.umh.es\/en\/wp-json\/wp\/v2\/media\/6485"}],"wp:attachment":[{"href":"https:\/\/departamentomedicinaclinica.umh.es\/en\/wp-json\/wp\/v2\/media?parent=6387"}],"wp:term":[{"taxonomy":"category","embeddable":true,"href":"https:\/\/departamentomedicinaclinica.umh.es\/en\/wp-json\/wp\/v2\/categories?post=6387"},{"taxonomy":"post_tag","embeddable":true,"href":"https:\/\/departamentomedicinaclinica.umh.es\/en\/wp-json\/wp\/v2\/tags?post=6387"}],"curies":[{"name":"wp","href":"https:\/\/api.w.org\/{rel}","templated":true}]}}